{"id":128148,"date":"2020-11-24T14:53:12","date_gmt":"2020-11-24T17:53:12","guid":{"rendered":"https:\/\/experienciadevida.com.ar\/portalurbano\/?p=128148"},"modified":"2020-11-24T14:55:46","modified_gmt":"2020-11-24T17:55:46","slug":"kicillof-con-la-obra-privada-sacaremos-adelante-un-pais-que-ha-sido-muy-golpeado-pero-esta-en-su-etapa-de-recuperacion","status":"publish","type":"post","link":"https:\/\/experienciadevida.com.ar\/portalurbano\/kicillof-con-la-obra-privada-sacaremos-adelante-un-pais-que-ha-sido-muy-golpeado-pero-esta-en-su-etapa-de-recuperacion\/","title":{"rendered":"Kicillof: &#8220;Con la obra privada, sacaremos adelante un pa\u00eds  que ha sido muy golpeado pero est\u00e1 en su etapa de recuperaci\u00f3n\u201d"},"content":{"rendered":"<p><a href=\"https:\/\/experienciadevida.com.ar\/portalurbano\/dia-de-la-construccion-es-el-motor-que-va-a-encender-la-economia\/\">El presidente de la Naci\u00f3n Alberto Fern\u00e1ndez encabez\u00f3 \u2013por videoconferencia desde la residencia de Olivos<\/a>&#8211; el acto oficial por el D\u00eda de la Construcci\u00f3n, que se llev\u00f3 a cabo este martes al mediod\u00eda desde la planta cementera L\u2019Amal\u00ed de Loma Negra, en Olavarr\u00eda. De la misma forma lo hizo el gobernador de la provincia de Buenos Aires Axel Kicillof, desde la ciudad de La Plata.<\/p>\n<p>Alberto Fern\u00e1ndez fue acompa\u00f1ado durante la transmisi\u00f3n por el ministro de Obras P\u00fablicas Gabriel Katopodis y el ministro de Desarrollo Territorial y H\u00e1bitat Jorge Ferraresi.<\/p>\n<p>Participaron del mismo de manera presencial el presidente de la C\u00e1mara de la Construcci\u00f3n Iv\u00e1n Szczech, el intendente <a href=\"https:\/\/www.facebook.com\/galliezequiel\">Ezequiel Galli<\/a>, el CEO de Loma Negra Sergio Faifman, el secretario general de la UOCRA Gerardo Mart\u00ednez, ministros, autoridades del \u00e1mbito nacional, provincial y municipal, legisladores, intendentes, directivos, trabajadores de Loma Negra.<\/p>\n<p>El acto se llev\u00f3 a cabo con motivo del D\u00eda de la Construcci\u00f3n que se celebra cada 17 de noviembre desde 1.955, en conmemoraci\u00f3n de la inauguraci\u00f3n en 1.869 del Canal de Suez, una obra emblem\u00e1tica para mejorar el tr\u00e1nsito mar\u00edtimo entre Europa y Asia.<\/p>\n<p>En Olavarr\u00eda se desarroll\u00f3 el acto central por el D\u00eda de la Construcci\u00f3n en la empresa Loma Negra, quien actualmente tiene en marcha la importante obra de ampliaci\u00f3n de la segunda l\u00ednea de construcci\u00f3n en planta L\u2019Amal\u00ed, con una inversi\u00f3n millonaria, que se prev\u00e9 que se encuentre finalizada para comienzos del a\u00f1o 2021.<\/p>\n<p>El Gobernador destac\u00f3 el papel central de la construcci\u00f3n en la recuperaci\u00f3n de toda la actividad econ\u00f3mica. \u201cLa construcci\u00f3n reactiva la econom\u00eda en general, y esto ha sido probado en los momentos m\u00e1s dram\u00e1ticos de la historia nacional y mundial, donde el sector de la construcci\u00f3n permiti\u00f3 reactivar una econom\u00eda que se encontraba realmente muy golpeada\u201d. Kicillof destac\u00f3 la importancia de \u201cuna concertaci\u00f3n p\u00fablico \u2013 privada para poner en marcha nuevamente el proceso econ\u00f3mico y social\u201d.<\/p>\n<p>\u201cLa construcci\u00f3n da trabajo. El trabajo permite reactivar el consumo. Un trabajador vuelca su ingreso al consumo, ese consumo alimenta el mercado y apuntala toda la econom\u00eda. En inversi\u00f3n buena parte de nuestro esfuerzo tiene que estar en la construcci\u00f3n\u201d expres\u00f3 el Gobernador bonaerense, al tiempo que agreg\u00f3 que \u201cla construcci\u00f3n no se agota en s\u00ed misma, sino que opera como un agente multiplicador de la producci\u00f3n en su conjunto, eso tambi\u00e9n atraviesa al \u00e1mbito de la obra privada\u201d.<\/p>\n<p>\u201cHoy, en el d\u00eda de la construcci\u00f3n, tenemos para decirles a todos los sectores de la construcci\u00f3n que est\u00e1 puesto el ojo y la esperanza de la pos-pandemia en el \u00e1rea. Desde el Gobierno de la Provincia de Buenos Aires estamos dici\u00e9ndole a la Argentina en su conjunto, que estamos haciendo todo lo que hay que hacer. Desde la obra p\u00fablica, de forma mancomunada con la obra privada, sacaremos adelante un pa\u00eds que ha sido muy golpeado pero est\u00e1 en su etapa de recuperaci\u00f3n\u201d concluy\u00f3 Kicillof.<\/p>\n","protected":false},"excerpt":{"rendered":"<p>El presidente de la Naci\u00f3n Alberto Fern\u00e1ndez encabez\u00f3 \u2013por videoconferencia desde la residencia de Olivos&#8211;&#8230;<\/p>\n","protected":false},"author":1,"featured_media":128150,"comment_status":"closed","ping_status":"closed","sticky":false,"template":"","format":"standard","meta":{"content-type":""},"categories":[27,51],"tags":[],"nelio_content":{"isAutoShareEnabled":false,"autoShareEndMode":"default","automationSources":{"useContentSentences":true,"useSocialTemplates":true,"useCustomSentences":false,"customSentences":[]},"followers":[1],"suggestedReferences":[],"includedReferences":[],"efiUrl":"","efiAlt":"","highlights":[]},"yoast_head":"<!-- This site is optimized with the Yoast SEO plugin v20.7 - https:\/\/yoast.com\/wordpress\/plugins\/seo\/ -->\n<title>Kicillof: &quot;Con la obra privada sacaremos adelante el pa\u00eds&quot;<\/title>\n<meta name=\"description\" content=\"Kicillof mencion\u00f3 que con la obra privada sacar\u00e1n adelante un pa\u00eds que ha sido muy golpeado pero est\u00e1 en su etapa de recuperaci\u00f3n.\" \/>\n<meta name=\"robots\" content=\"index, follow, max-snippet:-1, max-image-preview:large, max-video-preview:-1\" \/>\n<link rel=\"canonical\" href=\"https:\/\/experienciadevida.com.ar\/portalurbano\/kicillof-con-la-obra-privada-sacaremos-adelante-un-pais-que-ha-sido-muy-golpeado-pero-esta-en-su-etapa-de-recuperacion\/\" \/>\n<meta property=\"og:locale\" content=\"es_ES\" \/>\n<meta property=\"og:type\" content=\"article\" \/>\n<meta property=\"og:title\" content=\"Kicillof: &quot;Con la obra privada sacaremos adelante el pa\u00eds&quot;\" \/>\n<meta property=\"og:description\" content=\"Kicillof mencion\u00f3 que con la obra privada sacar\u00e1n adelante un pa\u00eds que ha sido muy golpeado pero est\u00e1 en su etapa de recuperaci\u00f3n.\" \/>\n<meta property=\"og:url\" content=\"https:\/\/experienciadevida.com.ar\/portalurbano\/kicillof-con-la-obra-privada-sacaremos-adelante-un-pais-que-ha-sido-muy-golpeado-pero-esta-en-su-etapa-de-recuperacion\/\" \/>\n<meta property=\"article:publisher\" content=\"https:\/\/www.facebook.com\/Portal-Urbano-171542830093757\/\" \/>\n<meta property=\"article:published_time\" content=\"2020-11-24T17:53:12+00:00\" \/>\n<meta property=\"article:modified_time\" content=\"2020-11-24T17:55:46+00:00\" \/>\n<meta property=\"og:image\" content=\"https:\/\/experienciadevida.com.ar\/portalurbano\/wp-content\/uploads\/2020\/11\/Kicillof-e1606240374123.jpg\" \/>\n\t<meta property=\"og:image:width\" content=\"765\" \/>\n\t<meta property=\"og:image:height\" content=\"510\" \/>\n\t<meta property=\"og:image:type\" content=\"image\/jpeg\" \/>\n<meta name=\"author\" content=\"admpu17wp\" \/>\n<meta name=\"twitter:card\" content=\"summary_large_image\" \/>\n<meta name=\"twitter:creator\" content=\"@portalurbanook\" \/>\n<meta name=\"twitter:site\" content=\"@portalurbanook\" \/>\n<meta name=\"twitter:label1\" content=\"Escrito por\" \/>\n\t<meta name=\"twitter:data1\" content=\"admpu17wp\" \/>\n\t<meta name=\"twitter:label2\" content=\"Tiempo de lectura\" \/>\n\t<meta name=\"twitter:data2\" content=\"3 minutos\" \/>\n<script type=\"application\/ld+json\" class=\"yoast-schema-graph\">{\"@context\":\"https:\/\/schema.org\",\"@graph\":[{\"@type\":\"Article\",\"@id\":\"https:\/\/experienciadevida.com.ar\/portalurbano\/kicillof-con-la-obra-privada-sacaremos-adelante-un-pais-que-ha-sido-muy-golpeado-pero-esta-en-su-etapa-de-recuperacion\/#article\",\"isPartOf\":{\"@id\":\"https:\/\/experienciadevida.com.ar\/portalurbano\/kicillof-con-la-obra-privada-sacaremos-adelante-un-pais-que-ha-sido-muy-golpeado-pero-esta-en-su-etapa-de-recuperacion\/\"},\"author\":{\"name\":\"admpu17wp\",\"@id\":\"https:\/\/experienciadevida.com.ar\/portalurbano\/#\/schema\/person\/02dd326b1c4b056e9cc972486934a3a7\"},\"headline\":\"Kicillof: &#8220;Con la obra privada, sacaremos adelante un pa\u00eds que ha sido muy golpeado pero est\u00e1 en su etapa de recuperaci\u00f3n\u201d\",\"datePublished\":\"2020-11-24T17:53:12+00:00\",\"dateModified\":\"2020-11-24T17:55:46+00:00\",\"mainEntityOfPage\":{\"@id\":\"https:\/\/experienciadevida.com.ar\/portalurbano\/kicillof-con-la-obra-privada-sacaremos-adelante-un-pais-que-ha-sido-muy-golpeado-pero-esta-en-su-etapa-de-recuperacion\/\"},\"wordCount\":555,\"publisher\":{\"@id\":\"https:\/\/experienciadevida.com.ar\/portalurbano\/#organization\"},\"articleSection\":[\"Ciudad\",\"Destacadas\"],\"inLanguage\":\"es\"},{\"@type\":\"WebPage\",\"@id\":\"https:\/\/experienciadevida.com.ar\/portalurbano\/kicillof-con-la-obra-privada-sacaremos-adelante-un-pais-que-ha-sido-muy-golpeado-pero-esta-en-su-etapa-de-recuperacion\/\",\"url\":\"https:\/\/experienciadevida.com.ar\/portalurbano\/kicillof-con-la-obra-privada-sacaremos-adelante-un-pais-que-ha-sido-muy-golpeado-pero-esta-en-su-etapa-de-recuperacion\/\",\"name\":\"Kicillof: \\\"Con la obra privada sacaremos adelante el pa\u00eds\\\"\",\"isPartOf\":{\"@id\":\"https:\/\/experienciadevida.com.ar\/portalurbano\/#website\"},\"datePublished\":\"2020-11-24T17:53:12+00:00\",\"dateModified\":\"2020-11-24T17:55:46+00:00\",\"description\":\"Kicillof mencion\u00f3 que con la obra privada sacar\u00e1n adelante un pa\u00eds que ha sido muy golpeado pero est\u00e1 en su etapa de recuperaci\u00f3n.\",\"breadcrumb\":{\"@id\":\"https:\/\/experienciadevida.com.ar\/portalurbano\/kicillof-con-la-obra-privada-sacaremos-adelante-un-pais-que-ha-sido-muy-golpeado-pero-esta-en-su-etapa-de-recuperacion\/#breadcrumb\"},\"inLanguage\":\"es\",\"potentialAction\":[{\"@type\":\"ReadAction\",\"target\":[\"https:\/\/experienciadevida.com.ar\/portalurbano\/kicillof-con-la-obra-privada-sacaremos-adelante-un-pais-que-ha-sido-muy-golpeado-pero-esta-en-su-etapa-de-recuperacion\/\"]}]},{\"@type\":\"BreadcrumbList\",\"@id\":\"https:\/\/experienciadevida.com.ar\/portalurbano\/kicillof-con-la-obra-privada-sacaremos-adelante-un-pais-que-ha-sido-muy-golpeado-pero-esta-en-su-etapa-de-recuperacion\/#breadcrumb\",\"itemListElement\":[{\"@type\":\"ListItem\",\"position\":1,\"name\":\"Portada\",\"item\":\"https:\/\/experienciadevida.com.ar\/portalurbano\/\"},{\"@type\":\"ListItem\",\"position\":2,\"name\":\"Kicillof: \u00abCon la obra privada, sacaremos adelante un pa\u00eds que ha sido muy golpeado pero est\u00e1 en su etapa de recuperaci\u00f3n\u201d\"}]},{\"@type\":\"WebSite\",\"@id\":\"https:\/\/experienciadevida.com.ar\/portalurbano\/#website\",\"url\":\"https:\/\/experienciadevida.com.ar\/portalurbano\/\",\"name\":\"\",\"description\":\"\",\"publisher\":{\"@id\":\"https:\/\/experienciadevida.com.ar\/portalurbano\/#organization\"},\"potentialAction\":[{\"@type\":\"SearchAction\",\"target\":{\"@type\":\"EntryPoint\",\"urlTemplate\":\"https:\/\/experienciadevida.com.ar\/portalurbano\/?s={search_term_string}\"},\"query-input\":\"required name=search_term_string\"}],\"inLanguage\":\"es\"},{\"@type\":\"Organization\",\"@id\":\"https:\/\/experienciadevida.com.ar\/portalurbano\/#organization\",\"name\":\"Portal Urbano\",\"url\":\"https:\/\/experienciadevida.com.ar\/portalurbano\/\",\"logo\":{\"@type\":\"ImageObject\",\"inLanguage\":\"es\",\"@id\":\"https:\/\/experienciadevida.com.ar\/portalurbano\/#\/schema\/logo\/image\/\",\"url\":\"https:\/\/experienciadevida.com.ar\/portalurbano\/wp-content\/uploads\/2019\/09\/Logo-Original.png\",\"contentUrl\":\"https:\/\/experienciadevida.com.ar\/portalurbano\/wp-content\/uploads\/2019\/09\/Logo-Original.png\",\"width\":2236,\"height\":1216,\"caption\":\"Portal Urbano\"},\"image\":{\"@id\":\"https:\/\/experienciadevida.com.ar\/portalurbano\/#\/schema\/logo\/image\/\"},\"sameAs\":[\"https:\/\/www.facebook.com\/Portal-Urbano-171542830093757\/\",\"https:\/\/twitter.com\/portalurbanook\",\"https:\/\/www.instagram.com\/_portalurbano\/\",\"https:\/\/www.youtube.com\/channel\/UCXhagIfszH8KxFiOok79zbA?view_as=subscriber\"]},{\"@type\":\"Person\",\"@id\":\"https:\/\/experienciadevida.com.ar\/portalurbano\/#\/schema\/person\/02dd326b1c4b056e9cc972486934a3a7\",\"name\":\"admpu17wp\",\"image\":{\"@type\":\"ImageObject\",\"inLanguage\":\"es\",\"@id\":\"https:\/\/experienciadevida.com.ar\/portalurbano\/#\/schema\/person\/image\/\",\"url\":\"https:\/\/secure.gravatar.com\/avatar\/830d4c57adaae6630765e449a6908047?s=96&d=mm&r=g\",\"contentUrl\":\"https:\/\/secure.gravatar.com\/avatar\/830d4c57adaae6630765e449a6908047?s=96&d=mm&r=g\",\"caption\":\"admpu17wp\"}}]}<\/script>\n<!-- \/ Yoast SEO plugin. -->","yoast_head_json":{"title":"Kicillof: \"Con la obra privada sacaremos adelante el pa\u00eds\"","description":"Kicillof mencion\u00f3 que con la obra privada sacar\u00e1n adelante un pa\u00eds que ha sido muy golpeado pero est\u00e1 en su etapa de recuperaci\u00f3n.","robots":{"index":"index","follow":"follow","max-snippet":"max-snippet:-1","max-image-preview":"max-image-preview:large","max-video-preview":"max-video-preview:-1"},"canonical":"https:\/\/experienciadevida.com.ar\/portalurbano\/kicillof-con-la-obra-privada-sacaremos-adelante-un-pais-que-ha-sido-muy-golpeado-pero-esta-en-su-etapa-de-recuperacion\/","og_locale":"es_ES","og_type":"article","og_title":"Kicillof: \"Con la obra privada sacaremos adelante el pa\u00eds\"","og_description":"Kicillof mencion\u00f3 que con la obra privada sacar\u00e1n adelante un pa\u00eds que ha sido muy golpeado pero est\u00e1 en su etapa de recuperaci\u00f3n.","og_url":"https:\/\/experienciadevida.com.ar\/portalurbano\/kicillof-con-la-obra-privada-sacaremos-adelante-un-pais-que-ha-sido-muy-golpeado-pero-esta-en-su-etapa-de-recuperacion\/","article_publisher":"https:\/\/www.facebook.com\/Portal-Urbano-171542830093757\/","article_published_time":"2020-11-24T17:53:12+00:00","article_modified_time":"2020-11-24T17:55:46+00:00","og_image":[{"width":765,"height":510,"url":"https:\/\/experienciadevida.com.ar\/portalurbano\/wp-content\/uploads\/2020\/11\/Kicillof-e1606240374123.jpg","type":"image\/jpeg"}],"author":"admpu17wp","twitter_card":"summary_large_image","twitter_creator":"@portalurbanook","twitter_site":"@portalurbanook","twitter_misc":{"Escrito por":"admpu17wp","Tiempo de lectura":"3 minutos"},"schema":{"@context":"https:\/\/schema.org","@graph":[{"@type":"Article","@id":"https:\/\/experienciadevida.com.ar\/portalurbano\/kicillof-con-la-obra-privada-sacaremos-adelante-un-pais-que-ha-sido-muy-golpeado-pero-esta-en-su-etapa-de-recuperacion\/#article","isPartOf":{"@id":"https:\/\/experienciadevida.com.ar\/portalurbano\/kicillof-con-la-obra-privada-sacaremos-adelante-un-pais-que-ha-sido-muy-golpeado-pero-esta-en-su-etapa-de-recuperacion\/"},"author":{"name":"admpu17wp","@id":"https:\/\/experienciadevida.com.ar\/portalurbano\/#\/schema\/person\/02dd326b1c4b056e9cc972486934a3a7"},"headline":"Kicillof: &#8220;Con la obra privada, sacaremos adelante un pa\u00eds que ha sido muy golpeado pero est\u00e1 en su etapa de recuperaci\u00f3n\u201d","datePublished":"2020-11-24T17:53:12+00:00","dateModified":"2020-11-24T17:55:46+00:00","mainEntityOfPage":{"@id":"https:\/\/experienciadevida.com.ar\/portalurbano\/kicillof-con-la-obra-privada-sacaremos-adelante-un-pais-que-ha-sido-muy-golpeado-pero-esta-en-su-etapa-de-recuperacion\/"},"wordCount":555,"publisher":{"@id":"https:\/\/experienciadevida.com.ar\/portalurbano\/#organization"},"articleSection":["Ciudad","Destacadas"],"inLanguage":"es"},{"@type":"WebPage","@id":"https:\/\/experienciadevida.com.ar\/portalurbano\/kicillof-con-la-obra-privada-sacaremos-adelante-un-pais-que-ha-sido-muy-golpeado-pero-esta-en-su-etapa-de-recuperacion\/","url":"https:\/\/experienciadevida.com.ar\/portalurbano\/kicillof-con-la-obra-privada-sacaremos-adelante-un-pais-que-ha-sido-muy-golpeado-pero-esta-en-su-etapa-de-recuperacion\/","name":"Kicillof: \"Con la obra privada sacaremos adelante el pa\u00eds\"","isPartOf":{"@id":"https:\/\/experienciadevida.com.ar\/portalurbano\/#website"},"datePublished":"2020-11-24T17:53:12+00:00","dateModified":"2020-11-24T17:55:46+00:00","description":"Kicillof mencion\u00f3 que con la obra privada sacar\u00e1n adelante un pa\u00eds que ha sido muy golpeado pero est\u00e1 en su etapa de recuperaci\u00f3n.","breadcrumb":{"@id":"https:\/\/experienciadevida.com.ar\/portalurbano\/kicillof-con-la-obra-privada-sacaremos-adelante-un-pais-que-ha-sido-muy-golpeado-pero-esta-en-su-etapa-de-recuperacion\/#breadcrumb"},"inLanguage":"es","potentialAction":[{"@type":"ReadAction","target":["https:\/\/experienciadevida.com.ar\/portalurbano\/kicillof-con-la-obra-privada-sacaremos-adelante-un-pais-que-ha-sido-muy-golpeado-pero-esta-en-su-etapa-de-recuperacion\/"]}]},{"@type":"BreadcrumbList","@id":"https:\/\/experienciadevida.com.ar\/portalurbano\/kicillof-con-la-obra-privada-sacaremos-adelante-un-pais-que-ha-sido-muy-golpeado-pero-esta-en-su-etapa-de-recuperacion\/#breadcrumb","itemListElement":[{"@type":"ListItem","position":1,"name":"Portada","item":"https:\/\/experienciadevida.com.ar\/portalurbano\/"},{"@type":"ListItem","position":2,"name":"Kicillof: \u00abCon la obra privada, sacaremos adelante un pa\u00eds que ha sido muy golpeado pero est\u00e1 en su etapa de recuperaci\u00f3n\u201d"}]},{"@type":"WebSite","@id":"https:\/\/experienciadevida.com.ar\/portalurbano\/#website","url":"https:\/\/experienciadevida.com.ar\/portalurbano\/","name":"","description":"","publisher":{"@id":"https:\/\/experienciadevida.com.ar\/portalurbano\/#organization"},"potentialAction":[{"@type":"SearchAction","target":{"@type":"EntryPoint","urlTemplate":"https:\/\/experienciadevida.com.ar\/portalurbano\/?s={search_term_string}"},"query-input":"required name=search_term_string"}],"inLanguage":"es"},{"@type":"Organization","@id":"https:\/\/experienciadevida.com.ar\/portalurbano\/#organization","name":"Portal Urbano","url":"https:\/\/experienciadevida.com.ar\/portalurbano\/","logo":{"@type":"ImageObject","inLanguage":"es","@id":"https:\/\/experienciadevida.com.ar\/portalurbano\/#\/schema\/logo\/image\/","url":"https:\/\/experienciadevida.com.ar\/portalurbano\/wp-content\/uploads\/2019\/09\/Logo-Original.png","contentUrl":"https:\/\/experienciadevida.com.ar\/portalurbano\/wp-content\/uploads\/2019\/09\/Logo-Original.png","width":2236,"height":1216,"caption":"Portal Urbano"},"image":{"@id":"https:\/\/experienciadevida.com.ar\/portalurbano\/#\/schema\/logo\/image\/"},"sameAs":["https:\/\/www.facebook.com\/Portal-Urbano-171542830093757\/","https:\/\/twitter.com\/portalurbanook","https:\/\/www.instagram.com\/_portalurbano\/","https:\/\/www.youtube.com\/channel\/UCXhagIfszH8KxFiOok79zbA?view_as=subscriber"]},{"@type":"Person","@id":"https:\/\/experienciadevida.com.ar\/portalurbano\/#\/schema\/person\/02dd326b1c4b056e9cc972486934a3a7","name":"admpu17wp","image":{"@type":"ImageObject","inLanguage":"es","@id":"https:\/\/experienciadevida.com.ar\/portalurbano\/#\/schema\/person\/image\/","url":"https:\/\/secure.gravatar.com\/avatar\/830d4c57adaae6630765e449a6908047?s=96&d=mm&r=g","contentUrl":"https:\/\/secure.gravatar.com\/avatar\/830d4c57adaae6630765e449a6908047?s=96&d=mm&r=g","caption":"admpu17wp"}}]}},"featured_image_urls":{"full":["https:\/\/experienciadevida.com.ar\/portalurbano\/wp-content\/uploads\/2020\/11\/Kicillof-e1606240374123.jpg",765,510,false],"thumbnail":["https:\/\/experienciadevida.com.ar\/portalurbano\/wp-content\/uploads\/2020\/11\/Kicillof-150x150.jpg",150,150,true],"medium":["https:\/\/experienciadevida.com.ar\/portalurbano\/wp-content\/uploads\/2020\/11\/Kicillof-300x200.jpg",300,200,true],"medium_large":["https:\/\/experienciadevida.com.ar\/portalurbano\/wp-content\/uploads\/2020\/11\/Kicillof-768x512.jpg",640,427,true],"large":["https:\/\/experienciadevida.com.ar\/portalurbano\/wp-content\/uploads\/2020\/11\/Kicillof-1024x683.jpg",640,427,true],"ug_big":["https:\/\/experienciadevida.com.ar\/portalurbano\/wp-content\/uploads\/2020\/11\/Kicillof-768x512.jpg",768,512,true],"1536x1536":["https:\/\/experienciadevida.com.ar\/portalurbano\/wp-content\/uploads\/2020\/11\/Kicillof-1536x1024.jpg",1536,1024,true],"2048x2048":["https:\/\/experienciadevida.com.ar\/portalurbano\/wp-content\/uploads\/2020\/11\/Kicillof-e1606240374123.jpg",765,510,false],"newsever-slider-full":["https:\/\/experienciadevida.com.ar\/portalurbano\/wp-content\/uploads\/2020\/11\/Kicillof-e1606240374123.jpg",765,510,false],"newsever-featured":["https:\/\/experienciadevida.com.ar\/portalurbano\/wp-content\/uploads\/2020\/11\/Kicillof-e1606240374123.jpg",765,510,false],"newsever-medium":["https:\/\/experienciadevida.com.ar\/portalurbano\/wp-content\/uploads\/2020\/11\/Kicillof-e1606240374123.jpg",713,475,false],"web-stories-poster-portrait":["https:\/\/experienciadevida.com.ar\/portalurbano\/wp-content\/uploads\/2020\/11\/Kicillof-e1606240374123.jpg",640,427,false],"web-stories-publisher-logo":["https:\/\/experienciadevida.com.ar\/portalurbano\/wp-content\/uploads\/2020\/11\/Kicillof-e1606240374123.jpg",96,64,false],"web-stories-thumbnail":["https:\/\/experienciadevida.com.ar\/portalurbano\/wp-content\/uploads\/2020\/11\/Kicillof-e1606240374123.jpg",150,100,false]},"author_info":{"display_name":"admpu17wp","author_link":"https:\/\/experienciadevida.com.ar\/portalurbano\/author\/admpu17wp\/"},"category_info":"<a href=\"https:\/\/experienciadevida.com.ar\/portalurbano\/category\/ciudad\/\" rel=\"category tag\">Ciudad<\/a> <a href=\"https:\/\/experienciadevida.com.ar\/portalurbano\/category\/destacadas\/\" rel=\"category tag\">Destacadas<\/a>","tag_info":"Destacadas","comment_count":"0","amp_enabled":true,"_links":{"self":[{"href":"https:\/\/experienciadevida.com.ar\/portalurbano\/wp-json\/wp\/v2\/posts\/128148"}],"collection":[{"href":"https:\/\/experienciadevida.com.ar\/portalurbano\/wp-json\/wp\/v2\/posts"}],"about":[{"href":"https:\/\/experienciadevida.com.ar\/portalurbano\/wp-json\/wp\/v2\/types\/post"}],"author":[{"embeddable":true,"href":"https:\/\/experienciadevida.com.ar\/portalurbano\/wp-json\/wp\/v2\/users\/1"}],"replies":[{"embeddable":true,"href":"https:\/\/experienciadevida.com.ar\/portalurbano\/wp-json\/wp\/v2\/comments?post=128148"}],"version-history":[{"count":4,"href":"https:\/\/experienciadevida.com.ar\/portalurbano\/wp-json\/wp\/v2\/posts\/128148\/revisions"}],"predecessor-version":[{"id":128153,"href":"https:\/\/experienciadevida.com.ar\/portalurbano\/wp-json\/wp\/v2\/posts\/128148\/revisions\/128153"}],"wp:featuredmedia":[{"embeddable":true,"href":"https:\/\/experienciadevida.com.ar\/portalurbano\/wp-json\/wp\/v2\/media\/128150"}],"wp:attachment":[{"href":"https:\/\/experienciadevida.com.ar\/portalurbano\/wp-json\/wp\/v2\/media?parent=128148"}],"wp:term":[{"taxonomy":"category","embeddable":true,"href":"https:\/\/experienciadevida.com.ar\/portalurbano\/wp-json\/wp\/v2\/categories?post=128148"},{"taxonomy":"post_tag","embeddable":true,"href":"https:\/\/experienciadevida.com.ar\/portalurbano\/wp-json\/wp\/v2\/tags?post=128148"}],"curies":[{"name":"wp","href":"https:\/\/api.w.org\/{rel}","templated":true}]}}