{"id":128124,"date":"2020-11-24T11:41:16","date_gmt":"2020-11-24T14:41:16","guid":{"rendered":"https:\/\/experienciadevida.com.ar\/portalurbano\/?p=128124"},"modified":"2020-11-24T11:41:43","modified_gmt":"2020-11-24T14:41:43","slug":"la-defensoria-del-pueblo-de-la-nacion-registro-243-femicidios-y-172-ninos-se-quedaron-sin-madre-en-los-primeros-10-meses-del-2020","status":"publish","type":"post","link":"https:\/\/experienciadevida.com.ar\/portalurbano\/la-defensoria-del-pueblo-de-la-nacion-registro-243-femicidios-y-172-ninos-se-quedaron-sin-madre-en-los-primeros-10-meses-del-2020\/","title":{"rendered":"La Defensor\u00eda del Pueblo de la Naci\u00f3n registr\u00f3 243 femicidios y 172 ni\u00f1os se quedaron sin madre, en los primeros 10 meses del 2020"},"content":{"rendered":"<p>El Observatorio de Femicidios de la Defensor\u00eda del Pueblo de la Naci\u00f3n inform\u00f3 que entre el 1\u00b0 de enero y el 31 de octubre de 2020 se registraron 243 v\u00edctimas de femicidio confirmadas, incluyendo 22 femicidios vinculados, 5 personas Trans y 2 suicidios feminicidas.<\/p>\n<p>Seg\u00fan el informe, el per\u00edodo de aislamiento social y preventivo contra el COVID-19, trajo aparejado un aumento de muertes. En comparaci\u00f3n con el mismo per\u00edodo, en el 2018 se hab\u00edan registrado 228 casos y en el 2019, fueron 224 los femicidios.<\/p>\n<p>A estas cifras hay que sumarle las v\u00edctimas colaterales, ya que se detect\u00f3 que 172 ni\u00f1os quedaron sin madre a causa de los femicidios.<\/p>\n<p>Por su parte, la Defensor\u00eda del Pueblo de Argentina fue invitada a participar hoy 24 de noviembre como expositora en la Conferencia en L\u00ednea &#8211; &#8220;Monitoreo y Prevenci\u00f3n de Femicidios&#8221;, organizada por la Oficina del Defensor P\u00fablico de la Rep\u00fablica Democr\u00e1tica de Georgia, con el apoyo t\u00e9cnico de ONU Mujeres. Este evento se realiza en conmemoraci\u00f3n del D\u00eda Internacional de la Eliminaci\u00f3n de la Violencia contra la Mujer.<\/p>\n<p>La invitaci\u00f3n es un reconocimiento por el aporte realizado por la instituci\u00f3n a la Conferencia Internacional Sobre Monitoreo de Feminicidios llevada a cabo en dicho pa\u00eds en el a\u00f1o 2018.<\/p>\n<p>La Conferencia tiene como objetivo presentar y revisar las pr\u00e1cticas locales e internacionales de monitoreo y prevenci\u00f3n de feminicidios para mejorar el an\u00e1lisis de datos y las estad\u00edsticas de manera efectiva y para concientizar sobre el feminicidio en todo el mundo como un problema sist\u00e9mico.<\/p>\n<p>Tambi\u00e9n han sido invitados a participar la Relatora Especial de la ONU sobre la Violencia Contra la Mujer, sus Causas y Consecuencias, Dubravka Simonovic, representantes de organizaciones p\u00fablicas y de la sociedad civil, Instituciones de Derechos Humanos, expertos en g\u00e9nero locales e internacionales, agencias de la ONU, embajadas y cuerpos diplom\u00e1ticos.<\/p>\n<p>Recordemos que la Relatora Especial de la ONU sobre la Violencia Contra la Mujer, sus Causas y Consecuencias, Dubravka Simonovic, pidi\u00f3 a todos los Estados, en el a\u00f1o 2015 que prevengan el asesinato de mujeres por motivos de g\u00e9nero, establezcan una vigilancia de feminicidios y publiquen un an\u00e1lisis detallado de los casos cada 25 de noviembre.<\/p>\n<p>En el \u00e1mbito del mencionado mecanismo, la Defensor\u00eda del Pueblo de la Naci\u00f3n elabora anualmente informes especiales, proporcionando un an\u00e1lisis detallado de los casos de Femicidio, como mecanismo esencial y eficaz para la prevenci\u00f3n del delito mediante la mejora de pol\u00edticas p\u00fablicas y los mecanismos de protecci\u00f3n de las v\u00edctimas.<\/p>\n<p>En el \u00faltimo informe parcial que se ha realizado, tomando los datos de los 10 primeros meses del a\u00f1o, se observa que las provincias donde m\u00e1s femicidios se produjeron son: Buenos Aires con 98 casos, Santa Fe con 30, C\u00f3rdoba con 13, Tucum\u00e1n con 18, y Jujuy y Misiones con 11 respectivamente.<\/p>\n<p>Dentro de las caracter\u00edsticas principales de las v\u00edctimas, en lo que refiere al rango etario, se detectaron 33 v\u00edctimas menores de 18 a\u00f1os, de las cuales 17 ten\u00edan menos de 10 a\u00f1os.<\/p>\n<p>En cuanto al v\u00ednculo, se pudo determinar la existencia de una relaci\u00f3n preexistente entre la v\u00edctima y el victimario, concluyendo que la mayor\u00eda de los cr\u00edmenes se producen dentro de un v\u00ednculo de pareja o en el seno familiar (81%). Solo el 9,4% de las v\u00edctimas fue asesinada por un desconocido.<\/p>\n<p>El 71% de los asesinatos se ejecutaron en los domicilios de las v\u00edctimas o en un entorno familiar. Esta tendencia se mantiene con respecto a per\u00edodos anteriores, el hogar de la v\u00edctima es el lugar donde m\u00e1s se vulneran sus derechos.<\/p>\n<p>Sobre la modalidad: de las 243 v\u00edctimas de femicidio, 23 mujeres fueron violadas, 4 de ellas fueron violadas hasta la muerte como \u00fanica modalidad.<\/p>\n<p>Los golpes, el apu\u00f1alamiento y el uso de armas de fuego fueron los m\u00e9todos m\u00e1s empleados para cometer los femicidios, aunque tambi\u00e9n fue recurrente como modalidad el quemar a la v\u00edctima para asesinarla.<\/p>\n<p>En el per\u00edodo observado tambi\u00e9n se confirm\u00f3 el suicidio de 32 femicidas y 11 intentos sin consumar. En comparaci\u00f3n con a\u00f1os anteriores este indicador se redujo, siendo que, en 2018, 45 femicidas acabaron con sus vidas sin haber sido juzgados, y en 2019 se suicidaron 52 con la misma caracter\u00edstica.<\/p>\n<p>Se intent\u00f3 conocer cu\u00e1ntas de estas v\u00edctimas hab\u00edan efectuado una denuncia por violencia de g\u00e9nero y el dato que se obtuvo fue que solo el 18,1% hab\u00eda denunciado a su atacante. En a\u00f1os anteriores las denuncias ascend\u00edan a 18,8% en 2018 y 24,4% en 2019, lo que demuestra que a las v\u00edctimas se les dificulta poder realizar la denuncia correspondiente.<\/p>\n<p>El trabajo contiene la totalidad de casos relevados de asesinatos de mujeres (ni\u00f1as, adolescentes y\/o adultas) y personas Trans, perpetradas por hombres por razones asociadas con su g\u00e9nero, caratuladas como femicidio o por muerte dudosa bajo sospecha de femicidio y, tambi\u00e9n, incluye los casos de femicidios vinculados y suicidios feminicidas.<\/p>\n","protected":false},"excerpt":{"rendered":"<p>El Observatorio de Femicidios de la Defensor\u00eda del Pueblo de la Naci\u00f3n inform\u00f3 que entre&#8230;<\/p>\n","protected":false},"author":1,"featured_media":103141,"comment_status":"closed","ping_status":"closed","sticky":false,"template":"","format":"standard","meta":{"content-type":""},"categories":[39],"tags":[],"nelio_content":{"isAutoShareEnabled":false,"autoShareEndMode":"default","automationSources":{"useContentSentences":true,"useSocialTemplates":true,"useCustomSentences":false,"customSentences":[]},"followers":[1],"suggestedReferences":[],"includedReferences":[],"efiUrl":"","efiAlt":"","highlights":[]},"yoast_head":"<!-- This site is optimized with the Yoast SEO plugin v20.7 - https:\/\/yoast.com\/wordpress\/plugins\/seo\/ -->\n<title>La Defensor\u00eda del Pueblo de la Naci\u00f3n registr\u00f3 243 femicidios y 172 ni\u00f1os se quedaron sin madre, en los primeros 10 meses del 2020 -<\/title>\n<meta name=\"robots\" content=\"index, follow, max-snippet:-1, max-image-preview:large, max-video-preview:-1\" \/>\n<link rel=\"canonical\" href=\"https:\/\/experienciadevida.com.ar\/portalurbano\/la-defensoria-del-pueblo-de-la-nacion-registro-243-femicidios-y-172-ninos-se-quedaron-sin-madre-en-los-primeros-10-meses-del-2020\/\" \/>\n<meta property=\"og:locale\" content=\"es_ES\" \/>\n<meta property=\"og:type\" content=\"article\" \/>\n<meta property=\"og:title\" content=\"La Defensor\u00eda del Pueblo de la Naci\u00f3n registr\u00f3 243 femicidios y 172 ni\u00f1os se quedaron sin madre, en los primeros 10 meses del 2020 -\" \/>\n<meta property=\"og:description\" content=\"El Observatorio de Femicidios de la Defensor\u00eda del Pueblo de la Naci\u00f3n inform\u00f3 que entre...\" \/>\n<meta property=\"og:url\" content=\"https:\/\/experienciadevida.com.ar\/portalurbano\/la-defensoria-del-pueblo-de-la-nacion-registro-243-femicidios-y-172-ninos-se-quedaron-sin-madre-en-los-primeros-10-meses-del-2020\/\" \/>\n<meta property=\"article:publisher\" content=\"https:\/\/www.facebook.com\/Portal-Urbano-171542830093757\/\" \/>\n<meta property=\"article:published_time\" content=\"2020-11-24T14:41:16+00:00\" \/>\n<meta property=\"article:modified_time\" content=\"2020-11-24T14:41:43+00:00\" \/>\n<meta property=\"og:image\" content=\"https:\/\/experienciadevida.com.ar\/portalurbano\/wp-content\/uploads\/2020\/03\/FEMICIDIOS.jpg\" \/>\n\t<meta property=\"og:image:width\" content=\"765\" \/>\n\t<meta property=\"og:image:height\" content=\"525\" \/>\n\t<meta property=\"og:image:type\" content=\"image\/jpeg\" \/>\n<meta name=\"author\" content=\"admpu17wp\" \/>\n<meta name=\"twitter:card\" content=\"summary_large_image\" \/>\n<meta name=\"twitter:creator\" content=\"@portalurbanook\" \/>\n<meta name=\"twitter:site\" content=\"@portalurbanook\" \/>\n<meta name=\"twitter:label1\" content=\"Escrito por\" \/>\n\t<meta name=\"twitter:data1\" content=\"admpu17wp\" \/>\n\t<meta name=\"twitter:label2\" content=\"Tiempo de lectura\" \/>\n\t<meta name=\"twitter:data2\" content=\"4 minutos\" \/>\n<script type=\"application\/ld+json\" class=\"yoast-schema-graph\">{\"@context\":\"https:\/\/schema.org\",\"@graph\":[{\"@type\":\"Article\",\"@id\":\"https:\/\/experienciadevida.com.ar\/portalurbano\/la-defensoria-del-pueblo-de-la-nacion-registro-243-femicidios-y-172-ninos-se-quedaron-sin-madre-en-los-primeros-10-meses-del-2020\/#article\",\"isPartOf\":{\"@id\":\"https:\/\/experienciadevida.com.ar\/portalurbano\/la-defensoria-del-pueblo-de-la-nacion-registro-243-femicidios-y-172-ninos-se-quedaron-sin-madre-en-los-primeros-10-meses-del-2020\/\"},\"author\":{\"name\":\"admpu17wp\",\"@id\":\"https:\/\/experienciadevida.com.ar\/portalurbano\/#\/schema\/person\/02dd326b1c4b056e9cc972486934a3a7\"},\"headline\":\"La Defensor\u00eda del Pueblo de la Naci\u00f3n registr\u00f3 243 femicidios y 172 ni\u00f1os se quedaron sin madre, en los primeros 10 meses del 2020\",\"datePublished\":\"2020-11-24T14:41:16+00:00\",\"dateModified\":\"2020-11-24T14:41:43+00:00\",\"mainEntityOfPage\":{\"@id\":\"https:\/\/experienciadevida.com.ar\/portalurbano\/la-defensoria-del-pueblo-de-la-nacion-registro-243-femicidios-y-172-ninos-se-quedaron-sin-madre-en-los-primeros-10-meses-del-2020\/\"},\"wordCount\":870,\"publisher\":{\"@id\":\"https:\/\/experienciadevida.com.ar\/portalurbano\/#organization\"},\"articleSection\":[\"Naci\u00f3n\"],\"inLanguage\":\"es\"},{\"@type\":\"WebPage\",\"@id\":\"https:\/\/experienciadevida.com.ar\/portalurbano\/la-defensoria-del-pueblo-de-la-nacion-registro-243-femicidios-y-172-ninos-se-quedaron-sin-madre-en-los-primeros-10-meses-del-2020\/\",\"url\":\"https:\/\/experienciadevida.com.ar\/portalurbano\/la-defensoria-del-pueblo-de-la-nacion-registro-243-femicidios-y-172-ninos-se-quedaron-sin-madre-en-los-primeros-10-meses-del-2020\/\",\"name\":\"La Defensor\u00eda del Pueblo de la Naci\u00f3n registr\u00f3 243 femicidios y 172 ni\u00f1os se quedaron sin madre, en los primeros 10 meses del 2020 -\",\"isPartOf\":{\"@id\":\"https:\/\/experienciadevida.com.ar\/portalurbano\/#website\"},\"datePublished\":\"2020-11-24T14:41:16+00:00\",\"dateModified\":\"2020-11-24T14:41:43+00:00\",\"breadcrumb\":{\"@id\":\"https:\/\/experienciadevida.com.ar\/portalurbano\/la-defensoria-del-pueblo-de-la-nacion-registro-243-femicidios-y-172-ninos-se-quedaron-sin-madre-en-los-primeros-10-meses-del-2020\/#breadcrumb\"},\"inLanguage\":\"es\",\"potentialAction\":[{\"@type\":\"ReadAction\",\"target\":[\"https:\/\/experienciadevida.com.ar\/portalurbano\/la-defensoria-del-pueblo-de-la-nacion-registro-243-femicidios-y-172-ninos-se-quedaron-sin-madre-en-los-primeros-10-meses-del-2020\/\"]}]},{\"@type\":\"BreadcrumbList\",\"@id\":\"https:\/\/experienciadevida.com.ar\/portalurbano\/la-defensoria-del-pueblo-de-la-nacion-registro-243-femicidios-y-172-ninos-se-quedaron-sin-madre-en-los-primeros-10-meses-del-2020\/#breadcrumb\",\"itemListElement\":[{\"@type\":\"ListItem\",\"position\":1,\"name\":\"Portada\",\"item\":\"https:\/\/experienciadevida.com.ar\/portalurbano\/\"},{\"@type\":\"ListItem\",\"position\":2,\"name\":\"La Defensor\u00eda del Pueblo de la Naci\u00f3n registr\u00f3 243 femicidios y 172 ni\u00f1os se quedaron sin madre, en los primeros 10 meses del 2020\"}]},{\"@type\":\"WebSite\",\"@id\":\"https:\/\/experienciadevida.com.ar\/portalurbano\/#website\",\"url\":\"https:\/\/experienciadevida.com.ar\/portalurbano\/\",\"name\":\"\",\"description\":\"\",\"publisher\":{\"@id\":\"https:\/\/experienciadevida.com.ar\/portalurbano\/#organization\"},\"potentialAction\":[{\"@type\":\"SearchAction\",\"target\":{\"@type\":\"EntryPoint\",\"urlTemplate\":\"https:\/\/experienciadevida.com.ar\/portalurbano\/?s={search_term_string}\"},\"query-input\":\"required name=search_term_string\"}],\"inLanguage\":\"es\"},{\"@type\":\"Organization\",\"@id\":\"https:\/\/experienciadevida.com.ar\/portalurbano\/#organization\",\"name\":\"Portal Urbano\",\"url\":\"https:\/\/experienciadevida.com.ar\/portalurbano\/\",\"logo\":{\"@type\":\"ImageObject\",\"inLanguage\":\"es\",\"@id\":\"https:\/\/experienciadevida.com.ar\/portalurbano\/#\/schema\/logo\/image\/\",\"url\":\"https:\/\/experienciadevida.com.ar\/portalurbano\/wp-content\/uploads\/2019\/09\/Logo-Original.png\",\"contentUrl\":\"https:\/\/experienciadevida.com.ar\/portalurbano\/wp-content\/uploads\/2019\/09\/Logo-Original.png\",\"width\":2236,\"height\":1216,\"caption\":\"Portal Urbano\"},\"image\":{\"@id\":\"https:\/\/experienciadevida.com.ar\/portalurbano\/#\/schema\/logo\/image\/\"},\"sameAs\":[\"https:\/\/www.facebook.com\/Portal-Urbano-171542830093757\/\",\"https:\/\/twitter.com\/portalurbanook\",\"https:\/\/www.instagram.com\/_portalurbano\/\",\"https:\/\/www.youtube.com\/channel\/UCXhagIfszH8KxFiOok79zbA?view_as=subscriber\"]},{\"@type\":\"Person\",\"@id\":\"https:\/\/experienciadevida.com.ar\/portalurbano\/#\/schema\/person\/02dd326b1c4b056e9cc972486934a3a7\",\"name\":\"admpu17wp\",\"image\":{\"@type\":\"ImageObject\",\"inLanguage\":\"es\",\"@id\":\"https:\/\/experienciadevida.com.ar\/portalurbano\/#\/schema\/person\/image\/\",\"url\":\"https:\/\/secure.gravatar.com\/avatar\/830d4c57adaae6630765e449a6908047?s=96&d=mm&r=g\",\"contentUrl\":\"https:\/\/secure.gravatar.com\/avatar\/830d4c57adaae6630765e449a6908047?s=96&d=mm&r=g\",\"caption\":\"admpu17wp\"}}]}<\/script>\n<!-- \/ Yoast SEO plugin. -->","yoast_head_json":{"title":"La Defensor\u00eda del Pueblo de la Naci\u00f3n registr\u00f3 243 femicidios y 172 ni\u00f1os se quedaron sin madre, en los primeros 10 meses del 2020 -","robots":{"index":"index","follow":"follow","max-snippet":"max-snippet:-1","max-image-preview":"max-image-preview:large","max-video-preview":"max-video-preview:-1"},"canonical":"https:\/\/experienciadevida.com.ar\/portalurbano\/la-defensoria-del-pueblo-de-la-nacion-registro-243-femicidios-y-172-ninos-se-quedaron-sin-madre-en-los-primeros-10-meses-del-2020\/","og_locale":"es_ES","og_type":"article","og_title":"La Defensor\u00eda del Pueblo de la Naci\u00f3n registr\u00f3 243 femicidios y 172 ni\u00f1os se quedaron sin madre, en los primeros 10 meses del 2020 -","og_description":"El Observatorio de Femicidios de la Defensor\u00eda del Pueblo de la Naci\u00f3n inform\u00f3 que entre...","og_url":"https:\/\/experienciadevida.com.ar\/portalurbano\/la-defensoria-del-pueblo-de-la-nacion-registro-243-femicidios-y-172-ninos-se-quedaron-sin-madre-en-los-primeros-10-meses-del-2020\/","article_publisher":"https:\/\/www.facebook.com\/Portal-Urbano-171542830093757\/","article_published_time":"2020-11-24T14:41:16+00:00","article_modified_time":"2020-11-24T14:41:43+00:00","og_image":[{"width":765,"height":525,"url":"https:\/\/experienciadevida.com.ar\/portalurbano\/wp-content\/uploads\/2020\/03\/FEMICIDIOS.jpg","type":"image\/jpeg"}],"author":"admpu17wp","twitter_card":"summary_large_image","twitter_creator":"@portalurbanook","twitter_site":"@portalurbanook","twitter_misc":{"Escrito por":"admpu17wp","Tiempo de lectura":"4 minutos"},"schema":{"@context":"https:\/\/schema.org","@graph":[{"@type":"Article","@id":"https:\/\/experienciadevida.com.ar\/portalurbano\/la-defensoria-del-pueblo-de-la-nacion-registro-243-femicidios-y-172-ninos-se-quedaron-sin-madre-en-los-primeros-10-meses-del-2020\/#article","isPartOf":{"@id":"https:\/\/experienciadevida.com.ar\/portalurbano\/la-defensoria-del-pueblo-de-la-nacion-registro-243-femicidios-y-172-ninos-se-quedaron-sin-madre-en-los-primeros-10-meses-del-2020\/"},"author":{"name":"admpu17wp","@id":"https:\/\/experienciadevida.com.ar\/portalurbano\/#\/schema\/person\/02dd326b1c4b056e9cc972486934a3a7"},"headline":"La Defensor\u00eda del Pueblo de la Naci\u00f3n registr\u00f3 243 femicidios y 172 ni\u00f1os se quedaron sin madre, en los primeros 10 meses del 2020","datePublished":"2020-11-24T14:41:16+00:00","dateModified":"2020-11-24T14:41:43+00:00","mainEntityOfPage":{"@id":"https:\/\/experienciadevida.com.ar\/portalurbano\/la-defensoria-del-pueblo-de-la-nacion-registro-243-femicidios-y-172-ninos-se-quedaron-sin-madre-en-los-primeros-10-meses-del-2020\/"},"wordCount":870,"publisher":{"@id":"https:\/\/experienciadevida.com.ar\/portalurbano\/#organization"},"articleSection":["Naci\u00f3n"],"inLanguage":"es"},{"@type":"WebPage","@id":"https:\/\/experienciadevida.com.ar\/portalurbano\/la-defensoria-del-pueblo-de-la-nacion-registro-243-femicidios-y-172-ninos-se-quedaron-sin-madre-en-los-primeros-10-meses-del-2020\/","url":"https:\/\/experienciadevida.com.ar\/portalurbano\/la-defensoria-del-pueblo-de-la-nacion-registro-243-femicidios-y-172-ninos-se-quedaron-sin-madre-en-los-primeros-10-meses-del-2020\/","name":"La Defensor\u00eda del Pueblo de la Naci\u00f3n registr\u00f3 243 femicidios y 172 ni\u00f1os se quedaron sin madre, en los primeros 10 meses del 2020 -","isPartOf":{"@id":"https:\/\/experienciadevida.com.ar\/portalurbano\/#website"},"datePublished":"2020-11-24T14:41:16+00:00","dateModified":"2020-11-24T14:41:43+00:00","breadcrumb":{"@id":"https:\/\/experienciadevida.com.ar\/portalurbano\/la-defensoria-del-pueblo-de-la-nacion-registro-243-femicidios-y-172-ninos-se-quedaron-sin-madre-en-los-primeros-10-meses-del-2020\/#breadcrumb"},"inLanguage":"es","potentialAction":[{"@type":"ReadAction","target":["https:\/\/experienciadevida.com.ar\/portalurbano\/la-defensoria-del-pueblo-de-la-nacion-registro-243-femicidios-y-172-ninos-se-quedaron-sin-madre-en-los-primeros-10-meses-del-2020\/"]}]},{"@type":"BreadcrumbList","@id":"https:\/\/experienciadevida.com.ar\/portalurbano\/la-defensoria-del-pueblo-de-la-nacion-registro-243-femicidios-y-172-ninos-se-quedaron-sin-madre-en-los-primeros-10-meses-del-2020\/#breadcrumb","itemListElement":[{"@type":"ListItem","position":1,"name":"Portada","item":"https:\/\/experienciadevida.com.ar\/portalurbano\/"},{"@type":"ListItem","position":2,"name":"La Defensor\u00eda del Pueblo de la Naci\u00f3n registr\u00f3 243 femicidios y 172 ni\u00f1os se quedaron sin madre, en los primeros 10 meses del 2020"}]},{"@type":"WebSite","@id":"https:\/\/experienciadevida.com.ar\/portalurbano\/#website","url":"https:\/\/experienciadevida.com.ar\/portalurbano\/","name":"","description":"","publisher":{"@id":"https:\/\/experienciadevida.com.ar\/portalurbano\/#organization"},"potentialAction":[{"@type":"SearchAction","target":{"@type":"EntryPoint","urlTemplate":"https:\/\/experienciadevida.com.ar\/portalurbano\/?s={search_term_string}"},"query-input":"required name=search_term_string"}],"inLanguage":"es"},{"@type":"Organization","@id":"https:\/\/experienciadevida.com.ar\/portalurbano\/#organization","name":"Portal Urbano","url":"https:\/\/experienciadevida.com.ar\/portalurbano\/","logo":{"@type":"ImageObject","inLanguage":"es","@id":"https:\/\/experienciadevida.com.ar\/portalurbano\/#\/schema\/logo\/image\/","url":"https:\/\/experienciadevida.com.ar\/portalurbano\/wp-content\/uploads\/2019\/09\/Logo-Original.png","contentUrl":"https:\/\/experienciadevida.com.ar\/portalurbano\/wp-content\/uploads\/2019\/09\/Logo-Original.png","width":2236,"height":1216,"caption":"Portal Urbano"},"image":{"@id":"https:\/\/experienciadevida.com.ar\/portalurbano\/#\/schema\/logo\/image\/"},"sameAs":["https:\/\/www.facebook.com\/Portal-Urbano-171542830093757\/","https:\/\/twitter.com\/portalurbanook","https:\/\/www.instagram.com\/_portalurbano\/","https:\/\/www.youtube.com\/channel\/UCXhagIfszH8KxFiOok79zbA?view_as=subscriber"]},{"@type":"Person","@id":"https:\/\/experienciadevida.com.ar\/portalurbano\/#\/schema\/person\/02dd326b1c4b056e9cc972486934a3a7","name":"admpu17wp","image":{"@type":"ImageObject","inLanguage":"es","@id":"https:\/\/experienciadevida.com.ar\/portalurbano\/#\/schema\/person\/image\/","url":"https:\/\/secure.gravatar.com\/avatar\/830d4c57adaae6630765e449a6908047?s=96&d=mm&r=g","contentUrl":"https:\/\/secure.gravatar.com\/avatar\/830d4c57adaae6630765e449a6908047?s=96&d=mm&r=g","caption":"admpu17wp"}}]}},"featured_image_urls":{"full":["https:\/\/experienciadevida.com.ar\/portalurbano\/wp-content\/uploads\/2020\/03\/FEMICIDIOS.jpg",765,525,false],"thumbnail":["https:\/\/experienciadevida.com.ar\/portalurbano\/wp-content\/uploads\/2020\/03\/FEMICIDIOS-150x150.jpg",150,150,true],"medium":["https:\/\/experienciadevida.com.ar\/portalurbano\/wp-content\/uploads\/2020\/03\/FEMICIDIOS-300x206.jpg",300,206,true],"medium_large":["https:\/\/experienciadevida.com.ar\/portalurbano\/wp-content\/uploads\/2020\/03\/FEMICIDIOS.jpg",640,439,false],"large":["https:\/\/experienciadevida.com.ar\/portalurbano\/wp-content\/uploads\/2020\/03\/FEMICIDIOS.jpg",640,439,false],"ug_big":["https:\/\/experienciadevida.com.ar\/portalurbano\/wp-content\/uploads\/2020\/03\/FEMICIDIOS.jpg",765,525,false],"1536x1536":["https:\/\/experienciadevida.com.ar\/portalurbano\/wp-content\/uploads\/2020\/03\/FEMICIDIOS.jpg",765,525,false],"2048x2048":["https:\/\/experienciadevida.com.ar\/portalurbano\/wp-content\/uploads\/2020\/03\/FEMICIDIOS.jpg",765,525,false],"newsever-slider-full":["https:\/\/experienciadevida.com.ar\/portalurbano\/wp-content\/uploads\/2020\/03\/FEMICIDIOS.jpg",765,525,false],"newsever-featured":["https:\/\/experienciadevida.com.ar\/portalurbano\/wp-content\/uploads\/2020\/03\/FEMICIDIOS.jpg",765,525,false],"newsever-medium":["https:\/\/experienciadevida.com.ar\/portalurbano\/wp-content\/uploads\/2020\/03\/FEMICIDIOS.jpg",692,475,false],"web-stories-poster-portrait":["https:\/\/experienciadevida.com.ar\/portalurbano\/wp-content\/uploads\/2020\/03\/FEMICIDIOS.jpg",640,439,false],"web-stories-publisher-logo":["https:\/\/experienciadevida.com.ar\/portalurbano\/wp-content\/uploads\/2020\/03\/FEMICIDIOS.jpg",96,66,false],"web-stories-thumbnail":["https:\/\/experienciadevida.com.ar\/portalurbano\/wp-content\/uploads\/2020\/03\/FEMICIDIOS.jpg",150,103,false]},"author_info":{"display_name":"admpu17wp","author_link":"https:\/\/experienciadevida.com.ar\/portalurbano\/author\/admpu17wp\/"},"category_info":"<a href=\"https:\/\/experienciadevida.com.ar\/portalurbano\/category\/nacion\/\" rel=\"category tag\">Naci\u00f3n<\/a>","tag_info":"Naci\u00f3n","comment_count":"0","amp_enabled":true,"_links":{"self":[{"href":"https:\/\/experienciadevida.com.ar\/portalurbano\/wp-json\/wp\/v2\/posts\/128124"}],"collection":[{"href":"https:\/\/experienciadevida.com.ar\/portalurbano\/wp-json\/wp\/v2\/posts"}],"about":[{"href":"https:\/\/experienciadevida.com.ar\/portalurbano\/wp-json\/wp\/v2\/types\/post"}],"author":[{"embeddable":true,"href":"https:\/\/experienciadevida.com.ar\/portalurbano\/wp-json\/wp\/v2\/users\/1"}],"replies":[{"embeddable":true,"href":"https:\/\/experienciadevida.com.ar\/portalurbano\/wp-json\/wp\/v2\/comments?post=128124"}],"version-history":[{"count":1,"href":"https:\/\/experienciadevida.com.ar\/portalurbano\/wp-json\/wp\/v2\/posts\/128124\/revisions"}],"predecessor-version":[{"id":128125,"href":"https:\/\/experienciadevida.com.ar\/portalurbano\/wp-json\/wp\/v2\/posts\/128124\/revisions\/128125"}],"wp:featuredmedia":[{"embeddable":true,"href":"https:\/\/experienciadevida.com.ar\/portalurbano\/wp-json\/wp\/v2\/media\/103141"}],"wp:attachment":[{"href":"https:\/\/experienciadevida.com.ar\/portalurbano\/wp-json\/wp\/v2\/media?parent=128124"}],"wp:term":[{"taxonomy":"category","embeddable":true,"href":"https:\/\/experienciadevida.com.ar\/portalurbano\/wp-json\/wp\/v2\/categories?post=128124"},{"taxonomy":"post_tag","embeddable":true,"href":"https:\/\/experienciadevida.com.ar\/portalurbano\/wp-json\/wp\/v2\/tags?post=128124"}],"curies":[{"name":"wp","href":"https:\/\/api.w.org\/{rel}","templated":true}]}}