{"id":128050,"date":"2020-11-23T12:10:07","date_gmt":"2020-11-23T15:10:07","guid":{"rendered":"https:\/\/experienciadevida.com.ar\/portalurbano\/?p=128050"},"modified":"2020-11-23T12:58:26","modified_gmt":"2020-11-23T15:58:26","slug":"detuvieron-a-dos-integrantes-de-la-banda-de-los-encapuchados","status":"publish","type":"post","link":"https:\/\/experienciadevida.com.ar\/portalurbano\/detuvieron-a-dos-integrantes-de-la-banda-de-los-encapuchados\/","title":{"rendered":"Detuvieron a dos integrantes de la &#8220;banda de los encapuchados&#8221;"},"content":{"rendered":"<p>El personal de la DDI local logr\u00f3 hacer efectiva \u00f3rdenes de detenci\u00f3n para dos personas mayores de edad.\u00a0 La medida fue otorgada por la Jueza de Garant\u00edas n\u00b01 a cargo de la Dra. Fabiana San Roman\u00a0 y por Paula Serrano titular de la UFI n\u00b0 4.<\/p>\n<p>Las detenciones se dan a ra\u00edz de una extensa investigaci\u00f3n policial realizada por la DDI local, a la &#8220;banda de los encapuchados&#8221;.<\/p>\n<p>Dicha banda operaba en zonas de quintas, o en las afueras de localidades del partido de Olavarr\u00eda, utilizando en su beneficio el amparo de la oscuridad, y el conocimiento de las zonas semi-rurales existentes para huir en autom\u00f3viles, motos, bicicletas, a pie y hasta en caballos.<\/p>\n<p>Ingresaban a las viviendas por la fuerza o aprovechando una oportunidad cuando sal\u00eda alg\u00fan morador, los reduc\u00edan a punta de arma, los ataban y tapaban cabezas con mantas y los desprove\u00edan de sus tel\u00e9fonos celulares, y dinero en efectivo, en ocasiones sol\u00edan consumir bebida y alimento de la viviendas perpetradas.<\/p>\n<p>La modalidad delictual de la banda de los encapuchados comienza el 23 de diciembre de 2019 hasta mediados de este a\u00f1o d\u00e1ndose fin a los mismos a partir de los sucesivos allanamientos realizados donde se secuestraron celulares, prendas de vestir y numerosas armas de fuego utilizadas para cometer los delitos.<\/p>\n<p>Los integrantes de esta banda se hallan investigados en m\u00e1s de 10 causas bajo la misma modalidad.<\/p>\n","protected":false},"excerpt":{"rendered":"<p>El personal de la DDI local logr\u00f3 hacer efectiva \u00f3rdenes de detenci\u00f3n para dos personas&#8230;<\/p>\n","protected":false},"author":1,"featured_media":128051,"comment_status":"closed","ping_status":"closed","sticky":false,"template":"","format":"standard","meta":{"content-type":""},"categories":[51,40],"tags":[],"nelio_content":{"isAutoShareEnabled":false,"autoShareEndMode":"default","automationSources":{"useContentSentences":true,"useSocialTemplates":true,"useCustomSentences":false,"customSentences":[]},"followers":[1],"suggestedReferences":[],"includedReferences":[],"efiUrl":"","efiAlt":"","highlights":[]},"yoast_head":"<!-- This site is optimized with the Yoast SEO plugin v20.7 - https:\/\/yoast.com\/wordpress\/plugins\/seo\/ -->\n<title>Detuvieron a dos integrantes de la banda de los encapuchados<\/title>\n<meta name=\"description\" content=\"Personal de la DDI logr\u00f3 hacer efectiva la detenci\u00f3n a dos integrantes de la banda de los encapuchados, que operaba en la ciudad y alrededor\" \/>\n<meta name=\"robots\" content=\"index, follow, max-snippet:-1, max-image-preview:large, max-video-preview:-1\" \/>\n<link rel=\"canonical\" href=\"https:\/\/experienciadevida.com.ar\/portalurbano\/detuvieron-a-dos-integrantes-de-la-banda-de-los-encapuchados\/\" \/>\n<meta property=\"og:locale\" content=\"es_ES\" \/>\n<meta property=\"og:type\" content=\"article\" \/>\n<meta property=\"og:title\" content=\"Detuvieron a dos integrantes de la banda de los encapuchados\" \/>\n<meta property=\"og:description\" content=\"Personal de la DDI logr\u00f3 hacer efectiva la detenci\u00f3n a dos integrantes de la banda de los encapuchados, que operaba en la ciudad y alrededor\" \/>\n<meta property=\"og:url\" content=\"https:\/\/experienciadevida.com.ar\/portalurbano\/detuvieron-a-dos-integrantes-de-la-banda-de-los-encapuchados\/\" \/>\n<meta property=\"article:publisher\" content=\"https:\/\/www.facebook.com\/Portal-Urbano-171542830093757\/\" \/>\n<meta property=\"article:published_time\" content=\"2020-11-23T15:10:07+00:00\" \/>\n<meta property=\"article:modified_time\" content=\"2020-11-23T15:58:26+00:00\" \/>\n<meta property=\"og:image\" content=\"https:\/\/experienciadevida.com.ar\/portalurbano\/wp-content\/uploads\/2020\/11\/Detencion.jpg\" \/>\n\t<meta property=\"og:image:width\" content=\"774\" \/>\n\t<meta property=\"og:image:height\" content=\"516\" \/>\n\t<meta property=\"og:image:type\" content=\"image\/jpeg\" \/>\n<meta name=\"author\" content=\"admpu17wp\" \/>\n<meta name=\"twitter:card\" content=\"summary_large_image\" \/>\n<meta name=\"twitter:creator\" content=\"@portalurbanook\" \/>\n<meta name=\"twitter:site\" content=\"@portalurbanook\" \/>\n<meta name=\"twitter:label1\" content=\"Escrito por\" \/>\n\t<meta name=\"twitter:data1\" content=\"admpu17wp\" \/>\n\t<meta name=\"twitter:label2\" content=\"Tiempo de lectura\" \/>\n\t<meta name=\"twitter:data2\" content=\"1 minuto\" \/>\n<script type=\"application\/ld+json\" class=\"yoast-schema-graph\">{\"@context\":\"https:\/\/schema.org\",\"@graph\":[{\"@type\":\"Article\",\"@id\":\"https:\/\/experienciadevida.com.ar\/portalurbano\/detuvieron-a-dos-integrantes-de-la-banda-de-los-encapuchados\/#article\",\"isPartOf\":{\"@id\":\"https:\/\/experienciadevida.com.ar\/portalurbano\/detuvieron-a-dos-integrantes-de-la-banda-de-los-encapuchados\/\"},\"author\":{\"name\":\"admpu17wp\",\"@id\":\"https:\/\/experienciadevida.com.ar\/portalurbano\/#\/schema\/person\/02dd326b1c4b056e9cc972486934a3a7\"},\"headline\":\"Detuvieron a dos integrantes de la &#8220;banda de los encapuchados&#8221;\",\"datePublished\":\"2020-11-23T15:10:07+00:00\",\"dateModified\":\"2020-11-23T15:58:26+00:00\",\"mainEntityOfPage\":{\"@id\":\"https:\/\/experienciadevida.com.ar\/portalurbano\/detuvieron-a-dos-integrantes-de-la-banda-de-los-encapuchados\/\"},\"wordCount\":252,\"publisher\":{\"@id\":\"https:\/\/experienciadevida.com.ar\/portalurbano\/#organization\"},\"articleSection\":[\"Destacadas\",\"Policiales\"],\"inLanguage\":\"es\"},{\"@type\":\"WebPage\",\"@id\":\"https:\/\/experienciadevida.com.ar\/portalurbano\/detuvieron-a-dos-integrantes-de-la-banda-de-los-encapuchados\/\",\"url\":\"https:\/\/experienciadevida.com.ar\/portalurbano\/detuvieron-a-dos-integrantes-de-la-banda-de-los-encapuchados\/\",\"name\":\"Detuvieron a dos integrantes de la banda de los encapuchados\",\"isPartOf\":{\"@id\":\"https:\/\/experienciadevida.com.ar\/portalurbano\/#website\"},\"datePublished\":\"2020-11-23T15:10:07+00:00\",\"dateModified\":\"2020-11-23T15:58:26+00:00\",\"description\":\"Personal de la DDI logr\u00f3 hacer efectiva la detenci\u00f3n a dos integrantes de la banda de los encapuchados, que operaba en la ciudad y alrededor\",\"breadcrumb\":{\"@id\":\"https:\/\/experienciadevida.com.ar\/portalurbano\/detuvieron-a-dos-integrantes-de-la-banda-de-los-encapuchados\/#breadcrumb\"},\"inLanguage\":\"es\",\"potentialAction\":[{\"@type\":\"ReadAction\",\"target\":[\"https:\/\/experienciadevida.com.ar\/portalurbano\/detuvieron-a-dos-integrantes-de-la-banda-de-los-encapuchados\/\"]}]},{\"@type\":\"BreadcrumbList\",\"@id\":\"https:\/\/experienciadevida.com.ar\/portalurbano\/detuvieron-a-dos-integrantes-de-la-banda-de-los-encapuchados\/#breadcrumb\",\"itemListElement\":[{\"@type\":\"ListItem\",\"position\":1,\"name\":\"Portada\",\"item\":\"https:\/\/experienciadevida.com.ar\/portalurbano\/\"},{\"@type\":\"ListItem\",\"position\":2,\"name\":\"Detuvieron a dos integrantes de la \u00abbanda de los encapuchados\u00bb\"}]},{\"@type\":\"WebSite\",\"@id\":\"https:\/\/experienciadevida.com.ar\/portalurbano\/#website\",\"url\":\"https:\/\/experienciadevida.com.ar\/portalurbano\/\",\"name\":\"\",\"description\":\"\",\"publisher\":{\"@id\":\"https:\/\/experienciadevida.com.ar\/portalurbano\/#organization\"},\"potentialAction\":[{\"@type\":\"SearchAction\",\"target\":{\"@type\":\"EntryPoint\",\"urlTemplate\":\"https:\/\/experienciadevida.com.ar\/portalurbano\/?s={search_term_string}\"},\"query-input\":\"required name=search_term_string\"}],\"inLanguage\":\"es\"},{\"@type\":\"Organization\",\"@id\":\"https:\/\/experienciadevida.com.ar\/portalurbano\/#organization\",\"name\":\"Portal Urbano\",\"url\":\"https:\/\/experienciadevida.com.ar\/portalurbano\/\",\"logo\":{\"@type\":\"ImageObject\",\"inLanguage\":\"es\",\"@id\":\"https:\/\/experienciadevida.com.ar\/portalurbano\/#\/schema\/logo\/image\/\",\"url\":\"https:\/\/experienciadevida.com.ar\/portalurbano\/wp-content\/uploads\/2019\/09\/Logo-Original.png\",\"contentUrl\":\"https:\/\/experienciadevida.com.ar\/portalurbano\/wp-content\/uploads\/2019\/09\/Logo-Original.png\",\"width\":2236,\"height\":1216,\"caption\":\"Portal Urbano\"},\"image\":{\"@id\":\"https:\/\/experienciadevida.com.ar\/portalurbano\/#\/schema\/logo\/image\/\"},\"sameAs\":[\"https:\/\/www.facebook.com\/Portal-Urbano-171542830093757\/\",\"https:\/\/twitter.com\/portalurbanook\",\"https:\/\/www.instagram.com\/_portalurbano\/\",\"https:\/\/www.youtube.com\/channel\/UCXhagIfszH8KxFiOok79zbA?view_as=subscriber\"]},{\"@type\":\"Person\",\"@id\":\"https:\/\/experienciadevida.com.ar\/portalurbano\/#\/schema\/person\/02dd326b1c4b056e9cc972486934a3a7\",\"name\":\"admpu17wp\",\"image\":{\"@type\":\"ImageObject\",\"inLanguage\":\"es\",\"@id\":\"https:\/\/experienciadevida.com.ar\/portalurbano\/#\/schema\/person\/image\/\",\"url\":\"https:\/\/secure.gravatar.com\/avatar\/830d4c57adaae6630765e449a6908047?s=96&d=mm&r=g\",\"contentUrl\":\"https:\/\/secure.gravatar.com\/avatar\/830d4c57adaae6630765e449a6908047?s=96&d=mm&r=g\",\"caption\":\"admpu17wp\"}}]}<\/script>\n<!-- \/ Yoast SEO plugin. -->","yoast_head_json":{"title":"Detuvieron a dos integrantes de la banda de los encapuchados","description":"Personal de la DDI logr\u00f3 hacer efectiva la detenci\u00f3n a dos integrantes de la banda de los encapuchados, que operaba en la ciudad y alrededor","robots":{"index":"index","follow":"follow","max-snippet":"max-snippet:-1","max-image-preview":"max-image-preview:large","max-video-preview":"max-video-preview:-1"},"canonical":"https:\/\/experienciadevida.com.ar\/portalurbano\/detuvieron-a-dos-integrantes-de-la-banda-de-los-encapuchados\/","og_locale":"es_ES","og_type":"article","og_title":"Detuvieron a dos integrantes de la banda de los encapuchados","og_description":"Personal de la DDI logr\u00f3 hacer efectiva la detenci\u00f3n a dos integrantes de la banda de los encapuchados, que operaba en la ciudad y alrededor","og_url":"https:\/\/experienciadevida.com.ar\/portalurbano\/detuvieron-a-dos-integrantes-de-la-banda-de-los-encapuchados\/","article_publisher":"https:\/\/www.facebook.com\/Portal-Urbano-171542830093757\/","article_published_time":"2020-11-23T15:10:07+00:00","article_modified_time":"2020-11-23T15:58:26+00:00","og_image":[{"width":774,"height":516,"url":"https:\/\/experienciadevida.com.ar\/portalurbano\/wp-content\/uploads\/2020\/11\/Detencion.jpg","type":"image\/jpeg"}],"author":"admpu17wp","twitter_card":"summary_large_image","twitter_creator":"@portalurbanook","twitter_site":"@portalurbanook","twitter_misc":{"Escrito por":"admpu17wp","Tiempo de lectura":"1 minuto"},"schema":{"@context":"https:\/\/schema.org","@graph":[{"@type":"Article","@id":"https:\/\/experienciadevida.com.ar\/portalurbano\/detuvieron-a-dos-integrantes-de-la-banda-de-los-encapuchados\/#article","isPartOf":{"@id":"https:\/\/experienciadevida.com.ar\/portalurbano\/detuvieron-a-dos-integrantes-de-la-banda-de-los-encapuchados\/"},"author":{"name":"admpu17wp","@id":"https:\/\/experienciadevida.com.ar\/portalurbano\/#\/schema\/person\/02dd326b1c4b056e9cc972486934a3a7"},"headline":"Detuvieron a dos integrantes de la &#8220;banda de los encapuchados&#8221;","datePublished":"2020-11-23T15:10:07+00:00","dateModified":"2020-11-23T15:58:26+00:00","mainEntityOfPage":{"@id":"https:\/\/experienciadevida.com.ar\/portalurbano\/detuvieron-a-dos-integrantes-de-la-banda-de-los-encapuchados\/"},"wordCount":252,"publisher":{"@id":"https:\/\/experienciadevida.com.ar\/portalurbano\/#organization"},"articleSection":["Destacadas","Policiales"],"inLanguage":"es"},{"@type":"WebPage","@id":"https:\/\/experienciadevida.com.ar\/portalurbano\/detuvieron-a-dos-integrantes-de-la-banda-de-los-encapuchados\/","url":"https:\/\/experienciadevida.com.ar\/portalurbano\/detuvieron-a-dos-integrantes-de-la-banda-de-los-encapuchados\/","name":"Detuvieron a dos integrantes de la banda de los encapuchados","isPartOf":{"@id":"https:\/\/experienciadevida.com.ar\/portalurbano\/#website"},"datePublished":"2020-11-23T15:10:07+00:00","dateModified":"2020-11-23T15:58:26+00:00","description":"Personal de la DDI logr\u00f3 hacer efectiva la detenci\u00f3n a dos integrantes de la banda de los encapuchados, que operaba en la ciudad y alrededor","breadcrumb":{"@id":"https:\/\/experienciadevida.com.ar\/portalurbano\/detuvieron-a-dos-integrantes-de-la-banda-de-los-encapuchados\/#breadcrumb"},"inLanguage":"es","potentialAction":[{"@type":"ReadAction","target":["https:\/\/experienciadevida.com.ar\/portalurbano\/detuvieron-a-dos-integrantes-de-la-banda-de-los-encapuchados\/"]}]},{"@type":"BreadcrumbList","@id":"https:\/\/experienciadevida.com.ar\/portalurbano\/detuvieron-a-dos-integrantes-de-la-banda-de-los-encapuchados\/#breadcrumb","itemListElement":[{"@type":"ListItem","position":1,"name":"Portada","item":"https:\/\/experienciadevida.com.ar\/portalurbano\/"},{"@type":"ListItem","position":2,"name":"Detuvieron a dos integrantes de la \u00abbanda de los encapuchados\u00bb"}]},{"@type":"WebSite","@id":"https:\/\/experienciadevida.com.ar\/portalurbano\/#website","url":"https:\/\/experienciadevida.com.ar\/portalurbano\/","name":"","description":"","publisher":{"@id":"https:\/\/experienciadevida.com.ar\/portalurbano\/#organization"},"potentialAction":[{"@type":"SearchAction","target":{"@type":"EntryPoint","urlTemplate":"https:\/\/experienciadevida.com.ar\/portalurbano\/?s={search_term_string}"},"query-input":"required name=search_term_string"}],"inLanguage":"es"},{"@type":"Organization","@id":"https:\/\/experienciadevida.com.ar\/portalurbano\/#organization","name":"Portal Urbano","url":"https:\/\/experienciadevida.com.ar\/portalurbano\/","logo":{"@type":"ImageObject","inLanguage":"es","@id":"https:\/\/experienciadevida.com.ar\/portalurbano\/#\/schema\/logo\/image\/","url":"https:\/\/experienciadevida.com.ar\/portalurbano\/wp-content\/uploads\/2019\/09\/Logo-Original.png","contentUrl":"https:\/\/experienciadevida.com.ar\/portalurbano\/wp-content\/uploads\/2019\/09\/Logo-Original.png","width":2236,"height":1216,"caption":"Portal Urbano"},"image":{"@id":"https:\/\/experienciadevida.com.ar\/portalurbano\/#\/schema\/logo\/image\/"},"sameAs":["https:\/\/www.facebook.com\/Portal-Urbano-171542830093757\/","https:\/\/twitter.com\/portalurbanook","https:\/\/www.instagram.com\/_portalurbano\/","https:\/\/www.youtube.com\/channel\/UCXhagIfszH8KxFiOok79zbA?view_as=subscriber"]},{"@type":"Person","@id":"https:\/\/experienciadevida.com.ar\/portalurbano\/#\/schema\/person\/02dd326b1c4b056e9cc972486934a3a7","name":"admpu17wp","image":{"@type":"ImageObject","inLanguage":"es","@id":"https:\/\/experienciadevida.com.ar\/portalurbano\/#\/schema\/person\/image\/","url":"https:\/\/secure.gravatar.com\/avatar\/830d4c57adaae6630765e449a6908047?s=96&d=mm&r=g","contentUrl":"https:\/\/secure.gravatar.com\/avatar\/830d4c57adaae6630765e449a6908047?s=96&d=mm&r=g","caption":"admpu17wp"}}]}},"featured_image_urls":{"full":["https:\/\/experienciadevida.com.ar\/portalurbano\/wp-content\/uploads\/2020\/11\/Detencion.jpg",774,516,false],"thumbnail":["https:\/\/experienciadevida.com.ar\/portalurbano\/wp-content\/uploads\/2020\/11\/Detencion-150x150.jpg",150,150,true],"medium":["https:\/\/experienciadevida.com.ar\/portalurbano\/wp-content\/uploads\/2020\/11\/Detencion-300x200.jpg",300,200,true],"medium_large":["https:\/\/experienciadevida.com.ar\/portalurbano\/wp-content\/uploads\/2020\/11\/Detencion-768x512.jpg",640,427,true],"large":["https:\/\/experienciadevida.com.ar\/portalurbano\/wp-content\/uploads\/2020\/11\/Detencion.jpg",640,427,false],"ug_big":["https:\/\/experienciadevida.com.ar\/portalurbano\/wp-content\/uploads\/2020\/11\/Detencion-768x512.jpg",768,512,true],"1536x1536":["https:\/\/experienciadevida.com.ar\/portalurbano\/wp-content\/uploads\/2020\/11\/Detencion.jpg",774,516,false],"2048x2048":["https:\/\/experienciadevida.com.ar\/portalurbano\/wp-content\/uploads\/2020\/11\/Detencion.jpg",774,516,false],"newsever-slider-full":["https:\/\/experienciadevida.com.ar\/portalurbano\/wp-content\/uploads\/2020\/11\/Detencion.jpg",774,516,false],"newsever-featured":["https:\/\/experienciadevida.com.ar\/portalurbano\/wp-content\/uploads\/2020\/11\/Detencion.jpg",774,516,false],"newsever-medium":["https:\/\/experienciadevida.com.ar\/portalurbano\/wp-content\/uploads\/2020\/11\/Detencion.jpg",713,475,false],"web-stories-poster-portrait":["https:\/\/experienciadevida.com.ar\/portalurbano\/wp-content\/uploads\/2020\/11\/Detencion.jpg",640,427,false],"web-stories-publisher-logo":["https:\/\/experienciadevida.com.ar\/portalurbano\/wp-content\/uploads\/2020\/11\/Detencion.jpg",96,64,false],"web-stories-thumbnail":["https:\/\/experienciadevida.com.ar\/portalurbano\/wp-content\/uploads\/2020\/11\/Detencion.jpg",150,100,false]},"author_info":{"display_name":"admpu17wp","author_link":"https:\/\/experienciadevida.com.ar\/portalurbano\/author\/admpu17wp\/"},"category_info":"<a href=\"https:\/\/experienciadevida.com.ar\/portalurbano\/category\/destacadas\/\" rel=\"category tag\">Destacadas<\/a> <a href=\"https:\/\/experienciadevida.com.ar\/portalurbano\/category\/policiales\/\" rel=\"category tag\">Policiales<\/a>","tag_info":"Policiales","comment_count":"0","amp_enabled":true,"_links":{"self":[{"href":"https:\/\/experienciadevida.com.ar\/portalurbano\/wp-json\/wp\/v2\/posts\/128050"}],"collection":[{"href":"https:\/\/experienciadevida.com.ar\/portalurbano\/wp-json\/wp\/v2\/posts"}],"about":[{"href":"https:\/\/experienciadevida.com.ar\/portalurbano\/wp-json\/wp\/v2\/types\/post"}],"author":[{"embeddable":true,"href":"https:\/\/experienciadevida.com.ar\/portalurbano\/wp-json\/wp\/v2\/users\/1"}],"replies":[{"embeddable":true,"href":"https:\/\/experienciadevida.com.ar\/portalurbano\/wp-json\/wp\/v2\/comments?post=128050"}],"version-history":[{"count":3,"href":"https:\/\/experienciadevida.com.ar\/portalurbano\/wp-json\/wp\/v2\/posts\/128050\/revisions"}],"predecessor-version":[{"id":128065,"href":"https:\/\/experienciadevida.com.ar\/portalurbano\/wp-json\/wp\/v2\/posts\/128050\/revisions\/128065"}],"wp:featuredmedia":[{"embeddable":true,"href":"https:\/\/experienciadevida.com.ar\/portalurbano\/wp-json\/wp\/v2\/media\/128051"}],"wp:attachment":[{"href":"https:\/\/experienciadevida.com.ar\/portalurbano\/wp-json\/wp\/v2\/media?parent=128050"}],"wp:term":[{"taxonomy":"category","embeddable":true,"href":"https:\/\/experienciadevida.com.ar\/portalurbano\/wp-json\/wp\/v2\/categories?post=128050"},{"taxonomy":"post_tag","embeddable":true,"href":"https:\/\/experienciadevida.com.ar\/portalurbano\/wp-json\/wp\/v2\/tags?post=128050"}],"curies":[{"name":"wp","href":"https:\/\/api.w.org\/{rel}","templated":true}]}}