{"id":127990,"date":"2020-11-22T17:11:27","date_gmt":"2020-11-22T20:11:27","guid":{"rendered":"https:\/\/experienciadevida.com.ar\/portalurbano\/?p=127990"},"modified":"2020-11-22T17:11:57","modified_gmt":"2020-11-22T20:11:57","slug":"macri-pidio-por-la-vuelta-a-clases-y-cuestiono-a-los-gremios","status":"publish","type":"post","link":"https:\/\/experienciadevida.com.ar\/portalurbano\/macri-pidio-por-la-vuelta-a-clases-y-cuestiono-a-los-gremios\/","title":{"rendered":"Macri pidi\u00f3 por la vuelta a clases y cuestion\u00f3 a los gremios"},"content":{"rendered":"<p>Macri pidi\u00f3 por la vuelta a clases y cuestion\u00f3 a los gremios y critica al Gobierno por la falta de clases presenciales y apunta al rol de los sindicatos.<\/p>\n<p>El expresidente Mauricio Macri pidi\u00f3 hoy por el regreso a clases presenciales en el marco de la pandemia de coronavirus, apunt\u00f3 contra los gremios docentes y defendi\u00f3 a la ministra de Educaci\u00f3n, Soledad Acu\u00f1a, tras sus dichos sobre los maestros.<\/p>\n<p>El ex Presidente volvi\u00f3 a cuestionar hoy a la gesti\u00f3n de Alberto Fern\u00e1ndez. \u201c\u00bfPor qu\u00e9 el Gobierno nacional insiste en mantener cerradas las escuelas, despu\u00e9s de una cuarentena larga, ineficaz y destructiva? Nuestros chicos tienen que volver a clase lo antes posible\u201d, sostuvo el expresidente.<\/p>\n<p>El l\u00edder del PRO consider\u00f3 que \u201cen el mundo ya existe un amplio consenso sobre la ineficacia de cerrar las escuelas para combatir el virus, basado en decenas de estudios cient\u00edficos\u201d y que \u201cen nuestro pa\u00eds, en cambio, el Gobierno nacional todav\u00eda se niega a permitir la reapertura\u201d.<\/p>\n<p>Macri opin\u00f3 que \u201cencerrar a los ni\u00f1os fue un error no s\u00f3lo acad\u00e9mico y social sino tambi\u00e9n sanitario\u201d ya que \u201cva a generar que el a\u00f1o que viene, cuando vuelvan a salir despu\u00e9s de tantos meses en sus casas, sufran m\u00e1s enfermedades respiratorias o diarreas, entre otras, porque van a estar peor preparados\u201d.<\/p>\n<p>Asimismo, se\u00f1al\u00f3 que \u201cla educaci\u00f3n virtual no ha logrado reemplazar el proceso de aprendizaje\u201d, que el aislamiento \u201cda\u00f1o \u201cel bienestar emocional de los chicos\u201d y que \u201ccada d\u00eda sin clases presenciales aumentan la desigualdad y el riesgo de abandono escolar\u201d.<\/p>\n<p>En la misma l\u00ednea, cuestion\u00f3 a los sindicatos. \u201cDurante mi mandato, los l\u00edderes gremiales reaccionaban enseguida ante cualquier supuesta amenaza a la educaci\u00f3n p\u00fablica. Ahora perdieron la capacidad de reacci\u00f3n, no se inmutan ante esta cat\u00e1strofe que estamos viviendo\u201d, apunt\u00f3.<\/p>\n<p>Y defendi\u00f3 a la ministra de Educaci\u00f3n porte\u00f1a, quien la semana pasada dijo que quienes deciden ser maestros lo hacen \u201cluego de haber fracasado en otras carreras\u201d y \u201celigen militar en lugar de hacer docencia\u201d.<\/p>\n<p>Macri indic\u00f3 que \u201ccon las escuelas abiertas como punto de partida deber\u00edamos construir los acuerdos que necesitamos para mejorar la calidad de la educaci\u00f3n argentina\u201d. \u201cTenemos que animarnos a debatir sobre estos temas, como hace con valent\u00eda Soledad Acu\u00f1a\u201d, afirm\u00f3.<\/p>\n<p>Fuente: DIB<\/p>\n","protected":false},"excerpt":{"rendered":"<p>Macri pidi\u00f3 por la vuelta a clases y cuestion\u00f3 a los gremios y critica al&#8230;<\/p>\n","protected":false},"author":1,"featured_media":127991,"comment_status":"closed","ping_status":"closed","sticky":false,"template":"","format":"standard","meta":{"content-type":""},"categories":[39],"tags":[],"nelio_content":{"isAutoShareEnabled":false,"autoShareEndMode":"default","automationSources":{"useContentSentences":true,"useSocialTemplates":true,"useCustomSentences":false,"customSentences":[]},"followers":[1],"suggestedReferences":[],"includedReferences":[],"efiUrl":"","efiAlt":"","highlights":[]},"yoast_head":"<!-- This site is optimized with the Yoast SEO plugin v20.7 - https:\/\/yoast.com\/wordpress\/plugins\/seo\/ -->\n<title>Macri pidi\u00f3 por la vuelta a clases y cuestion\u00f3 a los gremios<\/title>\n<meta name=\"description\" content=\"Macri pidi\u00f3 por la vuelta a clases y cuestion\u00f3 a los gremios y al Gobierno por la falta de clases presenciales y apunta los sindicatos.\" \/>\n<meta name=\"robots\" content=\"index, follow, max-snippet:-1, max-image-preview:large, max-video-preview:-1\" \/>\n<link rel=\"canonical\" href=\"https:\/\/experienciadevida.com.ar\/portalurbano\/macri-pidio-por-la-vuelta-a-clases-y-cuestiono-a-los-gremios\/\" \/>\n<meta property=\"og:locale\" content=\"es_ES\" \/>\n<meta property=\"og:type\" content=\"article\" \/>\n<meta property=\"og:title\" content=\"Macri pidi\u00f3 por la vuelta a clases y cuestion\u00f3 a los gremios\" \/>\n<meta property=\"og:description\" content=\"Macri pidi\u00f3 por la vuelta a clases y cuestion\u00f3 a los gremios y al Gobierno por la falta de clases presenciales y apunta los sindicatos.\" \/>\n<meta property=\"og:url\" content=\"https:\/\/experienciadevida.com.ar\/portalurbano\/macri-pidio-por-la-vuelta-a-clases-y-cuestiono-a-los-gremios\/\" \/>\n<meta property=\"article:publisher\" content=\"https:\/\/www.facebook.com\/Portal-Urbano-171542830093757\/\" \/>\n<meta property=\"article:published_time\" content=\"2020-11-22T20:11:27+00:00\" \/>\n<meta property=\"article:modified_time\" content=\"2020-11-22T20:11:57+00:00\" \/>\n<meta property=\"og:image\" content=\"https:\/\/experienciadevida.com.ar\/portalurbano\/wp-content\/uploads\/2020\/11\/Macri.jpg\" \/>\n\t<meta property=\"og:image:width\" content=\"696\" \/>\n\t<meta property=\"og:image:height\" content=\"450\" \/>\n\t<meta property=\"og:image:type\" content=\"image\/jpeg\" \/>\n<meta name=\"author\" content=\"admpu17wp\" \/>\n<meta name=\"twitter:card\" content=\"summary_large_image\" \/>\n<meta name=\"twitter:creator\" content=\"@portalurbanook\" \/>\n<meta name=\"twitter:site\" content=\"@portalurbanook\" \/>\n<meta name=\"twitter:label1\" content=\"Escrito por\" \/>\n\t<meta name=\"twitter:data1\" content=\"admpu17wp\" \/>\n\t<meta name=\"twitter:label2\" content=\"Tiempo de lectura\" \/>\n\t<meta name=\"twitter:data2\" content=\"2 minutos\" \/>\n<script type=\"application\/ld+json\" class=\"yoast-schema-graph\">{\"@context\":\"https:\/\/schema.org\",\"@graph\":[{\"@type\":\"Article\",\"@id\":\"https:\/\/experienciadevida.com.ar\/portalurbano\/macri-pidio-por-la-vuelta-a-clases-y-cuestiono-a-los-gremios\/#article\",\"isPartOf\":{\"@id\":\"https:\/\/experienciadevida.com.ar\/portalurbano\/macri-pidio-por-la-vuelta-a-clases-y-cuestiono-a-los-gremios\/\"},\"author\":{\"name\":\"admpu17wp\",\"@id\":\"https:\/\/experienciadevida.com.ar\/portalurbano\/#\/schema\/person\/02dd326b1c4b056e9cc972486934a3a7\"},\"headline\":\"Macri pidi\u00f3 por la vuelta a clases y cuestion\u00f3 a los gremios\",\"datePublished\":\"2020-11-22T20:11:27+00:00\",\"dateModified\":\"2020-11-22T20:11:57+00:00\",\"mainEntityOfPage\":{\"@id\":\"https:\/\/experienciadevida.com.ar\/portalurbano\/macri-pidio-por-la-vuelta-a-clases-y-cuestiono-a-los-gremios\/\"},\"wordCount\":416,\"publisher\":{\"@id\":\"https:\/\/experienciadevida.com.ar\/portalurbano\/#organization\"},\"articleSection\":[\"Naci\u00f3n\"],\"inLanguage\":\"es\"},{\"@type\":\"WebPage\",\"@id\":\"https:\/\/experienciadevida.com.ar\/portalurbano\/macri-pidio-por-la-vuelta-a-clases-y-cuestiono-a-los-gremios\/\",\"url\":\"https:\/\/experienciadevida.com.ar\/portalurbano\/macri-pidio-por-la-vuelta-a-clases-y-cuestiono-a-los-gremios\/\",\"name\":\"Macri pidi\u00f3 por la vuelta a clases y cuestion\u00f3 a los gremios\",\"isPartOf\":{\"@id\":\"https:\/\/experienciadevida.com.ar\/portalurbano\/#website\"},\"datePublished\":\"2020-11-22T20:11:27+00:00\",\"dateModified\":\"2020-11-22T20:11:57+00:00\",\"description\":\"Macri pidi\u00f3 por la vuelta a clases y cuestion\u00f3 a los gremios y al Gobierno por la falta de clases presenciales y apunta los sindicatos.\",\"breadcrumb\":{\"@id\":\"https:\/\/experienciadevida.com.ar\/portalurbano\/macri-pidio-por-la-vuelta-a-clases-y-cuestiono-a-los-gremios\/#breadcrumb\"},\"inLanguage\":\"es\",\"potentialAction\":[{\"@type\":\"ReadAction\",\"target\":[\"https:\/\/experienciadevida.com.ar\/portalurbano\/macri-pidio-por-la-vuelta-a-clases-y-cuestiono-a-los-gremios\/\"]}]},{\"@type\":\"BreadcrumbList\",\"@id\":\"https:\/\/experienciadevida.com.ar\/portalurbano\/macri-pidio-por-la-vuelta-a-clases-y-cuestiono-a-los-gremios\/#breadcrumb\",\"itemListElement\":[{\"@type\":\"ListItem\",\"position\":1,\"name\":\"Portada\",\"item\":\"https:\/\/experienciadevida.com.ar\/portalurbano\/\"},{\"@type\":\"ListItem\",\"position\":2,\"name\":\"Macri pidi\u00f3 por la vuelta a clases y cuestion\u00f3 a los gremios\"}]},{\"@type\":\"WebSite\",\"@id\":\"https:\/\/experienciadevida.com.ar\/portalurbano\/#website\",\"url\":\"https:\/\/experienciadevida.com.ar\/portalurbano\/\",\"name\":\"\",\"description\":\"\",\"publisher\":{\"@id\":\"https:\/\/experienciadevida.com.ar\/portalurbano\/#organization\"},\"potentialAction\":[{\"@type\":\"SearchAction\",\"target\":{\"@type\":\"EntryPoint\",\"urlTemplate\":\"https:\/\/experienciadevida.com.ar\/portalurbano\/?s={search_term_string}\"},\"query-input\":\"required name=search_term_string\"}],\"inLanguage\":\"es\"},{\"@type\":\"Organization\",\"@id\":\"https:\/\/experienciadevida.com.ar\/portalurbano\/#organization\",\"name\":\"Portal Urbano\",\"url\":\"https:\/\/experienciadevida.com.ar\/portalurbano\/\",\"logo\":{\"@type\":\"ImageObject\",\"inLanguage\":\"es\",\"@id\":\"https:\/\/experienciadevida.com.ar\/portalurbano\/#\/schema\/logo\/image\/\",\"url\":\"https:\/\/experienciadevida.com.ar\/portalurbano\/wp-content\/uploads\/2019\/09\/Logo-Original.png\",\"contentUrl\":\"https:\/\/experienciadevida.com.ar\/portalurbano\/wp-content\/uploads\/2019\/09\/Logo-Original.png\",\"width\":2236,\"height\":1216,\"caption\":\"Portal Urbano\"},\"image\":{\"@id\":\"https:\/\/experienciadevida.com.ar\/portalurbano\/#\/schema\/logo\/image\/\"},\"sameAs\":[\"https:\/\/www.facebook.com\/Portal-Urbano-171542830093757\/\",\"https:\/\/twitter.com\/portalurbanook\",\"https:\/\/www.instagram.com\/_portalurbano\/\",\"https:\/\/www.youtube.com\/channel\/UCXhagIfszH8KxFiOok79zbA?view_as=subscriber\"]},{\"@type\":\"Person\",\"@id\":\"https:\/\/experienciadevida.com.ar\/portalurbano\/#\/schema\/person\/02dd326b1c4b056e9cc972486934a3a7\",\"name\":\"admpu17wp\",\"image\":{\"@type\":\"ImageObject\",\"inLanguage\":\"es\",\"@id\":\"https:\/\/experienciadevida.com.ar\/portalurbano\/#\/schema\/person\/image\/\",\"url\":\"https:\/\/secure.gravatar.com\/avatar\/830d4c57adaae6630765e449a6908047?s=96&d=mm&r=g\",\"contentUrl\":\"https:\/\/secure.gravatar.com\/avatar\/830d4c57adaae6630765e449a6908047?s=96&d=mm&r=g\",\"caption\":\"admpu17wp\"}}]}<\/script>\n<!-- \/ Yoast SEO plugin. -->","yoast_head_json":{"title":"Macri pidi\u00f3 por la vuelta a clases y cuestion\u00f3 a los gremios","description":"Macri pidi\u00f3 por la vuelta a clases y cuestion\u00f3 a los gremios y al Gobierno por la falta de clases presenciales y apunta los sindicatos.","robots":{"index":"index","follow":"follow","max-snippet":"max-snippet:-1","max-image-preview":"max-image-preview:large","max-video-preview":"max-video-preview:-1"},"canonical":"https:\/\/experienciadevida.com.ar\/portalurbano\/macri-pidio-por-la-vuelta-a-clases-y-cuestiono-a-los-gremios\/","og_locale":"es_ES","og_type":"article","og_title":"Macri pidi\u00f3 por la vuelta a clases y cuestion\u00f3 a los gremios","og_description":"Macri pidi\u00f3 por la vuelta a clases y cuestion\u00f3 a los gremios y al Gobierno por la falta de clases presenciales y apunta los sindicatos.","og_url":"https:\/\/experienciadevida.com.ar\/portalurbano\/macri-pidio-por-la-vuelta-a-clases-y-cuestiono-a-los-gremios\/","article_publisher":"https:\/\/www.facebook.com\/Portal-Urbano-171542830093757\/","article_published_time":"2020-11-22T20:11:27+00:00","article_modified_time":"2020-11-22T20:11:57+00:00","og_image":[{"width":696,"height":450,"url":"https:\/\/experienciadevida.com.ar\/portalurbano\/wp-content\/uploads\/2020\/11\/Macri.jpg","type":"image\/jpeg"}],"author":"admpu17wp","twitter_card":"summary_large_image","twitter_creator":"@portalurbanook","twitter_site":"@portalurbanook","twitter_misc":{"Escrito por":"admpu17wp","Tiempo de lectura":"2 minutos"},"schema":{"@context":"https:\/\/schema.org","@graph":[{"@type":"Article","@id":"https:\/\/experienciadevida.com.ar\/portalurbano\/macri-pidio-por-la-vuelta-a-clases-y-cuestiono-a-los-gremios\/#article","isPartOf":{"@id":"https:\/\/experienciadevida.com.ar\/portalurbano\/macri-pidio-por-la-vuelta-a-clases-y-cuestiono-a-los-gremios\/"},"author":{"name":"admpu17wp","@id":"https:\/\/experienciadevida.com.ar\/portalurbano\/#\/schema\/person\/02dd326b1c4b056e9cc972486934a3a7"},"headline":"Macri pidi\u00f3 por la vuelta a clases y cuestion\u00f3 a los gremios","datePublished":"2020-11-22T20:11:27+00:00","dateModified":"2020-11-22T20:11:57+00:00","mainEntityOfPage":{"@id":"https:\/\/experienciadevida.com.ar\/portalurbano\/macri-pidio-por-la-vuelta-a-clases-y-cuestiono-a-los-gremios\/"},"wordCount":416,"publisher":{"@id":"https:\/\/experienciadevida.com.ar\/portalurbano\/#organization"},"articleSection":["Naci\u00f3n"],"inLanguage":"es"},{"@type":"WebPage","@id":"https:\/\/experienciadevida.com.ar\/portalurbano\/macri-pidio-por-la-vuelta-a-clases-y-cuestiono-a-los-gremios\/","url":"https:\/\/experienciadevida.com.ar\/portalurbano\/macri-pidio-por-la-vuelta-a-clases-y-cuestiono-a-los-gremios\/","name":"Macri pidi\u00f3 por la vuelta a clases y cuestion\u00f3 a los gremios","isPartOf":{"@id":"https:\/\/experienciadevida.com.ar\/portalurbano\/#website"},"datePublished":"2020-11-22T20:11:27+00:00","dateModified":"2020-11-22T20:11:57+00:00","description":"Macri pidi\u00f3 por la vuelta a clases y cuestion\u00f3 a los gremios y al Gobierno por la falta de clases presenciales y apunta los sindicatos.","breadcrumb":{"@id":"https:\/\/experienciadevida.com.ar\/portalurbano\/macri-pidio-por-la-vuelta-a-clases-y-cuestiono-a-los-gremios\/#breadcrumb"},"inLanguage":"es","potentialAction":[{"@type":"ReadAction","target":["https:\/\/experienciadevida.com.ar\/portalurbano\/macri-pidio-por-la-vuelta-a-clases-y-cuestiono-a-los-gremios\/"]}]},{"@type":"BreadcrumbList","@id":"https:\/\/experienciadevida.com.ar\/portalurbano\/macri-pidio-por-la-vuelta-a-clases-y-cuestiono-a-los-gremios\/#breadcrumb","itemListElement":[{"@type":"ListItem","position":1,"name":"Portada","item":"https:\/\/experienciadevida.com.ar\/portalurbano\/"},{"@type":"ListItem","position":2,"name":"Macri pidi\u00f3 por la vuelta a clases y cuestion\u00f3 a los gremios"}]},{"@type":"WebSite","@id":"https:\/\/experienciadevida.com.ar\/portalurbano\/#website","url":"https:\/\/experienciadevida.com.ar\/portalurbano\/","name":"","description":"","publisher":{"@id":"https:\/\/experienciadevida.com.ar\/portalurbano\/#organization"},"potentialAction":[{"@type":"SearchAction","target":{"@type":"EntryPoint","urlTemplate":"https:\/\/experienciadevida.com.ar\/portalurbano\/?s={search_term_string}"},"query-input":"required name=search_term_string"}],"inLanguage":"es"},{"@type":"Organization","@id":"https:\/\/experienciadevida.com.ar\/portalurbano\/#organization","name":"Portal Urbano","url":"https:\/\/experienciadevida.com.ar\/portalurbano\/","logo":{"@type":"ImageObject","inLanguage":"es","@id":"https:\/\/experienciadevida.com.ar\/portalurbano\/#\/schema\/logo\/image\/","url":"https:\/\/experienciadevida.com.ar\/portalurbano\/wp-content\/uploads\/2019\/09\/Logo-Original.png","contentUrl":"https:\/\/experienciadevida.com.ar\/portalurbano\/wp-content\/uploads\/2019\/09\/Logo-Original.png","width":2236,"height":1216,"caption":"Portal Urbano"},"image":{"@id":"https:\/\/experienciadevida.com.ar\/portalurbano\/#\/schema\/logo\/image\/"},"sameAs":["https:\/\/www.facebook.com\/Portal-Urbano-171542830093757\/","https:\/\/twitter.com\/portalurbanook","https:\/\/www.instagram.com\/_portalurbano\/","https:\/\/www.youtube.com\/channel\/UCXhagIfszH8KxFiOok79zbA?view_as=subscriber"]},{"@type":"Person","@id":"https:\/\/experienciadevida.com.ar\/portalurbano\/#\/schema\/person\/02dd326b1c4b056e9cc972486934a3a7","name":"admpu17wp","image":{"@type":"ImageObject","inLanguage":"es","@id":"https:\/\/experienciadevida.com.ar\/portalurbano\/#\/schema\/person\/image\/","url":"https:\/\/secure.gravatar.com\/avatar\/830d4c57adaae6630765e449a6908047?s=96&d=mm&r=g","contentUrl":"https:\/\/secure.gravatar.com\/avatar\/830d4c57adaae6630765e449a6908047?s=96&d=mm&r=g","caption":"admpu17wp"}}]}},"featured_image_urls":{"full":["https:\/\/experienciadevida.com.ar\/portalurbano\/wp-content\/uploads\/2020\/11\/Macri.jpg",696,450,false],"thumbnail":["https:\/\/experienciadevida.com.ar\/portalurbano\/wp-content\/uploads\/2020\/11\/Macri-150x150.jpg",150,150,true],"medium":["https:\/\/experienciadevida.com.ar\/portalurbano\/wp-content\/uploads\/2020\/11\/Macri-300x194.jpg",300,194,true],"medium_large":["https:\/\/experienciadevida.com.ar\/portalurbano\/wp-content\/uploads\/2020\/11\/Macri.jpg",640,414,false],"large":["https:\/\/experienciadevida.com.ar\/portalurbano\/wp-content\/uploads\/2020\/11\/Macri.jpg",640,414,false],"ug_big":["https:\/\/experienciadevida.com.ar\/portalurbano\/wp-content\/uploads\/2020\/11\/Macri.jpg",696,450,false],"1536x1536":["https:\/\/experienciadevida.com.ar\/portalurbano\/wp-content\/uploads\/2020\/11\/Macri.jpg",696,450,false],"2048x2048":["https:\/\/experienciadevida.com.ar\/portalurbano\/wp-content\/uploads\/2020\/11\/Macri.jpg",696,450,false],"newsever-slider-full":["https:\/\/experienciadevida.com.ar\/portalurbano\/wp-content\/uploads\/2020\/11\/Macri.jpg",696,450,false],"newsever-featured":["https:\/\/experienciadevida.com.ar\/portalurbano\/wp-content\/uploads\/2020\/11\/Macri.jpg",696,450,false],"newsever-medium":["https:\/\/experienciadevida.com.ar\/portalurbano\/wp-content\/uploads\/2020\/11\/Macri.jpg",696,450,false],"web-stories-poster-portrait":["https:\/\/experienciadevida.com.ar\/portalurbano\/wp-content\/uploads\/2020\/11\/Macri.jpg",640,414,false],"web-stories-publisher-logo":["https:\/\/experienciadevida.com.ar\/portalurbano\/wp-content\/uploads\/2020\/11\/Macri.jpg",96,62,false],"web-stories-thumbnail":["https:\/\/experienciadevida.com.ar\/portalurbano\/wp-content\/uploads\/2020\/11\/Macri.jpg",150,97,false]},"author_info":{"display_name":"admpu17wp","author_link":"https:\/\/experienciadevida.com.ar\/portalurbano\/author\/admpu17wp\/"},"category_info":"<a href=\"https:\/\/experienciadevida.com.ar\/portalurbano\/category\/nacion\/\" rel=\"category tag\">Naci\u00f3n<\/a>","tag_info":"Naci\u00f3n","comment_count":"0","amp_enabled":true,"_links":{"self":[{"href":"https:\/\/experienciadevida.com.ar\/portalurbano\/wp-json\/wp\/v2\/posts\/127990"}],"collection":[{"href":"https:\/\/experienciadevida.com.ar\/portalurbano\/wp-json\/wp\/v2\/posts"}],"about":[{"href":"https:\/\/experienciadevida.com.ar\/portalurbano\/wp-json\/wp\/v2\/types\/post"}],"author":[{"embeddable":true,"href":"https:\/\/experienciadevida.com.ar\/portalurbano\/wp-json\/wp\/v2\/users\/1"}],"replies":[{"embeddable":true,"href":"https:\/\/experienciadevida.com.ar\/portalurbano\/wp-json\/wp\/v2\/comments?post=127990"}],"version-history":[{"count":1,"href":"https:\/\/experienciadevida.com.ar\/portalurbano\/wp-json\/wp\/v2\/posts\/127990\/revisions"}],"predecessor-version":[{"id":127992,"href":"https:\/\/experienciadevida.com.ar\/portalurbano\/wp-json\/wp\/v2\/posts\/127990\/revisions\/127992"}],"wp:featuredmedia":[{"embeddable":true,"href":"https:\/\/experienciadevida.com.ar\/portalurbano\/wp-json\/wp\/v2\/media\/127991"}],"wp:attachment":[{"href":"https:\/\/experienciadevida.com.ar\/portalurbano\/wp-json\/wp\/v2\/media?parent=127990"}],"wp:term":[{"taxonomy":"category","embeddable":true,"href":"https:\/\/experienciadevida.com.ar\/portalurbano\/wp-json\/wp\/v2\/categories?post=127990"},{"taxonomy":"post_tag","embeddable":true,"href":"https:\/\/experienciadevida.com.ar\/portalurbano\/wp-json\/wp\/v2\/tags?post=127990"}],"curies":[{"name":"wp","href":"https:\/\/api.w.org\/{rel}","templated":true}]}}