{"id":127981,"date":"2020-11-22T13:29:59","date_gmt":"2020-11-22T16:29:59","guid":{"rendered":"https:\/\/experienciadevida.com.ar\/portalurbano\/?p=127981"},"modified":"2020-11-22T20:35:21","modified_gmt":"2020-11-22T23:35:21","slug":"alejandro-santillan-continua-el-conflicto-entre-aoma-y-loma-negra","status":"publish","type":"post","link":"https:\/\/experienciadevida.com.ar\/portalurbano\/alejandro-santillan-continua-el-conflicto-entre-aoma-y-loma-negra\/","title":{"rendered":"Alejandro Santill\u00e1n: &#8220;Contin\u00faa el conflicto entre AOMA y Loma Negra&#8221;"},"content":{"rendered":"<p>El Secretario General de AOMA, Alejandro Santill\u00e1n,\u00a0 expuso el conflicto que mantienen los trabajadores con las empresas Minerar y Loma Negra, a pocos d\u00edas de la llegada del Presidente de la Naci\u00f3n, Alberto Fern\u00e1ndez.<\/p>\n<p>Este medio dialog\u00f3 con Santill\u00e1n\u00a0 y expres\u00f3 que\u00a0 &#8220;<em>los conflictos son diferentes pero tienen ciertas similitudes. En Minerar logramos llegar a una conciliaci\u00f3n obligatoria v\u00eda zoom, donde se dialogaron temas de seguridad y lo que ped\u00edan los trabajadores. Hasta el d\u00eda de hoy no han hecho pr\u00e1cticamente nada, lo que si han hecho es exigirle al trabajador para que colabore con el proceso de producci\u00f3n&#8221;.<\/em><\/p>\n<p><em>&#8220;Pero\u00a0 cuando los trabajadores le exigen algo a la empresa y no colaboran con la misma, deja de reinar la paz&#8221;.\u00a0<\/em><\/p>\n<p>A su vez mencion\u00f3 <em>&#8220;vienen aduciendo que los trabajadores no colaboran, con el encubrimiento y el aval de algunos funcionarios\u00a0 y esta empresa una multinacional que deja mucho que desear. Hoy mis compa\u00f1eros est\u00e1n trabajando con la presi\u00f3n de escribanos, una actitud que la venimos denunciando en el Ministerio de Provincia, se lo sacaron por la falta de seguridad o el mal encuadramiento que tienen mis compa\u00f1eros y hoy lo tiene el Ministerio de Naci\u00f3n donde sentimos que algunos Funcionarios del Ministerio de Naci\u00f3n est\u00e1n siendo funcionales a la empresa&#8221;.<\/em><\/p>\n<p><em>&#8220;Hay escasez de cemento donde aducen que los trabajadores no colaboran&#8221;.\u00a0<\/em><\/p>\n<p>Por \u00faltimo menciona\u00a0 y remarca que <em>&#8220;no estamos en contra de la llegada del Presidente, nos pone muy contento que venga, pero si las empresas le van a mostrar una parte de la realidad nosotros tenemos nuestra realidad, somos org\u00e1nicos y muy respetuosos. Queremos que los trabajadores est\u00e9n bien y nunca vamos a hacer nada para incomodar a nuestro Presidente, lo que necesitamos es que el poder pol\u00edtico sea equitativo\u00a0 y responsable&#8221;.\u00a0<\/em><\/p>\n<p><em>&#8220;Que se entere todo el mundo quien es Loma Negra y quien es Minerar&#8221;<\/em> dijo el Secretario de AOMA.<\/p>\n<div class=\"yrc-shell-cover yrc-single\" data-yrc-uid=\"69f225f0ec72e\" data-yrc-channel=\"{&quot;meta&quot;:{&quot;user&quot;:&quot;Portal Urbano&quot;,&quot;channel&quot;:&quot;UCXhagIfszH8KxFiOok79zbA&quot;,&quot;key&quot;:&quot;yrc_1524317601&quot;,&quot;apikey&quot;:&quot;AIzaSyCEhi-95k6t1rX4pDVqugauM-UyTfNHj8Q&quot;,&quot;cache&quot;:&quot;180&quot;,&quot;channel_uploads&quot;:&quot;UUXhagIfszH8KxFiOok79zbA&quot;,&quot;onlyonce&quot;:&quot;&quot;,&quot;tag&quot;:&quot;&quot;,&quot;per_page&quot;:&quot;12&quot;,&quot;maxv&quot;:&quot;500&quot;,&quot;ads&quot;:&quot;1&quot;,&quot;uid&quot;:&quot;69f225f0ec72e&quot;,&quot;nocookie&quot;:&quot;&quot;,&quot;single&quot;:true},&quot;style&quot;:{&quot;colors&quot;:{&quot;item&quot;:{&quot;background&quot;:&quot;inherit&quot;},&quot;button&quot;:{&quot;background&quot;:&quot;#333&quot;,&quot;color&quot;:&quot;#fff&quot;},&quot;color&quot;:{&quot;text&quot;:&quot;#fff&quot;,&quot;link&quot;:&quot;inherit&quot;,&quot;menu&quot;:&quot;#000&quot;,&quot;meta&quot;:&quot;inherit&quot;}},&quot;theme&quot;:{&quot;videos&quot;:{&quot;style&quot;:&quot;__grid&quot;,&quot;thumb&quot;:[&quot;large&quot;,&quot;open&quot;],&quot;desc&quot;:&quot;&quot;,&quot;carousel&quot;:{&quot;thumbs&quot;:&quot;4&quot;,&quot;thumbs_to_slide&quot;:&quot;2&quot;,&quot;spacing&quot;:&quot;8&quot;},&quot;carousel_nav&quot;:{&quot;modifier&quot;:&quot;__sides&quot;,&quot;position&quot;:&quot;left-none&quot;,&quot;location&quot;:&quot;prepend&quot;,&quot;background&quot;:&quot;#fff&quot;,&quot;color&quot;:&quot;#000&quot;,&quot;font_size&quot;:&quot;2&quot;,&quot;border_radius&quot;:&quot;0&quot;}},&quot;a&quot;:&quot;1&quot;},&quot;fit&quot;:&quot;false&quot;,&quot;playlists&quot;:&quot;true&quot;,&quot;uploads&quot;:&quot;true&quot;,&quot;player_mode&quot;:&quot;1&quot;,&quot;truncate&quot;:&quot;1&quot;,&quot;banner&quot;:&quot;true&quot;,&quot;thumb_margin&quot;:&quot;8&quot;,&quot;play_icon&quot;:&quot;&quot;,&quot;youtube_play_icon&quot;:&quot;&quot;,&quot;thumb_image_size&quot;:&quot;medium&quot;,&quot;default_tab&quot;:&quot;uploads&quot;,&quot;sticky&quot;:{&quot;enable&quot;:&quot;&quot;,&quot;width&quot;:&quot;400&quot;,&quot;position&quot;:&quot;bottom-right&quot;,&quot;only_above&quot;:&quot;768&quot;,&quot;margin&quot;:&quot;12&quot;},&quot;player&quot;:{&quot;show_desc&quot;:&quot;&quot;,&quot;show_meta&quot;:&quot;&quot;},&quot;menu&quot;:&quot;1&quot;,&quot;rating_style&quot;:&quot;NaN&quot;,&quot;rtl&quot;:false}}\" data-yrc-setup=\"\"><\/div>\r\n\t\t\t<script data-cfasync=\"false\" type=\"text\/javascript\">\r\n\t\t\t\tif( !window.YRC ) var YRC = {Data:{}};\r\n\t\t\t\tYRC.Data[\"69f225f0ec72e\"] = {\"video\":\"hZmyyQGqq9A\"};\r\n\t\t\t\t(function(){\r\n\t\t\t\t\tif(!YRC.loaded){\r\n\t\t\t\t\t    YRC.loaded = true;\r\n\t\t\t\t\t\tfunction YRC_Loader(){\r\n\t\t\t\t\t\t\t\/\/YRC.loaded = true;\r\n\t\t\t\t\t\t\tYRC.is_pro = false;\r\n\t\t\t\t\t\t\tYRC.is_pb = false;\r\n\t\t\t\t\t\t\tYRC.lang = {\"form\":{\"Videos\":\"Videos\",\"Playlists\":\"Playlists\",\"Search\":\"Search\",\"Loading\":\"Loading\",\"more\":\"more\",\"Nothing_found\":\"Nothing found\",\"Prev\":\"Previous\",\"Next\":\"Next\",\"consent_statement\":\"Allow cookies?\",\"consent_button\":\"Allow\",\"consent_privacy_policy\":\"Privacy policy\"},\"fui\":{\"sort_by\":\"Sort by\",\"relevant\":\"Relevant\",\"latest\":\"Latest\",\"liked\":\"Liked\",\"title\":\"Title\",\"views\":\"Views\",\"duration\":\"Duration\",\"any\":\"Any\",\"_short\":\"Short\",\"medium\":\"Medium\",\"_long\":\"Long\",\"uploaded\":\"Uploaded\",\"all_time\":\"All time\",\"live_now\":\"Live Now\",\"today\":\"Today\",\"ago\":\"ago\",\"last\":\"Last\",\"day\":\"day\",\"days\":\"days\",\"week\":\"week\",\"weeks\":\"weeks\",\"month\":\"month\",\"months\":\"months\",\"year\":\"year\",\"years\":\"years\",\"older\":\"Older\",\"show_more\":\"Show More\",\"show_less\":\"Show Less\",\"reply\":\"REPLY\",\"view_replies\":\"View replies\",\"write_comment\":\"Write comment...\",\"billion\":\"B\",\"million\":\"M\",\"thousand\":\"K\",\"max_plain_number\":1000,\"wplocale\":\"es_ES\"}};\r\n\t\t\t\t\t\t\tYRC.is_admin = false;\r\n\t\t\t\t\t\t\tvar script = document.createElement(\"script\");\r\n\t\t\t\t\t\t\t\tscript.setAttribute(\"data-cfasync\", \"false\");\r\n\t\t\t\t\t\t\t\tscript.setAttribute(\"type\", \"text\/javascript\");\r\n\t\t\t\t\t\t\t\tscript.src = \"https:\/\/experienciadevida.com.ar\/portalurbano\/wp-content\/plugins\/yourchannel\/js\/yrc.js?1.2.6\";\r\n\t\t\t\t\t\t\t\tscript.id = \"yrc-script\";\r\n\t\t\t\t\t\t\t\tdocument.querySelector(\"head\").appendChild(script);\r\n\t\t\t\t\t\t\tvar style = document.createElement(\"link\");\r\n\t\t\t\t\t\t\t\tstyle.rel = \"stylesheet\";\r\n\t\t\t\t\t\t\t\tstyle.href = \"https:\/\/experienciadevida.com.ar\/portalurbano\/wp-content\/plugins\/yourchannel\/css\/style.css?1.2.6\";\r\n\t\t\t\t\t\t\t\tstyle.type = \"text\/css\";\r\n\t\t\t\t\t\t\t\tdocument.querySelector(\"head\").appendChild(style);\r\n\t\t\t\t\t\t}\r\n\t\t\t\t\t\tif(window.jQuery){YRC_Loader();}else { var yrctimer2324 = window.setInterval(function(){\r\n\t\t\t\t\t\t\tif(window.jQuery){YRC_Loader(); window.clearInterval(yrctimer2324); }\r\n\t\t\t\t\t\t}, 250);}\r\n\t\t\t\t\t} else {if(YRC.EM)YRC.EM.trigger(\"yrc.newchannel\");}\r\n\t\t\t\t}());<\/script>\n<div class=\"yrc-shell-cover yrc-single\" data-yrc-uid=\"69f225f0ec948\" data-yrc-channel=\"{&quot;meta&quot;:{&quot;user&quot;:&quot;Portal Urbano&quot;,&quot;channel&quot;:&quot;UCXhagIfszH8KxFiOok79zbA&quot;,&quot;key&quot;:&quot;yrc_1524317601&quot;,&quot;apikey&quot;:&quot;AIzaSyCEhi-95k6t1rX4pDVqugauM-UyTfNHj8Q&quot;,&quot;cache&quot;:&quot;180&quot;,&quot;channel_uploads&quot;:&quot;UUXhagIfszH8KxFiOok79zbA&quot;,&quot;onlyonce&quot;:&quot;&quot;,&quot;tag&quot;:&quot;&quot;,&quot;per_page&quot;:&quot;12&quot;,&quot;maxv&quot;:&quot;500&quot;,&quot;ads&quot;:&quot;1&quot;,&quot;uid&quot;:&quot;69f225f0ec948&quot;,&quot;nocookie&quot;:&quot;&quot;,&quot;single&quot;:true},&quot;style&quot;:{&quot;colors&quot;:{&quot;item&quot;:{&quot;background&quot;:&quot;inherit&quot;},&quot;button&quot;:{&quot;background&quot;:&quot;#333&quot;,&quot;color&quot;:&quot;#fff&quot;},&quot;color&quot;:{&quot;text&quot;:&quot;#fff&quot;,&quot;link&quot;:&quot;inherit&quot;,&quot;menu&quot;:&quot;#000&quot;,&quot;meta&quot;:&quot;inherit&quot;}},&quot;theme&quot;:{&quot;videos&quot;:{&quot;style&quot;:&quot;__grid&quot;,&quot;thumb&quot;:[&quot;large&quot;,&quot;open&quot;],&quot;desc&quot;:&quot;&quot;,&quot;carousel&quot;:{&quot;thumbs&quot;:&quot;4&quot;,&quot;thumbs_to_slide&quot;:&quot;2&quot;,&quot;spacing&quot;:&quot;8&quot;},&quot;carousel_nav&quot;:{&quot;modifier&quot;:&quot;__sides&quot;,&quot;position&quot;:&quot;left-none&quot;,&quot;location&quot;:&quot;prepend&quot;,&quot;background&quot;:&quot;#fff&quot;,&quot;color&quot;:&quot;#000&quot;,&quot;font_size&quot;:&quot;2&quot;,&quot;border_radius&quot;:&quot;0&quot;}},&quot;a&quot;:&quot;1&quot;},&quot;fit&quot;:&quot;false&quot;,&quot;playlists&quot;:&quot;true&quot;,&quot;uploads&quot;:&quot;true&quot;,&quot;player_mode&quot;:&quot;1&quot;,&quot;truncate&quot;:&quot;1&quot;,&quot;banner&quot;:&quot;true&quot;,&quot;thumb_margin&quot;:&quot;8&quot;,&quot;play_icon&quot;:&quot;&quot;,&quot;youtube_play_icon&quot;:&quot;&quot;,&quot;thumb_image_size&quot;:&quot;medium&quot;,&quot;default_tab&quot;:&quot;uploads&quot;,&quot;sticky&quot;:{&quot;enable&quot;:&quot;&quot;,&quot;width&quot;:&quot;400&quot;,&quot;position&quot;:&quot;bottom-right&quot;,&quot;only_above&quot;:&quot;768&quot;,&quot;margin&quot;:&quot;12&quot;},&quot;player&quot;:{&quot;show_desc&quot;:&quot;&quot;,&quot;show_meta&quot;:&quot;&quot;},&quot;menu&quot;:&quot;1&quot;,&quot;rating_style&quot;:&quot;NaN&quot;,&quot;rtl&quot;:false}}\" data-yrc-setup=\"\"><\/div>\r\n\t\t\t<script data-cfasync=\"false\" type=\"text\/javascript\">\r\n\t\t\t\tif( !window.YRC ) var YRC = {Data:{}};\r\n\t\t\t\tYRC.Data[\"69f225f0ec948\"] = {\"video\":\"aMqoVXJ-6Ps\"};\r\n\t\t\t\t(function(){\r\n\t\t\t\t\tif(!YRC.loaded){\r\n\t\t\t\t\t    YRC.loaded = true;\r\n\t\t\t\t\t\tfunction YRC_Loader(){\r\n\t\t\t\t\t\t\t\/\/YRC.loaded = true;\r\n\t\t\t\t\t\t\tYRC.is_pro = false;\r\n\t\t\t\t\t\t\tYRC.is_pb = false;\r\n\t\t\t\t\t\t\tYRC.lang = {\"form\":{\"Videos\":\"Videos\",\"Playlists\":\"Playlists\",\"Search\":\"Search\",\"Loading\":\"Loading\",\"more\":\"more\",\"Nothing_found\":\"Nothing found\",\"Prev\":\"Previous\",\"Next\":\"Next\",\"consent_statement\":\"Allow cookies?\",\"consent_button\":\"Allow\",\"consent_privacy_policy\":\"Privacy policy\"},\"fui\":{\"sort_by\":\"Sort by\",\"relevant\":\"Relevant\",\"latest\":\"Latest\",\"liked\":\"Liked\",\"title\":\"Title\",\"views\":\"Views\",\"duration\":\"Duration\",\"any\":\"Any\",\"_short\":\"Short\",\"medium\":\"Medium\",\"_long\":\"Long\",\"uploaded\":\"Uploaded\",\"all_time\":\"All time\",\"live_now\":\"Live Now\",\"today\":\"Today\",\"ago\":\"ago\",\"last\":\"Last\",\"day\":\"day\",\"days\":\"days\",\"week\":\"week\",\"weeks\":\"weeks\",\"month\":\"month\",\"months\":\"months\",\"year\":\"year\",\"years\":\"years\",\"older\":\"Older\",\"show_more\":\"Show More\",\"show_less\":\"Show Less\",\"reply\":\"REPLY\",\"view_replies\":\"View replies\",\"write_comment\":\"Write comment...\",\"billion\":\"B\",\"million\":\"M\",\"thousand\":\"K\",\"max_plain_number\":1000,\"wplocale\":\"es_ES\"}};\r\n\t\t\t\t\t\t\tYRC.is_admin = false;\r\n\t\t\t\t\t\t\tvar script = document.createElement(\"script\");\r\n\t\t\t\t\t\t\t\tscript.setAttribute(\"data-cfasync\", \"false\");\r\n\t\t\t\t\t\t\t\tscript.setAttribute(\"type\", \"text\/javascript\");\r\n\t\t\t\t\t\t\t\tscript.src = \"https:\/\/experienciadevida.com.ar\/portalurbano\/wp-content\/plugins\/yourchannel\/js\/yrc.js?1.2.6\";\r\n\t\t\t\t\t\t\t\tscript.id = \"yrc-script\";\r\n\t\t\t\t\t\t\t\tdocument.querySelector(\"head\").appendChild(script);\r\n\t\t\t\t\t\t\tvar style = document.createElement(\"link\");\r\n\t\t\t\t\t\t\t\tstyle.rel = \"stylesheet\";\r\n\t\t\t\t\t\t\t\tstyle.href = \"https:\/\/experienciadevida.com.ar\/portalurbano\/wp-content\/plugins\/yourchannel\/css\/style.css?1.2.6\";\r\n\t\t\t\t\t\t\t\tstyle.type = \"text\/css\";\r\n\t\t\t\t\t\t\t\tdocument.querySelector(\"head\").appendChild(style);\r\n\t\t\t\t\t\t}\r\n\t\t\t\t\t\tif(window.jQuery){YRC_Loader();}else { var yrctimer2324 = window.setInterval(function(){\r\n\t\t\t\t\t\t\tif(window.jQuery){YRC_Loader(); window.clearInterval(yrctimer2324); }\r\n\t\t\t\t\t\t}, 250);}\r\n\t\t\t\t\t} else {if(YRC.EM)YRC.EM.trigger(\"yrc.newchannel\");}\r\n\t\t\t\t}());<\/script>\n","protected":false},"excerpt":{"rendered":"<p>El Secretario General de AOMA, Alejandro Santill\u00e1n,\u00a0 expuso el conflicto que mantienen los trabajadores con&#8230;<\/p>\n","protected":false},"author":1,"featured_media":127984,"comment_status":"closed","ping_status":"closed","sticky":false,"template":"","format":"standard","meta":{"content-type":""},"categories":[27,51],"tags":[],"nelio_content":{"isAutoShareEnabled":false,"autoShareEndMode":"default","automationSources":{"useContentSentences":true,"useSocialTemplates":true,"useCustomSentences":false,"customSentences":[]},"followers":[1],"suggestedReferences":[],"includedReferences":[],"efiUrl":"","efiAlt":"","highlights":[]},"yoast_head":"<!-- This site is optimized with the Yoast SEO plugin v20.7 - https:\/\/yoast.com\/wordpress\/plugins\/seo\/ -->\n<title>Alejandro Santill\u00e1n: Contin\u00faa el conflicto entre AOMA y Loma Negra<\/title>\n<meta name=\"description\" content=\"El Secretario General de AOMA, Alejandro Santill\u00e1n,\u00a0 expuso el conflicto que mantienen los trabajadores con las empresas Minerar y Loma Negra\" \/>\n<meta name=\"robots\" content=\"index, follow, max-snippet:-1, max-image-preview:large, max-video-preview:-1\" \/>\n<link rel=\"canonical\" href=\"https:\/\/experienciadevida.com.ar\/portalurbano\/alejandro-santillan-continua-el-conflicto-entre-aoma-y-loma-negra\/\" \/>\n<meta property=\"og:locale\" content=\"es_ES\" \/>\n<meta property=\"og:type\" content=\"article\" \/>\n<meta property=\"og:title\" content=\"Alejandro Santill\u00e1n: Contin\u00faa el conflicto entre AOMA y Loma Negra\" \/>\n<meta property=\"og:description\" content=\"El Secretario General de AOMA, Alejandro Santill\u00e1n,\u00a0 expuso el conflicto que mantienen los trabajadores con las empresas Minerar y Loma Negra\" \/>\n<meta property=\"og:url\" content=\"https:\/\/experienciadevida.com.ar\/portalurbano\/alejandro-santillan-continua-el-conflicto-entre-aoma-y-loma-negra\/\" \/>\n<meta property=\"article:publisher\" content=\"https:\/\/www.facebook.com\/Portal-Urbano-171542830093757\/\" \/>\n<meta property=\"article:published_time\" content=\"2020-11-22T16:29:59+00:00\" \/>\n<meta property=\"article:modified_time\" content=\"2020-11-22T23:35:21+00:00\" \/>\n<meta property=\"og:image\" content=\"https:\/\/experienciadevida.com.ar\/portalurbano\/wp-content\/uploads\/2020\/11\/Alejandro-Santillan.png\" \/>\n\t<meta property=\"og:image:width\" content=\"733\" \/>\n\t<meta property=\"og:image:height\" content=\"412\" \/>\n\t<meta property=\"og:image:type\" content=\"image\/png\" \/>\n<meta name=\"author\" content=\"admpu17wp\" \/>\n<meta name=\"twitter:card\" content=\"summary_large_image\" \/>\n<meta name=\"twitter:creator\" content=\"@portalurbanook\" \/>\n<meta name=\"twitter:site\" content=\"@portalurbanook\" \/>\n<meta name=\"twitter:label1\" content=\"Escrito por\" \/>\n\t<meta name=\"twitter:data1\" content=\"admpu17wp\" \/>\n\t<meta name=\"twitter:label2\" content=\"Tiempo de lectura\" \/>\n\t<meta name=\"twitter:data2\" content=\"2 minutos\" \/>\n<script type=\"application\/ld+json\" class=\"yoast-schema-graph\">{\"@context\":\"https:\/\/schema.org\",\"@graph\":[{\"@type\":\"Article\",\"@id\":\"https:\/\/experienciadevida.com.ar\/portalurbano\/alejandro-santillan-continua-el-conflicto-entre-aoma-y-loma-negra\/#article\",\"isPartOf\":{\"@id\":\"https:\/\/experienciadevida.com.ar\/portalurbano\/alejandro-santillan-continua-el-conflicto-entre-aoma-y-loma-negra\/\"},\"author\":{\"name\":\"admpu17wp\",\"@id\":\"https:\/\/experienciadevida.com.ar\/portalurbano\/#\/schema\/person\/02dd326b1c4b056e9cc972486934a3a7\"},\"headline\":\"Alejandro Santill\u00e1n: &#8220;Contin\u00faa el conflicto entre AOMA y Loma Negra&#8221;\",\"datePublished\":\"2020-11-22T16:29:59+00:00\",\"dateModified\":\"2020-11-22T23:35:21+00:00\",\"mainEntityOfPage\":{\"@id\":\"https:\/\/experienciadevida.com.ar\/portalurbano\/alejandro-santillan-continua-el-conflicto-entre-aoma-y-loma-negra\/\"},\"wordCount\":365,\"publisher\":{\"@id\":\"https:\/\/experienciadevida.com.ar\/portalurbano\/#organization\"},\"articleSection\":[\"Ciudad\",\"Destacadas\"],\"inLanguage\":\"es\"},{\"@type\":\"WebPage\",\"@id\":\"https:\/\/experienciadevida.com.ar\/portalurbano\/alejandro-santillan-continua-el-conflicto-entre-aoma-y-loma-negra\/\",\"url\":\"https:\/\/experienciadevida.com.ar\/portalurbano\/alejandro-santillan-continua-el-conflicto-entre-aoma-y-loma-negra\/\",\"name\":\"Alejandro Santill\u00e1n: Contin\u00faa el conflicto entre AOMA y Loma Negra\",\"isPartOf\":{\"@id\":\"https:\/\/experienciadevida.com.ar\/portalurbano\/#website\"},\"datePublished\":\"2020-11-22T16:29:59+00:00\",\"dateModified\":\"2020-11-22T23:35:21+00:00\",\"description\":\"El Secretario General de AOMA, Alejandro Santill\u00e1n,\u00a0 expuso el conflicto que mantienen los trabajadores con las empresas Minerar y Loma Negra\",\"breadcrumb\":{\"@id\":\"https:\/\/experienciadevida.com.ar\/portalurbano\/alejandro-santillan-continua-el-conflicto-entre-aoma-y-loma-negra\/#breadcrumb\"},\"inLanguage\":\"es\",\"potentialAction\":[{\"@type\":\"ReadAction\",\"target\":[\"https:\/\/experienciadevida.com.ar\/portalurbano\/alejandro-santillan-continua-el-conflicto-entre-aoma-y-loma-negra\/\"]}]},{\"@type\":\"BreadcrumbList\",\"@id\":\"https:\/\/experienciadevida.com.ar\/portalurbano\/alejandro-santillan-continua-el-conflicto-entre-aoma-y-loma-negra\/#breadcrumb\",\"itemListElement\":[{\"@type\":\"ListItem\",\"position\":1,\"name\":\"Portada\",\"item\":\"https:\/\/experienciadevida.com.ar\/portalurbano\/\"},{\"@type\":\"ListItem\",\"position\":2,\"name\":\"Alejandro Santill\u00e1n: \u00abContin\u00faa el conflicto entre AOMA y Loma Negra\u00bb\"}]},{\"@type\":\"WebSite\",\"@id\":\"https:\/\/experienciadevida.com.ar\/portalurbano\/#website\",\"url\":\"https:\/\/experienciadevida.com.ar\/portalurbano\/\",\"name\":\"\",\"description\":\"\",\"publisher\":{\"@id\":\"https:\/\/experienciadevida.com.ar\/portalurbano\/#organization\"},\"potentialAction\":[{\"@type\":\"SearchAction\",\"target\":{\"@type\":\"EntryPoint\",\"urlTemplate\":\"https:\/\/experienciadevida.com.ar\/portalurbano\/?s={search_term_string}\"},\"query-input\":\"required name=search_term_string\"}],\"inLanguage\":\"es\"},{\"@type\":\"Organization\",\"@id\":\"https:\/\/experienciadevida.com.ar\/portalurbano\/#organization\",\"name\":\"Portal Urbano\",\"url\":\"https:\/\/experienciadevida.com.ar\/portalurbano\/\",\"logo\":{\"@type\":\"ImageObject\",\"inLanguage\":\"es\",\"@id\":\"https:\/\/experienciadevida.com.ar\/portalurbano\/#\/schema\/logo\/image\/\",\"url\":\"https:\/\/experienciadevida.com.ar\/portalurbano\/wp-content\/uploads\/2019\/09\/Logo-Original.png\",\"contentUrl\":\"https:\/\/experienciadevida.com.ar\/portalurbano\/wp-content\/uploads\/2019\/09\/Logo-Original.png\",\"width\":2236,\"height\":1216,\"caption\":\"Portal Urbano\"},\"image\":{\"@id\":\"https:\/\/experienciadevida.com.ar\/portalurbano\/#\/schema\/logo\/image\/\"},\"sameAs\":[\"https:\/\/www.facebook.com\/Portal-Urbano-171542830093757\/\",\"https:\/\/twitter.com\/portalurbanook\",\"https:\/\/www.instagram.com\/_portalurbano\/\",\"https:\/\/www.youtube.com\/channel\/UCXhagIfszH8KxFiOok79zbA?view_as=subscriber\"]},{\"@type\":\"Person\",\"@id\":\"https:\/\/experienciadevida.com.ar\/portalurbano\/#\/schema\/person\/02dd326b1c4b056e9cc972486934a3a7\",\"name\":\"admpu17wp\",\"image\":{\"@type\":\"ImageObject\",\"inLanguage\":\"es\",\"@id\":\"https:\/\/experienciadevida.com.ar\/portalurbano\/#\/schema\/person\/image\/\",\"url\":\"https:\/\/secure.gravatar.com\/avatar\/830d4c57adaae6630765e449a6908047?s=96&d=mm&r=g\",\"contentUrl\":\"https:\/\/secure.gravatar.com\/avatar\/830d4c57adaae6630765e449a6908047?s=96&d=mm&r=g\",\"caption\":\"admpu17wp\"}}]}<\/script>\n<!-- \/ Yoast SEO plugin. -->","yoast_head_json":{"title":"Alejandro Santill\u00e1n: Contin\u00faa el conflicto entre AOMA y Loma Negra","description":"El Secretario General de AOMA, Alejandro Santill\u00e1n,\u00a0 expuso el conflicto que mantienen los trabajadores con las empresas Minerar y Loma Negra","robots":{"index":"index","follow":"follow","max-snippet":"max-snippet:-1","max-image-preview":"max-image-preview:large","max-video-preview":"max-video-preview:-1"},"canonical":"https:\/\/experienciadevida.com.ar\/portalurbano\/alejandro-santillan-continua-el-conflicto-entre-aoma-y-loma-negra\/","og_locale":"es_ES","og_type":"article","og_title":"Alejandro Santill\u00e1n: Contin\u00faa el conflicto entre AOMA y Loma Negra","og_description":"El Secretario General de AOMA, Alejandro Santill\u00e1n,\u00a0 expuso el conflicto que mantienen los trabajadores con las empresas Minerar y Loma Negra","og_url":"https:\/\/experienciadevida.com.ar\/portalurbano\/alejandro-santillan-continua-el-conflicto-entre-aoma-y-loma-negra\/","article_publisher":"https:\/\/www.facebook.com\/Portal-Urbano-171542830093757\/","article_published_time":"2020-11-22T16:29:59+00:00","article_modified_time":"2020-11-22T23:35:21+00:00","og_image":[{"width":733,"height":412,"url":"https:\/\/experienciadevida.com.ar\/portalurbano\/wp-content\/uploads\/2020\/11\/Alejandro-Santillan.png","type":"image\/png"}],"author":"admpu17wp","twitter_card":"summary_large_image","twitter_creator":"@portalurbanook","twitter_site":"@portalurbanook","twitter_misc":{"Escrito por":"admpu17wp","Tiempo de lectura":"2 minutos"},"schema":{"@context":"https:\/\/schema.org","@graph":[{"@type":"Article","@id":"https:\/\/experienciadevida.com.ar\/portalurbano\/alejandro-santillan-continua-el-conflicto-entre-aoma-y-loma-negra\/#article","isPartOf":{"@id":"https:\/\/experienciadevida.com.ar\/portalurbano\/alejandro-santillan-continua-el-conflicto-entre-aoma-y-loma-negra\/"},"author":{"name":"admpu17wp","@id":"https:\/\/experienciadevida.com.ar\/portalurbano\/#\/schema\/person\/02dd326b1c4b056e9cc972486934a3a7"},"headline":"Alejandro Santill\u00e1n: &#8220;Contin\u00faa el conflicto entre AOMA y Loma Negra&#8221;","datePublished":"2020-11-22T16:29:59+00:00","dateModified":"2020-11-22T23:35:21+00:00","mainEntityOfPage":{"@id":"https:\/\/experienciadevida.com.ar\/portalurbano\/alejandro-santillan-continua-el-conflicto-entre-aoma-y-loma-negra\/"},"wordCount":365,"publisher":{"@id":"https:\/\/experienciadevida.com.ar\/portalurbano\/#organization"},"articleSection":["Ciudad","Destacadas"],"inLanguage":"es"},{"@type":"WebPage","@id":"https:\/\/experienciadevida.com.ar\/portalurbano\/alejandro-santillan-continua-el-conflicto-entre-aoma-y-loma-negra\/","url":"https:\/\/experienciadevida.com.ar\/portalurbano\/alejandro-santillan-continua-el-conflicto-entre-aoma-y-loma-negra\/","name":"Alejandro Santill\u00e1n: Contin\u00faa el conflicto entre AOMA y Loma Negra","isPartOf":{"@id":"https:\/\/experienciadevida.com.ar\/portalurbano\/#website"},"datePublished":"2020-11-22T16:29:59+00:00","dateModified":"2020-11-22T23:35:21+00:00","description":"El Secretario General de AOMA, Alejandro Santill\u00e1n,\u00a0 expuso el conflicto que mantienen los trabajadores con las empresas Minerar y Loma Negra","breadcrumb":{"@id":"https:\/\/experienciadevida.com.ar\/portalurbano\/alejandro-santillan-continua-el-conflicto-entre-aoma-y-loma-negra\/#breadcrumb"},"inLanguage":"es","potentialAction":[{"@type":"ReadAction","target":["https:\/\/experienciadevida.com.ar\/portalurbano\/alejandro-santillan-continua-el-conflicto-entre-aoma-y-loma-negra\/"]}]},{"@type":"BreadcrumbList","@id":"https:\/\/experienciadevida.com.ar\/portalurbano\/alejandro-santillan-continua-el-conflicto-entre-aoma-y-loma-negra\/#breadcrumb","itemListElement":[{"@type":"ListItem","position":1,"name":"Portada","item":"https:\/\/experienciadevida.com.ar\/portalurbano\/"},{"@type":"ListItem","position":2,"name":"Alejandro Santill\u00e1n: \u00abContin\u00faa el conflicto entre AOMA y Loma Negra\u00bb"}]},{"@type":"WebSite","@id":"https:\/\/experienciadevida.com.ar\/portalurbano\/#website","url":"https:\/\/experienciadevida.com.ar\/portalurbano\/","name":"","description":"","publisher":{"@id":"https:\/\/experienciadevida.com.ar\/portalurbano\/#organization"},"potentialAction":[{"@type":"SearchAction","target":{"@type":"EntryPoint","urlTemplate":"https:\/\/experienciadevida.com.ar\/portalurbano\/?s={search_term_string}"},"query-input":"required name=search_term_string"}],"inLanguage":"es"},{"@type":"Organization","@id":"https:\/\/experienciadevida.com.ar\/portalurbano\/#organization","name":"Portal Urbano","url":"https:\/\/experienciadevida.com.ar\/portalurbano\/","logo":{"@type":"ImageObject","inLanguage":"es","@id":"https:\/\/experienciadevida.com.ar\/portalurbano\/#\/schema\/logo\/image\/","url":"https:\/\/experienciadevida.com.ar\/portalurbano\/wp-content\/uploads\/2019\/09\/Logo-Original.png","contentUrl":"https:\/\/experienciadevida.com.ar\/portalurbano\/wp-content\/uploads\/2019\/09\/Logo-Original.png","width":2236,"height":1216,"caption":"Portal Urbano"},"image":{"@id":"https:\/\/experienciadevida.com.ar\/portalurbano\/#\/schema\/logo\/image\/"},"sameAs":["https:\/\/www.facebook.com\/Portal-Urbano-171542830093757\/","https:\/\/twitter.com\/portalurbanook","https:\/\/www.instagram.com\/_portalurbano\/","https:\/\/www.youtube.com\/channel\/UCXhagIfszH8KxFiOok79zbA?view_as=subscriber"]},{"@type":"Person","@id":"https:\/\/experienciadevida.com.ar\/portalurbano\/#\/schema\/person\/02dd326b1c4b056e9cc972486934a3a7","name":"admpu17wp","image":{"@type":"ImageObject","inLanguage":"es","@id":"https:\/\/experienciadevida.com.ar\/portalurbano\/#\/schema\/person\/image\/","url":"https:\/\/secure.gravatar.com\/avatar\/830d4c57adaae6630765e449a6908047?s=96&d=mm&r=g","contentUrl":"https:\/\/secure.gravatar.com\/avatar\/830d4c57adaae6630765e449a6908047?s=96&d=mm&r=g","caption":"admpu17wp"}}]}},"featured_image_urls":{"full":["https:\/\/experienciadevida.com.ar\/portalurbano\/wp-content\/uploads\/2020\/11\/Alejandro-Santillan.png",733,412,false],"thumbnail":["https:\/\/experienciadevida.com.ar\/portalurbano\/wp-content\/uploads\/2020\/11\/Alejandro-Santillan-150x150.png",150,150,true],"medium":["https:\/\/experienciadevida.com.ar\/portalurbano\/wp-content\/uploads\/2020\/11\/Alejandro-Santillan-300x169.png",300,169,true],"medium_large":["https:\/\/experienciadevida.com.ar\/portalurbano\/wp-content\/uploads\/2020\/11\/Alejandro-Santillan.png",640,360,false],"large":["https:\/\/experienciadevida.com.ar\/portalurbano\/wp-content\/uploads\/2020\/11\/Alejandro-Santillan.png",640,360,false],"ug_big":["https:\/\/experienciadevida.com.ar\/portalurbano\/wp-content\/uploads\/2020\/11\/Alejandro-Santillan.png",733,412,false],"1536x1536":["https:\/\/experienciadevida.com.ar\/portalurbano\/wp-content\/uploads\/2020\/11\/Alejandro-Santillan.png",733,412,false],"2048x2048":["https:\/\/experienciadevida.com.ar\/portalurbano\/wp-content\/uploads\/2020\/11\/Alejandro-Santillan.png",733,412,false],"newsever-slider-full":["https:\/\/experienciadevida.com.ar\/portalurbano\/wp-content\/uploads\/2020\/11\/Alejandro-Santillan.png",733,412,false],"newsever-featured":["https:\/\/experienciadevida.com.ar\/portalurbano\/wp-content\/uploads\/2020\/11\/Alejandro-Santillan.png",733,412,false],"newsever-medium":["https:\/\/experienciadevida.com.ar\/portalurbano\/wp-content\/uploads\/2020\/11\/Alejandro-Santillan.png",720,405,false],"web-stories-poster-portrait":["https:\/\/experienciadevida.com.ar\/portalurbano\/wp-content\/uploads\/2020\/11\/Alejandro-Santillan.png",640,360,false],"web-stories-publisher-logo":["https:\/\/experienciadevida.com.ar\/portalurbano\/wp-content\/uploads\/2020\/11\/Alejandro-Santillan.png",96,54,false],"web-stories-thumbnail":["https:\/\/experienciadevida.com.ar\/portalurbano\/wp-content\/uploads\/2020\/11\/Alejandro-Santillan.png",150,84,false]},"author_info":{"display_name":"admpu17wp","author_link":"https:\/\/experienciadevida.com.ar\/portalurbano\/author\/admpu17wp\/"},"category_info":"<a href=\"https:\/\/experienciadevida.com.ar\/portalurbano\/category\/ciudad\/\" rel=\"category tag\">Ciudad<\/a> <a href=\"https:\/\/experienciadevida.com.ar\/portalurbano\/category\/destacadas\/\" rel=\"category tag\">Destacadas<\/a>","tag_info":"Destacadas","comment_count":"0","amp_enabled":true,"_links":{"self":[{"href":"https:\/\/experienciadevida.com.ar\/portalurbano\/wp-json\/wp\/v2\/posts\/127981"}],"collection":[{"href":"https:\/\/experienciadevida.com.ar\/portalurbano\/wp-json\/wp\/v2\/posts"}],"about":[{"href":"https:\/\/experienciadevida.com.ar\/portalurbano\/wp-json\/wp\/v2\/types\/post"}],"author":[{"embeddable":true,"href":"https:\/\/experienciadevida.com.ar\/portalurbano\/wp-json\/wp\/v2\/users\/1"}],"replies":[{"embeddable":true,"href":"https:\/\/experienciadevida.com.ar\/portalurbano\/wp-json\/wp\/v2\/comments?post=127981"}],"version-history":[{"count":6,"href":"https:\/\/experienciadevida.com.ar\/portalurbano\/wp-json\/wp\/v2\/posts\/127981\/revisions"}],"predecessor-version":[{"id":127994,"href":"https:\/\/experienciadevida.com.ar\/portalurbano\/wp-json\/wp\/v2\/posts\/127981\/revisions\/127994"}],"wp:featuredmedia":[{"embeddable":true,"href":"https:\/\/experienciadevida.com.ar\/portalurbano\/wp-json\/wp\/v2\/media\/127984"}],"wp:attachment":[{"href":"https:\/\/experienciadevida.com.ar\/portalurbano\/wp-json\/wp\/v2\/media?parent=127981"}],"wp:term":[{"taxonomy":"category","embeddable":true,"href":"https:\/\/experienciadevida.com.ar\/portalurbano\/wp-json\/wp\/v2\/categories?post=127981"},{"taxonomy":"post_tag","embeddable":true,"href":"https:\/\/experienciadevida.com.ar\/portalurbano\/wp-json\/wp\/v2\/tags?post=127981"}],"curies":[{"name":"wp","href":"https:\/\/api.w.org\/{rel}","templated":true}]}}