{"id":127856,"date":"2020-11-20T17:14:43","date_gmt":"2020-11-20T20:14:43","guid":{"rendered":"https:\/\/experienciadevida.com.ar\/portalurbano\/?p=127856"},"modified":"2020-11-20T17:17:16","modified_gmt":"2020-11-20T20:17:16","slug":"se-realizo-el-acto-protocolar-por-el-dia-de-la-soberania-nacional","status":"publish","type":"post","link":"https:\/\/experienciadevida.com.ar\/portalurbano\/se-realizo-el-acto-protocolar-por-el-dia-de-la-soberania-nacional\/","title":{"rendered":"Se realiz\u00f3 el acto protocolar por el D\u00eda de la Soberan\u00eda Nacional"},"content":{"rendered":"<p>En la tarde de este viernes se realiz\u00f3 el acto protocolar en conmemoraci\u00f3n al D\u00eda de la Soberan\u00eda Nacional, que homenajea la batalla de la Vuelta de Obligado, librada el 20 de noviembre de 1845.<\/p>\n<p><a href=\"https:\/\/experienciadevida.com.ar\/portalurbano\/se-realizo-el-acto-protocolar-por-el-dia-de-la-soberania-nacional\/soberania\/\" rel=\"attachment wp-att-127859\"><img decoding=\"async\" class=\"alignnone size-full wp-image-127859\" src=\"https:\/\/experienciadevida.com.ar\/portalurbano\/wp-content\/uploads\/2020\/11\/Soberania.jpg\" alt=\"Soberan\u00eda\" width=\"1968\" height=\"1312\" srcset=\"https:\/\/experienciadevida.com.ar\/portalurbano\/wp-content\/uploads\/2020\/11\/Soberania.jpg 1968w, https:\/\/experienciadevida.com.ar\/portalurbano\/wp-content\/uploads\/2020\/11\/Soberania-300x200.jpg 300w, https:\/\/experienciadevida.com.ar\/portalurbano\/wp-content\/uploads\/2020\/11\/Soberania-1024x683.jpg 1024w, https:\/\/experienciadevida.com.ar\/portalurbano\/wp-content\/uploads\/2020\/11\/Soberania-768x512.jpg 768w, https:\/\/experienciadevida.com.ar\/portalurbano\/wp-content\/uploads\/2020\/11\/Soberania-1536x1024.jpg 1536w\" sizes=\"(max-width: 1968px) 100vw, 1968px\" \/><\/a><\/p>\n<p>La jornada tuvo lugar en el Monumento Gesta de Malvinas en el Parque del Bicentenario. Fue organizada por la Municipalidad del Partido de Olavarr\u00eda y la Comisi\u00f3n de Hijos Generaci\u00f3n Malvinas Olavarr\u00eda.<\/p>\n<p>Participaron del acto el presidente del Honorable Concejo Deliberante Bruno Cenizo, referentes de la Agrupaci\u00f3n Veteranos de Guerra \u201c2 de Abril\u201d y la Comisi\u00f3n de Hijos Generaci\u00f3n Malvinas Olavarr\u00eda.<\/p>\n<p><a href=\"https:\/\/experienciadevida.com.ar\/portalurbano\/se-realizo-el-acto-protocolar-por-el-dia-de-la-soberania-nacional\/nacional\/\" rel=\"attachment wp-att-127861\"><img decoding=\"async\" class=\"alignnone size-full wp-image-127861\" src=\"https:\/\/experienciadevida.com.ar\/portalurbano\/wp-content\/uploads\/2020\/11\/Nacional.jpg\" alt=\"Nacional\" width=\"1968\" height=\"1312\" srcset=\"https:\/\/experienciadevida.com.ar\/portalurbano\/wp-content\/uploads\/2020\/11\/Nacional.jpg 1968w, https:\/\/experienciadevida.com.ar\/portalurbano\/wp-content\/uploads\/2020\/11\/Nacional-300x200.jpg 300w, https:\/\/experienciadevida.com.ar\/portalurbano\/wp-content\/uploads\/2020\/11\/Nacional-1024x683.jpg 1024w, https:\/\/experienciadevida.com.ar\/portalurbano\/wp-content\/uploads\/2020\/11\/Nacional-768x512.jpg 768w, https:\/\/experienciadevida.com.ar\/portalurbano\/wp-content\/uploads\/2020\/11\/Nacional-1536x1024.jpg 1536w\" sizes=\"(max-width: 1968px) 100vw, 1968px\" \/><\/a><\/p>\n<p>Cabe destacar que el acto se desarroll\u00f3 sin presencia de p\u00fablico dado el contexto de pandemia y el cumplimiento de los protocolos de bioseguridad.<\/p>\n<p>La jornada dio inicio con la entonaci\u00f3n de las estrofas del Himno Nacional Argentino, tras lo cual se llev\u00f3 a cabo la colocaci\u00f3n de palmas al pie del Monumento, a cargo esto \u00faltimo lo hizo el presidente del HCD Bruno Cenizo en representaci\u00f3n de toda la comunidad; as\u00ed como tambi\u00e9n el titular de la Agrupaci\u00f3n Veteranos de Guerra \u201c2 de Abril\u201d Jos\u00e9 Trinch\u00edn, acompa\u00f1ado por Armando Do Santos.<\/p>\n<p>Tambi\u00e9n lo hicieron en representaci\u00f3n de la Comisi\u00f3n de Hijos Generaci\u00f3n Malvinas Olavarr\u00eda, Fabricio Trinch\u00edn y Cintia Fernandez, y representando a Rinc\u00f3n de la Patria fueron Yesica Duhau y Carlos Villalba<\/p>\n<p>Culminada esta instancia se brindaron las palabras alusivas. En esta oportunidad, para referirse a esta emotiva fecha hizo uso de la palabra Ra\u00fal Torrecilla, integrante de la Agrupaci\u00f3n Veteranos de Guerra \u201c2 de Abril\u201d y luego fue el turno de Y\u00e9sica Duhau como integrante de la Comisi\u00f3n de Hijos Generaci\u00f3n Malvinas.<\/p>\n<p>A continuaci\u00f3n, los presentes entonaron la Marcha a Malvinas.<\/p>\n<p>Cabe destacar que, en conmemoraci\u00f3n a la fecha, el Palacio Municipal San Mart\u00edn y el puente colgante se iluminar\u00e1n de color azul en la noche de este 20 de noviembre.<\/p>\n","protected":false},"excerpt":{"rendered":"<p>En la tarde de este viernes se realiz\u00f3 el acto protocolar en conmemoraci\u00f3n al D\u00eda&#8230;<\/p>\n","protected":false},"author":1,"featured_media":127857,"comment_status":"closed","ping_status":"closed","sticky":false,"template":"","format":"standard","meta":{"content-type":""},"categories":[27,51],"tags":[],"nelio_content":{"isAutoShareEnabled":false,"autoShareEndMode":"default","automationSources":{"useContentSentences":true,"useSocialTemplates":true,"useCustomSentences":false,"customSentences":[]},"followers":[1],"suggestedReferences":[],"includedReferences":[],"efiUrl":"","efiAlt":"","highlights":[]},"yoast_head":"<!-- This site is optimized with the Yoast SEO plugin v20.7 - https:\/\/yoast.com\/wordpress\/plugins\/seo\/ -->\n<title>Se realiz\u00f3 el acto protocolar por el d\u00eda de la soberan\u00eda nacional<\/title>\n<meta name=\"description\" content=\"Se realiz\u00f3 el acto protocolar en conmemoraci\u00f3n al D\u00eda de la Soberan\u00eda Nacional, que homenajea la batalla de la Vuelta de Obligado,\" \/>\n<meta name=\"robots\" content=\"index, follow, max-snippet:-1, max-image-preview:large, max-video-preview:-1\" \/>\n<link rel=\"canonical\" href=\"https:\/\/experienciadevida.com.ar\/portalurbano\/se-realizo-el-acto-protocolar-por-el-dia-de-la-soberania-nacional\/\" \/>\n<meta property=\"og:locale\" content=\"es_ES\" \/>\n<meta property=\"og:type\" content=\"article\" \/>\n<meta property=\"og:title\" content=\"Se realiz\u00f3 el acto protocolar por el d\u00eda de la soberan\u00eda nacional\" \/>\n<meta property=\"og:description\" content=\"Se realiz\u00f3 el acto protocolar en conmemoraci\u00f3n al D\u00eda de la Soberan\u00eda Nacional, que homenajea la batalla de la Vuelta de Obligado,\" \/>\n<meta property=\"og:url\" content=\"https:\/\/experienciadevida.com.ar\/portalurbano\/se-realizo-el-acto-protocolar-por-el-dia-de-la-soberania-nacional\/\" \/>\n<meta property=\"article:publisher\" content=\"https:\/\/www.facebook.com\/Portal-Urbano-171542830093757\/\" \/>\n<meta property=\"article:published_time\" content=\"2020-11-20T20:14:43+00:00\" \/>\n<meta property=\"article:modified_time\" content=\"2020-11-20T20:17:16+00:00\" \/>\n<meta property=\"og:image\" content=\"https:\/\/experienciadevida.com.ar\/portalurbano\/wp-content\/uploads\/2020\/11\/Soberania-nacional.jpg\" \/>\n\t<meta property=\"og:image:width\" content=\"1968\" \/>\n\t<meta property=\"og:image:height\" content=\"1312\" \/>\n\t<meta property=\"og:image:type\" content=\"image\/jpeg\" \/>\n<meta name=\"author\" content=\"admpu17wp\" \/>\n<meta name=\"twitter:card\" content=\"summary_large_image\" \/>\n<meta name=\"twitter:creator\" content=\"@portalurbanook\" \/>\n<meta name=\"twitter:site\" content=\"@portalurbanook\" \/>\n<meta name=\"twitter:label1\" content=\"Escrito por\" \/>\n\t<meta name=\"twitter:data1\" content=\"admpu17wp\" \/>\n\t<meta name=\"twitter:label2\" content=\"Tiempo de lectura\" \/>\n\t<meta name=\"twitter:data2\" content=\"2 minutos\" \/>\n<script type=\"application\/ld+json\" class=\"yoast-schema-graph\">{\"@context\":\"https:\/\/schema.org\",\"@graph\":[{\"@type\":\"Article\",\"@id\":\"https:\/\/experienciadevida.com.ar\/portalurbano\/se-realizo-el-acto-protocolar-por-el-dia-de-la-soberania-nacional\/#article\",\"isPartOf\":{\"@id\":\"https:\/\/experienciadevida.com.ar\/portalurbano\/se-realizo-el-acto-protocolar-por-el-dia-de-la-soberania-nacional\/\"},\"author\":{\"name\":\"admpu17wp\",\"@id\":\"https:\/\/experienciadevida.com.ar\/portalurbano\/#\/schema\/person\/02dd326b1c4b056e9cc972486934a3a7\"},\"headline\":\"Se realiz\u00f3 el acto protocolar por el D\u00eda de la Soberan\u00eda Nacional\",\"datePublished\":\"2020-11-20T20:14:43+00:00\",\"dateModified\":\"2020-11-20T20:17:16+00:00\",\"mainEntityOfPage\":{\"@id\":\"https:\/\/experienciadevida.com.ar\/portalurbano\/se-realizo-el-acto-protocolar-por-el-dia-de-la-soberania-nacional\/\"},\"wordCount\":352,\"publisher\":{\"@id\":\"https:\/\/experienciadevida.com.ar\/portalurbano\/#organization\"},\"articleSection\":[\"Ciudad\",\"Destacadas\"],\"inLanguage\":\"es\"},{\"@type\":\"WebPage\",\"@id\":\"https:\/\/experienciadevida.com.ar\/portalurbano\/se-realizo-el-acto-protocolar-por-el-dia-de-la-soberania-nacional\/\",\"url\":\"https:\/\/experienciadevida.com.ar\/portalurbano\/se-realizo-el-acto-protocolar-por-el-dia-de-la-soberania-nacional\/\",\"name\":\"Se realiz\u00f3 el acto protocolar por el d\u00eda de la soberan\u00eda nacional\",\"isPartOf\":{\"@id\":\"https:\/\/experienciadevida.com.ar\/portalurbano\/#website\"},\"datePublished\":\"2020-11-20T20:14:43+00:00\",\"dateModified\":\"2020-11-20T20:17:16+00:00\",\"description\":\"Se realiz\u00f3 el acto protocolar en conmemoraci\u00f3n al D\u00eda de la Soberan\u00eda Nacional, que homenajea la batalla de la Vuelta de Obligado,\",\"breadcrumb\":{\"@id\":\"https:\/\/experienciadevida.com.ar\/portalurbano\/se-realizo-el-acto-protocolar-por-el-dia-de-la-soberania-nacional\/#breadcrumb\"},\"inLanguage\":\"es\",\"potentialAction\":[{\"@type\":\"ReadAction\",\"target\":[\"https:\/\/experienciadevida.com.ar\/portalurbano\/se-realizo-el-acto-protocolar-por-el-dia-de-la-soberania-nacional\/\"]}]},{\"@type\":\"BreadcrumbList\",\"@id\":\"https:\/\/experienciadevida.com.ar\/portalurbano\/se-realizo-el-acto-protocolar-por-el-dia-de-la-soberania-nacional\/#breadcrumb\",\"itemListElement\":[{\"@type\":\"ListItem\",\"position\":1,\"name\":\"Portada\",\"item\":\"https:\/\/experienciadevida.com.ar\/portalurbano\/\"},{\"@type\":\"ListItem\",\"position\":2,\"name\":\"Se realiz\u00f3 el acto protocolar por el D\u00eda de la Soberan\u00eda Nacional\"}]},{\"@type\":\"WebSite\",\"@id\":\"https:\/\/experienciadevida.com.ar\/portalurbano\/#website\",\"url\":\"https:\/\/experienciadevida.com.ar\/portalurbano\/\",\"name\":\"\",\"description\":\"\",\"publisher\":{\"@id\":\"https:\/\/experienciadevida.com.ar\/portalurbano\/#organization\"},\"potentialAction\":[{\"@type\":\"SearchAction\",\"target\":{\"@type\":\"EntryPoint\",\"urlTemplate\":\"https:\/\/experienciadevida.com.ar\/portalurbano\/?s={search_term_string}\"},\"query-input\":\"required name=search_term_string\"}],\"inLanguage\":\"es\"},{\"@type\":\"Organization\",\"@id\":\"https:\/\/experienciadevida.com.ar\/portalurbano\/#organization\",\"name\":\"Portal Urbano\",\"url\":\"https:\/\/experienciadevida.com.ar\/portalurbano\/\",\"logo\":{\"@type\":\"ImageObject\",\"inLanguage\":\"es\",\"@id\":\"https:\/\/experienciadevida.com.ar\/portalurbano\/#\/schema\/logo\/image\/\",\"url\":\"https:\/\/experienciadevida.com.ar\/portalurbano\/wp-content\/uploads\/2019\/09\/Logo-Original.png\",\"contentUrl\":\"https:\/\/experienciadevida.com.ar\/portalurbano\/wp-content\/uploads\/2019\/09\/Logo-Original.png\",\"width\":2236,\"height\":1216,\"caption\":\"Portal Urbano\"},\"image\":{\"@id\":\"https:\/\/experienciadevida.com.ar\/portalurbano\/#\/schema\/logo\/image\/\"},\"sameAs\":[\"https:\/\/www.facebook.com\/Portal-Urbano-171542830093757\/\",\"https:\/\/twitter.com\/portalurbanook\",\"https:\/\/www.instagram.com\/_portalurbano\/\",\"https:\/\/www.youtube.com\/channel\/UCXhagIfszH8KxFiOok79zbA?view_as=subscriber\"]},{\"@type\":\"Person\",\"@id\":\"https:\/\/experienciadevida.com.ar\/portalurbano\/#\/schema\/person\/02dd326b1c4b056e9cc972486934a3a7\",\"name\":\"admpu17wp\",\"image\":{\"@type\":\"ImageObject\",\"inLanguage\":\"es\",\"@id\":\"https:\/\/experienciadevida.com.ar\/portalurbano\/#\/schema\/person\/image\/\",\"url\":\"https:\/\/secure.gravatar.com\/avatar\/830d4c57adaae6630765e449a6908047?s=96&d=mm&r=g\",\"contentUrl\":\"https:\/\/secure.gravatar.com\/avatar\/830d4c57adaae6630765e449a6908047?s=96&d=mm&r=g\",\"caption\":\"admpu17wp\"}}]}<\/script>\n<!-- \/ Yoast SEO plugin. -->","yoast_head_json":{"title":"Se realiz\u00f3 el acto protocolar por el d\u00eda de la soberan\u00eda nacional","description":"Se realiz\u00f3 el acto protocolar en conmemoraci\u00f3n al D\u00eda de la Soberan\u00eda Nacional, que homenajea la batalla de la Vuelta de Obligado,","robots":{"index":"index","follow":"follow","max-snippet":"max-snippet:-1","max-image-preview":"max-image-preview:large","max-video-preview":"max-video-preview:-1"},"canonical":"https:\/\/experienciadevida.com.ar\/portalurbano\/se-realizo-el-acto-protocolar-por-el-dia-de-la-soberania-nacional\/","og_locale":"es_ES","og_type":"article","og_title":"Se realiz\u00f3 el acto protocolar por el d\u00eda de la soberan\u00eda nacional","og_description":"Se realiz\u00f3 el acto protocolar en conmemoraci\u00f3n al D\u00eda de la Soberan\u00eda Nacional, que homenajea la batalla de la Vuelta de Obligado,","og_url":"https:\/\/experienciadevida.com.ar\/portalurbano\/se-realizo-el-acto-protocolar-por-el-dia-de-la-soberania-nacional\/","article_publisher":"https:\/\/www.facebook.com\/Portal-Urbano-171542830093757\/","article_published_time":"2020-11-20T20:14:43+00:00","article_modified_time":"2020-11-20T20:17:16+00:00","og_image":[{"width":1968,"height":1312,"url":"https:\/\/experienciadevida.com.ar\/portalurbano\/wp-content\/uploads\/2020\/11\/Soberania-nacional.jpg","type":"image\/jpeg"}],"author":"admpu17wp","twitter_card":"summary_large_image","twitter_creator":"@portalurbanook","twitter_site":"@portalurbanook","twitter_misc":{"Escrito por":"admpu17wp","Tiempo de lectura":"2 minutos"},"schema":{"@context":"https:\/\/schema.org","@graph":[{"@type":"Article","@id":"https:\/\/experienciadevida.com.ar\/portalurbano\/se-realizo-el-acto-protocolar-por-el-dia-de-la-soberania-nacional\/#article","isPartOf":{"@id":"https:\/\/experienciadevida.com.ar\/portalurbano\/se-realizo-el-acto-protocolar-por-el-dia-de-la-soberania-nacional\/"},"author":{"name":"admpu17wp","@id":"https:\/\/experienciadevida.com.ar\/portalurbano\/#\/schema\/person\/02dd326b1c4b056e9cc972486934a3a7"},"headline":"Se realiz\u00f3 el acto protocolar por el D\u00eda de la Soberan\u00eda Nacional","datePublished":"2020-11-20T20:14:43+00:00","dateModified":"2020-11-20T20:17:16+00:00","mainEntityOfPage":{"@id":"https:\/\/experienciadevida.com.ar\/portalurbano\/se-realizo-el-acto-protocolar-por-el-dia-de-la-soberania-nacional\/"},"wordCount":352,"publisher":{"@id":"https:\/\/experienciadevida.com.ar\/portalurbano\/#organization"},"articleSection":["Ciudad","Destacadas"],"inLanguage":"es"},{"@type":"WebPage","@id":"https:\/\/experienciadevida.com.ar\/portalurbano\/se-realizo-el-acto-protocolar-por-el-dia-de-la-soberania-nacional\/","url":"https:\/\/experienciadevida.com.ar\/portalurbano\/se-realizo-el-acto-protocolar-por-el-dia-de-la-soberania-nacional\/","name":"Se realiz\u00f3 el acto protocolar por el d\u00eda de la soberan\u00eda nacional","isPartOf":{"@id":"https:\/\/experienciadevida.com.ar\/portalurbano\/#website"},"datePublished":"2020-11-20T20:14:43+00:00","dateModified":"2020-11-20T20:17:16+00:00","description":"Se realiz\u00f3 el acto protocolar en conmemoraci\u00f3n al D\u00eda de la Soberan\u00eda Nacional, que homenajea la batalla de la Vuelta de Obligado,","breadcrumb":{"@id":"https:\/\/experienciadevida.com.ar\/portalurbano\/se-realizo-el-acto-protocolar-por-el-dia-de-la-soberania-nacional\/#breadcrumb"},"inLanguage":"es","potentialAction":[{"@type":"ReadAction","target":["https:\/\/experienciadevida.com.ar\/portalurbano\/se-realizo-el-acto-protocolar-por-el-dia-de-la-soberania-nacional\/"]}]},{"@type":"BreadcrumbList","@id":"https:\/\/experienciadevida.com.ar\/portalurbano\/se-realizo-el-acto-protocolar-por-el-dia-de-la-soberania-nacional\/#breadcrumb","itemListElement":[{"@type":"ListItem","position":1,"name":"Portada","item":"https:\/\/experienciadevida.com.ar\/portalurbano\/"},{"@type":"ListItem","position":2,"name":"Se realiz\u00f3 el acto protocolar por el D\u00eda de la Soberan\u00eda Nacional"}]},{"@type":"WebSite","@id":"https:\/\/experienciadevida.com.ar\/portalurbano\/#website","url":"https:\/\/experienciadevida.com.ar\/portalurbano\/","name":"","description":"","publisher":{"@id":"https:\/\/experienciadevida.com.ar\/portalurbano\/#organization"},"potentialAction":[{"@type":"SearchAction","target":{"@type":"EntryPoint","urlTemplate":"https:\/\/experienciadevida.com.ar\/portalurbano\/?s={search_term_string}"},"query-input":"required name=search_term_string"}],"inLanguage":"es"},{"@type":"Organization","@id":"https:\/\/experienciadevida.com.ar\/portalurbano\/#organization","name":"Portal Urbano","url":"https:\/\/experienciadevida.com.ar\/portalurbano\/","logo":{"@type":"ImageObject","inLanguage":"es","@id":"https:\/\/experienciadevida.com.ar\/portalurbano\/#\/schema\/logo\/image\/","url":"https:\/\/experienciadevida.com.ar\/portalurbano\/wp-content\/uploads\/2019\/09\/Logo-Original.png","contentUrl":"https:\/\/experienciadevida.com.ar\/portalurbano\/wp-content\/uploads\/2019\/09\/Logo-Original.png","width":2236,"height":1216,"caption":"Portal Urbano"},"image":{"@id":"https:\/\/experienciadevida.com.ar\/portalurbano\/#\/schema\/logo\/image\/"},"sameAs":["https:\/\/www.facebook.com\/Portal-Urbano-171542830093757\/","https:\/\/twitter.com\/portalurbanook","https:\/\/www.instagram.com\/_portalurbano\/","https:\/\/www.youtube.com\/channel\/UCXhagIfszH8KxFiOok79zbA?view_as=subscriber"]},{"@type":"Person","@id":"https:\/\/experienciadevida.com.ar\/portalurbano\/#\/schema\/person\/02dd326b1c4b056e9cc972486934a3a7","name":"admpu17wp","image":{"@type":"ImageObject","inLanguage":"es","@id":"https:\/\/experienciadevida.com.ar\/portalurbano\/#\/schema\/person\/image\/","url":"https:\/\/secure.gravatar.com\/avatar\/830d4c57adaae6630765e449a6908047?s=96&d=mm&r=g","contentUrl":"https:\/\/secure.gravatar.com\/avatar\/830d4c57adaae6630765e449a6908047?s=96&d=mm&r=g","caption":"admpu17wp"}}]}},"featured_image_urls":{"full":["https:\/\/experienciadevida.com.ar\/portalurbano\/wp-content\/uploads\/2020\/11\/Soberania-nacional.jpg",1968,1312,false],"thumbnail":["https:\/\/experienciadevida.com.ar\/portalurbano\/wp-content\/uploads\/2020\/11\/Soberania-nacional-150x150.jpg",150,150,true],"medium":["https:\/\/experienciadevida.com.ar\/portalurbano\/wp-content\/uploads\/2020\/11\/Soberania-nacional-300x200.jpg",300,200,true],"medium_large":["https:\/\/experienciadevida.com.ar\/portalurbano\/wp-content\/uploads\/2020\/11\/Soberania-nacional-768x512.jpg",640,427,true],"large":["https:\/\/experienciadevida.com.ar\/portalurbano\/wp-content\/uploads\/2020\/11\/Soberania-nacional-1024x683.jpg",640,427,true],"ug_big":["https:\/\/experienciadevida.com.ar\/portalurbano\/wp-content\/uploads\/2020\/11\/Soberania-nacional-768x512.jpg",768,512,true],"1536x1536":["https:\/\/experienciadevida.com.ar\/portalurbano\/wp-content\/uploads\/2020\/11\/Soberania-nacional-1536x1024.jpg",1536,1024,true],"2048x2048":["https:\/\/experienciadevida.com.ar\/portalurbano\/wp-content\/uploads\/2020\/11\/Soberania-nacional.jpg",1968,1312,false],"newsever-slider-full":["https:\/\/experienciadevida.com.ar\/portalurbano\/wp-content\/uploads\/2020\/11\/Soberania-nacional.jpg",1268,845,false],"newsever-featured":["https:\/\/experienciadevida.com.ar\/portalurbano\/wp-content\/uploads\/2020\/11\/Soberania-nacional.jpg",1024,683,false],"newsever-medium":["https:\/\/experienciadevida.com.ar\/portalurbano\/wp-content\/uploads\/2020\/11\/Soberania-nacional.jpg",713,475,false],"web-stories-poster-portrait":["https:\/\/experienciadevida.com.ar\/portalurbano\/wp-content\/uploads\/2020\/11\/Soberania-nacional.jpg",640,427,false],"web-stories-publisher-logo":["https:\/\/experienciadevida.com.ar\/portalurbano\/wp-content\/uploads\/2020\/11\/Soberania-nacional.jpg",96,64,false],"web-stories-thumbnail":["https:\/\/experienciadevida.com.ar\/portalurbano\/wp-content\/uploads\/2020\/11\/Soberania-nacional.jpg",150,100,false]},"author_info":{"display_name":"admpu17wp","author_link":"https:\/\/experienciadevida.com.ar\/portalurbano\/author\/admpu17wp\/"},"category_info":"<a href=\"https:\/\/experienciadevida.com.ar\/portalurbano\/category\/ciudad\/\" rel=\"category tag\">Ciudad<\/a> <a href=\"https:\/\/experienciadevida.com.ar\/portalurbano\/category\/destacadas\/\" rel=\"category tag\">Destacadas<\/a>","tag_info":"Destacadas","comment_count":"0","amp_enabled":true,"_links":{"self":[{"href":"https:\/\/experienciadevida.com.ar\/portalurbano\/wp-json\/wp\/v2\/posts\/127856"}],"collection":[{"href":"https:\/\/experienciadevida.com.ar\/portalurbano\/wp-json\/wp\/v2\/posts"}],"about":[{"href":"https:\/\/experienciadevida.com.ar\/portalurbano\/wp-json\/wp\/v2\/types\/post"}],"author":[{"embeddable":true,"href":"https:\/\/experienciadevida.com.ar\/portalurbano\/wp-json\/wp\/v2\/users\/1"}],"replies":[{"embeddable":true,"href":"https:\/\/experienciadevida.com.ar\/portalurbano\/wp-json\/wp\/v2\/comments?post=127856"}],"version-history":[{"count":3,"href":"https:\/\/experienciadevida.com.ar\/portalurbano\/wp-json\/wp\/v2\/posts\/127856\/revisions"}],"predecessor-version":[{"id":127862,"href":"https:\/\/experienciadevida.com.ar\/portalurbano\/wp-json\/wp\/v2\/posts\/127856\/revisions\/127862"}],"wp:featuredmedia":[{"embeddable":true,"href":"https:\/\/experienciadevida.com.ar\/portalurbano\/wp-json\/wp\/v2\/media\/127857"}],"wp:attachment":[{"href":"https:\/\/experienciadevida.com.ar\/portalurbano\/wp-json\/wp\/v2\/media?parent=127856"}],"wp:term":[{"taxonomy":"category","embeddable":true,"href":"https:\/\/experienciadevida.com.ar\/portalurbano\/wp-json\/wp\/v2\/categories?post=127856"},{"taxonomy":"post_tag","embeddable":true,"href":"https:\/\/experienciadevida.com.ar\/portalurbano\/wp-json\/wp\/v2\/tags?post=127856"}],"curies":[{"name":"wp","href":"https:\/\/api.w.org\/{rel}","templated":true}]}}