{"id":127827,"date":"2020-11-20T12:52:16","date_gmt":"2020-11-20T15:52:16","guid":{"rendered":"https:\/\/experienciadevida.com.ar\/portalurbano\/?p=127827"},"modified":"2020-11-20T12:58:27","modified_gmt":"2020-11-20T15:58:27","slug":"el-intendente-galli-encabezo-una-nueva-entrega-de-microcreditos-2","status":"publish","type":"post","link":"https:\/\/experienciadevida.com.ar\/portalurbano\/el-intendente-galli-encabezo-una-nueva-entrega-de-microcreditos-2\/","title":{"rendered":"El intendente Galli encabez\u00f3 una nueva entrega de microcr\u00e9ditos"},"content":{"rendered":"<p>En la ma\u00f1ana de este viernes, el intendente Ezequiel Galli una nueva entrega de microcr\u00e9ditos de CONAMI.<\/p>\n<p><a href=\"https:\/\/experienciadevida.com.ar\/portalurbano\/el-intendente-galli-encabezo-una-nueva-entrega-de-microcreditos-2\/de-entrega-microcreditos-3\/\" rel=\"attachment wp-att-127833\"><img decoding=\"async\" class=\"alignnone size-full wp-image-127833\" src=\"https:\/\/experienciadevida.com.ar\/portalurbano\/wp-content\/uploads\/2020\/11\/DE-Entrega-Microcreditos-3.jpg\" alt=\"\" width=\"1968\" height=\"1312\" srcset=\"https:\/\/experienciadevida.com.ar\/portalurbano\/wp-content\/uploads\/2020\/11\/DE-Entrega-Microcreditos-3.jpg 1968w, https:\/\/experienciadevida.com.ar\/portalurbano\/wp-content\/uploads\/2020\/11\/DE-Entrega-Microcreditos-3-300x200.jpg 300w, https:\/\/experienciadevida.com.ar\/portalurbano\/wp-content\/uploads\/2020\/11\/DE-Entrega-Microcreditos-3-1024x683.jpg 1024w, https:\/\/experienciadevida.com.ar\/portalurbano\/wp-content\/uploads\/2020\/11\/DE-Entrega-Microcreditos-3-768x512.jpg 768w, https:\/\/experienciadevida.com.ar\/portalurbano\/wp-content\/uploads\/2020\/11\/DE-Entrega-Microcreditos-3-1536x1024.jpg 1536w\" sizes=\"(max-width: 1968px) 100vw, 1968px\" \/><\/a><\/p>\n<p>El acto se llev\u00f3 a cabo en el Sal\u00f3n Blanco del Palacio San Mart\u00edn y cont\u00f3 con la presencia del mandatario comunal acompa\u00f1ado por el Secretario de Desarrollo Econ\u00f3mico Julio Valetutto y el Director de Econom\u00eda Social Leonardo Maiola.<\/p>\n<p><em>\u201cEl emprendedorismo est\u00e1 creciendo much\u00edsimo en todos lados\u201d<\/em>\u00a0destac\u00f3 Ezequiel Galli, al tiempo que felicit\u00f3 a los adjudicatarios y expres\u00f3:\u00a0<em>\u201cdeseamos que puedan con esto hacer ese peque\u00f1o salto de calidad que les permita un crecimiento en su proyecto\u201d.<\/em><\/p>\n<p>Se trata de la 23\u00ba entrega de microcr\u00e9ditos, en esta ocasi\u00f3n de un monto de 50 mil pesos. En esta oportunidad los adjudicatarios fueron los siguientes emprendedores:<\/p>\n<p><a href=\"https:\/\/experienciadevida.com.ar\/portalurbano\/el-intendente-galli-encabezo-una-nueva-entrega-de-microcreditos-2\/de-entrega-microcreditos-4\/\" rel=\"attachment wp-att-127834\"><img decoding=\"async\" class=\"alignnone size-full wp-image-127834\" src=\"https:\/\/experienciadevida.com.ar\/portalurbano\/wp-content\/uploads\/2020\/11\/DE-Entrega-Microcreditos-4-e1605887804781.jpg\" alt=\"\" width=\"765\" height=\"510\" \/><\/a><\/p>\n<p>Melisa Garro. Actividad: fabricaci\u00f3n de cuadernos artesanales. El microcr\u00e9dito ser\u00e1 destinado a la compra de una m\u00e1quina para fijar ojalillos y arandelas, materia prima e insumos. El emprendimiento representa la principal fuente de ingresos de la familia.<\/p>\n<p>Mauricio Ramos. Actividad: apicultura. El microcr\u00e9dito ser\u00e1 destinado a la compra de batea chica, extractor manual, cera y az\u00facar. El emprendimiento representa un ingreso complementario para la familia.<\/p>\n<p><a href=\"https:\/\/experienciadevida.com.ar\/portalurbano\/el-intendente-galli-encabezo-una-nueva-entrega-de-microcreditos-2\/de-entrega-microcreditos-2\/\" rel=\"attachment wp-att-127835\"><img decoding=\"async\" class=\"alignnone size-full wp-image-127835\" src=\"https:\/\/experienciadevida.com.ar\/portalurbano\/wp-content\/uploads\/2020\/11\/DE-Entrega-Microcreditos-2-e1605887903695.jpg\" alt=\"\" width=\"765\" height=\"510\" \/><\/a><\/p>\n<p>Santiago Cantero. Actividad: enlatado y venta de bebidas. El microcr\u00e9dito ser\u00e1 destinado a la compra de una enlatadora semiautom\u00e1tica \u2013 Laton modelo V1 -. Es un proyecto innovador, impulsado por un joven emprendedor. El proyecto representa la principal fuente de ingreso.<\/p>\n<p>La CONAMI fue creada por la Ley N\u00ba 26.117 para implementar el Programa Nacional de Microcr\u00e9dito para la Econom\u00eda Social. Sus acciones forman parte de la estrategia integral de desarrollo productivo con inclusi\u00f3n social que impulsa la cartera nacional.<\/p>\n<p>Dicha Comisi\u00f3n tiene como objetivos:<\/p>\n<p>Facilitar el acceso al microcr\u00e9dito a quienes necesiten capital para fortalecer sus emprendimientos productivos, de servicio y\/o consumo.<\/p>\n<p>Fortalecer a las organizaciones sociales para que el microcr\u00e9dito sea una herramienta para la inclusi\u00f3n social y la construcci\u00f3n de una econom\u00eda social y solidaria.<\/p>\n<p>Consolidar una red de trabajo para el desarrollo de pol\u00edticas integrales entre el Estado Nacional y las organizaciones sociales.<\/p>\n<p>Para m\u00e1s informaci\u00f3n comunicarse con la Direcci\u00f3n de Econom\u00eda Social de la Secretar\u00eda de Desarrollo Econ\u00f3mico, ubicada en calle Moreno 2765, al tel\u00e9fono 422135\/95 o por correo electr\u00f3nico a: economia.social@olavarria.gov.ar.<\/p>\n","protected":false},"excerpt":{"rendered":"<p>En la ma\u00f1ana de este viernes, el intendente Ezequiel Galli una nueva entrega de microcr\u00e9ditos&#8230;<\/p>\n","protected":false},"author":1,"featured_media":127829,"comment_status":"closed","ping_status":"closed","sticky":false,"template":"","format":"standard","meta":{"content-type":""},"categories":[27,51],"tags":[],"nelio_content":{"isAutoShareEnabled":false,"autoShareEndMode":"default","automationSources":{"useContentSentences":true,"useSocialTemplates":true,"useCustomSentences":false,"customSentences":[]},"followers":[1],"suggestedReferences":[],"includedReferences":[],"efiUrl":"","efiAlt":"","highlights":[]},"yoast_head":"<!-- This site is optimized with the Yoast SEO plugin v20.7 - https:\/\/yoast.com\/wordpress\/plugins\/seo\/ -->\n<title>El Intendente Galli encabez\u00f3 una nueva entrega de microcr\u00e9ditos<\/title>\n<meta name=\"description\" content=\"Una nueva entrega de microcr\u00e9ditos se realiz\u00f3 esta ma\u00f1ana en la Municipalidad a cargo del Intendente de nuestra ciudad, Ezequiel Galli.\" \/>\n<meta name=\"robots\" content=\"index, follow, max-snippet:-1, max-image-preview:large, max-video-preview:-1\" \/>\n<link rel=\"canonical\" href=\"https:\/\/experienciadevida.com.ar\/portalurbano\/el-intendente-galli-encabezo-una-nueva-entrega-de-microcreditos-2\/\" \/>\n<meta property=\"og:locale\" content=\"es_ES\" \/>\n<meta property=\"og:type\" content=\"article\" \/>\n<meta property=\"og:title\" content=\"El Intendente Galli encabez\u00f3 una nueva entrega de microcr\u00e9ditos\" \/>\n<meta property=\"og:description\" content=\"Una nueva entrega de microcr\u00e9ditos se realiz\u00f3 esta ma\u00f1ana en la Municipalidad a cargo del Intendente de nuestra ciudad, Ezequiel Galli.\" \/>\n<meta property=\"og:url\" content=\"https:\/\/experienciadevida.com.ar\/portalurbano\/el-intendente-galli-encabezo-una-nueva-entrega-de-microcreditos-2\/\" \/>\n<meta property=\"article:publisher\" content=\"https:\/\/www.facebook.com\/Portal-Urbano-171542830093757\/\" \/>\n<meta property=\"article:published_time\" content=\"2020-11-20T15:52:16+00:00\" \/>\n<meta property=\"article:modified_time\" content=\"2020-11-20T15:58:27+00:00\" \/>\n<meta property=\"og:image\" content=\"https:\/\/experienciadevida.com.ar\/portalurbano\/wp-content\/uploads\/2020\/11\/Microcreditos-e1605887522657.jpg\" \/>\n\t<meta property=\"og:image:width\" content=\"765\" \/>\n\t<meta property=\"og:image:height\" content=\"510\" \/>\n\t<meta property=\"og:image:type\" content=\"image\/jpeg\" \/>\n<meta name=\"author\" content=\"admpu17wp\" \/>\n<meta name=\"twitter:card\" content=\"summary_large_image\" \/>\n<meta name=\"twitter:creator\" content=\"@portalurbanook\" \/>\n<meta name=\"twitter:site\" content=\"@portalurbanook\" \/>\n<meta name=\"twitter:label1\" content=\"Escrito por\" \/>\n\t<meta name=\"twitter:data1\" content=\"admpu17wp\" \/>\n\t<meta name=\"twitter:label2\" content=\"Tiempo de lectura\" \/>\n\t<meta name=\"twitter:data2\" content=\"2 minutos\" \/>\n<script type=\"application\/ld+json\" class=\"yoast-schema-graph\">{\"@context\":\"https:\/\/schema.org\",\"@graph\":[{\"@type\":\"Article\",\"@id\":\"https:\/\/experienciadevida.com.ar\/portalurbano\/el-intendente-galli-encabezo-una-nueva-entrega-de-microcreditos-2\/#article\",\"isPartOf\":{\"@id\":\"https:\/\/experienciadevida.com.ar\/portalurbano\/el-intendente-galli-encabezo-una-nueva-entrega-de-microcreditos-2\/\"},\"author\":{\"name\":\"admpu17wp\",\"@id\":\"https:\/\/experienciadevida.com.ar\/portalurbano\/#\/schema\/person\/02dd326b1c4b056e9cc972486934a3a7\"},\"headline\":\"El intendente Galli encabez\u00f3 una nueva entrega de microcr\u00e9ditos\",\"datePublished\":\"2020-11-20T15:52:16+00:00\",\"dateModified\":\"2020-11-20T15:58:27+00:00\",\"mainEntityOfPage\":{\"@id\":\"https:\/\/experienciadevida.com.ar\/portalurbano\/el-intendente-galli-encabezo-una-nueva-entrega-de-microcreditos-2\/\"},\"wordCount\":409,\"publisher\":{\"@id\":\"https:\/\/experienciadevida.com.ar\/portalurbano\/#organization\"},\"articleSection\":[\"Ciudad\",\"Destacadas\"],\"inLanguage\":\"es\"},{\"@type\":\"WebPage\",\"@id\":\"https:\/\/experienciadevida.com.ar\/portalurbano\/el-intendente-galli-encabezo-una-nueva-entrega-de-microcreditos-2\/\",\"url\":\"https:\/\/experienciadevida.com.ar\/portalurbano\/el-intendente-galli-encabezo-una-nueva-entrega-de-microcreditos-2\/\",\"name\":\"El Intendente Galli encabez\u00f3 una nueva entrega de microcr\u00e9ditos\",\"isPartOf\":{\"@id\":\"https:\/\/experienciadevida.com.ar\/portalurbano\/#website\"},\"datePublished\":\"2020-11-20T15:52:16+00:00\",\"dateModified\":\"2020-11-20T15:58:27+00:00\",\"description\":\"Una nueva entrega de microcr\u00e9ditos se realiz\u00f3 esta ma\u00f1ana en la Municipalidad a cargo del Intendente de nuestra ciudad, Ezequiel Galli.\",\"breadcrumb\":{\"@id\":\"https:\/\/experienciadevida.com.ar\/portalurbano\/el-intendente-galli-encabezo-una-nueva-entrega-de-microcreditos-2\/#breadcrumb\"},\"inLanguage\":\"es\",\"potentialAction\":[{\"@type\":\"ReadAction\",\"target\":[\"https:\/\/experienciadevida.com.ar\/portalurbano\/el-intendente-galli-encabezo-una-nueva-entrega-de-microcreditos-2\/\"]}]},{\"@type\":\"BreadcrumbList\",\"@id\":\"https:\/\/experienciadevida.com.ar\/portalurbano\/el-intendente-galli-encabezo-una-nueva-entrega-de-microcreditos-2\/#breadcrumb\",\"itemListElement\":[{\"@type\":\"ListItem\",\"position\":1,\"name\":\"Portada\",\"item\":\"https:\/\/experienciadevida.com.ar\/portalurbano\/\"},{\"@type\":\"ListItem\",\"position\":2,\"name\":\"El intendente Galli encabez\u00f3 una nueva entrega de microcr\u00e9ditos\"}]},{\"@type\":\"WebSite\",\"@id\":\"https:\/\/experienciadevida.com.ar\/portalurbano\/#website\",\"url\":\"https:\/\/experienciadevida.com.ar\/portalurbano\/\",\"name\":\"\",\"description\":\"\",\"publisher\":{\"@id\":\"https:\/\/experienciadevida.com.ar\/portalurbano\/#organization\"},\"potentialAction\":[{\"@type\":\"SearchAction\",\"target\":{\"@type\":\"EntryPoint\",\"urlTemplate\":\"https:\/\/experienciadevida.com.ar\/portalurbano\/?s={search_term_string}\"},\"query-input\":\"required name=search_term_string\"}],\"inLanguage\":\"es\"},{\"@type\":\"Organization\",\"@id\":\"https:\/\/experienciadevida.com.ar\/portalurbano\/#organization\",\"name\":\"Portal Urbano\",\"url\":\"https:\/\/experienciadevida.com.ar\/portalurbano\/\",\"logo\":{\"@type\":\"ImageObject\",\"inLanguage\":\"es\",\"@id\":\"https:\/\/experienciadevida.com.ar\/portalurbano\/#\/schema\/logo\/image\/\",\"url\":\"https:\/\/experienciadevida.com.ar\/portalurbano\/wp-content\/uploads\/2019\/09\/Logo-Original.png\",\"contentUrl\":\"https:\/\/experienciadevida.com.ar\/portalurbano\/wp-content\/uploads\/2019\/09\/Logo-Original.png\",\"width\":2236,\"height\":1216,\"caption\":\"Portal Urbano\"},\"image\":{\"@id\":\"https:\/\/experienciadevida.com.ar\/portalurbano\/#\/schema\/logo\/image\/\"},\"sameAs\":[\"https:\/\/www.facebook.com\/Portal-Urbano-171542830093757\/\",\"https:\/\/twitter.com\/portalurbanook\",\"https:\/\/www.instagram.com\/_portalurbano\/\",\"https:\/\/www.youtube.com\/channel\/UCXhagIfszH8KxFiOok79zbA?view_as=subscriber\"]},{\"@type\":\"Person\",\"@id\":\"https:\/\/experienciadevida.com.ar\/portalurbano\/#\/schema\/person\/02dd326b1c4b056e9cc972486934a3a7\",\"name\":\"admpu17wp\",\"image\":{\"@type\":\"ImageObject\",\"inLanguage\":\"es\",\"@id\":\"https:\/\/experienciadevida.com.ar\/portalurbano\/#\/schema\/person\/image\/\",\"url\":\"https:\/\/secure.gravatar.com\/avatar\/830d4c57adaae6630765e449a6908047?s=96&d=mm&r=g\",\"contentUrl\":\"https:\/\/secure.gravatar.com\/avatar\/830d4c57adaae6630765e449a6908047?s=96&d=mm&r=g\",\"caption\":\"admpu17wp\"}}]}<\/script>\n<!-- \/ Yoast SEO plugin. -->","yoast_head_json":{"title":"El Intendente Galli encabez\u00f3 una nueva entrega de microcr\u00e9ditos","description":"Una nueva entrega de microcr\u00e9ditos se realiz\u00f3 esta ma\u00f1ana en la Municipalidad a cargo del Intendente de nuestra ciudad, Ezequiel Galli.","robots":{"index":"index","follow":"follow","max-snippet":"max-snippet:-1","max-image-preview":"max-image-preview:large","max-video-preview":"max-video-preview:-1"},"canonical":"https:\/\/experienciadevida.com.ar\/portalurbano\/el-intendente-galli-encabezo-una-nueva-entrega-de-microcreditos-2\/","og_locale":"es_ES","og_type":"article","og_title":"El Intendente Galli encabez\u00f3 una nueva entrega de microcr\u00e9ditos","og_description":"Una nueva entrega de microcr\u00e9ditos se realiz\u00f3 esta ma\u00f1ana en la Municipalidad a cargo del Intendente de nuestra ciudad, Ezequiel Galli.","og_url":"https:\/\/experienciadevida.com.ar\/portalurbano\/el-intendente-galli-encabezo-una-nueva-entrega-de-microcreditos-2\/","article_publisher":"https:\/\/www.facebook.com\/Portal-Urbano-171542830093757\/","article_published_time":"2020-11-20T15:52:16+00:00","article_modified_time":"2020-11-20T15:58:27+00:00","og_image":[{"width":765,"height":510,"url":"https:\/\/experienciadevida.com.ar\/portalurbano\/wp-content\/uploads\/2020\/11\/Microcreditos-e1605887522657.jpg","type":"image\/jpeg"}],"author":"admpu17wp","twitter_card":"summary_large_image","twitter_creator":"@portalurbanook","twitter_site":"@portalurbanook","twitter_misc":{"Escrito por":"admpu17wp","Tiempo de lectura":"2 minutos"},"schema":{"@context":"https:\/\/schema.org","@graph":[{"@type":"Article","@id":"https:\/\/experienciadevida.com.ar\/portalurbano\/el-intendente-galli-encabezo-una-nueva-entrega-de-microcreditos-2\/#article","isPartOf":{"@id":"https:\/\/experienciadevida.com.ar\/portalurbano\/el-intendente-galli-encabezo-una-nueva-entrega-de-microcreditos-2\/"},"author":{"name":"admpu17wp","@id":"https:\/\/experienciadevida.com.ar\/portalurbano\/#\/schema\/person\/02dd326b1c4b056e9cc972486934a3a7"},"headline":"El intendente Galli encabez\u00f3 una nueva entrega de microcr\u00e9ditos","datePublished":"2020-11-20T15:52:16+00:00","dateModified":"2020-11-20T15:58:27+00:00","mainEntityOfPage":{"@id":"https:\/\/experienciadevida.com.ar\/portalurbano\/el-intendente-galli-encabezo-una-nueva-entrega-de-microcreditos-2\/"},"wordCount":409,"publisher":{"@id":"https:\/\/experienciadevida.com.ar\/portalurbano\/#organization"},"articleSection":["Ciudad","Destacadas"],"inLanguage":"es"},{"@type":"WebPage","@id":"https:\/\/experienciadevida.com.ar\/portalurbano\/el-intendente-galli-encabezo-una-nueva-entrega-de-microcreditos-2\/","url":"https:\/\/experienciadevida.com.ar\/portalurbano\/el-intendente-galli-encabezo-una-nueva-entrega-de-microcreditos-2\/","name":"El Intendente Galli encabez\u00f3 una nueva entrega de microcr\u00e9ditos","isPartOf":{"@id":"https:\/\/experienciadevida.com.ar\/portalurbano\/#website"},"datePublished":"2020-11-20T15:52:16+00:00","dateModified":"2020-11-20T15:58:27+00:00","description":"Una nueva entrega de microcr\u00e9ditos se realiz\u00f3 esta ma\u00f1ana en la Municipalidad a cargo del Intendente de nuestra ciudad, Ezequiel Galli.","breadcrumb":{"@id":"https:\/\/experienciadevida.com.ar\/portalurbano\/el-intendente-galli-encabezo-una-nueva-entrega-de-microcreditos-2\/#breadcrumb"},"inLanguage":"es","potentialAction":[{"@type":"ReadAction","target":["https:\/\/experienciadevida.com.ar\/portalurbano\/el-intendente-galli-encabezo-una-nueva-entrega-de-microcreditos-2\/"]}]},{"@type":"BreadcrumbList","@id":"https:\/\/experienciadevida.com.ar\/portalurbano\/el-intendente-galli-encabezo-una-nueva-entrega-de-microcreditos-2\/#breadcrumb","itemListElement":[{"@type":"ListItem","position":1,"name":"Portada","item":"https:\/\/experienciadevida.com.ar\/portalurbano\/"},{"@type":"ListItem","position":2,"name":"El intendente Galli encabez\u00f3 una nueva entrega de microcr\u00e9ditos"}]},{"@type":"WebSite","@id":"https:\/\/experienciadevida.com.ar\/portalurbano\/#website","url":"https:\/\/experienciadevida.com.ar\/portalurbano\/","name":"","description":"","publisher":{"@id":"https:\/\/experienciadevida.com.ar\/portalurbano\/#organization"},"potentialAction":[{"@type":"SearchAction","target":{"@type":"EntryPoint","urlTemplate":"https:\/\/experienciadevida.com.ar\/portalurbano\/?s={search_term_string}"},"query-input":"required name=search_term_string"}],"inLanguage":"es"},{"@type":"Organization","@id":"https:\/\/experienciadevida.com.ar\/portalurbano\/#organization","name":"Portal Urbano","url":"https:\/\/experienciadevida.com.ar\/portalurbano\/","logo":{"@type":"ImageObject","inLanguage":"es","@id":"https:\/\/experienciadevida.com.ar\/portalurbano\/#\/schema\/logo\/image\/","url":"https:\/\/experienciadevida.com.ar\/portalurbano\/wp-content\/uploads\/2019\/09\/Logo-Original.png","contentUrl":"https:\/\/experienciadevida.com.ar\/portalurbano\/wp-content\/uploads\/2019\/09\/Logo-Original.png","width":2236,"height":1216,"caption":"Portal Urbano"},"image":{"@id":"https:\/\/experienciadevida.com.ar\/portalurbano\/#\/schema\/logo\/image\/"},"sameAs":["https:\/\/www.facebook.com\/Portal-Urbano-171542830093757\/","https:\/\/twitter.com\/portalurbanook","https:\/\/www.instagram.com\/_portalurbano\/","https:\/\/www.youtube.com\/channel\/UCXhagIfszH8KxFiOok79zbA?view_as=subscriber"]},{"@type":"Person","@id":"https:\/\/experienciadevida.com.ar\/portalurbano\/#\/schema\/person\/02dd326b1c4b056e9cc972486934a3a7","name":"admpu17wp","image":{"@type":"ImageObject","inLanguage":"es","@id":"https:\/\/experienciadevida.com.ar\/portalurbano\/#\/schema\/person\/image\/","url":"https:\/\/secure.gravatar.com\/avatar\/830d4c57adaae6630765e449a6908047?s=96&d=mm&r=g","contentUrl":"https:\/\/secure.gravatar.com\/avatar\/830d4c57adaae6630765e449a6908047?s=96&d=mm&r=g","caption":"admpu17wp"}}]}},"featured_image_urls":{"full":["https:\/\/experienciadevida.com.ar\/portalurbano\/wp-content\/uploads\/2020\/11\/Microcreditos-e1605887522657.jpg",765,510,false],"thumbnail":["https:\/\/experienciadevida.com.ar\/portalurbano\/wp-content\/uploads\/2020\/11\/Microcreditos-150x150.jpg",150,150,true],"medium":["https:\/\/experienciadevida.com.ar\/portalurbano\/wp-content\/uploads\/2020\/11\/Microcreditos-300x200.jpg",300,200,true],"medium_large":["https:\/\/experienciadevida.com.ar\/portalurbano\/wp-content\/uploads\/2020\/11\/Microcreditos-768x512.jpg",640,427,true],"large":["https:\/\/experienciadevida.com.ar\/portalurbano\/wp-content\/uploads\/2020\/11\/Microcreditos-1024x683.jpg",640,427,true],"ug_big":["https:\/\/experienciadevida.com.ar\/portalurbano\/wp-content\/uploads\/2020\/11\/Microcreditos-768x512.jpg",768,512,true],"1536x1536":["https:\/\/experienciadevida.com.ar\/portalurbano\/wp-content\/uploads\/2020\/11\/Microcreditos-1536x1024.jpg",1536,1024,true],"2048x2048":["https:\/\/experienciadevida.com.ar\/portalurbano\/wp-content\/uploads\/2020\/11\/Microcreditos-e1605887522657.jpg",765,510,false],"newsever-slider-full":["https:\/\/experienciadevida.com.ar\/portalurbano\/wp-content\/uploads\/2020\/11\/Microcreditos-e1605887522657.jpg",765,510,false],"newsever-featured":["https:\/\/experienciadevida.com.ar\/portalurbano\/wp-content\/uploads\/2020\/11\/Microcreditos-e1605887522657.jpg",765,510,false],"newsever-medium":["https:\/\/experienciadevida.com.ar\/portalurbano\/wp-content\/uploads\/2020\/11\/Microcreditos-e1605887522657.jpg",713,475,false],"web-stories-poster-portrait":["https:\/\/experienciadevida.com.ar\/portalurbano\/wp-content\/uploads\/2020\/11\/Microcreditos-e1605887522657.jpg",640,427,false],"web-stories-publisher-logo":["https:\/\/experienciadevida.com.ar\/portalurbano\/wp-content\/uploads\/2020\/11\/Microcreditos-e1605887522657.jpg",96,64,false],"web-stories-thumbnail":["https:\/\/experienciadevida.com.ar\/portalurbano\/wp-content\/uploads\/2020\/11\/Microcreditos-e1605887522657.jpg",150,100,false]},"author_info":{"display_name":"admpu17wp","author_link":"https:\/\/experienciadevida.com.ar\/portalurbano\/author\/admpu17wp\/"},"category_info":"<a href=\"https:\/\/experienciadevida.com.ar\/portalurbano\/category\/ciudad\/\" rel=\"category tag\">Ciudad<\/a> <a href=\"https:\/\/experienciadevida.com.ar\/portalurbano\/category\/destacadas\/\" rel=\"category tag\">Destacadas<\/a>","tag_info":"Destacadas","comment_count":"0","amp_enabled":true,"_links":{"self":[{"href":"https:\/\/experienciadevida.com.ar\/portalurbano\/wp-json\/wp\/v2\/posts\/127827"}],"collection":[{"href":"https:\/\/experienciadevida.com.ar\/portalurbano\/wp-json\/wp\/v2\/posts"}],"about":[{"href":"https:\/\/experienciadevida.com.ar\/portalurbano\/wp-json\/wp\/v2\/types\/post"}],"author":[{"embeddable":true,"href":"https:\/\/experienciadevida.com.ar\/portalurbano\/wp-json\/wp\/v2\/users\/1"}],"replies":[{"embeddable":true,"href":"https:\/\/experienciadevida.com.ar\/portalurbano\/wp-json\/wp\/v2\/comments?post=127827"}],"version-history":[{"count":4,"href":"https:\/\/experienciadevida.com.ar\/portalurbano\/wp-json\/wp\/v2\/posts\/127827\/revisions"}],"predecessor-version":[{"id":127836,"href":"https:\/\/experienciadevida.com.ar\/portalurbano\/wp-json\/wp\/v2\/posts\/127827\/revisions\/127836"}],"wp:featuredmedia":[{"embeddable":true,"href":"https:\/\/experienciadevida.com.ar\/portalurbano\/wp-json\/wp\/v2\/media\/127829"}],"wp:attachment":[{"href":"https:\/\/experienciadevida.com.ar\/portalurbano\/wp-json\/wp\/v2\/media?parent=127827"}],"wp:term":[{"taxonomy":"category","embeddable":true,"href":"https:\/\/experienciadevida.com.ar\/portalurbano\/wp-json\/wp\/v2\/categories?post=127827"},{"taxonomy":"post_tag","embeddable":true,"href":"https:\/\/experienciadevida.com.ar\/portalurbano\/wp-json\/wp\/v2\/tags?post=127827"}],"curies":[{"name":"wp","href":"https:\/\/api.w.org\/{rel}","templated":true}]}}