{"id":127746,"date":"2020-11-19T19:06:29","date_gmt":"2020-11-19T22:06:29","guid":{"rendered":"https:\/\/experienciadevida.com.ar\/portalurbano\/?p=127746"},"modified":"2020-11-19T21:56:07","modified_gmt":"2020-11-20T00:56:07","slug":"la-curva-de-contagios-sigue-descendiendo-17-casos-positivos-en-el-dia-de-hoy","status":"publish","type":"post","link":"https:\/\/experienciadevida.com.ar\/portalurbano\/la-curva-de-contagios-sigue-descendiendo-17-casos-positivos-en-el-dia-de-hoy\/","title":{"rendered":"La curva de contagios sigue descendiendo: 17 casos positivos en el d\u00eda de hoy"},"content":{"rendered":"<p><strong>La curva de contagios sigue descendiendo<\/strong><\/p>\n<p>La Secretar\u00eda de Salud del Gobierno Municipal inform\u00f3 que este jueves 19 de noviembre se registraron 17 nuevos casos de Covid-19 en el partido de <a href=\"https:\/\/es.wikipedia.org\/wiki\/Olavarr%C3%ADa\">Olavarr\u00eda<\/a>,\u00a0<strong>hubo 34 pacientes que recibieron el alta m\u00e9dica<\/strong>\u00a0y se descartaron 75. El total de pacientes activos es de 153.\u00a0<strong>En el d\u00eda de la fecha se realizaron 92 testeos y m\u00e1s de diez mil setecientos desde el comienzo de la pandemia.\u00a0\u00a0<\/strong><\/p>\n<p>Los positivos de hoy corresponden a personal de comercios, f\u00e1bricas y a nexos con positivos anteriores. Ma\u00f1ana se realizar\u00e1 una nueva jornada del RTA en <a href=\"https:\/\/es.wikipedia.org\/wiki\/Sierra_Chica_(Buenos_Aires)\">Sierra Chica<\/a>.<\/p>\n<p>Sobre el estado actual del Hospital Municipal \u201cDr. H\u00e9ctor Cura\u201d, se indic\u00f3 que hay ocho pacientes en Unidad de Terapia Intensiva y dieciocho en Cuidados Generales.<\/p>\n<p>En este sentido, desde la Secretar\u00eda de Salud Municipal aseguraron que el 88% de los casos positivos corresponden a personas con menos de 60 a\u00f1os y el 12% a mayores de 60 a\u00f1os. La curva de contagios sigue descendiendo.<\/p>\n<p><script src=\"https:\/\/public.flourish.studio\/resources\/embed.js\"><\/script><\/p>\n<p><script src=\"https:\/\/public.flourish.studio\/resources\/embed.js\"><\/script><\/p>\n<p><script src=\"https:\/\/public.flourish.studio\/resources\/embed.js\"><\/script><\/p>\n<p><script src=\"https:\/\/public.flourish.studio\/resources\/embed.js\"><\/script><\/p>\n<p><script src=\"https:\/\/public.flourish.studio\/resources\/embed.js\"><\/script><\/p>\n<p><script src=\"https:\/\/public.flourish.studio\/resources\/embed.js\"><\/script><\/p>\n<p><script src=\"https:\/\/public.flourish.studio\/resources\/embed.js\"><\/script><\/p>\n<div class=\"flourish-embed flourish-chart\" data-src=\"visualisation\/3132057\" data-url=\"https:\/\/flo.uri.sh\/visualisation\/3132057\/embed\" aria-label=\"\"><script src=\"https:\/\/public.flourish.studio\/resources\/embed.js\"><\/script><\/div>\n<div class=\"flourish-embed flourish-chart\" data-src=\"visualisation\/3317015\" data-url=\"https:\/\/flo.uri.sh\/visualisation\/3317015\/embed\" aria-label=\"\"><script src=\"https:\/\/public.flourish.studio\/resources\/embed.js\"><\/script><\/div>\n<div class=\"flourish-embed flourish-chart\" data-src=\"visualisation\/3983310\" data-url=\"https:\/\/flo.uri.sh\/visualisation\/3983310\/embed\" aria-label=\"\"><script src=\"https:\/\/public.flourish.studio\/resources\/embed.js\"><\/script><\/div>\n<div data-src=\"visualisation\/3983310\" data-url=\"https:\/\/flo.uri.sh\/visualisation\/3983310\/embed\" aria-label=\"\"><a href=\"https:\/\/experienciadevida.com.ar\/portalurbano\/la-curva-de-contagios-sigue-descendiendo-17-casos-positivos-en-el-dia-de-hoy\/ac563c6c-af8f-414f-90b9-31f9c146716a\/\" rel=\"attachment wp-att-127797\"><img decoding=\"async\" class=\"alignnone size-full wp-image-127797\" src=\"https:\/\/experienciadevida.com.ar\/portalurbano\/wp-content\/uploads\/2020\/11\/ac563c6c-af8f-414f-90b9-31f9c146716a.jpg\" alt=\"\" width=\"1280\" height=\"1279\" srcset=\"https:\/\/experienciadevida.com.ar\/portalurbano\/wp-content\/uploads\/2020\/11\/ac563c6c-af8f-414f-90b9-31f9c146716a.jpg 1280w, https:\/\/experienciadevida.com.ar\/portalurbano\/wp-content\/uploads\/2020\/11\/ac563c6c-af8f-414f-90b9-31f9c146716a-300x300.jpg 300w, https:\/\/experienciadevida.com.ar\/portalurbano\/wp-content\/uploads\/2020\/11\/ac563c6c-af8f-414f-90b9-31f9c146716a-1024x1024.jpg 1024w, https:\/\/experienciadevida.com.ar\/portalurbano\/wp-content\/uploads\/2020\/11\/ac563c6c-af8f-414f-90b9-31f9c146716a-150x150.jpg 150w, https:\/\/experienciadevida.com.ar\/portalurbano\/wp-content\/uploads\/2020\/11\/ac563c6c-af8f-414f-90b9-31f9c146716a-768x768.jpg 768w\" sizes=\"(max-width: 1280px) 100vw, 1280px\" \/><\/a><\/div>\n<div data-src=\"visualisation\/3983310\" data-url=\"https:\/\/flo.uri.sh\/visualisation\/3983310\/embed\" aria-label=\"\"><a href=\"https:\/\/experienciadevida.com.ar\/portalurbano\/la-curva-de-contagios-sigue-descendiendo-17-casos-positivos-en-el-dia-de-hoy\/2a57cb02-6dd0-4734-9009-78174daa0f48\/\" rel=\"attachment wp-att-127798\"><img decoding=\"async\" class=\"alignnone size-full wp-image-127798\" src=\"https:\/\/experienciadevida.com.ar\/portalurbano\/wp-content\/uploads\/2020\/11\/2a57cb02-6dd0-4734-9009-78174daa0f48.jpg\" alt=\"\" width=\"1280\" height=\"1280\" srcset=\"https:\/\/experienciadevida.com.ar\/portalurbano\/wp-content\/uploads\/2020\/11\/2a57cb02-6dd0-4734-9009-78174daa0f48.jpg 1280w, https:\/\/experienciadevida.com.ar\/portalurbano\/wp-content\/uploads\/2020\/11\/2a57cb02-6dd0-4734-9009-78174daa0f48-300x300.jpg 300w, https:\/\/experienciadevida.com.ar\/portalurbano\/wp-content\/uploads\/2020\/11\/2a57cb02-6dd0-4734-9009-78174daa0f48-1024x1024.jpg 1024w, https:\/\/experienciadevida.com.ar\/portalurbano\/wp-content\/uploads\/2020\/11\/2a57cb02-6dd0-4734-9009-78174daa0f48-150x150.jpg 150w, https:\/\/experienciadevida.com.ar\/portalurbano\/wp-content\/uploads\/2020\/11\/2a57cb02-6dd0-4734-9009-78174daa0f48-768x768.jpg 768w\" sizes=\"(max-width: 1280px) 100vw, 1280px\" \/><\/a><\/div>\n<div data-src=\"visualisation\/3983310\" data-url=\"https:\/\/flo.uri.sh\/visualisation\/3983310\/embed\" aria-label=\"\"><a href=\"https:\/\/experienciadevida.com.ar\/portalurbano\/la-curva-de-contagios-sigue-descendiendo-17-casos-positivos-en-el-dia-de-hoy\/1f2334ed-fd02-4f7e-890f-e4354ff7c599\/\" rel=\"attachment wp-att-127796\"><img decoding=\"async\" class=\"alignnone size-full wp-image-127796\" src=\"https:\/\/experienciadevida.com.ar\/portalurbano\/wp-content\/uploads\/2020\/11\/1f2334ed-fd02-4f7e-890f-e4354ff7c599.jpg\" alt=\"\" width=\"1280\" height=\"1280\" srcset=\"https:\/\/experienciadevida.com.ar\/portalurbano\/wp-content\/uploads\/2020\/11\/1f2334ed-fd02-4f7e-890f-e4354ff7c599.jpg 1280w, https:\/\/experienciadevida.com.ar\/portalurbano\/wp-content\/uploads\/2020\/11\/1f2334ed-fd02-4f7e-890f-e4354ff7c599-300x300.jpg 300w, https:\/\/experienciadevida.com.ar\/portalurbano\/wp-content\/uploads\/2020\/11\/1f2334ed-fd02-4f7e-890f-e4354ff7c599-1024x1024.jpg 1024w, https:\/\/experienciadevida.com.ar\/portalurbano\/wp-content\/uploads\/2020\/11\/1f2334ed-fd02-4f7e-890f-e4354ff7c599-150x150.jpg 150w, https:\/\/experienciadevida.com.ar\/portalurbano\/wp-content\/uploads\/2020\/11\/1f2334ed-fd02-4f7e-890f-e4354ff7c599-768x768.jpg 768w\" sizes=\"(max-width: 1280px) 100vw, 1280px\" \/><\/a><\/div>\n","protected":false},"excerpt":{"rendered":"<p>La curva de contagios sigue descendiendo La Secretar\u00eda de Salud del Gobierno Municipal inform\u00f3 que&#8230;<\/p>\n","protected":false},"author":1,"featured_media":115078,"comment_status":"closed","ping_status":"closed","sticky":false,"template":"","format":"standard","meta":{"content-type":""},"categories":[27,51],"tags":[550],"nelio_content":{"isAutoShareEnabled":false,"autoShareEndMode":"default","automationSources":{"useContentSentences":true,"useSocialTemplates":true,"useCustomSentences":false,"customSentences":[]},"followers":[1],"suggestedReferences":[],"includedReferences":["https:\/\/es.wikipedia.org\/wiki\/Olavarra","https:\/\/es.wikipedia.org\/wiki\/Sierra_Chica_(Buenos_Aires)"],"efiUrl":"","efiAlt":"","highlights":[]},"yoast_head":"<!-- This site is optimized with the Yoast SEO plugin v20.7 - https:\/\/yoast.com\/wordpress\/plugins\/seo\/ -->\n<title>La curva de contagios sigue descendiendo: 17 casos positivos en el d\u00eda<\/title>\n<meta name=\"description\" content=\"La curva de contagios sigue descendiendo La S.Salud nform\u00f3 que este jueves 19 de noviembre se registraron 17 nuevos casos de Covid-19\" \/>\n<meta name=\"robots\" content=\"index, follow, max-snippet:-1, max-image-preview:large, max-video-preview:-1\" \/>\n<link rel=\"canonical\" href=\"https:\/\/experienciadevida.com.ar\/portalurbano\/la-curva-de-contagios-sigue-descendiendo-17-casos-positivos-en-el-dia-de-hoy\/\" \/>\n<meta property=\"og:locale\" content=\"es_ES\" \/>\n<meta property=\"og:type\" content=\"article\" \/>\n<meta property=\"og:title\" content=\"La curva de contagios sigue descendiendo: 17 casos positivos en el d\u00eda\" \/>\n<meta property=\"og:description\" content=\"La curva de contagios sigue descendiendo La S.Salud nform\u00f3 que este jueves 19 de noviembre se registraron 17 nuevos casos de Covid-19\" \/>\n<meta property=\"og:url\" content=\"https:\/\/experienciadevida.com.ar\/portalurbano\/la-curva-de-contagios-sigue-descendiendo-17-casos-positivos-en-el-dia-de-hoy\/\" \/>\n<meta property=\"article:publisher\" content=\"https:\/\/www.facebook.com\/Portal-Urbano-171542830093757\/\" \/>\n<meta property=\"article:published_time\" content=\"2020-11-19T22:06:29+00:00\" \/>\n<meta property=\"article:modified_time\" content=\"2020-11-20T00:56:07+00:00\" \/>\n<meta property=\"og:image\" content=\"https:\/\/experienciadevida.com.ar\/portalurbano\/wp-content\/uploads\/2020\/07\/CAPUTO-e1594917240333.jpg\" \/>\n\t<meta property=\"og:image:width\" content=\"765\" \/>\n\t<meta property=\"og:image:height\" content=\"510\" \/>\n\t<meta property=\"og:image:type\" content=\"image\/jpeg\" \/>\n<meta name=\"author\" content=\"admpu17wp\" \/>\n<meta name=\"twitter:card\" content=\"summary_large_image\" \/>\n<meta name=\"twitter:creator\" content=\"@portalurbanook\" \/>\n<meta name=\"twitter:site\" content=\"@portalurbanook\" \/>\n<meta name=\"twitter:label1\" content=\"Escrito por\" \/>\n\t<meta name=\"twitter:data1\" content=\"admpu17wp\" \/>\n\t<meta name=\"twitter:label2\" content=\"Tiempo de lectura\" \/>\n\t<meta name=\"twitter:data2\" content=\"1 minuto\" \/>\n<script type=\"application\/ld+json\" class=\"yoast-schema-graph\">{\"@context\":\"https:\/\/schema.org\",\"@graph\":[{\"@type\":\"Article\",\"@id\":\"https:\/\/experienciadevida.com.ar\/portalurbano\/la-curva-de-contagios-sigue-descendiendo-17-casos-positivos-en-el-dia-de-hoy\/#article\",\"isPartOf\":{\"@id\":\"https:\/\/experienciadevida.com.ar\/portalurbano\/la-curva-de-contagios-sigue-descendiendo-17-casos-positivos-en-el-dia-de-hoy\/\"},\"author\":{\"name\":\"admpu17wp\",\"@id\":\"https:\/\/experienciadevida.com.ar\/portalurbano\/#\/schema\/person\/02dd326b1c4b056e9cc972486934a3a7\"},\"headline\":\"La curva de contagios sigue descendiendo: 17 casos positivos en el d\u00eda de hoy\",\"datePublished\":\"2020-11-19T22:06:29+00:00\",\"dateModified\":\"2020-11-20T00:56:07+00:00\",\"mainEntityOfPage\":{\"@id\":\"https:\/\/experienciadevida.com.ar\/portalurbano\/la-curva-de-contagios-sigue-descendiendo-17-casos-positivos-en-el-dia-de-hoy\/\"},\"wordCount\":181,\"publisher\":{\"@id\":\"https:\/\/experienciadevida.com.ar\/portalurbano\/#organization\"},\"keywords\":[\"informe epidemiol\u00f3gico\"],\"articleSection\":[\"Ciudad\",\"Destacadas\"],\"inLanguage\":\"es\"},{\"@type\":\"WebPage\",\"@id\":\"https:\/\/experienciadevida.com.ar\/portalurbano\/la-curva-de-contagios-sigue-descendiendo-17-casos-positivos-en-el-dia-de-hoy\/\",\"url\":\"https:\/\/experienciadevida.com.ar\/portalurbano\/la-curva-de-contagios-sigue-descendiendo-17-casos-positivos-en-el-dia-de-hoy\/\",\"name\":\"La curva de contagios sigue descendiendo: 17 casos positivos en el d\u00eda\",\"isPartOf\":{\"@id\":\"https:\/\/experienciadevida.com.ar\/portalurbano\/#website\"},\"datePublished\":\"2020-11-19T22:06:29+00:00\",\"dateModified\":\"2020-11-20T00:56:07+00:00\",\"description\":\"La curva de contagios sigue descendiendo La S.Salud nform\u00f3 que este jueves 19 de noviembre se registraron 17 nuevos casos de Covid-19\",\"breadcrumb\":{\"@id\":\"https:\/\/experienciadevida.com.ar\/portalurbano\/la-curva-de-contagios-sigue-descendiendo-17-casos-positivos-en-el-dia-de-hoy\/#breadcrumb\"},\"inLanguage\":\"es\",\"potentialAction\":[{\"@type\":\"ReadAction\",\"target\":[\"https:\/\/experienciadevida.com.ar\/portalurbano\/la-curva-de-contagios-sigue-descendiendo-17-casos-positivos-en-el-dia-de-hoy\/\"]}]},{\"@type\":\"BreadcrumbList\",\"@id\":\"https:\/\/experienciadevida.com.ar\/portalurbano\/la-curva-de-contagios-sigue-descendiendo-17-casos-positivos-en-el-dia-de-hoy\/#breadcrumb\",\"itemListElement\":[{\"@type\":\"ListItem\",\"position\":1,\"name\":\"Portada\",\"item\":\"https:\/\/experienciadevida.com.ar\/portalurbano\/\"},{\"@type\":\"ListItem\",\"position\":2,\"name\":\"La curva de contagios sigue descendiendo: 17 casos positivos en el d\u00eda de hoy\"}]},{\"@type\":\"WebSite\",\"@id\":\"https:\/\/experienciadevida.com.ar\/portalurbano\/#website\",\"url\":\"https:\/\/experienciadevida.com.ar\/portalurbano\/\",\"name\":\"\",\"description\":\"\",\"publisher\":{\"@id\":\"https:\/\/experienciadevida.com.ar\/portalurbano\/#organization\"},\"potentialAction\":[{\"@type\":\"SearchAction\",\"target\":{\"@type\":\"EntryPoint\",\"urlTemplate\":\"https:\/\/experienciadevida.com.ar\/portalurbano\/?s={search_term_string}\"},\"query-input\":\"required name=search_term_string\"}],\"inLanguage\":\"es\"},{\"@type\":\"Organization\",\"@id\":\"https:\/\/experienciadevida.com.ar\/portalurbano\/#organization\",\"name\":\"Portal Urbano\",\"url\":\"https:\/\/experienciadevida.com.ar\/portalurbano\/\",\"logo\":{\"@type\":\"ImageObject\",\"inLanguage\":\"es\",\"@id\":\"https:\/\/experienciadevida.com.ar\/portalurbano\/#\/schema\/logo\/image\/\",\"url\":\"https:\/\/experienciadevida.com.ar\/portalurbano\/wp-content\/uploads\/2019\/09\/Logo-Original.png\",\"contentUrl\":\"https:\/\/experienciadevida.com.ar\/portalurbano\/wp-content\/uploads\/2019\/09\/Logo-Original.png\",\"width\":2236,\"height\":1216,\"caption\":\"Portal Urbano\"},\"image\":{\"@id\":\"https:\/\/experienciadevida.com.ar\/portalurbano\/#\/schema\/logo\/image\/\"},\"sameAs\":[\"https:\/\/www.facebook.com\/Portal-Urbano-171542830093757\/\",\"https:\/\/twitter.com\/portalurbanook\",\"https:\/\/www.instagram.com\/_portalurbano\/\",\"https:\/\/www.youtube.com\/channel\/UCXhagIfszH8KxFiOok79zbA?view_as=subscriber\"]},{\"@type\":\"Person\",\"@id\":\"https:\/\/experienciadevida.com.ar\/portalurbano\/#\/schema\/person\/02dd326b1c4b056e9cc972486934a3a7\",\"name\":\"admpu17wp\",\"image\":{\"@type\":\"ImageObject\",\"inLanguage\":\"es\",\"@id\":\"https:\/\/experienciadevida.com.ar\/portalurbano\/#\/schema\/person\/image\/\",\"url\":\"https:\/\/secure.gravatar.com\/avatar\/830d4c57adaae6630765e449a6908047?s=96&d=mm&r=g\",\"contentUrl\":\"https:\/\/secure.gravatar.com\/avatar\/830d4c57adaae6630765e449a6908047?s=96&d=mm&r=g\",\"caption\":\"admpu17wp\"}}]}<\/script>\n<!-- \/ Yoast SEO plugin. -->","yoast_head_json":{"title":"La curva de contagios sigue descendiendo: 17 casos positivos en el d\u00eda","description":"La curva de contagios sigue descendiendo La S.Salud nform\u00f3 que este jueves 19 de noviembre se registraron 17 nuevos casos de Covid-19","robots":{"index":"index","follow":"follow","max-snippet":"max-snippet:-1","max-image-preview":"max-image-preview:large","max-video-preview":"max-video-preview:-1"},"canonical":"https:\/\/experienciadevida.com.ar\/portalurbano\/la-curva-de-contagios-sigue-descendiendo-17-casos-positivos-en-el-dia-de-hoy\/","og_locale":"es_ES","og_type":"article","og_title":"La curva de contagios sigue descendiendo: 17 casos positivos en el d\u00eda","og_description":"La curva de contagios sigue descendiendo La S.Salud nform\u00f3 que este jueves 19 de noviembre se registraron 17 nuevos casos de Covid-19","og_url":"https:\/\/experienciadevida.com.ar\/portalurbano\/la-curva-de-contagios-sigue-descendiendo-17-casos-positivos-en-el-dia-de-hoy\/","article_publisher":"https:\/\/www.facebook.com\/Portal-Urbano-171542830093757\/","article_published_time":"2020-11-19T22:06:29+00:00","article_modified_time":"2020-11-20T00:56:07+00:00","og_image":[{"width":765,"height":510,"url":"https:\/\/experienciadevida.com.ar\/portalurbano\/wp-content\/uploads\/2020\/07\/CAPUTO-e1594917240333.jpg","type":"image\/jpeg"}],"author":"admpu17wp","twitter_card":"summary_large_image","twitter_creator":"@portalurbanook","twitter_site":"@portalurbanook","twitter_misc":{"Escrito por":"admpu17wp","Tiempo de lectura":"1 minuto"},"schema":{"@context":"https:\/\/schema.org","@graph":[{"@type":"Article","@id":"https:\/\/experienciadevida.com.ar\/portalurbano\/la-curva-de-contagios-sigue-descendiendo-17-casos-positivos-en-el-dia-de-hoy\/#article","isPartOf":{"@id":"https:\/\/experienciadevida.com.ar\/portalurbano\/la-curva-de-contagios-sigue-descendiendo-17-casos-positivos-en-el-dia-de-hoy\/"},"author":{"name":"admpu17wp","@id":"https:\/\/experienciadevida.com.ar\/portalurbano\/#\/schema\/person\/02dd326b1c4b056e9cc972486934a3a7"},"headline":"La curva de contagios sigue descendiendo: 17 casos positivos en el d\u00eda de hoy","datePublished":"2020-11-19T22:06:29+00:00","dateModified":"2020-11-20T00:56:07+00:00","mainEntityOfPage":{"@id":"https:\/\/experienciadevida.com.ar\/portalurbano\/la-curva-de-contagios-sigue-descendiendo-17-casos-positivos-en-el-dia-de-hoy\/"},"wordCount":181,"publisher":{"@id":"https:\/\/experienciadevida.com.ar\/portalurbano\/#organization"},"keywords":["informe epidemiol\u00f3gico"],"articleSection":["Ciudad","Destacadas"],"inLanguage":"es"},{"@type":"WebPage","@id":"https:\/\/experienciadevida.com.ar\/portalurbano\/la-curva-de-contagios-sigue-descendiendo-17-casos-positivos-en-el-dia-de-hoy\/","url":"https:\/\/experienciadevida.com.ar\/portalurbano\/la-curva-de-contagios-sigue-descendiendo-17-casos-positivos-en-el-dia-de-hoy\/","name":"La curva de contagios sigue descendiendo: 17 casos positivos en el d\u00eda","isPartOf":{"@id":"https:\/\/experienciadevida.com.ar\/portalurbano\/#website"},"datePublished":"2020-11-19T22:06:29+00:00","dateModified":"2020-11-20T00:56:07+00:00","description":"La curva de contagios sigue descendiendo La S.Salud nform\u00f3 que este jueves 19 de noviembre se registraron 17 nuevos casos de Covid-19","breadcrumb":{"@id":"https:\/\/experienciadevida.com.ar\/portalurbano\/la-curva-de-contagios-sigue-descendiendo-17-casos-positivos-en-el-dia-de-hoy\/#breadcrumb"},"inLanguage":"es","potentialAction":[{"@type":"ReadAction","target":["https:\/\/experienciadevida.com.ar\/portalurbano\/la-curva-de-contagios-sigue-descendiendo-17-casos-positivos-en-el-dia-de-hoy\/"]}]},{"@type":"BreadcrumbList","@id":"https:\/\/experienciadevida.com.ar\/portalurbano\/la-curva-de-contagios-sigue-descendiendo-17-casos-positivos-en-el-dia-de-hoy\/#breadcrumb","itemListElement":[{"@type":"ListItem","position":1,"name":"Portada","item":"https:\/\/experienciadevida.com.ar\/portalurbano\/"},{"@type":"ListItem","position":2,"name":"La curva de contagios sigue descendiendo: 17 casos positivos en el d\u00eda de hoy"}]},{"@type":"WebSite","@id":"https:\/\/experienciadevida.com.ar\/portalurbano\/#website","url":"https:\/\/experienciadevida.com.ar\/portalurbano\/","name":"","description":"","publisher":{"@id":"https:\/\/experienciadevida.com.ar\/portalurbano\/#organization"},"potentialAction":[{"@type":"SearchAction","target":{"@type":"EntryPoint","urlTemplate":"https:\/\/experienciadevida.com.ar\/portalurbano\/?s={search_term_string}"},"query-input":"required name=search_term_string"}],"inLanguage":"es"},{"@type":"Organization","@id":"https:\/\/experienciadevida.com.ar\/portalurbano\/#organization","name":"Portal Urbano","url":"https:\/\/experienciadevida.com.ar\/portalurbano\/","logo":{"@type":"ImageObject","inLanguage":"es","@id":"https:\/\/experienciadevida.com.ar\/portalurbano\/#\/schema\/logo\/image\/","url":"https:\/\/experienciadevida.com.ar\/portalurbano\/wp-content\/uploads\/2019\/09\/Logo-Original.png","contentUrl":"https:\/\/experienciadevida.com.ar\/portalurbano\/wp-content\/uploads\/2019\/09\/Logo-Original.png","width":2236,"height":1216,"caption":"Portal Urbano"},"image":{"@id":"https:\/\/experienciadevida.com.ar\/portalurbano\/#\/schema\/logo\/image\/"},"sameAs":["https:\/\/www.facebook.com\/Portal-Urbano-171542830093757\/","https:\/\/twitter.com\/portalurbanook","https:\/\/www.instagram.com\/_portalurbano\/","https:\/\/www.youtube.com\/channel\/UCXhagIfszH8KxFiOok79zbA?view_as=subscriber"]},{"@type":"Person","@id":"https:\/\/experienciadevida.com.ar\/portalurbano\/#\/schema\/person\/02dd326b1c4b056e9cc972486934a3a7","name":"admpu17wp","image":{"@type":"ImageObject","inLanguage":"es","@id":"https:\/\/experienciadevida.com.ar\/portalurbano\/#\/schema\/person\/image\/","url":"https:\/\/secure.gravatar.com\/avatar\/830d4c57adaae6630765e449a6908047?s=96&d=mm&r=g","contentUrl":"https:\/\/secure.gravatar.com\/avatar\/830d4c57adaae6630765e449a6908047?s=96&d=mm&r=g","caption":"admpu17wp"}}]}},"featured_image_urls":{"full":["https:\/\/experienciadevida.com.ar\/portalurbano\/wp-content\/uploads\/2020\/07\/CAPUTO-e1594917240333.jpg",765,510,false],"thumbnail":["https:\/\/experienciadevida.com.ar\/portalurbano\/wp-content\/uploads\/2020\/07\/CAPUTO-150x150.jpg",150,150,true],"medium":["https:\/\/experienciadevida.com.ar\/portalurbano\/wp-content\/uploads\/2020\/07\/CAPUTO-300x200.jpg",300,200,true],"medium_large":["https:\/\/experienciadevida.com.ar\/portalurbano\/wp-content\/uploads\/2020\/07\/CAPUTO-768x512.jpg",640,427,true],"large":["https:\/\/experienciadevida.com.ar\/portalurbano\/wp-content\/uploads\/2020\/07\/CAPUTO-e1594917240333.jpg",640,427,false],"ug_big":["https:\/\/experienciadevida.com.ar\/portalurbano\/wp-content\/uploads\/2020\/07\/CAPUTO-768x512.jpg",768,512,true],"1536x1536":["https:\/\/experienciadevida.com.ar\/portalurbano\/wp-content\/uploads\/2020\/07\/CAPUTO-e1594917240333.jpg",765,510,false],"2048x2048":["https:\/\/experienciadevida.com.ar\/portalurbano\/wp-content\/uploads\/2020\/07\/CAPUTO-e1594917240333.jpg",765,510,false],"newsever-slider-full":["https:\/\/experienciadevida.com.ar\/portalurbano\/wp-content\/uploads\/2020\/07\/CAPUTO-e1594917240333.jpg",765,510,false],"newsever-featured":["https:\/\/experienciadevida.com.ar\/portalurbano\/wp-content\/uploads\/2020\/07\/CAPUTO-e1594917240333.jpg",765,510,false],"newsever-medium":["https:\/\/experienciadevida.com.ar\/portalurbano\/wp-content\/uploads\/2020\/07\/CAPUTO-e1594917240333.jpg",713,475,false],"web-stories-poster-portrait":["https:\/\/experienciadevida.com.ar\/portalurbano\/wp-content\/uploads\/2020\/07\/CAPUTO-e1594917240333.jpg",640,427,false],"web-stories-publisher-logo":["https:\/\/experienciadevida.com.ar\/portalurbano\/wp-content\/uploads\/2020\/07\/CAPUTO-e1594917240333.jpg",96,64,false],"web-stories-thumbnail":["https:\/\/experienciadevida.com.ar\/portalurbano\/wp-content\/uploads\/2020\/07\/CAPUTO-e1594917240333.jpg",150,100,false]},"author_info":{"display_name":"admpu17wp","author_link":"https:\/\/experienciadevida.com.ar\/portalurbano\/author\/admpu17wp\/"},"category_info":"<a href=\"https:\/\/experienciadevida.com.ar\/portalurbano\/category\/ciudad\/\" rel=\"category tag\">Ciudad<\/a> <a href=\"https:\/\/experienciadevida.com.ar\/portalurbano\/category\/destacadas\/\" rel=\"category tag\">Destacadas<\/a>","tag_info":"Destacadas","comment_count":"0","amp_enabled":true,"_links":{"self":[{"href":"https:\/\/experienciadevida.com.ar\/portalurbano\/wp-json\/wp\/v2\/posts\/127746"}],"collection":[{"href":"https:\/\/experienciadevida.com.ar\/portalurbano\/wp-json\/wp\/v2\/posts"}],"about":[{"href":"https:\/\/experienciadevida.com.ar\/portalurbano\/wp-json\/wp\/v2\/types\/post"}],"author":[{"embeddable":true,"href":"https:\/\/experienciadevida.com.ar\/portalurbano\/wp-json\/wp\/v2\/users\/1"}],"replies":[{"embeddable":true,"href":"https:\/\/experienciadevida.com.ar\/portalurbano\/wp-json\/wp\/v2\/comments?post=127746"}],"version-history":[{"count":6,"href":"https:\/\/experienciadevida.com.ar\/portalurbano\/wp-json\/wp\/v2\/posts\/127746\/revisions"}],"predecessor-version":[{"id":127801,"href":"https:\/\/experienciadevida.com.ar\/portalurbano\/wp-json\/wp\/v2\/posts\/127746\/revisions\/127801"}],"wp:featuredmedia":[{"embeddable":true,"href":"https:\/\/experienciadevida.com.ar\/portalurbano\/wp-json\/wp\/v2\/media\/115078"}],"wp:attachment":[{"href":"https:\/\/experienciadevida.com.ar\/portalurbano\/wp-json\/wp\/v2\/media?parent=127746"}],"wp:term":[{"taxonomy":"category","embeddable":true,"href":"https:\/\/experienciadevida.com.ar\/portalurbano\/wp-json\/wp\/v2\/categories?post=127746"},{"taxonomy":"post_tag","embeddable":true,"href":"https:\/\/experienciadevida.com.ar\/portalurbano\/wp-json\/wp\/v2\/tags?post=127746"}],"curies":[{"name":"wp","href":"https:\/\/api.w.org\/{rel}","templated":true}]}}