{"id":127735,"date":"2020-11-19T13:50:35","date_gmt":"2020-11-19T16:50:35","guid":{"rendered":"https:\/\/experienciadevida.com.ar\/portalurbano\/?p=127735"},"modified":"2020-11-19T13:55:53","modified_gmt":"2020-11-19T16:55:53","slug":"en-olavarria-se-inauguro-la-casa-de-atencion-y-acompanamiento-terapeutico-del-sedronar","status":"publish","type":"post","link":"https:\/\/experienciadevida.com.ar\/portalurbano\/en-olavarria-se-inauguro-la-casa-de-atencion-y-acompanamiento-terapeutico-del-sedronar\/","title":{"rendered":"En Olavarr\u00eda se inaugur\u00f3 la Casa de Atenci\u00f3n y Acompa\u00f1amiento Terap\u00e9utico del SEDRONAR"},"content":{"rendered":"<div class=\"vc_row wpb_row vc_row-fluid\">\n<div class=\"wpb_column vc_column_container vc_col-sm-12\">\n<div class=\"vc_column-inner\">\n<div class=\"wpb_wrapper\">\n<div class=\"wpb_text_column wpb_content_element \">\n<div class=\"wpb_wrapper\">\n<p>El intendente Ezequiel Galli y la titular de la Secretar\u00eda de Pol\u00edticas Integrales sobre Drogas de la Naci\u00f3n Argentina (SEDRONAR), Gabriela Torres inauguraron la Casa de Atenci\u00f3n y Acompa\u00f1amiento Comunitario (CAAC) de Olavarr\u00eda y firmaron un convenio.<\/p>\n<p><a href=\"https:\/\/experienciadevida.com.ar\/portalurbano\/en-olavarria-se-inauguro-la-casa-de-atencion-y-acompanamiento-terapeutico-del-sedronar\/casa-4\/\" rel=\"attachment wp-att-127739\"><img decoding=\"async\" class=\"alignnone size-full wp-image-127739\" src=\"https:\/\/experienciadevida.com.ar\/portalurbano\/wp-content\/uploads\/2020\/11\/Casa-e1605804805542.jpg\" alt=\"Casa \" width=\"765\" height=\"510\" \/><\/a><\/p>\n<p><em>\u201cPara poder llevar a cabo pol\u00edticas que tengan efecto positivo es importante contar con la presencia del Estado en cada territorio\u201d,<\/em>\u00a0comenz\u00f3 diciendo el intendente <a href=\"https:\/\/www.facebook.com\/galliezequiel\">Galli<\/a>.<\/p>\n<p><em>\u201cCelebro que est\u00e9s ac\u00e1 \u2013en referencia a Gabriela Torres (titular de la Secretar\u00eda de Pol\u00edticas Integrales sobre Drogas de la Naci\u00f3n Argentina (SEDRONAR)- y que nos acompa\u00f1en intendentes de la secci\u00f3n. Lo valoro mucho, desde el Municipio hacemos un esfuerzo muy grande\u201d,\u00a0<\/em>expres\u00f3 el Intendente.<\/p>\n<p><a href=\"https:\/\/experienciadevida.com.ar\/portalurbano\/en-olavarria-se-inauguro-la-casa-de-atencion-y-acompanamiento-terapeutico-del-sedronar\/atencion-2\/\" rel=\"attachment wp-att-127741\"><img decoding=\"async\" class=\"alignnone size-full wp-image-127741\" src=\"https:\/\/experienciadevida.com.ar\/portalurbano\/wp-content\/uploads\/2020\/11\/atencion-e1605804877437.jpg\" alt=\"atenci\u00f3n \" width=\"765\" height=\"510\" \/><\/a><\/p>\n<p>Por su parte, Torres indic\u00f3 que\u00a0<em>\u201cdesde el SEDRONAR hemos aprendido muchas cosas de los problemas sociales que son complejas. La soluci\u00f3n no es lineal ni \u00fanica y requiere de un abordaje\u00a0 con diferentes estrategias\u201d.<\/em><\/p>\n<p><em>\u201cDebemos trabajar articuladamente los tres estamentos y las instituciones, para abordar esta problem\u00e1tica se necesita del acompa\u00f1amiento de diferentes instituciones. Los problemas de consumo son un s\u00edntoma, detr\u00e1s de eso hay muchas cosas para evaluar\u201d,\u00a0<\/em>asever\u00f3 la funcionaria nacional.<\/p>\n<p><em>\u201cSEDRONAR va a aportar personal y empezar a articular y acompa\u00f1ar. Hay que acompa\u00f1ar a los que menos tienen para llegar a todos. Los programas sociales no se detienen y tenemos que seguir trabajando\u201d,<\/em>\u00a0manifest\u00f3.<\/p>\n<p>El acto se llev\u00f3 a cabo al mediod\u00eda de este jueves en el nuevo espacio que funciona en calle Rivadavia 2257, donde se\u00a0brindar\u00e1n espacios grupales e individuales terap\u00e9uticos, talleres y se gestionar\u00e1 el acompa\u00f1amiento en salud, trabajo, educaci\u00f3n e identidad.<\/p>\n<p>La CAAC Red Puentes Olavarr\u00eda es una de las 50 nuevas Casas de Atenci\u00f3n y Acompa\u00f1amiento Comunitario que se sumaron a la red federal de dispositivos en 18 provincias del pa\u00eds, cuya presentaci\u00f3n se realiz\u00f3 recientemente.<\/p>\n<p>De la inauguraci\u00f3n oficial participaron adem\u00e1s los intendentes de 25 de Mayo, Hern\u00e1n Ralinqueo y de Tapalqu\u00e9, Gustavo Cocconi, para la firma de un convenio que permitir\u00e1 sumar recursos humanos a los respectivos espacios locales en pos de fortalecer la accesibilidad a la atenci\u00f3n y el acompa\u00f1amiento en la regi\u00f3n.<\/p>\n<p>El Intendente de 25 de Mayo\u00a0 se\u00f1al\u00f3 que\u00a0<em>\u201ces importante este avance de firmar un convenio de articulaci\u00f3n con el SEDRONAR. Es una problem\u00e1tica presente desde hace mucho tiempo\u201d.<\/em><\/p>\n<p><em>\u201cEs central la presencia del Estado. Se requieren pol\u00edticas p\u00fablicas que tengan decisi\u00f3n pol\u00edtica\u201d,\u00a0<\/em>resalt\u00f3 Ralinqueo.<\/p>\n<p>A su turno, el intendente de la ciudad de Tapalqu\u00e9 Gustavo Cocconi expres\u00f3\u00a0<em>\u201cquiero agradecer la invitaci\u00f3n, la participaci\u00f3n, siempre se aprende. En cada ejercicio democr\u00e1tico tenemos que aprender. Teniendo en cuanta articulaci\u00f3n de distintos actores. Tenemos que construir juntos un nuevo pa\u00eds. En ese camino estamos\u201d.<\/em><\/p>\n<p>Formaron parte del acto tambi\u00e9n la referente local del espacio Mar\u00eda Rodr\u00edguez y el Diputado Provincial C\u00e9sar Valicenti.<\/p>\n<p><em>\u201cMe parece importante destacar la coherencia de lo que uno dice con el estado presente y la presencia de un funcionario ac\u00e1 en el interior con el compromiso de acompa\u00f1ar con una pol\u00edtica p\u00fablica. Sabemos que el SEDRONAR va a desplegar pol\u00edticas a esta problem\u00e1tica que nos ocupa mucho\u201d,<\/em>\u00a0asegur\u00f3 el Diputado Provincial C\u00e9sar Valicenti.<\/p>\n<p>Al final, la coordinadora local del espacio Mar\u00eda Rodr\u00edguez, agradeci\u00f3\u00a0<em>\u201cla presencia de todos y todas y de cada uno de mis compa\u00f1eros y compa\u00f1eras con quienes trabajamos codo a codo en un recorrido territorial. Esta casa puente se suma al trabajo de Casa Popular Valeria\u201d<\/em><\/p>\n<p><em>\u201cEste proyecto fue y es una construcci\u00f3n colectiva y comunitaria\u201d,<\/em>\u00a0afirm\u00f3.<\/p>\n<p><em>\u201cEste caminar nos ense\u00f1\u00f3 que nadie se salva solo. Hoy nos sentimos fuertes. Esto nos reafirma que sin territorio no hay estado y que las organizaciones sociales asumimos el rol del Estado en el territorio\u201d,\u00a0<\/em>concluy\u00f3 la titular de la Casa de Atenci\u00f3n y Acompa\u00f1amiento Comunitario de Olavarr\u00eda.<\/p>\n<p>A partir de la incorporaci\u00f3n de dicho espacio a la red federal, su atenci\u00f3n se ampliar\u00e1 con la incorporaci\u00f3n de profesionales multidisciplinarios al equipo de trabajo, adem\u00e1s de mudarse a una sede con m\u00e1s comodidades y mejor ubicada que la anterior.<\/p>\n<\/div>\n<\/div>\n<\/div>\n<\/div>\n<\/div>\n<\/div>\n<div class=\"at-below-post addthis_tool\" data-url=\"https:\/\/www.olavarria.gov.ar\/en-olavarria-se-inauguro-la-casa-de-atencion-y-acompanamiento-terapeutico-del-sedronar\/\" data-title=\"En Olavarr\u00eda se inaugur\u00f3 la Casa de Atenci\u00f3n y Acompa\u00f1amiento Terap\u00e9utico del SEDRONAR | | Municipalidad del Partido de Olavarr\u00eda\">\n<div id=\"atstbx\" class=\"at-share-tbx-element addthis-smartlayers addthis-animated at4-show\" role=\"region\" aria-labelledby=\"at-c262a97e-d784-4c1a-b2dd-da9261583297\">\n<div class=\"at-share-btn-elements\"><\/div>\n<\/div>\n<\/div>\n","protected":false},"excerpt":{"rendered":"<p>El intendente Ezequiel Galli y la titular de la Secretar\u00eda de Pol\u00edticas Integrales sobre Drogas&#8230;<\/p>\n","protected":false},"author":1,"featured_media":127736,"comment_status":"closed","ping_status":"closed","sticky":false,"template":"","format":"standard","meta":{"content-type":""},"categories":[27,51],"tags":[],"nelio_content":{"isAutoShareEnabled":false,"autoShareEndMode":"default","automationSources":{"useContentSentences":true,"useSocialTemplates":true,"useCustomSentences":false,"customSentences":[]},"followers":[1],"suggestedReferences":[],"includedReferences":[],"efiUrl":"","efiAlt":"","highlights":[]},"yoast_head":"<!-- This site is optimized with the Yoast SEO plugin v20.7 - https:\/\/yoast.com\/wordpress\/plugins\/seo\/ -->\n<title>Se inaugur\u00f3 la casa de atenci\u00f3n y acompa\u00f1amiento terap\u00e9utico<\/title>\n<meta name=\"description\" content=\"Inauguraron la Casa de Atenci\u00f3n y Acompa\u00f1amiento Comunitario (CAAC) de Olavarr\u00eda y firmaron un convenio, particip\u00f3 el Intendente.\" \/>\n<meta name=\"robots\" content=\"index, follow, max-snippet:-1, max-image-preview:large, max-video-preview:-1\" \/>\n<link rel=\"canonical\" href=\"https:\/\/experienciadevida.com.ar\/portalurbano\/en-olavarria-se-inauguro-la-casa-de-atencion-y-acompanamiento-terapeutico-del-sedronar\/\" \/>\n<meta property=\"og:locale\" content=\"es_ES\" \/>\n<meta property=\"og:type\" content=\"article\" \/>\n<meta property=\"og:title\" content=\"Se inaugur\u00f3 la casa de atenci\u00f3n y acompa\u00f1amiento terap\u00e9utico\" \/>\n<meta property=\"og:description\" content=\"Inauguraron la Casa de Atenci\u00f3n y Acompa\u00f1amiento Comunitario (CAAC) de Olavarr\u00eda y firmaron un convenio, particip\u00f3 el Intendente.\" \/>\n<meta property=\"og:url\" content=\"https:\/\/experienciadevida.com.ar\/portalurbano\/en-olavarria-se-inauguro-la-casa-de-atencion-y-acompanamiento-terapeutico-del-sedronar\/\" \/>\n<meta property=\"article:publisher\" content=\"https:\/\/www.facebook.com\/Portal-Urbano-171542830093757\/\" \/>\n<meta property=\"article:published_time\" content=\"2020-11-19T16:50:35+00:00\" \/>\n<meta property=\"article:modified_time\" content=\"2020-11-19T16:55:53+00:00\" \/>\n<meta property=\"og:image\" content=\"https:\/\/experienciadevida.com.ar\/portalurbano\/wp-content\/uploads\/2020\/11\/Firma-Sedronar-2-e1605804627233.jpg\" \/>\n\t<meta property=\"og:image:width\" content=\"765\" \/>\n\t<meta property=\"og:image:height\" content=\"510\" \/>\n\t<meta property=\"og:image:type\" content=\"image\/jpeg\" \/>\n<meta name=\"author\" content=\"admpu17wp\" \/>\n<meta name=\"twitter:card\" content=\"summary_large_image\" \/>\n<meta name=\"twitter:creator\" content=\"@portalurbanook\" \/>\n<meta name=\"twitter:site\" content=\"@portalurbanook\" \/>\n<meta name=\"twitter:label1\" content=\"Escrito por\" \/>\n\t<meta name=\"twitter:data1\" content=\"admpu17wp\" \/>\n\t<meta name=\"twitter:label2\" content=\"Tiempo de lectura\" \/>\n\t<meta name=\"twitter:data2\" content=\"4 minutos\" \/>\n<script type=\"application\/ld+json\" class=\"yoast-schema-graph\">{\"@context\":\"https:\/\/schema.org\",\"@graph\":[{\"@type\":\"Article\",\"@id\":\"https:\/\/experienciadevida.com.ar\/portalurbano\/en-olavarria-se-inauguro-la-casa-de-atencion-y-acompanamiento-terapeutico-del-sedronar\/#article\",\"isPartOf\":{\"@id\":\"https:\/\/experienciadevida.com.ar\/portalurbano\/en-olavarria-se-inauguro-la-casa-de-atencion-y-acompanamiento-terapeutico-del-sedronar\/\"},\"author\":{\"name\":\"admpu17wp\",\"@id\":\"https:\/\/experienciadevida.com.ar\/portalurbano\/#\/schema\/person\/02dd326b1c4b056e9cc972486934a3a7\"},\"headline\":\"En Olavarr\u00eda se inaugur\u00f3 la Casa de Atenci\u00f3n y Acompa\u00f1amiento Terap\u00e9utico del SEDRONAR\",\"datePublished\":\"2020-11-19T16:50:35+00:00\",\"dateModified\":\"2020-11-19T16:55:53+00:00\",\"mainEntityOfPage\":{\"@id\":\"https:\/\/experienciadevida.com.ar\/portalurbano\/en-olavarria-se-inauguro-la-casa-de-atencion-y-acompanamiento-terapeutico-del-sedronar\/\"},\"wordCount\":739,\"publisher\":{\"@id\":\"https:\/\/experienciadevida.com.ar\/portalurbano\/#organization\"},\"articleSection\":[\"Ciudad\",\"Destacadas\"],\"inLanguage\":\"es\"},{\"@type\":\"WebPage\",\"@id\":\"https:\/\/experienciadevida.com.ar\/portalurbano\/en-olavarria-se-inauguro-la-casa-de-atencion-y-acompanamiento-terapeutico-del-sedronar\/\",\"url\":\"https:\/\/experienciadevida.com.ar\/portalurbano\/en-olavarria-se-inauguro-la-casa-de-atencion-y-acompanamiento-terapeutico-del-sedronar\/\",\"name\":\"Se inaugur\u00f3 la casa de atenci\u00f3n y acompa\u00f1amiento terap\u00e9utico\",\"isPartOf\":{\"@id\":\"https:\/\/experienciadevida.com.ar\/portalurbano\/#website\"},\"datePublished\":\"2020-11-19T16:50:35+00:00\",\"dateModified\":\"2020-11-19T16:55:53+00:00\",\"description\":\"Inauguraron la Casa de Atenci\u00f3n y Acompa\u00f1amiento Comunitario (CAAC) de Olavarr\u00eda y firmaron un convenio, particip\u00f3 el Intendente.\",\"breadcrumb\":{\"@id\":\"https:\/\/experienciadevida.com.ar\/portalurbano\/en-olavarria-se-inauguro-la-casa-de-atencion-y-acompanamiento-terapeutico-del-sedronar\/#breadcrumb\"},\"inLanguage\":\"es\",\"potentialAction\":[{\"@type\":\"ReadAction\",\"target\":[\"https:\/\/experienciadevida.com.ar\/portalurbano\/en-olavarria-se-inauguro-la-casa-de-atencion-y-acompanamiento-terapeutico-del-sedronar\/\"]}]},{\"@type\":\"BreadcrumbList\",\"@id\":\"https:\/\/experienciadevida.com.ar\/portalurbano\/en-olavarria-se-inauguro-la-casa-de-atencion-y-acompanamiento-terapeutico-del-sedronar\/#breadcrumb\",\"itemListElement\":[{\"@type\":\"ListItem\",\"position\":1,\"name\":\"Portada\",\"item\":\"https:\/\/experienciadevida.com.ar\/portalurbano\/\"},{\"@type\":\"ListItem\",\"position\":2,\"name\":\"En Olavarr\u00eda se inaugur\u00f3 la Casa de Atenci\u00f3n y Acompa\u00f1amiento Terap\u00e9utico del SEDRONAR\"}]},{\"@type\":\"WebSite\",\"@id\":\"https:\/\/experienciadevida.com.ar\/portalurbano\/#website\",\"url\":\"https:\/\/experienciadevida.com.ar\/portalurbano\/\",\"name\":\"\",\"description\":\"\",\"publisher\":{\"@id\":\"https:\/\/experienciadevida.com.ar\/portalurbano\/#organization\"},\"potentialAction\":[{\"@type\":\"SearchAction\",\"target\":{\"@type\":\"EntryPoint\",\"urlTemplate\":\"https:\/\/experienciadevida.com.ar\/portalurbano\/?s={search_term_string}\"},\"query-input\":\"required name=search_term_string\"}],\"inLanguage\":\"es\"},{\"@type\":\"Organization\",\"@id\":\"https:\/\/experienciadevida.com.ar\/portalurbano\/#organization\",\"name\":\"Portal Urbano\",\"url\":\"https:\/\/experienciadevida.com.ar\/portalurbano\/\",\"logo\":{\"@type\":\"ImageObject\",\"inLanguage\":\"es\",\"@id\":\"https:\/\/experienciadevida.com.ar\/portalurbano\/#\/schema\/logo\/image\/\",\"url\":\"https:\/\/experienciadevida.com.ar\/portalurbano\/wp-content\/uploads\/2019\/09\/Logo-Original.png\",\"contentUrl\":\"https:\/\/experienciadevida.com.ar\/portalurbano\/wp-content\/uploads\/2019\/09\/Logo-Original.png\",\"width\":2236,\"height\":1216,\"caption\":\"Portal Urbano\"},\"image\":{\"@id\":\"https:\/\/experienciadevida.com.ar\/portalurbano\/#\/schema\/logo\/image\/\"},\"sameAs\":[\"https:\/\/www.facebook.com\/Portal-Urbano-171542830093757\/\",\"https:\/\/twitter.com\/portalurbanook\",\"https:\/\/www.instagram.com\/_portalurbano\/\",\"https:\/\/www.youtube.com\/channel\/UCXhagIfszH8KxFiOok79zbA?view_as=subscriber\"]},{\"@type\":\"Person\",\"@id\":\"https:\/\/experienciadevida.com.ar\/portalurbano\/#\/schema\/person\/02dd326b1c4b056e9cc972486934a3a7\",\"name\":\"admpu17wp\",\"image\":{\"@type\":\"ImageObject\",\"inLanguage\":\"es\",\"@id\":\"https:\/\/experienciadevida.com.ar\/portalurbano\/#\/schema\/person\/image\/\",\"url\":\"https:\/\/secure.gravatar.com\/avatar\/830d4c57adaae6630765e449a6908047?s=96&d=mm&r=g\",\"contentUrl\":\"https:\/\/secure.gravatar.com\/avatar\/830d4c57adaae6630765e449a6908047?s=96&d=mm&r=g\",\"caption\":\"admpu17wp\"}}]}<\/script>\n<!-- \/ Yoast SEO plugin. -->","yoast_head_json":{"title":"Se inaugur\u00f3 la casa de atenci\u00f3n y acompa\u00f1amiento terap\u00e9utico","description":"Inauguraron la Casa de Atenci\u00f3n y Acompa\u00f1amiento Comunitario (CAAC) de Olavarr\u00eda y firmaron un convenio, particip\u00f3 el Intendente.","robots":{"index":"index","follow":"follow","max-snippet":"max-snippet:-1","max-image-preview":"max-image-preview:large","max-video-preview":"max-video-preview:-1"},"canonical":"https:\/\/experienciadevida.com.ar\/portalurbano\/en-olavarria-se-inauguro-la-casa-de-atencion-y-acompanamiento-terapeutico-del-sedronar\/","og_locale":"es_ES","og_type":"article","og_title":"Se inaugur\u00f3 la casa de atenci\u00f3n y acompa\u00f1amiento terap\u00e9utico","og_description":"Inauguraron la Casa de Atenci\u00f3n y Acompa\u00f1amiento Comunitario (CAAC) de Olavarr\u00eda y firmaron un convenio, particip\u00f3 el Intendente.","og_url":"https:\/\/experienciadevida.com.ar\/portalurbano\/en-olavarria-se-inauguro-la-casa-de-atencion-y-acompanamiento-terapeutico-del-sedronar\/","article_publisher":"https:\/\/www.facebook.com\/Portal-Urbano-171542830093757\/","article_published_time":"2020-11-19T16:50:35+00:00","article_modified_time":"2020-11-19T16:55:53+00:00","og_image":[{"width":765,"height":510,"url":"https:\/\/experienciadevida.com.ar\/portalurbano\/wp-content\/uploads\/2020\/11\/Firma-Sedronar-2-e1605804627233.jpg","type":"image\/jpeg"}],"author":"admpu17wp","twitter_card":"summary_large_image","twitter_creator":"@portalurbanook","twitter_site":"@portalurbanook","twitter_misc":{"Escrito por":"admpu17wp","Tiempo de lectura":"4 minutos"},"schema":{"@context":"https:\/\/schema.org","@graph":[{"@type":"Article","@id":"https:\/\/experienciadevida.com.ar\/portalurbano\/en-olavarria-se-inauguro-la-casa-de-atencion-y-acompanamiento-terapeutico-del-sedronar\/#article","isPartOf":{"@id":"https:\/\/experienciadevida.com.ar\/portalurbano\/en-olavarria-se-inauguro-la-casa-de-atencion-y-acompanamiento-terapeutico-del-sedronar\/"},"author":{"name":"admpu17wp","@id":"https:\/\/experienciadevida.com.ar\/portalurbano\/#\/schema\/person\/02dd326b1c4b056e9cc972486934a3a7"},"headline":"En Olavarr\u00eda se inaugur\u00f3 la Casa de Atenci\u00f3n y Acompa\u00f1amiento Terap\u00e9utico del SEDRONAR","datePublished":"2020-11-19T16:50:35+00:00","dateModified":"2020-11-19T16:55:53+00:00","mainEntityOfPage":{"@id":"https:\/\/experienciadevida.com.ar\/portalurbano\/en-olavarria-se-inauguro-la-casa-de-atencion-y-acompanamiento-terapeutico-del-sedronar\/"},"wordCount":739,"publisher":{"@id":"https:\/\/experienciadevida.com.ar\/portalurbano\/#organization"},"articleSection":["Ciudad","Destacadas"],"inLanguage":"es"},{"@type":"WebPage","@id":"https:\/\/experienciadevida.com.ar\/portalurbano\/en-olavarria-se-inauguro-la-casa-de-atencion-y-acompanamiento-terapeutico-del-sedronar\/","url":"https:\/\/experienciadevida.com.ar\/portalurbano\/en-olavarria-se-inauguro-la-casa-de-atencion-y-acompanamiento-terapeutico-del-sedronar\/","name":"Se inaugur\u00f3 la casa de atenci\u00f3n y acompa\u00f1amiento terap\u00e9utico","isPartOf":{"@id":"https:\/\/experienciadevida.com.ar\/portalurbano\/#website"},"datePublished":"2020-11-19T16:50:35+00:00","dateModified":"2020-11-19T16:55:53+00:00","description":"Inauguraron la Casa de Atenci\u00f3n y Acompa\u00f1amiento Comunitario (CAAC) de Olavarr\u00eda y firmaron un convenio, particip\u00f3 el Intendente.","breadcrumb":{"@id":"https:\/\/experienciadevida.com.ar\/portalurbano\/en-olavarria-se-inauguro-la-casa-de-atencion-y-acompanamiento-terapeutico-del-sedronar\/#breadcrumb"},"inLanguage":"es","potentialAction":[{"@type":"ReadAction","target":["https:\/\/experienciadevida.com.ar\/portalurbano\/en-olavarria-se-inauguro-la-casa-de-atencion-y-acompanamiento-terapeutico-del-sedronar\/"]}]},{"@type":"BreadcrumbList","@id":"https:\/\/experienciadevida.com.ar\/portalurbano\/en-olavarria-se-inauguro-la-casa-de-atencion-y-acompanamiento-terapeutico-del-sedronar\/#breadcrumb","itemListElement":[{"@type":"ListItem","position":1,"name":"Portada","item":"https:\/\/experienciadevida.com.ar\/portalurbano\/"},{"@type":"ListItem","position":2,"name":"En Olavarr\u00eda se inaugur\u00f3 la Casa de Atenci\u00f3n y Acompa\u00f1amiento Terap\u00e9utico del SEDRONAR"}]},{"@type":"WebSite","@id":"https:\/\/experienciadevida.com.ar\/portalurbano\/#website","url":"https:\/\/experienciadevida.com.ar\/portalurbano\/","name":"","description":"","publisher":{"@id":"https:\/\/experienciadevida.com.ar\/portalurbano\/#organization"},"potentialAction":[{"@type":"SearchAction","target":{"@type":"EntryPoint","urlTemplate":"https:\/\/experienciadevida.com.ar\/portalurbano\/?s={search_term_string}"},"query-input":"required name=search_term_string"}],"inLanguage":"es"},{"@type":"Organization","@id":"https:\/\/experienciadevida.com.ar\/portalurbano\/#organization","name":"Portal Urbano","url":"https:\/\/experienciadevida.com.ar\/portalurbano\/","logo":{"@type":"ImageObject","inLanguage":"es","@id":"https:\/\/experienciadevida.com.ar\/portalurbano\/#\/schema\/logo\/image\/","url":"https:\/\/experienciadevida.com.ar\/portalurbano\/wp-content\/uploads\/2019\/09\/Logo-Original.png","contentUrl":"https:\/\/experienciadevida.com.ar\/portalurbano\/wp-content\/uploads\/2019\/09\/Logo-Original.png","width":2236,"height":1216,"caption":"Portal Urbano"},"image":{"@id":"https:\/\/experienciadevida.com.ar\/portalurbano\/#\/schema\/logo\/image\/"},"sameAs":["https:\/\/www.facebook.com\/Portal-Urbano-171542830093757\/","https:\/\/twitter.com\/portalurbanook","https:\/\/www.instagram.com\/_portalurbano\/","https:\/\/www.youtube.com\/channel\/UCXhagIfszH8KxFiOok79zbA?view_as=subscriber"]},{"@type":"Person","@id":"https:\/\/experienciadevida.com.ar\/portalurbano\/#\/schema\/person\/02dd326b1c4b056e9cc972486934a3a7","name":"admpu17wp","image":{"@type":"ImageObject","inLanguage":"es","@id":"https:\/\/experienciadevida.com.ar\/portalurbano\/#\/schema\/person\/image\/","url":"https:\/\/secure.gravatar.com\/avatar\/830d4c57adaae6630765e449a6908047?s=96&d=mm&r=g","contentUrl":"https:\/\/secure.gravatar.com\/avatar\/830d4c57adaae6630765e449a6908047?s=96&d=mm&r=g","caption":"admpu17wp"}}]}},"featured_image_urls":{"full":["https:\/\/experienciadevida.com.ar\/portalurbano\/wp-content\/uploads\/2020\/11\/Firma-Sedronar-2-e1605804627233.jpg",765,510,false],"thumbnail":["https:\/\/experienciadevida.com.ar\/portalurbano\/wp-content\/uploads\/2020\/11\/Firma-Sedronar-2-150x150.jpg",150,150,true],"medium":["https:\/\/experienciadevida.com.ar\/portalurbano\/wp-content\/uploads\/2020\/11\/Firma-Sedronar-2-300x200.jpg",300,200,true],"medium_large":["https:\/\/experienciadevida.com.ar\/portalurbano\/wp-content\/uploads\/2020\/11\/Firma-Sedronar-2-768x512.jpg",640,427,true],"large":["https:\/\/experienciadevida.com.ar\/portalurbano\/wp-content\/uploads\/2020\/11\/Firma-Sedronar-2-1024x683.jpg",640,427,true],"ug_big":["https:\/\/experienciadevida.com.ar\/portalurbano\/wp-content\/uploads\/2020\/11\/Firma-Sedronar-2-768x512.jpg",768,512,true],"1536x1536":["https:\/\/experienciadevida.com.ar\/portalurbano\/wp-content\/uploads\/2020\/11\/Firma-Sedronar-2-1536x1024.jpg",1536,1024,true],"2048x2048":["https:\/\/experienciadevida.com.ar\/portalurbano\/wp-content\/uploads\/2020\/11\/Firma-Sedronar-2-e1605804627233.jpg",765,510,false],"newsever-slider-full":["https:\/\/experienciadevida.com.ar\/portalurbano\/wp-content\/uploads\/2020\/11\/Firma-Sedronar-2-e1605804627233.jpg",765,510,false],"newsever-featured":["https:\/\/experienciadevida.com.ar\/portalurbano\/wp-content\/uploads\/2020\/11\/Firma-Sedronar-2-e1605804627233.jpg",765,510,false],"newsever-medium":["https:\/\/experienciadevida.com.ar\/portalurbano\/wp-content\/uploads\/2020\/11\/Firma-Sedronar-2-e1605804627233.jpg",713,475,false],"web-stories-poster-portrait":["https:\/\/experienciadevida.com.ar\/portalurbano\/wp-content\/uploads\/2020\/11\/Firma-Sedronar-2-e1605804627233.jpg",640,427,false],"web-stories-publisher-logo":["https:\/\/experienciadevida.com.ar\/portalurbano\/wp-content\/uploads\/2020\/11\/Firma-Sedronar-2-e1605804627233.jpg",96,64,false],"web-stories-thumbnail":["https:\/\/experienciadevida.com.ar\/portalurbano\/wp-content\/uploads\/2020\/11\/Firma-Sedronar-2-e1605804627233.jpg",150,100,false]},"author_info":{"display_name":"admpu17wp","author_link":"https:\/\/experienciadevida.com.ar\/portalurbano\/author\/admpu17wp\/"},"category_info":"<a href=\"https:\/\/experienciadevida.com.ar\/portalurbano\/category\/ciudad\/\" rel=\"category tag\">Ciudad<\/a> <a href=\"https:\/\/experienciadevida.com.ar\/portalurbano\/category\/destacadas\/\" rel=\"category tag\">Destacadas<\/a>","tag_info":"Destacadas","comment_count":"0","amp_enabled":true,"_links":{"self":[{"href":"https:\/\/experienciadevida.com.ar\/portalurbano\/wp-json\/wp\/v2\/posts\/127735"}],"collection":[{"href":"https:\/\/experienciadevida.com.ar\/portalurbano\/wp-json\/wp\/v2\/posts"}],"about":[{"href":"https:\/\/experienciadevida.com.ar\/portalurbano\/wp-json\/wp\/v2\/types\/post"}],"author":[{"embeddable":true,"href":"https:\/\/experienciadevida.com.ar\/portalurbano\/wp-json\/wp\/v2\/users\/1"}],"replies":[{"embeddable":true,"href":"https:\/\/experienciadevida.com.ar\/portalurbano\/wp-json\/wp\/v2\/comments?post=127735"}],"version-history":[{"count":4,"href":"https:\/\/experienciadevida.com.ar\/portalurbano\/wp-json\/wp\/v2\/posts\/127735\/revisions"}],"predecessor-version":[{"id":127742,"href":"https:\/\/experienciadevida.com.ar\/portalurbano\/wp-json\/wp\/v2\/posts\/127735\/revisions\/127742"}],"wp:featuredmedia":[{"embeddable":true,"href":"https:\/\/experienciadevida.com.ar\/portalurbano\/wp-json\/wp\/v2\/media\/127736"}],"wp:attachment":[{"href":"https:\/\/experienciadevida.com.ar\/portalurbano\/wp-json\/wp\/v2\/media?parent=127735"}],"wp:term":[{"taxonomy":"category","embeddable":true,"href":"https:\/\/experienciadevida.com.ar\/portalurbano\/wp-json\/wp\/v2\/categories?post=127735"},{"taxonomy":"post_tag","embeddable":true,"href":"https:\/\/experienciadevida.com.ar\/portalurbano\/wp-json\/wp\/v2\/tags?post=127735"}],"curies":[{"name":"wp","href":"https:\/\/api.w.org\/{rel}","templated":true}]}}