{"id":127518,"date":"2020-11-17T12:48:34","date_gmt":"2020-11-17T15:48:34","guid":{"rendered":"https:\/\/experienciadevida.com.ar\/portalurbano\/?p=127518"},"modified":"2020-11-17T12:49:18","modified_gmt":"2020-11-17T15:49:18","slug":"el-presidente-agradecio-a-toda-las-militancias-que-luchan-por-una-sociedad-mejor","status":"publish","type":"post","link":"https:\/\/experienciadevida.com.ar\/portalurbano\/el-presidente-agradecio-a-toda-las-militancias-que-luchan-por-una-sociedad-mejor\/","title":{"rendered":"El Presidente agradeci\u00f3 a \u201ctoda las militancias que luchan por una sociedad mejor\u201d"},"content":{"rendered":"<p>Alberto Fern\u00e1ndez record\u00f3 en <a href=\"https:\/\/twitter.com\/alferdez\">Twitter<\/a> a N\u00e9stor Kirchner, en una serie de mensajes por el D\u00eda de la Militancia peronista. Hoy participar\u00e1 virtualmente de un acto organizado por el Consejo del PJ. <a href=\"https:\/\/experienciadevida.com.ar\/portalurbano\/desde-el-frente-de-todos-y-el-pj-convocan-a-la-caravana-de-las-militancias\/\">A nivel local se har\u00e1 una caravana desde el puente Emiliozzi a las 18hs.<\/a><\/p>\n<p>El presidente Alberto Fern\u00e1ndez agradeci\u00f3 a \u201ctodas las militancias que luchan por una sociedad mejor\u201d y record\u00f3 la figura de N\u00e9stor Kirchner como un \u201cmilitante inmenso\u201d, al conmemorarse este martes el D\u00eda de la Militancia peronista en recuerdo del regreso del Juan Domingo Per\u00f3n a la Argentina en 1972, tras 17 a\u00f1os de exilio.<\/p>\n<p>\u201c\u2018Queremos tener compa\u00f1eros que piensen, que nos digan la verdad, que tengan capacidad transgresora, que ayuden a equivocarnos lo menos posible\u2019. Palabras de N\u00e9stor Kirchner, un militante inmenso\u201d, escribi\u00f3 durante la madrugada el jefe del Estado en su cuenta de la red social Twitter.<\/p>\n<p>\u201cFeliz #D\u00edaDelMilitante, compa\u00f1eros y compa\u00f1eras\u201d, finaliz\u00f3 el Presidente y a\u00f1adi\u00f3 un video de un acto masivo en la Plaza de Mayo junto a la vicepresidenta Cristina Fern\u00e1ndez de Kirchner, en el cual se escuchan palabras de Kirchner sobre la militancia.<\/p>\n<p>&#8220;Un acto de amor&#8221;.<\/p>\n<p>Durante esta ma\u00f1ana Alberto Fern\u00e1ndez. public\u00f3 dos tuits m\u00e1s en los que se\u00f1ala: \u201cTambi\u00e9n quiero hoy agradecer a todas las militancias que luchan por una sociedad mejor\u201d.<\/p>\n<p>\u201cA la militancia feminista que busca que se reconozcan sus derechos. A la militancia social que lucha por los despose\u00eddos. A la militancia sindical que protege los derechos de los trabajadores\u201d, expres\u00f3 el Presidente.<\/p>\n<p>Adem\u00e1s, ampli\u00f3 el agradecimiento \u201cespecialmente a los y las militantes de la salud que durante la pandemia pusieron el cuerpo y el coraz\u00f3n para atender las necesidades m\u00e1s urgentes de sus compatriotas\u201d.<\/p>\n<p>\u201cToda militancia es un acto de amor. \u00a1Feliz #D\u00edaDelMilitante!\u201d, enfatiz\u00f3 el jefe de Estado.<\/p>\n<p>Presencia virtual:<\/p>\n<p>En tanto, Alberto Fern\u00e1ndez participar\u00e1 esta tarde, en forma virtual, de un acto organizado por el Consejo nacional del Partido Justicialista (PJ), en el marco de la conmemoraci\u00f3n del D\u00eda de la Militancia.<\/p>\n<p>El evento comenzar\u00e1 a las 17 en las instalaciones del Instituto Juan Domingo Per\u00f3n, ubicado en Austria 2593 de la ciudad de Buenos Aires, con la presencia del anfitri\u00f3n, el hist\u00f3rico dirigente peronista, Lorenzo Pepe.<\/p>\n<p>Fuente: DIB<\/p>\n","protected":false},"excerpt":{"rendered":"<p>Alberto Fern\u00e1ndez record\u00f3 en Twitter a N\u00e9stor Kirchner, en una serie de mensajes por el&#8230;<\/p>\n","protected":false},"author":1,"featured_media":127519,"comment_status":"closed","ping_status":"closed","sticky":false,"template":"","format":"standard","meta":{"content-type":""},"categories":[39],"tags":[],"nelio_content":{"isAutoShareEnabled":false,"autoShareEndMode":"default","automationSources":{"useContentSentences":true,"useSocialTemplates":true,"useCustomSentences":false,"customSentences":[]},"followers":[1],"suggestedReferences":[],"includedReferences":[],"efiUrl":"","efiAlt":"","highlights":[]},"yoast_head":"<!-- This site is optimized with the Yoast SEO plugin v20.7 - https:\/\/yoast.com\/wordpress\/plugins\/seo\/ -->\n<title>El presidente agradeci\u00f3 a todas las militancias que luchan<\/title>\n<meta name=\"description\" content=\"Alberto Fern\u00e1ndez record\u00f3 a N\u00e9stor Kirchner en el d\u00eda de las militancias en el que har\u00e1n un acto virtual. En Olavarr\u00eda una caravana.\" \/>\n<meta name=\"robots\" content=\"index, follow, max-snippet:-1, max-image-preview:large, max-video-preview:-1\" \/>\n<link rel=\"canonical\" href=\"https:\/\/experienciadevida.com.ar\/portalurbano\/el-presidente-agradecio-a-toda-las-militancias-que-luchan-por-una-sociedad-mejor\/\" \/>\n<meta property=\"og:locale\" content=\"es_ES\" \/>\n<meta property=\"og:type\" content=\"article\" \/>\n<meta property=\"og:title\" content=\"El presidente agradeci\u00f3 a todas las militancias que luchan\" \/>\n<meta property=\"og:description\" content=\"Alberto Fern\u00e1ndez record\u00f3 a N\u00e9stor Kirchner en el d\u00eda de las militancias en el que har\u00e1n un acto virtual. En Olavarr\u00eda una caravana.\" \/>\n<meta property=\"og:url\" content=\"https:\/\/experienciadevida.com.ar\/portalurbano\/el-presidente-agradecio-a-toda-las-militancias-que-luchan-por-una-sociedad-mejor\/\" \/>\n<meta property=\"article:publisher\" content=\"https:\/\/www.facebook.com\/Portal-Urbano-171542830093757\/\" \/>\n<meta property=\"article:published_time\" content=\"2020-11-17T15:48:34+00:00\" \/>\n<meta property=\"article:modified_time\" content=\"2020-11-17T15:49:18+00:00\" \/>\n<meta property=\"og:image\" content=\"https:\/\/experienciadevida.com.ar\/portalurbano\/wp-content\/uploads\/2020\/11\/Militancias-1.jpg\" \/>\n\t<meta property=\"og:image:width\" content=\"696\" \/>\n\t<meta property=\"og:image:height\" content=\"392\" \/>\n\t<meta property=\"og:image:type\" content=\"image\/jpeg\" \/>\n<meta name=\"author\" content=\"admpu17wp\" \/>\n<meta name=\"twitter:card\" content=\"summary_large_image\" \/>\n<meta name=\"twitter:creator\" content=\"@portalurbanook\" \/>\n<meta name=\"twitter:site\" content=\"@portalurbanook\" \/>\n<meta name=\"twitter:label1\" content=\"Escrito por\" \/>\n\t<meta name=\"twitter:data1\" content=\"admpu17wp\" \/>\n\t<meta name=\"twitter:label2\" content=\"Tiempo de lectura\" \/>\n\t<meta name=\"twitter:data2\" content=\"2 minutos\" \/>\n<script type=\"application\/ld+json\" class=\"yoast-schema-graph\">{\"@context\":\"https:\/\/schema.org\",\"@graph\":[{\"@type\":\"Article\",\"@id\":\"https:\/\/experienciadevida.com.ar\/portalurbano\/el-presidente-agradecio-a-toda-las-militancias-que-luchan-por-una-sociedad-mejor\/#article\",\"isPartOf\":{\"@id\":\"https:\/\/experienciadevida.com.ar\/portalurbano\/el-presidente-agradecio-a-toda-las-militancias-que-luchan-por-una-sociedad-mejor\/\"},\"author\":{\"name\":\"admpu17wp\",\"@id\":\"https:\/\/experienciadevida.com.ar\/portalurbano\/#\/schema\/person\/02dd326b1c4b056e9cc972486934a3a7\"},\"headline\":\"El Presidente agradeci\u00f3 a \u201ctoda las militancias que luchan por una sociedad mejor\u201d\",\"datePublished\":\"2020-11-17T15:48:34+00:00\",\"dateModified\":\"2020-11-17T15:49:18+00:00\",\"mainEntityOfPage\":{\"@id\":\"https:\/\/experienciadevida.com.ar\/portalurbano\/el-presidente-agradecio-a-toda-las-militancias-que-luchan-por-una-sociedad-mejor\/\"},\"wordCount\":407,\"publisher\":{\"@id\":\"https:\/\/experienciadevida.com.ar\/portalurbano\/#organization\"},\"articleSection\":[\"Naci\u00f3n\"],\"inLanguage\":\"es\"},{\"@type\":\"WebPage\",\"@id\":\"https:\/\/experienciadevida.com.ar\/portalurbano\/el-presidente-agradecio-a-toda-las-militancias-que-luchan-por-una-sociedad-mejor\/\",\"url\":\"https:\/\/experienciadevida.com.ar\/portalurbano\/el-presidente-agradecio-a-toda-las-militancias-que-luchan-por-una-sociedad-mejor\/\",\"name\":\"El presidente agradeci\u00f3 a todas las militancias que luchan\",\"isPartOf\":{\"@id\":\"https:\/\/experienciadevida.com.ar\/portalurbano\/#website\"},\"datePublished\":\"2020-11-17T15:48:34+00:00\",\"dateModified\":\"2020-11-17T15:49:18+00:00\",\"description\":\"Alberto Fern\u00e1ndez record\u00f3 a N\u00e9stor Kirchner en el d\u00eda de las militancias en el que har\u00e1n un acto virtual. En Olavarr\u00eda una caravana.\",\"breadcrumb\":{\"@id\":\"https:\/\/experienciadevida.com.ar\/portalurbano\/el-presidente-agradecio-a-toda-las-militancias-que-luchan-por-una-sociedad-mejor\/#breadcrumb\"},\"inLanguage\":\"es\",\"potentialAction\":[{\"@type\":\"ReadAction\",\"target\":[\"https:\/\/experienciadevida.com.ar\/portalurbano\/el-presidente-agradecio-a-toda-las-militancias-que-luchan-por-una-sociedad-mejor\/\"]}]},{\"@type\":\"BreadcrumbList\",\"@id\":\"https:\/\/experienciadevida.com.ar\/portalurbano\/el-presidente-agradecio-a-toda-las-militancias-que-luchan-por-una-sociedad-mejor\/#breadcrumb\",\"itemListElement\":[{\"@type\":\"ListItem\",\"position\":1,\"name\":\"Portada\",\"item\":\"https:\/\/experienciadevida.com.ar\/portalurbano\/\"},{\"@type\":\"ListItem\",\"position\":2,\"name\":\"El Presidente agradeci\u00f3 a \u201ctoda las militancias que luchan por una sociedad mejor\u201d\"}]},{\"@type\":\"WebSite\",\"@id\":\"https:\/\/experienciadevida.com.ar\/portalurbano\/#website\",\"url\":\"https:\/\/experienciadevida.com.ar\/portalurbano\/\",\"name\":\"\",\"description\":\"\",\"publisher\":{\"@id\":\"https:\/\/experienciadevida.com.ar\/portalurbano\/#organization\"},\"potentialAction\":[{\"@type\":\"SearchAction\",\"target\":{\"@type\":\"EntryPoint\",\"urlTemplate\":\"https:\/\/experienciadevida.com.ar\/portalurbano\/?s={search_term_string}\"},\"query-input\":\"required name=search_term_string\"}],\"inLanguage\":\"es\"},{\"@type\":\"Organization\",\"@id\":\"https:\/\/experienciadevida.com.ar\/portalurbano\/#organization\",\"name\":\"Portal Urbano\",\"url\":\"https:\/\/experienciadevida.com.ar\/portalurbano\/\",\"logo\":{\"@type\":\"ImageObject\",\"inLanguage\":\"es\",\"@id\":\"https:\/\/experienciadevida.com.ar\/portalurbano\/#\/schema\/logo\/image\/\",\"url\":\"https:\/\/experienciadevida.com.ar\/portalurbano\/wp-content\/uploads\/2019\/09\/Logo-Original.png\",\"contentUrl\":\"https:\/\/experienciadevida.com.ar\/portalurbano\/wp-content\/uploads\/2019\/09\/Logo-Original.png\",\"width\":2236,\"height\":1216,\"caption\":\"Portal Urbano\"},\"image\":{\"@id\":\"https:\/\/experienciadevida.com.ar\/portalurbano\/#\/schema\/logo\/image\/\"},\"sameAs\":[\"https:\/\/www.facebook.com\/Portal-Urbano-171542830093757\/\",\"https:\/\/twitter.com\/portalurbanook\",\"https:\/\/www.instagram.com\/_portalurbano\/\",\"https:\/\/www.youtube.com\/channel\/UCXhagIfszH8KxFiOok79zbA?view_as=subscriber\"]},{\"@type\":\"Person\",\"@id\":\"https:\/\/experienciadevida.com.ar\/portalurbano\/#\/schema\/person\/02dd326b1c4b056e9cc972486934a3a7\",\"name\":\"admpu17wp\",\"image\":{\"@type\":\"ImageObject\",\"inLanguage\":\"es\",\"@id\":\"https:\/\/experienciadevida.com.ar\/portalurbano\/#\/schema\/person\/image\/\",\"url\":\"https:\/\/secure.gravatar.com\/avatar\/830d4c57adaae6630765e449a6908047?s=96&d=mm&r=g\",\"contentUrl\":\"https:\/\/secure.gravatar.com\/avatar\/830d4c57adaae6630765e449a6908047?s=96&d=mm&r=g\",\"caption\":\"admpu17wp\"}}]}<\/script>\n<!-- \/ Yoast SEO plugin. -->","yoast_head_json":{"title":"El presidente agradeci\u00f3 a todas las militancias que luchan","description":"Alberto Fern\u00e1ndez record\u00f3 a N\u00e9stor Kirchner en el d\u00eda de las militancias en el que har\u00e1n un acto virtual. En Olavarr\u00eda una caravana.","robots":{"index":"index","follow":"follow","max-snippet":"max-snippet:-1","max-image-preview":"max-image-preview:large","max-video-preview":"max-video-preview:-1"},"canonical":"https:\/\/experienciadevida.com.ar\/portalurbano\/el-presidente-agradecio-a-toda-las-militancias-que-luchan-por-una-sociedad-mejor\/","og_locale":"es_ES","og_type":"article","og_title":"El presidente agradeci\u00f3 a todas las militancias que luchan","og_description":"Alberto Fern\u00e1ndez record\u00f3 a N\u00e9stor Kirchner en el d\u00eda de las militancias en el que har\u00e1n un acto virtual. En Olavarr\u00eda una caravana.","og_url":"https:\/\/experienciadevida.com.ar\/portalurbano\/el-presidente-agradecio-a-toda-las-militancias-que-luchan-por-una-sociedad-mejor\/","article_publisher":"https:\/\/www.facebook.com\/Portal-Urbano-171542830093757\/","article_published_time":"2020-11-17T15:48:34+00:00","article_modified_time":"2020-11-17T15:49:18+00:00","og_image":[{"width":696,"height":392,"url":"https:\/\/experienciadevida.com.ar\/portalurbano\/wp-content\/uploads\/2020\/11\/Militancias-1.jpg","type":"image\/jpeg"}],"author":"admpu17wp","twitter_card":"summary_large_image","twitter_creator":"@portalurbanook","twitter_site":"@portalurbanook","twitter_misc":{"Escrito por":"admpu17wp","Tiempo de lectura":"2 minutos"},"schema":{"@context":"https:\/\/schema.org","@graph":[{"@type":"Article","@id":"https:\/\/experienciadevida.com.ar\/portalurbano\/el-presidente-agradecio-a-toda-las-militancias-que-luchan-por-una-sociedad-mejor\/#article","isPartOf":{"@id":"https:\/\/experienciadevida.com.ar\/portalurbano\/el-presidente-agradecio-a-toda-las-militancias-que-luchan-por-una-sociedad-mejor\/"},"author":{"name":"admpu17wp","@id":"https:\/\/experienciadevida.com.ar\/portalurbano\/#\/schema\/person\/02dd326b1c4b056e9cc972486934a3a7"},"headline":"El Presidente agradeci\u00f3 a \u201ctoda las militancias que luchan por una sociedad mejor\u201d","datePublished":"2020-11-17T15:48:34+00:00","dateModified":"2020-11-17T15:49:18+00:00","mainEntityOfPage":{"@id":"https:\/\/experienciadevida.com.ar\/portalurbano\/el-presidente-agradecio-a-toda-las-militancias-que-luchan-por-una-sociedad-mejor\/"},"wordCount":407,"publisher":{"@id":"https:\/\/experienciadevida.com.ar\/portalurbano\/#organization"},"articleSection":["Naci\u00f3n"],"inLanguage":"es"},{"@type":"WebPage","@id":"https:\/\/experienciadevida.com.ar\/portalurbano\/el-presidente-agradecio-a-toda-las-militancias-que-luchan-por-una-sociedad-mejor\/","url":"https:\/\/experienciadevida.com.ar\/portalurbano\/el-presidente-agradecio-a-toda-las-militancias-que-luchan-por-una-sociedad-mejor\/","name":"El presidente agradeci\u00f3 a todas las militancias que luchan","isPartOf":{"@id":"https:\/\/experienciadevida.com.ar\/portalurbano\/#website"},"datePublished":"2020-11-17T15:48:34+00:00","dateModified":"2020-11-17T15:49:18+00:00","description":"Alberto Fern\u00e1ndez record\u00f3 a N\u00e9stor Kirchner en el d\u00eda de las militancias en el que har\u00e1n un acto virtual. En Olavarr\u00eda una caravana.","breadcrumb":{"@id":"https:\/\/experienciadevida.com.ar\/portalurbano\/el-presidente-agradecio-a-toda-las-militancias-que-luchan-por-una-sociedad-mejor\/#breadcrumb"},"inLanguage":"es","potentialAction":[{"@type":"ReadAction","target":["https:\/\/experienciadevida.com.ar\/portalurbano\/el-presidente-agradecio-a-toda-las-militancias-que-luchan-por-una-sociedad-mejor\/"]}]},{"@type":"BreadcrumbList","@id":"https:\/\/experienciadevida.com.ar\/portalurbano\/el-presidente-agradecio-a-toda-las-militancias-que-luchan-por-una-sociedad-mejor\/#breadcrumb","itemListElement":[{"@type":"ListItem","position":1,"name":"Portada","item":"https:\/\/experienciadevida.com.ar\/portalurbano\/"},{"@type":"ListItem","position":2,"name":"El Presidente agradeci\u00f3 a \u201ctoda las militancias que luchan por una sociedad mejor\u201d"}]},{"@type":"WebSite","@id":"https:\/\/experienciadevida.com.ar\/portalurbano\/#website","url":"https:\/\/experienciadevida.com.ar\/portalurbano\/","name":"","description":"","publisher":{"@id":"https:\/\/experienciadevida.com.ar\/portalurbano\/#organization"},"potentialAction":[{"@type":"SearchAction","target":{"@type":"EntryPoint","urlTemplate":"https:\/\/experienciadevida.com.ar\/portalurbano\/?s={search_term_string}"},"query-input":"required name=search_term_string"}],"inLanguage":"es"},{"@type":"Organization","@id":"https:\/\/experienciadevida.com.ar\/portalurbano\/#organization","name":"Portal Urbano","url":"https:\/\/experienciadevida.com.ar\/portalurbano\/","logo":{"@type":"ImageObject","inLanguage":"es","@id":"https:\/\/experienciadevida.com.ar\/portalurbano\/#\/schema\/logo\/image\/","url":"https:\/\/experienciadevida.com.ar\/portalurbano\/wp-content\/uploads\/2019\/09\/Logo-Original.png","contentUrl":"https:\/\/experienciadevida.com.ar\/portalurbano\/wp-content\/uploads\/2019\/09\/Logo-Original.png","width":2236,"height":1216,"caption":"Portal Urbano"},"image":{"@id":"https:\/\/experienciadevida.com.ar\/portalurbano\/#\/schema\/logo\/image\/"},"sameAs":["https:\/\/www.facebook.com\/Portal-Urbano-171542830093757\/","https:\/\/twitter.com\/portalurbanook","https:\/\/www.instagram.com\/_portalurbano\/","https:\/\/www.youtube.com\/channel\/UCXhagIfszH8KxFiOok79zbA?view_as=subscriber"]},{"@type":"Person","@id":"https:\/\/experienciadevida.com.ar\/portalurbano\/#\/schema\/person\/02dd326b1c4b056e9cc972486934a3a7","name":"admpu17wp","image":{"@type":"ImageObject","inLanguage":"es","@id":"https:\/\/experienciadevida.com.ar\/portalurbano\/#\/schema\/person\/image\/","url":"https:\/\/secure.gravatar.com\/avatar\/830d4c57adaae6630765e449a6908047?s=96&d=mm&r=g","contentUrl":"https:\/\/secure.gravatar.com\/avatar\/830d4c57adaae6630765e449a6908047?s=96&d=mm&r=g","caption":"admpu17wp"}}]}},"featured_image_urls":{"full":["https:\/\/experienciadevida.com.ar\/portalurbano\/wp-content\/uploads\/2020\/11\/Militancias-1.jpg",696,392,false],"thumbnail":["https:\/\/experienciadevida.com.ar\/portalurbano\/wp-content\/uploads\/2020\/11\/Militancias-1-150x150.jpg",150,150,true],"medium":["https:\/\/experienciadevida.com.ar\/portalurbano\/wp-content\/uploads\/2020\/11\/Militancias-1-300x169.jpg",300,169,true],"medium_large":["https:\/\/experienciadevida.com.ar\/portalurbano\/wp-content\/uploads\/2020\/11\/Militancias-1.jpg",640,360,false],"large":["https:\/\/experienciadevida.com.ar\/portalurbano\/wp-content\/uploads\/2020\/11\/Militancias-1.jpg",640,360,false],"ug_big":["https:\/\/experienciadevida.com.ar\/portalurbano\/wp-content\/uploads\/2020\/11\/Militancias-1.jpg",696,392,false],"1536x1536":["https:\/\/experienciadevida.com.ar\/portalurbano\/wp-content\/uploads\/2020\/11\/Militancias-1.jpg",696,392,false],"2048x2048":["https:\/\/experienciadevida.com.ar\/portalurbano\/wp-content\/uploads\/2020\/11\/Militancias-1.jpg",696,392,false],"newsever-slider-full":["https:\/\/experienciadevida.com.ar\/portalurbano\/wp-content\/uploads\/2020\/11\/Militancias-1.jpg",696,392,false],"newsever-featured":["https:\/\/experienciadevida.com.ar\/portalurbano\/wp-content\/uploads\/2020\/11\/Militancias-1.jpg",696,392,false],"newsever-medium":["https:\/\/experienciadevida.com.ar\/portalurbano\/wp-content\/uploads\/2020\/11\/Militancias-1.jpg",696,392,false],"web-stories-poster-portrait":["https:\/\/experienciadevida.com.ar\/portalurbano\/wp-content\/uploads\/2020\/11\/Militancias-1.jpg",640,360,false],"web-stories-publisher-logo":["https:\/\/experienciadevida.com.ar\/portalurbano\/wp-content\/uploads\/2020\/11\/Militancias-1.jpg",96,54,false],"web-stories-thumbnail":["https:\/\/experienciadevida.com.ar\/portalurbano\/wp-content\/uploads\/2020\/11\/Militancias-1.jpg",150,84,false]},"author_info":{"display_name":"admpu17wp","author_link":"https:\/\/experienciadevida.com.ar\/portalurbano\/author\/admpu17wp\/"},"category_info":"<a href=\"https:\/\/experienciadevida.com.ar\/portalurbano\/category\/nacion\/\" rel=\"category tag\">Naci\u00f3n<\/a>","tag_info":"Naci\u00f3n","comment_count":"0","amp_enabled":true,"_links":{"self":[{"href":"https:\/\/experienciadevida.com.ar\/portalurbano\/wp-json\/wp\/v2\/posts\/127518"}],"collection":[{"href":"https:\/\/experienciadevida.com.ar\/portalurbano\/wp-json\/wp\/v2\/posts"}],"about":[{"href":"https:\/\/experienciadevida.com.ar\/portalurbano\/wp-json\/wp\/v2\/types\/post"}],"author":[{"embeddable":true,"href":"https:\/\/experienciadevida.com.ar\/portalurbano\/wp-json\/wp\/v2\/users\/1"}],"replies":[{"embeddable":true,"href":"https:\/\/experienciadevida.com.ar\/portalurbano\/wp-json\/wp\/v2\/comments?post=127518"}],"version-history":[{"count":1,"href":"https:\/\/experienciadevida.com.ar\/portalurbano\/wp-json\/wp\/v2\/posts\/127518\/revisions"}],"predecessor-version":[{"id":127520,"href":"https:\/\/experienciadevida.com.ar\/portalurbano\/wp-json\/wp\/v2\/posts\/127518\/revisions\/127520"}],"wp:featuredmedia":[{"embeddable":true,"href":"https:\/\/experienciadevida.com.ar\/portalurbano\/wp-json\/wp\/v2\/media\/127519"}],"wp:attachment":[{"href":"https:\/\/experienciadevida.com.ar\/portalurbano\/wp-json\/wp\/v2\/media?parent=127518"}],"wp:term":[{"taxonomy":"category","embeddable":true,"href":"https:\/\/experienciadevida.com.ar\/portalurbano\/wp-json\/wp\/v2\/categories?post=127518"},{"taxonomy":"post_tag","embeddable":true,"href":"https:\/\/experienciadevida.com.ar\/portalurbano\/wp-json\/wp\/v2\/tags?post=127518"}],"curies":[{"name":"wp","href":"https:\/\/api.w.org\/{rel}","templated":true}]}}