{"id":127515,"date":"2020-11-17T12:43:09","date_gmt":"2020-11-17T15:43:09","guid":{"rendered":"https:\/\/experienciadevida.com.ar\/portalurbano\/?p=127515"},"modified":"2020-11-17T12:43:42","modified_gmt":"2020-11-17T15:43:42","slug":"contagios-de-coronavirus-en-la-provincia-siguen-cayendo-los-casos","status":"publish","type":"post","link":"https:\/\/experienciadevida.com.ar\/portalurbano\/contagios-de-coronavirus-en-la-provincia-siguen-cayendo-los-casos\/","title":{"rendered":"Contagios de coronavirus en la Provincia: Siguen cayendo los casos"},"content":{"rendered":"<p>El Jefe de Gabinete, Carlos Bianco, y el ministro de Salud, Daniel Gollan, dieron hoy un nuevo reporte epidemiol\u00f3gico sobre la situaci\u00f3n de la pandemia en territorio bonaerense. Los <strong>contagios de coronavirus<\/strong>\u00a0en la provincia\u00a0caen y se estabilizan los llamados de consulta.<\/p>\n<p>Los\u00a0<strong>contagios de coronavirus<\/strong>\u00a0en la provincia siguen en ca\u00edda\u00a0desde fines de agosto. Sin embargo, hay un n\u00famero que preocupa a las autoridades sanitarias: la estabilizaci\u00f3n (y crecimiento en una zona\u00a0\u00a0del conurbano) de los llamados al 148, la l\u00ednea de consultas para quienes tienen s\u00edntomas compatibles con la enfermedad.<\/p>\n<p>En un nuevo reporte epidemiol\u00f3gico, el ministro de Salud bonaerense, Daniel Gollan, junto al jefe de Gabinete, Carlos Bianco, dio esta ma\u00f1ana en Gobernaci\u00f3n detalles sobre la situaci\u00f3n de la pandemia de coronavirus en la provincia.<\/p>\n<p>La cantidad de\u00a0<strong>contagios de coronavirus\u00a0<\/strong>en la provincia contin\u00faa con la ca\u00edda que inicio hace dos meses y medio. Entre el 24 y el 30 de agosto registr\u00f3 unos 5.845 casos en promedio, n\u00famero que baj\u00f3 hasta los 2.680 en la \u00faltima semana (9 al 15 de noviembre). Entre las mismas fechas, la variaci\u00f3n en el \u00c1rea Metropolitana de Buenos Aires (AMBA) fue de 5.334 a 1.574.<\/p>\n<p>En el interior el ascenso fue m\u00e1s lento y lleg\u00f3 a su punto m\u00e1ximo en la semana del 19 al 25 de octubre con un promedio de casos diarios de 1.515. En los \u00faltimos d\u00edas registr\u00f3 1.099 en promedio por jornada.<\/p>\n<p>Gollan tambi\u00e9n se refiri\u00f3 a la ca\u00edda en el uso de camas de terapia intensiva para adultos. Advirti\u00f3 que el pasado 10 de septiembre lleg\u00f3 a haber en el AMBA unos 1.254 pacientes internados en estado cr\u00edtico por Covid-19, n\u00famero que se redujo a 656 a la fecha. La ocupaci\u00f3n de estas unidades llega a un 57% en los distritos del conurbano y a un 40% en el interior.<\/p>\n<p>A pesar de los n\u00fameros positivos en los\u00a0\u00a0<strong>contagios de coronavirus<\/strong>, el ministro se mostr\u00f3 alarmado sobre un indicador: los llamados al 148. \u201cVen\u00edamos con una tendencia descendente bastante importante que se est\u00e1 estabilizando e incluso en el segundo cord\u00f3n (del conurbano) hay una tendencia muy leve al ascenso\u201d, se\u00f1al\u00f3.<\/p>\n<p>Gollan explic\u00f3 que \u201ceste indicador nos adelanta unos 10, 12, 14 d\u00edas lo que va a suceder despu\u00e9s\u201d por lo que \u201clo tomamos como una alerta para ver c\u00f3mo contin\u00faa situaci\u00f3n en el resto de los indicadores: cantidad de casos y camas\u201d.<\/p>\n<p>De cualquier manera, el funcionario provincial busc\u00f3 llevar tranquilidad y dijo que podr\u00eda tratarse de alg\u00fan otro virus con sintomatolog\u00eda respiratoria leve que no circul\u00f3 durante el a\u00f1o.<\/p>\n<p>Sobre la ca\u00edda de contagios de las \u00faltimas semanas, Gollan consider\u00f3 que \u201cestos n\u00fameros en cierta manera siguen siendo halag\u00fce\u00f1os\u201d, pero advirti\u00f3 que \u201cno estamos en la pospandemia\u201d.<\/p>\n<p>Desde el inicio del brote en Argentina, la provincia de Buenos Aires acumula 591 mil casos confirmados de coronavirus y 19.371 muertes a causa de la enfermedad. 505 mil personas se recuperaron.<\/p>\n<p>Fuente: DIB<\/p>\n","protected":false},"excerpt":{"rendered":"<p>El Jefe de Gabinete, Carlos Bianco, y el ministro de Salud, Daniel Gollan, dieron hoy&#8230;<\/p>\n","protected":false},"author":1,"featured_media":127516,"comment_status":"closed","ping_status":"closed","sticky":false,"template":"","format":"standard","meta":{"content-type":""},"categories":[71,44],"tags":[],"nelio_content":{"isAutoShareEnabled":false,"autoShareEndMode":"default","automationSources":{"useContentSentences":true,"useSocialTemplates":true,"useCustomSentences":false,"customSentences":[]},"followers":[1],"suggestedReferences":[],"includedReferences":[],"efiUrl":"","efiAlt":"","highlights":[]},"yoast_head":"<!-- This site is optimized with the Yoast SEO plugin v20.7 - https:\/\/yoast.com\/wordpress\/plugins\/seo\/ -->\n<title>Contagios de coronavirus en la Provincia: Siguen cayendo los casos<\/title>\n<meta name=\"description\" content=\"Los contagios de coronavirus\u00a0en la provincia\u00a0caen y se estabilizan los llamados de consulta, pero Gollan sigue preocupado.\" \/>\n<meta name=\"robots\" content=\"index, follow, max-snippet:-1, max-image-preview:large, max-video-preview:-1\" \/>\n<link rel=\"canonical\" href=\"https:\/\/experienciadevida.com.ar\/portalurbano\/contagios-de-coronavirus-en-la-provincia-siguen-cayendo-los-casos\/\" \/>\n<meta property=\"og:locale\" content=\"es_ES\" \/>\n<meta property=\"og:type\" content=\"article\" \/>\n<meta property=\"og:title\" content=\"Contagios de coronavirus en la Provincia: Siguen cayendo los casos\" \/>\n<meta property=\"og:description\" content=\"Los contagios de coronavirus\u00a0en la provincia\u00a0caen y se estabilizan los llamados de consulta, pero Gollan sigue preocupado.\" \/>\n<meta property=\"og:url\" content=\"https:\/\/experienciadevida.com.ar\/portalurbano\/contagios-de-coronavirus-en-la-provincia-siguen-cayendo-los-casos\/\" \/>\n<meta property=\"article:publisher\" content=\"https:\/\/www.facebook.com\/Portal-Urbano-171542830093757\/\" \/>\n<meta property=\"article:published_time\" content=\"2020-11-17T15:43:09+00:00\" \/>\n<meta property=\"article:modified_time\" content=\"2020-11-17T15:43:42+00:00\" \/>\n<meta property=\"og:image\" content=\"https:\/\/experienciadevida.com.ar\/portalurbano\/wp-content\/uploads\/2020\/11\/Contagios-de-coronavirus.jpg\" \/>\n\t<meta property=\"og:image:width\" content=\"696\" \/>\n\t<meta property=\"og:image:height\" content=\"464\" \/>\n\t<meta property=\"og:image:type\" content=\"image\/jpeg\" \/>\n<meta name=\"author\" content=\"admpu17wp\" \/>\n<meta name=\"twitter:card\" content=\"summary_large_image\" \/>\n<meta name=\"twitter:creator\" content=\"@portalurbanook\" \/>\n<meta name=\"twitter:site\" content=\"@portalurbanook\" \/>\n<meta name=\"twitter:label1\" content=\"Escrito por\" \/>\n\t<meta name=\"twitter:data1\" content=\"admpu17wp\" \/>\n\t<meta name=\"twitter:label2\" content=\"Tiempo de lectura\" \/>\n\t<meta name=\"twitter:data2\" content=\"3 minutos\" \/>\n<script type=\"application\/ld+json\" class=\"yoast-schema-graph\">{\"@context\":\"https:\/\/schema.org\",\"@graph\":[{\"@type\":\"Article\",\"@id\":\"https:\/\/experienciadevida.com.ar\/portalurbano\/contagios-de-coronavirus-en-la-provincia-siguen-cayendo-los-casos\/#article\",\"isPartOf\":{\"@id\":\"https:\/\/experienciadevida.com.ar\/portalurbano\/contagios-de-coronavirus-en-la-provincia-siguen-cayendo-los-casos\/\"},\"author\":{\"name\":\"admpu17wp\",\"@id\":\"https:\/\/experienciadevida.com.ar\/portalurbano\/#\/schema\/person\/02dd326b1c4b056e9cc972486934a3a7\"},\"headline\":\"Contagios de coronavirus en la Provincia: Siguen cayendo los casos\",\"datePublished\":\"2020-11-17T15:43:09+00:00\",\"dateModified\":\"2020-11-17T15:43:42+00:00\",\"mainEntityOfPage\":{\"@id\":\"https:\/\/experienciadevida.com.ar\/portalurbano\/contagios-de-coronavirus-en-la-provincia-siguen-cayendo-los-casos\/\"},\"wordCount\":515,\"publisher\":{\"@id\":\"https:\/\/experienciadevida.com.ar\/portalurbano\/#organization\"},\"articleSection\":[\"Coronavirus\",\"Provincia\"],\"inLanguage\":\"es\"},{\"@type\":\"WebPage\",\"@id\":\"https:\/\/experienciadevida.com.ar\/portalurbano\/contagios-de-coronavirus-en-la-provincia-siguen-cayendo-los-casos\/\",\"url\":\"https:\/\/experienciadevida.com.ar\/portalurbano\/contagios-de-coronavirus-en-la-provincia-siguen-cayendo-los-casos\/\",\"name\":\"Contagios de coronavirus en la Provincia: Siguen cayendo los casos\",\"isPartOf\":{\"@id\":\"https:\/\/experienciadevida.com.ar\/portalurbano\/#website\"},\"datePublished\":\"2020-11-17T15:43:09+00:00\",\"dateModified\":\"2020-11-17T15:43:42+00:00\",\"description\":\"Los contagios de coronavirus\u00a0en la provincia\u00a0caen y se estabilizan los llamados de consulta, pero Gollan sigue preocupado.\",\"breadcrumb\":{\"@id\":\"https:\/\/experienciadevida.com.ar\/portalurbano\/contagios-de-coronavirus-en-la-provincia-siguen-cayendo-los-casos\/#breadcrumb\"},\"inLanguage\":\"es\",\"potentialAction\":[{\"@type\":\"ReadAction\",\"target\":[\"https:\/\/experienciadevida.com.ar\/portalurbano\/contagios-de-coronavirus-en-la-provincia-siguen-cayendo-los-casos\/\"]}]},{\"@type\":\"BreadcrumbList\",\"@id\":\"https:\/\/experienciadevida.com.ar\/portalurbano\/contagios-de-coronavirus-en-la-provincia-siguen-cayendo-los-casos\/#breadcrumb\",\"itemListElement\":[{\"@type\":\"ListItem\",\"position\":1,\"name\":\"Portada\",\"item\":\"https:\/\/experienciadevida.com.ar\/portalurbano\/\"},{\"@type\":\"ListItem\",\"position\":2,\"name\":\"Contagios de coronavirus en la Provincia: Siguen cayendo los casos\"}]},{\"@type\":\"WebSite\",\"@id\":\"https:\/\/experienciadevida.com.ar\/portalurbano\/#website\",\"url\":\"https:\/\/experienciadevida.com.ar\/portalurbano\/\",\"name\":\"\",\"description\":\"\",\"publisher\":{\"@id\":\"https:\/\/experienciadevida.com.ar\/portalurbano\/#organization\"},\"potentialAction\":[{\"@type\":\"SearchAction\",\"target\":{\"@type\":\"EntryPoint\",\"urlTemplate\":\"https:\/\/experienciadevida.com.ar\/portalurbano\/?s={search_term_string}\"},\"query-input\":\"required name=search_term_string\"}],\"inLanguage\":\"es\"},{\"@type\":\"Organization\",\"@id\":\"https:\/\/experienciadevida.com.ar\/portalurbano\/#organization\",\"name\":\"Portal Urbano\",\"url\":\"https:\/\/experienciadevida.com.ar\/portalurbano\/\",\"logo\":{\"@type\":\"ImageObject\",\"inLanguage\":\"es\",\"@id\":\"https:\/\/experienciadevida.com.ar\/portalurbano\/#\/schema\/logo\/image\/\",\"url\":\"https:\/\/experienciadevida.com.ar\/portalurbano\/wp-content\/uploads\/2019\/09\/Logo-Original.png\",\"contentUrl\":\"https:\/\/experienciadevida.com.ar\/portalurbano\/wp-content\/uploads\/2019\/09\/Logo-Original.png\",\"width\":2236,\"height\":1216,\"caption\":\"Portal Urbano\"},\"image\":{\"@id\":\"https:\/\/experienciadevida.com.ar\/portalurbano\/#\/schema\/logo\/image\/\"},\"sameAs\":[\"https:\/\/www.facebook.com\/Portal-Urbano-171542830093757\/\",\"https:\/\/twitter.com\/portalurbanook\",\"https:\/\/www.instagram.com\/_portalurbano\/\",\"https:\/\/www.youtube.com\/channel\/UCXhagIfszH8KxFiOok79zbA?view_as=subscriber\"]},{\"@type\":\"Person\",\"@id\":\"https:\/\/experienciadevida.com.ar\/portalurbano\/#\/schema\/person\/02dd326b1c4b056e9cc972486934a3a7\",\"name\":\"admpu17wp\",\"image\":{\"@type\":\"ImageObject\",\"inLanguage\":\"es\",\"@id\":\"https:\/\/experienciadevida.com.ar\/portalurbano\/#\/schema\/person\/image\/\",\"url\":\"https:\/\/secure.gravatar.com\/avatar\/830d4c57adaae6630765e449a6908047?s=96&d=mm&r=g\",\"contentUrl\":\"https:\/\/secure.gravatar.com\/avatar\/830d4c57adaae6630765e449a6908047?s=96&d=mm&r=g\",\"caption\":\"admpu17wp\"}}]}<\/script>\n<!-- \/ Yoast SEO plugin. -->","yoast_head_json":{"title":"Contagios de coronavirus en la Provincia: Siguen cayendo los casos","description":"Los contagios de coronavirus\u00a0en la provincia\u00a0caen y se estabilizan los llamados de consulta, pero Gollan sigue preocupado.","robots":{"index":"index","follow":"follow","max-snippet":"max-snippet:-1","max-image-preview":"max-image-preview:large","max-video-preview":"max-video-preview:-1"},"canonical":"https:\/\/experienciadevida.com.ar\/portalurbano\/contagios-de-coronavirus-en-la-provincia-siguen-cayendo-los-casos\/","og_locale":"es_ES","og_type":"article","og_title":"Contagios de coronavirus en la Provincia: Siguen cayendo los casos","og_description":"Los contagios de coronavirus\u00a0en la provincia\u00a0caen y se estabilizan los llamados de consulta, pero Gollan sigue preocupado.","og_url":"https:\/\/experienciadevida.com.ar\/portalurbano\/contagios-de-coronavirus-en-la-provincia-siguen-cayendo-los-casos\/","article_publisher":"https:\/\/www.facebook.com\/Portal-Urbano-171542830093757\/","article_published_time":"2020-11-17T15:43:09+00:00","article_modified_time":"2020-11-17T15:43:42+00:00","og_image":[{"width":696,"height":464,"url":"https:\/\/experienciadevida.com.ar\/portalurbano\/wp-content\/uploads\/2020\/11\/Contagios-de-coronavirus.jpg","type":"image\/jpeg"}],"author":"admpu17wp","twitter_card":"summary_large_image","twitter_creator":"@portalurbanook","twitter_site":"@portalurbanook","twitter_misc":{"Escrito por":"admpu17wp","Tiempo de lectura":"3 minutos"},"schema":{"@context":"https:\/\/schema.org","@graph":[{"@type":"Article","@id":"https:\/\/experienciadevida.com.ar\/portalurbano\/contagios-de-coronavirus-en-la-provincia-siguen-cayendo-los-casos\/#article","isPartOf":{"@id":"https:\/\/experienciadevida.com.ar\/portalurbano\/contagios-de-coronavirus-en-la-provincia-siguen-cayendo-los-casos\/"},"author":{"name":"admpu17wp","@id":"https:\/\/experienciadevida.com.ar\/portalurbano\/#\/schema\/person\/02dd326b1c4b056e9cc972486934a3a7"},"headline":"Contagios de coronavirus en la Provincia: Siguen cayendo los casos","datePublished":"2020-11-17T15:43:09+00:00","dateModified":"2020-11-17T15:43:42+00:00","mainEntityOfPage":{"@id":"https:\/\/experienciadevida.com.ar\/portalurbano\/contagios-de-coronavirus-en-la-provincia-siguen-cayendo-los-casos\/"},"wordCount":515,"publisher":{"@id":"https:\/\/experienciadevida.com.ar\/portalurbano\/#organization"},"articleSection":["Coronavirus","Provincia"],"inLanguage":"es"},{"@type":"WebPage","@id":"https:\/\/experienciadevida.com.ar\/portalurbano\/contagios-de-coronavirus-en-la-provincia-siguen-cayendo-los-casos\/","url":"https:\/\/experienciadevida.com.ar\/portalurbano\/contagios-de-coronavirus-en-la-provincia-siguen-cayendo-los-casos\/","name":"Contagios de coronavirus en la Provincia: Siguen cayendo los casos","isPartOf":{"@id":"https:\/\/experienciadevida.com.ar\/portalurbano\/#website"},"datePublished":"2020-11-17T15:43:09+00:00","dateModified":"2020-11-17T15:43:42+00:00","description":"Los contagios de coronavirus\u00a0en la provincia\u00a0caen y se estabilizan los llamados de consulta, pero Gollan sigue preocupado.","breadcrumb":{"@id":"https:\/\/experienciadevida.com.ar\/portalurbano\/contagios-de-coronavirus-en-la-provincia-siguen-cayendo-los-casos\/#breadcrumb"},"inLanguage":"es","potentialAction":[{"@type":"ReadAction","target":["https:\/\/experienciadevida.com.ar\/portalurbano\/contagios-de-coronavirus-en-la-provincia-siguen-cayendo-los-casos\/"]}]},{"@type":"BreadcrumbList","@id":"https:\/\/experienciadevida.com.ar\/portalurbano\/contagios-de-coronavirus-en-la-provincia-siguen-cayendo-los-casos\/#breadcrumb","itemListElement":[{"@type":"ListItem","position":1,"name":"Portada","item":"https:\/\/experienciadevida.com.ar\/portalurbano\/"},{"@type":"ListItem","position":2,"name":"Contagios de coronavirus en la Provincia: Siguen cayendo los casos"}]},{"@type":"WebSite","@id":"https:\/\/experienciadevida.com.ar\/portalurbano\/#website","url":"https:\/\/experienciadevida.com.ar\/portalurbano\/","name":"","description":"","publisher":{"@id":"https:\/\/experienciadevida.com.ar\/portalurbano\/#organization"},"potentialAction":[{"@type":"SearchAction","target":{"@type":"EntryPoint","urlTemplate":"https:\/\/experienciadevida.com.ar\/portalurbano\/?s={search_term_string}"},"query-input":"required name=search_term_string"}],"inLanguage":"es"},{"@type":"Organization","@id":"https:\/\/experienciadevida.com.ar\/portalurbano\/#organization","name":"Portal Urbano","url":"https:\/\/experienciadevida.com.ar\/portalurbano\/","logo":{"@type":"ImageObject","inLanguage":"es","@id":"https:\/\/experienciadevida.com.ar\/portalurbano\/#\/schema\/logo\/image\/","url":"https:\/\/experienciadevida.com.ar\/portalurbano\/wp-content\/uploads\/2019\/09\/Logo-Original.png","contentUrl":"https:\/\/experienciadevida.com.ar\/portalurbano\/wp-content\/uploads\/2019\/09\/Logo-Original.png","width":2236,"height":1216,"caption":"Portal Urbano"},"image":{"@id":"https:\/\/experienciadevida.com.ar\/portalurbano\/#\/schema\/logo\/image\/"},"sameAs":["https:\/\/www.facebook.com\/Portal-Urbano-171542830093757\/","https:\/\/twitter.com\/portalurbanook","https:\/\/www.instagram.com\/_portalurbano\/","https:\/\/www.youtube.com\/channel\/UCXhagIfszH8KxFiOok79zbA?view_as=subscriber"]},{"@type":"Person","@id":"https:\/\/experienciadevida.com.ar\/portalurbano\/#\/schema\/person\/02dd326b1c4b056e9cc972486934a3a7","name":"admpu17wp","image":{"@type":"ImageObject","inLanguage":"es","@id":"https:\/\/experienciadevida.com.ar\/portalurbano\/#\/schema\/person\/image\/","url":"https:\/\/secure.gravatar.com\/avatar\/830d4c57adaae6630765e449a6908047?s=96&d=mm&r=g","contentUrl":"https:\/\/secure.gravatar.com\/avatar\/830d4c57adaae6630765e449a6908047?s=96&d=mm&r=g","caption":"admpu17wp"}}]}},"featured_image_urls":{"full":["https:\/\/experienciadevida.com.ar\/portalurbano\/wp-content\/uploads\/2020\/11\/Contagios-de-coronavirus.jpg",696,464,false],"thumbnail":["https:\/\/experienciadevida.com.ar\/portalurbano\/wp-content\/uploads\/2020\/11\/Contagios-de-coronavirus-150x150.jpg",150,150,true],"medium":["https:\/\/experienciadevida.com.ar\/portalurbano\/wp-content\/uploads\/2020\/11\/Contagios-de-coronavirus-300x200.jpg",300,200,true],"medium_large":["https:\/\/experienciadevida.com.ar\/portalurbano\/wp-content\/uploads\/2020\/11\/Contagios-de-coronavirus.jpg",640,427,false],"large":["https:\/\/experienciadevida.com.ar\/portalurbano\/wp-content\/uploads\/2020\/11\/Contagios-de-coronavirus.jpg",640,427,false],"ug_big":["https:\/\/experienciadevida.com.ar\/portalurbano\/wp-content\/uploads\/2020\/11\/Contagios-de-coronavirus.jpg",696,464,false],"1536x1536":["https:\/\/experienciadevida.com.ar\/portalurbano\/wp-content\/uploads\/2020\/11\/Contagios-de-coronavirus.jpg",696,464,false],"2048x2048":["https:\/\/experienciadevida.com.ar\/portalurbano\/wp-content\/uploads\/2020\/11\/Contagios-de-coronavirus.jpg",696,464,false],"newsever-slider-full":["https:\/\/experienciadevida.com.ar\/portalurbano\/wp-content\/uploads\/2020\/11\/Contagios-de-coronavirus.jpg",696,464,false],"newsever-featured":["https:\/\/experienciadevida.com.ar\/portalurbano\/wp-content\/uploads\/2020\/11\/Contagios-de-coronavirus.jpg",696,464,false],"newsever-medium":["https:\/\/experienciadevida.com.ar\/portalurbano\/wp-content\/uploads\/2020\/11\/Contagios-de-coronavirus.jpg",696,464,false],"web-stories-poster-portrait":["https:\/\/experienciadevida.com.ar\/portalurbano\/wp-content\/uploads\/2020\/11\/Contagios-de-coronavirus.jpg",640,427,false],"web-stories-publisher-logo":["https:\/\/experienciadevida.com.ar\/portalurbano\/wp-content\/uploads\/2020\/11\/Contagios-de-coronavirus.jpg",96,64,false],"web-stories-thumbnail":["https:\/\/experienciadevida.com.ar\/portalurbano\/wp-content\/uploads\/2020\/11\/Contagios-de-coronavirus.jpg",150,100,false]},"author_info":{"display_name":"admpu17wp","author_link":"https:\/\/experienciadevida.com.ar\/portalurbano\/author\/admpu17wp\/"},"category_info":"<a href=\"https:\/\/experienciadevida.com.ar\/portalurbano\/category\/nacion\/coronavirus\/\" rel=\"category tag\">Coronavirus<\/a> <a href=\"https:\/\/experienciadevida.com.ar\/portalurbano\/category\/provincia\/\" rel=\"category tag\">Provincia<\/a>","tag_info":"Provincia","comment_count":"0","amp_enabled":true,"_links":{"self":[{"href":"https:\/\/experienciadevida.com.ar\/portalurbano\/wp-json\/wp\/v2\/posts\/127515"}],"collection":[{"href":"https:\/\/experienciadevida.com.ar\/portalurbano\/wp-json\/wp\/v2\/posts"}],"about":[{"href":"https:\/\/experienciadevida.com.ar\/portalurbano\/wp-json\/wp\/v2\/types\/post"}],"author":[{"embeddable":true,"href":"https:\/\/experienciadevida.com.ar\/portalurbano\/wp-json\/wp\/v2\/users\/1"}],"replies":[{"embeddable":true,"href":"https:\/\/experienciadevida.com.ar\/portalurbano\/wp-json\/wp\/v2\/comments?post=127515"}],"version-history":[{"count":1,"href":"https:\/\/experienciadevida.com.ar\/portalurbano\/wp-json\/wp\/v2\/posts\/127515\/revisions"}],"predecessor-version":[{"id":127517,"href":"https:\/\/experienciadevida.com.ar\/portalurbano\/wp-json\/wp\/v2\/posts\/127515\/revisions\/127517"}],"wp:featuredmedia":[{"embeddable":true,"href":"https:\/\/experienciadevida.com.ar\/portalurbano\/wp-json\/wp\/v2\/media\/127516"}],"wp:attachment":[{"href":"https:\/\/experienciadevida.com.ar\/portalurbano\/wp-json\/wp\/v2\/media?parent=127515"}],"wp:term":[{"taxonomy":"category","embeddable":true,"href":"https:\/\/experienciadevida.com.ar\/portalurbano\/wp-json\/wp\/v2\/categories?post=127515"},{"taxonomy":"post_tag","embeddable":true,"href":"https:\/\/experienciadevida.com.ar\/portalurbano\/wp-json\/wp\/v2\/tags?post=127515"}],"curies":[{"name":"wp","href":"https:\/\/api.w.org\/{rel}","templated":true}]}}