{"id":127454,"date":"2020-11-16T16:59:03","date_gmt":"2020-11-16T19:59:03","guid":{"rendered":"https:\/\/experienciadevida.com.ar\/portalurbano\/?p=127454"},"modified":"2020-11-16T17:01:11","modified_gmt":"2020-11-16T20:01:11","slug":"la-asamblea-por-la-vivienda-invita-a-concejales-a-la-proxima-reunion","status":"publish","type":"post","link":"https:\/\/experienciadevida.com.ar\/portalurbano\/la-asamblea-por-la-vivienda-invita-a-concejales-a-la-proxima-reunion\/","title":{"rendered":"La Asamblea por la vivienda invita a concejales a la pr\u00f3xima reuni\u00f3n"},"content":{"rendered":"<p>En la jornada de este lunes, la <a href=\"https:\/\/www.facebook.com\/Asamblea-Por-La-Vivienda-103338034929622\">Asamblea por la vivienda<\/a> invit\u00f3 a los concejales a participar de la pr\u00f3xima asamblea que se realizar\u00e1 el d\u00eda s\u00e1bado. Adem\u00e1s entregaron una carta en el Concejo Deliberante.<\/p>\n<p>Vecinos se acercaron este lunes al HCD para entregar al Presidente Bruno Cenizo y a todos los ediles una invitaci\u00f3n para participar de la pr\u00f3xima asamblea. El objetivo de dicha invitaci\u00f3n tiene que ver con el actual debate del presupuesto 2021, enviado hace unos d\u00edas por el Intendente Ezequiel Galli.<\/p>\n<p>En el mismo solo se contempla destinar recursos para la construcci\u00f3n de solo 40 viviendas, en el plazo de tres a\u00f1os. Solo menos del 1% del Presupuesto para el a\u00f1o 2021. Mencionan que su propuesta es la construcci\u00f3n de 500 viviendas, con la creaci\u00f3n de un Fondo Municipal Para la Vivienda, recursos de la Tasa por explotaci\u00f3n de canteras, un Banco de tierras Fiscales, varias propuestas mas que contemplan la autoconstruccion, cr\u00e9ditos y la implementaci\u00f3n de la Ley de Acceso Justo al habitat Ley Provincial 14449.<\/p>\n<p>&#8220;Queremos conocer e intercambiar ideas y proyectos con los Concejales que ser\u00e1n en \u00faltima instancia los que decidir\u00e1n sobre estos temas de primera necesidad para todos los trabajadoras de Olavarr\u00eda&#8221;, remarcaron.<\/p>\n","protected":false},"excerpt":{"rendered":"<p>En la jornada de este lunes, la Asamblea por la vivienda invit\u00f3 a los concejales&#8230;<\/p>\n","protected":false},"author":1,"featured_media":127456,"comment_status":"closed","ping_status":"closed","sticky":false,"template":"","format":"standard","meta":{"content-type":""},"categories":[27,51],"tags":[],"nelio_content":{"isAutoShareEnabled":false,"autoShareEndMode":"default","automationSources":{"useContentSentences":true,"useSocialTemplates":true,"useCustomSentences":false,"customSentences":[]},"followers":[1],"suggestedReferences":[],"includedReferences":[],"efiUrl":"","efiAlt":"","highlights":[]},"yoast_head":"<!-- This site is optimized with the Yoast SEO plugin v20.7 - https:\/\/yoast.com\/wordpress\/plugins\/seo\/ -->\n<title>La asamblea por la vivienda invita a conejales a la pr\u00f3xima reuni\u00f3n<\/title>\n<meta name=\"description\" content=\"Este lunes la Asamblea por la vivienda invit\u00f3 a los concejales a participar de la pr\u00f3xima asamblea que se realizar\u00e1 el d\u00eda s\u00e1bado.\" \/>\n<meta name=\"robots\" content=\"index, follow, max-snippet:-1, max-image-preview:large, max-video-preview:-1\" \/>\n<link rel=\"canonical\" href=\"https:\/\/experienciadevida.com.ar\/portalurbano\/la-asamblea-por-la-vivienda-invita-a-concejales-a-la-proxima-reunion\/\" \/>\n<meta property=\"og:locale\" content=\"es_ES\" \/>\n<meta property=\"og:type\" content=\"article\" \/>\n<meta property=\"og:title\" content=\"La asamblea por la vivienda invita a conejales a la pr\u00f3xima reuni\u00f3n\" \/>\n<meta property=\"og:description\" content=\"Este lunes la Asamblea por la vivienda invit\u00f3 a los concejales a participar de la pr\u00f3xima asamblea que se realizar\u00e1 el d\u00eda s\u00e1bado.\" \/>\n<meta property=\"og:url\" content=\"https:\/\/experienciadevida.com.ar\/portalurbano\/la-asamblea-por-la-vivienda-invita-a-concejales-a-la-proxima-reunion\/\" \/>\n<meta property=\"article:publisher\" content=\"https:\/\/www.facebook.com\/Portal-Urbano-171542830093757\/\" \/>\n<meta property=\"article:published_time\" content=\"2020-11-16T19:59:03+00:00\" \/>\n<meta property=\"article:modified_time\" content=\"2020-11-16T20:01:11+00:00\" \/>\n<meta property=\"og:image\" content=\"https:\/\/experienciadevida.com.ar\/portalurbano\/wp-content\/uploads\/2020\/11\/Asamblea-por-la-vivienda.jpg\" \/>\n\t<meta property=\"og:image:width\" content=\"765\" \/>\n\t<meta property=\"og:image:height\" content=\"510\" \/>\n\t<meta property=\"og:image:type\" content=\"image\/jpeg\" \/>\n<meta name=\"author\" content=\"admpu17wp\" \/>\n<meta name=\"twitter:card\" content=\"summary_large_image\" \/>\n<meta name=\"twitter:creator\" content=\"@portalurbanook\" \/>\n<meta name=\"twitter:site\" content=\"@portalurbanook\" \/>\n<meta name=\"twitter:label1\" content=\"Escrito por\" \/>\n\t<meta name=\"twitter:data1\" content=\"admpu17wp\" \/>\n\t<meta name=\"twitter:label2\" content=\"Tiempo de lectura\" \/>\n\t<meta name=\"twitter:data2\" content=\"1 minuto\" \/>\n<script type=\"application\/ld+json\" class=\"yoast-schema-graph\">{\"@context\":\"https:\/\/schema.org\",\"@graph\":[{\"@type\":\"Article\",\"@id\":\"https:\/\/experienciadevida.com.ar\/portalurbano\/la-asamblea-por-la-vivienda-invita-a-concejales-a-la-proxima-reunion\/#article\",\"isPartOf\":{\"@id\":\"https:\/\/experienciadevida.com.ar\/portalurbano\/la-asamblea-por-la-vivienda-invita-a-concejales-a-la-proxima-reunion\/\"},\"author\":{\"name\":\"admpu17wp\",\"@id\":\"https:\/\/experienciadevida.com.ar\/portalurbano\/#\/schema\/person\/02dd326b1c4b056e9cc972486934a3a7\"},\"headline\":\"La Asamblea por la vivienda invita a concejales a la pr\u00f3xima reuni\u00f3n\",\"datePublished\":\"2020-11-16T19:59:03+00:00\",\"dateModified\":\"2020-11-16T20:01:11+00:00\",\"mainEntityOfPage\":{\"@id\":\"https:\/\/experienciadevida.com.ar\/portalurbano\/la-asamblea-por-la-vivienda-invita-a-concejales-a-la-proxima-reunion\/\"},\"wordCount\":229,\"publisher\":{\"@id\":\"https:\/\/experienciadevida.com.ar\/portalurbano\/#organization\"},\"articleSection\":[\"Ciudad\",\"Destacadas\"],\"inLanguage\":\"es\"},{\"@type\":\"WebPage\",\"@id\":\"https:\/\/experienciadevida.com.ar\/portalurbano\/la-asamblea-por-la-vivienda-invita-a-concejales-a-la-proxima-reunion\/\",\"url\":\"https:\/\/experienciadevida.com.ar\/portalurbano\/la-asamblea-por-la-vivienda-invita-a-concejales-a-la-proxima-reunion\/\",\"name\":\"La asamblea por la vivienda invita a conejales a la pr\u00f3xima reuni\u00f3n\",\"isPartOf\":{\"@id\":\"https:\/\/experienciadevida.com.ar\/portalurbano\/#website\"},\"datePublished\":\"2020-11-16T19:59:03+00:00\",\"dateModified\":\"2020-11-16T20:01:11+00:00\",\"description\":\"Este lunes la Asamblea por la vivienda invit\u00f3 a los concejales a participar de la pr\u00f3xima asamblea que se realizar\u00e1 el d\u00eda s\u00e1bado.\",\"breadcrumb\":{\"@id\":\"https:\/\/experienciadevida.com.ar\/portalurbano\/la-asamblea-por-la-vivienda-invita-a-concejales-a-la-proxima-reunion\/#breadcrumb\"},\"inLanguage\":\"es\",\"potentialAction\":[{\"@type\":\"ReadAction\",\"target\":[\"https:\/\/experienciadevida.com.ar\/portalurbano\/la-asamblea-por-la-vivienda-invita-a-concejales-a-la-proxima-reunion\/\"]}]},{\"@type\":\"BreadcrumbList\",\"@id\":\"https:\/\/experienciadevida.com.ar\/portalurbano\/la-asamblea-por-la-vivienda-invita-a-concejales-a-la-proxima-reunion\/#breadcrumb\",\"itemListElement\":[{\"@type\":\"ListItem\",\"position\":1,\"name\":\"Portada\",\"item\":\"https:\/\/experienciadevida.com.ar\/portalurbano\/\"},{\"@type\":\"ListItem\",\"position\":2,\"name\":\"La Asamblea por la vivienda invita a concejales a la pr\u00f3xima reuni\u00f3n\"}]},{\"@type\":\"WebSite\",\"@id\":\"https:\/\/experienciadevida.com.ar\/portalurbano\/#website\",\"url\":\"https:\/\/experienciadevida.com.ar\/portalurbano\/\",\"name\":\"\",\"description\":\"\",\"publisher\":{\"@id\":\"https:\/\/experienciadevida.com.ar\/portalurbano\/#organization\"},\"potentialAction\":[{\"@type\":\"SearchAction\",\"target\":{\"@type\":\"EntryPoint\",\"urlTemplate\":\"https:\/\/experienciadevida.com.ar\/portalurbano\/?s={search_term_string}\"},\"query-input\":\"required name=search_term_string\"}],\"inLanguage\":\"es\"},{\"@type\":\"Organization\",\"@id\":\"https:\/\/experienciadevida.com.ar\/portalurbano\/#organization\",\"name\":\"Portal Urbano\",\"url\":\"https:\/\/experienciadevida.com.ar\/portalurbano\/\",\"logo\":{\"@type\":\"ImageObject\",\"inLanguage\":\"es\",\"@id\":\"https:\/\/experienciadevida.com.ar\/portalurbano\/#\/schema\/logo\/image\/\",\"url\":\"https:\/\/experienciadevida.com.ar\/portalurbano\/wp-content\/uploads\/2019\/09\/Logo-Original.png\",\"contentUrl\":\"https:\/\/experienciadevida.com.ar\/portalurbano\/wp-content\/uploads\/2019\/09\/Logo-Original.png\",\"width\":2236,\"height\":1216,\"caption\":\"Portal Urbano\"},\"image\":{\"@id\":\"https:\/\/experienciadevida.com.ar\/portalurbano\/#\/schema\/logo\/image\/\"},\"sameAs\":[\"https:\/\/www.facebook.com\/Portal-Urbano-171542830093757\/\",\"https:\/\/twitter.com\/portalurbanook\",\"https:\/\/www.instagram.com\/_portalurbano\/\",\"https:\/\/www.youtube.com\/channel\/UCXhagIfszH8KxFiOok79zbA?view_as=subscriber\"]},{\"@type\":\"Person\",\"@id\":\"https:\/\/experienciadevida.com.ar\/portalurbano\/#\/schema\/person\/02dd326b1c4b056e9cc972486934a3a7\",\"name\":\"admpu17wp\",\"image\":{\"@type\":\"ImageObject\",\"inLanguage\":\"es\",\"@id\":\"https:\/\/experienciadevida.com.ar\/portalurbano\/#\/schema\/person\/image\/\",\"url\":\"https:\/\/secure.gravatar.com\/avatar\/830d4c57adaae6630765e449a6908047?s=96&d=mm&r=g\",\"contentUrl\":\"https:\/\/secure.gravatar.com\/avatar\/830d4c57adaae6630765e449a6908047?s=96&d=mm&r=g\",\"caption\":\"admpu17wp\"}}]}<\/script>\n<!-- \/ Yoast SEO plugin. -->","yoast_head_json":{"title":"La asamblea por la vivienda invita a conejales a la pr\u00f3xima reuni\u00f3n","description":"Este lunes la Asamblea por la vivienda invit\u00f3 a los concejales a participar de la pr\u00f3xima asamblea que se realizar\u00e1 el d\u00eda s\u00e1bado.","robots":{"index":"index","follow":"follow","max-snippet":"max-snippet:-1","max-image-preview":"max-image-preview:large","max-video-preview":"max-video-preview:-1"},"canonical":"https:\/\/experienciadevida.com.ar\/portalurbano\/la-asamblea-por-la-vivienda-invita-a-concejales-a-la-proxima-reunion\/","og_locale":"es_ES","og_type":"article","og_title":"La asamblea por la vivienda invita a conejales a la pr\u00f3xima reuni\u00f3n","og_description":"Este lunes la Asamblea por la vivienda invit\u00f3 a los concejales a participar de la pr\u00f3xima asamblea que se realizar\u00e1 el d\u00eda s\u00e1bado.","og_url":"https:\/\/experienciadevida.com.ar\/portalurbano\/la-asamblea-por-la-vivienda-invita-a-concejales-a-la-proxima-reunion\/","article_publisher":"https:\/\/www.facebook.com\/Portal-Urbano-171542830093757\/","article_published_time":"2020-11-16T19:59:03+00:00","article_modified_time":"2020-11-16T20:01:11+00:00","og_image":[{"width":765,"height":510,"url":"https:\/\/experienciadevida.com.ar\/portalurbano\/wp-content\/uploads\/2020\/11\/Asamblea-por-la-vivienda.jpg","type":"image\/jpeg"}],"author":"admpu17wp","twitter_card":"summary_large_image","twitter_creator":"@portalurbanook","twitter_site":"@portalurbanook","twitter_misc":{"Escrito por":"admpu17wp","Tiempo de lectura":"1 minuto"},"schema":{"@context":"https:\/\/schema.org","@graph":[{"@type":"Article","@id":"https:\/\/experienciadevida.com.ar\/portalurbano\/la-asamblea-por-la-vivienda-invita-a-concejales-a-la-proxima-reunion\/#article","isPartOf":{"@id":"https:\/\/experienciadevida.com.ar\/portalurbano\/la-asamblea-por-la-vivienda-invita-a-concejales-a-la-proxima-reunion\/"},"author":{"name":"admpu17wp","@id":"https:\/\/experienciadevida.com.ar\/portalurbano\/#\/schema\/person\/02dd326b1c4b056e9cc972486934a3a7"},"headline":"La Asamblea por la vivienda invita a concejales a la pr\u00f3xima reuni\u00f3n","datePublished":"2020-11-16T19:59:03+00:00","dateModified":"2020-11-16T20:01:11+00:00","mainEntityOfPage":{"@id":"https:\/\/experienciadevida.com.ar\/portalurbano\/la-asamblea-por-la-vivienda-invita-a-concejales-a-la-proxima-reunion\/"},"wordCount":229,"publisher":{"@id":"https:\/\/experienciadevida.com.ar\/portalurbano\/#organization"},"articleSection":["Ciudad","Destacadas"],"inLanguage":"es"},{"@type":"WebPage","@id":"https:\/\/experienciadevida.com.ar\/portalurbano\/la-asamblea-por-la-vivienda-invita-a-concejales-a-la-proxima-reunion\/","url":"https:\/\/experienciadevida.com.ar\/portalurbano\/la-asamblea-por-la-vivienda-invita-a-concejales-a-la-proxima-reunion\/","name":"La asamblea por la vivienda invita a conejales a la pr\u00f3xima reuni\u00f3n","isPartOf":{"@id":"https:\/\/experienciadevida.com.ar\/portalurbano\/#website"},"datePublished":"2020-11-16T19:59:03+00:00","dateModified":"2020-11-16T20:01:11+00:00","description":"Este lunes la Asamblea por la vivienda invit\u00f3 a los concejales a participar de la pr\u00f3xima asamblea que se realizar\u00e1 el d\u00eda s\u00e1bado.","breadcrumb":{"@id":"https:\/\/experienciadevida.com.ar\/portalurbano\/la-asamblea-por-la-vivienda-invita-a-concejales-a-la-proxima-reunion\/#breadcrumb"},"inLanguage":"es","potentialAction":[{"@type":"ReadAction","target":["https:\/\/experienciadevida.com.ar\/portalurbano\/la-asamblea-por-la-vivienda-invita-a-concejales-a-la-proxima-reunion\/"]}]},{"@type":"BreadcrumbList","@id":"https:\/\/experienciadevida.com.ar\/portalurbano\/la-asamblea-por-la-vivienda-invita-a-concejales-a-la-proxima-reunion\/#breadcrumb","itemListElement":[{"@type":"ListItem","position":1,"name":"Portada","item":"https:\/\/experienciadevida.com.ar\/portalurbano\/"},{"@type":"ListItem","position":2,"name":"La Asamblea por la vivienda invita a concejales a la pr\u00f3xima reuni\u00f3n"}]},{"@type":"WebSite","@id":"https:\/\/experienciadevida.com.ar\/portalurbano\/#website","url":"https:\/\/experienciadevida.com.ar\/portalurbano\/","name":"","description":"","publisher":{"@id":"https:\/\/experienciadevida.com.ar\/portalurbano\/#organization"},"potentialAction":[{"@type":"SearchAction","target":{"@type":"EntryPoint","urlTemplate":"https:\/\/experienciadevida.com.ar\/portalurbano\/?s={search_term_string}"},"query-input":"required name=search_term_string"}],"inLanguage":"es"},{"@type":"Organization","@id":"https:\/\/experienciadevida.com.ar\/portalurbano\/#organization","name":"Portal Urbano","url":"https:\/\/experienciadevida.com.ar\/portalurbano\/","logo":{"@type":"ImageObject","inLanguage":"es","@id":"https:\/\/experienciadevida.com.ar\/portalurbano\/#\/schema\/logo\/image\/","url":"https:\/\/experienciadevida.com.ar\/portalurbano\/wp-content\/uploads\/2019\/09\/Logo-Original.png","contentUrl":"https:\/\/experienciadevida.com.ar\/portalurbano\/wp-content\/uploads\/2019\/09\/Logo-Original.png","width":2236,"height":1216,"caption":"Portal Urbano"},"image":{"@id":"https:\/\/experienciadevida.com.ar\/portalurbano\/#\/schema\/logo\/image\/"},"sameAs":["https:\/\/www.facebook.com\/Portal-Urbano-171542830093757\/","https:\/\/twitter.com\/portalurbanook","https:\/\/www.instagram.com\/_portalurbano\/","https:\/\/www.youtube.com\/channel\/UCXhagIfszH8KxFiOok79zbA?view_as=subscriber"]},{"@type":"Person","@id":"https:\/\/experienciadevida.com.ar\/portalurbano\/#\/schema\/person\/02dd326b1c4b056e9cc972486934a3a7","name":"admpu17wp","image":{"@type":"ImageObject","inLanguage":"es","@id":"https:\/\/experienciadevida.com.ar\/portalurbano\/#\/schema\/person\/image\/","url":"https:\/\/secure.gravatar.com\/avatar\/830d4c57adaae6630765e449a6908047?s=96&d=mm&r=g","contentUrl":"https:\/\/secure.gravatar.com\/avatar\/830d4c57adaae6630765e449a6908047?s=96&d=mm&r=g","caption":"admpu17wp"}}]}},"featured_image_urls":{"full":["https:\/\/experienciadevida.com.ar\/portalurbano\/wp-content\/uploads\/2020\/11\/Asamblea-por-la-vivienda.jpg",765,510,false],"thumbnail":["https:\/\/experienciadevida.com.ar\/portalurbano\/wp-content\/uploads\/2020\/11\/Asamblea-por-la-vivienda-150x150.jpg",150,150,true],"medium":["https:\/\/experienciadevida.com.ar\/portalurbano\/wp-content\/uploads\/2020\/11\/Asamblea-por-la-vivienda-300x200.jpg",300,200,true],"medium_large":["https:\/\/experienciadevida.com.ar\/portalurbano\/wp-content\/uploads\/2020\/11\/Asamblea-por-la-vivienda.jpg",640,427,false],"large":["https:\/\/experienciadevida.com.ar\/portalurbano\/wp-content\/uploads\/2020\/11\/Asamblea-por-la-vivienda.jpg",640,427,false],"ug_big":["https:\/\/experienciadevida.com.ar\/portalurbano\/wp-content\/uploads\/2020\/11\/Asamblea-por-la-vivienda.jpg",765,510,false],"1536x1536":["https:\/\/experienciadevida.com.ar\/portalurbano\/wp-content\/uploads\/2020\/11\/Asamblea-por-la-vivienda.jpg",765,510,false],"2048x2048":["https:\/\/experienciadevida.com.ar\/portalurbano\/wp-content\/uploads\/2020\/11\/Asamblea-por-la-vivienda.jpg",765,510,false],"newsever-slider-full":["https:\/\/experienciadevida.com.ar\/portalurbano\/wp-content\/uploads\/2020\/11\/Asamblea-por-la-vivienda.jpg",765,510,false],"newsever-featured":["https:\/\/experienciadevida.com.ar\/portalurbano\/wp-content\/uploads\/2020\/11\/Asamblea-por-la-vivienda.jpg",765,510,false],"newsever-medium":["https:\/\/experienciadevida.com.ar\/portalurbano\/wp-content\/uploads\/2020\/11\/Asamblea-por-la-vivienda.jpg",713,475,false],"web-stories-poster-portrait":["https:\/\/experienciadevida.com.ar\/portalurbano\/wp-content\/uploads\/2020\/11\/Asamblea-por-la-vivienda.jpg",640,427,false],"web-stories-publisher-logo":["https:\/\/experienciadevida.com.ar\/portalurbano\/wp-content\/uploads\/2020\/11\/Asamblea-por-la-vivienda.jpg",96,64,false],"web-stories-thumbnail":["https:\/\/experienciadevida.com.ar\/portalurbano\/wp-content\/uploads\/2020\/11\/Asamblea-por-la-vivienda.jpg",150,100,false]},"author_info":{"display_name":"admpu17wp","author_link":"https:\/\/experienciadevida.com.ar\/portalurbano\/author\/admpu17wp\/"},"category_info":"<a href=\"https:\/\/experienciadevida.com.ar\/portalurbano\/category\/ciudad\/\" rel=\"category tag\">Ciudad<\/a> <a href=\"https:\/\/experienciadevida.com.ar\/portalurbano\/category\/destacadas\/\" rel=\"category tag\">Destacadas<\/a>","tag_info":"Destacadas","comment_count":"0","amp_enabled":true,"_links":{"self":[{"href":"https:\/\/experienciadevida.com.ar\/portalurbano\/wp-json\/wp\/v2\/posts\/127454"}],"collection":[{"href":"https:\/\/experienciadevida.com.ar\/portalurbano\/wp-json\/wp\/v2\/posts"}],"about":[{"href":"https:\/\/experienciadevida.com.ar\/portalurbano\/wp-json\/wp\/v2\/types\/post"}],"author":[{"embeddable":true,"href":"https:\/\/experienciadevida.com.ar\/portalurbano\/wp-json\/wp\/v2\/users\/1"}],"replies":[{"embeddable":true,"href":"https:\/\/experienciadevida.com.ar\/portalurbano\/wp-json\/wp\/v2\/comments?post=127454"}],"version-history":[{"count":4,"href":"https:\/\/experienciadevida.com.ar\/portalurbano\/wp-json\/wp\/v2\/posts\/127454\/revisions"}],"predecessor-version":[{"id":127460,"href":"https:\/\/experienciadevida.com.ar\/portalurbano\/wp-json\/wp\/v2\/posts\/127454\/revisions\/127460"}],"wp:featuredmedia":[{"embeddable":true,"href":"https:\/\/experienciadevida.com.ar\/portalurbano\/wp-json\/wp\/v2\/media\/127456"}],"wp:attachment":[{"href":"https:\/\/experienciadevida.com.ar\/portalurbano\/wp-json\/wp\/v2\/media?parent=127454"}],"wp:term":[{"taxonomy":"category","embeddable":true,"href":"https:\/\/experienciadevida.com.ar\/portalurbano\/wp-json\/wp\/v2\/categories?post=127454"},{"taxonomy":"post_tag","embeddable":true,"href":"https:\/\/experienciadevida.com.ar\/portalurbano\/wp-json\/wp\/v2\/tags?post=127454"}],"curies":[{"name":"wp","href":"https:\/\/api.w.org\/{rel}","templated":true}]}}