{"id":127430,"date":"2020-11-16T12:53:35","date_gmt":"2020-11-16T15:53:35","guid":{"rendered":"https:\/\/experienciadevida.com.ar\/portalurbano\/?p=127430"},"modified":"2020-11-16T12:53:59","modified_gmt":"2020-11-16T15:53:59","slug":"el-gobierno-controlara-el-porcentaje-de-polvo-y-palo-en-la-yerba-mate","status":"publish","type":"post","link":"https:\/\/experienciadevida.com.ar\/portalurbano\/el-gobierno-controlara-el-porcentaje-de-polvo-y-palo-en-la-yerba-mate\/","title":{"rendered":"El gobierno controlar\u00e1 el porcentaje de polvo y palo en la yerba mate"},"content":{"rendered":"<p class=\"interiorCopete\">En un comunicado publicado hoy en el Bolet\u00edn Oficial, el Gobierno regul\u00f3 la presencia de palo y polvo en la yerba <strong>mate<\/strong>, luego del an\u00e1lisis realizado por el Instituto Nacional\u00a0 encontr\u00f3 un incremento en el porcentaje de polvo de palo.<\/p>\n<p>El Gobierno nacional regul\u00f3 la presencia de palo y polvo en la yerba <strong>mate<\/strong> a trav\u00e9s de la Resoluci\u00f3n 379\/2020 publicada hoy en el Bolet\u00edn Oficial, con el objetivo de obtener un &#8220;producto de buena calidad&#8221; y para asegurar la &#8220;inocuidad&#8221; de esa materia prima.<\/p>\n<p>En el nuevo reglamento de control de calidad aprobado por el Instituto Nacional indic\u00f3 que &#8220;el an\u00e1lisis realizado de una muestra de Yerba Mate Canchada, debe arrojar un resultado de porcentaje total de palo, incluida la fibra cruda (Normas IRAM 20511), que no sea superior al 35,0 %&#8221;.<\/p>\n<p>Los considerandos de la normativa explic\u00f3 que la Resoluci\u00f3n 11\/2017 aprob\u00f3 el reglamento de aplicaci\u00f3n a todos los operadores que efect\u00faen tareas de recepci\u00f3n, transporte y\/o secado de hoja verde de yerba <strong>mate<\/strong>.<\/p>\n<p>&#8220;Los resultados de an\u00e1lisis de laboratorio de las muestras de yerba canchada tomadas por los funcionarios del INYM, evidencian a trav\u00e9s de los a\u00f1os, un incremento en el porcentaje de polvo de palo que pasa por tamiz 420 mm (malla 40), circunstancia que pone de manifiesto que durante el procesamiento de la hoja verde de yerba , se procede un molido o reproceso del palo grueso de yerba que el INYM debe regular y controlar en miras a la obtenci\u00f3n de un producto de buena calidad&#8221;, se explic\u00f3.<\/p>\n<p>La nueva normativa fue justificada al argumentarse que &#8220;el cotejo de los resultados de an\u00e1lisis de laboratorio de las muestras de yerba <strong>mate<\/strong> canchada tomadas por los funcionarios del INYM durante los a\u00f1os 2019 y 2020, demuestra que resulta necesario exigir que la yerba canchada que se comercialice en el pa\u00eds cumpla con especificaciones microbiol\u00f3gicas que aseguren la inocuidad de dicha materia prima&#8221;.<\/p>\n<p>La Resoluci\u00f3n se\u00f1al\u00f3 que &#8220;la totalidad del palo de yerba <strong>mate<\/strong> que se obtenga como subproducto del proceso productivo de elaboraci\u00f3n de la yerba canchada en los establecimientos secaderos, es considerado como un palo de descarte que deber\u00e1 ser inutilizado&#8221;.<\/p>\n<p>Tambi\u00e9n se precis\u00f3 que &#8220;las caracter\u00edsticas f\u00edsicas de la yerba canchada deben arrojar en un examen de tamizado, los siguientes porcentajes m\u00e1ximos y m\u00ednimos: Palos de yerba sobre malla 5 mm. x 70 mm., un m\u00e1ximo de 5,00 %; volumen retenido por tamiz 420 mm, un m\u00ednimo de 88,0 % y bajo tamiz 420 mm (malla 40) (polvo de hoja y palo), un m\u00e1ximo de 7,00%&#8221;.<\/p>\n<p>Foto: internet<\/p>\n","protected":false},"excerpt":{"rendered":"<p>En un comunicado publicado hoy en el Bolet\u00edn Oficial, el Gobierno regul\u00f3 la presencia de&#8230;<\/p>\n","protected":false},"author":1,"featured_media":127440,"comment_status":"closed","ping_status":"closed","sticky":false,"template":"","format":"standard","meta":{"content-type":""},"categories":[39],"tags":[],"nelio_content":{"isAutoShareEnabled":false,"autoShareEndMode":"default","automationSources":{"useContentSentences":true,"useSocialTemplates":true,"useCustomSentences":false,"customSentences":[]},"followers":[1],"suggestedReferences":[],"includedReferences":[],"efiUrl":"","efiAlt":"","highlights":[]},"yoast_head":"<!-- This site is optimized with the Yoast SEO plugin v20.7 - https:\/\/yoast.com\/wordpress\/plugins\/seo\/ -->\n<title>El Gobierno controlar\u00e1 el porcentaje de polvo y palo en la yerba mate<\/title>\n<meta name=\"description\" content=\"El gobierno controlar\u00e1 el porcentaje de polvo y palo en la yerba mate luego de un an\u00e1lisis del Instituto Nacional que encontr\u00f3 un incremento\" \/>\n<meta name=\"robots\" content=\"index, follow, max-snippet:-1, max-image-preview:large, max-video-preview:-1\" \/>\n<link rel=\"canonical\" href=\"https:\/\/experienciadevida.com.ar\/portalurbano\/el-gobierno-controlara-el-porcentaje-de-polvo-y-palo-en-la-yerba-mate\/\" \/>\n<meta property=\"og:locale\" content=\"es_ES\" \/>\n<meta property=\"og:type\" content=\"article\" \/>\n<meta property=\"og:title\" content=\"El Gobierno controlar\u00e1 el porcentaje de polvo y palo en la yerba mate\" \/>\n<meta property=\"og:description\" content=\"El gobierno controlar\u00e1 el porcentaje de polvo y palo en la yerba mate luego de un an\u00e1lisis del Instituto Nacional que encontr\u00f3 un incremento\" \/>\n<meta property=\"og:url\" content=\"https:\/\/experienciadevida.com.ar\/portalurbano\/el-gobierno-controlara-el-porcentaje-de-polvo-y-palo-en-la-yerba-mate\/\" \/>\n<meta property=\"article:publisher\" content=\"https:\/\/www.facebook.com\/Portal-Urbano-171542830093757\/\" \/>\n<meta property=\"article:published_time\" content=\"2020-11-16T15:53:35+00:00\" \/>\n<meta property=\"article:modified_time\" content=\"2020-11-16T15:53:59+00:00\" \/>\n<meta property=\"og:image\" content=\"https:\/\/experienciadevida.com.ar\/portalurbano\/wp-content\/uploads\/2020\/11\/Mate.jpg\" \/>\n\t<meta property=\"og:image:width\" content=\"822\" \/>\n\t<meta property=\"og:image:height\" content=\"548\" \/>\n\t<meta property=\"og:image:type\" content=\"image\/jpeg\" \/>\n<meta name=\"author\" content=\"admpu17wp\" \/>\n<meta name=\"twitter:card\" content=\"summary_large_image\" \/>\n<meta name=\"twitter:creator\" content=\"@portalurbanook\" \/>\n<meta name=\"twitter:site\" content=\"@portalurbanook\" \/>\n<meta name=\"twitter:label1\" content=\"Escrito por\" \/>\n\t<meta name=\"twitter:data1\" content=\"admpu17wp\" \/>\n\t<meta name=\"twitter:label2\" content=\"Tiempo de lectura\" \/>\n\t<meta name=\"twitter:data2\" content=\"2 minutos\" \/>\n<script type=\"application\/ld+json\" class=\"yoast-schema-graph\">{\"@context\":\"https:\/\/schema.org\",\"@graph\":[{\"@type\":\"Article\",\"@id\":\"https:\/\/experienciadevida.com.ar\/portalurbano\/el-gobierno-controlara-el-porcentaje-de-polvo-y-palo-en-la-yerba-mate\/#article\",\"isPartOf\":{\"@id\":\"https:\/\/experienciadevida.com.ar\/portalurbano\/el-gobierno-controlara-el-porcentaje-de-polvo-y-palo-en-la-yerba-mate\/\"},\"author\":{\"name\":\"admpu17wp\",\"@id\":\"https:\/\/experienciadevida.com.ar\/portalurbano\/#\/schema\/person\/02dd326b1c4b056e9cc972486934a3a7\"},\"headline\":\"El gobierno controlar\u00e1 el porcentaje de polvo y palo en la yerba mate\",\"datePublished\":\"2020-11-16T15:53:35+00:00\",\"dateModified\":\"2020-11-16T15:53:59+00:00\",\"mainEntityOfPage\":{\"@id\":\"https:\/\/experienciadevida.com.ar\/portalurbano\/el-gobierno-controlara-el-porcentaje-de-polvo-y-palo-en-la-yerba-mate\/\"},\"wordCount\":448,\"publisher\":{\"@id\":\"https:\/\/experienciadevida.com.ar\/portalurbano\/#organization\"},\"articleSection\":[\"Naci\u00f3n\"],\"inLanguage\":\"es\"},{\"@type\":\"WebPage\",\"@id\":\"https:\/\/experienciadevida.com.ar\/portalurbano\/el-gobierno-controlara-el-porcentaje-de-polvo-y-palo-en-la-yerba-mate\/\",\"url\":\"https:\/\/experienciadevida.com.ar\/portalurbano\/el-gobierno-controlara-el-porcentaje-de-polvo-y-palo-en-la-yerba-mate\/\",\"name\":\"El Gobierno controlar\u00e1 el porcentaje de polvo y palo en la yerba mate\",\"isPartOf\":{\"@id\":\"https:\/\/experienciadevida.com.ar\/portalurbano\/#website\"},\"datePublished\":\"2020-11-16T15:53:35+00:00\",\"dateModified\":\"2020-11-16T15:53:59+00:00\",\"description\":\"El gobierno controlar\u00e1 el porcentaje de polvo y palo en la yerba mate luego de un an\u00e1lisis del Instituto Nacional que encontr\u00f3 un incremento\",\"breadcrumb\":{\"@id\":\"https:\/\/experienciadevida.com.ar\/portalurbano\/el-gobierno-controlara-el-porcentaje-de-polvo-y-palo-en-la-yerba-mate\/#breadcrumb\"},\"inLanguage\":\"es\",\"potentialAction\":[{\"@type\":\"ReadAction\",\"target\":[\"https:\/\/experienciadevida.com.ar\/portalurbano\/el-gobierno-controlara-el-porcentaje-de-polvo-y-palo-en-la-yerba-mate\/\"]}]},{\"@type\":\"BreadcrumbList\",\"@id\":\"https:\/\/experienciadevida.com.ar\/portalurbano\/el-gobierno-controlara-el-porcentaje-de-polvo-y-palo-en-la-yerba-mate\/#breadcrumb\",\"itemListElement\":[{\"@type\":\"ListItem\",\"position\":1,\"name\":\"Portada\",\"item\":\"https:\/\/experienciadevida.com.ar\/portalurbano\/\"},{\"@type\":\"ListItem\",\"position\":2,\"name\":\"El gobierno controlar\u00e1 el porcentaje de polvo y palo en la yerba mate\"}]},{\"@type\":\"WebSite\",\"@id\":\"https:\/\/experienciadevida.com.ar\/portalurbano\/#website\",\"url\":\"https:\/\/experienciadevida.com.ar\/portalurbano\/\",\"name\":\"\",\"description\":\"\",\"publisher\":{\"@id\":\"https:\/\/experienciadevida.com.ar\/portalurbano\/#organization\"},\"potentialAction\":[{\"@type\":\"SearchAction\",\"target\":{\"@type\":\"EntryPoint\",\"urlTemplate\":\"https:\/\/experienciadevida.com.ar\/portalurbano\/?s={search_term_string}\"},\"query-input\":\"required name=search_term_string\"}],\"inLanguage\":\"es\"},{\"@type\":\"Organization\",\"@id\":\"https:\/\/experienciadevida.com.ar\/portalurbano\/#organization\",\"name\":\"Portal Urbano\",\"url\":\"https:\/\/experienciadevida.com.ar\/portalurbano\/\",\"logo\":{\"@type\":\"ImageObject\",\"inLanguage\":\"es\",\"@id\":\"https:\/\/experienciadevida.com.ar\/portalurbano\/#\/schema\/logo\/image\/\",\"url\":\"https:\/\/experienciadevida.com.ar\/portalurbano\/wp-content\/uploads\/2019\/09\/Logo-Original.png\",\"contentUrl\":\"https:\/\/experienciadevida.com.ar\/portalurbano\/wp-content\/uploads\/2019\/09\/Logo-Original.png\",\"width\":2236,\"height\":1216,\"caption\":\"Portal Urbano\"},\"image\":{\"@id\":\"https:\/\/experienciadevida.com.ar\/portalurbano\/#\/schema\/logo\/image\/\"},\"sameAs\":[\"https:\/\/www.facebook.com\/Portal-Urbano-171542830093757\/\",\"https:\/\/twitter.com\/portalurbanook\",\"https:\/\/www.instagram.com\/_portalurbano\/\",\"https:\/\/www.youtube.com\/channel\/UCXhagIfszH8KxFiOok79zbA?view_as=subscriber\"]},{\"@type\":\"Person\",\"@id\":\"https:\/\/experienciadevida.com.ar\/portalurbano\/#\/schema\/person\/02dd326b1c4b056e9cc972486934a3a7\",\"name\":\"admpu17wp\",\"image\":{\"@type\":\"ImageObject\",\"inLanguage\":\"es\",\"@id\":\"https:\/\/experienciadevida.com.ar\/portalurbano\/#\/schema\/person\/image\/\",\"url\":\"https:\/\/secure.gravatar.com\/avatar\/830d4c57adaae6630765e449a6908047?s=96&d=mm&r=g\",\"contentUrl\":\"https:\/\/secure.gravatar.com\/avatar\/830d4c57adaae6630765e449a6908047?s=96&d=mm&r=g\",\"caption\":\"admpu17wp\"}}]}<\/script>\n<!-- \/ Yoast SEO plugin. -->","yoast_head_json":{"title":"El Gobierno controlar\u00e1 el porcentaje de polvo y palo en la yerba mate","description":"El gobierno controlar\u00e1 el porcentaje de polvo y palo en la yerba mate luego de un an\u00e1lisis del Instituto Nacional que encontr\u00f3 un incremento","robots":{"index":"index","follow":"follow","max-snippet":"max-snippet:-1","max-image-preview":"max-image-preview:large","max-video-preview":"max-video-preview:-1"},"canonical":"https:\/\/experienciadevida.com.ar\/portalurbano\/el-gobierno-controlara-el-porcentaje-de-polvo-y-palo-en-la-yerba-mate\/","og_locale":"es_ES","og_type":"article","og_title":"El Gobierno controlar\u00e1 el porcentaje de polvo y palo en la yerba mate","og_description":"El gobierno controlar\u00e1 el porcentaje de polvo y palo en la yerba mate luego de un an\u00e1lisis del Instituto Nacional que encontr\u00f3 un incremento","og_url":"https:\/\/experienciadevida.com.ar\/portalurbano\/el-gobierno-controlara-el-porcentaje-de-polvo-y-palo-en-la-yerba-mate\/","article_publisher":"https:\/\/www.facebook.com\/Portal-Urbano-171542830093757\/","article_published_time":"2020-11-16T15:53:35+00:00","article_modified_time":"2020-11-16T15:53:59+00:00","og_image":[{"width":822,"height":548,"url":"https:\/\/experienciadevida.com.ar\/portalurbano\/wp-content\/uploads\/2020\/11\/Mate.jpg","type":"image\/jpeg"}],"author":"admpu17wp","twitter_card":"summary_large_image","twitter_creator":"@portalurbanook","twitter_site":"@portalurbanook","twitter_misc":{"Escrito por":"admpu17wp","Tiempo de lectura":"2 minutos"},"schema":{"@context":"https:\/\/schema.org","@graph":[{"@type":"Article","@id":"https:\/\/experienciadevida.com.ar\/portalurbano\/el-gobierno-controlara-el-porcentaje-de-polvo-y-palo-en-la-yerba-mate\/#article","isPartOf":{"@id":"https:\/\/experienciadevida.com.ar\/portalurbano\/el-gobierno-controlara-el-porcentaje-de-polvo-y-palo-en-la-yerba-mate\/"},"author":{"name":"admpu17wp","@id":"https:\/\/experienciadevida.com.ar\/portalurbano\/#\/schema\/person\/02dd326b1c4b056e9cc972486934a3a7"},"headline":"El gobierno controlar\u00e1 el porcentaje de polvo y palo en la yerba mate","datePublished":"2020-11-16T15:53:35+00:00","dateModified":"2020-11-16T15:53:59+00:00","mainEntityOfPage":{"@id":"https:\/\/experienciadevida.com.ar\/portalurbano\/el-gobierno-controlara-el-porcentaje-de-polvo-y-palo-en-la-yerba-mate\/"},"wordCount":448,"publisher":{"@id":"https:\/\/experienciadevida.com.ar\/portalurbano\/#organization"},"articleSection":["Naci\u00f3n"],"inLanguage":"es"},{"@type":"WebPage","@id":"https:\/\/experienciadevida.com.ar\/portalurbano\/el-gobierno-controlara-el-porcentaje-de-polvo-y-palo-en-la-yerba-mate\/","url":"https:\/\/experienciadevida.com.ar\/portalurbano\/el-gobierno-controlara-el-porcentaje-de-polvo-y-palo-en-la-yerba-mate\/","name":"El Gobierno controlar\u00e1 el porcentaje de polvo y palo en la yerba mate","isPartOf":{"@id":"https:\/\/experienciadevida.com.ar\/portalurbano\/#website"},"datePublished":"2020-11-16T15:53:35+00:00","dateModified":"2020-11-16T15:53:59+00:00","description":"El gobierno controlar\u00e1 el porcentaje de polvo y palo en la yerba mate luego de un an\u00e1lisis del Instituto Nacional que encontr\u00f3 un incremento","breadcrumb":{"@id":"https:\/\/experienciadevida.com.ar\/portalurbano\/el-gobierno-controlara-el-porcentaje-de-polvo-y-palo-en-la-yerba-mate\/#breadcrumb"},"inLanguage":"es","potentialAction":[{"@type":"ReadAction","target":["https:\/\/experienciadevida.com.ar\/portalurbano\/el-gobierno-controlara-el-porcentaje-de-polvo-y-palo-en-la-yerba-mate\/"]}]},{"@type":"BreadcrumbList","@id":"https:\/\/experienciadevida.com.ar\/portalurbano\/el-gobierno-controlara-el-porcentaje-de-polvo-y-palo-en-la-yerba-mate\/#breadcrumb","itemListElement":[{"@type":"ListItem","position":1,"name":"Portada","item":"https:\/\/experienciadevida.com.ar\/portalurbano\/"},{"@type":"ListItem","position":2,"name":"El gobierno controlar\u00e1 el porcentaje de polvo y palo en la yerba mate"}]},{"@type":"WebSite","@id":"https:\/\/experienciadevida.com.ar\/portalurbano\/#website","url":"https:\/\/experienciadevida.com.ar\/portalurbano\/","name":"","description":"","publisher":{"@id":"https:\/\/experienciadevida.com.ar\/portalurbano\/#organization"},"potentialAction":[{"@type":"SearchAction","target":{"@type":"EntryPoint","urlTemplate":"https:\/\/experienciadevida.com.ar\/portalurbano\/?s={search_term_string}"},"query-input":"required name=search_term_string"}],"inLanguage":"es"},{"@type":"Organization","@id":"https:\/\/experienciadevida.com.ar\/portalurbano\/#organization","name":"Portal Urbano","url":"https:\/\/experienciadevida.com.ar\/portalurbano\/","logo":{"@type":"ImageObject","inLanguage":"es","@id":"https:\/\/experienciadevida.com.ar\/portalurbano\/#\/schema\/logo\/image\/","url":"https:\/\/experienciadevida.com.ar\/portalurbano\/wp-content\/uploads\/2019\/09\/Logo-Original.png","contentUrl":"https:\/\/experienciadevida.com.ar\/portalurbano\/wp-content\/uploads\/2019\/09\/Logo-Original.png","width":2236,"height":1216,"caption":"Portal Urbano"},"image":{"@id":"https:\/\/experienciadevida.com.ar\/portalurbano\/#\/schema\/logo\/image\/"},"sameAs":["https:\/\/www.facebook.com\/Portal-Urbano-171542830093757\/","https:\/\/twitter.com\/portalurbanook","https:\/\/www.instagram.com\/_portalurbano\/","https:\/\/www.youtube.com\/channel\/UCXhagIfszH8KxFiOok79zbA?view_as=subscriber"]},{"@type":"Person","@id":"https:\/\/experienciadevida.com.ar\/portalurbano\/#\/schema\/person\/02dd326b1c4b056e9cc972486934a3a7","name":"admpu17wp","image":{"@type":"ImageObject","inLanguage":"es","@id":"https:\/\/experienciadevida.com.ar\/portalurbano\/#\/schema\/person\/image\/","url":"https:\/\/secure.gravatar.com\/avatar\/830d4c57adaae6630765e449a6908047?s=96&d=mm&r=g","contentUrl":"https:\/\/secure.gravatar.com\/avatar\/830d4c57adaae6630765e449a6908047?s=96&d=mm&r=g","caption":"admpu17wp"}}]}},"featured_image_urls":{"full":["https:\/\/experienciadevida.com.ar\/portalurbano\/wp-content\/uploads\/2020\/11\/Mate.jpg",822,548,false],"thumbnail":["https:\/\/experienciadevida.com.ar\/portalurbano\/wp-content\/uploads\/2020\/11\/Mate-150x150.jpg",150,150,true],"medium":["https:\/\/experienciadevida.com.ar\/portalurbano\/wp-content\/uploads\/2020\/11\/Mate-300x200.jpg",300,200,true],"medium_large":["https:\/\/experienciadevida.com.ar\/portalurbano\/wp-content\/uploads\/2020\/11\/Mate-768x512.jpg",640,427,true],"large":["https:\/\/experienciadevida.com.ar\/portalurbano\/wp-content\/uploads\/2020\/11\/Mate.jpg",640,427,false],"ug_big":["https:\/\/experienciadevida.com.ar\/portalurbano\/wp-content\/uploads\/2020\/11\/Mate-768x512.jpg",768,512,true],"1536x1536":["https:\/\/experienciadevida.com.ar\/portalurbano\/wp-content\/uploads\/2020\/11\/Mate.jpg",822,548,false],"2048x2048":["https:\/\/experienciadevida.com.ar\/portalurbano\/wp-content\/uploads\/2020\/11\/Mate.jpg",822,548,false],"newsever-slider-full":["https:\/\/experienciadevida.com.ar\/portalurbano\/wp-content\/uploads\/2020\/11\/Mate.jpg",822,548,false],"newsever-featured":["https:\/\/experienciadevida.com.ar\/portalurbano\/wp-content\/uploads\/2020\/11\/Mate.jpg",822,548,false],"newsever-medium":["https:\/\/experienciadevida.com.ar\/portalurbano\/wp-content\/uploads\/2020\/11\/Mate.jpg",713,475,false],"web-stories-poster-portrait":["https:\/\/experienciadevida.com.ar\/portalurbano\/wp-content\/uploads\/2020\/11\/Mate.jpg",640,427,false],"web-stories-publisher-logo":["https:\/\/experienciadevida.com.ar\/portalurbano\/wp-content\/uploads\/2020\/11\/Mate.jpg",96,64,false],"web-stories-thumbnail":["https:\/\/experienciadevida.com.ar\/portalurbano\/wp-content\/uploads\/2020\/11\/Mate.jpg",150,100,false]},"author_info":{"display_name":"admpu17wp","author_link":"https:\/\/experienciadevida.com.ar\/portalurbano\/author\/admpu17wp\/"},"category_info":"<a href=\"https:\/\/experienciadevida.com.ar\/portalurbano\/category\/nacion\/\" rel=\"category tag\">Naci\u00f3n<\/a>","tag_info":"Naci\u00f3n","comment_count":"0","amp_enabled":true,"_links":{"self":[{"href":"https:\/\/experienciadevida.com.ar\/portalurbano\/wp-json\/wp\/v2\/posts\/127430"}],"collection":[{"href":"https:\/\/experienciadevida.com.ar\/portalurbano\/wp-json\/wp\/v2\/posts"}],"about":[{"href":"https:\/\/experienciadevida.com.ar\/portalurbano\/wp-json\/wp\/v2\/types\/post"}],"author":[{"embeddable":true,"href":"https:\/\/experienciadevida.com.ar\/portalurbano\/wp-json\/wp\/v2\/users\/1"}],"replies":[{"embeddable":true,"href":"https:\/\/experienciadevida.com.ar\/portalurbano\/wp-json\/wp\/v2\/comments?post=127430"}],"version-history":[{"count":1,"href":"https:\/\/experienciadevida.com.ar\/portalurbano\/wp-json\/wp\/v2\/posts\/127430\/revisions"}],"predecessor-version":[{"id":127441,"href":"https:\/\/experienciadevida.com.ar\/portalurbano\/wp-json\/wp\/v2\/posts\/127430\/revisions\/127441"}],"wp:featuredmedia":[{"embeddable":true,"href":"https:\/\/experienciadevida.com.ar\/portalurbano\/wp-json\/wp\/v2\/media\/127440"}],"wp:attachment":[{"href":"https:\/\/experienciadevida.com.ar\/portalurbano\/wp-json\/wp\/v2\/media?parent=127430"}],"wp:term":[{"taxonomy":"category","embeddable":true,"href":"https:\/\/experienciadevida.com.ar\/portalurbano\/wp-json\/wp\/v2\/categories?post=127430"},{"taxonomy":"post_tag","embeddable":true,"href":"https:\/\/experienciadevida.com.ar\/portalurbano\/wp-json\/wp\/v2\/tags?post=127430"}],"curies":[{"name":"wp","href":"https:\/\/api.w.org\/{rel}","templated":true}]}}