{"id":127422,"date":"2020-11-16T10:48:57","date_gmt":"2020-11-16T13:48:57","guid":{"rendered":"https:\/\/experienciadevida.com.ar\/portalurbano\/?p=127422"},"modified":"2020-11-16T10:49:19","modified_gmt":"2020-11-16T13:49:19","slug":"kreplak-uno-ve-una-sensacion-de-pospandemia-y-no-estamos-en-esa-situacion","status":"publish","type":"post","link":"https:\/\/experienciadevida.com.ar\/portalurbano\/kreplak-uno-ve-una-sensacion-de-pospandemia-y-no-estamos-en-esa-situacion\/","title":{"rendered":"Kreplak: \u201cUno ve una sensaci\u00f3n de pospandemia y no estamos en esa situaci\u00f3n\u201d"},"content":{"rendered":"<p>El\u00a0 Viceministro de Salud,\u00a0<strong>Kreplak\u00a0<\/strong>se mostr\u00f3 preocupado y dijo que \u201cestamos lejos\u201d de llegar a un pr\u00f3ximo invierno \u201ccon un alto nivel de poblaci\u00f3n vacunada y casi sin casos aut\u00f3ctonos\u201d.<\/p>\n<p>El viceministro de Salud bonaerense, Nicol\u00e1s <strong>Kreplak<\/strong>, se mostr\u00f3 hoy preocupado al se\u00f1alar que \u201cuno ve en la gente una sensaci\u00f3n de pospandemia y realmente no estamos en esa situaci\u00f3n\u201d y reiter\u00f3 que por el coronavirus la temporada de verano \u201cno va a ser normal\u201d.<\/p>\n<p>El funcionario bonaerense se refiri\u00f3 hoy a la situaci\u00f3n del Covid-19 en la provincia y pidi\u00f3 mantener los cuidados a pesar de la ca\u00edda de los contagios que se viene registrando en el \u00faltimo tiempo.<\/p>\n<p>\u201cPara llegar a un invierno pr\u00f3ximo en condiciones no tanto peores como ocurre en Europa debemos llegar con un alto nivel de poblaci\u00f3n vacunada y casi sin casos aut\u00f3ctonos y estamos lejos de eso\u201d.<\/p>\n<p>En esta l\u00ednea, explic\u00f3 que \u201cno alcanza s\u00f3lo con la vacuna\u201d y que \u201chay que tener un trabajo de cuidado muy serio\u201d. \u201cHay que cumplir con distanciamiento, uso de tapa bocas y esperemos que con eso alcance para que bajen los casos\u201d, recalc\u00f3.<\/p>\n<p>El viceministro <strong>Kreplak <\/strong>evalu\u00f3 tambi\u00e9n los meses que pasaron de pandemia y consider\u00f3 que en Argentina \u201chemos tenido una epidemia muy grande pero la seccionamos de manera que el sistema de salud estuvo en condiciones de atender a la poblaci\u00f3n\u201d.<\/p>\n<p>\u201cEso fue el trabajo principal que se hizo en nuestro pa\u00eds que no se logr\u00f3 en otros lugares del mundo. Hay que mirar la pel\u00edcula completa despu\u00e9s. Somos uno de los pa\u00edses con el invierno m\u00e1s largo y con un conglomerado tan importante como es el AMBA (\u00c1rea Metropolitana de Buenos Aires) y el esfuerzo estuvo centrado en que el sistema de salud no se sature\u201d, indic\u00f3.<\/p>\n<p>En tanto, tambi\u00e9n se refiri\u00f3 a lo que ser\u00e1n las fiestas de fin de a\u00f1o y sostuvo que \u201cno es recomendable trasladarse de provincia a provincia\u201d y que \u201cnadie va a animarse a juntar al abuelo con toda la familia porque es un peligro\u201d.<\/p>\n<p>Sobre las vacaciones reiter\u00f3 que no ser\u00e1 \u201cun verano normal\u201d, sino \u201cm\u00e1s tranquilo\u201d. \u201cEsperamos que sea sin fiestas, sin boliches que son lugares de mucho riesgo, es un verano para descansar en lugares con menos gente\u201d, afirm\u00f3. Y advirti\u00f3: \u201cSi a una persona con la que me fui o a m\u00ed le toca enfermarse, se tiene que hacer aislamiento, entonces hay que pensar bien si vale la pena arriesgarse\u201d.<\/p>\n<p>Fuente: DIB<\/p>\n","protected":false},"excerpt":{"rendered":"<p>El\u00a0 Viceministro de Salud,\u00a0Kreplak\u00a0se mostr\u00f3 preocupado y dijo que \u201cestamos lejos\u201d de llegar a un&#8230;<\/p>\n","protected":false},"author":1,"featured_media":127423,"comment_status":"closed","ping_status":"closed","sticky":false,"template":"","format":"standard","meta":{"content-type":""},"categories":[71,44],"tags":[],"nelio_content":{"isAutoShareEnabled":false,"autoShareEndMode":"default","automationSources":{"useContentSentences":true,"useSocialTemplates":true,"useCustomSentences":false,"customSentences":[]},"followers":[1],"suggestedReferences":[],"includedReferences":[],"efiUrl":"","efiAlt":"","highlights":[]},"yoast_head":"<!-- This site is optimized with the Yoast SEO plugin v20.7 - https:\/\/yoast.com\/wordpress\/plugins\/seo\/ -->\n<title>Kreplak: &quot;Uno ve una sensaci\u00f3n de pandemia y no estamos&quot;<\/title>\n<meta name=\"description\" content=\"El\u00a0 Viceministro de Salud,\u00a0Kreplak\u00a0se mostr\u00f3 preocupado y dijo que \u201cestamos lejos\u201d de llegar a un pr\u00f3ximo invierno con la poblaci\u00f3n vaunada\" \/>\n<meta name=\"robots\" content=\"index, follow, max-snippet:-1, max-image-preview:large, max-video-preview:-1\" \/>\n<link rel=\"canonical\" href=\"https:\/\/experienciadevida.com.ar\/portalurbano\/kreplak-uno-ve-una-sensacion-de-pospandemia-y-no-estamos-en-esa-situacion\/\" \/>\n<meta property=\"og:locale\" content=\"es_ES\" \/>\n<meta property=\"og:type\" content=\"article\" \/>\n<meta property=\"og:title\" content=\"Kreplak: &quot;Uno ve una sensaci\u00f3n de pandemia y no estamos&quot;\" \/>\n<meta property=\"og:description\" content=\"El\u00a0 Viceministro de Salud,\u00a0Kreplak\u00a0se mostr\u00f3 preocupado y dijo que \u201cestamos lejos\u201d de llegar a un pr\u00f3ximo invierno con la poblaci\u00f3n vaunada\" \/>\n<meta property=\"og:url\" content=\"https:\/\/experienciadevida.com.ar\/portalurbano\/kreplak-uno-ve-una-sensacion-de-pospandemia-y-no-estamos-en-esa-situacion\/\" \/>\n<meta property=\"article:publisher\" content=\"https:\/\/www.facebook.com\/Portal-Urbano-171542830093757\/\" \/>\n<meta property=\"article:published_time\" content=\"2020-11-16T13:48:57+00:00\" \/>\n<meta property=\"article:modified_time\" content=\"2020-11-16T13:49:19+00:00\" \/>\n<meta property=\"og:image\" content=\"https:\/\/experienciadevida.com.ar\/portalurbano\/wp-content\/uploads\/2020\/11\/Kreplak.jpg\" \/>\n\t<meta property=\"og:image:width\" content=\"696\" \/>\n\t<meta property=\"og:image:height\" content=\"435\" \/>\n\t<meta property=\"og:image:type\" content=\"image\/jpeg\" \/>\n<meta name=\"author\" content=\"admpu17wp\" \/>\n<meta name=\"twitter:card\" content=\"summary_large_image\" \/>\n<meta name=\"twitter:creator\" content=\"@portalurbanook\" \/>\n<meta name=\"twitter:site\" content=\"@portalurbanook\" \/>\n<meta name=\"twitter:label1\" content=\"Escrito por\" \/>\n\t<meta name=\"twitter:data1\" content=\"admpu17wp\" \/>\n\t<meta name=\"twitter:label2\" content=\"Tiempo de lectura\" \/>\n\t<meta name=\"twitter:data2\" content=\"2 minutos\" \/>\n<script type=\"application\/ld+json\" class=\"yoast-schema-graph\">{\"@context\":\"https:\/\/schema.org\",\"@graph\":[{\"@type\":\"Article\",\"@id\":\"https:\/\/experienciadevida.com.ar\/portalurbano\/kreplak-uno-ve-una-sensacion-de-pospandemia-y-no-estamos-en-esa-situacion\/#article\",\"isPartOf\":{\"@id\":\"https:\/\/experienciadevida.com.ar\/portalurbano\/kreplak-uno-ve-una-sensacion-de-pospandemia-y-no-estamos-en-esa-situacion\/\"},\"author\":{\"name\":\"admpu17wp\",\"@id\":\"https:\/\/experienciadevida.com.ar\/portalurbano\/#\/schema\/person\/02dd326b1c4b056e9cc972486934a3a7\"},\"headline\":\"Kreplak: \u201cUno ve una sensaci\u00f3n de pospandemia y no estamos en esa situaci\u00f3n\u201d\",\"datePublished\":\"2020-11-16T13:48:57+00:00\",\"dateModified\":\"2020-11-16T13:49:19+00:00\",\"mainEntityOfPage\":{\"@id\":\"https:\/\/experienciadevida.com.ar\/portalurbano\/kreplak-uno-ve-una-sensacion-de-pospandemia-y-no-estamos-en-esa-situacion\/\"},\"wordCount\":450,\"publisher\":{\"@id\":\"https:\/\/experienciadevida.com.ar\/portalurbano\/#organization\"},\"articleSection\":[\"Coronavirus\",\"Provincia\"],\"inLanguage\":\"es\"},{\"@type\":\"WebPage\",\"@id\":\"https:\/\/experienciadevida.com.ar\/portalurbano\/kreplak-uno-ve-una-sensacion-de-pospandemia-y-no-estamos-en-esa-situacion\/\",\"url\":\"https:\/\/experienciadevida.com.ar\/portalurbano\/kreplak-uno-ve-una-sensacion-de-pospandemia-y-no-estamos-en-esa-situacion\/\",\"name\":\"Kreplak: \\\"Uno ve una sensaci\u00f3n de pandemia y no estamos\\\"\",\"isPartOf\":{\"@id\":\"https:\/\/experienciadevida.com.ar\/portalurbano\/#website\"},\"datePublished\":\"2020-11-16T13:48:57+00:00\",\"dateModified\":\"2020-11-16T13:49:19+00:00\",\"description\":\"El\u00a0 Viceministro de Salud,\u00a0Kreplak\u00a0se mostr\u00f3 preocupado y dijo que \u201cestamos lejos\u201d de llegar a un pr\u00f3ximo invierno con la poblaci\u00f3n vaunada\",\"breadcrumb\":{\"@id\":\"https:\/\/experienciadevida.com.ar\/portalurbano\/kreplak-uno-ve-una-sensacion-de-pospandemia-y-no-estamos-en-esa-situacion\/#breadcrumb\"},\"inLanguage\":\"es\",\"potentialAction\":[{\"@type\":\"ReadAction\",\"target\":[\"https:\/\/experienciadevida.com.ar\/portalurbano\/kreplak-uno-ve-una-sensacion-de-pospandemia-y-no-estamos-en-esa-situacion\/\"]}]},{\"@type\":\"BreadcrumbList\",\"@id\":\"https:\/\/experienciadevida.com.ar\/portalurbano\/kreplak-uno-ve-una-sensacion-de-pospandemia-y-no-estamos-en-esa-situacion\/#breadcrumb\",\"itemListElement\":[{\"@type\":\"ListItem\",\"position\":1,\"name\":\"Portada\",\"item\":\"https:\/\/experienciadevida.com.ar\/portalurbano\/\"},{\"@type\":\"ListItem\",\"position\":2,\"name\":\"Kreplak: \u201cUno ve una sensaci\u00f3n de pospandemia y no estamos en esa situaci\u00f3n\u201d\"}]},{\"@type\":\"WebSite\",\"@id\":\"https:\/\/experienciadevida.com.ar\/portalurbano\/#website\",\"url\":\"https:\/\/experienciadevida.com.ar\/portalurbano\/\",\"name\":\"\",\"description\":\"\",\"publisher\":{\"@id\":\"https:\/\/experienciadevida.com.ar\/portalurbano\/#organization\"},\"potentialAction\":[{\"@type\":\"SearchAction\",\"target\":{\"@type\":\"EntryPoint\",\"urlTemplate\":\"https:\/\/experienciadevida.com.ar\/portalurbano\/?s={search_term_string}\"},\"query-input\":\"required name=search_term_string\"}],\"inLanguage\":\"es\"},{\"@type\":\"Organization\",\"@id\":\"https:\/\/experienciadevida.com.ar\/portalurbano\/#organization\",\"name\":\"Portal Urbano\",\"url\":\"https:\/\/experienciadevida.com.ar\/portalurbano\/\",\"logo\":{\"@type\":\"ImageObject\",\"inLanguage\":\"es\",\"@id\":\"https:\/\/experienciadevida.com.ar\/portalurbano\/#\/schema\/logo\/image\/\",\"url\":\"https:\/\/experienciadevida.com.ar\/portalurbano\/wp-content\/uploads\/2019\/09\/Logo-Original.png\",\"contentUrl\":\"https:\/\/experienciadevida.com.ar\/portalurbano\/wp-content\/uploads\/2019\/09\/Logo-Original.png\",\"width\":2236,\"height\":1216,\"caption\":\"Portal Urbano\"},\"image\":{\"@id\":\"https:\/\/experienciadevida.com.ar\/portalurbano\/#\/schema\/logo\/image\/\"},\"sameAs\":[\"https:\/\/www.facebook.com\/Portal-Urbano-171542830093757\/\",\"https:\/\/twitter.com\/portalurbanook\",\"https:\/\/www.instagram.com\/_portalurbano\/\",\"https:\/\/www.youtube.com\/channel\/UCXhagIfszH8KxFiOok79zbA?view_as=subscriber\"]},{\"@type\":\"Person\",\"@id\":\"https:\/\/experienciadevida.com.ar\/portalurbano\/#\/schema\/person\/02dd326b1c4b056e9cc972486934a3a7\",\"name\":\"admpu17wp\",\"image\":{\"@type\":\"ImageObject\",\"inLanguage\":\"es\",\"@id\":\"https:\/\/experienciadevida.com.ar\/portalurbano\/#\/schema\/person\/image\/\",\"url\":\"https:\/\/secure.gravatar.com\/avatar\/830d4c57adaae6630765e449a6908047?s=96&d=mm&r=g\",\"contentUrl\":\"https:\/\/secure.gravatar.com\/avatar\/830d4c57adaae6630765e449a6908047?s=96&d=mm&r=g\",\"caption\":\"admpu17wp\"}}]}<\/script>\n<!-- \/ Yoast SEO plugin. -->","yoast_head_json":{"title":"Kreplak: \"Uno ve una sensaci\u00f3n de pandemia y no estamos\"","description":"El\u00a0 Viceministro de Salud,\u00a0Kreplak\u00a0se mostr\u00f3 preocupado y dijo que \u201cestamos lejos\u201d de llegar a un pr\u00f3ximo invierno con la poblaci\u00f3n vaunada","robots":{"index":"index","follow":"follow","max-snippet":"max-snippet:-1","max-image-preview":"max-image-preview:large","max-video-preview":"max-video-preview:-1"},"canonical":"https:\/\/experienciadevida.com.ar\/portalurbano\/kreplak-uno-ve-una-sensacion-de-pospandemia-y-no-estamos-en-esa-situacion\/","og_locale":"es_ES","og_type":"article","og_title":"Kreplak: \"Uno ve una sensaci\u00f3n de pandemia y no estamos\"","og_description":"El\u00a0 Viceministro de Salud,\u00a0Kreplak\u00a0se mostr\u00f3 preocupado y dijo que \u201cestamos lejos\u201d de llegar a un pr\u00f3ximo invierno con la poblaci\u00f3n vaunada","og_url":"https:\/\/experienciadevida.com.ar\/portalurbano\/kreplak-uno-ve-una-sensacion-de-pospandemia-y-no-estamos-en-esa-situacion\/","article_publisher":"https:\/\/www.facebook.com\/Portal-Urbano-171542830093757\/","article_published_time":"2020-11-16T13:48:57+00:00","article_modified_time":"2020-11-16T13:49:19+00:00","og_image":[{"width":696,"height":435,"url":"https:\/\/experienciadevida.com.ar\/portalurbano\/wp-content\/uploads\/2020\/11\/Kreplak.jpg","type":"image\/jpeg"}],"author":"admpu17wp","twitter_card":"summary_large_image","twitter_creator":"@portalurbanook","twitter_site":"@portalurbanook","twitter_misc":{"Escrito por":"admpu17wp","Tiempo de lectura":"2 minutos"},"schema":{"@context":"https:\/\/schema.org","@graph":[{"@type":"Article","@id":"https:\/\/experienciadevida.com.ar\/portalurbano\/kreplak-uno-ve-una-sensacion-de-pospandemia-y-no-estamos-en-esa-situacion\/#article","isPartOf":{"@id":"https:\/\/experienciadevida.com.ar\/portalurbano\/kreplak-uno-ve-una-sensacion-de-pospandemia-y-no-estamos-en-esa-situacion\/"},"author":{"name":"admpu17wp","@id":"https:\/\/experienciadevida.com.ar\/portalurbano\/#\/schema\/person\/02dd326b1c4b056e9cc972486934a3a7"},"headline":"Kreplak: \u201cUno ve una sensaci\u00f3n de pospandemia y no estamos en esa situaci\u00f3n\u201d","datePublished":"2020-11-16T13:48:57+00:00","dateModified":"2020-11-16T13:49:19+00:00","mainEntityOfPage":{"@id":"https:\/\/experienciadevida.com.ar\/portalurbano\/kreplak-uno-ve-una-sensacion-de-pospandemia-y-no-estamos-en-esa-situacion\/"},"wordCount":450,"publisher":{"@id":"https:\/\/experienciadevida.com.ar\/portalurbano\/#organization"},"articleSection":["Coronavirus","Provincia"],"inLanguage":"es"},{"@type":"WebPage","@id":"https:\/\/experienciadevida.com.ar\/portalurbano\/kreplak-uno-ve-una-sensacion-de-pospandemia-y-no-estamos-en-esa-situacion\/","url":"https:\/\/experienciadevida.com.ar\/portalurbano\/kreplak-uno-ve-una-sensacion-de-pospandemia-y-no-estamos-en-esa-situacion\/","name":"Kreplak: \"Uno ve una sensaci\u00f3n de pandemia y no estamos\"","isPartOf":{"@id":"https:\/\/experienciadevida.com.ar\/portalurbano\/#website"},"datePublished":"2020-11-16T13:48:57+00:00","dateModified":"2020-11-16T13:49:19+00:00","description":"El\u00a0 Viceministro de Salud,\u00a0Kreplak\u00a0se mostr\u00f3 preocupado y dijo que \u201cestamos lejos\u201d de llegar a un pr\u00f3ximo invierno con la poblaci\u00f3n vaunada","breadcrumb":{"@id":"https:\/\/experienciadevida.com.ar\/portalurbano\/kreplak-uno-ve-una-sensacion-de-pospandemia-y-no-estamos-en-esa-situacion\/#breadcrumb"},"inLanguage":"es","potentialAction":[{"@type":"ReadAction","target":["https:\/\/experienciadevida.com.ar\/portalurbano\/kreplak-uno-ve-una-sensacion-de-pospandemia-y-no-estamos-en-esa-situacion\/"]}]},{"@type":"BreadcrumbList","@id":"https:\/\/experienciadevida.com.ar\/portalurbano\/kreplak-uno-ve-una-sensacion-de-pospandemia-y-no-estamos-en-esa-situacion\/#breadcrumb","itemListElement":[{"@type":"ListItem","position":1,"name":"Portada","item":"https:\/\/experienciadevida.com.ar\/portalurbano\/"},{"@type":"ListItem","position":2,"name":"Kreplak: \u201cUno ve una sensaci\u00f3n de pospandemia y no estamos en esa situaci\u00f3n\u201d"}]},{"@type":"WebSite","@id":"https:\/\/experienciadevida.com.ar\/portalurbano\/#website","url":"https:\/\/experienciadevida.com.ar\/portalurbano\/","name":"","description":"","publisher":{"@id":"https:\/\/experienciadevida.com.ar\/portalurbano\/#organization"},"potentialAction":[{"@type":"SearchAction","target":{"@type":"EntryPoint","urlTemplate":"https:\/\/experienciadevida.com.ar\/portalurbano\/?s={search_term_string}"},"query-input":"required name=search_term_string"}],"inLanguage":"es"},{"@type":"Organization","@id":"https:\/\/experienciadevida.com.ar\/portalurbano\/#organization","name":"Portal Urbano","url":"https:\/\/experienciadevida.com.ar\/portalurbano\/","logo":{"@type":"ImageObject","inLanguage":"es","@id":"https:\/\/experienciadevida.com.ar\/portalurbano\/#\/schema\/logo\/image\/","url":"https:\/\/experienciadevida.com.ar\/portalurbano\/wp-content\/uploads\/2019\/09\/Logo-Original.png","contentUrl":"https:\/\/experienciadevida.com.ar\/portalurbano\/wp-content\/uploads\/2019\/09\/Logo-Original.png","width":2236,"height":1216,"caption":"Portal Urbano"},"image":{"@id":"https:\/\/experienciadevida.com.ar\/portalurbano\/#\/schema\/logo\/image\/"},"sameAs":["https:\/\/www.facebook.com\/Portal-Urbano-171542830093757\/","https:\/\/twitter.com\/portalurbanook","https:\/\/www.instagram.com\/_portalurbano\/","https:\/\/www.youtube.com\/channel\/UCXhagIfszH8KxFiOok79zbA?view_as=subscriber"]},{"@type":"Person","@id":"https:\/\/experienciadevida.com.ar\/portalurbano\/#\/schema\/person\/02dd326b1c4b056e9cc972486934a3a7","name":"admpu17wp","image":{"@type":"ImageObject","inLanguage":"es","@id":"https:\/\/experienciadevida.com.ar\/portalurbano\/#\/schema\/person\/image\/","url":"https:\/\/secure.gravatar.com\/avatar\/830d4c57adaae6630765e449a6908047?s=96&d=mm&r=g","contentUrl":"https:\/\/secure.gravatar.com\/avatar\/830d4c57adaae6630765e449a6908047?s=96&d=mm&r=g","caption":"admpu17wp"}}]}},"featured_image_urls":{"full":["https:\/\/experienciadevida.com.ar\/portalurbano\/wp-content\/uploads\/2020\/11\/Kreplak.jpg",696,435,false],"thumbnail":["https:\/\/experienciadevida.com.ar\/portalurbano\/wp-content\/uploads\/2020\/11\/Kreplak-150x150.jpg",150,150,true],"medium":["https:\/\/experienciadevida.com.ar\/portalurbano\/wp-content\/uploads\/2020\/11\/Kreplak-300x188.jpg",300,188,true],"medium_large":["https:\/\/experienciadevida.com.ar\/portalurbano\/wp-content\/uploads\/2020\/11\/Kreplak.jpg",640,400,false],"large":["https:\/\/experienciadevida.com.ar\/portalurbano\/wp-content\/uploads\/2020\/11\/Kreplak.jpg",640,400,false],"ug_big":["https:\/\/experienciadevida.com.ar\/portalurbano\/wp-content\/uploads\/2020\/11\/Kreplak.jpg",696,435,false],"1536x1536":["https:\/\/experienciadevida.com.ar\/portalurbano\/wp-content\/uploads\/2020\/11\/Kreplak.jpg",696,435,false],"2048x2048":["https:\/\/experienciadevida.com.ar\/portalurbano\/wp-content\/uploads\/2020\/11\/Kreplak.jpg",696,435,false],"newsever-slider-full":["https:\/\/experienciadevida.com.ar\/portalurbano\/wp-content\/uploads\/2020\/11\/Kreplak.jpg",696,435,false],"newsever-featured":["https:\/\/experienciadevida.com.ar\/portalurbano\/wp-content\/uploads\/2020\/11\/Kreplak.jpg",696,435,false],"newsever-medium":["https:\/\/experienciadevida.com.ar\/portalurbano\/wp-content\/uploads\/2020\/11\/Kreplak.jpg",696,435,false],"web-stories-poster-portrait":["https:\/\/experienciadevida.com.ar\/portalurbano\/wp-content\/uploads\/2020\/11\/Kreplak.jpg",640,400,false],"web-stories-publisher-logo":["https:\/\/experienciadevida.com.ar\/portalurbano\/wp-content\/uploads\/2020\/11\/Kreplak.jpg",96,60,false],"web-stories-thumbnail":["https:\/\/experienciadevida.com.ar\/portalurbano\/wp-content\/uploads\/2020\/11\/Kreplak.jpg",150,94,false]},"author_info":{"display_name":"admpu17wp","author_link":"https:\/\/experienciadevida.com.ar\/portalurbano\/author\/admpu17wp\/"},"category_info":"<a href=\"https:\/\/experienciadevida.com.ar\/portalurbano\/category\/nacion\/coronavirus\/\" rel=\"category tag\">Coronavirus<\/a> <a href=\"https:\/\/experienciadevida.com.ar\/portalurbano\/category\/provincia\/\" rel=\"category tag\">Provincia<\/a>","tag_info":"Provincia","comment_count":"0","amp_enabled":true,"_links":{"self":[{"href":"https:\/\/experienciadevida.com.ar\/portalurbano\/wp-json\/wp\/v2\/posts\/127422"}],"collection":[{"href":"https:\/\/experienciadevida.com.ar\/portalurbano\/wp-json\/wp\/v2\/posts"}],"about":[{"href":"https:\/\/experienciadevida.com.ar\/portalurbano\/wp-json\/wp\/v2\/types\/post"}],"author":[{"embeddable":true,"href":"https:\/\/experienciadevida.com.ar\/portalurbano\/wp-json\/wp\/v2\/users\/1"}],"replies":[{"embeddable":true,"href":"https:\/\/experienciadevida.com.ar\/portalurbano\/wp-json\/wp\/v2\/comments?post=127422"}],"version-history":[{"count":1,"href":"https:\/\/experienciadevida.com.ar\/portalurbano\/wp-json\/wp\/v2\/posts\/127422\/revisions"}],"predecessor-version":[{"id":127424,"href":"https:\/\/experienciadevida.com.ar\/portalurbano\/wp-json\/wp\/v2\/posts\/127422\/revisions\/127424"}],"wp:featuredmedia":[{"embeddable":true,"href":"https:\/\/experienciadevida.com.ar\/portalurbano\/wp-json\/wp\/v2\/media\/127423"}],"wp:attachment":[{"href":"https:\/\/experienciadevida.com.ar\/portalurbano\/wp-json\/wp\/v2\/media?parent=127422"}],"wp:term":[{"taxonomy":"category","embeddable":true,"href":"https:\/\/experienciadevida.com.ar\/portalurbano\/wp-json\/wp\/v2\/categories?post=127422"},{"taxonomy":"post_tag","embeddable":true,"href":"https:\/\/experienciadevida.com.ar\/portalurbano\/wp-json\/wp\/v2\/tags?post=127422"}],"curies":[{"name":"wp","href":"https:\/\/api.w.org\/{rel}","templated":true}]}}