{"id":127376,"date":"2020-11-15T20:26:49","date_gmt":"2020-11-15T23:26:49","guid":{"rendered":"https:\/\/experienciadevida.com.ar\/portalurbano\/?p=127376"},"modified":"2020-11-15T20:32:19","modified_gmt":"2020-11-15T23:32:19","slug":"covid-19-en-el-pais-bajan-los-contagios-y-los-pacientes-internados-en-terapia-intensiva","status":"publish","type":"post","link":"https:\/\/experienciadevida.com.ar\/portalurbano\/covid-19-en-el-pais-bajan-los-contagios-y-los-pacientes-internados-en-terapia-intensiva\/","title":{"rendered":"Covid-19 en el pa\u00eds: bajan los contagios y los pacientes internados en terapia intensiva"},"content":{"rendered":"<p>Como suele suceder los fines de semana, se registr\u00f3 un descenso notorio de casos confirmados. No obstante, hay que mantener las medidas de cuidado para evitar rebrotes.<\/p>\n<p>El Ministerio de Salud de la Naci\u00f3n inform\u00f3 que en las \u00faltimas 24 horas fueron confirmados 5.645 nuevos casos de coronavirus en el pa\u00eds y otros 129 decesos. En tanto, la pandemia ya supera el mill\u00f3n de contagios desde su inicio con 1.310.491 positivos y, de esa cifra, 35.436 personas perdieron la vida por la enfermedad. Entre los confirmados, hay 1.129.102 pacientes recuperados y 145.953 casos confirmados activos.<\/p>\n<p>Se indic\u00f3 adem\u00e1s que son 4.365 los internados en unidades de terapia intensiva, con un porcentaje de ocupaci\u00f3n de camas de adultos de 58% en el pa\u00eds y del 59,5% en la \u00c1rea Metropolitana Buenos Aires.<\/p>\n<p>En tanto, de acuerdo al informe oficial ofrecido hoy por el Ministerio de Salud se registraron otros 129 fallecimientos en las \u00faltimas 24 horas, 74 hombres y 55 mujeres.<\/p>\n<p>Detalle por distrito:<\/p>\n<p>En el siguiente listado se indican en la primera cifra, los contagios registrados en las \u00faltimas 24 horas y, en la segunda, los acumulados desde el inicio de la pandemia.<\/p>\n<p>Buenos Aires 1.446 | 589.254<br \/>\nCiudad de Buenos Aires 297 | 153.785<br \/>\nCatamarca 45 | 1.466<br \/>\nChaco 130 | 16.318<br \/>\nChubut 159 | 19.191<br \/>\nC\u00f3rdoba 832 | 102.462<br \/>\nCorrientes 93 | 3.716<br \/>\nEntre R\u00edos 180 | 20.046<br \/>\nFormosa 0 | 168<br \/>\nJujuy 21 | 18.168<br \/>\nLa Pampa 65 | 4.708<br \/>\nLa Rioja 24 | 8.180<br \/>\nMendoza 94 | 53.087<br \/>\nMisiones 3 | 375<br \/>\nNeuqu\u00e9n 234 | 26.908<br \/>\nR\u00edo Negro 132 | 28.444<br \/>\nSalta 67 | 20.192<br \/>\nSan Juan 29 | 4.449<br \/>\nSan Luis 180 | 11.374<br \/>\nSanta Cruz 186 | 12.655<br \/>\nSanta Fe 685 | 128.133<br \/>\nSantiago del Estero 251 | 13.119<br \/>\nTierra del Fuego 89 | 14.261<br \/>\nTucum\u00e1n 403 | 60.032<\/p>\n<p>Aclaraci\u00f3n: aquellas provincias con d\u00edgitos en negativo han reclasificado sus casos a otras jurisdicciones seg\u00fan lugar de residencia.<\/p>\n<p>Aquellos casos confirmados que no est\u00e1n notificados por residencia, fueron contabilizados por provincia de carga.<\/p>\n<p>Se incluyen 13 casos existentes en las Islas Malvinas seg\u00fan informaci\u00f3n de prensa (debido a la ocupaci\u00f3n ilegal del Reino Unido, Gran Breta\u00f1a e Irlanda del Norte no es posible contar con informaci\u00f3n propia sobre el impacto del COVID -19 en esa parte del territorio argentino).<\/p>\n<p>La notificaci\u00f3n y carga de datos en el Sistema Nacional de Vigilancia de la Salud (SNVS) respecto a la cantidad de infectados y de las personas fallecidas es responsabilidad de cada una de las jurisdicciones.<\/p>\n<p>Fuente: DIB<\/p>\n","protected":false},"excerpt":{"rendered":"<p>Como suele suceder los fines de semana, se registr\u00f3 un descenso notorio de casos confirmados&#8230;.<\/p>\n","protected":false},"author":1,"featured_media":127377,"comment_status":"closed","ping_status":"closed","sticky":false,"template":"","format":"standard","meta":{"content-type":""},"categories":[71,39],"tags":[],"nelio_content":{"isAutoShareEnabled":false,"autoShareEndMode":"default","automationSources":{"useContentSentences":true,"useSocialTemplates":true,"useCustomSentences":false,"customSentences":[]},"followers":[1],"suggestedReferences":[],"includedReferences":[],"efiUrl":"","efiAlt":"","highlights":[]},"yoast_head":"<!-- This site is optimized with the Yoast SEO plugin v20.7 - https:\/\/yoast.com\/wordpress\/plugins\/seo\/ -->\n<title>Covid-19 en el pa\u00eds: Bajan los contagios y los pacientes internados<\/title>\n<meta name=\"description\" content=\"Bajan los contagios y los pacientes internados en terapia intensiva. De todas formas remarcan los cuidados de bioseguridad.\" \/>\n<meta name=\"robots\" content=\"index, follow, max-snippet:-1, max-image-preview:large, max-video-preview:-1\" \/>\n<link rel=\"canonical\" href=\"https:\/\/experienciadevida.com.ar\/portalurbano\/covid-19-en-el-pais-bajan-los-contagios-y-los-pacientes-internados-en-terapia-intensiva\/\" \/>\n<meta property=\"og:locale\" content=\"es_ES\" \/>\n<meta property=\"og:type\" content=\"article\" \/>\n<meta property=\"og:title\" content=\"Covid-19 en el pa\u00eds: Bajan los contagios y los pacientes internados\" \/>\n<meta property=\"og:description\" content=\"Bajan los contagios y los pacientes internados en terapia intensiva. De todas formas remarcan los cuidados de bioseguridad.\" \/>\n<meta property=\"og:url\" content=\"https:\/\/experienciadevida.com.ar\/portalurbano\/covid-19-en-el-pais-bajan-los-contagios-y-los-pacientes-internados-en-terapia-intensiva\/\" \/>\n<meta property=\"article:publisher\" content=\"https:\/\/www.facebook.com\/Portal-Urbano-171542830093757\/\" \/>\n<meta property=\"article:published_time\" content=\"2020-11-15T23:26:49+00:00\" \/>\n<meta property=\"article:modified_time\" content=\"2020-11-15T23:32:19+00:00\" \/>\n<meta property=\"og:image\" content=\"https:\/\/experienciadevida.com.ar\/portalurbano\/wp-content\/uploads\/2020\/11\/Bajan-los-contagios.jpeg\" \/>\n\t<meta property=\"og:image:width\" content=\"696\" \/>\n\t<meta property=\"og:image:height\" content=\"531\" \/>\n\t<meta property=\"og:image:type\" content=\"image\/jpeg\" \/>\n<meta name=\"author\" content=\"admpu17wp\" \/>\n<meta name=\"twitter:card\" content=\"summary_large_image\" \/>\n<meta name=\"twitter:creator\" content=\"@portalurbanook\" \/>\n<meta name=\"twitter:site\" content=\"@portalurbanook\" \/>\n<meta name=\"twitter:label1\" content=\"Escrito por\" \/>\n\t<meta name=\"twitter:data1\" content=\"admpu17wp\" \/>\n\t<meta name=\"twitter:label2\" content=\"Tiempo de lectura\" \/>\n\t<meta name=\"twitter:data2\" content=\"2 minutos\" \/>\n<script type=\"application\/ld+json\" class=\"yoast-schema-graph\">{\"@context\":\"https:\/\/schema.org\",\"@graph\":[{\"@type\":\"Article\",\"@id\":\"https:\/\/experienciadevida.com.ar\/portalurbano\/covid-19-en-el-pais-bajan-los-contagios-y-los-pacientes-internados-en-terapia-intensiva\/#article\",\"isPartOf\":{\"@id\":\"https:\/\/experienciadevida.com.ar\/portalurbano\/covid-19-en-el-pais-bajan-los-contagios-y-los-pacientes-internados-en-terapia-intensiva\/\"},\"author\":{\"name\":\"admpu17wp\",\"@id\":\"https:\/\/experienciadevida.com.ar\/portalurbano\/#\/schema\/person\/02dd326b1c4b056e9cc972486934a3a7\"},\"headline\":\"Covid-19 en el pa\u00eds: bajan los contagios y los pacientes internados en terapia intensiva\",\"datePublished\":\"2020-11-15T23:26:49+00:00\",\"dateModified\":\"2020-11-15T23:32:19+00:00\",\"mainEntityOfPage\":{\"@id\":\"https:\/\/experienciadevida.com.ar\/portalurbano\/covid-19-en-el-pais-bajan-los-contagios-y-los-pacientes-internados-en-terapia-intensiva\/\"},\"wordCount\":369,\"publisher\":{\"@id\":\"https:\/\/experienciadevida.com.ar\/portalurbano\/#organization\"},\"articleSection\":[\"Coronavirus\",\"Naci\u00f3n\"],\"inLanguage\":\"es\"},{\"@type\":\"WebPage\",\"@id\":\"https:\/\/experienciadevida.com.ar\/portalurbano\/covid-19-en-el-pais-bajan-los-contagios-y-los-pacientes-internados-en-terapia-intensiva\/\",\"url\":\"https:\/\/experienciadevida.com.ar\/portalurbano\/covid-19-en-el-pais-bajan-los-contagios-y-los-pacientes-internados-en-terapia-intensiva\/\",\"name\":\"Covid-19 en el pa\u00eds: Bajan los contagios y los pacientes internados\",\"isPartOf\":{\"@id\":\"https:\/\/experienciadevida.com.ar\/portalurbano\/#website\"},\"datePublished\":\"2020-11-15T23:26:49+00:00\",\"dateModified\":\"2020-11-15T23:32:19+00:00\",\"description\":\"Bajan los contagios y los pacientes internados en terapia intensiva. De todas formas remarcan los cuidados de bioseguridad.\",\"breadcrumb\":{\"@id\":\"https:\/\/experienciadevida.com.ar\/portalurbano\/covid-19-en-el-pais-bajan-los-contagios-y-los-pacientes-internados-en-terapia-intensiva\/#breadcrumb\"},\"inLanguage\":\"es\",\"potentialAction\":[{\"@type\":\"ReadAction\",\"target\":[\"https:\/\/experienciadevida.com.ar\/portalurbano\/covid-19-en-el-pais-bajan-los-contagios-y-los-pacientes-internados-en-terapia-intensiva\/\"]}]},{\"@type\":\"BreadcrumbList\",\"@id\":\"https:\/\/experienciadevida.com.ar\/portalurbano\/covid-19-en-el-pais-bajan-los-contagios-y-los-pacientes-internados-en-terapia-intensiva\/#breadcrumb\",\"itemListElement\":[{\"@type\":\"ListItem\",\"position\":1,\"name\":\"Portada\",\"item\":\"https:\/\/experienciadevida.com.ar\/portalurbano\/\"},{\"@type\":\"ListItem\",\"position\":2,\"name\":\"Covid-19 en el pa\u00eds: bajan los contagios y los pacientes internados en terapia intensiva\"}]},{\"@type\":\"WebSite\",\"@id\":\"https:\/\/experienciadevida.com.ar\/portalurbano\/#website\",\"url\":\"https:\/\/experienciadevida.com.ar\/portalurbano\/\",\"name\":\"\",\"description\":\"\",\"publisher\":{\"@id\":\"https:\/\/experienciadevida.com.ar\/portalurbano\/#organization\"},\"potentialAction\":[{\"@type\":\"SearchAction\",\"target\":{\"@type\":\"EntryPoint\",\"urlTemplate\":\"https:\/\/experienciadevida.com.ar\/portalurbano\/?s={search_term_string}\"},\"query-input\":\"required name=search_term_string\"}],\"inLanguage\":\"es\"},{\"@type\":\"Organization\",\"@id\":\"https:\/\/experienciadevida.com.ar\/portalurbano\/#organization\",\"name\":\"Portal Urbano\",\"url\":\"https:\/\/experienciadevida.com.ar\/portalurbano\/\",\"logo\":{\"@type\":\"ImageObject\",\"inLanguage\":\"es\",\"@id\":\"https:\/\/experienciadevida.com.ar\/portalurbano\/#\/schema\/logo\/image\/\",\"url\":\"https:\/\/experienciadevida.com.ar\/portalurbano\/wp-content\/uploads\/2019\/09\/Logo-Original.png\",\"contentUrl\":\"https:\/\/experienciadevida.com.ar\/portalurbano\/wp-content\/uploads\/2019\/09\/Logo-Original.png\",\"width\":2236,\"height\":1216,\"caption\":\"Portal Urbano\"},\"image\":{\"@id\":\"https:\/\/experienciadevida.com.ar\/portalurbano\/#\/schema\/logo\/image\/\"},\"sameAs\":[\"https:\/\/www.facebook.com\/Portal-Urbano-171542830093757\/\",\"https:\/\/twitter.com\/portalurbanook\",\"https:\/\/www.instagram.com\/_portalurbano\/\",\"https:\/\/www.youtube.com\/channel\/UCXhagIfszH8KxFiOok79zbA?view_as=subscriber\"]},{\"@type\":\"Person\",\"@id\":\"https:\/\/experienciadevida.com.ar\/portalurbano\/#\/schema\/person\/02dd326b1c4b056e9cc972486934a3a7\",\"name\":\"admpu17wp\",\"image\":{\"@type\":\"ImageObject\",\"inLanguage\":\"es\",\"@id\":\"https:\/\/experienciadevida.com.ar\/portalurbano\/#\/schema\/person\/image\/\",\"url\":\"https:\/\/secure.gravatar.com\/avatar\/830d4c57adaae6630765e449a6908047?s=96&d=mm&r=g\",\"contentUrl\":\"https:\/\/secure.gravatar.com\/avatar\/830d4c57adaae6630765e449a6908047?s=96&d=mm&r=g\",\"caption\":\"admpu17wp\"}}]}<\/script>\n<!-- \/ Yoast SEO plugin. -->","yoast_head_json":{"title":"Covid-19 en el pa\u00eds: Bajan los contagios y los pacientes internados","description":"Bajan los contagios y los pacientes internados en terapia intensiva. De todas formas remarcan los cuidados de bioseguridad.","robots":{"index":"index","follow":"follow","max-snippet":"max-snippet:-1","max-image-preview":"max-image-preview:large","max-video-preview":"max-video-preview:-1"},"canonical":"https:\/\/experienciadevida.com.ar\/portalurbano\/covid-19-en-el-pais-bajan-los-contagios-y-los-pacientes-internados-en-terapia-intensiva\/","og_locale":"es_ES","og_type":"article","og_title":"Covid-19 en el pa\u00eds: Bajan los contagios y los pacientes internados","og_description":"Bajan los contagios y los pacientes internados en terapia intensiva. De todas formas remarcan los cuidados de bioseguridad.","og_url":"https:\/\/experienciadevida.com.ar\/portalurbano\/covid-19-en-el-pais-bajan-los-contagios-y-los-pacientes-internados-en-terapia-intensiva\/","article_publisher":"https:\/\/www.facebook.com\/Portal-Urbano-171542830093757\/","article_published_time":"2020-11-15T23:26:49+00:00","article_modified_time":"2020-11-15T23:32:19+00:00","og_image":[{"width":696,"height":531,"url":"https:\/\/experienciadevida.com.ar\/portalurbano\/wp-content\/uploads\/2020\/11\/Bajan-los-contagios.jpeg","type":"image\/jpeg"}],"author":"admpu17wp","twitter_card":"summary_large_image","twitter_creator":"@portalurbanook","twitter_site":"@portalurbanook","twitter_misc":{"Escrito por":"admpu17wp","Tiempo de lectura":"2 minutos"},"schema":{"@context":"https:\/\/schema.org","@graph":[{"@type":"Article","@id":"https:\/\/experienciadevida.com.ar\/portalurbano\/covid-19-en-el-pais-bajan-los-contagios-y-los-pacientes-internados-en-terapia-intensiva\/#article","isPartOf":{"@id":"https:\/\/experienciadevida.com.ar\/portalurbano\/covid-19-en-el-pais-bajan-los-contagios-y-los-pacientes-internados-en-terapia-intensiva\/"},"author":{"name":"admpu17wp","@id":"https:\/\/experienciadevida.com.ar\/portalurbano\/#\/schema\/person\/02dd326b1c4b056e9cc972486934a3a7"},"headline":"Covid-19 en el pa\u00eds: bajan los contagios y los pacientes internados en terapia intensiva","datePublished":"2020-11-15T23:26:49+00:00","dateModified":"2020-11-15T23:32:19+00:00","mainEntityOfPage":{"@id":"https:\/\/experienciadevida.com.ar\/portalurbano\/covid-19-en-el-pais-bajan-los-contagios-y-los-pacientes-internados-en-terapia-intensiva\/"},"wordCount":369,"publisher":{"@id":"https:\/\/experienciadevida.com.ar\/portalurbano\/#organization"},"articleSection":["Coronavirus","Naci\u00f3n"],"inLanguage":"es"},{"@type":"WebPage","@id":"https:\/\/experienciadevida.com.ar\/portalurbano\/covid-19-en-el-pais-bajan-los-contagios-y-los-pacientes-internados-en-terapia-intensiva\/","url":"https:\/\/experienciadevida.com.ar\/portalurbano\/covid-19-en-el-pais-bajan-los-contagios-y-los-pacientes-internados-en-terapia-intensiva\/","name":"Covid-19 en el pa\u00eds: Bajan los contagios y los pacientes internados","isPartOf":{"@id":"https:\/\/experienciadevida.com.ar\/portalurbano\/#website"},"datePublished":"2020-11-15T23:26:49+00:00","dateModified":"2020-11-15T23:32:19+00:00","description":"Bajan los contagios y los pacientes internados en terapia intensiva. De todas formas remarcan los cuidados de bioseguridad.","breadcrumb":{"@id":"https:\/\/experienciadevida.com.ar\/portalurbano\/covid-19-en-el-pais-bajan-los-contagios-y-los-pacientes-internados-en-terapia-intensiva\/#breadcrumb"},"inLanguage":"es","potentialAction":[{"@type":"ReadAction","target":["https:\/\/experienciadevida.com.ar\/portalurbano\/covid-19-en-el-pais-bajan-los-contagios-y-los-pacientes-internados-en-terapia-intensiva\/"]}]},{"@type":"BreadcrumbList","@id":"https:\/\/experienciadevida.com.ar\/portalurbano\/covid-19-en-el-pais-bajan-los-contagios-y-los-pacientes-internados-en-terapia-intensiva\/#breadcrumb","itemListElement":[{"@type":"ListItem","position":1,"name":"Portada","item":"https:\/\/experienciadevida.com.ar\/portalurbano\/"},{"@type":"ListItem","position":2,"name":"Covid-19 en el pa\u00eds: bajan los contagios y los pacientes internados en terapia intensiva"}]},{"@type":"WebSite","@id":"https:\/\/experienciadevida.com.ar\/portalurbano\/#website","url":"https:\/\/experienciadevida.com.ar\/portalurbano\/","name":"","description":"","publisher":{"@id":"https:\/\/experienciadevida.com.ar\/portalurbano\/#organization"},"potentialAction":[{"@type":"SearchAction","target":{"@type":"EntryPoint","urlTemplate":"https:\/\/experienciadevida.com.ar\/portalurbano\/?s={search_term_string}"},"query-input":"required name=search_term_string"}],"inLanguage":"es"},{"@type":"Organization","@id":"https:\/\/experienciadevida.com.ar\/portalurbano\/#organization","name":"Portal Urbano","url":"https:\/\/experienciadevida.com.ar\/portalurbano\/","logo":{"@type":"ImageObject","inLanguage":"es","@id":"https:\/\/experienciadevida.com.ar\/portalurbano\/#\/schema\/logo\/image\/","url":"https:\/\/experienciadevida.com.ar\/portalurbano\/wp-content\/uploads\/2019\/09\/Logo-Original.png","contentUrl":"https:\/\/experienciadevida.com.ar\/portalurbano\/wp-content\/uploads\/2019\/09\/Logo-Original.png","width":2236,"height":1216,"caption":"Portal Urbano"},"image":{"@id":"https:\/\/experienciadevida.com.ar\/portalurbano\/#\/schema\/logo\/image\/"},"sameAs":["https:\/\/www.facebook.com\/Portal-Urbano-171542830093757\/","https:\/\/twitter.com\/portalurbanook","https:\/\/www.instagram.com\/_portalurbano\/","https:\/\/www.youtube.com\/channel\/UCXhagIfszH8KxFiOok79zbA?view_as=subscriber"]},{"@type":"Person","@id":"https:\/\/experienciadevida.com.ar\/portalurbano\/#\/schema\/person\/02dd326b1c4b056e9cc972486934a3a7","name":"admpu17wp","image":{"@type":"ImageObject","inLanguage":"es","@id":"https:\/\/experienciadevida.com.ar\/portalurbano\/#\/schema\/person\/image\/","url":"https:\/\/secure.gravatar.com\/avatar\/830d4c57adaae6630765e449a6908047?s=96&d=mm&r=g","contentUrl":"https:\/\/secure.gravatar.com\/avatar\/830d4c57adaae6630765e449a6908047?s=96&d=mm&r=g","caption":"admpu17wp"}}]}},"featured_image_urls":{"full":["https:\/\/experienciadevida.com.ar\/portalurbano\/wp-content\/uploads\/2020\/11\/Bajan-los-contagios.jpeg",696,531,false],"thumbnail":["https:\/\/experienciadevida.com.ar\/portalurbano\/wp-content\/uploads\/2020\/11\/Bajan-los-contagios-150x150.jpeg",150,150,true],"medium":["https:\/\/experienciadevida.com.ar\/portalurbano\/wp-content\/uploads\/2020\/11\/Bajan-los-contagios-300x229.jpeg",300,229,true],"medium_large":["https:\/\/experienciadevida.com.ar\/portalurbano\/wp-content\/uploads\/2020\/11\/Bajan-los-contagios.jpeg",640,488,false],"large":["https:\/\/experienciadevida.com.ar\/portalurbano\/wp-content\/uploads\/2020\/11\/Bajan-los-contagios.jpeg",640,488,false],"ug_big":["https:\/\/experienciadevida.com.ar\/portalurbano\/wp-content\/uploads\/2020\/11\/Bajan-los-contagios.jpeg",696,531,false],"1536x1536":["https:\/\/experienciadevida.com.ar\/portalurbano\/wp-content\/uploads\/2020\/11\/Bajan-los-contagios.jpeg",696,531,false],"2048x2048":["https:\/\/experienciadevida.com.ar\/portalurbano\/wp-content\/uploads\/2020\/11\/Bajan-los-contagios.jpeg",696,531,false],"newsever-slider-full":["https:\/\/experienciadevida.com.ar\/portalurbano\/wp-content\/uploads\/2020\/11\/Bajan-los-contagios.jpeg",696,531,false],"newsever-featured":["https:\/\/experienciadevida.com.ar\/portalurbano\/wp-content\/uploads\/2020\/11\/Bajan-los-contagios.jpeg",696,531,false],"newsever-medium":["https:\/\/experienciadevida.com.ar\/portalurbano\/wp-content\/uploads\/2020\/11\/Bajan-los-contagios.jpeg",623,475,false],"web-stories-poster-portrait":["https:\/\/experienciadevida.com.ar\/portalurbano\/wp-content\/uploads\/2020\/11\/Bajan-los-contagios.jpeg",640,488,false],"web-stories-publisher-logo":["https:\/\/experienciadevida.com.ar\/portalurbano\/wp-content\/uploads\/2020\/11\/Bajan-los-contagios.jpeg",96,73,false],"web-stories-thumbnail":["https:\/\/experienciadevida.com.ar\/portalurbano\/wp-content\/uploads\/2020\/11\/Bajan-los-contagios.jpeg",150,114,false]},"author_info":{"display_name":"admpu17wp","author_link":"https:\/\/experienciadevida.com.ar\/portalurbano\/author\/admpu17wp\/"},"category_info":"<a href=\"https:\/\/experienciadevida.com.ar\/portalurbano\/category\/nacion\/coronavirus\/\" rel=\"category tag\">Coronavirus<\/a> <a href=\"https:\/\/experienciadevida.com.ar\/portalurbano\/category\/nacion\/\" rel=\"category tag\">Naci\u00f3n<\/a>","tag_info":"Naci\u00f3n","comment_count":"0","amp_enabled":true,"_links":{"self":[{"href":"https:\/\/experienciadevida.com.ar\/portalurbano\/wp-json\/wp\/v2\/posts\/127376"}],"collection":[{"href":"https:\/\/experienciadevida.com.ar\/portalurbano\/wp-json\/wp\/v2\/posts"}],"about":[{"href":"https:\/\/experienciadevida.com.ar\/portalurbano\/wp-json\/wp\/v2\/types\/post"}],"author":[{"embeddable":true,"href":"https:\/\/experienciadevida.com.ar\/portalurbano\/wp-json\/wp\/v2\/users\/1"}],"replies":[{"embeddable":true,"href":"https:\/\/experienciadevida.com.ar\/portalurbano\/wp-json\/wp\/v2\/comments?post=127376"}],"version-history":[{"count":1,"href":"https:\/\/experienciadevida.com.ar\/portalurbano\/wp-json\/wp\/v2\/posts\/127376\/revisions"}],"predecessor-version":[{"id":127378,"href":"https:\/\/experienciadevida.com.ar\/portalurbano\/wp-json\/wp\/v2\/posts\/127376\/revisions\/127378"}],"wp:featuredmedia":[{"embeddable":true,"href":"https:\/\/experienciadevida.com.ar\/portalurbano\/wp-json\/wp\/v2\/media\/127377"}],"wp:attachment":[{"href":"https:\/\/experienciadevida.com.ar\/portalurbano\/wp-json\/wp\/v2\/media?parent=127376"}],"wp:term":[{"taxonomy":"category","embeddable":true,"href":"https:\/\/experienciadevida.com.ar\/portalurbano\/wp-json\/wp\/v2\/categories?post=127376"},{"taxonomy":"post_tag","embeddable":true,"href":"https:\/\/experienciadevida.com.ar\/portalurbano\/wp-json\/wp\/v2\/tags?post=127376"}],"curies":[{"name":"wp","href":"https:\/\/api.w.org\/{rel}","templated":true}]}}