{"id":127353,"date":"2020-11-15T12:37:45","date_gmt":"2020-11-15T15:37:45","guid":{"rendered":"https:\/\/experienciadevida.com.ar\/portalurbano\/?p=127353"},"modified":"2020-11-16T10:57:05","modified_gmt":"2020-11-16T13:57:05","slug":"se-realizo-el-acto-homenaje-a-diego-wagner-clar","status":"publish","type":"post","link":"https:\/\/experienciadevida.com.ar\/portalurbano\/se-realizo-el-acto-homenaje-a-diego-wagner-clar\/","title":{"rendered":"Se realiz\u00f3 el acto homenaje a Diego Wagner Clar"},"content":{"rendered":"<p>El intendente Ezequiel Galli particip\u00f3 este domingo por la ma\u00f1ana en la localidad de Hinojo del acto homenaje a Diego Wagner Clar, tripulante del submarino ARA San Juan, al cumplirse un nuevo aniversario de su hundimiento.<\/p>\n<p><a href=\"https:\/\/experienciadevida.com.ar\/portalurbano\/dsc_0052-2\/\"><img decoding=\"async\" class=\"alignnone size-full wp-image-127346\" src=\"https:\/\/experienciadevida.com.ar\/portalurbano\/wp-content\/uploads\/2020\/11\/DSC_0052.jpg\" alt=\"\" width=\"750\" height=\"500\" srcset=\"https:\/\/experienciadevida.com.ar\/portalurbano\/wp-content\/uploads\/2020\/11\/DSC_0052.jpg 750w, https:\/\/experienciadevida.com.ar\/portalurbano\/wp-content\/uploads\/2020\/11\/DSC_0052-300x200.jpg 300w\" sizes=\"(max-width: 750px) 100vw, 750px\" \/><\/a><\/p>\n<p>Del acto tambi\u00e9n participaron familiares y amigos de Diego, el presidente del Honorable Concejo Deliberante Bruno Cenizo, representantes de la Armada Argentina, funcionarios, concejales y comunidad en general.<\/p>\n<p><a href=\"https:\/\/experienciadevida.com.ar\/portalurbano\/dsc_0049-4\/\"><img decoding=\"async\" class=\"alignnone wp-image-127344 size-full\" src=\"https:\/\/experienciadevida.com.ar\/portalurbano\/wp-content\/uploads\/2020\/11\/DSC_0049.jpg\" alt=\"Diego Wagner Clar\" width=\"750\" height=\"500\" srcset=\"https:\/\/experienciadevida.com.ar\/portalurbano\/wp-content\/uploads\/2020\/11\/DSC_0049.jpg 750w, https:\/\/experienciadevida.com.ar\/portalurbano\/wp-content\/uploads\/2020\/11\/DSC_0049-300x200.jpg 300w\" sizes=\"(max-width: 750px) 100vw, 750px\" \/><\/a><\/p>\n<p>En el inicio del homenaje de entonaron las estrofas del\u00a0Himno Nacional y se descubri\u00f3 una placa realizada por la artista local Mar\u00eda In\u00e9s Guenzatti.<\/p>\n<p>Posteriormente se realiz\u00f3 la colocaci\u00f3n de palmas al pie del monumento a los 44 h\u00e9roes del Submarino: la primera a cargo del intendente Ezequiel Galli junto a Emilio y Catalina (los padres de Diego), la segunda en nombre de la Armada Argentina y de la Promoci\u00f3n 133 y la tercera por parte de la comunidad del Partido de Olavarr\u00eda lo hicieron Marcos Heim y Diego Tomas.<\/p>\n<p><a href=\"https:\/\/experienciadevida.com.ar\/portalurbano\/dsc_0043-3\/\"><img decoding=\"async\" class=\"alignnone wp-image-127343 size-full\" src=\"https:\/\/experienciadevida.com.ar\/portalurbano\/wp-content\/uploads\/2020\/11\/DSC_0043.jpg\" alt=\"Diego Wagner Clar\" width=\"750\" height=\"500\" srcset=\"https:\/\/experienciadevida.com.ar\/portalurbano\/wp-content\/uploads\/2020\/11\/DSC_0043.jpg 750w, https:\/\/experienciadevida.com.ar\/portalurbano\/wp-content\/uploads\/2020\/11\/DSC_0043-300x200.jpg 300w\" sizes=\"(max-width: 750px) 100vw, 750px\" \/><\/a><\/p>\n<p>A continuaci\u00f3n, Juan Carlos Banegas y Pablo Barcel\u00f3 interpretaron el tema que crearon en homenaje Secreto en el Mar y se hizo menci\u00f3n del homenaje que estaba realizando en ese momento el maratonista Jonatan Navarro, recorriendo las localidades uniendo en un sistema de postas distintos puntos del Partido de Olavarr\u00eda, con un total de 100 km.<\/p>\n<p>Luego, quien tom\u00f3 la palabra fue el padre de Diego, Emilio Wagner, quien en su discurso agradeci\u00f3 al Intendente Galli, a Bruno Cenizo, a su familia, amigos y a todos los que estuvieron acompa\u00f1ando a la familia en estos a\u00f1os dif\u00edciles.<\/p>\n<p><a href=\"https:\/\/experienciadevida.com.ar\/portalurbano\/dsc_0042-4\/\"><img decoding=\"async\" class=\"alignnone wp-image-127342 size-full\" src=\"https:\/\/experienciadevida.com.ar\/portalurbano\/wp-content\/uploads\/2020\/11\/DSC_0042.jpg\" alt=\"Diego Wagner Clar\" width=\"750\" height=\"500\" srcset=\"https:\/\/experienciadevida.com.ar\/portalurbano\/wp-content\/uploads\/2020\/11\/DSC_0042.jpg 750w, https:\/\/experienciadevida.com.ar\/portalurbano\/wp-content\/uploads\/2020\/11\/DSC_0042-300x200.jpg 300w\" sizes=\"(max-width: 750px) 100vw, 750px\" \/><\/a><\/p>\n<p>Finalmente, el acto homenaje culmin\u00f3 con la Marcha de la Armada Argentina y un aplauso sentido reemplazando a los abrazos que en el contexto de la pandemia no se pueden dar.<\/p>\n<p><span style=\"color: #0000ff;\"><a href=\"https:\/\/experienciadevida.com.ar\/portalurbano\/dsc_0040-4\/\"><img decoding=\"async\" class=\"alignnone size-full wp-image-127341\" src=\"https:\/\/experienciadevida.com.ar\/portalurbano\/wp-content\/uploads\/2020\/11\/DSC_0040.jpg\" alt=\"\" width=\"750\" height=\"500\" srcset=\"https:\/\/experienciadevida.com.ar\/portalurbano\/wp-content\/uploads\/2020\/11\/DSC_0040.jpg 750w, https:\/\/experienciadevida.com.ar\/portalurbano\/wp-content\/uploads\/2020\/11\/DSC_0040-300x200.jpg 300w\" sizes=\"(max-width: 750px) 100vw, 750px\" \/><\/a><\/span><\/p>\n<p><a href=\"https:\/\/experienciadevida.com.ar\/portalurbano\/dsc_0039-4\/\"><img decoding=\"async\" class=\"alignnone size-full wp-image-127340\" src=\"https:\/\/experienciadevida.com.ar\/portalurbano\/wp-content\/uploads\/2020\/11\/DSC_0039.jpg\" alt=\"\" width=\"750\" height=\"500\" srcset=\"https:\/\/experienciadevida.com.ar\/portalurbano\/wp-content\/uploads\/2020\/11\/DSC_0039.jpg 750w, https:\/\/experienciadevida.com.ar\/portalurbano\/wp-content\/uploads\/2020\/11\/DSC_0039-300x200.jpg 300w\" sizes=\"(max-width: 750px) 100vw, 750px\" \/><\/a><\/p>\n<p><a href=\"https:\/\/experienciadevida.com.ar\/portalurbano\/dsc_0038\/\"><img decoding=\"async\" class=\"alignnone wp-image-127339 size-full\" src=\"https:\/\/experienciadevida.com.ar\/portalurbano\/wp-content\/uploads\/2020\/11\/DSC_0038.jpg\" alt=\"Diego Wagner Clar\" width=\"750\" height=\"500\" srcset=\"https:\/\/experienciadevida.com.ar\/portalurbano\/wp-content\/uploads\/2020\/11\/DSC_0038.jpg 750w, https:\/\/experienciadevida.com.ar\/portalurbano\/wp-content\/uploads\/2020\/11\/DSC_0038-300x200.jpg 300w\" sizes=\"(max-width: 750px) 100vw, 750px\" \/><\/a><\/p>\n<p><a href=\"https:\/\/experienciadevida.com.ar\/portalurbano\/dsc_0036-6\/\"><img decoding=\"async\" class=\"alignnone size-full wp-image-127338\" src=\"https:\/\/experienciadevida.com.ar\/portalurbano\/wp-content\/uploads\/2020\/11\/DSC_0036.jpg\" alt=\"\" width=\"750\" height=\"500\" srcset=\"https:\/\/experienciadevida.com.ar\/portalurbano\/wp-content\/uploads\/2020\/11\/DSC_0036.jpg 750w, https:\/\/experienciadevida.com.ar\/portalurbano\/wp-content\/uploads\/2020\/11\/DSC_0036-300x200.jpg 300w\" sizes=\"(max-width: 750px) 100vw, 750px\" \/><\/a><\/p>\n<p><a href=\"https:\/\/experienciadevida.com.ar\/portalurbano\/dsc_0034-6\/\"><img decoding=\"async\" class=\"alignnone size-full wp-image-127337\" src=\"https:\/\/experienciadevida.com.ar\/portalurbano\/wp-content\/uploads\/2020\/11\/DSC_0034.jpg\" alt=\"\" width=\"750\" height=\"500\" srcset=\"https:\/\/experienciadevida.com.ar\/portalurbano\/wp-content\/uploads\/2020\/11\/DSC_0034.jpg 750w, https:\/\/experienciadevida.com.ar\/portalurbano\/wp-content\/uploads\/2020\/11\/DSC_0034-300x200.jpg 300w\" sizes=\"(max-width: 750px) 100vw, 750px\" \/><\/a><\/p>\n<p><a href=\"https:\/\/experienciadevida.com.ar\/portalurbano\/dsc_0025-6\/\"><img decoding=\"async\" class=\"alignnone size-full wp-image-127335\" src=\"https:\/\/experienciadevida.com.ar\/portalurbano\/wp-content\/uploads\/2020\/11\/DSC_0025.jpg\" alt=\"\" width=\"750\" height=\"500\" srcset=\"https:\/\/experienciadevida.com.ar\/portalurbano\/wp-content\/uploads\/2020\/11\/DSC_0025.jpg 750w, https:\/\/experienciadevida.com.ar\/portalurbano\/wp-content\/uploads\/2020\/11\/DSC_0025-300x200.jpg 300w\" sizes=\"(max-width: 750px) 100vw, 750px\" \/><\/a><\/p>\n<p><a href=\"https:\/\/experienciadevida.com.ar\/portalurbano\/dsc_0021-3\/\"><img decoding=\"async\" class=\"alignnone size-full wp-image-127333\" src=\"https:\/\/experienciadevida.com.ar\/portalurbano\/wp-content\/uploads\/2020\/11\/DSC_0021.jpg\" alt=\"\" width=\"750\" height=\"500\" srcset=\"https:\/\/experienciadevida.com.ar\/portalurbano\/wp-content\/uploads\/2020\/11\/DSC_0021.jpg 750w, https:\/\/experienciadevida.com.ar\/portalurbano\/wp-content\/uploads\/2020\/11\/DSC_0021-300x200.jpg 300w\" sizes=\"(max-width: 750px) 100vw, 750px\" \/><\/a><\/p>\n<p><a href=\"https:\/\/experienciadevida.com.ar\/portalurbano\/dsc_0020-3\/\"><img decoding=\"async\" class=\"alignnone size-full wp-image-127332\" src=\"https:\/\/experienciadevida.com.ar\/portalurbano\/wp-content\/uploads\/2020\/11\/DSC_0020.jpg\" alt=\"\" width=\"750\" height=\"500\" srcset=\"https:\/\/experienciadevida.com.ar\/portalurbano\/wp-content\/uploads\/2020\/11\/DSC_0020.jpg 750w, https:\/\/experienciadevida.com.ar\/portalurbano\/wp-content\/uploads\/2020\/11\/DSC_0020-300x200.jpg 300w\" sizes=\"(max-width: 750px) 100vw, 750px\" \/><\/a><\/p>\n<p><a href=\"https:\/\/experienciadevida.com.ar\/portalurbano\/dsc_0018-2\/\"><img decoding=\"async\" class=\"alignnone size-full wp-image-127331\" src=\"https:\/\/experienciadevida.com.ar\/portalurbano\/wp-content\/uploads\/2020\/11\/DSC_0018.jpg\" alt=\"\" width=\"750\" height=\"500\" srcset=\"https:\/\/experienciadevida.com.ar\/portalurbano\/wp-content\/uploads\/2020\/11\/DSC_0018.jpg 750w, https:\/\/experienciadevida.com.ar\/portalurbano\/wp-content\/uploads\/2020\/11\/DSC_0018-300x200.jpg 300w\" sizes=\"(max-width: 750px) 100vw, 750px\" \/><\/a><\/p>\n<p><a href=\"https:\/\/experienciadevida.com.ar\/portalurbano\/dsc_0017-6\/\"><img decoding=\"async\" class=\"alignnone size-full wp-image-127330\" src=\"https:\/\/experienciadevida.com.ar\/portalurbano\/wp-content\/uploads\/2020\/11\/DSC_0017.jpg\" alt=\"\" width=\"750\" height=\"500\" srcset=\"https:\/\/experienciadevida.com.ar\/portalurbano\/wp-content\/uploads\/2020\/11\/DSC_0017.jpg 750w, https:\/\/experienciadevida.com.ar\/portalurbano\/wp-content\/uploads\/2020\/11\/DSC_0017-300x200.jpg 300w\" sizes=\"(max-width: 750px) 100vw, 750px\" \/><\/a><\/p>\n<p><a href=\"https:\/\/experienciadevida.com.ar\/portalurbano\/dsc_0014\/\"><img decoding=\"async\" class=\"alignnone size-full wp-image-127329\" src=\"https:\/\/experienciadevida.com.ar\/portalurbano\/wp-content\/uploads\/2020\/11\/DSC_0014.jpg\" alt=\"\" width=\"750\" height=\"500\" srcset=\"https:\/\/experienciadevida.com.ar\/portalurbano\/wp-content\/uploads\/2020\/11\/DSC_0014.jpg 750w, https:\/\/experienciadevida.com.ar\/portalurbano\/wp-content\/uploads\/2020\/11\/DSC_0014-300x200.jpg 300w\" sizes=\"(max-width: 750px) 100vw, 750px\" \/><\/a><\/p>\n<p><a href=\"https:\/\/experienciadevida.com.ar\/portalurbano\/dsc_0013\/\"><img decoding=\"async\" class=\"alignnone size-full wp-image-127328\" src=\"https:\/\/experienciadevida.com.ar\/portalurbano\/wp-content\/uploads\/2020\/11\/DSC_0013.jpg\" alt=\"\" width=\"750\" height=\"500\" srcset=\"https:\/\/experienciadevida.com.ar\/portalurbano\/wp-content\/uploads\/2020\/11\/DSC_0013.jpg 750w, https:\/\/experienciadevida.com.ar\/portalurbano\/wp-content\/uploads\/2020\/11\/DSC_0013-300x200.jpg 300w\" sizes=\"(max-width: 750px) 100vw, 750px\" \/><\/a><\/p>\n<p><a href=\"https:\/\/experienciadevida.com.ar\/portalurbano\/dsc_0012-2\/\"><img decoding=\"async\" class=\"alignnone wp-image-127327 size-full\" src=\"https:\/\/experienciadevida.com.ar\/portalurbano\/wp-content\/uploads\/2020\/11\/DSC_0012.jpg\" alt=\"Diego Wagner Clar\" width=\"750\" height=\"500\" srcset=\"https:\/\/experienciadevida.com.ar\/portalurbano\/wp-content\/uploads\/2020\/11\/DSC_0012.jpg 750w, https:\/\/experienciadevida.com.ar\/portalurbano\/wp-content\/uploads\/2020\/11\/DSC_0012-300x200.jpg 300w\" sizes=\"(max-width: 750px) 100vw, 750px\" \/><\/a><\/p>\n<p><a href=\"https:\/\/experienciadevida.com.ar\/portalurbano\/dsc_0011-2\/\"><img decoding=\"async\" class=\"alignnone wp-image-127326 size-full\" src=\"https:\/\/experienciadevida.com.ar\/portalurbano\/wp-content\/uploads\/2020\/11\/DSC_0011.jpg\" alt=\"Diego Wagner Clar\" width=\"750\" height=\"500\" srcset=\"https:\/\/experienciadevida.com.ar\/portalurbano\/wp-content\/uploads\/2020\/11\/DSC_0011.jpg 750w, https:\/\/experienciadevida.com.ar\/portalurbano\/wp-content\/uploads\/2020\/11\/DSC_0011-300x200.jpg 300w\" sizes=\"(max-width: 750px) 100vw, 750px\" \/><\/a><\/p>\n<div class=\"yrc-shell-cover yrc-single\" data-yrc-uid=\"69f213baca535\" data-yrc-channel=\"{&quot;meta&quot;:{&quot;user&quot;:&quot;Portal Urbano&quot;,&quot;channel&quot;:&quot;UCXhagIfszH8KxFiOok79zbA&quot;,&quot;key&quot;:&quot;yrc_1524317601&quot;,&quot;apikey&quot;:&quot;AIzaSyCEhi-95k6t1rX4pDVqugauM-UyTfNHj8Q&quot;,&quot;cache&quot;:&quot;180&quot;,&quot;channel_uploads&quot;:&quot;UUXhagIfszH8KxFiOok79zbA&quot;,&quot;onlyonce&quot;:&quot;&quot;,&quot;tag&quot;:&quot;&quot;,&quot;per_page&quot;:&quot;12&quot;,&quot;maxv&quot;:&quot;500&quot;,&quot;ads&quot;:&quot;1&quot;,&quot;uid&quot;:&quot;69f213baca535&quot;,&quot;nocookie&quot;:&quot;&quot;,&quot;single&quot;:true},&quot;style&quot;:{&quot;colors&quot;:{&quot;item&quot;:{&quot;background&quot;:&quot;inherit&quot;},&quot;button&quot;:{&quot;background&quot;:&quot;#333&quot;,&quot;color&quot;:&quot;#fff&quot;},&quot;color&quot;:{&quot;text&quot;:&quot;#fff&quot;,&quot;link&quot;:&quot;inherit&quot;,&quot;menu&quot;:&quot;#000&quot;,&quot;meta&quot;:&quot;inherit&quot;}},&quot;theme&quot;:{&quot;videos&quot;:{&quot;style&quot;:&quot;__grid&quot;,&quot;thumb&quot;:[&quot;large&quot;,&quot;open&quot;],&quot;desc&quot;:&quot;&quot;,&quot;carousel&quot;:{&quot;thumbs&quot;:&quot;4&quot;,&quot;thumbs_to_slide&quot;:&quot;2&quot;,&quot;spacing&quot;:&quot;8&quot;},&quot;carousel_nav&quot;:{&quot;modifier&quot;:&quot;__sides&quot;,&quot;position&quot;:&quot;left-none&quot;,&quot;location&quot;:&quot;prepend&quot;,&quot;background&quot;:&quot;#fff&quot;,&quot;color&quot;:&quot;#000&quot;,&quot;font_size&quot;:&quot;2&quot;,&quot;border_radius&quot;:&quot;0&quot;}},&quot;a&quot;:&quot;1&quot;},&quot;fit&quot;:&quot;false&quot;,&quot;playlists&quot;:&quot;true&quot;,&quot;uploads&quot;:&quot;true&quot;,&quot;player_mode&quot;:&quot;1&quot;,&quot;truncate&quot;:&quot;1&quot;,&quot;banner&quot;:&quot;true&quot;,&quot;thumb_margin&quot;:&quot;8&quot;,&quot;play_icon&quot;:&quot;&quot;,&quot;youtube_play_icon&quot;:&quot;&quot;,&quot;thumb_image_size&quot;:&quot;medium&quot;,&quot;default_tab&quot;:&quot;uploads&quot;,&quot;sticky&quot;:{&quot;enable&quot;:&quot;&quot;,&quot;width&quot;:&quot;400&quot;,&quot;position&quot;:&quot;bottom-right&quot;,&quot;only_above&quot;:&quot;768&quot;,&quot;margin&quot;:&quot;12&quot;},&quot;player&quot;:{&quot;show_desc&quot;:&quot;&quot;,&quot;show_meta&quot;:&quot;&quot;},&quot;menu&quot;:&quot;1&quot;,&quot;rating_style&quot;:&quot;NaN&quot;,&quot;rtl&quot;:false}}\" data-yrc-setup=\"\"><\/div>\r\n\t\t\t<script data-cfasync=\"false\" type=\"text\/javascript\">\r\n\t\t\t\tif( !window.YRC ) var YRC = {Data:{}};\r\n\t\t\t\tYRC.Data[\"69f213baca535\"] = {\"video\":\"4uJNCy9FTRY\"};\r\n\t\t\t\t(function(){\r\n\t\t\t\t\tif(!YRC.loaded){\r\n\t\t\t\t\t    YRC.loaded = true;\r\n\t\t\t\t\t\tfunction YRC_Loader(){\r\n\t\t\t\t\t\t\t\/\/YRC.loaded = true;\r\n\t\t\t\t\t\t\tYRC.is_pro = false;\r\n\t\t\t\t\t\t\tYRC.is_pb = false;\r\n\t\t\t\t\t\t\tYRC.lang = {\"form\":{\"Videos\":\"Videos\",\"Playlists\":\"Playlists\",\"Search\":\"Search\",\"Loading\":\"Loading\",\"more\":\"more\",\"Nothing_found\":\"Nothing found\",\"Prev\":\"Previous\",\"Next\":\"Next\",\"consent_statement\":\"Allow cookies?\",\"consent_button\":\"Allow\",\"consent_privacy_policy\":\"Privacy policy\"},\"fui\":{\"sort_by\":\"Sort by\",\"relevant\":\"Relevant\",\"latest\":\"Latest\",\"liked\":\"Liked\",\"title\":\"Title\",\"views\":\"Views\",\"duration\":\"Duration\",\"any\":\"Any\",\"_short\":\"Short\",\"medium\":\"Medium\",\"_long\":\"Long\",\"uploaded\":\"Uploaded\",\"all_time\":\"All time\",\"live_now\":\"Live Now\",\"today\":\"Today\",\"ago\":\"ago\",\"last\":\"Last\",\"day\":\"day\",\"days\":\"days\",\"week\":\"week\",\"weeks\":\"weeks\",\"month\":\"month\",\"months\":\"months\",\"year\":\"year\",\"years\":\"years\",\"older\":\"Older\",\"show_more\":\"Show More\",\"show_less\":\"Show Less\",\"reply\":\"REPLY\",\"view_replies\":\"View replies\",\"write_comment\":\"Write comment...\",\"billion\":\"B\",\"million\":\"M\",\"thousand\":\"K\",\"max_plain_number\":1000,\"wplocale\":\"es_ES\"}};\r\n\t\t\t\t\t\t\tYRC.is_admin = false;\r\n\t\t\t\t\t\t\tvar script = document.createElement(\"script\");\r\n\t\t\t\t\t\t\t\tscript.setAttribute(\"data-cfasync\", \"false\");\r\n\t\t\t\t\t\t\t\tscript.setAttribute(\"type\", \"text\/javascript\");\r\n\t\t\t\t\t\t\t\tscript.src = \"https:\/\/experienciadevida.com.ar\/portalurbano\/wp-content\/plugins\/yourchannel\/js\/yrc.js?1.2.6\";\r\n\t\t\t\t\t\t\t\tscript.id = \"yrc-script\";\r\n\t\t\t\t\t\t\t\tdocument.querySelector(\"head\").appendChild(script);\r\n\t\t\t\t\t\t\tvar style = document.createElement(\"link\");\r\n\t\t\t\t\t\t\t\tstyle.rel = \"stylesheet\";\r\n\t\t\t\t\t\t\t\tstyle.href = \"https:\/\/experienciadevida.com.ar\/portalurbano\/wp-content\/plugins\/yourchannel\/css\/style.css?1.2.6\";\r\n\t\t\t\t\t\t\t\tstyle.type = \"text\/css\";\r\n\t\t\t\t\t\t\t\tdocument.querySelector(\"head\").appendChild(style);\r\n\t\t\t\t\t\t}\r\n\t\t\t\t\t\tif(window.jQuery){YRC_Loader();}else { var yrctimer2324 = window.setInterval(function(){\r\n\t\t\t\t\t\t\tif(window.jQuery){YRC_Loader(); window.clearInterval(yrctimer2324); }\r\n\t\t\t\t\t\t}, 250);}\r\n\t\t\t\t\t} else {if(YRC.EM)YRC.EM.trigger(\"yrc.newchannel\");}\r\n\t\t\t\t}());<\/script>\n","protected":false},"excerpt":{"rendered":"<p>El intendente Ezequiel Galli particip\u00f3 este domingo por la ma\u00f1ana en la localidad de Hinojo&#8230;<\/p>\n","protected":false},"author":1,"featured_media":127330,"comment_status":"closed","ping_status":"closed","sticky":false,"template":"","format":"standard","meta":{"content-type":""},"categories":[27,51],"tags":[546],"nelio_content":{"isAutoShareEnabled":false,"autoShareEndMode":"default","automationSources":{"useContentSentences":true,"useSocialTemplates":true,"useCustomSentences":false,"customSentences":[]},"followers":[1],"suggestedReferences":[],"includedReferences":[],"efiUrl":"","efiAlt":"","highlights":[]},"yoast_head":"<!-- This site is optimized with the Yoast SEO plugin v20.7 - https:\/\/yoast.com\/wordpress\/plugins\/seo\/ -->\n<title>Diego Wagner Clar Se realiz\u00f3 el acto homenaje en la localidad de Hinojo<\/title>\n<meta name=\"description\" content=\"Diego Wagner Clar : El intendente Ezequiel Galli particip\u00f3 este domingo por la ma\u00f1ana en la localidad Hinojo del acto homenaje a Diego Clar\" \/>\n<meta name=\"robots\" content=\"index, follow, max-snippet:-1, max-image-preview:large, max-video-preview:-1\" \/>\n<link rel=\"canonical\" href=\"https:\/\/experienciadevida.com.ar\/portalurbano\/se-realizo-el-acto-homenaje-a-diego-wagner-clar\/\" \/>\n<meta property=\"og:locale\" content=\"es_ES\" \/>\n<meta property=\"og:type\" content=\"article\" \/>\n<meta property=\"og:title\" content=\"Diego Wagner Clar Se realiz\u00f3 el acto homenaje en la localidad de Hinojo\" \/>\n<meta property=\"og:description\" content=\"Diego Wagner Clar : El intendente Ezequiel Galli particip\u00f3 este domingo por la ma\u00f1ana en la localidad Hinojo del acto homenaje a Diego Clar\" \/>\n<meta property=\"og:url\" content=\"https:\/\/experienciadevida.com.ar\/portalurbano\/se-realizo-el-acto-homenaje-a-diego-wagner-clar\/\" \/>\n<meta property=\"article:publisher\" content=\"https:\/\/www.facebook.com\/Portal-Urbano-171542830093757\/\" \/>\n<meta property=\"article:published_time\" content=\"2020-11-15T15:37:45+00:00\" \/>\n<meta property=\"article:modified_time\" content=\"2020-11-16T13:57:05+00:00\" \/>\n<meta property=\"og:image\" content=\"https:\/\/experienciadevida.com.ar\/portalurbano\/wp-content\/uploads\/2020\/11\/DSC_0017.jpg\" \/>\n\t<meta property=\"og:image:width\" content=\"750\" \/>\n\t<meta property=\"og:image:height\" content=\"500\" \/>\n\t<meta property=\"og:image:type\" content=\"image\/jpeg\" \/>\n<meta name=\"author\" content=\"admpu17wp\" \/>\n<meta name=\"twitter:card\" content=\"summary_large_image\" \/>\n<meta name=\"twitter:creator\" content=\"@portalurbanook\" \/>\n<meta name=\"twitter:site\" content=\"@portalurbanook\" \/>\n<meta name=\"twitter:label1\" content=\"Escrito por\" \/>\n\t<meta name=\"twitter:data1\" content=\"admpu17wp\" \/>\n\t<meta name=\"twitter:label2\" content=\"Tiempo de lectura\" \/>\n\t<meta name=\"twitter:data2\" content=\"2 minutos\" \/>\n<script type=\"application\/ld+json\" class=\"yoast-schema-graph\">{\"@context\":\"https:\/\/schema.org\",\"@graph\":[{\"@type\":\"Article\",\"@id\":\"https:\/\/experienciadevida.com.ar\/portalurbano\/se-realizo-el-acto-homenaje-a-diego-wagner-clar\/#article\",\"isPartOf\":{\"@id\":\"https:\/\/experienciadevida.com.ar\/portalurbano\/se-realizo-el-acto-homenaje-a-diego-wagner-clar\/\"},\"author\":{\"name\":\"admpu17wp\",\"@id\":\"https:\/\/experienciadevida.com.ar\/portalurbano\/#\/schema\/person\/02dd326b1c4b056e9cc972486934a3a7\"},\"headline\":\"Se realiz\u00f3 el acto homenaje a Diego Wagner Clar\",\"datePublished\":\"2020-11-15T15:37:45+00:00\",\"dateModified\":\"2020-11-16T13:57:05+00:00\",\"mainEntityOfPage\":{\"@id\":\"https:\/\/experienciadevida.com.ar\/portalurbano\/se-realizo-el-acto-homenaje-a-diego-wagner-clar\/\"},\"wordCount\":313,\"publisher\":{\"@id\":\"https:\/\/experienciadevida.com.ar\/portalurbano\/#organization\"},\"keywords\":[\"Diego Wagner Clar\"],\"articleSection\":[\"Ciudad\",\"Destacadas\"],\"inLanguage\":\"es\"},{\"@type\":\"WebPage\",\"@id\":\"https:\/\/experienciadevida.com.ar\/portalurbano\/se-realizo-el-acto-homenaje-a-diego-wagner-clar\/\",\"url\":\"https:\/\/experienciadevida.com.ar\/portalurbano\/se-realizo-el-acto-homenaje-a-diego-wagner-clar\/\",\"name\":\"Diego Wagner Clar Se realiz\u00f3 el acto homenaje en la localidad de Hinojo\",\"isPartOf\":{\"@id\":\"https:\/\/experienciadevida.com.ar\/portalurbano\/#website\"},\"datePublished\":\"2020-11-15T15:37:45+00:00\",\"dateModified\":\"2020-11-16T13:57:05+00:00\",\"description\":\"Diego Wagner Clar : El intendente Ezequiel Galli particip\u00f3 este domingo por la ma\u00f1ana en la localidad Hinojo del acto homenaje a Diego Clar\",\"breadcrumb\":{\"@id\":\"https:\/\/experienciadevida.com.ar\/portalurbano\/se-realizo-el-acto-homenaje-a-diego-wagner-clar\/#breadcrumb\"},\"inLanguage\":\"es\",\"potentialAction\":[{\"@type\":\"ReadAction\",\"target\":[\"https:\/\/experienciadevida.com.ar\/portalurbano\/se-realizo-el-acto-homenaje-a-diego-wagner-clar\/\"]}]},{\"@type\":\"BreadcrumbList\",\"@id\":\"https:\/\/experienciadevida.com.ar\/portalurbano\/se-realizo-el-acto-homenaje-a-diego-wagner-clar\/#breadcrumb\",\"itemListElement\":[{\"@type\":\"ListItem\",\"position\":1,\"name\":\"Portada\",\"item\":\"https:\/\/experienciadevida.com.ar\/portalurbano\/\"},{\"@type\":\"ListItem\",\"position\":2,\"name\":\"Se realiz\u00f3 el acto homenaje a Diego Wagner Clar\"}]},{\"@type\":\"WebSite\",\"@id\":\"https:\/\/experienciadevida.com.ar\/portalurbano\/#website\",\"url\":\"https:\/\/experienciadevida.com.ar\/portalurbano\/\",\"name\":\"\",\"description\":\"\",\"publisher\":{\"@id\":\"https:\/\/experienciadevida.com.ar\/portalurbano\/#organization\"},\"potentialAction\":[{\"@type\":\"SearchAction\",\"target\":{\"@type\":\"EntryPoint\",\"urlTemplate\":\"https:\/\/experienciadevida.com.ar\/portalurbano\/?s={search_term_string}\"},\"query-input\":\"required name=search_term_string\"}],\"inLanguage\":\"es\"},{\"@type\":\"Organization\",\"@id\":\"https:\/\/experienciadevida.com.ar\/portalurbano\/#organization\",\"name\":\"Portal Urbano\",\"url\":\"https:\/\/experienciadevida.com.ar\/portalurbano\/\",\"logo\":{\"@type\":\"ImageObject\",\"inLanguage\":\"es\",\"@id\":\"https:\/\/experienciadevida.com.ar\/portalurbano\/#\/schema\/logo\/image\/\",\"url\":\"https:\/\/experienciadevida.com.ar\/portalurbano\/wp-content\/uploads\/2019\/09\/Logo-Original.png\",\"contentUrl\":\"https:\/\/experienciadevida.com.ar\/portalurbano\/wp-content\/uploads\/2019\/09\/Logo-Original.png\",\"width\":2236,\"height\":1216,\"caption\":\"Portal Urbano\"},\"image\":{\"@id\":\"https:\/\/experienciadevida.com.ar\/portalurbano\/#\/schema\/logo\/image\/\"},\"sameAs\":[\"https:\/\/www.facebook.com\/Portal-Urbano-171542830093757\/\",\"https:\/\/twitter.com\/portalurbanook\",\"https:\/\/www.instagram.com\/_portalurbano\/\",\"https:\/\/www.youtube.com\/channel\/UCXhagIfszH8KxFiOok79zbA?view_as=subscriber\"]},{\"@type\":\"Person\",\"@id\":\"https:\/\/experienciadevida.com.ar\/portalurbano\/#\/schema\/person\/02dd326b1c4b056e9cc972486934a3a7\",\"name\":\"admpu17wp\",\"image\":{\"@type\":\"ImageObject\",\"inLanguage\":\"es\",\"@id\":\"https:\/\/experienciadevida.com.ar\/portalurbano\/#\/schema\/person\/image\/\",\"url\":\"https:\/\/secure.gravatar.com\/avatar\/830d4c57adaae6630765e449a6908047?s=96&d=mm&r=g\",\"contentUrl\":\"https:\/\/secure.gravatar.com\/avatar\/830d4c57adaae6630765e449a6908047?s=96&d=mm&r=g\",\"caption\":\"admpu17wp\"}}]}<\/script>\n<!-- \/ Yoast SEO plugin. -->","yoast_head_json":{"title":"Diego Wagner Clar Se realiz\u00f3 el acto homenaje en la localidad de Hinojo","description":"Diego Wagner Clar : El intendente Ezequiel Galli particip\u00f3 este domingo por la ma\u00f1ana en la localidad Hinojo del acto homenaje a Diego Clar","robots":{"index":"index","follow":"follow","max-snippet":"max-snippet:-1","max-image-preview":"max-image-preview:large","max-video-preview":"max-video-preview:-1"},"canonical":"https:\/\/experienciadevida.com.ar\/portalurbano\/se-realizo-el-acto-homenaje-a-diego-wagner-clar\/","og_locale":"es_ES","og_type":"article","og_title":"Diego Wagner Clar Se realiz\u00f3 el acto homenaje en la localidad de Hinojo","og_description":"Diego Wagner Clar : El intendente Ezequiel Galli particip\u00f3 este domingo por la ma\u00f1ana en la localidad Hinojo del acto homenaje a Diego Clar","og_url":"https:\/\/experienciadevida.com.ar\/portalurbano\/se-realizo-el-acto-homenaje-a-diego-wagner-clar\/","article_publisher":"https:\/\/www.facebook.com\/Portal-Urbano-171542830093757\/","article_published_time":"2020-11-15T15:37:45+00:00","article_modified_time":"2020-11-16T13:57:05+00:00","og_image":[{"width":750,"height":500,"url":"https:\/\/experienciadevida.com.ar\/portalurbano\/wp-content\/uploads\/2020\/11\/DSC_0017.jpg","type":"image\/jpeg"}],"author":"admpu17wp","twitter_card":"summary_large_image","twitter_creator":"@portalurbanook","twitter_site":"@portalurbanook","twitter_misc":{"Escrito por":"admpu17wp","Tiempo de lectura":"2 minutos"},"schema":{"@context":"https:\/\/schema.org","@graph":[{"@type":"Article","@id":"https:\/\/experienciadevida.com.ar\/portalurbano\/se-realizo-el-acto-homenaje-a-diego-wagner-clar\/#article","isPartOf":{"@id":"https:\/\/experienciadevida.com.ar\/portalurbano\/se-realizo-el-acto-homenaje-a-diego-wagner-clar\/"},"author":{"name":"admpu17wp","@id":"https:\/\/experienciadevida.com.ar\/portalurbano\/#\/schema\/person\/02dd326b1c4b056e9cc972486934a3a7"},"headline":"Se realiz\u00f3 el acto homenaje a Diego Wagner Clar","datePublished":"2020-11-15T15:37:45+00:00","dateModified":"2020-11-16T13:57:05+00:00","mainEntityOfPage":{"@id":"https:\/\/experienciadevida.com.ar\/portalurbano\/se-realizo-el-acto-homenaje-a-diego-wagner-clar\/"},"wordCount":313,"publisher":{"@id":"https:\/\/experienciadevida.com.ar\/portalurbano\/#organization"},"keywords":["Diego Wagner Clar"],"articleSection":["Ciudad","Destacadas"],"inLanguage":"es"},{"@type":"WebPage","@id":"https:\/\/experienciadevida.com.ar\/portalurbano\/se-realizo-el-acto-homenaje-a-diego-wagner-clar\/","url":"https:\/\/experienciadevida.com.ar\/portalurbano\/se-realizo-el-acto-homenaje-a-diego-wagner-clar\/","name":"Diego Wagner Clar Se realiz\u00f3 el acto homenaje en la localidad de Hinojo","isPartOf":{"@id":"https:\/\/experienciadevida.com.ar\/portalurbano\/#website"},"datePublished":"2020-11-15T15:37:45+00:00","dateModified":"2020-11-16T13:57:05+00:00","description":"Diego Wagner Clar : El intendente Ezequiel Galli particip\u00f3 este domingo por la ma\u00f1ana en la localidad Hinojo del acto homenaje a Diego Clar","breadcrumb":{"@id":"https:\/\/experienciadevida.com.ar\/portalurbano\/se-realizo-el-acto-homenaje-a-diego-wagner-clar\/#breadcrumb"},"inLanguage":"es","potentialAction":[{"@type":"ReadAction","target":["https:\/\/experienciadevida.com.ar\/portalurbano\/se-realizo-el-acto-homenaje-a-diego-wagner-clar\/"]}]},{"@type":"BreadcrumbList","@id":"https:\/\/experienciadevida.com.ar\/portalurbano\/se-realizo-el-acto-homenaje-a-diego-wagner-clar\/#breadcrumb","itemListElement":[{"@type":"ListItem","position":1,"name":"Portada","item":"https:\/\/experienciadevida.com.ar\/portalurbano\/"},{"@type":"ListItem","position":2,"name":"Se realiz\u00f3 el acto homenaje a Diego Wagner Clar"}]},{"@type":"WebSite","@id":"https:\/\/experienciadevida.com.ar\/portalurbano\/#website","url":"https:\/\/experienciadevida.com.ar\/portalurbano\/","name":"","description":"","publisher":{"@id":"https:\/\/experienciadevida.com.ar\/portalurbano\/#organization"},"potentialAction":[{"@type":"SearchAction","target":{"@type":"EntryPoint","urlTemplate":"https:\/\/experienciadevida.com.ar\/portalurbano\/?s={search_term_string}"},"query-input":"required name=search_term_string"}],"inLanguage":"es"},{"@type":"Organization","@id":"https:\/\/experienciadevida.com.ar\/portalurbano\/#organization","name":"Portal Urbano","url":"https:\/\/experienciadevida.com.ar\/portalurbano\/","logo":{"@type":"ImageObject","inLanguage":"es","@id":"https:\/\/experienciadevida.com.ar\/portalurbano\/#\/schema\/logo\/image\/","url":"https:\/\/experienciadevida.com.ar\/portalurbano\/wp-content\/uploads\/2019\/09\/Logo-Original.png","contentUrl":"https:\/\/experienciadevida.com.ar\/portalurbano\/wp-content\/uploads\/2019\/09\/Logo-Original.png","width":2236,"height":1216,"caption":"Portal Urbano"},"image":{"@id":"https:\/\/experienciadevida.com.ar\/portalurbano\/#\/schema\/logo\/image\/"},"sameAs":["https:\/\/www.facebook.com\/Portal-Urbano-171542830093757\/","https:\/\/twitter.com\/portalurbanook","https:\/\/www.instagram.com\/_portalurbano\/","https:\/\/www.youtube.com\/channel\/UCXhagIfszH8KxFiOok79zbA?view_as=subscriber"]},{"@type":"Person","@id":"https:\/\/experienciadevida.com.ar\/portalurbano\/#\/schema\/person\/02dd326b1c4b056e9cc972486934a3a7","name":"admpu17wp","image":{"@type":"ImageObject","inLanguage":"es","@id":"https:\/\/experienciadevida.com.ar\/portalurbano\/#\/schema\/person\/image\/","url":"https:\/\/secure.gravatar.com\/avatar\/830d4c57adaae6630765e449a6908047?s=96&d=mm&r=g","contentUrl":"https:\/\/secure.gravatar.com\/avatar\/830d4c57adaae6630765e449a6908047?s=96&d=mm&r=g","caption":"admpu17wp"}}]}},"featured_image_urls":{"full":["https:\/\/experienciadevida.com.ar\/portalurbano\/wp-content\/uploads\/2020\/11\/DSC_0017.jpg",750,500,false],"thumbnail":["https:\/\/experienciadevida.com.ar\/portalurbano\/wp-content\/uploads\/2020\/11\/DSC_0017-150x150.jpg",150,150,true],"medium":["https:\/\/experienciadevida.com.ar\/portalurbano\/wp-content\/uploads\/2020\/11\/DSC_0017-300x200.jpg",300,200,true],"medium_large":["https:\/\/experienciadevida.com.ar\/portalurbano\/wp-content\/uploads\/2020\/11\/DSC_0017.jpg",640,427,false],"large":["https:\/\/experienciadevida.com.ar\/portalurbano\/wp-content\/uploads\/2020\/11\/DSC_0017.jpg",640,427,false],"ug_big":["https:\/\/experienciadevida.com.ar\/portalurbano\/wp-content\/uploads\/2020\/11\/DSC_0017.jpg",750,500,false],"1536x1536":["https:\/\/experienciadevida.com.ar\/portalurbano\/wp-content\/uploads\/2020\/11\/DSC_0017.jpg",750,500,false],"2048x2048":["https:\/\/experienciadevida.com.ar\/portalurbano\/wp-content\/uploads\/2020\/11\/DSC_0017.jpg",750,500,false],"newsever-slider-full":["https:\/\/experienciadevida.com.ar\/portalurbano\/wp-content\/uploads\/2020\/11\/DSC_0017.jpg",750,500,false],"newsever-featured":["https:\/\/experienciadevida.com.ar\/portalurbano\/wp-content\/uploads\/2020\/11\/DSC_0017.jpg",750,500,false],"newsever-medium":["https:\/\/experienciadevida.com.ar\/portalurbano\/wp-content\/uploads\/2020\/11\/DSC_0017.jpg",713,475,false],"web-stories-poster-portrait":["https:\/\/experienciadevida.com.ar\/portalurbano\/wp-content\/uploads\/2020\/11\/DSC_0017.jpg",640,427,false],"web-stories-publisher-logo":["https:\/\/experienciadevida.com.ar\/portalurbano\/wp-content\/uploads\/2020\/11\/DSC_0017.jpg",96,64,false],"web-stories-thumbnail":["https:\/\/experienciadevida.com.ar\/portalurbano\/wp-content\/uploads\/2020\/11\/DSC_0017.jpg",150,100,false]},"author_info":{"display_name":"admpu17wp","author_link":"https:\/\/experienciadevida.com.ar\/portalurbano\/author\/admpu17wp\/"},"category_info":"<a href=\"https:\/\/experienciadevida.com.ar\/portalurbano\/category\/ciudad\/\" rel=\"category tag\">Ciudad<\/a> <a href=\"https:\/\/experienciadevida.com.ar\/portalurbano\/category\/destacadas\/\" rel=\"category tag\">Destacadas<\/a>","tag_info":"Destacadas","comment_count":"0","amp_enabled":true,"_links":{"self":[{"href":"https:\/\/experienciadevida.com.ar\/portalurbano\/wp-json\/wp\/v2\/posts\/127353"}],"collection":[{"href":"https:\/\/experienciadevida.com.ar\/portalurbano\/wp-json\/wp\/v2\/posts"}],"about":[{"href":"https:\/\/experienciadevida.com.ar\/portalurbano\/wp-json\/wp\/v2\/types\/post"}],"author":[{"embeddable":true,"href":"https:\/\/experienciadevida.com.ar\/portalurbano\/wp-json\/wp\/v2\/users\/1"}],"replies":[{"embeddable":true,"href":"https:\/\/experienciadevida.com.ar\/portalurbano\/wp-json\/wp\/v2\/comments?post=127353"}],"version-history":[{"count":8,"href":"https:\/\/experienciadevida.com.ar\/portalurbano\/wp-json\/wp\/v2\/posts\/127353\/revisions"}],"predecessor-version":[{"id":127426,"href":"https:\/\/experienciadevida.com.ar\/portalurbano\/wp-json\/wp\/v2\/posts\/127353\/revisions\/127426"}],"wp:featuredmedia":[{"embeddable":true,"href":"https:\/\/experienciadevida.com.ar\/portalurbano\/wp-json\/wp\/v2\/media\/127330"}],"wp:attachment":[{"href":"https:\/\/experienciadevida.com.ar\/portalurbano\/wp-json\/wp\/v2\/media?parent=127353"}],"wp:term":[{"taxonomy":"category","embeddable":true,"href":"https:\/\/experienciadevida.com.ar\/portalurbano\/wp-json\/wp\/v2\/categories?post=127353"},{"taxonomy":"post_tag","embeddable":true,"href":"https:\/\/experienciadevida.com.ar\/portalurbano\/wp-json\/wp\/v2\/tags?post=127353"}],"curies":[{"name":"wp","href":"https:\/\/api.w.org\/{rel}","templated":true}]}}