{"id":127281,"date":"2020-11-14T18:23:51","date_gmt":"2020-11-14T21:23:51","guid":{"rendered":"https:\/\/experienciadevida.com.ar\/portalurbano\/?p=127281"},"modified":"2020-11-14T18:24:20","modified_gmt":"2020-11-14T21:24:20","slug":"el-40-de-las-pequenas-pymes-bonaerenses-pensaron-en-cerrar","status":"publish","type":"post","link":"https:\/\/experienciadevida.com.ar\/portalurbano\/el-40-de-las-pequenas-pymes-bonaerenses-pensaron-en-cerrar\/","title":{"rendered":"El 40% de las peque\u00f1as pymes bonaerenses pensaron en cerrar"},"content":{"rendered":"<p>Las peque\u00f1as\u00a0<strong>pymes\u00a0<\/strong>bonaerenses pensaron en cerrar en alg\u00fan momento de la pandemia. As\u00ed lo relev\u00f3 un reciente informe de la Federaci\u00f3n Econ\u00f3mica de la provincia de Buenos Aires (FEBA).<\/p>\n<p>El 40,2% de los due\u00f1os de MiPymes, incluidos emprendedores, pensaron en alg\u00fan momento de la pandemia en cerrar sus negocios, mientras que un 54,7% vio reducidos sus ingresos econ\u00f3micos, lo que tuvo un fuerte impacto psicol\u00f3gico, seg\u00fan un informe de la Federaci\u00f3n Econ\u00f3mica de la provincia de Buenos Aires (FEBA).<\/p>\n<p>A partir de una encuesta realizada a empresarios, trabajadores y desempleados, se observ\u00f3 que el 40,2% de los due\u00f1os de\u00a0<strong>pymes\u00a0<\/strong>pensaron en alg\u00fan momento de la cuarentena en cerrar sus negocios y son quienes presentan niveles m\u00e1s altos de depresi\u00f3n y mayores reacciones al estr\u00e9s producido por la pandemia.<\/p>\n<p>El estudio fue desarrollado conjuntamente entre la Federaci\u00f3n Econ\u00f3mica de la Provincia de Buenos Aires (FEBA), organizaci\u00f3n que representa a m\u00e1s de 250 entidades del \u00e1mbito MiPyme, y el Laboratorio de Cognici\u00f3n y Pol\u00edticas P\u00fablicas (UBA-UAI-Conicet).<\/p>\n<p>Desde la entidad empresaria destacaron que la vinculaci\u00f3n con el estr\u00e9s en este sector productivo guardar\u00eda relaci\u00f3n con el cierre de sus persianas, agravado por la relaci\u00f3n de cercan\u00eda en el v\u00ednculo con sus trabajadores.<\/p>\n<p>En cuanto a la modalidad de trabajo, se\u00f1alaron que quienes realizaron home office presentan un mayor nivel de estr\u00e9s por pandemia que quienes trabajan fuera del hogar.<\/p>\n<p>En base a investigaciones complementarias, quienes estuvieron m\u00e1s tiempo en su domicilio tuvieron mayor exposici\u00f3n a informaci\u00f3n sobre el tema, lo cual aumenta directamente los niveles de somatizaciones, estr\u00e9s y ansiedad.<\/p>\n<p>En este marco, el presidente de la FEBA, Camilo Alberto Kahale, afirm\u00f3 que \u201cmuchas veces nos muestran a los empresarios MiPymes de un lado de la brecha y a los trabajadores en el otro y este relevamiento viene a mostrar que somos todos los mismos que empujamos al pa\u00eds, somos todos trabajadores de esta cadena productiva\u201d.<\/p>\n<p>\u201cSituaciones como esta pandemia que estamos viviendo nos da\u00f1an de la misma manera y con ello a todos; celebro poder haber hecho esto con instituciones que aportan al Conicet ya que evita la mirada sesgada dando lugar a una integradora de toda la comunidad\u201d, afirm\u00f3 Kahale.<\/p>\n<p>El impacto psicol\u00f3gico:<\/p>\n<p>Por su parte, el director del Laboratorio de Cognici\u00f3n y Pol\u00edticas P\u00fablicas (UBA-UAI-Conicte), Angel Elgier, explic\u00f3 que \u201clos datos que obtuvimos con FEBA son importantes para pensar e intervenir en la salud de los trabajadores y MiPymes\u201d.<\/p>\n<p>En este sentido, \u201cse busca incentivar pol\u00edticas a las <strong>pymes <\/strong>que faciliten el apoyo y la contenci\u00f3n de las personas atendiendo factores de vulnerabilidad y consecuencias psicol\u00f3gicas que trae el contexto actual\u201d, agreg\u00f3.<\/p>\n<p>Del total de la muestra, surge que el 54,7% de los encuestados (empresarios y trabajadores) vieron reducidos sus ingresos econ\u00f3micos. El 44,2% presenta un nivel de depresi\u00f3n de moderado a severo, y el 80,5% un nivel fuerte a muy fuerte de estr\u00e9s por pandemia.<\/p>\n<p>Asimismo, el estudio arroj\u00f3 que a menor edad existe mayor nivel de depresi\u00f3n (pesimismo, irritabilidad, angustia, incertidumbre, ansiedad, problemas de sue\u00f1o, entre otros), reacciones al estr\u00e9s por pandemia (miedo al contagio propio o de la familia, que el sistema de salud colapse y que no haya recursos para afrontar) y menor uso de estrategias de afrontamiento (seguir las recomendaciones de autoridades de salud, normas de higiene y distanciamiento social), siendo la media de 36 a\u00f1os.<\/p>\n<p>Adem\u00e1s, se observaron diferencias estad\u00edsticamente significativas seg\u00fan el g\u00e9nero, siendo las mujeres quienes punt\u00faan m\u00e1s en depresi\u00f3n, en estr\u00e9s por pandemia pero tambi\u00e9n en el uso de estrategias de afrontamiento (lavarse continuamente las manos, seguir las recomendaciones sanitarias, etc).<\/p>\n<p>Fuente: DIB<\/p>\n","protected":false},"excerpt":{"rendered":"<p>Las peque\u00f1as\u00a0pymes\u00a0bonaerenses pensaron en cerrar en alg\u00fan momento de la pandemia. As\u00ed lo relev\u00f3 un&#8230;<\/p>\n","protected":false},"author":1,"featured_media":127282,"comment_status":"closed","ping_status":"closed","sticky":false,"template":"","format":"standard","meta":{"content-type":""},"categories":[39],"tags":[],"nelio_content":{"isAutoShareEnabled":false,"autoShareEndMode":"default","automationSources":{"useContentSentences":true,"useSocialTemplates":true,"useCustomSentences":false,"customSentences":[]},"followers":[1],"suggestedReferences":[],"includedReferences":[],"efiUrl":"","efiAlt":"","highlights":[]},"yoast_head":"<!-- This site is optimized with the Yoast SEO plugin v20.7 - https:\/\/yoast.com\/wordpress\/plugins\/seo\/ -->\n<title>El 40% de las peque\u00f1as pymes bonaerenses pensaron en cerrar<\/title>\n<meta name=\"description\" content=\"Las peque\u00f1as\u00a0pymes\u00a0bonaerenses pensaron en cerrar en alg\u00fan momento de la pandemia. As\u00ed lo relev\u00f3 un reciente informe de FEBA.\" \/>\n<meta name=\"robots\" content=\"index, follow, max-snippet:-1, max-image-preview:large, max-video-preview:-1\" \/>\n<link rel=\"canonical\" href=\"https:\/\/experienciadevida.com.ar\/portalurbano\/el-40-de-las-pequenas-pymes-bonaerenses-pensaron-en-cerrar\/\" \/>\n<meta property=\"og:locale\" content=\"es_ES\" \/>\n<meta property=\"og:type\" content=\"article\" \/>\n<meta property=\"og:title\" content=\"El 40% de las peque\u00f1as pymes bonaerenses pensaron en cerrar\" \/>\n<meta property=\"og:description\" content=\"Las peque\u00f1as\u00a0pymes\u00a0bonaerenses pensaron en cerrar en alg\u00fan momento de la pandemia. As\u00ed lo relev\u00f3 un reciente informe de FEBA.\" \/>\n<meta property=\"og:url\" content=\"https:\/\/experienciadevida.com.ar\/portalurbano\/el-40-de-las-pequenas-pymes-bonaerenses-pensaron-en-cerrar\/\" \/>\n<meta property=\"article:publisher\" content=\"https:\/\/www.facebook.com\/Portal-Urbano-171542830093757\/\" \/>\n<meta property=\"article:published_time\" content=\"2020-11-14T21:23:51+00:00\" \/>\n<meta property=\"article:modified_time\" content=\"2020-11-14T21:24:20+00:00\" \/>\n<meta property=\"og:image\" content=\"https:\/\/experienciadevida.com.ar\/portalurbano\/wp-content\/uploads\/2020\/11\/Pymes.jpg\" \/>\n\t<meta property=\"og:image:width\" content=\"696\" \/>\n\t<meta property=\"og:image:height\" content=\"392\" \/>\n\t<meta property=\"og:image:type\" content=\"image\/jpeg\" \/>\n<meta name=\"author\" content=\"admpu17wp\" \/>\n<meta name=\"twitter:card\" content=\"summary_large_image\" \/>\n<meta name=\"twitter:creator\" content=\"@portalurbanook\" \/>\n<meta name=\"twitter:site\" content=\"@portalurbanook\" \/>\n<meta name=\"twitter:label1\" content=\"Escrito por\" \/>\n\t<meta name=\"twitter:data1\" content=\"admpu17wp\" \/>\n\t<meta name=\"twitter:label2\" content=\"Tiempo de lectura\" \/>\n\t<meta name=\"twitter:data2\" content=\"3 minutos\" \/>\n<script type=\"application\/ld+json\" class=\"yoast-schema-graph\">{\"@context\":\"https:\/\/schema.org\",\"@graph\":[{\"@type\":\"Article\",\"@id\":\"https:\/\/experienciadevida.com.ar\/portalurbano\/el-40-de-las-pequenas-pymes-bonaerenses-pensaron-en-cerrar\/#article\",\"isPartOf\":{\"@id\":\"https:\/\/experienciadevida.com.ar\/portalurbano\/el-40-de-las-pequenas-pymes-bonaerenses-pensaron-en-cerrar\/\"},\"author\":{\"name\":\"admpu17wp\",\"@id\":\"https:\/\/experienciadevida.com.ar\/portalurbano\/#\/schema\/person\/02dd326b1c4b056e9cc972486934a3a7\"},\"headline\":\"El 40% de las peque\u00f1as pymes bonaerenses pensaron en cerrar\",\"datePublished\":\"2020-11-14T21:23:51+00:00\",\"dateModified\":\"2020-11-14T21:24:20+00:00\",\"mainEntityOfPage\":{\"@id\":\"https:\/\/experienciadevida.com.ar\/portalurbano\/el-40-de-las-pequenas-pymes-bonaerenses-pensaron-en-cerrar\/\"},\"wordCount\":657,\"publisher\":{\"@id\":\"https:\/\/experienciadevida.com.ar\/portalurbano\/#organization\"},\"articleSection\":[\"Naci\u00f3n\"],\"inLanguage\":\"es\"},{\"@type\":\"WebPage\",\"@id\":\"https:\/\/experienciadevida.com.ar\/portalurbano\/el-40-de-las-pequenas-pymes-bonaerenses-pensaron-en-cerrar\/\",\"url\":\"https:\/\/experienciadevida.com.ar\/portalurbano\/el-40-de-las-pequenas-pymes-bonaerenses-pensaron-en-cerrar\/\",\"name\":\"El 40% de las peque\u00f1as pymes bonaerenses pensaron en cerrar\",\"isPartOf\":{\"@id\":\"https:\/\/experienciadevida.com.ar\/portalurbano\/#website\"},\"datePublished\":\"2020-11-14T21:23:51+00:00\",\"dateModified\":\"2020-11-14T21:24:20+00:00\",\"description\":\"Las peque\u00f1as\u00a0pymes\u00a0bonaerenses pensaron en cerrar en alg\u00fan momento de la pandemia. As\u00ed lo relev\u00f3 un reciente informe de FEBA.\",\"breadcrumb\":{\"@id\":\"https:\/\/experienciadevida.com.ar\/portalurbano\/el-40-de-las-pequenas-pymes-bonaerenses-pensaron-en-cerrar\/#breadcrumb\"},\"inLanguage\":\"es\",\"potentialAction\":[{\"@type\":\"ReadAction\",\"target\":[\"https:\/\/experienciadevida.com.ar\/portalurbano\/el-40-de-las-pequenas-pymes-bonaerenses-pensaron-en-cerrar\/\"]}]},{\"@type\":\"BreadcrumbList\",\"@id\":\"https:\/\/experienciadevida.com.ar\/portalurbano\/el-40-de-las-pequenas-pymes-bonaerenses-pensaron-en-cerrar\/#breadcrumb\",\"itemListElement\":[{\"@type\":\"ListItem\",\"position\":1,\"name\":\"Portada\",\"item\":\"https:\/\/experienciadevida.com.ar\/portalurbano\/\"},{\"@type\":\"ListItem\",\"position\":2,\"name\":\"El 40% de las peque\u00f1as pymes bonaerenses pensaron en cerrar\"}]},{\"@type\":\"WebSite\",\"@id\":\"https:\/\/experienciadevida.com.ar\/portalurbano\/#website\",\"url\":\"https:\/\/experienciadevida.com.ar\/portalurbano\/\",\"name\":\"\",\"description\":\"\",\"publisher\":{\"@id\":\"https:\/\/experienciadevida.com.ar\/portalurbano\/#organization\"},\"potentialAction\":[{\"@type\":\"SearchAction\",\"target\":{\"@type\":\"EntryPoint\",\"urlTemplate\":\"https:\/\/experienciadevida.com.ar\/portalurbano\/?s={search_term_string}\"},\"query-input\":\"required name=search_term_string\"}],\"inLanguage\":\"es\"},{\"@type\":\"Organization\",\"@id\":\"https:\/\/experienciadevida.com.ar\/portalurbano\/#organization\",\"name\":\"Portal Urbano\",\"url\":\"https:\/\/experienciadevida.com.ar\/portalurbano\/\",\"logo\":{\"@type\":\"ImageObject\",\"inLanguage\":\"es\",\"@id\":\"https:\/\/experienciadevida.com.ar\/portalurbano\/#\/schema\/logo\/image\/\",\"url\":\"https:\/\/experienciadevida.com.ar\/portalurbano\/wp-content\/uploads\/2019\/09\/Logo-Original.png\",\"contentUrl\":\"https:\/\/experienciadevida.com.ar\/portalurbano\/wp-content\/uploads\/2019\/09\/Logo-Original.png\",\"width\":2236,\"height\":1216,\"caption\":\"Portal Urbano\"},\"image\":{\"@id\":\"https:\/\/experienciadevida.com.ar\/portalurbano\/#\/schema\/logo\/image\/\"},\"sameAs\":[\"https:\/\/www.facebook.com\/Portal-Urbano-171542830093757\/\",\"https:\/\/twitter.com\/portalurbanook\",\"https:\/\/www.instagram.com\/_portalurbano\/\",\"https:\/\/www.youtube.com\/channel\/UCXhagIfszH8KxFiOok79zbA?view_as=subscriber\"]},{\"@type\":\"Person\",\"@id\":\"https:\/\/experienciadevida.com.ar\/portalurbano\/#\/schema\/person\/02dd326b1c4b056e9cc972486934a3a7\",\"name\":\"admpu17wp\",\"image\":{\"@type\":\"ImageObject\",\"inLanguage\":\"es\",\"@id\":\"https:\/\/experienciadevida.com.ar\/portalurbano\/#\/schema\/person\/image\/\",\"url\":\"https:\/\/secure.gravatar.com\/avatar\/830d4c57adaae6630765e449a6908047?s=96&d=mm&r=g\",\"contentUrl\":\"https:\/\/secure.gravatar.com\/avatar\/830d4c57adaae6630765e449a6908047?s=96&d=mm&r=g\",\"caption\":\"admpu17wp\"}}]}<\/script>\n<!-- \/ Yoast SEO plugin. -->","yoast_head_json":{"title":"El 40% de las peque\u00f1as pymes bonaerenses pensaron en cerrar","description":"Las peque\u00f1as\u00a0pymes\u00a0bonaerenses pensaron en cerrar en alg\u00fan momento de la pandemia. As\u00ed lo relev\u00f3 un reciente informe de FEBA.","robots":{"index":"index","follow":"follow","max-snippet":"max-snippet:-1","max-image-preview":"max-image-preview:large","max-video-preview":"max-video-preview:-1"},"canonical":"https:\/\/experienciadevida.com.ar\/portalurbano\/el-40-de-las-pequenas-pymes-bonaerenses-pensaron-en-cerrar\/","og_locale":"es_ES","og_type":"article","og_title":"El 40% de las peque\u00f1as pymes bonaerenses pensaron en cerrar","og_description":"Las peque\u00f1as\u00a0pymes\u00a0bonaerenses pensaron en cerrar en alg\u00fan momento de la pandemia. As\u00ed lo relev\u00f3 un reciente informe de FEBA.","og_url":"https:\/\/experienciadevida.com.ar\/portalurbano\/el-40-de-las-pequenas-pymes-bonaerenses-pensaron-en-cerrar\/","article_publisher":"https:\/\/www.facebook.com\/Portal-Urbano-171542830093757\/","article_published_time":"2020-11-14T21:23:51+00:00","article_modified_time":"2020-11-14T21:24:20+00:00","og_image":[{"width":696,"height":392,"url":"https:\/\/experienciadevida.com.ar\/portalurbano\/wp-content\/uploads\/2020\/11\/Pymes.jpg","type":"image\/jpeg"}],"author":"admpu17wp","twitter_card":"summary_large_image","twitter_creator":"@portalurbanook","twitter_site":"@portalurbanook","twitter_misc":{"Escrito por":"admpu17wp","Tiempo de lectura":"3 minutos"},"schema":{"@context":"https:\/\/schema.org","@graph":[{"@type":"Article","@id":"https:\/\/experienciadevida.com.ar\/portalurbano\/el-40-de-las-pequenas-pymes-bonaerenses-pensaron-en-cerrar\/#article","isPartOf":{"@id":"https:\/\/experienciadevida.com.ar\/portalurbano\/el-40-de-las-pequenas-pymes-bonaerenses-pensaron-en-cerrar\/"},"author":{"name":"admpu17wp","@id":"https:\/\/experienciadevida.com.ar\/portalurbano\/#\/schema\/person\/02dd326b1c4b056e9cc972486934a3a7"},"headline":"El 40% de las peque\u00f1as pymes bonaerenses pensaron en cerrar","datePublished":"2020-11-14T21:23:51+00:00","dateModified":"2020-11-14T21:24:20+00:00","mainEntityOfPage":{"@id":"https:\/\/experienciadevida.com.ar\/portalurbano\/el-40-de-las-pequenas-pymes-bonaerenses-pensaron-en-cerrar\/"},"wordCount":657,"publisher":{"@id":"https:\/\/experienciadevida.com.ar\/portalurbano\/#organization"},"articleSection":["Naci\u00f3n"],"inLanguage":"es"},{"@type":"WebPage","@id":"https:\/\/experienciadevida.com.ar\/portalurbano\/el-40-de-las-pequenas-pymes-bonaerenses-pensaron-en-cerrar\/","url":"https:\/\/experienciadevida.com.ar\/portalurbano\/el-40-de-las-pequenas-pymes-bonaerenses-pensaron-en-cerrar\/","name":"El 40% de las peque\u00f1as pymes bonaerenses pensaron en cerrar","isPartOf":{"@id":"https:\/\/experienciadevida.com.ar\/portalurbano\/#website"},"datePublished":"2020-11-14T21:23:51+00:00","dateModified":"2020-11-14T21:24:20+00:00","description":"Las peque\u00f1as\u00a0pymes\u00a0bonaerenses pensaron en cerrar en alg\u00fan momento de la pandemia. As\u00ed lo relev\u00f3 un reciente informe de FEBA.","breadcrumb":{"@id":"https:\/\/experienciadevida.com.ar\/portalurbano\/el-40-de-las-pequenas-pymes-bonaerenses-pensaron-en-cerrar\/#breadcrumb"},"inLanguage":"es","potentialAction":[{"@type":"ReadAction","target":["https:\/\/experienciadevida.com.ar\/portalurbano\/el-40-de-las-pequenas-pymes-bonaerenses-pensaron-en-cerrar\/"]}]},{"@type":"BreadcrumbList","@id":"https:\/\/experienciadevida.com.ar\/portalurbano\/el-40-de-las-pequenas-pymes-bonaerenses-pensaron-en-cerrar\/#breadcrumb","itemListElement":[{"@type":"ListItem","position":1,"name":"Portada","item":"https:\/\/experienciadevida.com.ar\/portalurbano\/"},{"@type":"ListItem","position":2,"name":"El 40% de las peque\u00f1as pymes bonaerenses pensaron en cerrar"}]},{"@type":"WebSite","@id":"https:\/\/experienciadevida.com.ar\/portalurbano\/#website","url":"https:\/\/experienciadevida.com.ar\/portalurbano\/","name":"","description":"","publisher":{"@id":"https:\/\/experienciadevida.com.ar\/portalurbano\/#organization"},"potentialAction":[{"@type":"SearchAction","target":{"@type":"EntryPoint","urlTemplate":"https:\/\/experienciadevida.com.ar\/portalurbano\/?s={search_term_string}"},"query-input":"required name=search_term_string"}],"inLanguage":"es"},{"@type":"Organization","@id":"https:\/\/experienciadevida.com.ar\/portalurbano\/#organization","name":"Portal Urbano","url":"https:\/\/experienciadevida.com.ar\/portalurbano\/","logo":{"@type":"ImageObject","inLanguage":"es","@id":"https:\/\/experienciadevida.com.ar\/portalurbano\/#\/schema\/logo\/image\/","url":"https:\/\/experienciadevida.com.ar\/portalurbano\/wp-content\/uploads\/2019\/09\/Logo-Original.png","contentUrl":"https:\/\/experienciadevida.com.ar\/portalurbano\/wp-content\/uploads\/2019\/09\/Logo-Original.png","width":2236,"height":1216,"caption":"Portal Urbano"},"image":{"@id":"https:\/\/experienciadevida.com.ar\/portalurbano\/#\/schema\/logo\/image\/"},"sameAs":["https:\/\/www.facebook.com\/Portal-Urbano-171542830093757\/","https:\/\/twitter.com\/portalurbanook","https:\/\/www.instagram.com\/_portalurbano\/","https:\/\/www.youtube.com\/channel\/UCXhagIfszH8KxFiOok79zbA?view_as=subscriber"]},{"@type":"Person","@id":"https:\/\/experienciadevida.com.ar\/portalurbano\/#\/schema\/person\/02dd326b1c4b056e9cc972486934a3a7","name":"admpu17wp","image":{"@type":"ImageObject","inLanguage":"es","@id":"https:\/\/experienciadevida.com.ar\/portalurbano\/#\/schema\/person\/image\/","url":"https:\/\/secure.gravatar.com\/avatar\/830d4c57adaae6630765e449a6908047?s=96&d=mm&r=g","contentUrl":"https:\/\/secure.gravatar.com\/avatar\/830d4c57adaae6630765e449a6908047?s=96&d=mm&r=g","caption":"admpu17wp"}}]}},"featured_image_urls":{"full":["https:\/\/experienciadevida.com.ar\/portalurbano\/wp-content\/uploads\/2020\/11\/Pymes.jpg",696,392,false],"thumbnail":["https:\/\/experienciadevida.com.ar\/portalurbano\/wp-content\/uploads\/2020\/11\/Pymes-150x150.jpg",150,150,true],"medium":["https:\/\/experienciadevida.com.ar\/portalurbano\/wp-content\/uploads\/2020\/11\/Pymes-300x169.jpg",300,169,true],"medium_large":["https:\/\/experienciadevida.com.ar\/portalurbano\/wp-content\/uploads\/2020\/11\/Pymes.jpg",640,360,false],"large":["https:\/\/experienciadevida.com.ar\/portalurbano\/wp-content\/uploads\/2020\/11\/Pymes.jpg",640,360,false],"ug_big":["https:\/\/experienciadevida.com.ar\/portalurbano\/wp-content\/uploads\/2020\/11\/Pymes.jpg",696,392,false],"1536x1536":["https:\/\/experienciadevida.com.ar\/portalurbano\/wp-content\/uploads\/2020\/11\/Pymes.jpg",696,392,false],"2048x2048":["https:\/\/experienciadevida.com.ar\/portalurbano\/wp-content\/uploads\/2020\/11\/Pymes.jpg",696,392,false],"newsever-slider-full":["https:\/\/experienciadevida.com.ar\/portalurbano\/wp-content\/uploads\/2020\/11\/Pymes.jpg",696,392,false],"newsever-featured":["https:\/\/experienciadevida.com.ar\/portalurbano\/wp-content\/uploads\/2020\/11\/Pymes.jpg",696,392,false],"newsever-medium":["https:\/\/experienciadevida.com.ar\/portalurbano\/wp-content\/uploads\/2020\/11\/Pymes.jpg",696,392,false],"web-stories-poster-portrait":["https:\/\/experienciadevida.com.ar\/portalurbano\/wp-content\/uploads\/2020\/11\/Pymes.jpg",640,360,false],"web-stories-publisher-logo":["https:\/\/experienciadevida.com.ar\/portalurbano\/wp-content\/uploads\/2020\/11\/Pymes.jpg",96,54,false],"web-stories-thumbnail":["https:\/\/experienciadevida.com.ar\/portalurbano\/wp-content\/uploads\/2020\/11\/Pymes.jpg",150,84,false]},"author_info":{"display_name":"admpu17wp","author_link":"https:\/\/experienciadevida.com.ar\/portalurbano\/author\/admpu17wp\/"},"category_info":"<a href=\"https:\/\/experienciadevida.com.ar\/portalurbano\/category\/nacion\/\" rel=\"category tag\">Naci\u00f3n<\/a>","tag_info":"Naci\u00f3n","comment_count":"0","amp_enabled":true,"_links":{"self":[{"href":"https:\/\/experienciadevida.com.ar\/portalurbano\/wp-json\/wp\/v2\/posts\/127281"}],"collection":[{"href":"https:\/\/experienciadevida.com.ar\/portalurbano\/wp-json\/wp\/v2\/posts"}],"about":[{"href":"https:\/\/experienciadevida.com.ar\/portalurbano\/wp-json\/wp\/v2\/types\/post"}],"author":[{"embeddable":true,"href":"https:\/\/experienciadevida.com.ar\/portalurbano\/wp-json\/wp\/v2\/users\/1"}],"replies":[{"embeddable":true,"href":"https:\/\/experienciadevida.com.ar\/portalurbano\/wp-json\/wp\/v2\/comments?post=127281"}],"version-history":[{"count":2,"href":"https:\/\/experienciadevida.com.ar\/portalurbano\/wp-json\/wp\/v2\/posts\/127281\/revisions"}],"predecessor-version":[{"id":127284,"href":"https:\/\/experienciadevida.com.ar\/portalurbano\/wp-json\/wp\/v2\/posts\/127281\/revisions\/127284"}],"wp:featuredmedia":[{"embeddable":true,"href":"https:\/\/experienciadevida.com.ar\/portalurbano\/wp-json\/wp\/v2\/media\/127282"}],"wp:attachment":[{"href":"https:\/\/experienciadevida.com.ar\/portalurbano\/wp-json\/wp\/v2\/media?parent=127281"}],"wp:term":[{"taxonomy":"category","embeddable":true,"href":"https:\/\/experienciadevida.com.ar\/portalurbano\/wp-json\/wp\/v2\/categories?post=127281"},{"taxonomy":"post_tag","embeddable":true,"href":"https:\/\/experienciadevida.com.ar\/portalurbano\/wp-json\/wp\/v2\/tags?post=127281"}],"curies":[{"name":"wp","href":"https:\/\/api.w.org\/{rel}","templated":true}]}}