{"id":127161,"date":"2020-11-13T12:40:17","date_gmt":"2020-11-13T15:40:17","guid":{"rendered":"https:\/\/experienciadevida.com.ar\/portalurbano\/?p=127161"},"modified":"2020-11-13T12:40:18","modified_gmt":"2020-11-13T15:40:18","slug":"fiesta-aniversario-de-olavarria-2020-celebramos-desde-casa","status":"publish","type":"post","link":"https:\/\/experienciadevida.com.ar\/portalurbano\/fiesta-aniversario-de-olavarria-2020-celebramos-desde-casa\/","title":{"rendered":"Fiesta Aniversario de Olavarr\u00eda 2020: Celebramos desde casa"},"content":{"rendered":"<p>Este 25 de noviembre hay una nueva\u00a0<strong>fiesta aniversario de Olavarr\u00eda 2020<\/strong>, con una novedosa propuesta para destacar esta fecha tan importante para todos los olavarrienses.<\/p>\n<p>Se trata de un show v\u00eda streaming, que se presentar\u00e1 el domingo 29 de noviembre a partir de las 20 horas desde el Teatro Municipal, que se podr\u00e1 ver por el canal de <a href=\"https:\/\/www.youtube.com\/user\/CiudadOlavarria\">YouTube del Municipio.<\/a><\/p>\n<p>La\u00a0<strong>fiesta aniversario de Olavarr\u00eda 2020<\/strong>, tendr\u00e1 la particularidad de ser el primero que se realizar\u00e1 desde el Teatro Municipal mediante este formato virtual y contar\u00e1 con la locuci\u00f3n de Marcelo Manolio.<\/p>\n<p><a href=\"https:\/\/experienciadevida.com.ar\/portalurbano\/fiesta-aniversario-de-olavarria-2020-celebramos-desde-casa\/fiesta-aniversario\/\" rel=\"attachment wp-att-127163\"><img decoding=\"async\" class=\"alignnone size-full wp-image-127163\" src=\"https:\/\/experienciadevida.com.ar\/portalurbano\/wp-content\/uploads\/2020\/11\/Fiesta-aniversario-e1605281947868.jpg\" alt=\"Fiesta aniversario \" width=\"765\" height=\"510\" \/><\/a><\/p>\n<p>En este sentido, en la ma\u00f1ana de este viernes, el intendente Ezequiel Galli encabez\u00f3 el lanzamiento en conferencia de prensa de la propuesta, en el marco del 153\u00b0 aniversario de la fundaci\u00f3n de Olavarr\u00eda.<\/p>\n<p>El anuncio se llev\u00f3 a cabo en el Sal\u00f3n Blanco del Palacio San Mart\u00edn. En la oportunidad el Intendente estuvo acompa\u00f1ado por el secretario de Desarrollo Humano y Calidad de Vida Diego Robbiani y la subsecretar\u00eda de Cultura y Educaci\u00f3n del Municipio Agustina Marino.<\/p>\n<p>Al principio de la conferencia, Galli adelant\u00f3 que la\u00a0<strong>fiesta aniversario de Olavarr\u00eda 2020,<\/strong> e desarrollar\u00e1n de una manera \u201cparticular y novedosa\u201d en el contexto de pandemia.<\/p>\n<p><em>\u201cTodos sabemos que Olavarr\u00eda se destac\u00f3 por tener una celebraci\u00f3n el 25 de noviembre con much\u00edsima afluencia de gente, bandas en vivo y una gran cantidad actividades culturales y sociales. Este a\u00f1o al no tener la posibilidad de hacer una aglomeraci\u00f3n de gente en el Parque \u201cHelios Eseverri\u201d como se hizo siempre, vamos a estar haciendo una transmisi\u00f3n especial desde el Teatro Municipal y v\u00eda streaming el domingo 29 de noviembre desde las 20 horas,\u00a0<\/em><em>desde el canal de YouTube del Municipio, con la conducci\u00f3n de Marcelo Manolio\u201d,\u00a0<\/em>cont\u00f3 el Intendente.<\/p>\n<p><em>\u201cVa a haber bandas que van a tocar en vivo con los protocolos correspondientes que ya estuvimos trabajando y tambi\u00e9n bandas que van a grabar previamente desde el Centro Cultural\u201d,\u00a0<\/em>detall\u00f3 Galli.<\/p>\n<p>Al mismo tiempo agreg\u00f3 que \u201c<em>van a ser cuatro horas de transmisi\u00f3n, hay empresas locales que se han sumado donando algunas cosas para que podamos hacer sorteos en vivo\u201d.<\/em><\/p>\n<p>Sobre el final del anuncio de la\u00a0<strong>fiesta aniversario de Olavarr\u00eda 2020<\/strong> el Jefe Comunal asegur\u00f3 que &#8220;<em>va a ser algo muy interesante, un desaf\u00edo para todos, un gran desaf\u00edo para la Subsecretar\u00eda de Cultura y para el resto del equipo porque es la primera vez que se hace una celebraci\u00f3n de este tipo y creemos que tenemos el equipo con las condiciones necesarias para organizarlo\u201d.<\/em><\/p>\n<p>Por su parte, Agustina Marino, subsecretaria de Cultura y Educaci\u00f3n, consider\u00f3:\u00a0<em>\u201cel desaf\u00edo para este a\u00f1o es celebrar un aniversario de la ciudad via streaming: esto requiere la puesta a punto del Teatro Municipal desde lo t\u00e9cnico y desde lo humano\u201d.<\/em>\u00a0En este sentido, afirm\u00f3 la funcionaria,\u00a0<em>\u201cnos sentimos en condiciones de poder ofrecer esta propuesta a la comunidad\u201d.<\/em>\u00a0<em>\u201cEstamos s\u00faper agradecidos a los artistas locales, sabemos que muchos han perdido tiempo de ensayo durante estos meses y ahora se han puesto a trabajar y ensayar much\u00edsimo para poder brindar un espect\u00e1culo de gran calidad el d\u00eda domingo\u201d.<\/em><\/p>\n<p>En cuanto a la fecha Marino aclar\u00f3:\u00a0<em>\u201ccomo todos sabemos el aniversario de Olavarr\u00eda es el 25, pero cae mi\u00e9rcoles, y consideramos que la propuesta podr\u00eda tener otra repercusi\u00f3n el d\u00eda domingo. De todos modos el mi\u00e9rcoles tambi\u00e9n estaremos trabajando con espect\u00e1culos fundamentalmente pensados para los m\u00e1s chicos: un infantil a cargo de Mechongu\u00e9, clases de zumba desde la Subsecretar\u00eda de Deportes municipal, y obviamente contaremos con el acto protocolar el d\u00eda mi\u00e9rcoles. Con lo cual la celebraci\u00f3n inicia el d\u00eda correspondiente y el domingo estaremos cerrando este festejo que este a\u00f1o nos convoca de otra manera\u201d,<\/em>\u00a0concluy\u00f3 Marino, al tiempo que invit\u00f3 a visitar la Bienal de Plater\u00eda virtual que tambi\u00e9n integra la celebraci\u00f3n aniversario.<\/p>\n<p>Asimismo, la subsecretaria de Cultura y Educaci\u00f3n subray\u00f3\u00a0<em>\u201cel mucho trabajo que se ha hecho desde las Escuelas Municipales, la Orquesta Sinf\u00f3nica Municipal, el Ballet Folcl\u00f3rico Municipal, realmente nunca discontinuaron sus ensayos ni siquiera en pandemia, y tienen muchas ganas de mostrar lo que est\u00e1n haciendo. Por eso es importante para nosotros mostrar lo que se hace desde la Subsecretar\u00eda de Cultura\u201d.<\/em><\/p>\n<p>Cabe destacar que el equipo de la Subsecretar\u00eda de Cultura ya ha comenzado a trabajar con la grilla de espect\u00e1culos que contar\u00e1 con los elencos municipales y artistas locales de diversos g\u00e9neros m\u00e1s el cierre de la banda Lima Lim\u00f3n, que tendr\u00e1 m\u00fasicos invitados.<\/p>\n<p>El Intendente brind\u00f3 detalles de la\u00a0<strong>fiesta aniversario de Olavarr\u00eda 2020<\/strong> de quienes ser\u00e1n los artistas y bandas locales que formar\u00e1n parte de la programaci\u00f3n: Ballet Folkl\u00f3rico Municipal, Ensamble de la Escuela Municipal de M\u00fasica \u201cFive O\u00b4Clock Vinyls Band\u201d, Orquesta Sinf\u00f3nica Municipal \u201cMtro. Mario Patan\u00e9\u201d,\u00a0 Ensamble Municipal Ensamble de M\u00fasica Popular \u201cOctavio Sabatini\u201d, Pareja Municipal de Tango, Huella Pampa con artistas invitados, Yenko artista de freestyle, Cami Pereyra (joven cantante), grupo La Zapada, grupo de rock homenaje a Soda Stereo y Cerati y el gran cierre a cargo de Lima Lim\u00f3n con invitados.<\/p>\n<p>Adem\u00e1s de haber presentaciones en vivo, que se desarrollar\u00e1n bajo estrictos protocolos sanitarios, se realizar\u00e1n algunas grabaciones previas en el patio del Centro Cultural Municipal \u201cSan Jos\u00e9\u201d que tambi\u00e9n se estar\u00e1n mostrando el domingo.<\/p>\n<p>Por otra parte, el mi\u00e9rcoles 25 de noviembre adem\u00e1s de contar con el acto protocolar correspondiente, se estar\u00e1n compartiendo en las redes sociales oficiales algunas actividades que ya se est\u00e1n armando desde las diferentes \u00e1reas del Municipio.<\/p>\n<p>Como se\u00f1alaba el intendente Galli, las empresas locales reflejaron una vez m\u00e1s su solidaridad con donaciones que se pondr\u00e1n a disposici\u00f3n de las entidades de bien p\u00fablico, sociedades de fomento, ONGs, clubes, para que puedan realizar el sorteo de las mismas a trav\u00e9s de la venta de un bono que les permitir\u00e1 recaudar fondos en este momento tan dif\u00edcil.<\/p>\n<p>Convocatoria a Instituciones:<\/p>\n<p>Desde el Municipio de Olavarr\u00eda se convoca a\u00a0entidades de bien p\u00fablico que est\u00e9n debidamente acreditadas, clubes, asociaciones cooperadoras, sociedades de fomento, juntas vecinales, agrupaciones tradicionalistas, etc.<\/p>\n<p>La inscripci\u00f3n ser\u00e1 desde este lunes 16 hasta el mi\u00e9rcoles 18 de noviembre y los interesados deber\u00e1n acercar una nota de la instituci\u00f3n a la que pertenecen en la que conste la solicitud para participar del evento y los datos de contactos del referente (n\u00famero de tel\u00e9fono y direcci\u00f3n de correo electr\u00f3nico), asi como tambi\u00e9n la documentaci\u00f3n que avale a la instituci\u00f3n a\u00a0la Casa de la Cultura, Coronel Su\u00e1rez 2924 de 9 a 12 horas.<\/p>\n<div class=\"vc_row wpb_row vc_row-fluid\">\n<div class=\"wpb_column vc_column_container vc_col-sm-12\">\n<div class=\"vc_column-inner\">\n<div class=\"wpb_wrapper\">\n<div class=\"wpb_text_column wpb_content_element \">\n<div class=\"wpb_wrapper\">\n<div>\n<p>Se informa que habr\u00e1 cupo limitado de instituciones que participen y\u00a0 una vez realizado el sorteo las empresas ser\u00e1n las que se comunicar\u00e1n con las instituciones beneficiadas. Los bonos para el sorteo se entregar\u00e1n a las instituciones inscriptas el jueves 19 de noviembre.<\/p>\n<\/div>\n<\/div>\n<\/div>\n<\/div>\n<\/div>\n<\/div>\n<\/div>\n<div class=\"at-below-post addthis_tool\" data-url=\"https:\/\/www.olavarria.gov.ar\/fiesta-aniversario-de-olavarria-2020-celebramos-desde-casa-pero-juntos\/\" data-title=\"Fiesta Aniversario de Olavarr\u00eda 2020: celebramos desde casa, pero juntos | | Municipalidad del Partido de Olavarr\u00eda\">\n<div id=\"atstbx\" class=\"at-share-tbx-element addthis-smartlayers addthis-animated at4-show\" role=\"region\" aria-labelledby=\"at-1faf42cb-a476-4ffd-99ef-5ab01079c141\"><\/div>\n<\/div>\n","protected":false},"excerpt":{"rendered":"<p>Este 25 de noviembre hay una nueva\u00a0fiesta aniversario de Olavarr\u00eda 2020, con una novedosa propuesta&#8230;<\/p>\n","protected":false},"author":1,"featured_media":127162,"comment_status":"closed","ping_status":"closed","sticky":false,"template":"","format":"standard","meta":{"content-type":""},"categories":[27,51],"tags":[],"nelio_content":{"isAutoShareEnabled":false,"autoShareEndMode":"default","automationSources":{"useContentSentences":true,"useSocialTemplates":true,"useCustomSentences":false,"customSentences":[]},"followers":[1],"suggestedReferences":[],"includedReferences":["https:\/\/www.youtube.com\/user\/CiudadOlavarria"],"efiUrl":"","efiAlt":"","highlights":[]},"yoast_head":"<!-- This site is optimized with the Yoast SEO plugin v20.7 - https:\/\/yoast.com\/wordpress\/plugins\/seo\/ -->\n<title>Fiesta aniversario de Olavarr\u00eda 2020: Celebramos desde casa<\/title>\n<meta name=\"description\" content=\"Nueva\u00a0fiesta aniversario de Olavarr\u00eda 2020, con una novedosa propuesta para destacar esta fecha tan importante para todos los olavarrienses.\" \/>\n<meta name=\"robots\" content=\"index, follow, max-snippet:-1, max-image-preview:large, max-video-preview:-1\" \/>\n<link rel=\"canonical\" href=\"https:\/\/experienciadevida.com.ar\/portalurbano\/fiesta-aniversario-de-olavarria-2020-celebramos-desde-casa\/\" \/>\n<meta property=\"og:locale\" content=\"es_ES\" \/>\n<meta property=\"og:type\" content=\"article\" \/>\n<meta property=\"og:title\" content=\"Fiesta aniversario de Olavarr\u00eda 2020: Celebramos desde casa\" \/>\n<meta property=\"og:description\" content=\"Nueva\u00a0fiesta aniversario de Olavarr\u00eda 2020, con una novedosa propuesta para destacar esta fecha tan importante para todos los olavarrienses.\" \/>\n<meta property=\"og:url\" content=\"https:\/\/experienciadevida.com.ar\/portalurbano\/fiesta-aniversario-de-olavarria-2020-celebramos-desde-casa\/\" \/>\n<meta property=\"article:publisher\" content=\"https:\/\/www.facebook.com\/Portal-Urbano-171542830093757\/\" \/>\n<meta property=\"article:published_time\" content=\"2020-11-13T15:40:17+00:00\" \/>\n<meta property=\"article:modified_time\" content=\"2020-11-13T15:40:18+00:00\" \/>\n<meta property=\"og:image\" content=\"https:\/\/experienciadevida.com.ar\/portalurbano\/wp-content\/uploads\/2020\/11\/Fiesta-aniversario-de-Olavarria-2020-e1605281893997.jpg\" \/>\n\t<meta property=\"og:image:width\" content=\"765\" \/>\n\t<meta property=\"og:image:height\" content=\"510\" \/>\n\t<meta property=\"og:image:type\" content=\"image\/jpeg\" \/>\n<meta name=\"author\" content=\"admpu17wp\" \/>\n<meta name=\"twitter:card\" content=\"summary_large_image\" \/>\n<meta name=\"twitter:creator\" content=\"@portalurbanook\" \/>\n<meta name=\"twitter:site\" content=\"@portalurbanook\" \/>\n<meta name=\"twitter:label1\" content=\"Escrito por\" \/>\n\t<meta name=\"twitter:data1\" content=\"admpu17wp\" \/>\n\t<meta name=\"twitter:label2\" content=\"Tiempo de lectura\" \/>\n\t<meta name=\"twitter:data2\" content=\"6 minutos\" \/>\n<script type=\"application\/ld+json\" class=\"yoast-schema-graph\">{\"@context\":\"https:\/\/schema.org\",\"@graph\":[{\"@type\":\"Article\",\"@id\":\"https:\/\/experienciadevida.com.ar\/portalurbano\/fiesta-aniversario-de-olavarria-2020-celebramos-desde-casa\/#article\",\"isPartOf\":{\"@id\":\"https:\/\/experienciadevida.com.ar\/portalurbano\/fiesta-aniversario-de-olavarria-2020-celebramos-desde-casa\/\"},\"author\":{\"name\":\"admpu17wp\",\"@id\":\"https:\/\/experienciadevida.com.ar\/portalurbano\/#\/schema\/person\/02dd326b1c4b056e9cc972486934a3a7\"},\"headline\":\"Fiesta Aniversario de Olavarr\u00eda 2020: Celebramos desde casa\",\"datePublished\":\"2020-11-13T15:40:17+00:00\",\"dateModified\":\"2020-11-13T15:40:18+00:00\",\"mainEntityOfPage\":{\"@id\":\"https:\/\/experienciadevida.com.ar\/portalurbano\/fiesta-aniversario-de-olavarria-2020-celebramos-desde-casa\/\"},\"wordCount\":1207,\"publisher\":{\"@id\":\"https:\/\/experienciadevida.com.ar\/portalurbano\/#organization\"},\"articleSection\":[\"Ciudad\",\"Destacadas\"],\"inLanguage\":\"es\"},{\"@type\":\"WebPage\",\"@id\":\"https:\/\/experienciadevida.com.ar\/portalurbano\/fiesta-aniversario-de-olavarria-2020-celebramos-desde-casa\/\",\"url\":\"https:\/\/experienciadevida.com.ar\/portalurbano\/fiesta-aniversario-de-olavarria-2020-celebramos-desde-casa\/\",\"name\":\"Fiesta aniversario de Olavarr\u00eda 2020: Celebramos desde casa\",\"isPartOf\":{\"@id\":\"https:\/\/experienciadevida.com.ar\/portalurbano\/#website\"},\"datePublished\":\"2020-11-13T15:40:17+00:00\",\"dateModified\":\"2020-11-13T15:40:18+00:00\",\"description\":\"Nueva\u00a0fiesta aniversario de Olavarr\u00eda 2020, con una novedosa propuesta para destacar esta fecha tan importante para todos los olavarrienses.\",\"breadcrumb\":{\"@id\":\"https:\/\/experienciadevida.com.ar\/portalurbano\/fiesta-aniversario-de-olavarria-2020-celebramos-desde-casa\/#breadcrumb\"},\"inLanguage\":\"es\",\"potentialAction\":[{\"@type\":\"ReadAction\",\"target\":[\"https:\/\/experienciadevida.com.ar\/portalurbano\/fiesta-aniversario-de-olavarria-2020-celebramos-desde-casa\/\"]}]},{\"@type\":\"BreadcrumbList\",\"@id\":\"https:\/\/experienciadevida.com.ar\/portalurbano\/fiesta-aniversario-de-olavarria-2020-celebramos-desde-casa\/#breadcrumb\",\"itemListElement\":[{\"@type\":\"ListItem\",\"position\":1,\"name\":\"Portada\",\"item\":\"https:\/\/experienciadevida.com.ar\/portalurbano\/\"},{\"@type\":\"ListItem\",\"position\":2,\"name\":\"Fiesta Aniversario de Olavarr\u00eda 2020: Celebramos desde casa\"}]},{\"@type\":\"WebSite\",\"@id\":\"https:\/\/experienciadevida.com.ar\/portalurbano\/#website\",\"url\":\"https:\/\/experienciadevida.com.ar\/portalurbano\/\",\"name\":\"\",\"description\":\"\",\"publisher\":{\"@id\":\"https:\/\/experienciadevida.com.ar\/portalurbano\/#organization\"},\"potentialAction\":[{\"@type\":\"SearchAction\",\"target\":{\"@type\":\"EntryPoint\",\"urlTemplate\":\"https:\/\/experienciadevida.com.ar\/portalurbano\/?s={search_term_string}\"},\"query-input\":\"required name=search_term_string\"}],\"inLanguage\":\"es\"},{\"@type\":\"Organization\",\"@id\":\"https:\/\/experienciadevida.com.ar\/portalurbano\/#organization\",\"name\":\"Portal Urbano\",\"url\":\"https:\/\/experienciadevida.com.ar\/portalurbano\/\",\"logo\":{\"@type\":\"ImageObject\",\"inLanguage\":\"es\",\"@id\":\"https:\/\/experienciadevida.com.ar\/portalurbano\/#\/schema\/logo\/image\/\",\"url\":\"https:\/\/experienciadevida.com.ar\/portalurbano\/wp-content\/uploads\/2019\/09\/Logo-Original.png\",\"contentUrl\":\"https:\/\/experienciadevida.com.ar\/portalurbano\/wp-content\/uploads\/2019\/09\/Logo-Original.png\",\"width\":2236,\"height\":1216,\"caption\":\"Portal Urbano\"},\"image\":{\"@id\":\"https:\/\/experienciadevida.com.ar\/portalurbano\/#\/schema\/logo\/image\/\"},\"sameAs\":[\"https:\/\/www.facebook.com\/Portal-Urbano-171542830093757\/\",\"https:\/\/twitter.com\/portalurbanook\",\"https:\/\/www.instagram.com\/_portalurbano\/\",\"https:\/\/www.youtube.com\/channel\/UCXhagIfszH8KxFiOok79zbA?view_as=subscriber\"]},{\"@type\":\"Person\",\"@id\":\"https:\/\/experienciadevida.com.ar\/portalurbano\/#\/schema\/person\/02dd326b1c4b056e9cc972486934a3a7\",\"name\":\"admpu17wp\",\"image\":{\"@type\":\"ImageObject\",\"inLanguage\":\"es\",\"@id\":\"https:\/\/experienciadevida.com.ar\/portalurbano\/#\/schema\/person\/image\/\",\"url\":\"https:\/\/secure.gravatar.com\/avatar\/830d4c57adaae6630765e449a6908047?s=96&d=mm&r=g\",\"contentUrl\":\"https:\/\/secure.gravatar.com\/avatar\/830d4c57adaae6630765e449a6908047?s=96&d=mm&r=g\",\"caption\":\"admpu17wp\"}}]}<\/script>\n<!-- \/ Yoast SEO plugin. -->","yoast_head_json":{"title":"Fiesta aniversario de Olavarr\u00eda 2020: Celebramos desde casa","description":"Nueva\u00a0fiesta aniversario de Olavarr\u00eda 2020, con una novedosa propuesta para destacar esta fecha tan importante para todos los olavarrienses.","robots":{"index":"index","follow":"follow","max-snippet":"max-snippet:-1","max-image-preview":"max-image-preview:large","max-video-preview":"max-video-preview:-1"},"canonical":"https:\/\/experienciadevida.com.ar\/portalurbano\/fiesta-aniversario-de-olavarria-2020-celebramos-desde-casa\/","og_locale":"es_ES","og_type":"article","og_title":"Fiesta aniversario de Olavarr\u00eda 2020: Celebramos desde casa","og_description":"Nueva\u00a0fiesta aniversario de Olavarr\u00eda 2020, con una novedosa propuesta para destacar esta fecha tan importante para todos los olavarrienses.","og_url":"https:\/\/experienciadevida.com.ar\/portalurbano\/fiesta-aniversario-de-olavarria-2020-celebramos-desde-casa\/","article_publisher":"https:\/\/www.facebook.com\/Portal-Urbano-171542830093757\/","article_published_time":"2020-11-13T15:40:17+00:00","article_modified_time":"2020-11-13T15:40:18+00:00","og_image":[{"width":765,"height":510,"url":"https:\/\/experienciadevida.com.ar\/portalurbano\/wp-content\/uploads\/2020\/11\/Fiesta-aniversario-de-Olavarria-2020-e1605281893997.jpg","type":"image\/jpeg"}],"author":"admpu17wp","twitter_card":"summary_large_image","twitter_creator":"@portalurbanook","twitter_site":"@portalurbanook","twitter_misc":{"Escrito por":"admpu17wp","Tiempo de lectura":"6 minutos"},"schema":{"@context":"https:\/\/schema.org","@graph":[{"@type":"Article","@id":"https:\/\/experienciadevida.com.ar\/portalurbano\/fiesta-aniversario-de-olavarria-2020-celebramos-desde-casa\/#article","isPartOf":{"@id":"https:\/\/experienciadevida.com.ar\/portalurbano\/fiesta-aniversario-de-olavarria-2020-celebramos-desde-casa\/"},"author":{"name":"admpu17wp","@id":"https:\/\/experienciadevida.com.ar\/portalurbano\/#\/schema\/person\/02dd326b1c4b056e9cc972486934a3a7"},"headline":"Fiesta Aniversario de Olavarr\u00eda 2020: Celebramos desde casa","datePublished":"2020-11-13T15:40:17+00:00","dateModified":"2020-11-13T15:40:18+00:00","mainEntityOfPage":{"@id":"https:\/\/experienciadevida.com.ar\/portalurbano\/fiesta-aniversario-de-olavarria-2020-celebramos-desde-casa\/"},"wordCount":1207,"publisher":{"@id":"https:\/\/experienciadevida.com.ar\/portalurbano\/#organization"},"articleSection":["Ciudad","Destacadas"],"inLanguage":"es"},{"@type":"WebPage","@id":"https:\/\/experienciadevida.com.ar\/portalurbano\/fiesta-aniversario-de-olavarria-2020-celebramos-desde-casa\/","url":"https:\/\/experienciadevida.com.ar\/portalurbano\/fiesta-aniversario-de-olavarria-2020-celebramos-desde-casa\/","name":"Fiesta aniversario de Olavarr\u00eda 2020: Celebramos desde casa","isPartOf":{"@id":"https:\/\/experienciadevida.com.ar\/portalurbano\/#website"},"datePublished":"2020-11-13T15:40:17+00:00","dateModified":"2020-11-13T15:40:18+00:00","description":"Nueva\u00a0fiesta aniversario de Olavarr\u00eda 2020, con una novedosa propuesta para destacar esta fecha tan importante para todos los olavarrienses.","breadcrumb":{"@id":"https:\/\/experienciadevida.com.ar\/portalurbano\/fiesta-aniversario-de-olavarria-2020-celebramos-desde-casa\/#breadcrumb"},"inLanguage":"es","potentialAction":[{"@type":"ReadAction","target":["https:\/\/experienciadevida.com.ar\/portalurbano\/fiesta-aniversario-de-olavarria-2020-celebramos-desde-casa\/"]}]},{"@type":"BreadcrumbList","@id":"https:\/\/experienciadevida.com.ar\/portalurbano\/fiesta-aniversario-de-olavarria-2020-celebramos-desde-casa\/#breadcrumb","itemListElement":[{"@type":"ListItem","position":1,"name":"Portada","item":"https:\/\/experienciadevida.com.ar\/portalurbano\/"},{"@type":"ListItem","position":2,"name":"Fiesta Aniversario de Olavarr\u00eda 2020: Celebramos desde casa"}]},{"@type":"WebSite","@id":"https:\/\/experienciadevida.com.ar\/portalurbano\/#website","url":"https:\/\/experienciadevida.com.ar\/portalurbano\/","name":"","description":"","publisher":{"@id":"https:\/\/experienciadevida.com.ar\/portalurbano\/#organization"},"potentialAction":[{"@type":"SearchAction","target":{"@type":"EntryPoint","urlTemplate":"https:\/\/experienciadevida.com.ar\/portalurbano\/?s={search_term_string}"},"query-input":"required name=search_term_string"}],"inLanguage":"es"},{"@type":"Organization","@id":"https:\/\/experienciadevida.com.ar\/portalurbano\/#organization","name":"Portal Urbano","url":"https:\/\/experienciadevida.com.ar\/portalurbano\/","logo":{"@type":"ImageObject","inLanguage":"es","@id":"https:\/\/experienciadevida.com.ar\/portalurbano\/#\/schema\/logo\/image\/","url":"https:\/\/experienciadevida.com.ar\/portalurbano\/wp-content\/uploads\/2019\/09\/Logo-Original.png","contentUrl":"https:\/\/experienciadevida.com.ar\/portalurbano\/wp-content\/uploads\/2019\/09\/Logo-Original.png","width":2236,"height":1216,"caption":"Portal Urbano"},"image":{"@id":"https:\/\/experienciadevida.com.ar\/portalurbano\/#\/schema\/logo\/image\/"},"sameAs":["https:\/\/www.facebook.com\/Portal-Urbano-171542830093757\/","https:\/\/twitter.com\/portalurbanook","https:\/\/www.instagram.com\/_portalurbano\/","https:\/\/www.youtube.com\/channel\/UCXhagIfszH8KxFiOok79zbA?view_as=subscriber"]},{"@type":"Person","@id":"https:\/\/experienciadevida.com.ar\/portalurbano\/#\/schema\/person\/02dd326b1c4b056e9cc972486934a3a7","name":"admpu17wp","image":{"@type":"ImageObject","inLanguage":"es","@id":"https:\/\/experienciadevida.com.ar\/portalurbano\/#\/schema\/person\/image\/","url":"https:\/\/secure.gravatar.com\/avatar\/830d4c57adaae6630765e449a6908047?s=96&d=mm&r=g","contentUrl":"https:\/\/secure.gravatar.com\/avatar\/830d4c57adaae6630765e449a6908047?s=96&d=mm&r=g","caption":"admpu17wp"}}]}},"featured_image_urls":{"full":["https:\/\/experienciadevida.com.ar\/portalurbano\/wp-content\/uploads\/2020\/11\/Fiesta-aniversario-de-Olavarria-2020-e1605281893997.jpg",765,510,false],"thumbnail":["https:\/\/experienciadevida.com.ar\/portalurbano\/wp-content\/uploads\/2020\/11\/Fiesta-aniversario-de-Olavarria-2020-150x150.jpg",150,150,true],"medium":["https:\/\/experienciadevida.com.ar\/portalurbano\/wp-content\/uploads\/2020\/11\/Fiesta-aniversario-de-Olavarria-2020-300x200.jpg",300,200,true],"medium_large":["https:\/\/experienciadevida.com.ar\/portalurbano\/wp-content\/uploads\/2020\/11\/Fiesta-aniversario-de-Olavarria-2020-768x512.jpg",640,427,true],"large":["https:\/\/experienciadevida.com.ar\/portalurbano\/wp-content\/uploads\/2020\/11\/Fiesta-aniversario-de-Olavarria-2020-1024x683.jpg",640,427,true],"ug_big":["https:\/\/experienciadevida.com.ar\/portalurbano\/wp-content\/uploads\/2020\/11\/Fiesta-aniversario-de-Olavarria-2020-768x512.jpg",768,512,true],"1536x1536":["https:\/\/experienciadevida.com.ar\/portalurbano\/wp-content\/uploads\/2020\/11\/Fiesta-aniversario-de-Olavarria-2020-1536x1024.jpg",1536,1024,true],"2048x2048":["https:\/\/experienciadevida.com.ar\/portalurbano\/wp-content\/uploads\/2020\/11\/Fiesta-aniversario-de-Olavarria-2020-e1605281893997.jpg",765,510,false],"newsever-slider-full":["https:\/\/experienciadevida.com.ar\/portalurbano\/wp-content\/uploads\/2020\/11\/Fiesta-aniversario-de-Olavarria-2020-e1605281893997.jpg",765,510,false],"newsever-featured":["https:\/\/experienciadevida.com.ar\/portalurbano\/wp-content\/uploads\/2020\/11\/Fiesta-aniversario-de-Olavarria-2020-e1605281893997.jpg",765,510,false],"newsever-medium":["https:\/\/experienciadevida.com.ar\/portalurbano\/wp-content\/uploads\/2020\/11\/Fiesta-aniversario-de-Olavarria-2020-e1605281893997.jpg",713,475,false],"web-stories-poster-portrait":["https:\/\/experienciadevida.com.ar\/portalurbano\/wp-content\/uploads\/2020\/11\/Fiesta-aniversario-de-Olavarria-2020-e1605281893997.jpg",640,427,false],"web-stories-publisher-logo":["https:\/\/experienciadevida.com.ar\/portalurbano\/wp-content\/uploads\/2020\/11\/Fiesta-aniversario-de-Olavarria-2020-e1605281893997.jpg",96,64,false],"web-stories-thumbnail":["https:\/\/experienciadevida.com.ar\/portalurbano\/wp-content\/uploads\/2020\/11\/Fiesta-aniversario-de-Olavarria-2020-e1605281893997.jpg",150,100,false]},"author_info":{"display_name":"admpu17wp","author_link":"https:\/\/experienciadevida.com.ar\/portalurbano\/author\/admpu17wp\/"},"category_info":"<a href=\"https:\/\/experienciadevida.com.ar\/portalurbano\/category\/ciudad\/\" rel=\"category tag\">Ciudad<\/a> <a href=\"https:\/\/experienciadevida.com.ar\/portalurbano\/category\/destacadas\/\" rel=\"category tag\">Destacadas<\/a>","tag_info":"Destacadas","comment_count":"0","amp_enabled":true,"_links":{"self":[{"href":"https:\/\/experienciadevida.com.ar\/portalurbano\/wp-json\/wp\/v2\/posts\/127161"}],"collection":[{"href":"https:\/\/experienciadevida.com.ar\/portalurbano\/wp-json\/wp\/v2\/posts"}],"about":[{"href":"https:\/\/experienciadevida.com.ar\/portalurbano\/wp-json\/wp\/v2\/types\/post"}],"author":[{"embeddable":true,"href":"https:\/\/experienciadevida.com.ar\/portalurbano\/wp-json\/wp\/v2\/users\/1"}],"replies":[{"embeddable":true,"href":"https:\/\/experienciadevida.com.ar\/portalurbano\/wp-json\/wp\/v2\/comments?post=127161"}],"version-history":[{"count":2,"href":"https:\/\/experienciadevida.com.ar\/portalurbano\/wp-json\/wp\/v2\/posts\/127161\/revisions"}],"predecessor-version":[{"id":127166,"href":"https:\/\/experienciadevida.com.ar\/portalurbano\/wp-json\/wp\/v2\/posts\/127161\/revisions\/127166"}],"wp:featuredmedia":[{"embeddable":true,"href":"https:\/\/experienciadevida.com.ar\/portalurbano\/wp-json\/wp\/v2\/media\/127162"}],"wp:attachment":[{"href":"https:\/\/experienciadevida.com.ar\/portalurbano\/wp-json\/wp\/v2\/media?parent=127161"}],"wp:term":[{"taxonomy":"category","embeddable":true,"href":"https:\/\/experienciadevida.com.ar\/portalurbano\/wp-json\/wp\/v2\/categories?post=127161"},{"taxonomy":"post_tag","embeddable":true,"href":"https:\/\/experienciadevida.com.ar\/portalurbano\/wp-json\/wp\/v2\/tags?post=127161"}],"curies":[{"name":"wp","href":"https:\/\/api.w.org\/{rel}","templated":true}]}}