{"id":127008,"date":"2020-11-12T10:28:56","date_gmt":"2020-11-12T13:28:56","guid":{"rendered":"https:\/\/experienciadevida.com.ar\/portalurbano\/?p=127008"},"modified":"2020-11-12T10:43:03","modified_gmt":"2020-11-12T13:43:03","slug":"habra-una-calle-con-el-nombre-capitan-de-corbeta-diego-wagner","status":"publish","type":"post","link":"https:\/\/experienciadevida.com.ar\/portalurbano\/habra-una-calle-con-el-nombre-capitan-de-corbeta-diego-wagner\/","title":{"rendered":"Habr\u00e1 una calle con el nombre Capitan de Corbeta Diego Wagner"},"content":{"rendered":"<p>Este jueves comenz\u00f3 a sesionar el <a href=\"https:\/\/www.youtube.com\/watch?v=WjbUePjP0Fs\">hcd<\/a> en el recinto de la Sociedad Espa\u00f1ola, con varios proyectos y con casi la totalidad de los concejales excepto <a href=\"https:\/\/www.facebook.com\/nicolas.marinangeli.73\">Nicol\u00e1s Marinangeli.<\/a> La edil Gabriela Del\u00eda fue quien izo la bandera y dio comienzo la sesi\u00f3n, donde se aprob\u00f3 el nombre de una calle como <strong>capit\u00e1n de corbeta Diego Wagner<\/strong>.<\/p>\n<p>En primer lugar se trat\u00f3 el proyecto\u00a0 de ordenanza del bloque juntos por el cambio, modificando el nombre de la calle Gobernador Valent\u00edn Vergara por el de<strong> Capit\u00e1n Corbeta Diego Manuel Wagner<\/strong>,\u00a0 en conjunto con el expediente sobre un benepl\u00e1cito por la imposici\u00f3n del nombre Diego Wagner a la escuela n\u00b016.<\/p>\n<p><a href=\"https:\/\/www.facebook.com\/brunocenizo\">Bruno Cenizo<\/a> mencion\u00f3 <em>&#8220;agradecemos la presencia de <a href=\"https:\/\/www.facebook.com\/emilio.wagner.10\">Emilio<\/a> y Catalina y los familiares de Diego a este llamado\u00a0 y a otros. Esta iniciativa del expediente que est\u00e1 en tratamiento surge por la necesidad de la familia de Diego de visibilizar a\u00fan m\u00e1s el nombre de su hijo, un h\u00e9roe local. Ten\u00edamos algunos monumentos como el del submarino que hizo su padre en la localidad de Hinojo, el Parque Lineal de Villa Magdalena que tambi\u00e9n lleva el nombre, pero sent\u00edan que no era suficiente dado que en otras ciudades se les puso el nombre a una calle Diego Wagner\u00a0 y en la ciudad de la cual era oriundo no contaba con una calle&#8221;.<\/em><\/p>\n<p><a href=\"https:\/\/experienciadevida.com.ar\/portalurbano\/impusieron-una-calle-con-el-nombre-capitan-de-corbeta-diego-wagner\/cenizo-5\/\" rel=\"attachment wp-att-127013\"><img decoding=\"async\" class=\"alignnone size-full wp-image-127013\" src=\"https:\/\/experienciadevida.com.ar\/portalurbano\/wp-content\/uploads\/2020\/11\/Cenizo.png\" alt=\"\" width=\"841\" height=\"467\" srcset=\"https:\/\/experienciadevida.com.ar\/portalurbano\/wp-content\/uploads\/2020\/11\/Cenizo.png 841w, https:\/\/experienciadevida.com.ar\/portalurbano\/wp-content\/uploads\/2020\/11\/Cenizo-300x167.png 300w, https:\/\/experienciadevida.com.ar\/portalurbano\/wp-content\/uploads\/2020\/11\/Cenizo-768x426.png 768w\" sizes=\"(max-width: 841px) 100vw, 841px\" \/><\/a><\/p>\n<p><em>&#8220;El pr\u00f3ximo 15 de noviembre se va a cumplir otro aniversario m\u00e1s, el tercer aniversario de la desaparici\u00f3n del submarino Ara San Juan y con \u00e9l la desaparici\u00f3n y el fallecimiento de 44 tripulantes entre los cuales tenemos la desgracia de tener uno nacido y criado en Olavarr\u00eda formado en la escuela industrial que contin\u00fao sus estudios en el instituto naval, se recibi\u00f3 de Licenciado en Administraci\u00f3n de recursos navales. En cada uno de los cargos que ocup\u00f3 se destaca el profesionalismo y en la excelencia en cada una de las tareas que desarroll\u00f3&#8221;.<\/em><\/p>\n<p>Por otro lado,<em> &#8220;conoc\u00eda los riesgos, sab\u00eda lo peligroso que era estar en el submarino pero defend\u00eda el mar, que los buques no se lleven los recursos Argentinos. Debemos visibilizar el nombre de Diego y recordar como lo que fue, como un h\u00e9roe&#8221;.<\/em><\/p>\n<p>Adem\u00e1s la escuela n\u00b016 llevar\u00e1 tambi\u00e9n su nombre.<\/p>\n<p>Ambos proyectos fueron aprobados por unanimdad.<\/p>\n","protected":false},"excerpt":{"rendered":"<p>Este jueves comenz\u00f3 a sesionar el hcd en el recinto de la Sociedad Espa\u00f1ola, con&#8230;<\/p>\n","protected":false},"author":1,"featured_media":127009,"comment_status":"closed","ping_status":"closed","sticky":false,"template":"","format":"standard","meta":{"content-type":""},"categories":[51,43],"tags":[],"nelio_content":{"isAutoShareEnabled":false,"autoShareEndMode":"default","automationSources":{"useContentSentences":true,"useSocialTemplates":true,"useCustomSentences":false,"customSentences":[]},"followers":[1],"suggestedReferences":[],"includedReferences":["https:\/\/www.youtube.com\/watch?v=WjbUePjP0Fs"],"efiUrl":"","efiAlt":"","highlights":[]},"yoast_head":"<!-- This site is optimized with the Yoast SEO plugin v20.7 - https:\/\/yoast.com\/wordpress\/plugins\/seo\/ -->\n<title>Habr\u00e1 una calle con el nombre Capit\u00e1n de Corbeta Diego Wanger<\/title>\n<meta name=\"description\" content=\"Se aprob\u00f3 por unanimidad el proyecto y habr\u00e1 una calle con el nombre de Capit\u00e1n de corbeta Diego Wagner, en nuestra ciudad.\" \/>\n<meta name=\"robots\" content=\"index, follow, max-snippet:-1, max-image-preview:large, max-video-preview:-1\" \/>\n<link rel=\"canonical\" href=\"https:\/\/experienciadevida.com.ar\/portalurbano\/habra-una-calle-con-el-nombre-capitan-de-corbeta-diego-wagner\/\" \/>\n<meta property=\"og:locale\" content=\"es_ES\" \/>\n<meta property=\"og:type\" content=\"article\" \/>\n<meta property=\"og:title\" content=\"Habr\u00e1 una calle con el nombre Capit\u00e1n de Corbeta Diego Wanger\" \/>\n<meta property=\"og:description\" content=\"Se aprob\u00f3 por unanimidad el proyecto y habr\u00e1 una calle con el nombre de Capit\u00e1n de corbeta Diego Wagner, en nuestra ciudad.\" \/>\n<meta property=\"og:url\" content=\"https:\/\/experienciadevida.com.ar\/portalurbano\/habra-una-calle-con-el-nombre-capitan-de-corbeta-diego-wagner\/\" \/>\n<meta property=\"article:publisher\" content=\"https:\/\/www.facebook.com\/Portal-Urbano-171542830093757\/\" \/>\n<meta property=\"article:published_time\" content=\"2020-11-12T13:28:56+00:00\" \/>\n<meta property=\"article:modified_time\" content=\"2020-11-12T13:43:03+00:00\" \/>\n<meta property=\"og:image\" content=\"https:\/\/experienciadevida.com.ar\/portalurbano\/wp-content\/uploads\/2020\/11\/SESION-HCD.png\" \/>\n\t<meta property=\"og:image:width\" content=\"832\" \/>\n\t<meta property=\"og:image:height\" content=\"462\" \/>\n\t<meta property=\"og:image:type\" content=\"image\/png\" \/>\n<meta name=\"author\" content=\"admpu17wp\" \/>\n<meta name=\"twitter:card\" content=\"summary_large_image\" \/>\n<meta name=\"twitter:creator\" content=\"@portalurbanook\" \/>\n<meta name=\"twitter:site\" content=\"@portalurbanook\" \/>\n<meta name=\"twitter:label1\" content=\"Escrito por\" \/>\n\t<meta name=\"twitter:data1\" content=\"admpu17wp\" \/>\n\t<meta name=\"twitter:label2\" content=\"Tiempo de lectura\" \/>\n\t<meta name=\"twitter:data2\" content=\"2 minutos\" \/>\n<script type=\"application\/ld+json\" class=\"yoast-schema-graph\">{\"@context\":\"https:\/\/schema.org\",\"@graph\":[{\"@type\":\"Article\",\"@id\":\"https:\/\/experienciadevida.com.ar\/portalurbano\/habra-una-calle-con-el-nombre-capitan-de-corbeta-diego-wagner\/#article\",\"isPartOf\":{\"@id\":\"https:\/\/experienciadevida.com.ar\/portalurbano\/habra-una-calle-con-el-nombre-capitan-de-corbeta-diego-wagner\/\"},\"author\":{\"name\":\"admpu17wp\",\"@id\":\"https:\/\/experienciadevida.com.ar\/portalurbano\/#\/schema\/person\/02dd326b1c4b056e9cc972486934a3a7\"},\"headline\":\"Habr\u00e1 una calle con el nombre Capitan de Corbeta Diego Wagner\",\"datePublished\":\"2020-11-12T13:28:56+00:00\",\"dateModified\":\"2020-11-12T13:43:03+00:00\",\"mainEntityOfPage\":{\"@id\":\"https:\/\/experienciadevida.com.ar\/portalurbano\/habra-una-calle-con-el-nombre-capitan-de-corbeta-diego-wagner\/\"},\"wordCount\":407,\"publisher\":{\"@id\":\"https:\/\/experienciadevida.com.ar\/portalurbano\/#organization\"},\"articleSection\":[\"Destacadas\",\"Pol\u00edtica\"],\"inLanguage\":\"es\"},{\"@type\":\"WebPage\",\"@id\":\"https:\/\/experienciadevida.com.ar\/portalurbano\/habra-una-calle-con-el-nombre-capitan-de-corbeta-diego-wagner\/\",\"url\":\"https:\/\/experienciadevida.com.ar\/portalurbano\/habra-una-calle-con-el-nombre-capitan-de-corbeta-diego-wagner\/\",\"name\":\"Habr\u00e1 una calle con el nombre Capit\u00e1n de Corbeta Diego Wanger\",\"isPartOf\":{\"@id\":\"https:\/\/experienciadevida.com.ar\/portalurbano\/#website\"},\"datePublished\":\"2020-11-12T13:28:56+00:00\",\"dateModified\":\"2020-11-12T13:43:03+00:00\",\"description\":\"Se aprob\u00f3 por unanimidad el proyecto y habr\u00e1 una calle con el nombre de Capit\u00e1n de corbeta Diego Wagner, en nuestra ciudad.\",\"breadcrumb\":{\"@id\":\"https:\/\/experienciadevida.com.ar\/portalurbano\/habra-una-calle-con-el-nombre-capitan-de-corbeta-diego-wagner\/#breadcrumb\"},\"inLanguage\":\"es\",\"potentialAction\":[{\"@type\":\"ReadAction\",\"target\":[\"https:\/\/experienciadevida.com.ar\/portalurbano\/habra-una-calle-con-el-nombre-capitan-de-corbeta-diego-wagner\/\"]}]},{\"@type\":\"BreadcrumbList\",\"@id\":\"https:\/\/experienciadevida.com.ar\/portalurbano\/habra-una-calle-con-el-nombre-capitan-de-corbeta-diego-wagner\/#breadcrumb\",\"itemListElement\":[{\"@type\":\"ListItem\",\"position\":1,\"name\":\"Portada\",\"item\":\"https:\/\/experienciadevida.com.ar\/portalurbano\/\"},{\"@type\":\"ListItem\",\"position\":2,\"name\":\"Habr\u00e1 una calle con el nombre Capitan de Corbeta Diego Wagner\"}]},{\"@type\":\"WebSite\",\"@id\":\"https:\/\/experienciadevida.com.ar\/portalurbano\/#website\",\"url\":\"https:\/\/experienciadevida.com.ar\/portalurbano\/\",\"name\":\"\",\"description\":\"\",\"publisher\":{\"@id\":\"https:\/\/experienciadevida.com.ar\/portalurbano\/#organization\"},\"potentialAction\":[{\"@type\":\"SearchAction\",\"target\":{\"@type\":\"EntryPoint\",\"urlTemplate\":\"https:\/\/experienciadevida.com.ar\/portalurbano\/?s={search_term_string}\"},\"query-input\":\"required name=search_term_string\"}],\"inLanguage\":\"es\"},{\"@type\":\"Organization\",\"@id\":\"https:\/\/experienciadevida.com.ar\/portalurbano\/#organization\",\"name\":\"Portal Urbano\",\"url\":\"https:\/\/experienciadevida.com.ar\/portalurbano\/\",\"logo\":{\"@type\":\"ImageObject\",\"inLanguage\":\"es\",\"@id\":\"https:\/\/experienciadevida.com.ar\/portalurbano\/#\/schema\/logo\/image\/\",\"url\":\"https:\/\/experienciadevida.com.ar\/portalurbano\/wp-content\/uploads\/2019\/09\/Logo-Original.png\",\"contentUrl\":\"https:\/\/experienciadevida.com.ar\/portalurbano\/wp-content\/uploads\/2019\/09\/Logo-Original.png\",\"width\":2236,\"height\":1216,\"caption\":\"Portal Urbano\"},\"image\":{\"@id\":\"https:\/\/experienciadevida.com.ar\/portalurbano\/#\/schema\/logo\/image\/\"},\"sameAs\":[\"https:\/\/www.facebook.com\/Portal-Urbano-171542830093757\/\",\"https:\/\/twitter.com\/portalurbanook\",\"https:\/\/www.instagram.com\/_portalurbano\/\",\"https:\/\/www.youtube.com\/channel\/UCXhagIfszH8KxFiOok79zbA?view_as=subscriber\"]},{\"@type\":\"Person\",\"@id\":\"https:\/\/experienciadevida.com.ar\/portalurbano\/#\/schema\/person\/02dd326b1c4b056e9cc972486934a3a7\",\"name\":\"admpu17wp\",\"image\":{\"@type\":\"ImageObject\",\"inLanguage\":\"es\",\"@id\":\"https:\/\/experienciadevida.com.ar\/portalurbano\/#\/schema\/person\/image\/\",\"url\":\"https:\/\/secure.gravatar.com\/avatar\/830d4c57adaae6630765e449a6908047?s=96&d=mm&r=g\",\"contentUrl\":\"https:\/\/secure.gravatar.com\/avatar\/830d4c57adaae6630765e449a6908047?s=96&d=mm&r=g\",\"caption\":\"admpu17wp\"}}]}<\/script>\n<!-- \/ Yoast SEO plugin. -->","yoast_head_json":{"title":"Habr\u00e1 una calle con el nombre Capit\u00e1n de Corbeta Diego Wanger","description":"Se aprob\u00f3 por unanimidad el proyecto y habr\u00e1 una calle con el nombre de Capit\u00e1n de corbeta Diego Wagner, en nuestra ciudad.","robots":{"index":"index","follow":"follow","max-snippet":"max-snippet:-1","max-image-preview":"max-image-preview:large","max-video-preview":"max-video-preview:-1"},"canonical":"https:\/\/experienciadevida.com.ar\/portalurbano\/habra-una-calle-con-el-nombre-capitan-de-corbeta-diego-wagner\/","og_locale":"es_ES","og_type":"article","og_title":"Habr\u00e1 una calle con el nombre Capit\u00e1n de Corbeta Diego Wanger","og_description":"Se aprob\u00f3 por unanimidad el proyecto y habr\u00e1 una calle con el nombre de Capit\u00e1n de corbeta Diego Wagner, en nuestra ciudad.","og_url":"https:\/\/experienciadevida.com.ar\/portalurbano\/habra-una-calle-con-el-nombre-capitan-de-corbeta-diego-wagner\/","article_publisher":"https:\/\/www.facebook.com\/Portal-Urbano-171542830093757\/","article_published_time":"2020-11-12T13:28:56+00:00","article_modified_time":"2020-11-12T13:43:03+00:00","og_image":[{"width":832,"height":462,"url":"https:\/\/experienciadevida.com.ar\/portalurbano\/wp-content\/uploads\/2020\/11\/SESION-HCD.png","type":"image\/png"}],"author":"admpu17wp","twitter_card":"summary_large_image","twitter_creator":"@portalurbanook","twitter_site":"@portalurbanook","twitter_misc":{"Escrito por":"admpu17wp","Tiempo de lectura":"2 minutos"},"schema":{"@context":"https:\/\/schema.org","@graph":[{"@type":"Article","@id":"https:\/\/experienciadevida.com.ar\/portalurbano\/habra-una-calle-con-el-nombre-capitan-de-corbeta-diego-wagner\/#article","isPartOf":{"@id":"https:\/\/experienciadevida.com.ar\/portalurbano\/habra-una-calle-con-el-nombre-capitan-de-corbeta-diego-wagner\/"},"author":{"name":"admpu17wp","@id":"https:\/\/experienciadevida.com.ar\/portalurbano\/#\/schema\/person\/02dd326b1c4b056e9cc972486934a3a7"},"headline":"Habr\u00e1 una calle con el nombre Capitan de Corbeta Diego Wagner","datePublished":"2020-11-12T13:28:56+00:00","dateModified":"2020-11-12T13:43:03+00:00","mainEntityOfPage":{"@id":"https:\/\/experienciadevida.com.ar\/portalurbano\/habra-una-calle-con-el-nombre-capitan-de-corbeta-diego-wagner\/"},"wordCount":407,"publisher":{"@id":"https:\/\/experienciadevida.com.ar\/portalurbano\/#organization"},"articleSection":["Destacadas","Pol\u00edtica"],"inLanguage":"es"},{"@type":"WebPage","@id":"https:\/\/experienciadevida.com.ar\/portalurbano\/habra-una-calle-con-el-nombre-capitan-de-corbeta-diego-wagner\/","url":"https:\/\/experienciadevida.com.ar\/portalurbano\/habra-una-calle-con-el-nombre-capitan-de-corbeta-diego-wagner\/","name":"Habr\u00e1 una calle con el nombre Capit\u00e1n de Corbeta Diego Wanger","isPartOf":{"@id":"https:\/\/experienciadevida.com.ar\/portalurbano\/#website"},"datePublished":"2020-11-12T13:28:56+00:00","dateModified":"2020-11-12T13:43:03+00:00","description":"Se aprob\u00f3 por unanimidad el proyecto y habr\u00e1 una calle con el nombre de Capit\u00e1n de corbeta Diego Wagner, en nuestra ciudad.","breadcrumb":{"@id":"https:\/\/experienciadevida.com.ar\/portalurbano\/habra-una-calle-con-el-nombre-capitan-de-corbeta-diego-wagner\/#breadcrumb"},"inLanguage":"es","potentialAction":[{"@type":"ReadAction","target":["https:\/\/experienciadevida.com.ar\/portalurbano\/habra-una-calle-con-el-nombre-capitan-de-corbeta-diego-wagner\/"]}]},{"@type":"BreadcrumbList","@id":"https:\/\/experienciadevida.com.ar\/portalurbano\/habra-una-calle-con-el-nombre-capitan-de-corbeta-diego-wagner\/#breadcrumb","itemListElement":[{"@type":"ListItem","position":1,"name":"Portada","item":"https:\/\/experienciadevida.com.ar\/portalurbano\/"},{"@type":"ListItem","position":2,"name":"Habr\u00e1 una calle con el nombre Capitan de Corbeta Diego Wagner"}]},{"@type":"WebSite","@id":"https:\/\/experienciadevida.com.ar\/portalurbano\/#website","url":"https:\/\/experienciadevida.com.ar\/portalurbano\/","name":"","description":"","publisher":{"@id":"https:\/\/experienciadevida.com.ar\/portalurbano\/#organization"},"potentialAction":[{"@type":"SearchAction","target":{"@type":"EntryPoint","urlTemplate":"https:\/\/experienciadevida.com.ar\/portalurbano\/?s={search_term_string}"},"query-input":"required name=search_term_string"}],"inLanguage":"es"},{"@type":"Organization","@id":"https:\/\/experienciadevida.com.ar\/portalurbano\/#organization","name":"Portal Urbano","url":"https:\/\/experienciadevida.com.ar\/portalurbano\/","logo":{"@type":"ImageObject","inLanguage":"es","@id":"https:\/\/experienciadevida.com.ar\/portalurbano\/#\/schema\/logo\/image\/","url":"https:\/\/experienciadevida.com.ar\/portalurbano\/wp-content\/uploads\/2019\/09\/Logo-Original.png","contentUrl":"https:\/\/experienciadevida.com.ar\/portalurbano\/wp-content\/uploads\/2019\/09\/Logo-Original.png","width":2236,"height":1216,"caption":"Portal Urbano"},"image":{"@id":"https:\/\/experienciadevida.com.ar\/portalurbano\/#\/schema\/logo\/image\/"},"sameAs":["https:\/\/www.facebook.com\/Portal-Urbano-171542830093757\/","https:\/\/twitter.com\/portalurbanook","https:\/\/www.instagram.com\/_portalurbano\/","https:\/\/www.youtube.com\/channel\/UCXhagIfszH8KxFiOok79zbA?view_as=subscriber"]},{"@type":"Person","@id":"https:\/\/experienciadevida.com.ar\/portalurbano\/#\/schema\/person\/02dd326b1c4b056e9cc972486934a3a7","name":"admpu17wp","image":{"@type":"ImageObject","inLanguage":"es","@id":"https:\/\/experienciadevida.com.ar\/portalurbano\/#\/schema\/person\/image\/","url":"https:\/\/secure.gravatar.com\/avatar\/830d4c57adaae6630765e449a6908047?s=96&d=mm&r=g","contentUrl":"https:\/\/secure.gravatar.com\/avatar\/830d4c57adaae6630765e449a6908047?s=96&d=mm&r=g","caption":"admpu17wp"}}]}},"featured_image_urls":{"full":["https:\/\/experienciadevida.com.ar\/portalurbano\/wp-content\/uploads\/2020\/11\/SESION-HCD.png",832,462,false],"thumbnail":["https:\/\/experienciadevida.com.ar\/portalurbano\/wp-content\/uploads\/2020\/11\/SESION-HCD-150x150.png",150,150,true],"medium":["https:\/\/experienciadevida.com.ar\/portalurbano\/wp-content\/uploads\/2020\/11\/SESION-HCD-300x167.png",300,167,true],"medium_large":["https:\/\/experienciadevida.com.ar\/portalurbano\/wp-content\/uploads\/2020\/11\/SESION-HCD-768x426.png",640,355,true],"large":["https:\/\/experienciadevida.com.ar\/portalurbano\/wp-content\/uploads\/2020\/11\/SESION-HCD.png",640,355,false],"ug_big":["https:\/\/experienciadevida.com.ar\/portalurbano\/wp-content\/uploads\/2020\/11\/SESION-HCD-768x426.png",768,426,true],"1536x1536":["https:\/\/experienciadevida.com.ar\/portalurbano\/wp-content\/uploads\/2020\/11\/SESION-HCD.png",832,462,false],"2048x2048":["https:\/\/experienciadevida.com.ar\/portalurbano\/wp-content\/uploads\/2020\/11\/SESION-HCD.png",832,462,false],"newsever-slider-full":["https:\/\/experienciadevida.com.ar\/portalurbano\/wp-content\/uploads\/2020\/11\/SESION-HCD.png",832,462,false],"newsever-featured":["https:\/\/experienciadevida.com.ar\/portalurbano\/wp-content\/uploads\/2020\/11\/SESION-HCD.png",832,462,false],"newsever-medium":["https:\/\/experienciadevida.com.ar\/portalurbano\/wp-content\/uploads\/2020\/11\/SESION-HCD.png",720,400,false],"web-stories-poster-portrait":["https:\/\/experienciadevida.com.ar\/portalurbano\/wp-content\/uploads\/2020\/11\/SESION-HCD.png",640,355,false],"web-stories-publisher-logo":["https:\/\/experienciadevida.com.ar\/portalurbano\/wp-content\/uploads\/2020\/11\/SESION-HCD.png",96,53,false],"web-stories-thumbnail":["https:\/\/experienciadevida.com.ar\/portalurbano\/wp-content\/uploads\/2020\/11\/SESION-HCD.png",150,83,false]},"author_info":{"display_name":"admpu17wp","author_link":"https:\/\/experienciadevida.com.ar\/portalurbano\/author\/admpu17wp\/"},"category_info":"<a href=\"https:\/\/experienciadevida.com.ar\/portalurbano\/category\/destacadas\/\" rel=\"category tag\">Destacadas<\/a> <a href=\"https:\/\/experienciadevida.com.ar\/portalurbano\/category\/politica\/\" rel=\"category tag\">Pol\u00edtica<\/a>","tag_info":"Pol\u00edtica","comment_count":"0","amp_enabled":true,"_links":{"self":[{"href":"https:\/\/experienciadevida.com.ar\/portalurbano\/wp-json\/wp\/v2\/posts\/127008"}],"collection":[{"href":"https:\/\/experienciadevida.com.ar\/portalurbano\/wp-json\/wp\/v2\/posts"}],"about":[{"href":"https:\/\/experienciadevida.com.ar\/portalurbano\/wp-json\/wp\/v2\/types\/post"}],"author":[{"embeddable":true,"href":"https:\/\/experienciadevida.com.ar\/portalurbano\/wp-json\/wp\/v2\/users\/1"}],"replies":[{"embeddable":true,"href":"https:\/\/experienciadevida.com.ar\/portalurbano\/wp-json\/wp\/v2\/comments?post=127008"}],"version-history":[{"count":7,"href":"https:\/\/experienciadevida.com.ar\/portalurbano\/wp-json\/wp\/v2\/posts\/127008\/revisions"}],"predecessor-version":[{"id":127020,"href":"https:\/\/experienciadevida.com.ar\/portalurbano\/wp-json\/wp\/v2\/posts\/127008\/revisions\/127020"}],"wp:featuredmedia":[{"embeddable":true,"href":"https:\/\/experienciadevida.com.ar\/portalurbano\/wp-json\/wp\/v2\/media\/127009"}],"wp:attachment":[{"href":"https:\/\/experienciadevida.com.ar\/portalurbano\/wp-json\/wp\/v2\/media?parent=127008"}],"wp:term":[{"taxonomy":"category","embeddable":true,"href":"https:\/\/experienciadevida.com.ar\/portalurbano\/wp-json\/wp\/v2\/categories?post=127008"},{"taxonomy":"post_tag","embeddable":true,"href":"https:\/\/experienciadevida.com.ar\/portalurbano\/wp-json\/wp\/v2\/tags?post=127008"}],"curies":[{"name":"wp","href":"https:\/\/api.w.org\/{rel}","templated":true}]}}