{"id":126989,"date":"2020-11-11T21:20:55","date_gmt":"2020-11-12T00:20:55","guid":{"rendered":"https:\/\/experienciadevida.com.ar\/portalurbano\/?p=126989"},"modified":"2020-11-11T21:21:19","modified_gmt":"2020-11-12T00:21:19","slug":"renuncio-bielsa-a-habitat-y-la-reemplaza-ferraresi","status":"publish","type":"post","link":"https:\/\/experienciadevida.com.ar\/portalurbano\/renuncio-bielsa-a-habitat-y-la-reemplaza-ferraresi\/","title":{"rendered":"Renunci\u00f3 Bielsa a H\u00e1bitat y la reemplaza Ferraresi"},"content":{"rendered":"<p>Renunci\u00f3\u00a0<strong>Bielsa\u00a0<\/strong>a h\u00e1bitat, se da despu\u00e9s de la carta de CFK y de un gesto previo de disconformidad del presidente Alberto Fern\u00e1ndez.<\/p>\n<p>Mar\u00eda Eugenia <strong>Bielsa<\/strong> present\u00f3 su renuncia al ministerio de Desarrollo Territorial y H\u00e1bitat de la Naci\u00f3n, en el que asumir\u00e1 el intendente de Avellaneda, Jorge Ferraresi<\/p>\n<p>La salida de la primera funcionaria en dejar su cargo, se produce tras la carta de la vicepresidenta Cristina Fern\u00e1ndez de Kirchner en la que afirm\u00f3 que \u201chay funcionarios que no funcionan\u201d.<\/p>\n<p>Antes de eso, el propio presidente Alberto Fern\u00e1ndez hab\u00eda expresado su disconformidad con el manejo del ministerio cuando le quitaron el Registro Nacional de Barrios Populares, para traspasarlo al ministerio de Desarrollo Humano.<\/p>\n<p>La salida se oficializar\u00e1 en las pr\u00f3ximas horas y su cargo lo ocupar\u00e1 el ahora intendente de Avellaneda, Ferraresi, un dirigente del kirchnerismo cercano a la vicepresidenta Cristina Fern\u00e1ndez.<\/p>\n<p>Fuente: DIB<\/p>\n","protected":false},"excerpt":{"rendered":"<p>Renunci\u00f3\u00a0Bielsa\u00a0a h\u00e1bitat, se da despu\u00e9s de la carta de CFK y de un gesto previo&#8230;<\/p>\n","protected":false},"author":1,"featured_media":126990,"comment_status":"closed","ping_status":"closed","sticky":false,"template":"","format":"standard","meta":{"content-type":""},"categories":[39],"tags":[],"nelio_content":{"isAutoShareEnabled":false,"autoShareEndMode":"default","automationSources":{"useContentSentences":true,"useSocialTemplates":true,"useCustomSentences":false,"customSentences":[]},"followers":[1],"suggestedReferences":[],"includedReferences":[],"efiUrl":"","efiAlt":"","highlights":[]},"yoast_head":"<!-- This site is optimized with the Yoast SEO plugin v20.7 - https:\/\/yoast.com\/wordpress\/plugins\/seo\/ -->\n<title>Renunci\u00f3 Bielsa a h\u00e1bitat y la reemplaza Ferraresi<\/title>\n<meta name=\"description\" content=\"Renunci\u00f3\u00a0Bielsa\u00a0a h\u00e1bitat, se da despu\u00e9s de la carta de CFK y de un gesto previo de disconformidad del presidente Alberto Fern\u00e1ndez.\" \/>\n<meta name=\"robots\" content=\"index, follow, max-snippet:-1, max-image-preview:large, max-video-preview:-1\" \/>\n<link rel=\"canonical\" href=\"https:\/\/experienciadevida.com.ar\/portalurbano\/renuncio-bielsa-a-habitat-y-la-reemplaza-ferraresi\/\" \/>\n<meta property=\"og:locale\" content=\"es_ES\" \/>\n<meta property=\"og:type\" content=\"article\" \/>\n<meta property=\"og:title\" content=\"Renunci\u00f3 Bielsa a h\u00e1bitat y la reemplaza Ferraresi\" \/>\n<meta property=\"og:description\" content=\"Renunci\u00f3\u00a0Bielsa\u00a0a h\u00e1bitat, se da despu\u00e9s de la carta de CFK y de un gesto previo de disconformidad del presidente Alberto Fern\u00e1ndez.\" \/>\n<meta property=\"og:url\" content=\"https:\/\/experienciadevida.com.ar\/portalurbano\/renuncio-bielsa-a-habitat-y-la-reemplaza-ferraresi\/\" \/>\n<meta property=\"article:publisher\" content=\"https:\/\/www.facebook.com\/Portal-Urbano-171542830093757\/\" \/>\n<meta property=\"article:published_time\" content=\"2020-11-12T00:20:55+00:00\" \/>\n<meta property=\"article:modified_time\" content=\"2020-11-12T00:21:19+00:00\" \/>\n<meta property=\"og:image\" content=\"https:\/\/experienciadevida.com.ar\/portalurbano\/wp-content\/uploads\/2020\/11\/Bielsa.jpeg\" \/>\n\t<meta property=\"og:image:width\" content=\"696\" \/>\n\t<meta property=\"og:image:height\" content=\"464\" \/>\n\t<meta property=\"og:image:type\" content=\"image\/jpeg\" \/>\n<meta name=\"author\" content=\"admpu17wp\" \/>\n<meta name=\"twitter:card\" content=\"summary_large_image\" \/>\n<meta name=\"twitter:creator\" content=\"@portalurbanook\" \/>\n<meta name=\"twitter:site\" content=\"@portalurbanook\" \/>\n<meta name=\"twitter:label1\" content=\"Escrito por\" \/>\n\t<meta name=\"twitter:data1\" content=\"admpu17wp\" \/>\n\t<meta name=\"twitter:label2\" content=\"Tiempo de lectura\" \/>\n\t<meta name=\"twitter:data2\" content=\"1 minuto\" \/>\n<script type=\"application\/ld+json\" class=\"yoast-schema-graph\">{\"@context\":\"https:\/\/schema.org\",\"@graph\":[{\"@type\":\"Article\",\"@id\":\"https:\/\/experienciadevida.com.ar\/portalurbano\/renuncio-bielsa-a-habitat-y-la-reemplaza-ferraresi\/#article\",\"isPartOf\":{\"@id\":\"https:\/\/experienciadevida.com.ar\/portalurbano\/renuncio-bielsa-a-habitat-y-la-reemplaza-ferraresi\/\"},\"author\":{\"name\":\"admpu17wp\",\"@id\":\"https:\/\/experienciadevida.com.ar\/portalurbano\/#\/schema\/person\/02dd326b1c4b056e9cc972486934a3a7\"},\"headline\":\"Renunci\u00f3 Bielsa a H\u00e1bitat y la reemplaza Ferraresi\",\"datePublished\":\"2020-11-12T00:20:55+00:00\",\"dateModified\":\"2020-11-12T00:21:19+00:00\",\"mainEntityOfPage\":{\"@id\":\"https:\/\/experienciadevida.com.ar\/portalurbano\/renuncio-bielsa-a-habitat-y-la-reemplaza-ferraresi\/\"},\"wordCount\":165,\"publisher\":{\"@id\":\"https:\/\/experienciadevida.com.ar\/portalurbano\/#organization\"},\"articleSection\":[\"Naci\u00f3n\"],\"inLanguage\":\"es\"},{\"@type\":\"WebPage\",\"@id\":\"https:\/\/experienciadevida.com.ar\/portalurbano\/renuncio-bielsa-a-habitat-y-la-reemplaza-ferraresi\/\",\"url\":\"https:\/\/experienciadevida.com.ar\/portalurbano\/renuncio-bielsa-a-habitat-y-la-reemplaza-ferraresi\/\",\"name\":\"Renunci\u00f3 Bielsa a h\u00e1bitat y la reemplaza Ferraresi\",\"isPartOf\":{\"@id\":\"https:\/\/experienciadevida.com.ar\/portalurbano\/#website\"},\"datePublished\":\"2020-11-12T00:20:55+00:00\",\"dateModified\":\"2020-11-12T00:21:19+00:00\",\"description\":\"Renunci\u00f3\u00a0Bielsa\u00a0a h\u00e1bitat, se da despu\u00e9s de la carta de CFK y de un gesto previo de disconformidad del presidente Alberto Fern\u00e1ndez.\",\"breadcrumb\":{\"@id\":\"https:\/\/experienciadevida.com.ar\/portalurbano\/renuncio-bielsa-a-habitat-y-la-reemplaza-ferraresi\/#breadcrumb\"},\"inLanguage\":\"es\",\"potentialAction\":[{\"@type\":\"ReadAction\",\"target\":[\"https:\/\/experienciadevida.com.ar\/portalurbano\/renuncio-bielsa-a-habitat-y-la-reemplaza-ferraresi\/\"]}]},{\"@type\":\"BreadcrumbList\",\"@id\":\"https:\/\/experienciadevida.com.ar\/portalurbano\/renuncio-bielsa-a-habitat-y-la-reemplaza-ferraresi\/#breadcrumb\",\"itemListElement\":[{\"@type\":\"ListItem\",\"position\":1,\"name\":\"Portada\",\"item\":\"https:\/\/experienciadevida.com.ar\/portalurbano\/\"},{\"@type\":\"ListItem\",\"position\":2,\"name\":\"Renunci\u00f3 Bielsa a H\u00e1bitat y la reemplaza Ferraresi\"}]},{\"@type\":\"WebSite\",\"@id\":\"https:\/\/experienciadevida.com.ar\/portalurbano\/#website\",\"url\":\"https:\/\/experienciadevida.com.ar\/portalurbano\/\",\"name\":\"\",\"description\":\"\",\"publisher\":{\"@id\":\"https:\/\/experienciadevida.com.ar\/portalurbano\/#organization\"},\"potentialAction\":[{\"@type\":\"SearchAction\",\"target\":{\"@type\":\"EntryPoint\",\"urlTemplate\":\"https:\/\/experienciadevida.com.ar\/portalurbano\/?s={search_term_string}\"},\"query-input\":\"required name=search_term_string\"}],\"inLanguage\":\"es\"},{\"@type\":\"Organization\",\"@id\":\"https:\/\/experienciadevida.com.ar\/portalurbano\/#organization\",\"name\":\"Portal Urbano\",\"url\":\"https:\/\/experienciadevida.com.ar\/portalurbano\/\",\"logo\":{\"@type\":\"ImageObject\",\"inLanguage\":\"es\",\"@id\":\"https:\/\/experienciadevida.com.ar\/portalurbano\/#\/schema\/logo\/image\/\",\"url\":\"https:\/\/experienciadevida.com.ar\/portalurbano\/wp-content\/uploads\/2019\/09\/Logo-Original.png\",\"contentUrl\":\"https:\/\/experienciadevida.com.ar\/portalurbano\/wp-content\/uploads\/2019\/09\/Logo-Original.png\",\"width\":2236,\"height\":1216,\"caption\":\"Portal Urbano\"},\"image\":{\"@id\":\"https:\/\/experienciadevida.com.ar\/portalurbano\/#\/schema\/logo\/image\/\"},\"sameAs\":[\"https:\/\/www.facebook.com\/Portal-Urbano-171542830093757\/\",\"https:\/\/twitter.com\/portalurbanook\",\"https:\/\/www.instagram.com\/_portalurbano\/\",\"https:\/\/www.youtube.com\/channel\/UCXhagIfszH8KxFiOok79zbA?view_as=subscriber\"]},{\"@type\":\"Person\",\"@id\":\"https:\/\/experienciadevida.com.ar\/portalurbano\/#\/schema\/person\/02dd326b1c4b056e9cc972486934a3a7\",\"name\":\"admpu17wp\",\"image\":{\"@type\":\"ImageObject\",\"inLanguage\":\"es\",\"@id\":\"https:\/\/experienciadevida.com.ar\/portalurbano\/#\/schema\/person\/image\/\",\"url\":\"https:\/\/secure.gravatar.com\/avatar\/830d4c57adaae6630765e449a6908047?s=96&d=mm&r=g\",\"contentUrl\":\"https:\/\/secure.gravatar.com\/avatar\/830d4c57adaae6630765e449a6908047?s=96&d=mm&r=g\",\"caption\":\"admpu17wp\"}}]}<\/script>\n<!-- \/ Yoast SEO plugin. -->","yoast_head_json":{"title":"Renunci\u00f3 Bielsa a h\u00e1bitat y la reemplaza Ferraresi","description":"Renunci\u00f3\u00a0Bielsa\u00a0a h\u00e1bitat, se da despu\u00e9s de la carta de CFK y de un gesto previo de disconformidad del presidente Alberto Fern\u00e1ndez.","robots":{"index":"index","follow":"follow","max-snippet":"max-snippet:-1","max-image-preview":"max-image-preview:large","max-video-preview":"max-video-preview:-1"},"canonical":"https:\/\/experienciadevida.com.ar\/portalurbano\/renuncio-bielsa-a-habitat-y-la-reemplaza-ferraresi\/","og_locale":"es_ES","og_type":"article","og_title":"Renunci\u00f3 Bielsa a h\u00e1bitat y la reemplaza Ferraresi","og_description":"Renunci\u00f3\u00a0Bielsa\u00a0a h\u00e1bitat, se da despu\u00e9s de la carta de CFK y de un gesto previo de disconformidad del presidente Alberto Fern\u00e1ndez.","og_url":"https:\/\/experienciadevida.com.ar\/portalurbano\/renuncio-bielsa-a-habitat-y-la-reemplaza-ferraresi\/","article_publisher":"https:\/\/www.facebook.com\/Portal-Urbano-171542830093757\/","article_published_time":"2020-11-12T00:20:55+00:00","article_modified_time":"2020-11-12T00:21:19+00:00","og_image":[{"width":696,"height":464,"url":"https:\/\/experienciadevida.com.ar\/portalurbano\/wp-content\/uploads\/2020\/11\/Bielsa.jpeg","type":"image\/jpeg"}],"author":"admpu17wp","twitter_card":"summary_large_image","twitter_creator":"@portalurbanook","twitter_site":"@portalurbanook","twitter_misc":{"Escrito por":"admpu17wp","Tiempo de lectura":"1 minuto"},"schema":{"@context":"https:\/\/schema.org","@graph":[{"@type":"Article","@id":"https:\/\/experienciadevida.com.ar\/portalurbano\/renuncio-bielsa-a-habitat-y-la-reemplaza-ferraresi\/#article","isPartOf":{"@id":"https:\/\/experienciadevida.com.ar\/portalurbano\/renuncio-bielsa-a-habitat-y-la-reemplaza-ferraresi\/"},"author":{"name":"admpu17wp","@id":"https:\/\/experienciadevida.com.ar\/portalurbano\/#\/schema\/person\/02dd326b1c4b056e9cc972486934a3a7"},"headline":"Renunci\u00f3 Bielsa a H\u00e1bitat y la reemplaza Ferraresi","datePublished":"2020-11-12T00:20:55+00:00","dateModified":"2020-11-12T00:21:19+00:00","mainEntityOfPage":{"@id":"https:\/\/experienciadevida.com.ar\/portalurbano\/renuncio-bielsa-a-habitat-y-la-reemplaza-ferraresi\/"},"wordCount":165,"publisher":{"@id":"https:\/\/experienciadevida.com.ar\/portalurbano\/#organization"},"articleSection":["Naci\u00f3n"],"inLanguage":"es"},{"@type":"WebPage","@id":"https:\/\/experienciadevida.com.ar\/portalurbano\/renuncio-bielsa-a-habitat-y-la-reemplaza-ferraresi\/","url":"https:\/\/experienciadevida.com.ar\/portalurbano\/renuncio-bielsa-a-habitat-y-la-reemplaza-ferraresi\/","name":"Renunci\u00f3 Bielsa a h\u00e1bitat y la reemplaza Ferraresi","isPartOf":{"@id":"https:\/\/experienciadevida.com.ar\/portalurbano\/#website"},"datePublished":"2020-11-12T00:20:55+00:00","dateModified":"2020-11-12T00:21:19+00:00","description":"Renunci\u00f3\u00a0Bielsa\u00a0a h\u00e1bitat, se da despu\u00e9s de la carta de CFK y de un gesto previo de disconformidad del presidente Alberto Fern\u00e1ndez.","breadcrumb":{"@id":"https:\/\/experienciadevida.com.ar\/portalurbano\/renuncio-bielsa-a-habitat-y-la-reemplaza-ferraresi\/#breadcrumb"},"inLanguage":"es","potentialAction":[{"@type":"ReadAction","target":["https:\/\/experienciadevida.com.ar\/portalurbano\/renuncio-bielsa-a-habitat-y-la-reemplaza-ferraresi\/"]}]},{"@type":"BreadcrumbList","@id":"https:\/\/experienciadevida.com.ar\/portalurbano\/renuncio-bielsa-a-habitat-y-la-reemplaza-ferraresi\/#breadcrumb","itemListElement":[{"@type":"ListItem","position":1,"name":"Portada","item":"https:\/\/experienciadevida.com.ar\/portalurbano\/"},{"@type":"ListItem","position":2,"name":"Renunci\u00f3 Bielsa a H\u00e1bitat y la reemplaza Ferraresi"}]},{"@type":"WebSite","@id":"https:\/\/experienciadevida.com.ar\/portalurbano\/#website","url":"https:\/\/experienciadevida.com.ar\/portalurbano\/","name":"","description":"","publisher":{"@id":"https:\/\/experienciadevida.com.ar\/portalurbano\/#organization"},"potentialAction":[{"@type":"SearchAction","target":{"@type":"EntryPoint","urlTemplate":"https:\/\/experienciadevida.com.ar\/portalurbano\/?s={search_term_string}"},"query-input":"required name=search_term_string"}],"inLanguage":"es"},{"@type":"Organization","@id":"https:\/\/experienciadevida.com.ar\/portalurbano\/#organization","name":"Portal Urbano","url":"https:\/\/experienciadevida.com.ar\/portalurbano\/","logo":{"@type":"ImageObject","inLanguage":"es","@id":"https:\/\/experienciadevida.com.ar\/portalurbano\/#\/schema\/logo\/image\/","url":"https:\/\/experienciadevida.com.ar\/portalurbano\/wp-content\/uploads\/2019\/09\/Logo-Original.png","contentUrl":"https:\/\/experienciadevida.com.ar\/portalurbano\/wp-content\/uploads\/2019\/09\/Logo-Original.png","width":2236,"height":1216,"caption":"Portal Urbano"},"image":{"@id":"https:\/\/experienciadevida.com.ar\/portalurbano\/#\/schema\/logo\/image\/"},"sameAs":["https:\/\/www.facebook.com\/Portal-Urbano-171542830093757\/","https:\/\/twitter.com\/portalurbanook","https:\/\/www.instagram.com\/_portalurbano\/","https:\/\/www.youtube.com\/channel\/UCXhagIfszH8KxFiOok79zbA?view_as=subscriber"]},{"@type":"Person","@id":"https:\/\/experienciadevida.com.ar\/portalurbano\/#\/schema\/person\/02dd326b1c4b056e9cc972486934a3a7","name":"admpu17wp","image":{"@type":"ImageObject","inLanguage":"es","@id":"https:\/\/experienciadevida.com.ar\/portalurbano\/#\/schema\/person\/image\/","url":"https:\/\/secure.gravatar.com\/avatar\/830d4c57adaae6630765e449a6908047?s=96&d=mm&r=g","contentUrl":"https:\/\/secure.gravatar.com\/avatar\/830d4c57adaae6630765e449a6908047?s=96&d=mm&r=g","caption":"admpu17wp"}}]}},"featured_image_urls":{"full":["https:\/\/experienciadevida.com.ar\/portalurbano\/wp-content\/uploads\/2020\/11\/Bielsa.jpeg",696,464,false],"thumbnail":["https:\/\/experienciadevida.com.ar\/portalurbano\/wp-content\/uploads\/2020\/11\/Bielsa-150x150.jpeg",150,150,true],"medium":["https:\/\/experienciadevida.com.ar\/portalurbano\/wp-content\/uploads\/2020\/11\/Bielsa-300x200.jpeg",300,200,true],"medium_large":["https:\/\/experienciadevida.com.ar\/portalurbano\/wp-content\/uploads\/2020\/11\/Bielsa.jpeg",640,427,false],"large":["https:\/\/experienciadevida.com.ar\/portalurbano\/wp-content\/uploads\/2020\/11\/Bielsa.jpeg",640,427,false],"ug_big":["https:\/\/experienciadevida.com.ar\/portalurbano\/wp-content\/uploads\/2020\/11\/Bielsa.jpeg",696,464,false],"1536x1536":["https:\/\/experienciadevida.com.ar\/portalurbano\/wp-content\/uploads\/2020\/11\/Bielsa.jpeg",696,464,false],"2048x2048":["https:\/\/experienciadevida.com.ar\/portalurbano\/wp-content\/uploads\/2020\/11\/Bielsa.jpeg",696,464,false],"newsever-slider-full":["https:\/\/experienciadevida.com.ar\/portalurbano\/wp-content\/uploads\/2020\/11\/Bielsa.jpeg",696,464,false],"newsever-featured":["https:\/\/experienciadevida.com.ar\/portalurbano\/wp-content\/uploads\/2020\/11\/Bielsa.jpeg",696,464,false],"newsever-medium":["https:\/\/experienciadevida.com.ar\/portalurbano\/wp-content\/uploads\/2020\/11\/Bielsa.jpeg",696,464,false],"web-stories-poster-portrait":["https:\/\/experienciadevida.com.ar\/portalurbano\/wp-content\/uploads\/2020\/11\/Bielsa.jpeg",640,427,false],"web-stories-publisher-logo":["https:\/\/experienciadevida.com.ar\/portalurbano\/wp-content\/uploads\/2020\/11\/Bielsa.jpeg",96,64,false],"web-stories-thumbnail":["https:\/\/experienciadevida.com.ar\/portalurbano\/wp-content\/uploads\/2020\/11\/Bielsa.jpeg",150,100,false]},"author_info":{"display_name":"admpu17wp","author_link":"https:\/\/experienciadevida.com.ar\/portalurbano\/author\/admpu17wp\/"},"category_info":"<a href=\"https:\/\/experienciadevida.com.ar\/portalurbano\/category\/nacion\/\" rel=\"category tag\">Naci\u00f3n<\/a>","tag_info":"Naci\u00f3n","comment_count":"0","amp_enabled":true,"_links":{"self":[{"href":"https:\/\/experienciadevida.com.ar\/portalurbano\/wp-json\/wp\/v2\/posts\/126989"}],"collection":[{"href":"https:\/\/experienciadevida.com.ar\/portalurbano\/wp-json\/wp\/v2\/posts"}],"about":[{"href":"https:\/\/experienciadevida.com.ar\/portalurbano\/wp-json\/wp\/v2\/types\/post"}],"author":[{"embeddable":true,"href":"https:\/\/experienciadevida.com.ar\/portalurbano\/wp-json\/wp\/v2\/users\/1"}],"replies":[{"embeddable":true,"href":"https:\/\/experienciadevida.com.ar\/portalurbano\/wp-json\/wp\/v2\/comments?post=126989"}],"version-history":[{"count":2,"href":"https:\/\/experienciadevida.com.ar\/portalurbano\/wp-json\/wp\/v2\/posts\/126989\/revisions"}],"predecessor-version":[{"id":126992,"href":"https:\/\/experienciadevida.com.ar\/portalurbano\/wp-json\/wp\/v2\/posts\/126989\/revisions\/126992"}],"wp:featuredmedia":[{"embeddable":true,"href":"https:\/\/experienciadevida.com.ar\/portalurbano\/wp-json\/wp\/v2\/media\/126990"}],"wp:attachment":[{"href":"https:\/\/experienciadevida.com.ar\/portalurbano\/wp-json\/wp\/v2\/media?parent=126989"}],"wp:term":[{"taxonomy":"category","embeddable":true,"href":"https:\/\/experienciadevida.com.ar\/portalurbano\/wp-json\/wp\/v2\/categories?post=126989"},{"taxonomy":"post_tag","embeddable":true,"href":"https:\/\/experienciadevida.com.ar\/portalurbano\/wp-json\/wp\/v2\/tags?post=126989"}],"curies":[{"name":"wp","href":"https:\/\/api.w.org\/{rel}","templated":true}]}}