{"id":126981,"date":"2020-11-11T21:08:05","date_gmt":"2020-11-12T00:08:05","guid":{"rendered":"https:\/\/experienciadevida.com.ar\/portalurbano\/?p=126981"},"modified":"2020-11-11T21:08:32","modified_gmt":"2020-11-12T00:08:32","slug":"el-presidente-cuatro-ministros-y-dos-secretarios-aislados","status":"publish","type":"post","link":"https:\/\/experienciadevida.com.ar\/portalurbano\/el-presidente-cuatro-ministros-y-dos-secretarios-aislados\/","title":{"rendered":"El Presidente, cuatro ministros y dos secretarios, aislados"},"content":{"rendered":"<p>Particip\u00f2 junto al funcionario contagiados de una cena con poco distanciamiento social en Jujuy. De Pedro, Gomez Alcota, Sol\u00e1 y Bauer, tambi\u00e9n <strong>aislados<\/strong>.<\/p>\n<p>El presidente de la Naci\u00f3n, <a href=\"https:\/\/twitter.com\/alferdez\">Alberto Fern\u00e1ndez<\/a>, deber\u00e1 cumplir con el protocolo de aislamiento, al igual que cuatro ministros, dos secretarios de Estado y un diputado nacional, luego de que diera positivo para coronavirus el secretario de Asuntos Estrat\u00e9gicos de la Presidencia, Gustavo B\u00e9liz, con quien compartieron una cena de la que tambi\u00e9n particip\u00f3 el expresidente de Bolivia, Evo Morales.<\/p>\n<p>Fern\u00e1ndez \u2013que ya fue hisopado y dio negativo- y otros ministros estar\u00e1n\u00a0<strong>aislados<\/strong>. Los mismos son Felipe Sol\u00e1 (Relaciones Exteriores y Culto), Eduardo \u201cWado\u201d De Pedro (Interior), Elizabeth G\u00f3mez Alcorta (Mujeres), Trist\u00e1n Bauer (Cultura). Tambi\u00e9n debieron hacerlo los secretarios de Comunicaci\u00f3n, Juan Pablo Biondi y General de la Presidencia, Julio Vitobello. El diputado Eduardo Vald\u00e9s debi\u00f3 tomar la misma precauci\u00f3n.<\/p>\n<p>Adem\u00e1s del Presidente, Vitobello, Biondi y Vald\u00e9s ya fueron hisopados con resultado negativo, inform\u00f3 la Casa Rosada. En un comunicado oficial, se agreg\u00f3 que \u201cen las pr\u00f3ximas horas se conocer\u00e1 el resto de los resultados\u201d de los funcionarios que fueron testeados.<\/p>\n<p>Todos esos funcionarios compartieron con el Presidente y Morales una cena en Jujuy el lunes, cuando el presidente lleg\u00f3 a esa provincia para acompa\u00f1ar al expresidente boliviano a su pa\u00eds luego de asistir al juramento de Luis Arce como nuevo mandatario. Como se puede ver en las fotos de esa ocasi\u00f3n, los participantes no guardaron el distanciamiento social requerido para evitar los contagios y por eso ahora se orden\u00f3 aislarlos.<\/p>\n<p>El secretario de Asuntos Estrat\u00e9gicos se habr\u00eda contagiado de su hija, que inici\u00f3 s\u00edntomas el domingo. Beliz, como Fern\u00e1ndez, hab\u00eda viajado al Bolivia el s\u00e1bado y tras regresar desde Jujuy el lunes, no asisti\u00f3 a la Casa Rosada ni martes, ni mi\u00e9rcoles, se indic\u00f3 desde la Presidencia.<\/p>\n<p>Pero, dado que se desconoce cu\u00e1ndo se contagi\u00f3, se aplic\u00f3 el protocolo a todos sus contactos estrechos. Eso, a pesar de que la semana pasada, entre mi\u00e9rcoles y jueves, todos los funcionarios de la comitiva que viajar\u00eda a Bolivia se hab\u00edan hecho el test PCR, con resultados negativos.<\/p>\n<p>Esta ma\u00f1ana, Fern\u00e1ndez hab\u00eda compartido un acto en el Sal\u00f3n de las Mujeres de la Casa Rosada con Axel Kicillof y otros funcionarios nacionales.<\/p>\n<p>\u201cB\u00e9liz dio positivo hoy al mediod\u00eda\u201d, aseguraron en el Gobierno. A la Casa Rosada asisti\u00f3 enseguida el m\u00e9dico presidencial, Federico Saavedra, y procedi\u00f3 con el hisopado de los funcionarios que estaban en el edificio.<\/p>\n<p>El Presidente se mantendr\u00e1 \u201cen funciones\u201d pero aislado en Olivos durante al menos una semana,\u00a0estimaban fuentes oficiales. Al menos, hasta hacerse un segundo hisopado. A la quinta presidencial se \u201cmudar\u00e1n\u201d Biondi y Vitobello para acompa\u00f1ar a Fern\u00e1ndez.<\/p>\n<p>La Unidad M\u00e9dica Presidencial orden\u00f3 que por prevenci\u00f3n, solo los que hayan viajado a Bolivia cumplan con el aislamiento. Ma\u00f1ana, a la Casa Rosada, solo asistir\u00e1n dos altos funcionarios: el jefe de Gabinete, Santiago Cafiero y la secretaria Legal y T\u00e9cnica, Vilma Ibarra.<\/p>\n<p>Fuente: DIB<\/p>\n","protected":false},"excerpt":{"rendered":"<p>Particip\u00f2 junto al funcionario contagiados de una cena con poco distanciamiento social en Jujuy. De&#8230;<\/p>\n","protected":false},"author":1,"featured_media":126982,"comment_status":"closed","ping_status":"closed","sticky":false,"template":"","format":"standard","meta":{"content-type":""},"categories":[71,39],"tags":[],"nelio_content":{"isAutoShareEnabled":false,"autoShareEndMode":"default","automationSources":{"useContentSentences":true,"useSocialTemplates":true,"useCustomSentences":false,"customSentences":[]},"followers":[1],"suggestedReferences":[],"includedReferences":[],"efiUrl":"","efiAlt":"","highlights":[]},"yoast_head":"<!-- This site is optimized with the Yoast SEO plugin v20.7 - https:\/\/yoast.com\/wordpress\/plugins\/seo\/ -->\n<title>El Presidente, cuatro Ministros y dos Secretarios aislados<\/title>\n<meta name=\"description\" content=\"El presidente y Ministros deber\u00e1n estar aislados ya que particip\u00f3 de una reuni\u00f3n con poco distanciamiento en la Provincia de Jujuy.\" \/>\n<meta name=\"robots\" content=\"index, follow, max-snippet:-1, max-image-preview:large, max-video-preview:-1\" \/>\n<link rel=\"canonical\" href=\"https:\/\/experienciadevida.com.ar\/portalurbano\/el-presidente-cuatro-ministros-y-dos-secretarios-aislados\/\" \/>\n<meta property=\"og:locale\" content=\"es_ES\" \/>\n<meta property=\"og:type\" content=\"article\" \/>\n<meta property=\"og:title\" content=\"El Presidente, cuatro Ministros y dos Secretarios aislados\" \/>\n<meta property=\"og:description\" content=\"El presidente y Ministros deber\u00e1n estar aislados ya que particip\u00f3 de una reuni\u00f3n con poco distanciamiento en la Provincia de Jujuy.\" \/>\n<meta property=\"og:url\" content=\"https:\/\/experienciadevida.com.ar\/portalurbano\/el-presidente-cuatro-ministros-y-dos-secretarios-aislados\/\" \/>\n<meta property=\"article:publisher\" content=\"https:\/\/www.facebook.com\/Portal-Urbano-171542830093757\/\" \/>\n<meta property=\"article:published_time\" content=\"2020-11-12T00:08:05+00:00\" \/>\n<meta property=\"article:modified_time\" content=\"2020-11-12T00:08:32+00:00\" \/>\n<meta property=\"og:image\" content=\"https:\/\/experienciadevida.com.ar\/portalurbano\/wp-content\/uploads\/2020\/11\/Aislados.jpg\" \/>\n\t<meta property=\"og:image:width\" content=\"960\" \/>\n\t<meta property=\"og:image:height\" content=\"720\" \/>\n\t<meta property=\"og:image:type\" content=\"image\/jpeg\" \/>\n<meta name=\"author\" content=\"admpu17wp\" \/>\n<meta name=\"twitter:card\" content=\"summary_large_image\" \/>\n<meta name=\"twitter:creator\" content=\"@portalurbanook\" \/>\n<meta name=\"twitter:site\" content=\"@portalurbanook\" \/>\n<meta name=\"twitter:label1\" content=\"Escrito por\" \/>\n\t<meta name=\"twitter:data1\" content=\"admpu17wp\" \/>\n\t<meta name=\"twitter:label2\" content=\"Tiempo de lectura\" \/>\n\t<meta name=\"twitter:data2\" content=\"3 minutos\" \/>\n<script type=\"application\/ld+json\" class=\"yoast-schema-graph\">{\"@context\":\"https:\/\/schema.org\",\"@graph\":[{\"@type\":\"Article\",\"@id\":\"https:\/\/experienciadevida.com.ar\/portalurbano\/el-presidente-cuatro-ministros-y-dos-secretarios-aislados\/#article\",\"isPartOf\":{\"@id\":\"https:\/\/experienciadevida.com.ar\/portalurbano\/el-presidente-cuatro-ministros-y-dos-secretarios-aislados\/\"},\"author\":{\"name\":\"admpu17wp\",\"@id\":\"https:\/\/experienciadevida.com.ar\/portalurbano\/#\/schema\/person\/02dd326b1c4b056e9cc972486934a3a7\"},\"headline\":\"El Presidente, cuatro ministros y dos secretarios, aislados\",\"datePublished\":\"2020-11-12T00:08:05+00:00\",\"dateModified\":\"2020-11-12T00:08:32+00:00\",\"mainEntityOfPage\":{\"@id\":\"https:\/\/experienciadevida.com.ar\/portalurbano\/el-presidente-cuatro-ministros-y-dos-secretarios-aislados\/\"},\"wordCount\":544,\"publisher\":{\"@id\":\"https:\/\/experienciadevida.com.ar\/portalurbano\/#organization\"},\"articleSection\":[\"Coronavirus\",\"Naci\u00f3n\"],\"inLanguage\":\"es\"},{\"@type\":\"WebPage\",\"@id\":\"https:\/\/experienciadevida.com.ar\/portalurbano\/el-presidente-cuatro-ministros-y-dos-secretarios-aislados\/\",\"url\":\"https:\/\/experienciadevida.com.ar\/portalurbano\/el-presidente-cuatro-ministros-y-dos-secretarios-aislados\/\",\"name\":\"El Presidente, cuatro Ministros y dos Secretarios aislados\",\"isPartOf\":{\"@id\":\"https:\/\/experienciadevida.com.ar\/portalurbano\/#website\"},\"datePublished\":\"2020-11-12T00:08:05+00:00\",\"dateModified\":\"2020-11-12T00:08:32+00:00\",\"description\":\"El presidente y Ministros deber\u00e1n estar aislados ya que particip\u00f3 de una reuni\u00f3n con poco distanciamiento en la Provincia de Jujuy.\",\"breadcrumb\":{\"@id\":\"https:\/\/experienciadevida.com.ar\/portalurbano\/el-presidente-cuatro-ministros-y-dos-secretarios-aislados\/#breadcrumb\"},\"inLanguage\":\"es\",\"potentialAction\":[{\"@type\":\"ReadAction\",\"target\":[\"https:\/\/experienciadevida.com.ar\/portalurbano\/el-presidente-cuatro-ministros-y-dos-secretarios-aislados\/\"]}]},{\"@type\":\"BreadcrumbList\",\"@id\":\"https:\/\/experienciadevida.com.ar\/portalurbano\/el-presidente-cuatro-ministros-y-dos-secretarios-aislados\/#breadcrumb\",\"itemListElement\":[{\"@type\":\"ListItem\",\"position\":1,\"name\":\"Portada\",\"item\":\"https:\/\/experienciadevida.com.ar\/portalurbano\/\"},{\"@type\":\"ListItem\",\"position\":2,\"name\":\"El Presidente, cuatro ministros y dos secretarios, aislados\"}]},{\"@type\":\"WebSite\",\"@id\":\"https:\/\/experienciadevida.com.ar\/portalurbano\/#website\",\"url\":\"https:\/\/experienciadevida.com.ar\/portalurbano\/\",\"name\":\"\",\"description\":\"\",\"publisher\":{\"@id\":\"https:\/\/experienciadevida.com.ar\/portalurbano\/#organization\"},\"potentialAction\":[{\"@type\":\"SearchAction\",\"target\":{\"@type\":\"EntryPoint\",\"urlTemplate\":\"https:\/\/experienciadevida.com.ar\/portalurbano\/?s={search_term_string}\"},\"query-input\":\"required name=search_term_string\"}],\"inLanguage\":\"es\"},{\"@type\":\"Organization\",\"@id\":\"https:\/\/experienciadevida.com.ar\/portalurbano\/#organization\",\"name\":\"Portal Urbano\",\"url\":\"https:\/\/experienciadevida.com.ar\/portalurbano\/\",\"logo\":{\"@type\":\"ImageObject\",\"inLanguage\":\"es\",\"@id\":\"https:\/\/experienciadevida.com.ar\/portalurbano\/#\/schema\/logo\/image\/\",\"url\":\"https:\/\/experienciadevida.com.ar\/portalurbano\/wp-content\/uploads\/2019\/09\/Logo-Original.png\",\"contentUrl\":\"https:\/\/experienciadevida.com.ar\/portalurbano\/wp-content\/uploads\/2019\/09\/Logo-Original.png\",\"width\":2236,\"height\":1216,\"caption\":\"Portal Urbano\"},\"image\":{\"@id\":\"https:\/\/experienciadevida.com.ar\/portalurbano\/#\/schema\/logo\/image\/\"},\"sameAs\":[\"https:\/\/www.facebook.com\/Portal-Urbano-171542830093757\/\",\"https:\/\/twitter.com\/portalurbanook\",\"https:\/\/www.instagram.com\/_portalurbano\/\",\"https:\/\/www.youtube.com\/channel\/UCXhagIfszH8KxFiOok79zbA?view_as=subscriber\"]},{\"@type\":\"Person\",\"@id\":\"https:\/\/experienciadevida.com.ar\/portalurbano\/#\/schema\/person\/02dd326b1c4b056e9cc972486934a3a7\",\"name\":\"admpu17wp\",\"image\":{\"@type\":\"ImageObject\",\"inLanguage\":\"es\",\"@id\":\"https:\/\/experienciadevida.com.ar\/portalurbano\/#\/schema\/person\/image\/\",\"url\":\"https:\/\/secure.gravatar.com\/avatar\/830d4c57adaae6630765e449a6908047?s=96&d=mm&r=g\",\"contentUrl\":\"https:\/\/secure.gravatar.com\/avatar\/830d4c57adaae6630765e449a6908047?s=96&d=mm&r=g\",\"caption\":\"admpu17wp\"}}]}<\/script>\n<!-- \/ Yoast SEO plugin. -->","yoast_head_json":{"title":"El Presidente, cuatro Ministros y dos Secretarios aislados","description":"El presidente y Ministros deber\u00e1n estar aislados ya que particip\u00f3 de una reuni\u00f3n con poco distanciamiento en la Provincia de Jujuy.","robots":{"index":"index","follow":"follow","max-snippet":"max-snippet:-1","max-image-preview":"max-image-preview:large","max-video-preview":"max-video-preview:-1"},"canonical":"https:\/\/experienciadevida.com.ar\/portalurbano\/el-presidente-cuatro-ministros-y-dos-secretarios-aislados\/","og_locale":"es_ES","og_type":"article","og_title":"El Presidente, cuatro Ministros y dos Secretarios aislados","og_description":"El presidente y Ministros deber\u00e1n estar aislados ya que particip\u00f3 de una reuni\u00f3n con poco distanciamiento en la Provincia de Jujuy.","og_url":"https:\/\/experienciadevida.com.ar\/portalurbano\/el-presidente-cuatro-ministros-y-dos-secretarios-aislados\/","article_publisher":"https:\/\/www.facebook.com\/Portal-Urbano-171542830093757\/","article_published_time":"2020-11-12T00:08:05+00:00","article_modified_time":"2020-11-12T00:08:32+00:00","og_image":[{"width":960,"height":720,"url":"https:\/\/experienciadevida.com.ar\/portalurbano\/wp-content\/uploads\/2020\/11\/Aislados.jpg","type":"image\/jpeg"}],"author":"admpu17wp","twitter_card":"summary_large_image","twitter_creator":"@portalurbanook","twitter_site":"@portalurbanook","twitter_misc":{"Escrito por":"admpu17wp","Tiempo de lectura":"3 minutos"},"schema":{"@context":"https:\/\/schema.org","@graph":[{"@type":"Article","@id":"https:\/\/experienciadevida.com.ar\/portalurbano\/el-presidente-cuatro-ministros-y-dos-secretarios-aislados\/#article","isPartOf":{"@id":"https:\/\/experienciadevida.com.ar\/portalurbano\/el-presidente-cuatro-ministros-y-dos-secretarios-aislados\/"},"author":{"name":"admpu17wp","@id":"https:\/\/experienciadevida.com.ar\/portalurbano\/#\/schema\/person\/02dd326b1c4b056e9cc972486934a3a7"},"headline":"El Presidente, cuatro ministros y dos secretarios, aislados","datePublished":"2020-11-12T00:08:05+00:00","dateModified":"2020-11-12T00:08:32+00:00","mainEntityOfPage":{"@id":"https:\/\/experienciadevida.com.ar\/portalurbano\/el-presidente-cuatro-ministros-y-dos-secretarios-aislados\/"},"wordCount":544,"publisher":{"@id":"https:\/\/experienciadevida.com.ar\/portalurbano\/#organization"},"articleSection":["Coronavirus","Naci\u00f3n"],"inLanguage":"es"},{"@type":"WebPage","@id":"https:\/\/experienciadevida.com.ar\/portalurbano\/el-presidente-cuatro-ministros-y-dos-secretarios-aislados\/","url":"https:\/\/experienciadevida.com.ar\/portalurbano\/el-presidente-cuatro-ministros-y-dos-secretarios-aislados\/","name":"El Presidente, cuatro Ministros y dos Secretarios aislados","isPartOf":{"@id":"https:\/\/experienciadevida.com.ar\/portalurbano\/#website"},"datePublished":"2020-11-12T00:08:05+00:00","dateModified":"2020-11-12T00:08:32+00:00","description":"El presidente y Ministros deber\u00e1n estar aislados ya que particip\u00f3 de una reuni\u00f3n con poco distanciamiento en la Provincia de Jujuy.","breadcrumb":{"@id":"https:\/\/experienciadevida.com.ar\/portalurbano\/el-presidente-cuatro-ministros-y-dos-secretarios-aislados\/#breadcrumb"},"inLanguage":"es","potentialAction":[{"@type":"ReadAction","target":["https:\/\/experienciadevida.com.ar\/portalurbano\/el-presidente-cuatro-ministros-y-dos-secretarios-aislados\/"]}]},{"@type":"BreadcrumbList","@id":"https:\/\/experienciadevida.com.ar\/portalurbano\/el-presidente-cuatro-ministros-y-dos-secretarios-aislados\/#breadcrumb","itemListElement":[{"@type":"ListItem","position":1,"name":"Portada","item":"https:\/\/experienciadevida.com.ar\/portalurbano\/"},{"@type":"ListItem","position":2,"name":"El Presidente, cuatro ministros y dos secretarios, aislados"}]},{"@type":"WebSite","@id":"https:\/\/experienciadevida.com.ar\/portalurbano\/#website","url":"https:\/\/experienciadevida.com.ar\/portalurbano\/","name":"","description":"","publisher":{"@id":"https:\/\/experienciadevida.com.ar\/portalurbano\/#organization"},"potentialAction":[{"@type":"SearchAction","target":{"@type":"EntryPoint","urlTemplate":"https:\/\/experienciadevida.com.ar\/portalurbano\/?s={search_term_string}"},"query-input":"required name=search_term_string"}],"inLanguage":"es"},{"@type":"Organization","@id":"https:\/\/experienciadevida.com.ar\/portalurbano\/#organization","name":"Portal Urbano","url":"https:\/\/experienciadevida.com.ar\/portalurbano\/","logo":{"@type":"ImageObject","inLanguage":"es","@id":"https:\/\/experienciadevida.com.ar\/portalurbano\/#\/schema\/logo\/image\/","url":"https:\/\/experienciadevida.com.ar\/portalurbano\/wp-content\/uploads\/2019\/09\/Logo-Original.png","contentUrl":"https:\/\/experienciadevida.com.ar\/portalurbano\/wp-content\/uploads\/2019\/09\/Logo-Original.png","width":2236,"height":1216,"caption":"Portal Urbano"},"image":{"@id":"https:\/\/experienciadevida.com.ar\/portalurbano\/#\/schema\/logo\/image\/"},"sameAs":["https:\/\/www.facebook.com\/Portal-Urbano-171542830093757\/","https:\/\/twitter.com\/portalurbanook","https:\/\/www.instagram.com\/_portalurbano\/","https:\/\/www.youtube.com\/channel\/UCXhagIfszH8KxFiOok79zbA?view_as=subscriber"]},{"@type":"Person","@id":"https:\/\/experienciadevida.com.ar\/portalurbano\/#\/schema\/person\/02dd326b1c4b056e9cc972486934a3a7","name":"admpu17wp","image":{"@type":"ImageObject","inLanguage":"es","@id":"https:\/\/experienciadevida.com.ar\/portalurbano\/#\/schema\/person\/image\/","url":"https:\/\/secure.gravatar.com\/avatar\/830d4c57adaae6630765e449a6908047?s=96&d=mm&r=g","contentUrl":"https:\/\/secure.gravatar.com\/avatar\/830d4c57adaae6630765e449a6908047?s=96&d=mm&r=g","caption":"admpu17wp"}}]}},"featured_image_urls":{"full":["https:\/\/experienciadevida.com.ar\/portalurbano\/wp-content\/uploads\/2020\/11\/Aislados.jpg",960,720,false],"thumbnail":["https:\/\/experienciadevida.com.ar\/portalurbano\/wp-content\/uploads\/2020\/11\/Aislados-150x150.jpg",150,150,true],"medium":["https:\/\/experienciadevida.com.ar\/portalurbano\/wp-content\/uploads\/2020\/11\/Aislados-300x225.jpg",300,225,true],"medium_large":["https:\/\/experienciadevida.com.ar\/portalurbano\/wp-content\/uploads\/2020\/11\/Aislados-768x576.jpg",640,480,true],"large":["https:\/\/experienciadevida.com.ar\/portalurbano\/wp-content\/uploads\/2020\/11\/Aislados.jpg",640,480,false],"ug_big":["https:\/\/experienciadevida.com.ar\/portalurbano\/wp-content\/uploads\/2020\/11\/Aislados-768x576.jpg",768,576,true],"1536x1536":["https:\/\/experienciadevida.com.ar\/portalurbano\/wp-content\/uploads\/2020\/11\/Aislados.jpg",960,720,false],"2048x2048":["https:\/\/experienciadevida.com.ar\/portalurbano\/wp-content\/uploads\/2020\/11\/Aislados.jpg",960,720,false],"newsever-slider-full":["https:\/\/experienciadevida.com.ar\/portalurbano\/wp-content\/uploads\/2020\/11\/Aislados.jpg",960,720,false],"newsever-featured":["https:\/\/experienciadevida.com.ar\/portalurbano\/wp-content\/uploads\/2020\/11\/Aislados.jpg",960,720,false],"newsever-medium":["https:\/\/experienciadevida.com.ar\/portalurbano\/wp-content\/uploads\/2020\/11\/Aislados.jpg",633,475,false],"web-stories-poster-portrait":["https:\/\/experienciadevida.com.ar\/portalurbano\/wp-content\/uploads\/2020\/11\/Aislados.jpg",640,480,false],"web-stories-publisher-logo":["https:\/\/experienciadevida.com.ar\/portalurbano\/wp-content\/uploads\/2020\/11\/Aislados.jpg",96,72,false],"web-stories-thumbnail":["https:\/\/experienciadevida.com.ar\/portalurbano\/wp-content\/uploads\/2020\/11\/Aislados.jpg",150,113,false]},"author_info":{"display_name":"admpu17wp","author_link":"https:\/\/experienciadevida.com.ar\/portalurbano\/author\/admpu17wp\/"},"category_info":"<a href=\"https:\/\/experienciadevida.com.ar\/portalurbano\/category\/nacion\/coronavirus\/\" rel=\"category tag\">Coronavirus<\/a> <a href=\"https:\/\/experienciadevida.com.ar\/portalurbano\/category\/nacion\/\" rel=\"category tag\">Naci\u00f3n<\/a>","tag_info":"Naci\u00f3n","comment_count":"0","amp_enabled":true,"_links":{"self":[{"href":"https:\/\/experienciadevida.com.ar\/portalurbano\/wp-json\/wp\/v2\/posts\/126981"}],"collection":[{"href":"https:\/\/experienciadevida.com.ar\/portalurbano\/wp-json\/wp\/v2\/posts"}],"about":[{"href":"https:\/\/experienciadevida.com.ar\/portalurbano\/wp-json\/wp\/v2\/types\/post"}],"author":[{"embeddable":true,"href":"https:\/\/experienciadevida.com.ar\/portalurbano\/wp-json\/wp\/v2\/users\/1"}],"replies":[{"embeddable":true,"href":"https:\/\/experienciadevida.com.ar\/portalurbano\/wp-json\/wp\/v2\/comments?post=126981"}],"version-history":[{"count":2,"href":"https:\/\/experienciadevida.com.ar\/portalurbano\/wp-json\/wp\/v2\/posts\/126981\/revisions"}],"predecessor-version":[{"id":126984,"href":"https:\/\/experienciadevida.com.ar\/portalurbano\/wp-json\/wp\/v2\/posts\/126981\/revisions\/126984"}],"wp:featuredmedia":[{"embeddable":true,"href":"https:\/\/experienciadevida.com.ar\/portalurbano\/wp-json\/wp\/v2\/media\/126982"}],"wp:attachment":[{"href":"https:\/\/experienciadevida.com.ar\/portalurbano\/wp-json\/wp\/v2\/media?parent=126981"}],"wp:term":[{"taxonomy":"category","embeddable":true,"href":"https:\/\/experienciadevida.com.ar\/portalurbano\/wp-json\/wp\/v2\/categories?post=126981"},{"taxonomy":"post_tag","embeddable":true,"href":"https:\/\/experienciadevida.com.ar\/portalurbano\/wp-json\/wp\/v2\/tags?post=126981"}],"curies":[{"name":"wp","href":"https:\/\/api.w.org\/{rel}","templated":true}]}}