{"id":126787,"date":"2020-11-10T07:41:40","date_gmt":"2020-11-10T10:41:40","guid":{"rendered":"https:\/\/experienciadevida.com.ar\/portalurbano\/?p=126787"},"modified":"2020-11-10T07:41:40","modified_gmt":"2020-11-10T10:41:40","slug":"el-gobierno-envia-el-proyecto-de-legalizacion-del-aborto-y-quiere-tratarlo-este-ano","status":"publish","type":"post","link":"https:\/\/experienciadevida.com.ar\/portalurbano\/el-gobierno-envia-el-proyecto-de-legalizacion-del-aborto-y-quiere-tratarlo-este-ano\/","title":{"rendered":"El Gobierno env\u00eda el proyecto de legalizaci\u00f3n del aborto y quiere tratarlo este a\u00f1o"},"content":{"rendered":"<p>legalizaci\u00f3n del aborto :\u00a0 Lo confirm\u00f3 la <a href=\"https:\/\/es.wikipedia.org\/wiki\/Vilma_Ibarra\">Secretaria Legal y T\u00e9cnica, Vilma Ibarra<\/a>, quien precis\u00f3 que la iniciativa ser\u00e1 girada en noviembre e incorporada al temario de sesiones extraordinarias.<\/p>\n<hr \/>\n<p>El Gobierno nacional enviar\u00e1 este mes al Congreso el proyecto de legalizaci\u00f3n del aborto, y pedir\u00e1 que sea tratado en el per\u00edodo de sesiones extraordinarias, entre diciembre y febrero.<\/p>\n<p>As\u00ed lo ratific\u00f3 esta noche la Secretaria Legal y T\u00e9cnica de la Presidencia, Vilma Ibarra, quien sostuvo que el Presidente Alberto Fern\u00e1ndez remitir\u00e1 en noviembre la iniciativa para habilitar la interrupci\u00f3n legal del embarazo, con el objetivo de que sea tratado en sesiones extraordinarias.<\/p>\n<p>\u201cEl Presidente asumi\u00f3 en campa\u00f1a electoral el compromiso de enviar la ley de legalizaci\u00f3n del aborto al Congreso, y cada vez que fue consultado lo ratific\u00f3. Estamos cursando un a\u00f1o muy complejo por la pandemia. Pero el Presidente dijo una y otra vez que va a cumplir con su compromiso y lo va a hacer\u201d, sostuvo Ibarra en declaraciones al canal C5N. Adem\u00e1s,\u00a0 precis\u00f3 que la iniciativa \u201cva a ser incorporada en el temario de extraordinarias para ser tratado\u201d en este mismo per\u00edodo.<\/p>\n<div class=\"teads-inread sm-screen\">\n<div class=\"teads-ui-components-label\">Por otro lado, la funcionaria se\u00f1al\u00f3 que junto a la ley de legalizaci\u00f3n del aborto el Gobierno enviar\u00e1 el \u201cPlan de los Mil D\u00edas\u201d, una iniciativa que consiste en el acompa\u00f1amiento de la maternidad y de los tres primeros a\u00f1os de vida de ni\u00f1os y ni\u00f1as en situaci\u00f3n de vulnerabilidad. (DIB)<\/div>\n<\/div>\n","protected":false},"excerpt":{"rendered":"<p>legalizaci\u00f3n del aborto :\u00a0 Lo confirm\u00f3 la Secretaria Legal y T\u00e9cnica, Vilma Ibarra, quien precis\u00f3&#8230;<\/p>\n","protected":false},"author":1,"featured_media":94020,"comment_status":"closed","ping_status":"closed","sticky":false,"template":"","format":"standard","meta":{"content-type":""},"categories":[43],"tags":[532],"nelio_content":{"isAutoShareEnabled":false,"autoShareEndMode":"default","automationSources":{"useContentSentences":true,"useSocialTemplates":true,"useCustomSentences":false,"customSentences":[]},"followers":[1],"suggestedReferences":[],"includedReferences":["https:\/\/es.wikipedia.org\/wiki\/Vilma_Ibarra"],"efiUrl":"","efiAlt":"","highlights":[]},"yoast_head":"<!-- This site is optimized with the Yoast SEO plugin v20.7 - https:\/\/yoast.com\/wordpress\/plugins\/seo\/ -->\n<title>legalizaci\u00f3n del aborto: env\u00edan el proyecto y quiere tratarlo este a\u00f1o<\/title>\n<meta name=\"description\" content=\"legalizaci\u00f3n del aborto. Lo confirm\u00f3 la Secretaria Legal y T\u00e9cnica, Vilma Ibarra, quien precis\u00f3 que la iniciativa ser\u00e1 girada en noviembre\" \/>\n<meta name=\"robots\" content=\"index, follow, max-snippet:-1, max-image-preview:large, max-video-preview:-1\" \/>\n<link rel=\"canonical\" href=\"https:\/\/experienciadevida.com.ar\/portalurbano\/el-gobierno-envia-el-proyecto-de-legalizacion-del-aborto-y-quiere-tratarlo-este-ano\/\" \/>\n<meta property=\"og:locale\" content=\"es_ES\" \/>\n<meta property=\"og:type\" content=\"article\" \/>\n<meta property=\"og:title\" content=\"legalizaci\u00f3n del aborto: env\u00edan el proyecto y quiere tratarlo este a\u00f1o\" \/>\n<meta property=\"og:description\" content=\"legalizaci\u00f3n del aborto. Lo confirm\u00f3 la Secretaria Legal y T\u00e9cnica, Vilma Ibarra, quien precis\u00f3 que la iniciativa ser\u00e1 girada en noviembre\" \/>\n<meta property=\"og:url\" content=\"https:\/\/experienciadevida.com.ar\/portalurbano\/el-gobierno-envia-el-proyecto-de-legalizacion-del-aborto-y-quiere-tratarlo-este-ano\/\" \/>\n<meta property=\"article:publisher\" content=\"https:\/\/www.facebook.com\/Portal-Urbano-171542830093757\/\" \/>\n<meta property=\"article:published_time\" content=\"2020-11-10T10:41:40+00:00\" \/>\n<meta property=\"og:image\" content=\"https:\/\/experienciadevida.com.ar\/portalurbano\/wp-content\/uploads\/2019\/11\/aborto_1_1558651754_1565107489_1574285784-e1574295102913.jpg\" \/>\n\t<meta property=\"og:image:width\" content=\"800\" \/>\n\t<meta property=\"og:image:height\" content=\"533\" \/>\n\t<meta property=\"og:image:type\" content=\"image\/jpeg\" \/>\n<meta name=\"author\" content=\"admpu17wp\" \/>\n<meta name=\"twitter:card\" content=\"summary_large_image\" \/>\n<meta name=\"twitter:creator\" content=\"@portalurbanook\" \/>\n<meta name=\"twitter:site\" content=\"@portalurbanook\" \/>\n<meta name=\"twitter:label1\" content=\"Escrito por\" \/>\n\t<meta name=\"twitter:data1\" content=\"admpu17wp\" \/>\n\t<meta name=\"twitter:label2\" content=\"Tiempo de lectura\" \/>\n\t<meta name=\"twitter:data2\" content=\"1 minuto\" \/>\n<script type=\"application\/ld+json\" class=\"yoast-schema-graph\">{\"@context\":\"https:\/\/schema.org\",\"@graph\":[{\"@type\":\"Article\",\"@id\":\"https:\/\/experienciadevida.com.ar\/portalurbano\/el-gobierno-envia-el-proyecto-de-legalizacion-del-aborto-y-quiere-tratarlo-este-ano\/#article\",\"isPartOf\":{\"@id\":\"https:\/\/experienciadevida.com.ar\/portalurbano\/el-gobierno-envia-el-proyecto-de-legalizacion-del-aborto-y-quiere-tratarlo-este-ano\/\"},\"author\":{\"name\":\"admpu17wp\",\"@id\":\"https:\/\/experienciadevida.com.ar\/portalurbano\/#\/schema\/person\/02dd326b1c4b056e9cc972486934a3a7\"},\"headline\":\"El Gobierno env\u00eda el proyecto de legalizaci\u00f3n del aborto y quiere tratarlo este a\u00f1o\",\"datePublished\":\"2020-11-10T10:41:40+00:00\",\"dateModified\":\"2020-11-10T10:41:40+00:00\",\"mainEntityOfPage\":{\"@id\":\"https:\/\/experienciadevida.com.ar\/portalurbano\/el-gobierno-envia-el-proyecto-de-legalizacion-del-aborto-y-quiere-tratarlo-este-ano\/\"},\"wordCount\":273,\"publisher\":{\"@id\":\"https:\/\/experienciadevida.com.ar\/portalurbano\/#organization\"},\"keywords\":[\"LEGALIZACION DEL ABORTO\"],\"articleSection\":[\"Pol\u00edtica\"],\"inLanguage\":\"es\"},{\"@type\":\"WebPage\",\"@id\":\"https:\/\/experienciadevida.com.ar\/portalurbano\/el-gobierno-envia-el-proyecto-de-legalizacion-del-aborto-y-quiere-tratarlo-este-ano\/\",\"url\":\"https:\/\/experienciadevida.com.ar\/portalurbano\/el-gobierno-envia-el-proyecto-de-legalizacion-del-aborto-y-quiere-tratarlo-este-ano\/\",\"name\":\"legalizaci\u00f3n del aborto: env\u00edan el proyecto y quiere tratarlo este a\u00f1o\",\"isPartOf\":{\"@id\":\"https:\/\/experienciadevida.com.ar\/portalurbano\/#website\"},\"datePublished\":\"2020-11-10T10:41:40+00:00\",\"dateModified\":\"2020-11-10T10:41:40+00:00\",\"description\":\"legalizaci\u00f3n del aborto. Lo confirm\u00f3 la Secretaria Legal y T\u00e9cnica, Vilma Ibarra, quien precis\u00f3 que la iniciativa ser\u00e1 girada en noviembre\",\"breadcrumb\":{\"@id\":\"https:\/\/experienciadevida.com.ar\/portalurbano\/el-gobierno-envia-el-proyecto-de-legalizacion-del-aborto-y-quiere-tratarlo-este-ano\/#breadcrumb\"},\"inLanguage\":\"es\",\"potentialAction\":[{\"@type\":\"ReadAction\",\"target\":[\"https:\/\/experienciadevida.com.ar\/portalurbano\/el-gobierno-envia-el-proyecto-de-legalizacion-del-aborto-y-quiere-tratarlo-este-ano\/\"]}]},{\"@type\":\"BreadcrumbList\",\"@id\":\"https:\/\/experienciadevida.com.ar\/portalurbano\/el-gobierno-envia-el-proyecto-de-legalizacion-del-aborto-y-quiere-tratarlo-este-ano\/#breadcrumb\",\"itemListElement\":[{\"@type\":\"ListItem\",\"position\":1,\"name\":\"Portada\",\"item\":\"https:\/\/experienciadevida.com.ar\/portalurbano\/\"},{\"@type\":\"ListItem\",\"position\":2,\"name\":\"El Gobierno env\u00eda el proyecto de legalizaci\u00f3n del aborto y quiere tratarlo este a\u00f1o\"}]},{\"@type\":\"WebSite\",\"@id\":\"https:\/\/experienciadevida.com.ar\/portalurbano\/#website\",\"url\":\"https:\/\/experienciadevida.com.ar\/portalurbano\/\",\"name\":\"\",\"description\":\"\",\"publisher\":{\"@id\":\"https:\/\/experienciadevida.com.ar\/portalurbano\/#organization\"},\"potentialAction\":[{\"@type\":\"SearchAction\",\"target\":{\"@type\":\"EntryPoint\",\"urlTemplate\":\"https:\/\/experienciadevida.com.ar\/portalurbano\/?s={search_term_string}\"},\"query-input\":\"required name=search_term_string\"}],\"inLanguage\":\"es\"},{\"@type\":\"Organization\",\"@id\":\"https:\/\/experienciadevida.com.ar\/portalurbano\/#organization\",\"name\":\"Portal Urbano\",\"url\":\"https:\/\/experienciadevida.com.ar\/portalurbano\/\",\"logo\":{\"@type\":\"ImageObject\",\"inLanguage\":\"es\",\"@id\":\"https:\/\/experienciadevida.com.ar\/portalurbano\/#\/schema\/logo\/image\/\",\"url\":\"https:\/\/experienciadevida.com.ar\/portalurbano\/wp-content\/uploads\/2019\/09\/Logo-Original.png\",\"contentUrl\":\"https:\/\/experienciadevida.com.ar\/portalurbano\/wp-content\/uploads\/2019\/09\/Logo-Original.png\",\"width\":2236,\"height\":1216,\"caption\":\"Portal Urbano\"},\"image\":{\"@id\":\"https:\/\/experienciadevida.com.ar\/portalurbano\/#\/schema\/logo\/image\/\"},\"sameAs\":[\"https:\/\/www.facebook.com\/Portal-Urbano-171542830093757\/\",\"https:\/\/twitter.com\/portalurbanook\",\"https:\/\/www.instagram.com\/_portalurbano\/\",\"https:\/\/www.youtube.com\/channel\/UCXhagIfszH8KxFiOok79zbA?view_as=subscriber\"]},{\"@type\":\"Person\",\"@id\":\"https:\/\/experienciadevida.com.ar\/portalurbano\/#\/schema\/person\/02dd326b1c4b056e9cc972486934a3a7\",\"name\":\"admpu17wp\",\"image\":{\"@type\":\"ImageObject\",\"inLanguage\":\"es\",\"@id\":\"https:\/\/experienciadevida.com.ar\/portalurbano\/#\/schema\/person\/image\/\",\"url\":\"https:\/\/secure.gravatar.com\/avatar\/830d4c57adaae6630765e449a6908047?s=96&d=mm&r=g\",\"contentUrl\":\"https:\/\/secure.gravatar.com\/avatar\/830d4c57adaae6630765e449a6908047?s=96&d=mm&r=g\",\"caption\":\"admpu17wp\"}}]}<\/script>\n<!-- \/ Yoast SEO plugin. -->","yoast_head_json":{"title":"legalizaci\u00f3n del aborto: env\u00edan el proyecto y quiere tratarlo este a\u00f1o","description":"legalizaci\u00f3n del aborto. Lo confirm\u00f3 la Secretaria Legal y T\u00e9cnica, Vilma Ibarra, quien precis\u00f3 que la iniciativa ser\u00e1 girada en noviembre","robots":{"index":"index","follow":"follow","max-snippet":"max-snippet:-1","max-image-preview":"max-image-preview:large","max-video-preview":"max-video-preview:-1"},"canonical":"https:\/\/experienciadevida.com.ar\/portalurbano\/el-gobierno-envia-el-proyecto-de-legalizacion-del-aborto-y-quiere-tratarlo-este-ano\/","og_locale":"es_ES","og_type":"article","og_title":"legalizaci\u00f3n del aborto: env\u00edan el proyecto y quiere tratarlo este a\u00f1o","og_description":"legalizaci\u00f3n del aborto. Lo confirm\u00f3 la Secretaria Legal y T\u00e9cnica, Vilma Ibarra, quien precis\u00f3 que la iniciativa ser\u00e1 girada en noviembre","og_url":"https:\/\/experienciadevida.com.ar\/portalurbano\/el-gobierno-envia-el-proyecto-de-legalizacion-del-aborto-y-quiere-tratarlo-este-ano\/","article_publisher":"https:\/\/www.facebook.com\/Portal-Urbano-171542830093757\/","article_published_time":"2020-11-10T10:41:40+00:00","og_image":[{"width":800,"height":533,"url":"https:\/\/experienciadevida.com.ar\/portalurbano\/wp-content\/uploads\/2019\/11\/aborto_1_1558651754_1565107489_1574285784-e1574295102913.jpg","type":"image\/jpeg"}],"author":"admpu17wp","twitter_card":"summary_large_image","twitter_creator":"@portalurbanook","twitter_site":"@portalurbanook","twitter_misc":{"Escrito por":"admpu17wp","Tiempo de lectura":"1 minuto"},"schema":{"@context":"https:\/\/schema.org","@graph":[{"@type":"Article","@id":"https:\/\/experienciadevida.com.ar\/portalurbano\/el-gobierno-envia-el-proyecto-de-legalizacion-del-aborto-y-quiere-tratarlo-este-ano\/#article","isPartOf":{"@id":"https:\/\/experienciadevida.com.ar\/portalurbano\/el-gobierno-envia-el-proyecto-de-legalizacion-del-aborto-y-quiere-tratarlo-este-ano\/"},"author":{"name":"admpu17wp","@id":"https:\/\/experienciadevida.com.ar\/portalurbano\/#\/schema\/person\/02dd326b1c4b056e9cc972486934a3a7"},"headline":"El Gobierno env\u00eda el proyecto de legalizaci\u00f3n del aborto y quiere tratarlo este a\u00f1o","datePublished":"2020-11-10T10:41:40+00:00","dateModified":"2020-11-10T10:41:40+00:00","mainEntityOfPage":{"@id":"https:\/\/experienciadevida.com.ar\/portalurbano\/el-gobierno-envia-el-proyecto-de-legalizacion-del-aborto-y-quiere-tratarlo-este-ano\/"},"wordCount":273,"publisher":{"@id":"https:\/\/experienciadevida.com.ar\/portalurbano\/#organization"},"keywords":["LEGALIZACION DEL ABORTO"],"articleSection":["Pol\u00edtica"],"inLanguage":"es"},{"@type":"WebPage","@id":"https:\/\/experienciadevida.com.ar\/portalurbano\/el-gobierno-envia-el-proyecto-de-legalizacion-del-aborto-y-quiere-tratarlo-este-ano\/","url":"https:\/\/experienciadevida.com.ar\/portalurbano\/el-gobierno-envia-el-proyecto-de-legalizacion-del-aborto-y-quiere-tratarlo-este-ano\/","name":"legalizaci\u00f3n del aborto: env\u00edan el proyecto y quiere tratarlo este a\u00f1o","isPartOf":{"@id":"https:\/\/experienciadevida.com.ar\/portalurbano\/#website"},"datePublished":"2020-11-10T10:41:40+00:00","dateModified":"2020-11-10T10:41:40+00:00","description":"legalizaci\u00f3n del aborto. Lo confirm\u00f3 la Secretaria Legal y T\u00e9cnica, Vilma Ibarra, quien precis\u00f3 que la iniciativa ser\u00e1 girada en noviembre","breadcrumb":{"@id":"https:\/\/experienciadevida.com.ar\/portalurbano\/el-gobierno-envia-el-proyecto-de-legalizacion-del-aborto-y-quiere-tratarlo-este-ano\/#breadcrumb"},"inLanguage":"es","potentialAction":[{"@type":"ReadAction","target":["https:\/\/experienciadevida.com.ar\/portalurbano\/el-gobierno-envia-el-proyecto-de-legalizacion-del-aborto-y-quiere-tratarlo-este-ano\/"]}]},{"@type":"BreadcrumbList","@id":"https:\/\/experienciadevida.com.ar\/portalurbano\/el-gobierno-envia-el-proyecto-de-legalizacion-del-aborto-y-quiere-tratarlo-este-ano\/#breadcrumb","itemListElement":[{"@type":"ListItem","position":1,"name":"Portada","item":"https:\/\/experienciadevida.com.ar\/portalurbano\/"},{"@type":"ListItem","position":2,"name":"El Gobierno env\u00eda el proyecto de legalizaci\u00f3n del aborto y quiere tratarlo este a\u00f1o"}]},{"@type":"WebSite","@id":"https:\/\/experienciadevida.com.ar\/portalurbano\/#website","url":"https:\/\/experienciadevida.com.ar\/portalurbano\/","name":"","description":"","publisher":{"@id":"https:\/\/experienciadevida.com.ar\/portalurbano\/#organization"},"potentialAction":[{"@type":"SearchAction","target":{"@type":"EntryPoint","urlTemplate":"https:\/\/experienciadevida.com.ar\/portalurbano\/?s={search_term_string}"},"query-input":"required name=search_term_string"}],"inLanguage":"es"},{"@type":"Organization","@id":"https:\/\/experienciadevida.com.ar\/portalurbano\/#organization","name":"Portal Urbano","url":"https:\/\/experienciadevida.com.ar\/portalurbano\/","logo":{"@type":"ImageObject","inLanguage":"es","@id":"https:\/\/experienciadevida.com.ar\/portalurbano\/#\/schema\/logo\/image\/","url":"https:\/\/experienciadevida.com.ar\/portalurbano\/wp-content\/uploads\/2019\/09\/Logo-Original.png","contentUrl":"https:\/\/experienciadevida.com.ar\/portalurbano\/wp-content\/uploads\/2019\/09\/Logo-Original.png","width":2236,"height":1216,"caption":"Portal Urbano"},"image":{"@id":"https:\/\/experienciadevida.com.ar\/portalurbano\/#\/schema\/logo\/image\/"},"sameAs":["https:\/\/www.facebook.com\/Portal-Urbano-171542830093757\/","https:\/\/twitter.com\/portalurbanook","https:\/\/www.instagram.com\/_portalurbano\/","https:\/\/www.youtube.com\/channel\/UCXhagIfszH8KxFiOok79zbA?view_as=subscriber"]},{"@type":"Person","@id":"https:\/\/experienciadevida.com.ar\/portalurbano\/#\/schema\/person\/02dd326b1c4b056e9cc972486934a3a7","name":"admpu17wp","image":{"@type":"ImageObject","inLanguage":"es","@id":"https:\/\/experienciadevida.com.ar\/portalurbano\/#\/schema\/person\/image\/","url":"https:\/\/secure.gravatar.com\/avatar\/830d4c57adaae6630765e449a6908047?s=96&d=mm&r=g","contentUrl":"https:\/\/secure.gravatar.com\/avatar\/830d4c57adaae6630765e449a6908047?s=96&d=mm&r=g","caption":"admpu17wp"}}]}},"featured_image_urls":{"full":["https:\/\/experienciadevida.com.ar\/portalurbano\/wp-content\/uploads\/2019\/11\/aborto_1_1558651754_1565107489_1574285784-e1574295102913.jpg",800,533,false],"thumbnail":["https:\/\/experienciadevida.com.ar\/portalurbano\/wp-content\/uploads\/2019\/11\/aborto_1_1558651754_1565107489_1574285784-150x150.jpg",150,150,true],"medium":["https:\/\/experienciadevida.com.ar\/portalurbano\/wp-content\/uploads\/2019\/11\/aborto_1_1558651754_1565107489_1574285784-300x200.jpg",300,200,true],"medium_large":["https:\/\/experienciadevida.com.ar\/portalurbano\/wp-content\/uploads\/2019\/11\/aborto_1_1558651754_1565107489_1574285784-768x512.jpg",640,427,true],"large":["https:\/\/experienciadevida.com.ar\/portalurbano\/wp-content\/uploads\/2019\/11\/aborto_1_1558651754_1565107489_1574285784-e1574295102913.jpg",640,426,false],"ug_big":["https:\/\/experienciadevida.com.ar\/portalurbano\/wp-content\/uploads\/2019\/11\/aborto_1_1558651754_1565107489_1574285784-768x512.jpg",768,512,true],"1536x1536":["https:\/\/experienciadevida.com.ar\/portalurbano\/wp-content\/uploads\/2019\/11\/aborto_1_1558651754_1565107489_1574285784-e1574295102913.jpg",800,533,false],"2048x2048":["https:\/\/experienciadevida.com.ar\/portalurbano\/wp-content\/uploads\/2019\/11\/aborto_1_1558651754_1565107489_1574285784-e1574295102913.jpg",800,533,false],"newsever-slider-full":["https:\/\/experienciadevida.com.ar\/portalurbano\/wp-content\/uploads\/2019\/11\/aborto_1_1558651754_1565107489_1574285784-e1574295102913.jpg",800,533,false],"newsever-featured":["https:\/\/experienciadevida.com.ar\/portalurbano\/wp-content\/uploads\/2019\/11\/aborto_1_1558651754_1565107489_1574285784-e1574295102913.jpg",800,533,false],"newsever-medium":["https:\/\/experienciadevida.com.ar\/portalurbano\/wp-content\/uploads\/2019\/11\/aborto_1_1558651754_1565107489_1574285784-e1574295102913.jpg",713,475,false],"web-stories-poster-portrait":["https:\/\/experienciadevida.com.ar\/portalurbano\/wp-content\/uploads\/2019\/11\/aborto_1_1558651754_1565107489_1574285784-e1574295102913.jpg",640,426,false],"web-stories-publisher-logo":["https:\/\/experienciadevida.com.ar\/portalurbano\/wp-content\/uploads\/2019\/11\/aborto_1_1558651754_1565107489_1574285784-e1574295102913.jpg",96,64,false],"web-stories-thumbnail":["https:\/\/experienciadevida.com.ar\/portalurbano\/wp-content\/uploads\/2019\/11\/aborto_1_1558651754_1565107489_1574285784-e1574295102913.jpg",150,100,false]},"author_info":{"display_name":"admpu17wp","author_link":"https:\/\/experienciadevida.com.ar\/portalurbano\/author\/admpu17wp\/"},"category_info":"<a href=\"https:\/\/experienciadevida.com.ar\/portalurbano\/category\/politica\/\" rel=\"category tag\">Pol\u00edtica<\/a>","tag_info":"Pol\u00edtica","comment_count":"0","amp_enabled":true,"_links":{"self":[{"href":"https:\/\/experienciadevida.com.ar\/portalurbano\/wp-json\/wp\/v2\/posts\/126787"}],"collection":[{"href":"https:\/\/experienciadevida.com.ar\/portalurbano\/wp-json\/wp\/v2\/posts"}],"about":[{"href":"https:\/\/experienciadevida.com.ar\/portalurbano\/wp-json\/wp\/v2\/types\/post"}],"author":[{"embeddable":true,"href":"https:\/\/experienciadevida.com.ar\/portalurbano\/wp-json\/wp\/v2\/users\/1"}],"replies":[{"embeddable":true,"href":"https:\/\/experienciadevida.com.ar\/portalurbano\/wp-json\/wp\/v2\/comments?post=126787"}],"version-history":[{"count":1,"href":"https:\/\/experienciadevida.com.ar\/portalurbano\/wp-json\/wp\/v2\/posts\/126787\/revisions"}],"predecessor-version":[{"id":126788,"href":"https:\/\/experienciadevida.com.ar\/portalurbano\/wp-json\/wp\/v2\/posts\/126787\/revisions\/126788"}],"wp:featuredmedia":[{"embeddable":true,"href":"https:\/\/experienciadevida.com.ar\/portalurbano\/wp-json\/wp\/v2\/media\/94020"}],"wp:attachment":[{"href":"https:\/\/experienciadevida.com.ar\/portalurbano\/wp-json\/wp\/v2\/media?parent=126787"}],"wp:term":[{"taxonomy":"category","embeddable":true,"href":"https:\/\/experienciadevida.com.ar\/portalurbano\/wp-json\/wp\/v2\/categories?post=126787"},{"taxonomy":"post_tag","embeddable":true,"href":"https:\/\/experienciadevida.com.ar\/portalurbano\/wp-json\/wp\/v2\/tags?post=126787"}],"curies":[{"name":"wp","href":"https:\/\/api.w.org\/{rel}","templated":true}]}}