{"id":126750,"date":"2020-11-09T21:01:02","date_gmt":"2020-11-10T00:01:02","guid":{"rendered":"https:\/\/experienciadevida.com.ar\/portalurbano\/?p=126750"},"modified":"2020-11-10T08:09:38","modified_gmt":"2020-11-10T11:09:38","slug":"se-hizo-la-concentracion-en-rechazo-al-acuerdo-porcino-con-china","status":"publish","type":"post","link":"https:\/\/experienciadevida.com.ar\/portalurbano\/se-hizo-la-concentracion-en-rechazo-al-acuerdo-porcino-con-china\/","title":{"rendered":"J\u00f3venes se concentraron en rechazo al acuerdo porcino con china"},"content":{"rendered":"<p>En la jornada de este lunes, diferentes organizaciones se concentraron en el paseo Jes\u00fas Mend\u00eda rechazando el <a href=\"https:\/\/www.greenpeace.org\/argentina\/story\/issues\/bosques\/greenpeace-advierte-que-el-acuerdo-con-china-para-producir-chanchos-generara-mas-deforestacion\/\"><strong>acuerdo con China<\/strong><\/a> por la instalaci\u00f3n de granjas industriales de cerdos.<\/p>\n<p>Este medio dialog\u00f3 con uno de los referentes quien mencion\u00f3 que el pedido que llevar\u00e1n al concejo deliberante tiene cerca de 300 firmas\u00a0 y que va a continuar la campa\u00f1a &#8220;<em>nuestra idea es buscar apoyo de distintas instituciones y agrupaciones que trabajan en temas ambientales.\u00a0 Lo que le pedimos al <a href=\"https:\/\/hcd.olavarria.gov.ar\/\">HCD<\/a> es que se expresen en rechazo al acuerdo con china entre la canciller\u00eda Argentina\u00a0 y el Gobierno Chino, tema por el cual se reclama en todo el pa\u00eds&#8221;.<\/em><\/p>\n<p><em>&#8220;Adem\u00e1s le pedimos que una vez probada la resoluci\u00f3n se comunique como una manifestaci\u00f3n pol\u00edtica del rechazo. Suponemos que no lo van a tratar autom\u00e1ticamente, se dar\u00e1 el debate y esperemos que nos convoquen de alguna comisi\u00f3n. Es incumbencia del HCD tratar sobre temas ambientales&#8221;.\u00a0<\/em><\/p>\n<p>Por \u00faltimo dijeron que &#8220;<em>si alg\u00fan bloque pol\u00edtico quiere defender el proyecto vamos a estar de acuerdo. En el transcurso de esta semana llevaremos la nota al HCD&#8221;.\u00a0<\/em><\/p>\n<p>Las manifestantes indicaron hay evidencia en distintas partes del mundo de que este tipo de acuerdos\u00a0<strong>&#8220;destruyen los ecosistemas y son calderos de nuevas pandemias&#8221;<\/strong>. &#8220;Estamos haciendo acuerdos que lo \u00fanico que hacen es perjudicarnos. Son un mont\u00f3n de mega acuerdos que lo \u00fanico que van a traer es destrucci\u00f3n&#8221;, confiaron.<\/p>\n<p><span style=\"color: #0000ff;\"> <a href=\"https:\/\/experienciadevida.com.ar\/portalurbano\/se-hizo-la-concentracion-en-rechazo-al-acuerdo-porcino-con-china\/concentracion6-4\/\" rel=\"attachment wp-att-126771\"><img decoding=\"async\" class=\"alignnone size-full wp-image-126771\" src=\"https:\/\/experienciadevida.com.ar\/portalurbano\/wp-content\/uploads\/2020\/11\/Concentracion6.jpg\" alt=\"\" width=\"765\" height=\"510\" srcset=\"https:\/\/experienciadevida.com.ar\/portalurbano\/wp-content\/uploads\/2020\/11\/Concentracion6.jpg 765w, https:\/\/experienciadevida.com.ar\/portalurbano\/wp-content\/uploads\/2020\/11\/Concentracion6-300x200.jpg 300w\" sizes=\"(max-width: 765px) 100vw, 765px\" \/><\/a> <a href=\"https:\/\/experienciadevida.com.ar\/portalurbano\/se-hizo-la-concentracion-en-rechazo-al-acuerdo-porcino-con-china\/concentracion5-4\/\" rel=\"attachment wp-att-126770\"><img decoding=\"async\" class=\"alignnone size-full wp-image-126770\" src=\"https:\/\/experienciadevida.com.ar\/portalurbano\/wp-content\/uploads\/2020\/11\/Concentracion5.jpg\" alt=\"\" width=\"765\" height=\"510\" srcset=\"https:\/\/experienciadevida.com.ar\/portalurbano\/wp-content\/uploads\/2020\/11\/Concentracion5.jpg 765w, https:\/\/experienciadevida.com.ar\/portalurbano\/wp-content\/uploads\/2020\/11\/Concentracion5-300x200.jpg 300w\" sizes=\"(max-width: 765px) 100vw, 765px\" \/><\/a> <a href=\"https:\/\/experienciadevida.com.ar\/portalurbano\/se-hizo-la-concentracion-en-rechazo-al-acuerdo-porcino-con-china\/concentracion-6\/\" rel=\"attachment wp-att-126764\"><img decoding=\"async\" class=\"alignnone size-full wp-image-126764\" src=\"https:\/\/experienciadevida.com.ar\/portalurbano\/wp-content\/uploads\/2020\/11\/Concentracion.jpg\" alt=\"acuerdo con china\" width=\"765\" height=\"510\" srcset=\"https:\/\/experienciadevida.com.ar\/portalurbano\/wp-content\/uploads\/2020\/11\/Concentracion.jpg 765w, https:\/\/experienciadevida.com.ar\/portalurbano\/wp-content\/uploads\/2020\/11\/Concentracion-300x200.jpg 300w\" sizes=\"(max-width: 765px) 100vw, 765px\" \/><\/a> <a href=\"https:\/\/experienciadevida.com.ar\/portalurbano\/se-hizo-la-concentracion-en-rechazo-al-acuerdo-porcino-con-china\/concentracion1-4\/\" rel=\"attachment wp-att-126766\"><img decoding=\"async\" class=\"alignnone size-full wp-image-126766\" src=\"https:\/\/experienciadevida.com.ar\/portalurbano\/wp-content\/uploads\/2020\/11\/Concentracion1.jpg\" alt=\"\" width=\"765\" height=\"510\" srcset=\"https:\/\/experienciadevida.com.ar\/portalurbano\/wp-content\/uploads\/2020\/11\/Concentracion1.jpg 765w, https:\/\/experienciadevida.com.ar\/portalurbano\/wp-content\/uploads\/2020\/11\/Concentracion1-300x200.jpg 300w\" sizes=\"(max-width: 765px) 100vw, 765px\" \/><\/a> <a href=\"https:\/\/experienciadevida.com.ar\/portalurbano\/se-hizo-la-concentracion-en-rechazo-al-acuerdo-porcino-con-china\/concentracion2-4\/\" rel=\"attachment wp-att-126767\"><img decoding=\"async\" class=\"alignnone wp-image-126767 size-full\" src=\"https:\/\/experienciadevida.com.ar\/portalurbano\/wp-content\/uploads\/2020\/11\/Concentracion2.jpg\" alt=\"acuerdo con china \" width=\"765\" height=\"510\" srcset=\"https:\/\/experienciadevida.com.ar\/portalurbano\/wp-content\/uploads\/2020\/11\/Concentracion2.jpg 765w, https:\/\/experienciadevida.com.ar\/portalurbano\/wp-content\/uploads\/2020\/11\/Concentracion2-300x200.jpg 300w\" sizes=\"(max-width: 765px) 100vw, 765px\" \/><\/a> <a href=\"https:\/\/experienciadevida.com.ar\/portalurbano\/se-hizo-la-concentracion-en-rechazo-al-acuerdo-porcino-con-china\/concentracion3-4\/\" rel=\"attachment wp-att-126768\"><img decoding=\"async\" class=\"alignnone size-full wp-image-126768\" src=\"https:\/\/experienciadevida.com.ar\/portalurbano\/wp-content\/uploads\/2020\/11\/Concentracion3.jpg\" alt=\"\" width=\"765\" height=\"510\" srcset=\"https:\/\/experienciadevida.com.ar\/portalurbano\/wp-content\/uploads\/2020\/11\/Concentracion3.jpg 765w, https:\/\/experienciadevida.com.ar\/portalurbano\/wp-content\/uploads\/2020\/11\/Concentracion3-300x200.jpg 300w\" sizes=\"(max-width: 765px) 100vw, 765px\" \/><\/a> <a href=\"https:\/\/experienciadevida.com.ar\/portalurbano\/se-hizo-la-concentracion-en-rechazo-al-acuerdo-porcino-con-china\/concentracion4-4\/\" rel=\"attachment wp-att-126769\"><img decoding=\"async\" class=\"alignnone wp-image-126769 size-full\" src=\"https:\/\/experienciadevida.com.ar\/portalurbano\/wp-content\/uploads\/2020\/11\/Concentracion4.jpg\" alt=\"acuerdo con china \" width=\"765\" height=\"510\" srcset=\"https:\/\/experienciadevida.com.ar\/portalurbano\/wp-content\/uploads\/2020\/11\/Concentracion4.jpg 765w, https:\/\/experienciadevida.com.ar\/portalurbano\/wp-content\/uploads\/2020\/11\/Concentracion4-300x200.jpg 300w\" sizes=\"(max-width: 765px) 100vw, 765px\" \/><\/a><\/span><\/p>\n<p>&nbsp;<\/p>\n","protected":false},"excerpt":{"rendered":"<p>En la jornada de este lunes, diferentes organizaciones se concentraron en el paseo Jes\u00fas Mend\u00eda&#8230;<\/p>\n","protected":false},"author":1,"featured_media":126764,"comment_status":"closed","ping_status":"closed","sticky":false,"template":"","format":"standard","meta":{"content-type":""},"categories":[27,51],"tags":[534],"nelio_content":{"isAutoShareEnabled":false,"autoShareEndMode":"default","automationSources":{"useContentSentences":true,"useSocialTemplates":true,"useCustomSentences":false,"customSentences":[]},"followers":[1],"suggestedReferences":[],"includedReferences":["https:\/\/www.greenpeace.org\/argentina\/story\/issues\/bosques\/greenpeace-advierte-que-el-acuerdo-con-china-para-producir-chanchos-generara-mas-deforestacion\/","https:\/\/hcd.olavarria.gov.ar\/"],"efiUrl":"","efiAlt":"","highlights":[]},"yoast_head":"<!-- This site is optimized with the Yoast SEO plugin v20.7 - https:\/\/yoast.com\/wordpress\/plugins\/seo\/ -->\n<title>acuerdo con china J\u00f3venes se concentraron en rechazo al acuerdo<\/title>\n<meta name=\"description\" content=\"acuerdo con china . Este lunes, organizaciones se concentraron rechazando el acuerdo con China por la instalaci\u00f3n de granjas industriales\" \/>\n<meta name=\"robots\" content=\"index, follow, max-snippet:-1, max-image-preview:large, max-video-preview:-1\" \/>\n<link rel=\"canonical\" href=\"https:\/\/experienciadevida.com.ar\/portalurbano\/se-hizo-la-concentracion-en-rechazo-al-acuerdo-porcino-con-china\/\" \/>\n<meta property=\"og:locale\" content=\"es_ES\" \/>\n<meta property=\"og:type\" content=\"article\" \/>\n<meta property=\"og:title\" content=\"acuerdo con china J\u00f3venes se concentraron en rechazo al acuerdo\" \/>\n<meta property=\"og:description\" content=\"acuerdo con china . Este lunes, organizaciones se concentraron rechazando el acuerdo con China por la instalaci\u00f3n de granjas industriales\" \/>\n<meta property=\"og:url\" content=\"https:\/\/experienciadevida.com.ar\/portalurbano\/se-hizo-la-concentracion-en-rechazo-al-acuerdo-porcino-con-china\/\" \/>\n<meta property=\"article:publisher\" content=\"https:\/\/www.facebook.com\/Portal-Urbano-171542830093757\/\" \/>\n<meta property=\"article:published_time\" content=\"2020-11-10T00:01:02+00:00\" \/>\n<meta property=\"article:modified_time\" content=\"2020-11-10T11:09:38+00:00\" \/>\n<meta property=\"og:image\" content=\"https:\/\/experienciadevida.com.ar\/portalurbano\/wp-content\/uploads\/2020\/11\/Concentracion.jpg\" \/>\n\t<meta property=\"og:image:width\" content=\"765\" \/>\n\t<meta property=\"og:image:height\" content=\"510\" \/>\n\t<meta property=\"og:image:type\" content=\"image\/jpeg\" \/>\n<meta name=\"author\" content=\"admpu17wp\" \/>\n<meta name=\"twitter:card\" content=\"summary_large_image\" \/>\n<meta name=\"twitter:creator\" content=\"@portalurbanook\" \/>\n<meta name=\"twitter:site\" content=\"@portalurbanook\" \/>\n<meta name=\"twitter:label1\" content=\"Escrito por\" \/>\n\t<meta name=\"twitter:data1\" content=\"admpu17wp\" \/>\n\t<meta name=\"twitter:label2\" content=\"Tiempo de lectura\" \/>\n\t<meta name=\"twitter:data2\" content=\"1 minuto\" \/>\n<script type=\"application\/ld+json\" class=\"yoast-schema-graph\">{\"@context\":\"https:\/\/schema.org\",\"@graph\":[{\"@type\":\"Article\",\"@id\":\"https:\/\/experienciadevida.com.ar\/portalurbano\/se-hizo-la-concentracion-en-rechazo-al-acuerdo-porcino-con-china\/#article\",\"isPartOf\":{\"@id\":\"https:\/\/experienciadevida.com.ar\/portalurbano\/se-hizo-la-concentracion-en-rechazo-al-acuerdo-porcino-con-china\/\"},\"author\":{\"name\":\"admpu17wp\",\"@id\":\"https:\/\/experienciadevida.com.ar\/portalurbano\/#\/schema\/person\/02dd326b1c4b056e9cc972486934a3a7\"},\"headline\":\"J\u00f3venes se concentraron en rechazo al acuerdo porcino con china\",\"datePublished\":\"2020-11-10T00:01:02+00:00\",\"dateModified\":\"2020-11-10T11:09:38+00:00\",\"mainEntityOfPage\":{\"@id\":\"https:\/\/experienciadevida.com.ar\/portalurbano\/se-hizo-la-concentracion-en-rechazo-al-acuerdo-porcino-con-china\/\"},\"wordCount\":259,\"publisher\":{\"@id\":\"https:\/\/experienciadevida.com.ar\/portalurbano\/#organization\"},\"keywords\":[\"ACUERDO PORCINO CON CHINA\"],\"articleSection\":[\"Ciudad\",\"Destacadas\"],\"inLanguage\":\"es\"},{\"@type\":\"WebPage\",\"@id\":\"https:\/\/experienciadevida.com.ar\/portalurbano\/se-hizo-la-concentracion-en-rechazo-al-acuerdo-porcino-con-china\/\",\"url\":\"https:\/\/experienciadevida.com.ar\/portalurbano\/se-hizo-la-concentracion-en-rechazo-al-acuerdo-porcino-con-china\/\",\"name\":\"acuerdo con china J\u00f3venes se concentraron en rechazo al acuerdo\",\"isPartOf\":{\"@id\":\"https:\/\/experienciadevida.com.ar\/portalurbano\/#website\"},\"datePublished\":\"2020-11-10T00:01:02+00:00\",\"dateModified\":\"2020-11-10T11:09:38+00:00\",\"description\":\"acuerdo con china . Este lunes, organizaciones se concentraron rechazando el acuerdo con China por la instalaci\u00f3n de granjas industriales\",\"breadcrumb\":{\"@id\":\"https:\/\/experienciadevida.com.ar\/portalurbano\/se-hizo-la-concentracion-en-rechazo-al-acuerdo-porcino-con-china\/#breadcrumb\"},\"inLanguage\":\"es\",\"potentialAction\":[{\"@type\":\"ReadAction\",\"target\":[\"https:\/\/experienciadevida.com.ar\/portalurbano\/se-hizo-la-concentracion-en-rechazo-al-acuerdo-porcino-con-china\/\"]}]},{\"@type\":\"BreadcrumbList\",\"@id\":\"https:\/\/experienciadevida.com.ar\/portalurbano\/se-hizo-la-concentracion-en-rechazo-al-acuerdo-porcino-con-china\/#breadcrumb\",\"itemListElement\":[{\"@type\":\"ListItem\",\"position\":1,\"name\":\"Portada\",\"item\":\"https:\/\/experienciadevida.com.ar\/portalurbano\/\"},{\"@type\":\"ListItem\",\"position\":2,\"name\":\"J\u00f3venes se concentraron en rechazo al acuerdo porcino con china\"}]},{\"@type\":\"WebSite\",\"@id\":\"https:\/\/experienciadevida.com.ar\/portalurbano\/#website\",\"url\":\"https:\/\/experienciadevida.com.ar\/portalurbano\/\",\"name\":\"\",\"description\":\"\",\"publisher\":{\"@id\":\"https:\/\/experienciadevida.com.ar\/portalurbano\/#organization\"},\"potentialAction\":[{\"@type\":\"SearchAction\",\"target\":{\"@type\":\"EntryPoint\",\"urlTemplate\":\"https:\/\/experienciadevida.com.ar\/portalurbano\/?s={search_term_string}\"},\"query-input\":\"required name=search_term_string\"}],\"inLanguage\":\"es\"},{\"@type\":\"Organization\",\"@id\":\"https:\/\/experienciadevida.com.ar\/portalurbano\/#organization\",\"name\":\"Portal Urbano\",\"url\":\"https:\/\/experienciadevida.com.ar\/portalurbano\/\",\"logo\":{\"@type\":\"ImageObject\",\"inLanguage\":\"es\",\"@id\":\"https:\/\/experienciadevida.com.ar\/portalurbano\/#\/schema\/logo\/image\/\",\"url\":\"https:\/\/experienciadevida.com.ar\/portalurbano\/wp-content\/uploads\/2019\/09\/Logo-Original.png\",\"contentUrl\":\"https:\/\/experienciadevida.com.ar\/portalurbano\/wp-content\/uploads\/2019\/09\/Logo-Original.png\",\"width\":2236,\"height\":1216,\"caption\":\"Portal Urbano\"},\"image\":{\"@id\":\"https:\/\/experienciadevida.com.ar\/portalurbano\/#\/schema\/logo\/image\/\"},\"sameAs\":[\"https:\/\/www.facebook.com\/Portal-Urbano-171542830093757\/\",\"https:\/\/twitter.com\/portalurbanook\",\"https:\/\/www.instagram.com\/_portalurbano\/\",\"https:\/\/www.youtube.com\/channel\/UCXhagIfszH8KxFiOok79zbA?view_as=subscriber\"]},{\"@type\":\"Person\",\"@id\":\"https:\/\/experienciadevida.com.ar\/portalurbano\/#\/schema\/person\/02dd326b1c4b056e9cc972486934a3a7\",\"name\":\"admpu17wp\",\"image\":{\"@type\":\"ImageObject\",\"inLanguage\":\"es\",\"@id\":\"https:\/\/experienciadevida.com.ar\/portalurbano\/#\/schema\/person\/image\/\",\"url\":\"https:\/\/secure.gravatar.com\/avatar\/830d4c57adaae6630765e449a6908047?s=96&d=mm&r=g\",\"contentUrl\":\"https:\/\/secure.gravatar.com\/avatar\/830d4c57adaae6630765e449a6908047?s=96&d=mm&r=g\",\"caption\":\"admpu17wp\"}}]}<\/script>\n<!-- \/ Yoast SEO plugin. -->","yoast_head_json":{"title":"acuerdo con china J\u00f3venes se concentraron en rechazo al acuerdo","description":"acuerdo con china . Este lunes, organizaciones se concentraron rechazando el acuerdo con China por la instalaci\u00f3n de granjas industriales","robots":{"index":"index","follow":"follow","max-snippet":"max-snippet:-1","max-image-preview":"max-image-preview:large","max-video-preview":"max-video-preview:-1"},"canonical":"https:\/\/experienciadevida.com.ar\/portalurbano\/se-hizo-la-concentracion-en-rechazo-al-acuerdo-porcino-con-china\/","og_locale":"es_ES","og_type":"article","og_title":"acuerdo con china J\u00f3venes se concentraron en rechazo al acuerdo","og_description":"acuerdo con china . Este lunes, organizaciones se concentraron rechazando el acuerdo con China por la instalaci\u00f3n de granjas industriales","og_url":"https:\/\/experienciadevida.com.ar\/portalurbano\/se-hizo-la-concentracion-en-rechazo-al-acuerdo-porcino-con-china\/","article_publisher":"https:\/\/www.facebook.com\/Portal-Urbano-171542830093757\/","article_published_time":"2020-11-10T00:01:02+00:00","article_modified_time":"2020-11-10T11:09:38+00:00","og_image":[{"width":765,"height":510,"url":"https:\/\/experienciadevida.com.ar\/portalurbano\/wp-content\/uploads\/2020\/11\/Concentracion.jpg","type":"image\/jpeg"}],"author":"admpu17wp","twitter_card":"summary_large_image","twitter_creator":"@portalurbanook","twitter_site":"@portalurbanook","twitter_misc":{"Escrito por":"admpu17wp","Tiempo de lectura":"1 minuto"},"schema":{"@context":"https:\/\/schema.org","@graph":[{"@type":"Article","@id":"https:\/\/experienciadevida.com.ar\/portalurbano\/se-hizo-la-concentracion-en-rechazo-al-acuerdo-porcino-con-china\/#article","isPartOf":{"@id":"https:\/\/experienciadevida.com.ar\/portalurbano\/se-hizo-la-concentracion-en-rechazo-al-acuerdo-porcino-con-china\/"},"author":{"name":"admpu17wp","@id":"https:\/\/experienciadevida.com.ar\/portalurbano\/#\/schema\/person\/02dd326b1c4b056e9cc972486934a3a7"},"headline":"J\u00f3venes se concentraron en rechazo al acuerdo porcino con china","datePublished":"2020-11-10T00:01:02+00:00","dateModified":"2020-11-10T11:09:38+00:00","mainEntityOfPage":{"@id":"https:\/\/experienciadevida.com.ar\/portalurbano\/se-hizo-la-concentracion-en-rechazo-al-acuerdo-porcino-con-china\/"},"wordCount":259,"publisher":{"@id":"https:\/\/experienciadevida.com.ar\/portalurbano\/#organization"},"keywords":["ACUERDO PORCINO CON CHINA"],"articleSection":["Ciudad","Destacadas"],"inLanguage":"es"},{"@type":"WebPage","@id":"https:\/\/experienciadevida.com.ar\/portalurbano\/se-hizo-la-concentracion-en-rechazo-al-acuerdo-porcino-con-china\/","url":"https:\/\/experienciadevida.com.ar\/portalurbano\/se-hizo-la-concentracion-en-rechazo-al-acuerdo-porcino-con-china\/","name":"acuerdo con china J\u00f3venes se concentraron en rechazo al acuerdo","isPartOf":{"@id":"https:\/\/experienciadevida.com.ar\/portalurbano\/#website"},"datePublished":"2020-11-10T00:01:02+00:00","dateModified":"2020-11-10T11:09:38+00:00","description":"acuerdo con china . Este lunes, organizaciones se concentraron rechazando el acuerdo con China por la instalaci\u00f3n de granjas industriales","breadcrumb":{"@id":"https:\/\/experienciadevida.com.ar\/portalurbano\/se-hizo-la-concentracion-en-rechazo-al-acuerdo-porcino-con-china\/#breadcrumb"},"inLanguage":"es","potentialAction":[{"@type":"ReadAction","target":["https:\/\/experienciadevida.com.ar\/portalurbano\/se-hizo-la-concentracion-en-rechazo-al-acuerdo-porcino-con-china\/"]}]},{"@type":"BreadcrumbList","@id":"https:\/\/experienciadevida.com.ar\/portalurbano\/se-hizo-la-concentracion-en-rechazo-al-acuerdo-porcino-con-china\/#breadcrumb","itemListElement":[{"@type":"ListItem","position":1,"name":"Portada","item":"https:\/\/experienciadevida.com.ar\/portalurbano\/"},{"@type":"ListItem","position":2,"name":"J\u00f3venes se concentraron en rechazo al acuerdo porcino con china"}]},{"@type":"WebSite","@id":"https:\/\/experienciadevida.com.ar\/portalurbano\/#website","url":"https:\/\/experienciadevida.com.ar\/portalurbano\/","name":"","description":"","publisher":{"@id":"https:\/\/experienciadevida.com.ar\/portalurbano\/#organization"},"potentialAction":[{"@type":"SearchAction","target":{"@type":"EntryPoint","urlTemplate":"https:\/\/experienciadevida.com.ar\/portalurbano\/?s={search_term_string}"},"query-input":"required name=search_term_string"}],"inLanguage":"es"},{"@type":"Organization","@id":"https:\/\/experienciadevida.com.ar\/portalurbano\/#organization","name":"Portal Urbano","url":"https:\/\/experienciadevida.com.ar\/portalurbano\/","logo":{"@type":"ImageObject","inLanguage":"es","@id":"https:\/\/experienciadevida.com.ar\/portalurbano\/#\/schema\/logo\/image\/","url":"https:\/\/experienciadevida.com.ar\/portalurbano\/wp-content\/uploads\/2019\/09\/Logo-Original.png","contentUrl":"https:\/\/experienciadevida.com.ar\/portalurbano\/wp-content\/uploads\/2019\/09\/Logo-Original.png","width":2236,"height":1216,"caption":"Portal Urbano"},"image":{"@id":"https:\/\/experienciadevida.com.ar\/portalurbano\/#\/schema\/logo\/image\/"},"sameAs":["https:\/\/www.facebook.com\/Portal-Urbano-171542830093757\/","https:\/\/twitter.com\/portalurbanook","https:\/\/www.instagram.com\/_portalurbano\/","https:\/\/www.youtube.com\/channel\/UCXhagIfszH8KxFiOok79zbA?view_as=subscriber"]},{"@type":"Person","@id":"https:\/\/experienciadevida.com.ar\/portalurbano\/#\/schema\/person\/02dd326b1c4b056e9cc972486934a3a7","name":"admpu17wp","image":{"@type":"ImageObject","inLanguage":"es","@id":"https:\/\/experienciadevida.com.ar\/portalurbano\/#\/schema\/person\/image\/","url":"https:\/\/secure.gravatar.com\/avatar\/830d4c57adaae6630765e449a6908047?s=96&d=mm&r=g","contentUrl":"https:\/\/secure.gravatar.com\/avatar\/830d4c57adaae6630765e449a6908047?s=96&d=mm&r=g","caption":"admpu17wp"}}]}},"featured_image_urls":{"full":["https:\/\/experienciadevida.com.ar\/portalurbano\/wp-content\/uploads\/2020\/11\/Concentracion.jpg",765,510,false],"thumbnail":["https:\/\/experienciadevida.com.ar\/portalurbano\/wp-content\/uploads\/2020\/11\/Concentracion-150x150.jpg",150,150,true],"medium":["https:\/\/experienciadevida.com.ar\/portalurbano\/wp-content\/uploads\/2020\/11\/Concentracion-300x200.jpg",300,200,true],"medium_large":["https:\/\/experienciadevida.com.ar\/portalurbano\/wp-content\/uploads\/2020\/11\/Concentracion.jpg",640,427,false],"large":["https:\/\/experienciadevida.com.ar\/portalurbano\/wp-content\/uploads\/2020\/11\/Concentracion.jpg",640,427,false],"ug_big":["https:\/\/experienciadevida.com.ar\/portalurbano\/wp-content\/uploads\/2020\/11\/Concentracion.jpg",765,510,false],"1536x1536":["https:\/\/experienciadevida.com.ar\/portalurbano\/wp-content\/uploads\/2020\/11\/Concentracion.jpg",765,510,false],"2048x2048":["https:\/\/experienciadevida.com.ar\/portalurbano\/wp-content\/uploads\/2020\/11\/Concentracion.jpg",765,510,false],"newsever-slider-full":["https:\/\/experienciadevida.com.ar\/portalurbano\/wp-content\/uploads\/2020\/11\/Concentracion.jpg",765,510,false],"newsever-featured":["https:\/\/experienciadevida.com.ar\/portalurbano\/wp-content\/uploads\/2020\/11\/Concentracion.jpg",765,510,false],"newsever-medium":["https:\/\/experienciadevida.com.ar\/portalurbano\/wp-content\/uploads\/2020\/11\/Concentracion.jpg",713,475,false],"web-stories-poster-portrait":["https:\/\/experienciadevida.com.ar\/portalurbano\/wp-content\/uploads\/2020\/11\/Concentracion.jpg",640,427,false],"web-stories-publisher-logo":["https:\/\/experienciadevida.com.ar\/portalurbano\/wp-content\/uploads\/2020\/11\/Concentracion.jpg",96,64,false],"web-stories-thumbnail":["https:\/\/experienciadevida.com.ar\/portalurbano\/wp-content\/uploads\/2020\/11\/Concentracion.jpg",150,100,false]},"author_info":{"display_name":"admpu17wp","author_link":"https:\/\/experienciadevida.com.ar\/portalurbano\/author\/admpu17wp\/"},"category_info":"<a href=\"https:\/\/experienciadevida.com.ar\/portalurbano\/category\/ciudad\/\" rel=\"category tag\">Ciudad<\/a> <a href=\"https:\/\/experienciadevida.com.ar\/portalurbano\/category\/destacadas\/\" rel=\"category tag\">Destacadas<\/a>","tag_info":"Destacadas","comment_count":"0","amp_enabled":true,"_links":{"self":[{"href":"https:\/\/experienciadevida.com.ar\/portalurbano\/wp-json\/wp\/v2\/posts\/126750"}],"collection":[{"href":"https:\/\/experienciadevida.com.ar\/portalurbano\/wp-json\/wp\/v2\/posts"}],"about":[{"href":"https:\/\/experienciadevida.com.ar\/portalurbano\/wp-json\/wp\/v2\/types\/post"}],"author":[{"embeddable":true,"href":"https:\/\/experienciadevida.com.ar\/portalurbano\/wp-json\/wp\/v2\/users\/1"}],"replies":[{"embeddable":true,"href":"https:\/\/experienciadevida.com.ar\/portalurbano\/wp-json\/wp\/v2\/comments?post=126750"}],"version-history":[{"count":10,"href":"https:\/\/experienciadevida.com.ar\/portalurbano\/wp-json\/wp\/v2\/posts\/126750\/revisions"}],"predecessor-version":[{"id":126798,"href":"https:\/\/experienciadevida.com.ar\/portalurbano\/wp-json\/wp\/v2\/posts\/126750\/revisions\/126798"}],"wp:featuredmedia":[{"embeddable":true,"href":"https:\/\/experienciadevida.com.ar\/portalurbano\/wp-json\/wp\/v2\/media\/126764"}],"wp:attachment":[{"href":"https:\/\/experienciadevida.com.ar\/portalurbano\/wp-json\/wp\/v2\/media?parent=126750"}],"wp:term":[{"taxonomy":"category","embeddable":true,"href":"https:\/\/experienciadevida.com.ar\/portalurbano\/wp-json\/wp\/v2\/categories?post=126750"},{"taxonomy":"post_tag","embeddable":true,"href":"https:\/\/experienciadevida.com.ar\/portalurbano\/wp-json\/wp\/v2\/tags?post=126750"}],"curies":[{"name":"wp","href":"https:\/\/api.w.org\/{rel}","templated":true}]}}