{"id":126650,"date":"2020-11-08T19:34:00","date_gmt":"2020-11-08T22:34:00","guid":{"rendered":"https:\/\/experienciadevida.com.ar\/portalurbano\/?p=126650"},"modified":"2020-11-08T20:48:07","modified_gmt":"2020-11-08T23:48:07","slug":"8n-en-olavarria-se-realizo-el-banderazo-en-la-plaza-central","status":"publish","type":"post","link":"https:\/\/experienciadevida.com.ar\/portalurbano\/8n-en-olavarria-se-realizo-el-banderazo-en-la-plaza-central\/","title":{"rendered":"8N en Olavarr\u00eda: Se realiz\u00f3 el banderazo en la Plaza Central"},"content":{"rendered":"<p class=\"intro\"><strong>El #8N se replic\u00f3 y otro banderazo acompa\u00f1ado de una ruidosa caravana se hizo sentir en la ciudad. <\/strong><\/p>\n<p class=\"intro\">Convocado por distintos sectores de la oposici\u00f3n, se llev\u00f3 a cabo este domingo, un nuevo banderazo en protesta contra el Gobierno Nacional. El\u00a0<strong>8N en Olavarr\u00eda\u00a0<\/strong>se realiz\u00f3 en el Paseo Jes\u00fas Mend\u00eda.<\/p>\n<p>La convocatoria estaba pactada para las 17 en el <strong>Paseo Jes\u00fas Mend\u00eda<\/strong>, pero los manifestantes comenzaron a llegar con anterioridad.<\/p>\n<p>La misma se hizo con las consignas de &#8220;justicia independiente&#8221;, &#8220;respeto a la constituci\u00f3n&#8221; &#8220;basta de ocupaci\u00f3n de tierras&#8221;, &#8220;seguridad&#8221;, &#8220;basta de inflaci\u00f3n&#8221;.<\/p>\n<p>Esta es la novena manifestaci\u00f3n desde que asumi\u00f3 el presidente Alberto Fern\u00e1ndez desde el 20 de junio pasado y que se repiti\u00f3 el 9 de julio, el 1, 17 y 26 de agosto, el 13 y 19 de septiembre y el 12 de octubre pasados.<\/p>\n<p>La convocatoria tuvo su epicentro en el Obelisco porte\u00f1o y se replic\u00f3 en distintos puntos del pa\u00eds. La ex ministra de Seguridad y actual presidenta del PRO,\u00a0<strong>Patricia Bullrrich,<\/strong>\u00a0fue su impulsora y se traslad\u00f3 espec\u00edficamente a C\u00f3rdoba para participar de los reclamos en uno de los distritos electorales m\u00e1s afines con el ex presidente\u00a0<strong>Mauricio Macri.<\/strong><\/p>\n<p>Tal como ocurri\u00f3 en oportunidades anteriores, la manifestaci\u00f3n se desarroll\u00f3 con las principales medidas de higiene en el marco de la pandemia de coronavirus. Tambi\u00e9n se trata del octavo aniversario de la masiva marcha contra el gobierno de\u00a0<strong>Cristina Kirchner en 2012.<\/strong><\/p>\n<p><a href=\"https:\/\/experienciadevida.com.ar\/portalurbano\/8n-en-olavarria-se-realizo-el-banderazo-en-la-plaza-central\/olavarria20\/\" rel=\"attachment wp-att-126669\"><img decoding=\"async\" class=\"alignnone size-full wp-image-126669\" src=\"https:\/\/experienciadevida.com.ar\/portalurbano\/wp-content\/uploads\/2020\/11\/Olavarria20.jpg\" alt=\"\" width=\"765\" height=\"510\" srcset=\"https:\/\/experienciadevida.com.ar\/portalurbano\/wp-content\/uploads\/2020\/11\/Olavarria20.jpg 765w, https:\/\/experienciadevida.com.ar\/portalurbano\/wp-content\/uploads\/2020\/11\/Olavarria20-300x200.jpg 300w\" sizes=\"(max-width: 765px) 100vw, 765px\" \/><\/a> <a href=\"https:\/\/experienciadevida.com.ar\/portalurbano\/8n-en-olavarria-se-realizo-el-banderazo-en-la-plaza-central\/olavarria19\/\" rel=\"attachment wp-att-126668\"><img decoding=\"async\" class=\"alignnone size-full wp-image-126668\" src=\"https:\/\/experienciadevida.com.ar\/portalurbano\/wp-content\/uploads\/2020\/11\/Olavarria19.jpg\" alt=\"\" width=\"765\" height=\"510\" srcset=\"https:\/\/experienciadevida.com.ar\/portalurbano\/wp-content\/uploads\/2020\/11\/Olavarria19.jpg 765w, https:\/\/experienciadevida.com.ar\/portalurbano\/wp-content\/uploads\/2020\/11\/Olavarria19-300x200.jpg 300w\" sizes=\"(max-width: 765px) 100vw, 765px\" \/><\/a> <a href=\"https:\/\/experienciadevida.com.ar\/portalurbano\/8n-en-olavarria-se-realizo-el-banderazo-en-la-plaza-central\/olavarria18\/\" rel=\"attachment wp-att-126667\"><img decoding=\"async\" class=\"alignnone size-full wp-image-126667\" src=\"https:\/\/experienciadevida.com.ar\/portalurbano\/wp-content\/uploads\/2020\/11\/Olavarria18.jpg\" alt=\"\" width=\"765\" height=\"510\" srcset=\"https:\/\/experienciadevida.com.ar\/portalurbano\/wp-content\/uploads\/2020\/11\/Olavarria18.jpg 765w, https:\/\/experienciadevida.com.ar\/portalurbano\/wp-content\/uploads\/2020\/11\/Olavarria18-300x200.jpg 300w\" sizes=\"(max-width: 765px) 100vw, 765px\" \/><\/a> <a href=\"https:\/\/experienciadevida.com.ar\/portalurbano\/8n-en-olavarria-se-realizo-el-banderazo-en-la-plaza-central\/olavarria17\/\" rel=\"attachment wp-att-126666\"><img decoding=\"async\" class=\"alignnone size-full wp-image-126666\" src=\"https:\/\/experienciadevida.com.ar\/portalurbano\/wp-content\/uploads\/2020\/11\/Olavarria17.jpg\" alt=\"\" width=\"765\" height=\"510\" srcset=\"https:\/\/experienciadevida.com.ar\/portalurbano\/wp-content\/uploads\/2020\/11\/Olavarria17.jpg 765w, https:\/\/experienciadevida.com.ar\/portalurbano\/wp-content\/uploads\/2020\/11\/Olavarria17-300x200.jpg 300w\" sizes=\"(max-width: 765px) 100vw, 765px\" \/><\/a> <a href=\"https:\/\/experienciadevida.com.ar\/portalurbano\/8n-en-olavarria-se-realizo-el-banderazo-en-la-plaza-central\/olavarria16\/\" rel=\"attachment wp-att-126665\"><img decoding=\"async\" class=\"alignnone size-full wp-image-126665\" src=\"https:\/\/experienciadevida.com.ar\/portalurbano\/wp-content\/uploads\/2020\/11\/Olavarria16.jpg\" alt=\"\" width=\"765\" height=\"510\" srcset=\"https:\/\/experienciadevida.com.ar\/portalurbano\/wp-content\/uploads\/2020\/11\/Olavarria16.jpg 765w, https:\/\/experienciadevida.com.ar\/portalurbano\/wp-content\/uploads\/2020\/11\/Olavarria16-300x200.jpg 300w\" sizes=\"(max-width: 765px) 100vw, 765px\" \/><\/a> <a href=\"https:\/\/experienciadevida.com.ar\/portalurbano\/8n-en-olavarria-se-realizo-el-banderazo-en-la-plaza-central\/olavarria15\/\" rel=\"attachment wp-att-126664\"><img decoding=\"async\" class=\"alignnone size-full wp-image-126664\" src=\"https:\/\/experienciadevida.com.ar\/portalurbano\/wp-content\/uploads\/2020\/11\/Olavarria15.jpg\" alt=\"\" width=\"765\" height=\"510\" srcset=\"https:\/\/experienciadevida.com.ar\/portalurbano\/wp-content\/uploads\/2020\/11\/Olavarria15.jpg 765w, https:\/\/experienciadevida.com.ar\/portalurbano\/wp-content\/uploads\/2020\/11\/Olavarria15-300x200.jpg 300w\" sizes=\"(max-width: 765px) 100vw, 765px\" \/><\/a> <a href=\"https:\/\/experienciadevida.com.ar\/portalurbano\/8n-en-olavarria-se-realizo-el-banderazo-en-la-plaza-central\/olavarria7-2\/\" rel=\"attachment wp-att-126658\"><img decoding=\"async\" class=\"alignnone size-full wp-image-126658\" src=\"https:\/\/experienciadevida.com.ar\/portalurbano\/wp-content\/uploads\/2020\/11\/Olavarria7.jpg\" alt=\"\" width=\"765\" height=\"510\" srcset=\"https:\/\/experienciadevida.com.ar\/portalurbano\/wp-content\/uploads\/2020\/11\/Olavarria7.jpg 765w, https:\/\/experienciadevida.com.ar\/portalurbano\/wp-content\/uploads\/2020\/11\/Olavarria7-300x200.jpg 300w\" sizes=\"(max-width: 765px) 100vw, 765px\" \/><\/a> <a href=\"https:\/\/experienciadevida.com.ar\/portalurbano\/8n-en-olavarria-se-realizo-el-banderazo-en-la-plaza-central\/olavarria8-2\/\" rel=\"attachment wp-att-126659\"><img decoding=\"async\" class=\"alignnone size-full wp-image-126659\" src=\"https:\/\/experienciadevida.com.ar\/portalurbano\/wp-content\/uploads\/2020\/11\/Olavarria8.jpg\" alt=\"\" width=\"765\" height=\"510\" srcset=\"https:\/\/experienciadevida.com.ar\/portalurbano\/wp-content\/uploads\/2020\/11\/Olavarria8.jpg 765w, https:\/\/experienciadevida.com.ar\/portalurbano\/wp-content\/uploads\/2020\/11\/Olavarria8-300x200.jpg 300w\" sizes=\"(max-width: 765px) 100vw, 765px\" \/><\/a> <a href=\"https:\/\/experienciadevida.com.ar\/portalurbano\/8n-en-olavarria-se-realizo-el-banderazo-en-la-plaza-central\/olavarria12\/\" rel=\"attachment wp-att-126661\"><img decoding=\"async\" class=\"alignnone size-full wp-image-126661\" src=\"https:\/\/experienciadevida.com.ar\/portalurbano\/wp-content\/uploads\/2020\/11\/Olavarria12.jpg\" alt=\"\" width=\"765\" height=\"510\" srcset=\"https:\/\/experienciadevida.com.ar\/portalurbano\/wp-content\/uploads\/2020\/11\/Olavarria12.jpg 765w, https:\/\/experienciadevida.com.ar\/portalurbano\/wp-content\/uploads\/2020\/11\/Olavarria12-300x200.jpg 300w\" sizes=\"(max-width: 765px) 100vw, 765px\" \/><\/a> <a href=\"https:\/\/experienciadevida.com.ar\/portalurbano\/8n-en-olavarria-se-realizo-el-banderazo-en-la-plaza-central\/olavarria13\/\" rel=\"attachment wp-att-126662\"><img decoding=\"async\" class=\"alignnone size-full wp-image-126662\" src=\"https:\/\/experienciadevida.com.ar\/portalurbano\/wp-content\/uploads\/2020\/11\/Olavarria13.jpg\" alt=\"\" width=\"765\" height=\"510\" srcset=\"https:\/\/experienciadevida.com.ar\/portalurbano\/wp-content\/uploads\/2020\/11\/Olavarria13.jpg 765w, https:\/\/experienciadevida.com.ar\/portalurbano\/wp-content\/uploads\/2020\/11\/Olavarria13-300x200.jpg 300w\" sizes=\"(max-width: 765px) 100vw, 765px\" \/><\/a> <a href=\"https:\/\/experienciadevida.com.ar\/portalurbano\/8n-en-olavarria-se-realizo-el-banderazo-en-la-plaza-central\/olavarria14\/\" rel=\"attachment wp-att-126663\"><img decoding=\"async\" class=\"alignnone size-full wp-image-126663\" src=\"https:\/\/experienciadevida.com.ar\/portalurbano\/wp-content\/uploads\/2020\/11\/Olavarria14.jpg\" alt=\"\" width=\"765\" height=\"510\" srcset=\"https:\/\/experienciadevida.com.ar\/portalurbano\/wp-content\/uploads\/2020\/11\/Olavarria14.jpg 765w, https:\/\/experienciadevida.com.ar\/portalurbano\/wp-content\/uploads\/2020\/11\/Olavarria14-300x200.jpg 300w\" sizes=\"(max-width: 765px) 100vw, 765px\" \/><\/a> <a href=\"https:\/\/experienciadevida.com.ar\/portalurbano\/8n-en-olavarria-se-realizo-el-banderazo-en-la-plaza-central\/olavarria6-2\/\" rel=\"attachment wp-att-126657\"><img decoding=\"async\" class=\"alignnone size-full wp-image-126657\" src=\"https:\/\/experienciadevida.com.ar\/portalurbano\/wp-content\/uploads\/2020\/11\/Olavarria6.jpg\" alt=\"\" width=\"765\" height=\"510\" srcset=\"https:\/\/experienciadevida.com.ar\/portalurbano\/wp-content\/uploads\/2020\/11\/Olavarria6.jpg 765w, https:\/\/experienciadevida.com.ar\/portalurbano\/wp-content\/uploads\/2020\/11\/Olavarria6-300x200.jpg 300w\" sizes=\"(max-width: 765px) 100vw, 765px\" \/><\/a> <a href=\"https:\/\/experienciadevida.com.ar\/portalurbano\/8n-en-olavarria-se-realizo-el-banderazo-en-la-plaza-central\/olavarria5-2\/\" rel=\"attachment wp-att-126656\"><img decoding=\"async\" class=\"alignnone size-full wp-image-126656\" src=\"https:\/\/experienciadevida.com.ar\/portalurbano\/wp-content\/uploads\/2020\/11\/Olavarria5.jpg\" alt=\"\" width=\"765\" height=\"510\" srcset=\"https:\/\/experienciadevida.com.ar\/portalurbano\/wp-content\/uploads\/2020\/11\/Olavarria5.jpg 765w, https:\/\/experienciadevida.com.ar\/portalurbano\/wp-content\/uploads\/2020\/11\/Olavarria5-300x200.jpg 300w\" sizes=\"(max-width: 765px) 100vw, 765px\" \/><\/a> <a href=\"https:\/\/experienciadevida.com.ar\/portalurbano\/8n-en-olavarria-se-realizo-el-banderazo-en-la-plaza-central\/olavarria4-2\/\" rel=\"attachment wp-att-126655\"><img decoding=\"async\" class=\"alignnone size-full wp-image-126655\" src=\"https:\/\/experienciadevida.com.ar\/portalurbano\/wp-content\/uploads\/2020\/11\/Olavarria4.jpg\" alt=\"\" width=\"765\" height=\"510\" srcset=\"https:\/\/experienciadevida.com.ar\/portalurbano\/wp-content\/uploads\/2020\/11\/Olavarria4.jpg 765w, https:\/\/experienciadevida.com.ar\/portalurbano\/wp-content\/uploads\/2020\/11\/Olavarria4-300x200.jpg 300w\" sizes=\"(max-width: 765px) 100vw, 765px\" \/><\/a> <a href=\"https:\/\/experienciadevida.com.ar\/portalurbano\/8n-en-olavarria-se-realizo-el-banderazo-en-la-plaza-central\/olavarria3-4\/\" rel=\"attachment wp-att-126654\"><img decoding=\"async\" class=\"alignnone size-full wp-image-126654\" src=\"https:\/\/experienciadevida.com.ar\/portalurbano\/wp-content\/uploads\/2020\/11\/Olavarria3.jpg\" alt=\"\" width=\"765\" height=\"510\" srcset=\"https:\/\/experienciadevida.com.ar\/portalurbano\/wp-content\/uploads\/2020\/11\/Olavarria3.jpg 765w, https:\/\/experienciadevida.com.ar\/portalurbano\/wp-content\/uploads\/2020\/11\/Olavarria3-300x200.jpg 300w\" sizes=\"(max-width: 765px) 100vw, 765px\" \/><\/a> <a href=\"https:\/\/experienciadevida.com.ar\/portalurbano\/8n-en-olavarria-se-realizo-el-banderazo-en-la-plaza-central\/olavarria2-8\/\" rel=\"attachment wp-att-126653\"><img decoding=\"async\" class=\"alignnone size-full wp-image-126653\" src=\"https:\/\/experienciadevida.com.ar\/portalurbano\/wp-content\/uploads\/2020\/11\/Olavarria2.jpg\" alt=\"\" width=\"765\" height=\"510\" srcset=\"https:\/\/experienciadevida.com.ar\/portalurbano\/wp-content\/uploads\/2020\/11\/Olavarria2.jpg 765w, https:\/\/experienciadevida.com.ar\/portalurbano\/wp-content\/uploads\/2020\/11\/Olavarria2-300x200.jpg 300w\" sizes=\"(max-width: 765px) 100vw, 765px\" \/><\/a> <a href=\"https:\/\/experienciadevida.com.ar\/portalurbano\/8n-en-olavarria-se-realizo-el-banderazo-en-la-plaza-central\/olavarria1-12\/\" rel=\"attachment wp-att-126652\"><img decoding=\"async\" class=\"alignnone size-full wp-image-126652\" src=\"https:\/\/experienciadevida.com.ar\/portalurbano\/wp-content\/uploads\/2020\/11\/Olavarria1.jpg\" alt=\"\" width=\"765\" height=\"510\" srcset=\"https:\/\/experienciadevida.com.ar\/portalurbano\/wp-content\/uploads\/2020\/11\/Olavarria1.jpg 765w, https:\/\/experienciadevida.com.ar\/portalurbano\/wp-content\/uploads\/2020\/11\/Olavarria1-300x200.jpg 300w\" sizes=\"(max-width: 765px) 100vw, 765px\" \/><\/a> <a href=\"https:\/\/experienciadevida.com.ar\/portalurbano\/8n-en-olavarria-se-realizo-el-banderazo-en-la-plaza-central\/olavarria-30\/\" rel=\"attachment wp-att-126651\"><img decoding=\"async\" class=\"alignnone size-full wp-image-126651\" src=\"https:\/\/experienciadevida.com.ar\/portalurbano\/wp-content\/uploads\/2020\/11\/Olavarria.jpg\" alt=\"\" width=\"765\" height=\"510\" srcset=\"https:\/\/experienciadevida.com.ar\/portalurbano\/wp-content\/uploads\/2020\/11\/Olavarria.jpg 765w, https:\/\/experienciadevida.com.ar\/portalurbano\/wp-content\/uploads\/2020\/11\/Olavarria-300x200.jpg 300w\" sizes=\"(max-width: 765px) 100vw, 765px\" \/><\/a><\/p>\n<p>&nbsp;<\/p>\n","protected":false},"excerpt":{"rendered":"<p>El #8N se replic\u00f3 y otro banderazo acompa\u00f1ado de una ruidosa caravana se hizo sentir&#8230;<\/p>\n","protected":false},"author":1,"featured_media":126662,"comment_status":"closed","ping_status":"closed","sticky":false,"template":"","format":"standard","meta":{"content-type":""},"categories":[27,51],"tags":[530],"nelio_content":{"isAutoShareEnabled":false,"autoShareEndMode":"default","automationSources":{"useContentSentences":true,"useSocialTemplates":true,"useCustomSentences":false,"customSentences":[]},"followers":[1],"suggestedReferences":[],"includedReferences":[],"efiUrl":"","efiAlt":"","highlights":[]},"yoast_head":"<!-- This site is optimized with the Yoast SEO plugin v20.7 - https:\/\/yoast.com\/wordpress\/plugins\/seo\/ -->\n<title>8N en Olavarr\u00eda: Se realiz\u00f3 el banderazo en la plaza central<\/title>\n<meta name=\"description\" content=\"El\u00a08N en Olavarr\u00eda\u00a0se realiz\u00f3 en el Paseo Jes\u00fas Mend\u00eda, convocado por distintos sectores de la oposici\u00f3n un nuevo banderazo.\" \/>\n<meta name=\"robots\" content=\"index, follow, max-snippet:-1, max-image-preview:large, max-video-preview:-1\" \/>\n<link rel=\"canonical\" href=\"https:\/\/experienciadevida.com.ar\/portalurbano\/8n-en-olavarria-se-realizo-el-banderazo-en-la-plaza-central\/\" \/>\n<meta property=\"og:locale\" content=\"es_ES\" \/>\n<meta property=\"og:type\" content=\"article\" \/>\n<meta property=\"og:title\" content=\"8N en Olavarr\u00eda: Se realiz\u00f3 el banderazo en la plaza central\" \/>\n<meta property=\"og:description\" content=\"El\u00a08N en Olavarr\u00eda\u00a0se realiz\u00f3 en el Paseo Jes\u00fas Mend\u00eda, convocado por distintos sectores de la oposici\u00f3n un nuevo banderazo.\" \/>\n<meta property=\"og:url\" content=\"https:\/\/experienciadevida.com.ar\/portalurbano\/8n-en-olavarria-se-realizo-el-banderazo-en-la-plaza-central\/\" \/>\n<meta property=\"article:publisher\" content=\"https:\/\/www.facebook.com\/Portal-Urbano-171542830093757\/\" \/>\n<meta property=\"article:published_time\" content=\"2020-11-08T22:34:00+00:00\" \/>\n<meta property=\"article:modified_time\" content=\"2020-11-08T23:48:07+00:00\" \/>\n<meta property=\"og:image\" content=\"https:\/\/experienciadevida.com.ar\/portalurbano\/wp-content\/uploads\/2020\/11\/Olavarria13.jpg\" \/>\n\t<meta property=\"og:image:width\" content=\"765\" \/>\n\t<meta property=\"og:image:height\" content=\"510\" \/>\n\t<meta property=\"og:image:type\" content=\"image\/jpeg\" \/>\n<meta name=\"author\" content=\"admpu17wp\" \/>\n<meta name=\"twitter:card\" content=\"summary_large_image\" \/>\n<meta name=\"twitter:creator\" content=\"@portalurbanook\" \/>\n<meta name=\"twitter:site\" content=\"@portalurbanook\" \/>\n<meta name=\"twitter:label1\" content=\"Escrito por\" \/>\n\t<meta name=\"twitter:data1\" content=\"admpu17wp\" \/>\n\t<meta name=\"twitter:label2\" content=\"Tiempo de lectura\" \/>\n\t<meta name=\"twitter:data2\" content=\"1 minuto\" \/>\n<script type=\"application\/ld+json\" class=\"yoast-schema-graph\">{\"@context\":\"https:\/\/schema.org\",\"@graph\":[{\"@type\":\"Article\",\"@id\":\"https:\/\/experienciadevida.com.ar\/portalurbano\/8n-en-olavarria-se-realizo-el-banderazo-en-la-plaza-central\/#article\",\"isPartOf\":{\"@id\":\"https:\/\/experienciadevida.com.ar\/portalurbano\/8n-en-olavarria-se-realizo-el-banderazo-en-la-plaza-central\/\"},\"author\":{\"name\":\"admpu17wp\",\"@id\":\"https:\/\/experienciadevida.com.ar\/portalurbano\/#\/schema\/person\/02dd326b1c4b056e9cc972486934a3a7\"},\"headline\":\"8N en Olavarr\u00eda: Se realiz\u00f3 el banderazo en la Plaza Central\",\"datePublished\":\"2020-11-08T22:34:00+00:00\",\"dateModified\":\"2020-11-08T23:48:07+00:00\",\"mainEntityOfPage\":{\"@id\":\"https:\/\/experienciadevida.com.ar\/portalurbano\/8n-en-olavarria-se-realizo-el-banderazo-en-la-plaza-central\/\"},\"wordCount\":260,\"publisher\":{\"@id\":\"https:\/\/experienciadevida.com.ar\/portalurbano\/#organization\"},\"keywords\":[\"8N\"],\"articleSection\":[\"Ciudad\",\"Destacadas\"],\"inLanguage\":\"es\"},{\"@type\":\"WebPage\",\"@id\":\"https:\/\/experienciadevida.com.ar\/portalurbano\/8n-en-olavarria-se-realizo-el-banderazo-en-la-plaza-central\/\",\"url\":\"https:\/\/experienciadevida.com.ar\/portalurbano\/8n-en-olavarria-se-realizo-el-banderazo-en-la-plaza-central\/\",\"name\":\"8N en Olavarr\u00eda: Se realiz\u00f3 el banderazo en la plaza central\",\"isPartOf\":{\"@id\":\"https:\/\/experienciadevida.com.ar\/portalurbano\/#website\"},\"datePublished\":\"2020-11-08T22:34:00+00:00\",\"dateModified\":\"2020-11-08T23:48:07+00:00\",\"description\":\"El\u00a08N en Olavarr\u00eda\u00a0se realiz\u00f3 en el Paseo Jes\u00fas Mend\u00eda, convocado por distintos sectores de la oposici\u00f3n un nuevo banderazo.\",\"breadcrumb\":{\"@id\":\"https:\/\/experienciadevida.com.ar\/portalurbano\/8n-en-olavarria-se-realizo-el-banderazo-en-la-plaza-central\/#breadcrumb\"},\"inLanguage\":\"es\",\"potentialAction\":[{\"@type\":\"ReadAction\",\"target\":[\"https:\/\/experienciadevida.com.ar\/portalurbano\/8n-en-olavarria-se-realizo-el-banderazo-en-la-plaza-central\/\"]}]},{\"@type\":\"BreadcrumbList\",\"@id\":\"https:\/\/experienciadevida.com.ar\/portalurbano\/8n-en-olavarria-se-realizo-el-banderazo-en-la-plaza-central\/#breadcrumb\",\"itemListElement\":[{\"@type\":\"ListItem\",\"position\":1,\"name\":\"Portada\",\"item\":\"https:\/\/experienciadevida.com.ar\/portalurbano\/\"},{\"@type\":\"ListItem\",\"position\":2,\"name\":\"8N en Olavarr\u00eda: Se realiz\u00f3 el banderazo en la Plaza Central\"}]},{\"@type\":\"WebSite\",\"@id\":\"https:\/\/experienciadevida.com.ar\/portalurbano\/#website\",\"url\":\"https:\/\/experienciadevida.com.ar\/portalurbano\/\",\"name\":\"\",\"description\":\"\",\"publisher\":{\"@id\":\"https:\/\/experienciadevida.com.ar\/portalurbano\/#organization\"},\"potentialAction\":[{\"@type\":\"SearchAction\",\"target\":{\"@type\":\"EntryPoint\",\"urlTemplate\":\"https:\/\/experienciadevida.com.ar\/portalurbano\/?s={search_term_string}\"},\"query-input\":\"required name=search_term_string\"}],\"inLanguage\":\"es\"},{\"@type\":\"Organization\",\"@id\":\"https:\/\/experienciadevida.com.ar\/portalurbano\/#organization\",\"name\":\"Portal Urbano\",\"url\":\"https:\/\/experienciadevida.com.ar\/portalurbano\/\",\"logo\":{\"@type\":\"ImageObject\",\"inLanguage\":\"es\",\"@id\":\"https:\/\/experienciadevida.com.ar\/portalurbano\/#\/schema\/logo\/image\/\",\"url\":\"https:\/\/experienciadevida.com.ar\/portalurbano\/wp-content\/uploads\/2019\/09\/Logo-Original.png\",\"contentUrl\":\"https:\/\/experienciadevida.com.ar\/portalurbano\/wp-content\/uploads\/2019\/09\/Logo-Original.png\",\"width\":2236,\"height\":1216,\"caption\":\"Portal Urbano\"},\"image\":{\"@id\":\"https:\/\/experienciadevida.com.ar\/portalurbano\/#\/schema\/logo\/image\/\"},\"sameAs\":[\"https:\/\/www.facebook.com\/Portal-Urbano-171542830093757\/\",\"https:\/\/twitter.com\/portalurbanook\",\"https:\/\/www.instagram.com\/_portalurbano\/\",\"https:\/\/www.youtube.com\/channel\/UCXhagIfszH8KxFiOok79zbA?view_as=subscriber\"]},{\"@type\":\"Person\",\"@id\":\"https:\/\/experienciadevida.com.ar\/portalurbano\/#\/schema\/person\/02dd326b1c4b056e9cc972486934a3a7\",\"name\":\"admpu17wp\",\"image\":{\"@type\":\"ImageObject\",\"inLanguage\":\"es\",\"@id\":\"https:\/\/experienciadevida.com.ar\/portalurbano\/#\/schema\/person\/image\/\",\"url\":\"https:\/\/secure.gravatar.com\/avatar\/830d4c57adaae6630765e449a6908047?s=96&d=mm&r=g\",\"contentUrl\":\"https:\/\/secure.gravatar.com\/avatar\/830d4c57adaae6630765e449a6908047?s=96&d=mm&r=g\",\"caption\":\"admpu17wp\"}}]}<\/script>\n<!-- \/ Yoast SEO plugin. -->","yoast_head_json":{"title":"8N en Olavarr\u00eda: Se realiz\u00f3 el banderazo en la plaza central","description":"El\u00a08N en Olavarr\u00eda\u00a0se realiz\u00f3 en el Paseo Jes\u00fas Mend\u00eda, convocado por distintos sectores de la oposici\u00f3n un nuevo banderazo.","robots":{"index":"index","follow":"follow","max-snippet":"max-snippet:-1","max-image-preview":"max-image-preview:large","max-video-preview":"max-video-preview:-1"},"canonical":"https:\/\/experienciadevida.com.ar\/portalurbano\/8n-en-olavarria-se-realizo-el-banderazo-en-la-plaza-central\/","og_locale":"es_ES","og_type":"article","og_title":"8N en Olavarr\u00eda: Se realiz\u00f3 el banderazo en la plaza central","og_description":"El\u00a08N en Olavarr\u00eda\u00a0se realiz\u00f3 en el Paseo Jes\u00fas Mend\u00eda, convocado por distintos sectores de la oposici\u00f3n un nuevo banderazo.","og_url":"https:\/\/experienciadevida.com.ar\/portalurbano\/8n-en-olavarria-se-realizo-el-banderazo-en-la-plaza-central\/","article_publisher":"https:\/\/www.facebook.com\/Portal-Urbano-171542830093757\/","article_published_time":"2020-11-08T22:34:00+00:00","article_modified_time":"2020-11-08T23:48:07+00:00","og_image":[{"width":765,"height":510,"url":"https:\/\/experienciadevida.com.ar\/portalurbano\/wp-content\/uploads\/2020\/11\/Olavarria13.jpg","type":"image\/jpeg"}],"author":"admpu17wp","twitter_card":"summary_large_image","twitter_creator":"@portalurbanook","twitter_site":"@portalurbanook","twitter_misc":{"Escrito por":"admpu17wp","Tiempo de lectura":"1 minuto"},"schema":{"@context":"https:\/\/schema.org","@graph":[{"@type":"Article","@id":"https:\/\/experienciadevida.com.ar\/portalurbano\/8n-en-olavarria-se-realizo-el-banderazo-en-la-plaza-central\/#article","isPartOf":{"@id":"https:\/\/experienciadevida.com.ar\/portalurbano\/8n-en-olavarria-se-realizo-el-banderazo-en-la-plaza-central\/"},"author":{"name":"admpu17wp","@id":"https:\/\/experienciadevida.com.ar\/portalurbano\/#\/schema\/person\/02dd326b1c4b056e9cc972486934a3a7"},"headline":"8N en Olavarr\u00eda: Se realiz\u00f3 el banderazo en la Plaza Central","datePublished":"2020-11-08T22:34:00+00:00","dateModified":"2020-11-08T23:48:07+00:00","mainEntityOfPage":{"@id":"https:\/\/experienciadevida.com.ar\/portalurbano\/8n-en-olavarria-se-realizo-el-banderazo-en-la-plaza-central\/"},"wordCount":260,"publisher":{"@id":"https:\/\/experienciadevida.com.ar\/portalurbano\/#organization"},"keywords":["8N"],"articleSection":["Ciudad","Destacadas"],"inLanguage":"es"},{"@type":"WebPage","@id":"https:\/\/experienciadevida.com.ar\/portalurbano\/8n-en-olavarria-se-realizo-el-banderazo-en-la-plaza-central\/","url":"https:\/\/experienciadevida.com.ar\/portalurbano\/8n-en-olavarria-se-realizo-el-banderazo-en-la-plaza-central\/","name":"8N en Olavarr\u00eda: Se realiz\u00f3 el banderazo en la plaza central","isPartOf":{"@id":"https:\/\/experienciadevida.com.ar\/portalurbano\/#website"},"datePublished":"2020-11-08T22:34:00+00:00","dateModified":"2020-11-08T23:48:07+00:00","description":"El\u00a08N en Olavarr\u00eda\u00a0se realiz\u00f3 en el Paseo Jes\u00fas Mend\u00eda, convocado por distintos sectores de la oposici\u00f3n un nuevo banderazo.","breadcrumb":{"@id":"https:\/\/experienciadevida.com.ar\/portalurbano\/8n-en-olavarria-se-realizo-el-banderazo-en-la-plaza-central\/#breadcrumb"},"inLanguage":"es","potentialAction":[{"@type":"ReadAction","target":["https:\/\/experienciadevida.com.ar\/portalurbano\/8n-en-olavarria-se-realizo-el-banderazo-en-la-plaza-central\/"]}]},{"@type":"BreadcrumbList","@id":"https:\/\/experienciadevida.com.ar\/portalurbano\/8n-en-olavarria-se-realizo-el-banderazo-en-la-plaza-central\/#breadcrumb","itemListElement":[{"@type":"ListItem","position":1,"name":"Portada","item":"https:\/\/experienciadevida.com.ar\/portalurbano\/"},{"@type":"ListItem","position":2,"name":"8N en Olavarr\u00eda: Se realiz\u00f3 el banderazo en la Plaza Central"}]},{"@type":"WebSite","@id":"https:\/\/experienciadevida.com.ar\/portalurbano\/#website","url":"https:\/\/experienciadevida.com.ar\/portalurbano\/","name":"","description":"","publisher":{"@id":"https:\/\/experienciadevida.com.ar\/portalurbano\/#organization"},"potentialAction":[{"@type":"SearchAction","target":{"@type":"EntryPoint","urlTemplate":"https:\/\/experienciadevida.com.ar\/portalurbano\/?s={search_term_string}"},"query-input":"required name=search_term_string"}],"inLanguage":"es"},{"@type":"Organization","@id":"https:\/\/experienciadevida.com.ar\/portalurbano\/#organization","name":"Portal Urbano","url":"https:\/\/experienciadevida.com.ar\/portalurbano\/","logo":{"@type":"ImageObject","inLanguage":"es","@id":"https:\/\/experienciadevida.com.ar\/portalurbano\/#\/schema\/logo\/image\/","url":"https:\/\/experienciadevida.com.ar\/portalurbano\/wp-content\/uploads\/2019\/09\/Logo-Original.png","contentUrl":"https:\/\/experienciadevida.com.ar\/portalurbano\/wp-content\/uploads\/2019\/09\/Logo-Original.png","width":2236,"height":1216,"caption":"Portal Urbano"},"image":{"@id":"https:\/\/experienciadevida.com.ar\/portalurbano\/#\/schema\/logo\/image\/"},"sameAs":["https:\/\/www.facebook.com\/Portal-Urbano-171542830093757\/","https:\/\/twitter.com\/portalurbanook","https:\/\/www.instagram.com\/_portalurbano\/","https:\/\/www.youtube.com\/channel\/UCXhagIfszH8KxFiOok79zbA?view_as=subscriber"]},{"@type":"Person","@id":"https:\/\/experienciadevida.com.ar\/portalurbano\/#\/schema\/person\/02dd326b1c4b056e9cc972486934a3a7","name":"admpu17wp","image":{"@type":"ImageObject","inLanguage":"es","@id":"https:\/\/experienciadevida.com.ar\/portalurbano\/#\/schema\/person\/image\/","url":"https:\/\/secure.gravatar.com\/avatar\/830d4c57adaae6630765e449a6908047?s=96&d=mm&r=g","contentUrl":"https:\/\/secure.gravatar.com\/avatar\/830d4c57adaae6630765e449a6908047?s=96&d=mm&r=g","caption":"admpu17wp"}}]}},"featured_image_urls":{"full":["https:\/\/experienciadevida.com.ar\/portalurbano\/wp-content\/uploads\/2020\/11\/Olavarria13.jpg",765,510,false],"thumbnail":["https:\/\/experienciadevida.com.ar\/portalurbano\/wp-content\/uploads\/2020\/11\/Olavarria13-150x150.jpg",150,150,true],"medium":["https:\/\/experienciadevida.com.ar\/portalurbano\/wp-content\/uploads\/2020\/11\/Olavarria13-300x200.jpg",300,200,true],"medium_large":["https:\/\/experienciadevida.com.ar\/portalurbano\/wp-content\/uploads\/2020\/11\/Olavarria13.jpg",640,427,false],"large":["https:\/\/experienciadevida.com.ar\/portalurbano\/wp-content\/uploads\/2020\/11\/Olavarria13.jpg",640,427,false],"ug_big":["https:\/\/experienciadevida.com.ar\/portalurbano\/wp-content\/uploads\/2020\/11\/Olavarria13.jpg",765,510,false],"1536x1536":["https:\/\/experienciadevida.com.ar\/portalurbano\/wp-content\/uploads\/2020\/11\/Olavarria13.jpg",765,510,false],"2048x2048":["https:\/\/experienciadevida.com.ar\/portalurbano\/wp-content\/uploads\/2020\/11\/Olavarria13.jpg",765,510,false],"newsever-slider-full":["https:\/\/experienciadevida.com.ar\/portalurbano\/wp-content\/uploads\/2020\/11\/Olavarria13.jpg",765,510,false],"newsever-featured":["https:\/\/experienciadevida.com.ar\/portalurbano\/wp-content\/uploads\/2020\/11\/Olavarria13.jpg",765,510,false],"newsever-medium":["https:\/\/experienciadevida.com.ar\/portalurbano\/wp-content\/uploads\/2020\/11\/Olavarria13.jpg",713,475,false],"web-stories-poster-portrait":["https:\/\/experienciadevida.com.ar\/portalurbano\/wp-content\/uploads\/2020\/11\/Olavarria13.jpg",640,427,false],"web-stories-publisher-logo":["https:\/\/experienciadevida.com.ar\/portalurbano\/wp-content\/uploads\/2020\/11\/Olavarria13.jpg",96,64,false],"web-stories-thumbnail":["https:\/\/experienciadevida.com.ar\/portalurbano\/wp-content\/uploads\/2020\/11\/Olavarria13.jpg",150,100,false]},"author_info":{"display_name":"admpu17wp","author_link":"https:\/\/experienciadevida.com.ar\/portalurbano\/author\/admpu17wp\/"},"category_info":"<a href=\"https:\/\/experienciadevida.com.ar\/portalurbano\/category\/ciudad\/\" rel=\"category tag\">Ciudad<\/a> <a href=\"https:\/\/experienciadevida.com.ar\/portalurbano\/category\/destacadas\/\" rel=\"category tag\">Destacadas<\/a>","tag_info":"Destacadas","comment_count":"0","amp_enabled":true,"_links":{"self":[{"href":"https:\/\/experienciadevida.com.ar\/portalurbano\/wp-json\/wp\/v2\/posts\/126650"}],"collection":[{"href":"https:\/\/experienciadevida.com.ar\/portalurbano\/wp-json\/wp\/v2\/posts"}],"about":[{"href":"https:\/\/experienciadevida.com.ar\/portalurbano\/wp-json\/wp\/v2\/types\/post"}],"author":[{"embeddable":true,"href":"https:\/\/experienciadevida.com.ar\/portalurbano\/wp-json\/wp\/v2\/users\/1"}],"replies":[{"embeddable":true,"href":"https:\/\/experienciadevida.com.ar\/portalurbano\/wp-json\/wp\/v2\/comments?post=126650"}],"version-history":[{"count":6,"href":"https:\/\/experienciadevida.com.ar\/portalurbano\/wp-json\/wp\/v2\/posts\/126650\/revisions"}],"predecessor-version":[{"id":126689,"href":"https:\/\/experienciadevida.com.ar\/portalurbano\/wp-json\/wp\/v2\/posts\/126650\/revisions\/126689"}],"wp:featuredmedia":[{"embeddable":true,"href":"https:\/\/experienciadevida.com.ar\/portalurbano\/wp-json\/wp\/v2\/media\/126662"}],"wp:attachment":[{"href":"https:\/\/experienciadevida.com.ar\/portalurbano\/wp-json\/wp\/v2\/media?parent=126650"}],"wp:term":[{"taxonomy":"category","embeddable":true,"href":"https:\/\/experienciadevida.com.ar\/portalurbano\/wp-json\/wp\/v2\/categories?post=126650"},{"taxonomy":"post_tag","embeddable":true,"href":"https:\/\/experienciadevida.com.ar\/portalurbano\/wp-json\/wp\/v2\/tags?post=126650"}],"curies":[{"name":"wp","href":"https:\/\/api.w.org\/{rel}","templated":true}]}}