{"id":126634,"date":"2020-11-08T12:08:32","date_gmt":"2020-11-08T15:08:32","guid":{"rendered":"https:\/\/experienciadevida.com.ar\/portalurbano\/?p=126634"},"modified":"2020-11-08T12:15:37","modified_gmt":"2020-11-08T15:15:37","slug":"desde-el-lunes-rige-el-dispo-nuestra-ciudad-sera-alcanzada-por-el-nuevo-decreto","status":"publish","type":"post","link":"https:\/\/experienciadevida.com.ar\/portalurbano\/desde-el-lunes-rige-el-dispo-nuestra-ciudad-sera-alcanzada-por-el-nuevo-decreto\/","title":{"rendered":"Desde el lunes rige el DISPO , nuestra ciudad ser\u00e1 alcanzada por el nuevo decreto"},"content":{"rendered":"<p>El Gobierno nacional oficializ\u00f3 las nuevas etapas de Distanciamiento (Dispo) y Aislamiento Social, Preventivo y Obligatorio (ASPO) que estar\u00e1n vigentes desde ma\u00f1ana y hasta el 29 de noviembre en las distintas zonas del pa\u00eds.<\/p>\n<p>La determinaci\u00f3n es seg\u00fan el nivel de contagios de coronavirus COVID-19 y que fueron anunciadas el viernes por el presidente Alberto Fern\u00e1ndez .<\/p>\n<p>Cabe recordar que ayer, de los 8.037 contagios que se conocieron en el pa\u00eds, un total de 2.161 se dieron en la provincia de Buenos Aires <strong>(32\u00a0 en nuestra ciudad<\/strong>), 394 en la ciudad de Buenos Aires y 1.328 en Santa Fe, entre los principales n\u00fameros.<\/p>\n<p>As\u00ed, se confirm\u00f3 que en los distritos alcanzados &#8220;los permisos de circulaci\u00f3n ya no ser\u00e1n necesarios, aunque el transporte p\u00fablico seguir\u00e1 siendo exclusivo para trabajadores esenciales&#8221;.<\/p>\n<p>As\u00ed se dispuso por medio del decreto 875 publicado ayer por la tarde en el Bolet\u00edn Oficial, con la firma del Presidente; el jefe de Gabinete, Santiago Cafiero y todos los ministros del Gabinete nacional.<\/p>\n<p><strong> Seg\u00fan establece la norma, los lugares alcanzados por el Dispo a partir del pr\u00f3ximo lunes 9 y hasta el domingo 29 son:<\/strong><\/p>\n<ul>\n<li>El \u00c1rea Metropolitana Buenos Aires (AMBA)<\/li>\n<li>Todos los restantes partidos de la provincia de Buenos Aires, <strong>incluido Olavarr\u00eda<\/strong> con excepci\u00f3n de los departamentos de General Pueyrred\u00f3n, Bah\u00eda Blanca, San Nicol\u00e1s, Laprida, Pila, San Cayetano, Balcarce, Castelli, Roque P\u00e9rez y Tandil.<\/li>\n<li>Todos los departamentos de las provincias de Catamarca, Corrientes, Entre R\u00edos, Formosa, La Pampa, Misiones, Jujuy, Chaco, C\u00f3rdoba, La Rioja, Mendoza, Salta y Tucum\u00e1n.<\/li>\n<li>Todos los departamentos de Chubut, excepto el de Rawson.<\/li>\n<li>Todos los departamentos de Neuqu\u00e9n, excepto los aglomerados de las ciudades de Neuqu\u00e9n, Plottier, Centenario, Senillosa, Cutral C\u00f3, Plaza Huincul y Zapala.<\/li>\n<li>Todos los departamentos de R\u00edo Negro, excepto los aglomerados de las ciudades de Bariloche y Dina Huapi y los departamentos de General Roca y Adolfo Alsina.<\/li>\n<li>Todos los departamentos de San Juan, excepto los departamentos de Rawson, Rivadavia, Chimbas, Santa Luc\u00eda y Capital.<\/li>\n<li>Todos los departamentos de San Luis, excepto la Capital y General Pedernera.<\/li>\n<li>Todos los departamentos de Santa Cruz, excepto los aglomerados de la ciudad de R\u00edo Gallegos, El Calafate, Puerto Deseado y Caleta Olivia.<\/li>\n<li>Todos los departamentos de Santa Fe, excepto Rosario, la Capital, General L\u00f3pez, Caseros, Constituci\u00f3n, San Lorenzo, Las Colonias y Castellanos.<\/li>\n<li>Todos los departamentos de Santiago del Estero, excepto los de Capital y Banda.<\/li>\n<li>Todos los departamentos de Tierra del Fuego, excepto R\u00edo Grande.<\/li>\n<\/ul>\n<p>La modalidad de DISPO implica que pueden desarrollarse la mayor\u00eda de las actividades econ\u00f3micas y sociales, cumpliendo los protocolos sanitarios establecidos por cada jurisdicci\u00f3n y mantener la distancia f\u00edsica de dos metros con otras personas, el uso del barbijo, el lavado de manos y la ventilaci\u00f3n de ambientes, y con prohibici\u00f3n de las aglomeraciones.<\/p>\n<p><b>En tanto,\u00a0<\/b><b>quedan comprendidas desde ma\u00f1ana con la medida de ASPO las siguientes zonas del pa\u00eds:<\/b><\/p>\n<ul>\n<li>Los departamentos de General Pueyrred\u00f3n, Bah\u00eda Blanca, San Nicol\u00e1s, Laprida, Pila, San Cayetano, Balcarce, Castelli, Roque P\u00e9rez y Tandil de la provincia de Buenos Aires.<\/li>\n<li>El departamento de Rawson en Chubut.<\/li>\n<li>Los aglomerados de las ciudades de Neuqu\u00e9n, Plottier, Centenario, Senillosa, Cutral C\u00f3, Plaza Huincul y Zapala en la provincia de Neuqu\u00e9n.<\/li>\n<li>Los aglomerados de las ciudades de Bariloche y Dina Huapi y los departamentos de General Roca y Adolfo Alsina de la provincia de R\u00edo Negro.<\/li>\n<li>Los departamentos de Rawson, Rivadavia, Chimbas, Santa Luc\u00eda y Capital en la provincia de San Juan.<\/li>\n<li>Los departamentos de Capital y General Pedernera en la provincia de San Luis.<\/li>\n<li>Los aglomerados de la ciudad de R\u00edo Gallegos, El Calafate, Puerto Deseado y Caleta Olivia de la provincia de Santa Cruz.<\/li>\n<li>Los departamentos de Rosario, la Capital, General L\u00f3pez, Caseros, Constituci\u00f3n, San Lorenzo, Las Colonias y Castellanos, en la provincia de Santa Fe.<\/li>\n<li>Los departamentos de Capital y Banda de la provincia de Santiago del Estero.<\/li>\n<li>El departamento de R\u00edo Grande de la provincia de Tierra del Fuego, Ant\u00e1rtida e Islas del Atl\u00e1ntico Sur.<\/li>\n<\/ul>\n<p>El decreto dispuso la prohibici\u00f3n de la circulaci\u00f3n de personas alcanzadas por el Dispo fuera del l\u00edmite del aglomerado o partido en el que viven, salvo que cuente con el Certificado \u00danico Habilitante para Circulaci\u00f3n-Emergencia COVID-19.<\/p>\n<p>Solo podr\u00e1n realizarse actividades econ\u00f3micas, industriales, comerciales o de servicios si cuentan con un protocolo de funcionamiento aprobado por la autoridad sanitaria provincial o de la ciudad de Buenos Aires y restrinjan el uso de las superficies cerradas, permitiendo como m\u00e1ximo el uso del 50% de su capacidad.<\/p>\n<p>La disposici\u00f3n estableci\u00f3 que las actividades prohibidas durante el Dispo son: eventos culturales, recreativos o religiosos en espacios p\u00fablicos o privados con concurrencia mayor a 10 personas, y eventos sociales o familiares en espacios cerrados y en los domicilios de las personas, cualquiera sea el n\u00famero de concurrentes, salvo el grupo conviviente.<\/p>\n<p>Entre las actividades prohibidas, el decreto mencion\u00f3: cines, teatros, clubes y centros culturales y el servicio p\u00fablico de transporte de pasajeros interurbano, interjurisdiccional e internacional, salvo para los casos expresamente autorizados, mientras que en el AMBA el servicio p\u00fablico de transporte de pasajeros urbano solo podr\u00e1 ser utilizado por las personas alcanzadas por las actividades, servicios y situaciones esenciales.<\/p>\n","protected":false},"excerpt":{"rendered":"<p>El Gobierno nacional oficializ\u00f3 las nuevas etapas de Distanciamiento (Dispo) y Aislamiento Social, Preventivo y&#8230;<\/p>\n","protected":false},"author":1,"featured_media":118996,"comment_status":"closed","ping_status":"closed","sticky":false,"template":"","format":"standard","meta":{"content-type":""},"categories":[27,51],"tags":[302,529],"nelio_content":{"isAutoShareEnabled":false,"autoShareEndMode":"default","automationSources":{"useContentSentences":true,"useSocialTemplates":true,"useCustomSentences":false,"customSentences":[]},"followers":[1],"suggestedReferences":[],"includedReferences":[],"efiUrl":"","efiAlt":"","highlights":[]},"yoast_head":"<!-- This site is optimized with the Yoast SEO plugin v20.7 - https:\/\/yoast.com\/wordpress\/plugins\/seo\/ -->\n<title>Desde el lunes rige el DISPO , nuestra ciudad ser\u00e1 alcanzada por el nuevo<\/title>\n<meta name=\"description\" content=\"Desde el lunes rige el DISPO. El Gobierno nacional oficializ\u00f3 las nuevas etapas de Distanciamiento (Dispo) y ( ASPO) Aislamiento social preven\" \/>\n<meta name=\"robots\" content=\"index, follow, max-snippet:-1, max-image-preview:large, max-video-preview:-1\" \/>\n<link rel=\"canonical\" href=\"https:\/\/experienciadevida.com.ar\/portalurbano\/desde-el-lunes-rige-el-dispo-nuestra-ciudad-sera-alcanzada-por-el-nuevo-decreto\/\" \/>\n<meta property=\"og:locale\" content=\"es_ES\" \/>\n<meta property=\"og:type\" content=\"article\" \/>\n<meta property=\"og:title\" content=\"Desde el lunes rige el DISPO , nuestra ciudad ser\u00e1 alcanzada por el nuevo\" \/>\n<meta property=\"og:description\" content=\"Desde el lunes rige el DISPO. El Gobierno nacional oficializ\u00f3 las nuevas etapas de Distanciamiento (Dispo) y ( ASPO) Aislamiento social preven\" \/>\n<meta property=\"og:url\" content=\"https:\/\/experienciadevida.com.ar\/portalurbano\/desde-el-lunes-rige-el-dispo-nuestra-ciudad-sera-alcanzada-por-el-nuevo-decreto\/\" \/>\n<meta property=\"article:publisher\" content=\"https:\/\/www.facebook.com\/Portal-Urbano-171542830093757\/\" \/>\n<meta property=\"article:published_time\" content=\"2020-11-08T15:08:32+00:00\" \/>\n<meta property=\"article:modified_time\" content=\"2020-11-08T15:15:37+00:00\" \/>\n<meta property=\"og:image\" content=\"https:\/\/experienciadevida.com.ar\/portalurbano\/wp-content\/uploads\/2020\/08\/Olavarria.jpg\" \/>\n\t<meta property=\"og:image:width\" content=\"765\" \/>\n\t<meta property=\"og:image:height\" content=\"510\" \/>\n\t<meta property=\"og:image:type\" content=\"image\/jpeg\" \/>\n<meta name=\"author\" content=\"admpu17wp\" \/>\n<meta name=\"twitter:card\" content=\"summary_large_image\" \/>\n<meta name=\"twitter:creator\" content=\"@portalurbanook\" \/>\n<meta name=\"twitter:site\" content=\"@portalurbanook\" \/>\n<meta name=\"twitter:label1\" content=\"Escrito por\" \/>\n\t<meta name=\"twitter:data1\" content=\"admpu17wp\" \/>\n\t<meta name=\"twitter:label2\" content=\"Tiempo de lectura\" \/>\n\t<meta name=\"twitter:data2\" content=\"4 minutos\" \/>\n<script type=\"application\/ld+json\" class=\"yoast-schema-graph\">{\"@context\":\"https:\/\/schema.org\",\"@graph\":[{\"@type\":\"Article\",\"@id\":\"https:\/\/experienciadevida.com.ar\/portalurbano\/desde-el-lunes-rige-el-dispo-nuestra-ciudad-sera-alcanzada-por-el-nuevo-decreto\/#article\",\"isPartOf\":{\"@id\":\"https:\/\/experienciadevida.com.ar\/portalurbano\/desde-el-lunes-rige-el-dispo-nuestra-ciudad-sera-alcanzada-por-el-nuevo-decreto\/\"},\"author\":{\"name\":\"admpu17wp\",\"@id\":\"https:\/\/experienciadevida.com.ar\/portalurbano\/#\/schema\/person\/02dd326b1c4b056e9cc972486934a3a7\"},\"headline\":\"Desde el lunes rige el DISPO , nuestra ciudad ser\u00e1 alcanzada por el nuevo decreto\",\"datePublished\":\"2020-11-08T15:08:32+00:00\",\"dateModified\":\"2020-11-08T15:15:37+00:00\",\"mainEntityOfPage\":{\"@id\":\"https:\/\/experienciadevida.com.ar\/portalurbano\/desde-el-lunes-rige-el-dispo-nuestra-ciudad-sera-alcanzada-por-el-nuevo-decreto\/\"},\"wordCount\":913,\"publisher\":{\"@id\":\"https:\/\/experienciadevida.com.ar\/portalurbano\/#organization\"},\"keywords\":[\"aspo\",\"dispo\"],\"articleSection\":[\"Ciudad\",\"Destacadas\"],\"inLanguage\":\"es\"},{\"@type\":\"WebPage\",\"@id\":\"https:\/\/experienciadevida.com.ar\/portalurbano\/desde-el-lunes-rige-el-dispo-nuestra-ciudad-sera-alcanzada-por-el-nuevo-decreto\/\",\"url\":\"https:\/\/experienciadevida.com.ar\/portalurbano\/desde-el-lunes-rige-el-dispo-nuestra-ciudad-sera-alcanzada-por-el-nuevo-decreto\/\",\"name\":\"Desde el lunes rige el DISPO , nuestra ciudad ser\u00e1 alcanzada por el nuevo\",\"isPartOf\":{\"@id\":\"https:\/\/experienciadevida.com.ar\/portalurbano\/#website\"},\"datePublished\":\"2020-11-08T15:08:32+00:00\",\"dateModified\":\"2020-11-08T15:15:37+00:00\",\"description\":\"Desde el lunes rige el DISPO. El Gobierno nacional oficializ\u00f3 las nuevas etapas de Distanciamiento (Dispo) y ( ASPO) Aislamiento social preven\",\"breadcrumb\":{\"@id\":\"https:\/\/experienciadevida.com.ar\/portalurbano\/desde-el-lunes-rige-el-dispo-nuestra-ciudad-sera-alcanzada-por-el-nuevo-decreto\/#breadcrumb\"},\"inLanguage\":\"es\",\"potentialAction\":[{\"@type\":\"ReadAction\",\"target\":[\"https:\/\/experienciadevida.com.ar\/portalurbano\/desde-el-lunes-rige-el-dispo-nuestra-ciudad-sera-alcanzada-por-el-nuevo-decreto\/\"]}]},{\"@type\":\"BreadcrumbList\",\"@id\":\"https:\/\/experienciadevida.com.ar\/portalurbano\/desde-el-lunes-rige-el-dispo-nuestra-ciudad-sera-alcanzada-por-el-nuevo-decreto\/#breadcrumb\",\"itemListElement\":[{\"@type\":\"ListItem\",\"position\":1,\"name\":\"Portada\",\"item\":\"https:\/\/experienciadevida.com.ar\/portalurbano\/\"},{\"@type\":\"ListItem\",\"position\":2,\"name\":\"Desde el lunes rige el DISPO , nuestra ciudad ser\u00e1 alcanzada por el nuevo decreto\"}]},{\"@type\":\"WebSite\",\"@id\":\"https:\/\/experienciadevida.com.ar\/portalurbano\/#website\",\"url\":\"https:\/\/experienciadevida.com.ar\/portalurbano\/\",\"name\":\"\",\"description\":\"\",\"publisher\":{\"@id\":\"https:\/\/experienciadevida.com.ar\/portalurbano\/#organization\"},\"potentialAction\":[{\"@type\":\"SearchAction\",\"target\":{\"@type\":\"EntryPoint\",\"urlTemplate\":\"https:\/\/experienciadevida.com.ar\/portalurbano\/?s={search_term_string}\"},\"query-input\":\"required name=search_term_string\"}],\"inLanguage\":\"es\"},{\"@type\":\"Organization\",\"@id\":\"https:\/\/experienciadevida.com.ar\/portalurbano\/#organization\",\"name\":\"Portal Urbano\",\"url\":\"https:\/\/experienciadevida.com.ar\/portalurbano\/\",\"logo\":{\"@type\":\"ImageObject\",\"inLanguage\":\"es\",\"@id\":\"https:\/\/experienciadevida.com.ar\/portalurbano\/#\/schema\/logo\/image\/\",\"url\":\"https:\/\/experienciadevida.com.ar\/portalurbano\/wp-content\/uploads\/2019\/09\/Logo-Original.png\",\"contentUrl\":\"https:\/\/experienciadevida.com.ar\/portalurbano\/wp-content\/uploads\/2019\/09\/Logo-Original.png\",\"width\":2236,\"height\":1216,\"caption\":\"Portal Urbano\"},\"image\":{\"@id\":\"https:\/\/experienciadevida.com.ar\/portalurbano\/#\/schema\/logo\/image\/\"},\"sameAs\":[\"https:\/\/www.facebook.com\/Portal-Urbano-171542830093757\/\",\"https:\/\/twitter.com\/portalurbanook\",\"https:\/\/www.instagram.com\/_portalurbano\/\",\"https:\/\/www.youtube.com\/channel\/UCXhagIfszH8KxFiOok79zbA?view_as=subscriber\"]},{\"@type\":\"Person\",\"@id\":\"https:\/\/experienciadevida.com.ar\/portalurbano\/#\/schema\/person\/02dd326b1c4b056e9cc972486934a3a7\",\"name\":\"admpu17wp\",\"image\":{\"@type\":\"ImageObject\",\"inLanguage\":\"es\",\"@id\":\"https:\/\/experienciadevida.com.ar\/portalurbano\/#\/schema\/person\/image\/\",\"url\":\"https:\/\/secure.gravatar.com\/avatar\/830d4c57adaae6630765e449a6908047?s=96&d=mm&r=g\",\"contentUrl\":\"https:\/\/secure.gravatar.com\/avatar\/830d4c57adaae6630765e449a6908047?s=96&d=mm&r=g\",\"caption\":\"admpu17wp\"}}]}<\/script>\n<!-- \/ Yoast SEO plugin. -->","yoast_head_json":{"title":"Desde el lunes rige el DISPO , nuestra ciudad ser\u00e1 alcanzada por el nuevo","description":"Desde el lunes rige el DISPO. El Gobierno nacional oficializ\u00f3 las nuevas etapas de Distanciamiento (Dispo) y ( ASPO) Aislamiento social preven","robots":{"index":"index","follow":"follow","max-snippet":"max-snippet:-1","max-image-preview":"max-image-preview:large","max-video-preview":"max-video-preview:-1"},"canonical":"https:\/\/experienciadevida.com.ar\/portalurbano\/desde-el-lunes-rige-el-dispo-nuestra-ciudad-sera-alcanzada-por-el-nuevo-decreto\/","og_locale":"es_ES","og_type":"article","og_title":"Desde el lunes rige el DISPO , nuestra ciudad ser\u00e1 alcanzada por el nuevo","og_description":"Desde el lunes rige el DISPO. El Gobierno nacional oficializ\u00f3 las nuevas etapas de Distanciamiento (Dispo) y ( ASPO) Aislamiento social preven","og_url":"https:\/\/experienciadevida.com.ar\/portalurbano\/desde-el-lunes-rige-el-dispo-nuestra-ciudad-sera-alcanzada-por-el-nuevo-decreto\/","article_publisher":"https:\/\/www.facebook.com\/Portal-Urbano-171542830093757\/","article_published_time":"2020-11-08T15:08:32+00:00","article_modified_time":"2020-11-08T15:15:37+00:00","og_image":[{"width":765,"height":510,"url":"https:\/\/experienciadevida.com.ar\/portalurbano\/wp-content\/uploads\/2020\/08\/Olavarria.jpg","type":"image\/jpeg"}],"author":"admpu17wp","twitter_card":"summary_large_image","twitter_creator":"@portalurbanook","twitter_site":"@portalurbanook","twitter_misc":{"Escrito por":"admpu17wp","Tiempo de lectura":"4 minutos"},"schema":{"@context":"https:\/\/schema.org","@graph":[{"@type":"Article","@id":"https:\/\/experienciadevida.com.ar\/portalurbano\/desde-el-lunes-rige-el-dispo-nuestra-ciudad-sera-alcanzada-por-el-nuevo-decreto\/#article","isPartOf":{"@id":"https:\/\/experienciadevida.com.ar\/portalurbano\/desde-el-lunes-rige-el-dispo-nuestra-ciudad-sera-alcanzada-por-el-nuevo-decreto\/"},"author":{"name":"admpu17wp","@id":"https:\/\/experienciadevida.com.ar\/portalurbano\/#\/schema\/person\/02dd326b1c4b056e9cc972486934a3a7"},"headline":"Desde el lunes rige el DISPO , nuestra ciudad ser\u00e1 alcanzada por el nuevo decreto","datePublished":"2020-11-08T15:08:32+00:00","dateModified":"2020-11-08T15:15:37+00:00","mainEntityOfPage":{"@id":"https:\/\/experienciadevida.com.ar\/portalurbano\/desde-el-lunes-rige-el-dispo-nuestra-ciudad-sera-alcanzada-por-el-nuevo-decreto\/"},"wordCount":913,"publisher":{"@id":"https:\/\/experienciadevida.com.ar\/portalurbano\/#organization"},"keywords":["aspo","dispo"],"articleSection":["Ciudad","Destacadas"],"inLanguage":"es"},{"@type":"WebPage","@id":"https:\/\/experienciadevida.com.ar\/portalurbano\/desde-el-lunes-rige-el-dispo-nuestra-ciudad-sera-alcanzada-por-el-nuevo-decreto\/","url":"https:\/\/experienciadevida.com.ar\/portalurbano\/desde-el-lunes-rige-el-dispo-nuestra-ciudad-sera-alcanzada-por-el-nuevo-decreto\/","name":"Desde el lunes rige el DISPO , nuestra ciudad ser\u00e1 alcanzada por el nuevo","isPartOf":{"@id":"https:\/\/experienciadevida.com.ar\/portalurbano\/#website"},"datePublished":"2020-11-08T15:08:32+00:00","dateModified":"2020-11-08T15:15:37+00:00","description":"Desde el lunes rige el DISPO. El Gobierno nacional oficializ\u00f3 las nuevas etapas de Distanciamiento (Dispo) y ( ASPO) Aislamiento social preven","breadcrumb":{"@id":"https:\/\/experienciadevida.com.ar\/portalurbano\/desde-el-lunes-rige-el-dispo-nuestra-ciudad-sera-alcanzada-por-el-nuevo-decreto\/#breadcrumb"},"inLanguage":"es","potentialAction":[{"@type":"ReadAction","target":["https:\/\/experienciadevida.com.ar\/portalurbano\/desde-el-lunes-rige-el-dispo-nuestra-ciudad-sera-alcanzada-por-el-nuevo-decreto\/"]}]},{"@type":"BreadcrumbList","@id":"https:\/\/experienciadevida.com.ar\/portalurbano\/desde-el-lunes-rige-el-dispo-nuestra-ciudad-sera-alcanzada-por-el-nuevo-decreto\/#breadcrumb","itemListElement":[{"@type":"ListItem","position":1,"name":"Portada","item":"https:\/\/experienciadevida.com.ar\/portalurbano\/"},{"@type":"ListItem","position":2,"name":"Desde el lunes rige el DISPO , nuestra ciudad ser\u00e1 alcanzada por el nuevo decreto"}]},{"@type":"WebSite","@id":"https:\/\/experienciadevida.com.ar\/portalurbano\/#website","url":"https:\/\/experienciadevida.com.ar\/portalurbano\/","name":"","description":"","publisher":{"@id":"https:\/\/experienciadevida.com.ar\/portalurbano\/#organization"},"potentialAction":[{"@type":"SearchAction","target":{"@type":"EntryPoint","urlTemplate":"https:\/\/experienciadevida.com.ar\/portalurbano\/?s={search_term_string}"},"query-input":"required name=search_term_string"}],"inLanguage":"es"},{"@type":"Organization","@id":"https:\/\/experienciadevida.com.ar\/portalurbano\/#organization","name":"Portal Urbano","url":"https:\/\/experienciadevida.com.ar\/portalurbano\/","logo":{"@type":"ImageObject","inLanguage":"es","@id":"https:\/\/experienciadevida.com.ar\/portalurbano\/#\/schema\/logo\/image\/","url":"https:\/\/experienciadevida.com.ar\/portalurbano\/wp-content\/uploads\/2019\/09\/Logo-Original.png","contentUrl":"https:\/\/experienciadevida.com.ar\/portalurbano\/wp-content\/uploads\/2019\/09\/Logo-Original.png","width":2236,"height":1216,"caption":"Portal Urbano"},"image":{"@id":"https:\/\/experienciadevida.com.ar\/portalurbano\/#\/schema\/logo\/image\/"},"sameAs":["https:\/\/www.facebook.com\/Portal-Urbano-171542830093757\/","https:\/\/twitter.com\/portalurbanook","https:\/\/www.instagram.com\/_portalurbano\/","https:\/\/www.youtube.com\/channel\/UCXhagIfszH8KxFiOok79zbA?view_as=subscriber"]},{"@type":"Person","@id":"https:\/\/experienciadevida.com.ar\/portalurbano\/#\/schema\/person\/02dd326b1c4b056e9cc972486934a3a7","name":"admpu17wp","image":{"@type":"ImageObject","inLanguage":"es","@id":"https:\/\/experienciadevida.com.ar\/portalurbano\/#\/schema\/person\/image\/","url":"https:\/\/secure.gravatar.com\/avatar\/830d4c57adaae6630765e449a6908047?s=96&d=mm&r=g","contentUrl":"https:\/\/secure.gravatar.com\/avatar\/830d4c57adaae6630765e449a6908047?s=96&d=mm&r=g","caption":"admpu17wp"}}]}},"featured_image_urls":{"full":["https:\/\/experienciadevida.com.ar\/portalurbano\/wp-content\/uploads\/2020\/08\/Olavarria.jpg",765,510,false],"thumbnail":["https:\/\/experienciadevida.com.ar\/portalurbano\/wp-content\/uploads\/2020\/08\/Olavarria-150x150.jpg",150,150,true],"medium":["https:\/\/experienciadevida.com.ar\/portalurbano\/wp-content\/uploads\/2020\/08\/Olavarria-300x200.jpg",300,200,true],"medium_large":["https:\/\/experienciadevida.com.ar\/portalurbano\/wp-content\/uploads\/2020\/08\/Olavarria.jpg",640,427,false],"large":["https:\/\/experienciadevida.com.ar\/portalurbano\/wp-content\/uploads\/2020\/08\/Olavarria.jpg",640,427,false],"ug_big":["https:\/\/experienciadevida.com.ar\/portalurbano\/wp-content\/uploads\/2020\/08\/Olavarria.jpg",765,510,false],"1536x1536":["https:\/\/experienciadevida.com.ar\/portalurbano\/wp-content\/uploads\/2020\/08\/Olavarria.jpg",765,510,false],"2048x2048":["https:\/\/experienciadevida.com.ar\/portalurbano\/wp-content\/uploads\/2020\/08\/Olavarria.jpg",765,510,false],"newsever-slider-full":["https:\/\/experienciadevida.com.ar\/portalurbano\/wp-content\/uploads\/2020\/08\/Olavarria.jpg",765,510,false],"newsever-featured":["https:\/\/experienciadevida.com.ar\/portalurbano\/wp-content\/uploads\/2020\/08\/Olavarria.jpg",765,510,false],"newsever-medium":["https:\/\/experienciadevida.com.ar\/portalurbano\/wp-content\/uploads\/2020\/08\/Olavarria.jpg",713,475,false],"web-stories-poster-portrait":["https:\/\/experienciadevida.com.ar\/portalurbano\/wp-content\/uploads\/2020\/08\/Olavarria.jpg",640,427,false],"web-stories-publisher-logo":["https:\/\/experienciadevida.com.ar\/portalurbano\/wp-content\/uploads\/2020\/08\/Olavarria.jpg",96,64,false],"web-stories-thumbnail":["https:\/\/experienciadevida.com.ar\/portalurbano\/wp-content\/uploads\/2020\/08\/Olavarria.jpg",150,100,false]},"author_info":{"display_name":"admpu17wp","author_link":"https:\/\/experienciadevida.com.ar\/portalurbano\/author\/admpu17wp\/"},"category_info":"<a href=\"https:\/\/experienciadevida.com.ar\/portalurbano\/category\/ciudad\/\" rel=\"category tag\">Ciudad<\/a> <a href=\"https:\/\/experienciadevida.com.ar\/portalurbano\/category\/destacadas\/\" rel=\"category tag\">Destacadas<\/a>","tag_info":"Destacadas","comment_count":"0","amp_enabled":true,"_links":{"self":[{"href":"https:\/\/experienciadevida.com.ar\/portalurbano\/wp-json\/wp\/v2\/posts\/126634"}],"collection":[{"href":"https:\/\/experienciadevida.com.ar\/portalurbano\/wp-json\/wp\/v2\/posts"}],"about":[{"href":"https:\/\/experienciadevida.com.ar\/portalurbano\/wp-json\/wp\/v2\/types\/post"}],"author":[{"embeddable":true,"href":"https:\/\/experienciadevida.com.ar\/portalurbano\/wp-json\/wp\/v2\/users\/1"}],"replies":[{"embeddable":true,"href":"https:\/\/experienciadevida.com.ar\/portalurbano\/wp-json\/wp\/v2\/comments?post=126634"}],"version-history":[{"count":5,"href":"https:\/\/experienciadevida.com.ar\/portalurbano\/wp-json\/wp\/v2\/posts\/126634\/revisions"}],"predecessor-version":[{"id":126639,"href":"https:\/\/experienciadevida.com.ar\/portalurbano\/wp-json\/wp\/v2\/posts\/126634\/revisions\/126639"}],"wp:featuredmedia":[{"embeddable":true,"href":"https:\/\/experienciadevida.com.ar\/portalurbano\/wp-json\/wp\/v2\/media\/118996"}],"wp:attachment":[{"href":"https:\/\/experienciadevida.com.ar\/portalurbano\/wp-json\/wp\/v2\/media?parent=126634"}],"wp:term":[{"taxonomy":"category","embeddable":true,"href":"https:\/\/experienciadevida.com.ar\/portalurbano\/wp-json\/wp\/v2\/categories?post=126634"},{"taxonomy":"post_tag","embeddable":true,"href":"https:\/\/experienciadevida.com.ar\/portalurbano\/wp-json\/wp\/v2\/tags?post=126634"}],"curies":[{"name":"wp","href":"https:\/\/api.w.org\/{rel}","templated":true}]}}