{"id":126477,"date":"2020-11-06T14:47:04","date_gmt":"2020-11-06T17:47:04","guid":{"rendered":"https:\/\/experienciadevida.com.ar\/portalurbano\/?p=126477"},"modified":"2020-11-06T15:10:07","modified_gmt":"2020-11-06T18:10:07","slug":"gaston-seambelar-no-hay-que-subestimar-la-enfermedad","status":"publish","type":"post","link":"https:\/\/experienciadevida.com.ar\/portalurbano\/gaston-seambelar-no-hay-que-subestimar-la-enfermedad\/","title":{"rendered":"Gaston Seambelar: &#8220;No hay que subestimar la enfermedad&#8221;"},"content":{"rendered":"<p><strong>El Jefe de Pediatr\u00eda del Hospital Municipal, el Doctor Gaston Seambelar MP 81458 , dialog\u00f3 con este medio para contar su experiencia tras ser\u00a0 Covid-19. Mencion\u00f3 que &#8220;<em>no hay que subestimar la enfermedad&#8221;.<\/em><\/strong><\/p>\n<hr \/>\n<p><em>&#8220;Transit\u00e9 la enfermedad complicado, porque se extendi\u00f3 bastante en el tiempo, tuve neumon\u00eda y me bajo la oxigenaci\u00f3n en sangre pero no fue lo suficiente como para tener que internarme. Genera miedo, no podes hablar, caminar, subir escaleras y estuve 15 o 16 d\u00edas con fiebre&#8221;.<\/em><\/p>\n<p>Por otro lado &#8220;<em>no fue necesaria la utilizaci\u00f3n del ox\u00edgeno porque si bien baj\u00f3 la saturaci\u00f3n en sangre, no fue mucho como para tener que utilizarlo. Con el tratamiento de corticoide\u00a0 y antibi\u00f3tico fui mejorando y pude evitar la internaci\u00f3n. Es una enfermedad que cuando aparecen las complicaciones genera bastante angustia y es muy dif\u00edcil salir del lugar de m\u00e9dico porque sabes en que momento aparecen. Tampoco hay tratamientos efectivos que pueda controlarlo solo paliativos y esperar a cursar la enfermedad&#8221;.<\/em><\/p>\n<p><em>&#8220;Soy un paciente que no tiene factores de riesgo, por eso me llam\u00f3 la atenci\u00f3n haber cursado la enfermedad de esa forma, por eso, hay que tomar conciencia de que a\u00fan sin tener factores de riesgo pueden aparecer complicaciones y cuando aparecen es bastante angustiante. Hay otros que la pasan peor porque requieren internaci\u00f3n, cada organismo es diferente, a veces el estr\u00e9s y el cansancio hace que las defensas no funcionen suficientemente bien&#8221;.<\/em><\/p>\n<p>A su vez dijo &#8220;<em>nosotros estamos trabajando permanentemente con pacientes enfermos, cuando te contagias lo haces con una alta carga viral, y eso hace que el pron\u00f3stico no sea tan bueno como es en otras personas. Trate de mantener la mente positiva, eso es fundamental para cualquier enfermedad, me aferre al aqu\u00ed y ahora y a la fe y confiar en los m\u00e9dicos que te van siguiendo, a m\u00ed me sigui\u00f3 el Doctor Rago&#8221;.<\/em><\/p>\n<p>En cuanto a la din\u00e1mica del hogar dijo <em>&#8220;nos enfermamos los cuatro, tengo dos hijos y el de 16 tuvo dos d\u00edas de fiebre, el m\u00e1s chiquito no tanto. Mi Se\u00f1ora tuvo tambi\u00e9n pero no hizo neumon\u00eda con lo cual tuvo que ponerse la casa al hombro a pesar de los dolores musculares, cansancio, porque yo estaba un poco m\u00e1s complicado&#8221;.<\/em><\/p>\n<p><em>&#8220;Ten\u00eda plena seguridad de que me iba a contagiar, porque estaba viendo muchos pacientes positivos, el otro tema es que los chicos no usan barbijo, porque son chicos y lloran mucho porque se asustan para revisarlo y exhalan mucha cantidad de virus y es pr\u00e1cticamente imposible no enfermarte. Lo que nunca me imagin\u00e9 que iba a ser neumon\u00eda porque no estaba dentro del grupo de factores de riesgo, por eso es importante como mensaje que todos los que piensen que no le va a pasar nada porque no est\u00e1n dentro del grupo de riesgo no es as\u00ed, presentas complicaciones, la neumon\u00eda es una enfermedad que produce cansancio, dolor muscular, estas todo el d\u00eda en la cama, es imposible levantarte es un virus muy particular&#8221;.<\/em><\/p>\n<p>El Doctor tom\u00f3 ivermectina y en cuanto a este medicamento mencion\u00f3 <em>&#8220;hay varios protocolos en investigaci\u00f3n que todav\u00eda no est\u00e1n comprobados cient\u00edficamente, yo lo utilice en forma compasiva es decir, en dosis suministrada adecuada, por eso, no hay que automedicarse porque tiene efecto colateral. Cualquier medicaci\u00f3n en dosis no adecuadas, puede tener efectos colaterales, est\u00e1 en fase de experimentaci\u00f3n no produce la cura&#8221;.\u00a0<\/em><\/p>\n<p>Por \u00faltimo mencion\u00f3 &#8220;<em>hay que tomar todas las medidas de distanciamiento que sea necesario, no hay que subestimar a la enfermedad, porque pueden contagiar a los padres y a los abuelos. Como mensaje sobre todo a los j\u00f3venes que est\u00e1n en una etapa de rebeld\u00eda ante lo que se implanta como una obligaci\u00f3n que no lo vivan as\u00ed, como un consejo para cuidar la salud, revelarse contra esto es poco inteligente&#8221;.\u00a0<\/em><\/p>\n","protected":false},"excerpt":{"rendered":"<p>El Jefe de Pediatr\u00eda del Hospital Municipal, el Doctor Gaston Seambelar MP 81458 , dialog\u00f3&#8230;<\/p>\n","protected":false},"author":1,"featured_media":122305,"comment_status":"closed","ping_status":"closed","sticky":false,"template":"","format":"standard","meta":{"content-type":""},"categories":[27,51,45],"tags":[524],"nelio_content":{"isAutoShareEnabled":false,"autoShareEndMode":"default","automationSources":{"useContentSentences":true,"useSocialTemplates":true,"useCustomSentences":false,"customSentences":[]},"followers":[1],"suggestedReferences":[],"includedReferences":[],"efiUrl":"","efiAlt":"","highlights":[]},"yoast_head":"<!-- This site is optimized with the Yoast SEO plugin v20.7 - https:\/\/yoast.com\/wordpress\/plugins\/seo\/ -->\n<title>Gaston Seambelar: &quot;No hay que subestimar la enfermedad&quot;<\/title>\n<meta name=\"description\" content=\"El Doctor Gaston Seambelar MP 81458 , conto su experiencia tras ser\u00a0 Covid-19. Mencion\u00f3 que &quot;no hay que subestimar la enfermedad&quot;.\" \/>\n<meta name=\"robots\" content=\"index, follow, max-snippet:-1, max-image-preview:large, max-video-preview:-1\" \/>\n<link rel=\"canonical\" href=\"https:\/\/experienciadevida.com.ar\/portalurbano\/gaston-seambelar-no-hay-que-subestimar-la-enfermedad\/\" \/>\n<meta property=\"og:locale\" content=\"es_ES\" \/>\n<meta property=\"og:type\" content=\"article\" \/>\n<meta property=\"og:title\" content=\"Gaston Seambelar: &quot;No hay que subestimar la enfermedad&quot;\" \/>\n<meta property=\"og:description\" content=\"El Doctor Gaston Seambelar MP 81458 , conto su experiencia tras ser\u00a0 Covid-19. Mencion\u00f3 que &quot;no hay que subestimar la enfermedad&quot;.\" \/>\n<meta property=\"og:url\" content=\"https:\/\/experienciadevida.com.ar\/portalurbano\/gaston-seambelar-no-hay-que-subestimar-la-enfermedad\/\" \/>\n<meta property=\"article:publisher\" content=\"https:\/\/www.facebook.com\/Portal-Urbano-171542830093757\/\" \/>\n<meta property=\"article:published_time\" content=\"2020-11-06T17:47:04+00:00\" \/>\n<meta property=\"article:modified_time\" content=\"2020-11-06T18:10:07+00:00\" \/>\n<meta property=\"og:image\" content=\"https:\/\/experienciadevida.com.ar\/portalurbano\/wp-content\/uploads\/2020\/09\/Gaston-Seambelar.jpg\" \/>\n\t<meta property=\"og:image:width\" content=\"750\" \/>\n\t<meta property=\"og:image:height\" content=\"500\" \/>\n\t<meta property=\"og:image:type\" content=\"image\/jpeg\" \/>\n<meta name=\"author\" content=\"admpu17wp\" \/>\n<meta name=\"twitter:card\" content=\"summary_large_image\" \/>\n<meta name=\"twitter:creator\" content=\"@portalurbanook\" \/>\n<meta name=\"twitter:site\" content=\"@portalurbanook\" \/>\n<meta name=\"twitter:label1\" content=\"Escrito por\" \/>\n\t<meta name=\"twitter:data1\" content=\"admpu17wp\" \/>\n\t<meta name=\"twitter:label2\" content=\"Tiempo de lectura\" \/>\n\t<meta name=\"twitter:data2\" content=\"3 minutos\" \/>\n<script type=\"application\/ld+json\" class=\"yoast-schema-graph\">{\"@context\":\"https:\/\/schema.org\",\"@graph\":[{\"@type\":\"Article\",\"@id\":\"https:\/\/experienciadevida.com.ar\/portalurbano\/gaston-seambelar-no-hay-que-subestimar-la-enfermedad\/#article\",\"isPartOf\":{\"@id\":\"https:\/\/experienciadevida.com.ar\/portalurbano\/gaston-seambelar-no-hay-que-subestimar-la-enfermedad\/\"},\"author\":{\"name\":\"admpu17wp\",\"@id\":\"https:\/\/experienciadevida.com.ar\/portalurbano\/#\/schema\/person\/02dd326b1c4b056e9cc972486934a3a7\"},\"headline\":\"Gaston Seambelar: &#8220;No hay que subestimar la enfermedad&#8221;\",\"datePublished\":\"2020-11-06T17:47:04+00:00\",\"dateModified\":\"2020-11-06T18:10:07+00:00\",\"mainEntityOfPage\":{\"@id\":\"https:\/\/experienciadevida.com.ar\/portalurbano\/gaston-seambelar-no-hay-que-subestimar-la-enfermedad\/\"},\"wordCount\":669,\"publisher\":{\"@id\":\"https:\/\/experienciadevida.com.ar\/portalurbano\/#organization\"},\"keywords\":[\"seambelar\"],\"articleSection\":[\"Ciudad\",\"Destacadas\",\"Salud\"],\"inLanguage\":\"es\"},{\"@type\":\"WebPage\",\"@id\":\"https:\/\/experienciadevida.com.ar\/portalurbano\/gaston-seambelar-no-hay-que-subestimar-la-enfermedad\/\",\"url\":\"https:\/\/experienciadevida.com.ar\/portalurbano\/gaston-seambelar-no-hay-que-subestimar-la-enfermedad\/\",\"name\":\"Gaston Seambelar: \\\"No hay que subestimar la enfermedad\\\"\",\"isPartOf\":{\"@id\":\"https:\/\/experienciadevida.com.ar\/portalurbano\/#website\"},\"datePublished\":\"2020-11-06T17:47:04+00:00\",\"dateModified\":\"2020-11-06T18:10:07+00:00\",\"description\":\"El Doctor Gaston Seambelar MP 81458 , conto su experiencia tras ser\u00a0 Covid-19. Mencion\u00f3 que \\\"no hay que subestimar la enfermedad\\\".\",\"breadcrumb\":{\"@id\":\"https:\/\/experienciadevida.com.ar\/portalurbano\/gaston-seambelar-no-hay-que-subestimar-la-enfermedad\/#breadcrumb\"},\"inLanguage\":\"es\",\"potentialAction\":[{\"@type\":\"ReadAction\",\"target\":[\"https:\/\/experienciadevida.com.ar\/portalurbano\/gaston-seambelar-no-hay-que-subestimar-la-enfermedad\/\"]}]},{\"@type\":\"BreadcrumbList\",\"@id\":\"https:\/\/experienciadevida.com.ar\/portalurbano\/gaston-seambelar-no-hay-que-subestimar-la-enfermedad\/#breadcrumb\",\"itemListElement\":[{\"@type\":\"ListItem\",\"position\":1,\"name\":\"Portada\",\"item\":\"https:\/\/experienciadevida.com.ar\/portalurbano\/\"},{\"@type\":\"ListItem\",\"position\":2,\"name\":\"Gaston Seambelar: \u00abNo hay que subestimar la enfermedad\u00bb\"}]},{\"@type\":\"WebSite\",\"@id\":\"https:\/\/experienciadevida.com.ar\/portalurbano\/#website\",\"url\":\"https:\/\/experienciadevida.com.ar\/portalurbano\/\",\"name\":\"\",\"description\":\"\",\"publisher\":{\"@id\":\"https:\/\/experienciadevida.com.ar\/portalurbano\/#organization\"},\"potentialAction\":[{\"@type\":\"SearchAction\",\"target\":{\"@type\":\"EntryPoint\",\"urlTemplate\":\"https:\/\/experienciadevida.com.ar\/portalurbano\/?s={search_term_string}\"},\"query-input\":\"required name=search_term_string\"}],\"inLanguage\":\"es\"},{\"@type\":\"Organization\",\"@id\":\"https:\/\/experienciadevida.com.ar\/portalurbano\/#organization\",\"name\":\"Portal Urbano\",\"url\":\"https:\/\/experienciadevida.com.ar\/portalurbano\/\",\"logo\":{\"@type\":\"ImageObject\",\"inLanguage\":\"es\",\"@id\":\"https:\/\/experienciadevida.com.ar\/portalurbano\/#\/schema\/logo\/image\/\",\"url\":\"https:\/\/experienciadevida.com.ar\/portalurbano\/wp-content\/uploads\/2019\/09\/Logo-Original.png\",\"contentUrl\":\"https:\/\/experienciadevida.com.ar\/portalurbano\/wp-content\/uploads\/2019\/09\/Logo-Original.png\",\"width\":2236,\"height\":1216,\"caption\":\"Portal Urbano\"},\"image\":{\"@id\":\"https:\/\/experienciadevida.com.ar\/portalurbano\/#\/schema\/logo\/image\/\"},\"sameAs\":[\"https:\/\/www.facebook.com\/Portal-Urbano-171542830093757\/\",\"https:\/\/twitter.com\/portalurbanook\",\"https:\/\/www.instagram.com\/_portalurbano\/\",\"https:\/\/www.youtube.com\/channel\/UCXhagIfszH8KxFiOok79zbA?view_as=subscriber\"]},{\"@type\":\"Person\",\"@id\":\"https:\/\/experienciadevida.com.ar\/portalurbano\/#\/schema\/person\/02dd326b1c4b056e9cc972486934a3a7\",\"name\":\"admpu17wp\",\"image\":{\"@type\":\"ImageObject\",\"inLanguage\":\"es\",\"@id\":\"https:\/\/experienciadevida.com.ar\/portalurbano\/#\/schema\/person\/image\/\",\"url\":\"https:\/\/secure.gravatar.com\/avatar\/830d4c57adaae6630765e449a6908047?s=96&d=mm&r=g\",\"contentUrl\":\"https:\/\/secure.gravatar.com\/avatar\/830d4c57adaae6630765e449a6908047?s=96&d=mm&r=g\",\"caption\":\"admpu17wp\"}}]}<\/script>\n<!-- \/ Yoast SEO plugin. -->","yoast_head_json":{"title":"Gaston Seambelar: \"No hay que subestimar la enfermedad\"","description":"El Doctor Gaston Seambelar MP 81458 , conto su experiencia tras ser\u00a0 Covid-19. Mencion\u00f3 que \"no hay que subestimar la enfermedad\".","robots":{"index":"index","follow":"follow","max-snippet":"max-snippet:-1","max-image-preview":"max-image-preview:large","max-video-preview":"max-video-preview:-1"},"canonical":"https:\/\/experienciadevida.com.ar\/portalurbano\/gaston-seambelar-no-hay-que-subestimar-la-enfermedad\/","og_locale":"es_ES","og_type":"article","og_title":"Gaston Seambelar: \"No hay que subestimar la enfermedad\"","og_description":"El Doctor Gaston Seambelar MP 81458 , conto su experiencia tras ser\u00a0 Covid-19. Mencion\u00f3 que \"no hay que subestimar la enfermedad\".","og_url":"https:\/\/experienciadevida.com.ar\/portalurbano\/gaston-seambelar-no-hay-que-subestimar-la-enfermedad\/","article_publisher":"https:\/\/www.facebook.com\/Portal-Urbano-171542830093757\/","article_published_time":"2020-11-06T17:47:04+00:00","article_modified_time":"2020-11-06T18:10:07+00:00","og_image":[{"width":750,"height":500,"url":"https:\/\/experienciadevida.com.ar\/portalurbano\/wp-content\/uploads\/2020\/09\/Gaston-Seambelar.jpg","type":"image\/jpeg"}],"author":"admpu17wp","twitter_card":"summary_large_image","twitter_creator":"@portalurbanook","twitter_site":"@portalurbanook","twitter_misc":{"Escrito por":"admpu17wp","Tiempo de lectura":"3 minutos"},"schema":{"@context":"https:\/\/schema.org","@graph":[{"@type":"Article","@id":"https:\/\/experienciadevida.com.ar\/portalurbano\/gaston-seambelar-no-hay-que-subestimar-la-enfermedad\/#article","isPartOf":{"@id":"https:\/\/experienciadevida.com.ar\/portalurbano\/gaston-seambelar-no-hay-que-subestimar-la-enfermedad\/"},"author":{"name":"admpu17wp","@id":"https:\/\/experienciadevida.com.ar\/portalurbano\/#\/schema\/person\/02dd326b1c4b056e9cc972486934a3a7"},"headline":"Gaston Seambelar: &#8220;No hay que subestimar la enfermedad&#8221;","datePublished":"2020-11-06T17:47:04+00:00","dateModified":"2020-11-06T18:10:07+00:00","mainEntityOfPage":{"@id":"https:\/\/experienciadevida.com.ar\/portalurbano\/gaston-seambelar-no-hay-que-subestimar-la-enfermedad\/"},"wordCount":669,"publisher":{"@id":"https:\/\/experienciadevida.com.ar\/portalurbano\/#organization"},"keywords":["seambelar"],"articleSection":["Ciudad","Destacadas","Salud"],"inLanguage":"es"},{"@type":"WebPage","@id":"https:\/\/experienciadevida.com.ar\/portalurbano\/gaston-seambelar-no-hay-que-subestimar-la-enfermedad\/","url":"https:\/\/experienciadevida.com.ar\/portalurbano\/gaston-seambelar-no-hay-que-subestimar-la-enfermedad\/","name":"Gaston Seambelar: \"No hay que subestimar la enfermedad\"","isPartOf":{"@id":"https:\/\/experienciadevida.com.ar\/portalurbano\/#website"},"datePublished":"2020-11-06T17:47:04+00:00","dateModified":"2020-11-06T18:10:07+00:00","description":"El Doctor Gaston Seambelar MP 81458 , conto su experiencia tras ser\u00a0 Covid-19. Mencion\u00f3 que \"no hay que subestimar la enfermedad\".","breadcrumb":{"@id":"https:\/\/experienciadevida.com.ar\/portalurbano\/gaston-seambelar-no-hay-que-subestimar-la-enfermedad\/#breadcrumb"},"inLanguage":"es","potentialAction":[{"@type":"ReadAction","target":["https:\/\/experienciadevida.com.ar\/portalurbano\/gaston-seambelar-no-hay-que-subestimar-la-enfermedad\/"]}]},{"@type":"BreadcrumbList","@id":"https:\/\/experienciadevida.com.ar\/portalurbano\/gaston-seambelar-no-hay-que-subestimar-la-enfermedad\/#breadcrumb","itemListElement":[{"@type":"ListItem","position":1,"name":"Portada","item":"https:\/\/experienciadevida.com.ar\/portalurbano\/"},{"@type":"ListItem","position":2,"name":"Gaston Seambelar: \u00abNo hay que subestimar la enfermedad\u00bb"}]},{"@type":"WebSite","@id":"https:\/\/experienciadevida.com.ar\/portalurbano\/#website","url":"https:\/\/experienciadevida.com.ar\/portalurbano\/","name":"","description":"","publisher":{"@id":"https:\/\/experienciadevida.com.ar\/portalurbano\/#organization"},"potentialAction":[{"@type":"SearchAction","target":{"@type":"EntryPoint","urlTemplate":"https:\/\/experienciadevida.com.ar\/portalurbano\/?s={search_term_string}"},"query-input":"required name=search_term_string"}],"inLanguage":"es"},{"@type":"Organization","@id":"https:\/\/experienciadevida.com.ar\/portalurbano\/#organization","name":"Portal Urbano","url":"https:\/\/experienciadevida.com.ar\/portalurbano\/","logo":{"@type":"ImageObject","inLanguage":"es","@id":"https:\/\/experienciadevida.com.ar\/portalurbano\/#\/schema\/logo\/image\/","url":"https:\/\/experienciadevida.com.ar\/portalurbano\/wp-content\/uploads\/2019\/09\/Logo-Original.png","contentUrl":"https:\/\/experienciadevida.com.ar\/portalurbano\/wp-content\/uploads\/2019\/09\/Logo-Original.png","width":2236,"height":1216,"caption":"Portal Urbano"},"image":{"@id":"https:\/\/experienciadevida.com.ar\/portalurbano\/#\/schema\/logo\/image\/"},"sameAs":["https:\/\/www.facebook.com\/Portal-Urbano-171542830093757\/","https:\/\/twitter.com\/portalurbanook","https:\/\/www.instagram.com\/_portalurbano\/","https:\/\/www.youtube.com\/channel\/UCXhagIfszH8KxFiOok79zbA?view_as=subscriber"]},{"@type":"Person","@id":"https:\/\/experienciadevida.com.ar\/portalurbano\/#\/schema\/person\/02dd326b1c4b056e9cc972486934a3a7","name":"admpu17wp","image":{"@type":"ImageObject","inLanguage":"es","@id":"https:\/\/experienciadevida.com.ar\/portalurbano\/#\/schema\/person\/image\/","url":"https:\/\/secure.gravatar.com\/avatar\/830d4c57adaae6630765e449a6908047?s=96&d=mm&r=g","contentUrl":"https:\/\/secure.gravatar.com\/avatar\/830d4c57adaae6630765e449a6908047?s=96&d=mm&r=g","caption":"admpu17wp"}}]}},"featured_image_urls":{"full":["https:\/\/experienciadevida.com.ar\/portalurbano\/wp-content\/uploads\/2020\/09\/Gaston-Seambelar.jpg",750,500,false],"thumbnail":["https:\/\/experienciadevida.com.ar\/portalurbano\/wp-content\/uploads\/2020\/09\/Gaston-Seambelar-150x150.jpg",150,150,true],"medium":["https:\/\/experienciadevida.com.ar\/portalurbano\/wp-content\/uploads\/2020\/09\/Gaston-Seambelar-300x200.jpg",300,200,true],"medium_large":["https:\/\/experienciadevida.com.ar\/portalurbano\/wp-content\/uploads\/2020\/09\/Gaston-Seambelar.jpg",640,427,false],"large":["https:\/\/experienciadevida.com.ar\/portalurbano\/wp-content\/uploads\/2020\/09\/Gaston-Seambelar.jpg",640,427,false],"ug_big":["https:\/\/experienciadevida.com.ar\/portalurbano\/wp-content\/uploads\/2020\/09\/Gaston-Seambelar.jpg",750,500,false],"1536x1536":["https:\/\/experienciadevida.com.ar\/portalurbano\/wp-content\/uploads\/2020\/09\/Gaston-Seambelar.jpg",750,500,false],"2048x2048":["https:\/\/experienciadevida.com.ar\/portalurbano\/wp-content\/uploads\/2020\/09\/Gaston-Seambelar.jpg",750,500,false],"newsever-slider-full":["https:\/\/experienciadevida.com.ar\/portalurbano\/wp-content\/uploads\/2020\/09\/Gaston-Seambelar.jpg",750,500,false],"newsever-featured":["https:\/\/experienciadevida.com.ar\/portalurbano\/wp-content\/uploads\/2020\/09\/Gaston-Seambelar.jpg",750,500,false],"newsever-medium":["https:\/\/experienciadevida.com.ar\/portalurbano\/wp-content\/uploads\/2020\/09\/Gaston-Seambelar.jpg",713,475,false],"web-stories-poster-portrait":["https:\/\/experienciadevida.com.ar\/portalurbano\/wp-content\/uploads\/2020\/09\/Gaston-Seambelar.jpg",640,427,false],"web-stories-publisher-logo":["https:\/\/experienciadevida.com.ar\/portalurbano\/wp-content\/uploads\/2020\/09\/Gaston-Seambelar.jpg",96,64,false],"web-stories-thumbnail":["https:\/\/experienciadevida.com.ar\/portalurbano\/wp-content\/uploads\/2020\/09\/Gaston-Seambelar.jpg",150,100,false]},"author_info":{"display_name":"admpu17wp","author_link":"https:\/\/experienciadevida.com.ar\/portalurbano\/author\/admpu17wp\/"},"category_info":"<a href=\"https:\/\/experienciadevida.com.ar\/portalurbano\/category\/ciudad\/\" rel=\"category tag\">Ciudad<\/a> <a href=\"https:\/\/experienciadevida.com.ar\/portalurbano\/category\/destacadas\/\" rel=\"category tag\">Destacadas<\/a> <a href=\"https:\/\/experienciadevida.com.ar\/portalurbano\/category\/ciudad\/salud\/\" rel=\"category tag\">Salud<\/a>","tag_info":"Salud","comment_count":"0","amp_enabled":true,"_links":{"self":[{"href":"https:\/\/experienciadevida.com.ar\/portalurbano\/wp-json\/wp\/v2\/posts\/126477"}],"collection":[{"href":"https:\/\/experienciadevida.com.ar\/portalurbano\/wp-json\/wp\/v2\/posts"}],"about":[{"href":"https:\/\/experienciadevida.com.ar\/portalurbano\/wp-json\/wp\/v2\/types\/post"}],"author":[{"embeddable":true,"href":"https:\/\/experienciadevida.com.ar\/portalurbano\/wp-json\/wp\/v2\/users\/1"}],"replies":[{"embeddable":true,"href":"https:\/\/experienciadevida.com.ar\/portalurbano\/wp-json\/wp\/v2\/comments?post=126477"}],"version-history":[{"count":9,"href":"https:\/\/experienciadevida.com.ar\/portalurbano\/wp-json\/wp\/v2\/posts\/126477\/revisions"}],"predecessor-version":[{"id":126507,"href":"https:\/\/experienciadevida.com.ar\/portalurbano\/wp-json\/wp\/v2\/posts\/126477\/revisions\/126507"}],"wp:featuredmedia":[{"embeddable":true,"href":"https:\/\/experienciadevida.com.ar\/portalurbano\/wp-json\/wp\/v2\/media\/122305"}],"wp:attachment":[{"href":"https:\/\/experienciadevida.com.ar\/portalurbano\/wp-json\/wp\/v2\/media?parent=126477"}],"wp:term":[{"taxonomy":"category","embeddable":true,"href":"https:\/\/experienciadevida.com.ar\/portalurbano\/wp-json\/wp\/v2\/categories?post=126477"},{"taxonomy":"post_tag","embeddable":true,"href":"https:\/\/experienciadevida.com.ar\/portalurbano\/wp-json\/wp\/v2\/tags?post=126477"}],"curies":[{"name":"wp","href":"https:\/\/api.w.org\/{rel}","templated":true}]}}