{"id":126462,"date":"2020-11-06T10:08:46","date_gmt":"2020-11-06T13:08:46","guid":{"rendered":"https:\/\/experienciadevida.com.ar\/portalurbano\/?p=126462"},"modified":"2020-11-06T10:09:23","modified_gmt":"2020-11-06T13:09:23","slug":"universidades-habilitan-la-vuelta-de-las-clases-presenciales","status":"publish","type":"post","link":"https:\/\/experienciadevida.com.ar\/portalurbano\/universidades-habilitan-la-vuelta-de-las-clases-presenciales\/","title":{"rendered":"Universidades: Habilitan la vuelta de las clases presenciales"},"content":{"rendered":"<p>\u00bfC\u00f3mo se implementar\u00e1 la vuelta de las clases presenciales en las\u00a0<strong>universidades<\/strong>? Lo decidir\u00e1 cada provincia. Estudiantes\u00a0 y docentes fueron habilitados para utilizar el transporte p\u00fablico de pasajeros.<\/p>\n<p>El Gobierno nacional habilit\u00f3 este viernes la vuelta a las clases presenciales en universidades de todo el pa\u00eds, las que deber\u00e1n garantizar las medidas de distanciamiento e higiene adecuadas, al tiempo que estudiantes y docentes fueron autorizados para utilizar el transporte p\u00fablico. Cada provincia decidir\u00e1 si regresa o no de acuerdo a sus condiciones epidemiol\u00f3gicas.<\/p>\n<p>A trav\u00e9s de la Decisi\u00f3n Administrativa 1995\/2020, publicada este viernes en el Bolet\u00edn Oficial, el Poder Ejecutivo estableci\u00f3 que en el marco del \u201cprotocolo marco y lineamientos generales\u201d aprobados por el Ministerio de Educaci\u00f3n, se \u201crevisar\u00e1 y prestar\u00e1 conformidad a los planes jurisdiccionales para el retorno de las actividades acad\u00e9micas presenciales en Universidades e Institutos Universitarios\u201d.<\/p>\n<p>El texto oficial de la habilitaci\u00f3n de las clases presenciales en las\u00a0<strong>universidades\u00a0<\/strong>lleva la firma del Jefe de Gabinete Santiago Cafiero, en car\u00e1cter de coordinador de la \u201cUnidad de Coordinaci\u00f3n General del Plan Integral para la Prevenci\u00f3n de Eventos de Salud P\u00fablica de Importancia Internacional\u201d, y del ministro de Salud, Gin\u00e9s Gonz\u00e1lez Garc\u00eda.<\/p>\n<p>Se aclar\u00f3 que con la conformidad de la cartera conducida por Nicol\u00e1s Trotta, la vuelta a la presencialidad en las universidades ser\u00e1 decidida por las autoridades de cada provincia. En efecto, los gobernadores podr\u00e1n suspender las actividades y reiniciarlas de acuerdo a la evoluci\u00f3n de la situaci\u00f3n epidemiol\u00f3gica de cada jurisdicci\u00f3n.<\/p>\n<p>En lo que respecta al traslado del personal directivo, docentes, trabajadores no docentes y los estudiantes a los establecimientos educativos, quedan exceptuados de la prohibici\u00f3n del uso del servicio p\u00fablico de transporte de pasajeros urbano, interurbano e interjurisdiccional. Sin embargo, teniendo en cuenta el riesgo de transmisi\u00f3n de Covid-19 en el transporte p\u00fablico, se recomend\u00f3 que \u201csolo sea empleado cuando no se cuente con medios alternativos\u201d.<\/p>\n<p>Ahora bien, aquellas personas que deban atravesar distintos municipios para asistir a las clases presenciales de las <strong>universidades<\/strong>, deber\u00e1n tramitar el Certificado \u00danico Habilitante para Circulaci\u00f3n \u2013 Emergencia COVID-19. Se podr\u00e1 realizar mediante la App Cuidar o a trav\u00e9s de este link: www.argentina.gob.ar\/circular (habr\u00e1 un campo espec\u00edfico denominado \u201cUNIVERSITARIO\u201d).<\/p>\n<p>Por su parte, las <strong>universidades<\/strong> deber\u00e1n garantizar las medidas de distanciamiento e higiene \u201cnecesarias para disminuir el riesgo de contagio de coronavirus\u201d, para \u201cpreservar la salud de sus trabajadoras, trabajadores y estudiantes\u201d.<\/p>\n<p>El protocolo:<\/p>\n<p>Desde hace meses autoridades gubernamentales y educativas vienen consensuando c\u00f3mo poder avanzar hacia el regreso a los establecimientos acad\u00e9micos de forma presencial. De hecho, a principios de julio las universidades ya hab\u00edan aprobado el reglamento para la \u201cnueva normalidad\u201d en el \u00e1mbito educativo.<\/p>\n<p>Lo primordial consiste en la toma de temperatura tanto a estudiantes como docentes y personal no docente al ingresar al establecimiento. Si el term\u00f3metro indica m\u00e1s de 37,5 grados, no podr\u00e1n ingresar y se proceder\u00e1 a cumplir el protocolo que establece el Ministerio de Salud.<\/p>\n<p>En los espacios comunes, el distanciamiento m\u00ednimo ser\u00e1 de 2 metros, mientras que en las aulas se reducir\u00e1 hasta 1,5 metros. El tapabocas ser\u00e1 obligatorio en todo momento, tanto para profesores como para alumnos. Cada establecimiento deber\u00e1 contar con insumos b\u00e1sicos de higiene como agua potable, jab\u00f3n, alcohol en gel y cestos de basura.<\/p>\n<p>En caso de detectarse un caso sospechoso o positivo, la universidad cerrar\u00e1 por completo por el plazo de un d\u00eda. Al mismo tiempo se rastrear\u00e1 a los contactos estrechos del paciente para aislarlos o, si presentaran s\u00edntomas, tambi\u00e9n testearlos.<\/p>\n<p>Fuente: DIB<\/p>\n","protected":false},"excerpt":{"rendered":"<p>\u00bfC\u00f3mo se implementar\u00e1 la vuelta de las clases presenciales en las\u00a0universidades? Lo decidir\u00e1 cada provincia&#8230;.<\/p>\n","protected":false},"author":1,"featured_media":0,"comment_status":"closed","ping_status":"closed","sticky":false,"template":"","format":"standard","meta":{"content-type":""},"categories":[51,44],"tags":[],"nelio_content":{"isAutoShareEnabled":false,"autoShareEndMode":"default","automationSources":{"useContentSentences":true,"useSocialTemplates":true,"useCustomSentences":false,"customSentences":[]},"followers":[1],"suggestedReferences":[],"includedReferences":[],"efiUrl":"","efiAlt":"","highlights":[]},"yoast_head":"<!-- This site is optimized with the Yoast SEO plugin v20.7 - https:\/\/yoast.com\/wordpress\/plugins\/seo\/ -->\n<title>Universidades: Habilitan la vuelta de las clases presenciales<\/title>\n<meta name=\"description\" content=\"\u00bfC\u00f3mo se implementar\u00e1 la vuelta de las clases presenciales en las\u00a0universidades? Lo decidir\u00e1 cada provincia, podr\u00e1n usar el transporte p\u00fablico\" \/>\n<meta name=\"robots\" content=\"index, follow, max-snippet:-1, max-image-preview:large, max-video-preview:-1\" \/>\n<link rel=\"canonical\" href=\"https:\/\/experienciadevida.com.ar\/portalurbano\/universidades-habilitan-la-vuelta-de-las-clases-presenciales\/\" \/>\n<meta property=\"og:locale\" content=\"es_ES\" \/>\n<meta property=\"og:type\" content=\"article\" \/>\n<meta property=\"og:title\" content=\"Universidades: Habilitan la vuelta de las clases presenciales\" \/>\n<meta property=\"og:description\" content=\"\u00bfC\u00f3mo se implementar\u00e1 la vuelta de las clases presenciales en las\u00a0universidades? Lo decidir\u00e1 cada provincia, podr\u00e1n usar el transporte p\u00fablico\" \/>\n<meta property=\"og:url\" content=\"https:\/\/experienciadevida.com.ar\/portalurbano\/universidades-habilitan-la-vuelta-de-las-clases-presenciales\/\" \/>\n<meta property=\"article:publisher\" content=\"https:\/\/www.facebook.com\/Portal-Urbano-171542830093757\/\" \/>\n<meta property=\"article:published_time\" content=\"2020-11-06T13:08:46+00:00\" \/>\n<meta property=\"article:modified_time\" content=\"2020-11-06T13:09:23+00:00\" \/>\n<meta property=\"og:image\" content=\"https:\/\/experienciadevida.com.ar\/portalurbano\/wp-content\/uploads\/2018\/06\/Aulas-vac\u00edas-870x489-e1528750420433.jpg\" \/>\n\t<meta property=\"og:image:width\" content=\"670\" \/>\n\t<meta property=\"og:image:height\" content=\"377\" \/>\n\t<meta property=\"og:image:type\" content=\"image\/jpeg\" \/>\n<meta name=\"author\" content=\"admpu17wp\" \/>\n<meta name=\"twitter:card\" content=\"summary_large_image\" \/>\n<meta name=\"twitter:creator\" content=\"@portalurbanook\" \/>\n<meta name=\"twitter:site\" content=\"@portalurbanook\" \/>\n<meta name=\"twitter:label1\" content=\"Escrito por\" \/>\n\t<meta name=\"twitter:data1\" content=\"admpu17wp\" \/>\n\t<meta name=\"twitter:label2\" content=\"Tiempo de lectura\" \/>\n\t<meta name=\"twitter:data2\" content=\"3 minutos\" \/>\n<script type=\"application\/ld+json\" class=\"yoast-schema-graph\">{\"@context\":\"https:\/\/schema.org\",\"@graph\":[{\"@type\":\"Article\",\"@id\":\"https:\/\/experienciadevida.com.ar\/portalurbano\/universidades-habilitan-la-vuelta-de-las-clases-presenciales\/#article\",\"isPartOf\":{\"@id\":\"https:\/\/experienciadevida.com.ar\/portalurbano\/universidades-habilitan-la-vuelta-de-las-clases-presenciales\/\"},\"author\":{\"name\":\"admpu17wp\",\"@id\":\"https:\/\/experienciadevida.com.ar\/portalurbano\/#\/schema\/person\/02dd326b1c4b056e9cc972486934a3a7\"},\"headline\":\"Universidades: Habilitan la vuelta de las clases presenciales\",\"datePublished\":\"2020-11-06T13:08:46+00:00\",\"dateModified\":\"2020-11-06T13:09:23+00:00\",\"mainEntityOfPage\":{\"@id\":\"https:\/\/experienciadevida.com.ar\/portalurbano\/universidades-habilitan-la-vuelta-de-las-clases-presenciales\/\"},\"wordCount\":629,\"publisher\":{\"@id\":\"https:\/\/experienciadevida.com.ar\/portalurbano\/#organization\"},\"articleSection\":[\"Destacadas\",\"Provincia\"],\"inLanguage\":\"es\"},{\"@type\":\"WebPage\",\"@id\":\"https:\/\/experienciadevida.com.ar\/portalurbano\/universidades-habilitan-la-vuelta-de-las-clases-presenciales\/\",\"url\":\"https:\/\/experienciadevida.com.ar\/portalurbano\/universidades-habilitan-la-vuelta-de-las-clases-presenciales\/\",\"name\":\"Universidades: Habilitan la vuelta de las clases presenciales\",\"isPartOf\":{\"@id\":\"https:\/\/experienciadevida.com.ar\/portalurbano\/#website\"},\"datePublished\":\"2020-11-06T13:08:46+00:00\",\"dateModified\":\"2020-11-06T13:09:23+00:00\",\"description\":\"\u00bfC\u00f3mo se implementar\u00e1 la vuelta de las clases presenciales en las\u00a0universidades? Lo decidir\u00e1 cada provincia, podr\u00e1n usar el transporte p\u00fablico\",\"breadcrumb\":{\"@id\":\"https:\/\/experienciadevida.com.ar\/portalurbano\/universidades-habilitan-la-vuelta-de-las-clases-presenciales\/#breadcrumb\"},\"inLanguage\":\"es\",\"potentialAction\":[{\"@type\":\"ReadAction\",\"target\":[\"https:\/\/experienciadevida.com.ar\/portalurbano\/universidades-habilitan-la-vuelta-de-las-clases-presenciales\/\"]}]},{\"@type\":\"BreadcrumbList\",\"@id\":\"https:\/\/experienciadevida.com.ar\/portalurbano\/universidades-habilitan-la-vuelta-de-las-clases-presenciales\/#breadcrumb\",\"itemListElement\":[{\"@type\":\"ListItem\",\"position\":1,\"name\":\"Portada\",\"item\":\"https:\/\/experienciadevida.com.ar\/portalurbano\/\"},{\"@type\":\"ListItem\",\"position\":2,\"name\":\"Universidades: Habilitan la vuelta de las clases presenciales\"}]},{\"@type\":\"WebSite\",\"@id\":\"https:\/\/experienciadevida.com.ar\/portalurbano\/#website\",\"url\":\"https:\/\/experienciadevida.com.ar\/portalurbano\/\",\"name\":\"\",\"description\":\"\",\"publisher\":{\"@id\":\"https:\/\/experienciadevida.com.ar\/portalurbano\/#organization\"},\"potentialAction\":[{\"@type\":\"SearchAction\",\"target\":{\"@type\":\"EntryPoint\",\"urlTemplate\":\"https:\/\/experienciadevida.com.ar\/portalurbano\/?s={search_term_string}\"},\"query-input\":\"required name=search_term_string\"}],\"inLanguage\":\"es\"},{\"@type\":\"Organization\",\"@id\":\"https:\/\/experienciadevida.com.ar\/portalurbano\/#organization\",\"name\":\"Portal Urbano\",\"url\":\"https:\/\/experienciadevida.com.ar\/portalurbano\/\",\"logo\":{\"@type\":\"ImageObject\",\"inLanguage\":\"es\",\"@id\":\"https:\/\/experienciadevida.com.ar\/portalurbano\/#\/schema\/logo\/image\/\",\"url\":\"https:\/\/experienciadevida.com.ar\/portalurbano\/wp-content\/uploads\/2019\/09\/Logo-Original.png\",\"contentUrl\":\"https:\/\/experienciadevida.com.ar\/portalurbano\/wp-content\/uploads\/2019\/09\/Logo-Original.png\",\"width\":2236,\"height\":1216,\"caption\":\"Portal Urbano\"},\"image\":{\"@id\":\"https:\/\/experienciadevida.com.ar\/portalurbano\/#\/schema\/logo\/image\/\"},\"sameAs\":[\"https:\/\/www.facebook.com\/Portal-Urbano-171542830093757\/\",\"https:\/\/twitter.com\/portalurbanook\",\"https:\/\/www.instagram.com\/_portalurbano\/\",\"https:\/\/www.youtube.com\/channel\/UCXhagIfszH8KxFiOok79zbA?view_as=subscriber\"]},{\"@type\":\"Person\",\"@id\":\"https:\/\/experienciadevida.com.ar\/portalurbano\/#\/schema\/person\/02dd326b1c4b056e9cc972486934a3a7\",\"name\":\"admpu17wp\",\"image\":{\"@type\":\"ImageObject\",\"inLanguage\":\"es\",\"@id\":\"https:\/\/experienciadevida.com.ar\/portalurbano\/#\/schema\/person\/image\/\",\"url\":\"https:\/\/secure.gravatar.com\/avatar\/830d4c57adaae6630765e449a6908047?s=96&d=mm&r=g\",\"contentUrl\":\"https:\/\/secure.gravatar.com\/avatar\/830d4c57adaae6630765e449a6908047?s=96&d=mm&r=g\",\"caption\":\"admpu17wp\"}}]}<\/script>\n<!-- \/ Yoast SEO plugin. -->","yoast_head_json":{"title":"Universidades: Habilitan la vuelta de las clases presenciales","description":"\u00bfC\u00f3mo se implementar\u00e1 la vuelta de las clases presenciales en las\u00a0universidades? Lo decidir\u00e1 cada provincia, podr\u00e1n usar el transporte p\u00fablico","robots":{"index":"index","follow":"follow","max-snippet":"max-snippet:-1","max-image-preview":"max-image-preview:large","max-video-preview":"max-video-preview:-1"},"canonical":"https:\/\/experienciadevida.com.ar\/portalurbano\/universidades-habilitan-la-vuelta-de-las-clases-presenciales\/","og_locale":"es_ES","og_type":"article","og_title":"Universidades: Habilitan la vuelta de las clases presenciales","og_description":"\u00bfC\u00f3mo se implementar\u00e1 la vuelta de las clases presenciales en las\u00a0universidades? Lo decidir\u00e1 cada provincia, podr\u00e1n usar el transporte p\u00fablico","og_url":"https:\/\/experienciadevida.com.ar\/portalurbano\/universidades-habilitan-la-vuelta-de-las-clases-presenciales\/","article_publisher":"https:\/\/www.facebook.com\/Portal-Urbano-171542830093757\/","article_published_time":"2020-11-06T13:08:46+00:00","article_modified_time":"2020-11-06T13:09:23+00:00","og_image":[{"width":670,"height":377,"url":"https:\/\/experienciadevida.com.ar\/portalurbano\/wp-content\/uploads\/2018\/06\/Aulas-vac\u00edas-870x489-e1528750420433.jpg","type":"image\/jpeg"}],"author":"admpu17wp","twitter_card":"summary_large_image","twitter_creator":"@portalurbanook","twitter_site":"@portalurbanook","twitter_misc":{"Escrito por":"admpu17wp","Tiempo de lectura":"3 minutos"},"schema":{"@context":"https:\/\/schema.org","@graph":[{"@type":"Article","@id":"https:\/\/experienciadevida.com.ar\/portalurbano\/universidades-habilitan-la-vuelta-de-las-clases-presenciales\/#article","isPartOf":{"@id":"https:\/\/experienciadevida.com.ar\/portalurbano\/universidades-habilitan-la-vuelta-de-las-clases-presenciales\/"},"author":{"name":"admpu17wp","@id":"https:\/\/experienciadevida.com.ar\/portalurbano\/#\/schema\/person\/02dd326b1c4b056e9cc972486934a3a7"},"headline":"Universidades: Habilitan la vuelta de las clases presenciales","datePublished":"2020-11-06T13:08:46+00:00","dateModified":"2020-11-06T13:09:23+00:00","mainEntityOfPage":{"@id":"https:\/\/experienciadevida.com.ar\/portalurbano\/universidades-habilitan-la-vuelta-de-las-clases-presenciales\/"},"wordCount":629,"publisher":{"@id":"https:\/\/experienciadevida.com.ar\/portalurbano\/#organization"},"articleSection":["Destacadas","Provincia"],"inLanguage":"es"},{"@type":"WebPage","@id":"https:\/\/experienciadevida.com.ar\/portalurbano\/universidades-habilitan-la-vuelta-de-las-clases-presenciales\/","url":"https:\/\/experienciadevida.com.ar\/portalurbano\/universidades-habilitan-la-vuelta-de-las-clases-presenciales\/","name":"Universidades: Habilitan la vuelta de las clases presenciales","isPartOf":{"@id":"https:\/\/experienciadevida.com.ar\/portalurbano\/#website"},"datePublished":"2020-11-06T13:08:46+00:00","dateModified":"2020-11-06T13:09:23+00:00","description":"\u00bfC\u00f3mo se implementar\u00e1 la vuelta de las clases presenciales en las\u00a0universidades? Lo decidir\u00e1 cada provincia, podr\u00e1n usar el transporte p\u00fablico","breadcrumb":{"@id":"https:\/\/experienciadevida.com.ar\/portalurbano\/universidades-habilitan-la-vuelta-de-las-clases-presenciales\/#breadcrumb"},"inLanguage":"es","potentialAction":[{"@type":"ReadAction","target":["https:\/\/experienciadevida.com.ar\/portalurbano\/universidades-habilitan-la-vuelta-de-las-clases-presenciales\/"]}]},{"@type":"BreadcrumbList","@id":"https:\/\/experienciadevida.com.ar\/portalurbano\/universidades-habilitan-la-vuelta-de-las-clases-presenciales\/#breadcrumb","itemListElement":[{"@type":"ListItem","position":1,"name":"Portada","item":"https:\/\/experienciadevida.com.ar\/portalurbano\/"},{"@type":"ListItem","position":2,"name":"Universidades: Habilitan la vuelta de las clases presenciales"}]},{"@type":"WebSite","@id":"https:\/\/experienciadevida.com.ar\/portalurbano\/#website","url":"https:\/\/experienciadevida.com.ar\/portalurbano\/","name":"","description":"","publisher":{"@id":"https:\/\/experienciadevida.com.ar\/portalurbano\/#organization"},"potentialAction":[{"@type":"SearchAction","target":{"@type":"EntryPoint","urlTemplate":"https:\/\/experienciadevida.com.ar\/portalurbano\/?s={search_term_string}"},"query-input":"required name=search_term_string"}],"inLanguage":"es"},{"@type":"Organization","@id":"https:\/\/experienciadevida.com.ar\/portalurbano\/#organization","name":"Portal Urbano","url":"https:\/\/experienciadevida.com.ar\/portalurbano\/","logo":{"@type":"ImageObject","inLanguage":"es","@id":"https:\/\/experienciadevida.com.ar\/portalurbano\/#\/schema\/logo\/image\/","url":"https:\/\/experienciadevida.com.ar\/portalurbano\/wp-content\/uploads\/2019\/09\/Logo-Original.png","contentUrl":"https:\/\/experienciadevida.com.ar\/portalurbano\/wp-content\/uploads\/2019\/09\/Logo-Original.png","width":2236,"height":1216,"caption":"Portal Urbano"},"image":{"@id":"https:\/\/experienciadevida.com.ar\/portalurbano\/#\/schema\/logo\/image\/"},"sameAs":["https:\/\/www.facebook.com\/Portal-Urbano-171542830093757\/","https:\/\/twitter.com\/portalurbanook","https:\/\/www.instagram.com\/_portalurbano\/","https:\/\/www.youtube.com\/channel\/UCXhagIfszH8KxFiOok79zbA?view_as=subscriber"]},{"@type":"Person","@id":"https:\/\/experienciadevida.com.ar\/portalurbano\/#\/schema\/person\/02dd326b1c4b056e9cc972486934a3a7","name":"admpu17wp","image":{"@type":"ImageObject","inLanguage":"es","@id":"https:\/\/experienciadevida.com.ar\/portalurbano\/#\/schema\/person\/image\/","url":"https:\/\/secure.gravatar.com\/avatar\/830d4c57adaae6630765e449a6908047?s=96&d=mm&r=g","contentUrl":"https:\/\/secure.gravatar.com\/avatar\/830d4c57adaae6630765e449a6908047?s=96&d=mm&r=g","caption":"admpu17wp"}}]}},"featured_image_urls":{"full":"","thumbnail":"","medium":"","medium_large":"","large":"","ug_big":"","1536x1536":"","2048x2048":"","newsever-slider-full":"","newsever-featured":"","newsever-medium":"","web-stories-poster-portrait":"","web-stories-publisher-logo":"","web-stories-thumbnail":""},"author_info":{"display_name":"admpu17wp","author_link":"https:\/\/experienciadevida.com.ar\/portalurbano\/author\/admpu17wp\/"},"category_info":"<a href=\"https:\/\/experienciadevida.com.ar\/portalurbano\/category\/destacadas\/\" rel=\"category tag\">Destacadas<\/a> <a href=\"https:\/\/experienciadevida.com.ar\/portalurbano\/category\/provincia\/\" rel=\"category tag\">Provincia<\/a>","tag_info":"Provincia","comment_count":"0","amp_enabled":true,"_links":{"self":[{"href":"https:\/\/experienciadevida.com.ar\/portalurbano\/wp-json\/wp\/v2\/posts\/126462"}],"collection":[{"href":"https:\/\/experienciadevida.com.ar\/portalurbano\/wp-json\/wp\/v2\/posts"}],"about":[{"href":"https:\/\/experienciadevida.com.ar\/portalurbano\/wp-json\/wp\/v2\/types\/post"}],"author":[{"embeddable":true,"href":"https:\/\/experienciadevida.com.ar\/portalurbano\/wp-json\/wp\/v2\/users\/1"}],"replies":[{"embeddable":true,"href":"https:\/\/experienciadevida.com.ar\/portalurbano\/wp-json\/wp\/v2\/comments?post=126462"}],"version-history":[{"count":1,"href":"https:\/\/experienciadevida.com.ar\/portalurbano\/wp-json\/wp\/v2\/posts\/126462\/revisions"}],"predecessor-version":[{"id":126463,"href":"https:\/\/experienciadevida.com.ar\/portalurbano\/wp-json\/wp\/v2\/posts\/126462\/revisions\/126463"}],"wp:attachment":[{"href":"https:\/\/experienciadevida.com.ar\/portalurbano\/wp-json\/wp\/v2\/media?parent=126462"}],"wp:term":[{"taxonomy":"category","embeddable":true,"href":"https:\/\/experienciadevida.com.ar\/portalurbano\/wp-json\/wp\/v2\/categories?post=126462"},{"taxonomy":"post_tag","embeddable":true,"href":"https:\/\/experienciadevida.com.ar\/portalurbano\/wp-json\/wp\/v2\/tags?post=126462"}],"curies":[{"name":"wp","href":"https:\/\/api.w.org\/{rel}","templated":true}]}}