{"id":126375,"date":"2020-11-05T11:21:57","date_gmt":"2020-11-05T14:21:57","guid":{"rendered":"https:\/\/experienciadevida.com.ar\/portalurbano\/?p=126375"},"modified":"2020-11-05T11:26:42","modified_gmt":"2020-11-05T14:26:42","slug":"tratan-la-creacion-de-un-fondo-de-emergencia-de-cultura-y-deporte","status":"publish","type":"post","link":"https:\/\/experienciadevida.com.ar\/portalurbano\/tratan-la-creacion-de-un-fondo-de-emergencia-de-cultura-y-deporte\/","title":{"rendered":"Tratan la creaci\u00f3n de un fondo de emergencia de cultura y deporte"},"content":{"rendered":"<p>En la jornada de este jueves se realiza una asamblea de concejales y mayores contribuyentes en el recinto de la Sociedad Espa\u00f1ola. En la misma tratar\u00e1n la creaci\u00f3n de un <strong>fondo especial de emergencia<\/strong> de cultura y deporte.<\/p>\n<p>La misma comenz\u00f3 con el izamiento de la bandera a cargo del edil, <a href=\"https:\/\/www.facebook.com\/rodriguezolav\">Eduardo Rodrigeuez.<\/a> Posteriormente se tom\u00f3 asistencia por Secretar\u00eda y se encuentra ausente con aviso el concejal <a href=\"https:\/\/www.facebook.com\/nicolas.marinangeli.73\">Nicol\u00e1s Marinangeli.<\/a><\/p>\n<p><a href=\"https:\/\/experienciadevida.com.ar\/portalurbano\/en-una-nueva-sesion-tratan-la-creacion-de-un-fondo-especial-de-emergencia-de-cultura-y-deporte\/eduardo-rodriguez\/\" rel=\"attachment wp-att-126376\"><img decoding=\"async\" class=\"alignnone size-full wp-image-126376\" src=\"https:\/\/experienciadevida.com.ar\/portalurbano\/wp-content\/uploads\/2020\/11\/Eduardo-Rodriguez.png\" alt=\"\" width=\"837\" height=\"463\" srcset=\"https:\/\/experienciadevida.com.ar\/portalurbano\/wp-content\/uploads\/2020\/11\/Eduardo-Rodriguez.png 837w, https:\/\/experienciadevida.com.ar\/portalurbano\/wp-content\/uploads\/2020\/11\/Eduardo-Rodriguez-300x166.png 300w, https:\/\/experienciadevida.com.ar\/portalurbano\/wp-content\/uploads\/2020\/11\/Eduardo-Rodriguez-768x425.png 768w\" sizes=\"(max-width: 837px) 100vw, 837px\" \/><\/a><\/p>\n<p>La propuesta consiste en el aumento de la tasa de seguridad e higiene para determinados sectores comerciales, y el destino de parte de la recaudaci\u00f3n ser\u00e1\u00a0 para crear el<strong> fondo de emergencia<\/strong> para cultura y deporte.<\/p>\n<p>La primera en tomar la palabra fue <a href=\"https:\/\/www.facebook.com\/mercedes.landivar\">Mercedes Landivar<\/a> <em>&#8220;no puedo dejar de mencionar el origen de esta ordenanza, porque todos conocemos que lo que est\u00e1 sucediendo en los espacios culturales y deportivos del Partido no es s\u00f3lo producto de una pandemia, es producto del olvido de de cuatro a\u00f1os del Gobierno de Mauricio Macri, Mar\u00eda Eugenia Vidal, y del Ejecutivo Municipal que no ha propuesto pol\u00edticas p\u00fablicas ni herramientas a largo plazo que contemplen estos sectores, el acompa\u00f1amiento, sostenimiento de la infraestructura&#8221;.<\/em><\/p>\n<p><a href=\"https:\/\/experienciadevida.com.ar\/portalurbano\/en-una-nueva-sesion-tratan-la-creacion-de-un-fondo-especial-de-emergencia-de-cultura-y-deporte\/mercedes-landivar\/\" rel=\"attachment wp-att-126377\"><img decoding=\"async\" class=\"alignnone size-full wp-image-126377\" src=\"https:\/\/experienciadevida.com.ar\/portalurbano\/wp-content\/uploads\/2020\/11\/Mercedes-Landivar.png\" alt=\"\" width=\"763\" height=\"471\" srcset=\"https:\/\/experienciadevida.com.ar\/portalurbano\/wp-content\/uploads\/2020\/11\/Mercedes-Landivar.png 763w, https:\/\/experienciadevida.com.ar\/portalurbano\/wp-content\/uploads\/2020\/11\/Mercedes-Landivar-300x185.png 300w\" sizes=\"(max-width: 763px) 100vw, 763px\" \/><\/a><\/p>\n<p><em>&#8220;Lo que hace la emergencia y la pandemia no es m\u00e1s que mostrarnos la realidad de estos sectores, del deporte\u00a0 y la cultura y las Instituciones de nuestra ciudad que cumplen un rol fundamental y construyen lazos sociales, contienen a vecinos, j\u00f3venes. Este proyecto surgi\u00f3 pensando en una herramienta necesaria para darles un poco de ox\u00edgeno a estos sectores tan golpeados, sab\u00edamos desde el principio que no era la soluci\u00f3n de fondo para las cuestiones estructurales pero s\u00ed serv\u00eda para acompa\u00f1ar en este camino dif\u00edcil que les toca atravesar&#8221;.<\/em><\/p>\n<p>Por \u00faltimo la edil\u00a0 dijo <em>&#8220;ellos quieren trabajar, abrir sus puertas y generar ingreso genuino. Sostuvimos este proyecto con la ilusi\u00f3n de llegar a una propuesta enriquecedora y por parte del oficialismo s\u00f3lo recibimos silencio&#8221;.<\/em><\/p>\n","protected":false},"excerpt":{"rendered":"<p>En la jornada de este jueves se realiza una asamblea de concejales y mayores contribuyentes&#8230;<\/p>\n","protected":false},"author":1,"featured_media":126378,"comment_status":"closed","ping_status":"closed","sticky":false,"template":"","format":"standard","meta":{"content-type":""},"categories":[51,43],"tags":[],"nelio_content":{"isAutoShareEnabled":false,"autoShareEndMode":"default","automationSources":{"useContentSentences":true,"useSocialTemplates":true,"useCustomSentences":false,"customSentences":[]},"followers":[1],"suggestedReferences":[],"includedReferences":[],"efiUrl":"","efiAlt":"","highlights":[]},"yoast_head":"<!-- This site is optimized with the Yoast SEO plugin v20.7 - https:\/\/yoast.com\/wordpress\/plugins\/seo\/ -->\n<title>Tratan la creaci\u00f3n de un fondo de emergencia de cultura y deporte<\/title>\n<meta name=\"description\" content=\"En una nueva sesi\u00f3n tratan lacreaci\u00f3n de un fondo de emergencia para la cultura y el deporte impulsado por el Frente de Todos.\" \/>\n<meta name=\"robots\" content=\"index, follow, max-snippet:-1, max-image-preview:large, max-video-preview:-1\" \/>\n<link rel=\"canonical\" href=\"https:\/\/experienciadevida.com.ar\/portalurbano\/tratan-la-creacion-de-un-fondo-de-emergencia-de-cultura-y-deporte\/\" \/>\n<meta property=\"og:locale\" content=\"es_ES\" \/>\n<meta property=\"og:type\" content=\"article\" \/>\n<meta property=\"og:title\" content=\"Tratan la creaci\u00f3n de un fondo de emergencia de cultura y deporte\" \/>\n<meta property=\"og:description\" content=\"En una nueva sesi\u00f3n tratan lacreaci\u00f3n de un fondo de emergencia para la cultura y el deporte impulsado por el Frente de Todos.\" \/>\n<meta property=\"og:url\" content=\"https:\/\/experienciadevida.com.ar\/portalurbano\/tratan-la-creacion-de-un-fondo-de-emergencia-de-cultura-y-deporte\/\" \/>\n<meta property=\"article:publisher\" content=\"https:\/\/www.facebook.com\/Portal-Urbano-171542830093757\/\" \/>\n<meta property=\"article:published_time\" content=\"2020-11-05T14:21:57+00:00\" \/>\n<meta property=\"article:modified_time\" content=\"2020-11-05T14:26:42+00:00\" \/>\n<meta property=\"og:image\" content=\"https:\/\/experienciadevida.com.ar\/portalurbano\/wp-content\/uploads\/2020\/11\/Fondo-especial-de-emergencia.png\" \/>\n\t<meta property=\"og:image:width\" content=\"833\" \/>\n\t<meta property=\"og:image:height\" content=\"461\" \/>\n\t<meta property=\"og:image:type\" content=\"image\/png\" \/>\n<meta name=\"author\" content=\"admpu17wp\" \/>\n<meta name=\"twitter:card\" content=\"summary_large_image\" \/>\n<meta name=\"twitter:creator\" content=\"@portalurbanook\" \/>\n<meta name=\"twitter:site\" content=\"@portalurbanook\" \/>\n<meta name=\"twitter:label1\" content=\"Escrito por\" \/>\n\t<meta name=\"twitter:data1\" content=\"admpu17wp\" \/>\n\t<meta name=\"twitter:label2\" content=\"Tiempo de lectura\" \/>\n\t<meta name=\"twitter:data2\" content=\"2 minutos\" \/>\n<script type=\"application\/ld+json\" class=\"yoast-schema-graph\">{\"@context\":\"https:\/\/schema.org\",\"@graph\":[{\"@type\":\"Article\",\"@id\":\"https:\/\/experienciadevida.com.ar\/portalurbano\/tratan-la-creacion-de-un-fondo-de-emergencia-de-cultura-y-deporte\/#article\",\"isPartOf\":{\"@id\":\"https:\/\/experienciadevida.com.ar\/portalurbano\/tratan-la-creacion-de-un-fondo-de-emergencia-de-cultura-y-deporte\/\"},\"author\":{\"name\":\"admpu17wp\",\"@id\":\"https:\/\/experienciadevida.com.ar\/portalurbano\/#\/schema\/person\/02dd326b1c4b056e9cc972486934a3a7\"},\"headline\":\"Tratan la creaci\u00f3n de un fondo de emergencia de cultura y deporte\",\"datePublished\":\"2020-11-05T14:21:57+00:00\",\"dateModified\":\"2020-11-05T14:26:42+00:00\",\"mainEntityOfPage\":{\"@id\":\"https:\/\/experienciadevida.com.ar\/portalurbano\/tratan-la-creacion-de-un-fondo-de-emergencia-de-cultura-y-deporte\/\"},\"wordCount\":347,\"publisher\":{\"@id\":\"https:\/\/experienciadevida.com.ar\/portalurbano\/#organization\"},\"articleSection\":[\"Destacadas\",\"Pol\u00edtica\"],\"inLanguage\":\"es\"},{\"@type\":\"WebPage\",\"@id\":\"https:\/\/experienciadevida.com.ar\/portalurbano\/tratan-la-creacion-de-un-fondo-de-emergencia-de-cultura-y-deporte\/\",\"url\":\"https:\/\/experienciadevida.com.ar\/portalurbano\/tratan-la-creacion-de-un-fondo-de-emergencia-de-cultura-y-deporte\/\",\"name\":\"Tratan la creaci\u00f3n de un fondo de emergencia de cultura y deporte\",\"isPartOf\":{\"@id\":\"https:\/\/experienciadevida.com.ar\/portalurbano\/#website\"},\"datePublished\":\"2020-11-05T14:21:57+00:00\",\"dateModified\":\"2020-11-05T14:26:42+00:00\",\"description\":\"En una nueva sesi\u00f3n tratan lacreaci\u00f3n de un fondo de emergencia para la cultura y el deporte impulsado por el Frente de Todos.\",\"breadcrumb\":{\"@id\":\"https:\/\/experienciadevida.com.ar\/portalurbano\/tratan-la-creacion-de-un-fondo-de-emergencia-de-cultura-y-deporte\/#breadcrumb\"},\"inLanguage\":\"es\",\"potentialAction\":[{\"@type\":\"ReadAction\",\"target\":[\"https:\/\/experienciadevida.com.ar\/portalurbano\/tratan-la-creacion-de-un-fondo-de-emergencia-de-cultura-y-deporte\/\"]}]},{\"@type\":\"BreadcrumbList\",\"@id\":\"https:\/\/experienciadevida.com.ar\/portalurbano\/tratan-la-creacion-de-un-fondo-de-emergencia-de-cultura-y-deporte\/#breadcrumb\",\"itemListElement\":[{\"@type\":\"ListItem\",\"position\":1,\"name\":\"Portada\",\"item\":\"https:\/\/experienciadevida.com.ar\/portalurbano\/\"},{\"@type\":\"ListItem\",\"position\":2,\"name\":\"Tratan la creaci\u00f3n de un fondo de emergencia de cultura y deporte\"}]},{\"@type\":\"WebSite\",\"@id\":\"https:\/\/experienciadevida.com.ar\/portalurbano\/#website\",\"url\":\"https:\/\/experienciadevida.com.ar\/portalurbano\/\",\"name\":\"\",\"description\":\"\",\"publisher\":{\"@id\":\"https:\/\/experienciadevida.com.ar\/portalurbano\/#organization\"},\"potentialAction\":[{\"@type\":\"SearchAction\",\"target\":{\"@type\":\"EntryPoint\",\"urlTemplate\":\"https:\/\/experienciadevida.com.ar\/portalurbano\/?s={search_term_string}\"},\"query-input\":\"required name=search_term_string\"}],\"inLanguage\":\"es\"},{\"@type\":\"Organization\",\"@id\":\"https:\/\/experienciadevida.com.ar\/portalurbano\/#organization\",\"name\":\"Portal Urbano\",\"url\":\"https:\/\/experienciadevida.com.ar\/portalurbano\/\",\"logo\":{\"@type\":\"ImageObject\",\"inLanguage\":\"es\",\"@id\":\"https:\/\/experienciadevida.com.ar\/portalurbano\/#\/schema\/logo\/image\/\",\"url\":\"https:\/\/experienciadevida.com.ar\/portalurbano\/wp-content\/uploads\/2019\/09\/Logo-Original.png\",\"contentUrl\":\"https:\/\/experienciadevida.com.ar\/portalurbano\/wp-content\/uploads\/2019\/09\/Logo-Original.png\",\"width\":2236,\"height\":1216,\"caption\":\"Portal Urbano\"},\"image\":{\"@id\":\"https:\/\/experienciadevida.com.ar\/portalurbano\/#\/schema\/logo\/image\/\"},\"sameAs\":[\"https:\/\/www.facebook.com\/Portal-Urbano-171542830093757\/\",\"https:\/\/twitter.com\/portalurbanook\",\"https:\/\/www.instagram.com\/_portalurbano\/\",\"https:\/\/www.youtube.com\/channel\/UCXhagIfszH8KxFiOok79zbA?view_as=subscriber\"]},{\"@type\":\"Person\",\"@id\":\"https:\/\/experienciadevida.com.ar\/portalurbano\/#\/schema\/person\/02dd326b1c4b056e9cc972486934a3a7\",\"name\":\"admpu17wp\",\"image\":{\"@type\":\"ImageObject\",\"inLanguage\":\"es\",\"@id\":\"https:\/\/experienciadevida.com.ar\/portalurbano\/#\/schema\/person\/image\/\",\"url\":\"https:\/\/secure.gravatar.com\/avatar\/830d4c57adaae6630765e449a6908047?s=96&d=mm&r=g\",\"contentUrl\":\"https:\/\/secure.gravatar.com\/avatar\/830d4c57adaae6630765e449a6908047?s=96&d=mm&r=g\",\"caption\":\"admpu17wp\"}}]}<\/script>\n<!-- \/ Yoast SEO plugin. -->","yoast_head_json":{"title":"Tratan la creaci\u00f3n de un fondo de emergencia de cultura y deporte","description":"En una nueva sesi\u00f3n tratan lacreaci\u00f3n de un fondo de emergencia para la cultura y el deporte impulsado por el Frente de Todos.","robots":{"index":"index","follow":"follow","max-snippet":"max-snippet:-1","max-image-preview":"max-image-preview:large","max-video-preview":"max-video-preview:-1"},"canonical":"https:\/\/experienciadevida.com.ar\/portalurbano\/tratan-la-creacion-de-un-fondo-de-emergencia-de-cultura-y-deporte\/","og_locale":"es_ES","og_type":"article","og_title":"Tratan la creaci\u00f3n de un fondo de emergencia de cultura y deporte","og_description":"En una nueva sesi\u00f3n tratan lacreaci\u00f3n de un fondo de emergencia para la cultura y el deporte impulsado por el Frente de Todos.","og_url":"https:\/\/experienciadevida.com.ar\/portalurbano\/tratan-la-creacion-de-un-fondo-de-emergencia-de-cultura-y-deporte\/","article_publisher":"https:\/\/www.facebook.com\/Portal-Urbano-171542830093757\/","article_published_time":"2020-11-05T14:21:57+00:00","article_modified_time":"2020-11-05T14:26:42+00:00","og_image":[{"width":833,"height":461,"url":"https:\/\/experienciadevida.com.ar\/portalurbano\/wp-content\/uploads\/2020\/11\/Fondo-especial-de-emergencia.png","type":"image\/png"}],"author":"admpu17wp","twitter_card":"summary_large_image","twitter_creator":"@portalurbanook","twitter_site":"@portalurbanook","twitter_misc":{"Escrito por":"admpu17wp","Tiempo de lectura":"2 minutos"},"schema":{"@context":"https:\/\/schema.org","@graph":[{"@type":"Article","@id":"https:\/\/experienciadevida.com.ar\/portalurbano\/tratan-la-creacion-de-un-fondo-de-emergencia-de-cultura-y-deporte\/#article","isPartOf":{"@id":"https:\/\/experienciadevida.com.ar\/portalurbano\/tratan-la-creacion-de-un-fondo-de-emergencia-de-cultura-y-deporte\/"},"author":{"name":"admpu17wp","@id":"https:\/\/experienciadevida.com.ar\/portalurbano\/#\/schema\/person\/02dd326b1c4b056e9cc972486934a3a7"},"headline":"Tratan la creaci\u00f3n de un fondo de emergencia de cultura y deporte","datePublished":"2020-11-05T14:21:57+00:00","dateModified":"2020-11-05T14:26:42+00:00","mainEntityOfPage":{"@id":"https:\/\/experienciadevida.com.ar\/portalurbano\/tratan-la-creacion-de-un-fondo-de-emergencia-de-cultura-y-deporte\/"},"wordCount":347,"publisher":{"@id":"https:\/\/experienciadevida.com.ar\/portalurbano\/#organization"},"articleSection":["Destacadas","Pol\u00edtica"],"inLanguage":"es"},{"@type":"WebPage","@id":"https:\/\/experienciadevida.com.ar\/portalurbano\/tratan-la-creacion-de-un-fondo-de-emergencia-de-cultura-y-deporte\/","url":"https:\/\/experienciadevida.com.ar\/portalurbano\/tratan-la-creacion-de-un-fondo-de-emergencia-de-cultura-y-deporte\/","name":"Tratan la creaci\u00f3n de un fondo de emergencia de cultura y deporte","isPartOf":{"@id":"https:\/\/experienciadevida.com.ar\/portalurbano\/#website"},"datePublished":"2020-11-05T14:21:57+00:00","dateModified":"2020-11-05T14:26:42+00:00","description":"En una nueva sesi\u00f3n tratan lacreaci\u00f3n de un fondo de emergencia para la cultura y el deporte impulsado por el Frente de Todos.","breadcrumb":{"@id":"https:\/\/experienciadevida.com.ar\/portalurbano\/tratan-la-creacion-de-un-fondo-de-emergencia-de-cultura-y-deporte\/#breadcrumb"},"inLanguage":"es","potentialAction":[{"@type":"ReadAction","target":["https:\/\/experienciadevida.com.ar\/portalurbano\/tratan-la-creacion-de-un-fondo-de-emergencia-de-cultura-y-deporte\/"]}]},{"@type":"BreadcrumbList","@id":"https:\/\/experienciadevida.com.ar\/portalurbano\/tratan-la-creacion-de-un-fondo-de-emergencia-de-cultura-y-deporte\/#breadcrumb","itemListElement":[{"@type":"ListItem","position":1,"name":"Portada","item":"https:\/\/experienciadevida.com.ar\/portalurbano\/"},{"@type":"ListItem","position":2,"name":"Tratan la creaci\u00f3n de un fondo de emergencia de cultura y deporte"}]},{"@type":"WebSite","@id":"https:\/\/experienciadevida.com.ar\/portalurbano\/#website","url":"https:\/\/experienciadevida.com.ar\/portalurbano\/","name":"","description":"","publisher":{"@id":"https:\/\/experienciadevida.com.ar\/portalurbano\/#organization"},"potentialAction":[{"@type":"SearchAction","target":{"@type":"EntryPoint","urlTemplate":"https:\/\/experienciadevida.com.ar\/portalurbano\/?s={search_term_string}"},"query-input":"required name=search_term_string"}],"inLanguage":"es"},{"@type":"Organization","@id":"https:\/\/experienciadevida.com.ar\/portalurbano\/#organization","name":"Portal Urbano","url":"https:\/\/experienciadevida.com.ar\/portalurbano\/","logo":{"@type":"ImageObject","inLanguage":"es","@id":"https:\/\/experienciadevida.com.ar\/portalurbano\/#\/schema\/logo\/image\/","url":"https:\/\/experienciadevida.com.ar\/portalurbano\/wp-content\/uploads\/2019\/09\/Logo-Original.png","contentUrl":"https:\/\/experienciadevida.com.ar\/portalurbano\/wp-content\/uploads\/2019\/09\/Logo-Original.png","width":2236,"height":1216,"caption":"Portal Urbano"},"image":{"@id":"https:\/\/experienciadevida.com.ar\/portalurbano\/#\/schema\/logo\/image\/"},"sameAs":["https:\/\/www.facebook.com\/Portal-Urbano-171542830093757\/","https:\/\/twitter.com\/portalurbanook","https:\/\/www.instagram.com\/_portalurbano\/","https:\/\/www.youtube.com\/channel\/UCXhagIfszH8KxFiOok79zbA?view_as=subscriber"]},{"@type":"Person","@id":"https:\/\/experienciadevida.com.ar\/portalurbano\/#\/schema\/person\/02dd326b1c4b056e9cc972486934a3a7","name":"admpu17wp","image":{"@type":"ImageObject","inLanguage":"es","@id":"https:\/\/experienciadevida.com.ar\/portalurbano\/#\/schema\/person\/image\/","url":"https:\/\/secure.gravatar.com\/avatar\/830d4c57adaae6630765e449a6908047?s=96&d=mm&r=g","contentUrl":"https:\/\/secure.gravatar.com\/avatar\/830d4c57adaae6630765e449a6908047?s=96&d=mm&r=g","caption":"admpu17wp"}}]}},"featured_image_urls":{"full":["https:\/\/experienciadevida.com.ar\/portalurbano\/wp-content\/uploads\/2020\/11\/Fondo-especial-de-emergencia.png",833,461,false],"thumbnail":["https:\/\/experienciadevida.com.ar\/portalurbano\/wp-content\/uploads\/2020\/11\/Fondo-especial-de-emergencia-150x150.png",150,150,true],"medium":["https:\/\/experienciadevida.com.ar\/portalurbano\/wp-content\/uploads\/2020\/11\/Fondo-especial-de-emergencia-300x166.png",300,166,true],"medium_large":["https:\/\/experienciadevida.com.ar\/portalurbano\/wp-content\/uploads\/2020\/11\/Fondo-especial-de-emergencia-768x425.png",640,354,true],"large":["https:\/\/experienciadevida.com.ar\/portalurbano\/wp-content\/uploads\/2020\/11\/Fondo-especial-de-emergencia.png",640,354,false],"ug_big":["https:\/\/experienciadevida.com.ar\/portalurbano\/wp-content\/uploads\/2020\/11\/Fondo-especial-de-emergencia-768x425.png",768,425,true],"1536x1536":["https:\/\/experienciadevida.com.ar\/portalurbano\/wp-content\/uploads\/2020\/11\/Fondo-especial-de-emergencia.png",833,461,false],"2048x2048":["https:\/\/experienciadevida.com.ar\/portalurbano\/wp-content\/uploads\/2020\/11\/Fondo-especial-de-emergencia.png",833,461,false],"newsever-slider-full":["https:\/\/experienciadevida.com.ar\/portalurbano\/wp-content\/uploads\/2020\/11\/Fondo-especial-de-emergencia.png",833,461,false],"newsever-featured":["https:\/\/experienciadevida.com.ar\/portalurbano\/wp-content\/uploads\/2020\/11\/Fondo-especial-de-emergencia.png",833,461,false],"newsever-medium":["https:\/\/experienciadevida.com.ar\/portalurbano\/wp-content\/uploads\/2020\/11\/Fondo-especial-de-emergencia.png",720,398,false],"web-stories-poster-portrait":["https:\/\/experienciadevida.com.ar\/portalurbano\/wp-content\/uploads\/2020\/11\/Fondo-especial-de-emergencia.png",640,354,false],"web-stories-publisher-logo":["https:\/\/experienciadevida.com.ar\/portalurbano\/wp-content\/uploads\/2020\/11\/Fondo-especial-de-emergencia.png",96,53,false],"web-stories-thumbnail":["https:\/\/experienciadevida.com.ar\/portalurbano\/wp-content\/uploads\/2020\/11\/Fondo-especial-de-emergencia.png",150,83,false]},"author_info":{"display_name":"admpu17wp","author_link":"https:\/\/experienciadevida.com.ar\/portalurbano\/author\/admpu17wp\/"},"category_info":"<a href=\"https:\/\/experienciadevida.com.ar\/portalurbano\/category\/destacadas\/\" rel=\"category tag\">Destacadas<\/a> <a href=\"https:\/\/experienciadevida.com.ar\/portalurbano\/category\/politica\/\" rel=\"category tag\">Pol\u00edtica<\/a>","tag_info":"Pol\u00edtica","comment_count":"0","amp_enabled":true,"_links":{"self":[{"href":"https:\/\/experienciadevida.com.ar\/portalurbano\/wp-json\/wp\/v2\/posts\/126375"}],"collection":[{"href":"https:\/\/experienciadevida.com.ar\/portalurbano\/wp-json\/wp\/v2\/posts"}],"about":[{"href":"https:\/\/experienciadevida.com.ar\/portalurbano\/wp-json\/wp\/v2\/types\/post"}],"author":[{"embeddable":true,"href":"https:\/\/experienciadevida.com.ar\/portalurbano\/wp-json\/wp\/v2\/users\/1"}],"replies":[{"embeddable":true,"href":"https:\/\/experienciadevida.com.ar\/portalurbano\/wp-json\/wp\/v2\/comments?post=126375"}],"version-history":[{"count":5,"href":"https:\/\/experienciadevida.com.ar\/portalurbano\/wp-json\/wp\/v2\/posts\/126375\/revisions"}],"predecessor-version":[{"id":126383,"href":"https:\/\/experienciadevida.com.ar\/portalurbano\/wp-json\/wp\/v2\/posts\/126375\/revisions\/126383"}],"wp:featuredmedia":[{"embeddable":true,"href":"https:\/\/experienciadevida.com.ar\/portalurbano\/wp-json\/wp\/v2\/media\/126378"}],"wp:attachment":[{"href":"https:\/\/experienciadevida.com.ar\/portalurbano\/wp-json\/wp\/v2\/media?parent=126375"}],"wp:term":[{"taxonomy":"category","embeddable":true,"href":"https:\/\/experienciadevida.com.ar\/portalurbano\/wp-json\/wp\/v2\/categories?post=126375"},{"taxonomy":"post_tag","embeddable":true,"href":"https:\/\/experienciadevida.com.ar\/portalurbano\/wp-json\/wp\/v2\/tags?post=126375"}],"curies":[{"name":"wp","href":"https:\/\/api.w.org\/{rel}","templated":true}]}}