{"id":126188,"date":"2020-11-03T11:15:07","date_gmt":"2020-11-03T14:15:07","guid":{"rendered":"https:\/\/experienciadevida.com.ar\/portalurbano\/?p=126188"},"modified":"2020-11-03T11:22:00","modified_gmt":"2020-11-03T14:22:00","slug":"mesa-de-emergencia-decidimos-seguir-con-el-acampe-hasta-que-den-soluciones-a-los-dos-ultimos-casos","status":"publish","type":"post","link":"https:\/\/experienciadevida.com.ar\/portalurbano\/mesa-de-emergencia-decidimos-seguir-con-el-acampe-hasta-que-den-soluciones-a-los-dos-ultimos-casos\/","title":{"rendered":"Mesa de emergencia: &#8220;Decidimos seguir con el acampe hasta que den soluciones a los dos \u00faltimos casos&#8221;"},"content":{"rendered":"<p>En el d\u00eda de ayer, la <a href=\"https:\/\/www.facebook.com\/mesaemergenciasolavarria\">mesa de emergencia<\/a>, emiti\u00f3 un comunicado luego de la quinta asamblea por la vivienda en el <strong>acampe<\/strong> que realizan en el paseo Jes\u00fas Mend\u00eda donde mencionaron que hasta este mi\u00e9rcoles esperan una resoluci\u00f3n.<\/p>\n<p>En el comunicado repudiaron la brutal represi\u00f3n y desalojo violento llevado a cabo por el gobierno provincial con las familias de Guernica &#8220;<em>nos solidarizamos con la lucha por la tierra y vivienda para todos los trabajadores&#8221;.<\/em><\/p>\n<p><em>&#8220;Ante los hechos de p\u00fablico conocimiento repudiamos las amenazas en contra de una de nuestras compa\u00f1eras que expuso un caso puntual de terrenos fiscales.\u00a0 Decidimos seguir con el acampe hasta tanto nos den soluciones concretas de los \u00faltimos dos casos que quedan por resolver&#8221;.<\/em><\/p>\n<p>Por otro lado &#8220;<em>continuaremos folleteando barrio por barrio invitando a los vecinos a sumarse a la asamblea de cada s\u00e1bado.\u00a0 El d\u00eda Mi\u00e9rcoles a las 18hs tendremos aqu\u00ed\u00a0una formaci\u00f3n en cuanto al proyecto que tiene la agrupaci\u00f3n de Trabajadores por la Vivienda, all\u00ed definiremos acciones concretas en cuanto a un plan de lucha continuando con el reclamo, el cual tambi\u00e9n abarca la implementaci\u00f3n de la ley 14.449 sobre acceso justo al h\u00e1bitat&#8221;.<\/em><\/p>\n<p><em>&#8220;En cuanto a los comedores que nuclea la Mesa de emergencias queremos comunicar que hasta el d\u00eda de la fecha no hemos sido recibidos por quienes corresponde, luego de haber sido tratado y votado por unanimidad el tema en el consejo deliberante. pero no hemos obtenido respuesta favorable sobre una reuni\u00f3n.\u00a0 Cabe destacar que el secretario de Desarrollo y calidad de vida nos ha negado la ayuda para poder abastecerlos. Hemos propuesto colocar changuitos en los supermercados para realizar una campa\u00f1a de recolecci\u00f3n de alimentos para los 7 comedores que seguimos asistiendo sin ayuda del estado&#8221;.<\/em><\/p>\n<p>Por \u00faltimo mencionaron <em>&#8220;nos pronunciamos en favor de que se llame a un amplio encuentro plurinacional de lucha por tierra y vivienda. Apoyaremos la implementaci\u00f3n de protocolos para que cultura y econom\u00eda popular comienzan a funcionar&#8221;.<\/em><\/p>\n","protected":false},"excerpt":{"rendered":"<p>En el d\u00eda de ayer, la mesa de emergencia, emiti\u00f3 un comunicado luego de la&#8230;<\/p>\n","protected":false},"author":1,"featured_media":126190,"comment_status":"closed","ping_status":"closed","sticky":false,"template":"","format":"standard","meta":{"content-type":""},"categories":[27,51],"tags":[],"nelio_content":{"isAutoShareEnabled":false,"autoShareEndMode":"default","automationSources":{"useContentSentences":true,"useSocialTemplates":true,"useCustomSentences":false,"customSentences":[]},"followers":[1],"suggestedReferences":[],"includedReferences":[],"efiUrl":"","efiAlt":"","highlights":[]},"yoast_head":"<!-- This site is optimized with the Yoast SEO plugin v20.7 - https:\/\/yoast.com\/wordpress\/plugins\/seo\/ -->\n<title>Mesa de emergencia: &quot;Decidimos seguir con el acampe&quot;<\/title>\n<meta name=\"description\" content=\"Luego de la quinta asamblea que se realiza en el acampe, la mesa de emergencia emiti\u00f3 un comunicado, donde seguir\u00e1n all\u00ed esperando respuestas\" \/>\n<meta name=\"robots\" content=\"index, follow, max-snippet:-1, max-image-preview:large, max-video-preview:-1\" \/>\n<link rel=\"canonical\" href=\"https:\/\/experienciadevida.com.ar\/portalurbano\/mesa-de-emergencia-decidimos-seguir-con-el-acampe-hasta-que-den-soluciones-a-los-dos-ultimos-casos\/\" \/>\n<meta property=\"og:locale\" content=\"es_ES\" \/>\n<meta property=\"og:type\" content=\"article\" \/>\n<meta property=\"og:title\" content=\"Mesa de emergencia: &quot;Decidimos seguir con el acampe&quot;\" \/>\n<meta property=\"og:description\" content=\"Luego de la quinta asamblea que se realiza en el acampe, la mesa de emergencia emiti\u00f3 un comunicado, donde seguir\u00e1n all\u00ed esperando respuestas\" \/>\n<meta property=\"og:url\" content=\"https:\/\/experienciadevida.com.ar\/portalurbano\/mesa-de-emergencia-decidimos-seguir-con-el-acampe-hasta-que-den-soluciones-a-los-dos-ultimos-casos\/\" \/>\n<meta property=\"article:publisher\" content=\"https:\/\/www.facebook.com\/Portal-Urbano-171542830093757\/\" \/>\n<meta property=\"article:published_time\" content=\"2020-11-03T14:15:07+00:00\" \/>\n<meta property=\"article:modified_time\" content=\"2020-11-03T14:22:00+00:00\" \/>\n<meta property=\"og:image\" content=\"https:\/\/experienciadevida.com.ar\/portalurbano\/wp-content\/uploads\/2020\/11\/Acampe.jpg\" \/>\n\t<meta property=\"og:image:width\" content=\"1280\" \/>\n\t<meta property=\"og:image:height\" content=\"960\" \/>\n\t<meta property=\"og:image:type\" content=\"image\/jpeg\" \/>\n<meta name=\"author\" content=\"admpu17wp\" \/>\n<meta name=\"twitter:card\" content=\"summary_large_image\" \/>\n<meta name=\"twitter:creator\" content=\"@portalurbanook\" \/>\n<meta name=\"twitter:site\" content=\"@portalurbanook\" \/>\n<meta name=\"twitter:label1\" content=\"Escrito por\" \/>\n\t<meta name=\"twitter:data1\" content=\"admpu17wp\" \/>\n\t<meta name=\"twitter:label2\" content=\"Tiempo de lectura\" \/>\n\t<meta name=\"twitter:data2\" content=\"2 minutos\" \/>\n<script type=\"application\/ld+json\" class=\"yoast-schema-graph\">{\"@context\":\"https:\/\/schema.org\",\"@graph\":[{\"@type\":\"Article\",\"@id\":\"https:\/\/experienciadevida.com.ar\/portalurbano\/mesa-de-emergencia-decidimos-seguir-con-el-acampe-hasta-que-den-soluciones-a-los-dos-ultimos-casos\/#article\",\"isPartOf\":{\"@id\":\"https:\/\/experienciadevida.com.ar\/portalurbano\/mesa-de-emergencia-decidimos-seguir-con-el-acampe-hasta-que-den-soluciones-a-los-dos-ultimos-casos\/\"},\"author\":{\"name\":\"admpu17wp\",\"@id\":\"https:\/\/experienciadevida.com.ar\/portalurbano\/#\/schema\/person\/02dd326b1c4b056e9cc972486934a3a7\"},\"headline\":\"Mesa de emergencia: &#8220;Decidimos seguir con el acampe hasta que den soluciones a los dos \u00faltimos casos&#8221;\",\"datePublished\":\"2020-11-03T14:15:07+00:00\",\"dateModified\":\"2020-11-03T14:22:00+00:00\",\"mainEntityOfPage\":{\"@id\":\"https:\/\/experienciadevida.com.ar\/portalurbano\/mesa-de-emergencia-decidimos-seguir-con-el-acampe-hasta-que-den-soluciones-a-los-dos-ultimos-casos\/\"},\"wordCount\":361,\"publisher\":{\"@id\":\"https:\/\/experienciadevida.com.ar\/portalurbano\/#organization\"},\"articleSection\":[\"Ciudad\",\"Destacadas\"],\"inLanguage\":\"es\"},{\"@type\":\"WebPage\",\"@id\":\"https:\/\/experienciadevida.com.ar\/portalurbano\/mesa-de-emergencia-decidimos-seguir-con-el-acampe-hasta-que-den-soluciones-a-los-dos-ultimos-casos\/\",\"url\":\"https:\/\/experienciadevida.com.ar\/portalurbano\/mesa-de-emergencia-decidimos-seguir-con-el-acampe-hasta-que-den-soluciones-a-los-dos-ultimos-casos\/\",\"name\":\"Mesa de emergencia: \\\"Decidimos seguir con el acampe\\\"\",\"isPartOf\":{\"@id\":\"https:\/\/experienciadevida.com.ar\/portalurbano\/#website\"},\"datePublished\":\"2020-11-03T14:15:07+00:00\",\"dateModified\":\"2020-11-03T14:22:00+00:00\",\"description\":\"Luego de la quinta asamblea que se realiza en el acampe, la mesa de emergencia emiti\u00f3 un comunicado, donde seguir\u00e1n all\u00ed esperando respuestas\",\"breadcrumb\":{\"@id\":\"https:\/\/experienciadevida.com.ar\/portalurbano\/mesa-de-emergencia-decidimos-seguir-con-el-acampe-hasta-que-den-soluciones-a-los-dos-ultimos-casos\/#breadcrumb\"},\"inLanguage\":\"es\",\"potentialAction\":[{\"@type\":\"ReadAction\",\"target\":[\"https:\/\/experienciadevida.com.ar\/portalurbano\/mesa-de-emergencia-decidimos-seguir-con-el-acampe-hasta-que-den-soluciones-a-los-dos-ultimos-casos\/\"]}]},{\"@type\":\"BreadcrumbList\",\"@id\":\"https:\/\/experienciadevida.com.ar\/portalurbano\/mesa-de-emergencia-decidimos-seguir-con-el-acampe-hasta-que-den-soluciones-a-los-dos-ultimos-casos\/#breadcrumb\",\"itemListElement\":[{\"@type\":\"ListItem\",\"position\":1,\"name\":\"Portada\",\"item\":\"https:\/\/experienciadevida.com.ar\/portalurbano\/\"},{\"@type\":\"ListItem\",\"position\":2,\"name\":\"Mesa de emergencia: \u00abDecidimos seguir con el acampe hasta que den soluciones a los dos \u00faltimos casos\u00bb\"}]},{\"@type\":\"WebSite\",\"@id\":\"https:\/\/experienciadevida.com.ar\/portalurbano\/#website\",\"url\":\"https:\/\/experienciadevida.com.ar\/portalurbano\/\",\"name\":\"\",\"description\":\"\",\"publisher\":{\"@id\":\"https:\/\/experienciadevida.com.ar\/portalurbano\/#organization\"},\"potentialAction\":[{\"@type\":\"SearchAction\",\"target\":{\"@type\":\"EntryPoint\",\"urlTemplate\":\"https:\/\/experienciadevida.com.ar\/portalurbano\/?s={search_term_string}\"},\"query-input\":\"required name=search_term_string\"}],\"inLanguage\":\"es\"},{\"@type\":\"Organization\",\"@id\":\"https:\/\/experienciadevida.com.ar\/portalurbano\/#organization\",\"name\":\"Portal Urbano\",\"url\":\"https:\/\/experienciadevida.com.ar\/portalurbano\/\",\"logo\":{\"@type\":\"ImageObject\",\"inLanguage\":\"es\",\"@id\":\"https:\/\/experienciadevida.com.ar\/portalurbano\/#\/schema\/logo\/image\/\",\"url\":\"https:\/\/experienciadevida.com.ar\/portalurbano\/wp-content\/uploads\/2019\/09\/Logo-Original.png\",\"contentUrl\":\"https:\/\/experienciadevida.com.ar\/portalurbano\/wp-content\/uploads\/2019\/09\/Logo-Original.png\",\"width\":2236,\"height\":1216,\"caption\":\"Portal Urbano\"},\"image\":{\"@id\":\"https:\/\/experienciadevida.com.ar\/portalurbano\/#\/schema\/logo\/image\/\"},\"sameAs\":[\"https:\/\/www.facebook.com\/Portal-Urbano-171542830093757\/\",\"https:\/\/twitter.com\/portalurbanook\",\"https:\/\/www.instagram.com\/_portalurbano\/\",\"https:\/\/www.youtube.com\/channel\/UCXhagIfszH8KxFiOok79zbA?view_as=subscriber\"]},{\"@type\":\"Person\",\"@id\":\"https:\/\/experienciadevida.com.ar\/portalurbano\/#\/schema\/person\/02dd326b1c4b056e9cc972486934a3a7\",\"name\":\"admpu17wp\",\"image\":{\"@type\":\"ImageObject\",\"inLanguage\":\"es\",\"@id\":\"https:\/\/experienciadevida.com.ar\/portalurbano\/#\/schema\/person\/image\/\",\"url\":\"https:\/\/secure.gravatar.com\/avatar\/830d4c57adaae6630765e449a6908047?s=96&d=mm&r=g\",\"contentUrl\":\"https:\/\/secure.gravatar.com\/avatar\/830d4c57adaae6630765e449a6908047?s=96&d=mm&r=g\",\"caption\":\"admpu17wp\"}}]}<\/script>\n<!-- \/ Yoast SEO plugin. -->","yoast_head_json":{"title":"Mesa de emergencia: \"Decidimos seguir con el acampe\"","description":"Luego de la quinta asamblea que se realiza en el acampe, la mesa de emergencia emiti\u00f3 un comunicado, donde seguir\u00e1n all\u00ed esperando respuestas","robots":{"index":"index","follow":"follow","max-snippet":"max-snippet:-1","max-image-preview":"max-image-preview:large","max-video-preview":"max-video-preview:-1"},"canonical":"https:\/\/experienciadevida.com.ar\/portalurbano\/mesa-de-emergencia-decidimos-seguir-con-el-acampe-hasta-que-den-soluciones-a-los-dos-ultimos-casos\/","og_locale":"es_ES","og_type":"article","og_title":"Mesa de emergencia: \"Decidimos seguir con el acampe\"","og_description":"Luego de la quinta asamblea que se realiza en el acampe, la mesa de emergencia emiti\u00f3 un comunicado, donde seguir\u00e1n all\u00ed esperando respuestas","og_url":"https:\/\/experienciadevida.com.ar\/portalurbano\/mesa-de-emergencia-decidimos-seguir-con-el-acampe-hasta-que-den-soluciones-a-los-dos-ultimos-casos\/","article_publisher":"https:\/\/www.facebook.com\/Portal-Urbano-171542830093757\/","article_published_time":"2020-11-03T14:15:07+00:00","article_modified_time":"2020-11-03T14:22:00+00:00","og_image":[{"width":1280,"height":960,"url":"https:\/\/experienciadevida.com.ar\/portalurbano\/wp-content\/uploads\/2020\/11\/Acampe.jpg","type":"image\/jpeg"}],"author":"admpu17wp","twitter_card":"summary_large_image","twitter_creator":"@portalurbanook","twitter_site":"@portalurbanook","twitter_misc":{"Escrito por":"admpu17wp","Tiempo de lectura":"2 minutos"},"schema":{"@context":"https:\/\/schema.org","@graph":[{"@type":"Article","@id":"https:\/\/experienciadevida.com.ar\/portalurbano\/mesa-de-emergencia-decidimos-seguir-con-el-acampe-hasta-que-den-soluciones-a-los-dos-ultimos-casos\/#article","isPartOf":{"@id":"https:\/\/experienciadevida.com.ar\/portalurbano\/mesa-de-emergencia-decidimos-seguir-con-el-acampe-hasta-que-den-soluciones-a-los-dos-ultimos-casos\/"},"author":{"name":"admpu17wp","@id":"https:\/\/experienciadevida.com.ar\/portalurbano\/#\/schema\/person\/02dd326b1c4b056e9cc972486934a3a7"},"headline":"Mesa de emergencia: &#8220;Decidimos seguir con el acampe hasta que den soluciones a los dos \u00faltimos casos&#8221;","datePublished":"2020-11-03T14:15:07+00:00","dateModified":"2020-11-03T14:22:00+00:00","mainEntityOfPage":{"@id":"https:\/\/experienciadevida.com.ar\/portalurbano\/mesa-de-emergencia-decidimos-seguir-con-el-acampe-hasta-que-den-soluciones-a-los-dos-ultimos-casos\/"},"wordCount":361,"publisher":{"@id":"https:\/\/experienciadevida.com.ar\/portalurbano\/#organization"},"articleSection":["Ciudad","Destacadas"],"inLanguage":"es"},{"@type":"WebPage","@id":"https:\/\/experienciadevida.com.ar\/portalurbano\/mesa-de-emergencia-decidimos-seguir-con-el-acampe-hasta-que-den-soluciones-a-los-dos-ultimos-casos\/","url":"https:\/\/experienciadevida.com.ar\/portalurbano\/mesa-de-emergencia-decidimos-seguir-con-el-acampe-hasta-que-den-soluciones-a-los-dos-ultimos-casos\/","name":"Mesa de emergencia: \"Decidimos seguir con el acampe\"","isPartOf":{"@id":"https:\/\/experienciadevida.com.ar\/portalurbano\/#website"},"datePublished":"2020-11-03T14:15:07+00:00","dateModified":"2020-11-03T14:22:00+00:00","description":"Luego de la quinta asamblea que se realiza en el acampe, la mesa de emergencia emiti\u00f3 un comunicado, donde seguir\u00e1n all\u00ed esperando respuestas","breadcrumb":{"@id":"https:\/\/experienciadevida.com.ar\/portalurbano\/mesa-de-emergencia-decidimos-seguir-con-el-acampe-hasta-que-den-soluciones-a-los-dos-ultimos-casos\/#breadcrumb"},"inLanguage":"es","potentialAction":[{"@type":"ReadAction","target":["https:\/\/experienciadevida.com.ar\/portalurbano\/mesa-de-emergencia-decidimos-seguir-con-el-acampe-hasta-que-den-soluciones-a-los-dos-ultimos-casos\/"]}]},{"@type":"BreadcrumbList","@id":"https:\/\/experienciadevida.com.ar\/portalurbano\/mesa-de-emergencia-decidimos-seguir-con-el-acampe-hasta-que-den-soluciones-a-los-dos-ultimos-casos\/#breadcrumb","itemListElement":[{"@type":"ListItem","position":1,"name":"Portada","item":"https:\/\/experienciadevida.com.ar\/portalurbano\/"},{"@type":"ListItem","position":2,"name":"Mesa de emergencia: \u00abDecidimos seguir con el acampe hasta que den soluciones a los dos \u00faltimos casos\u00bb"}]},{"@type":"WebSite","@id":"https:\/\/experienciadevida.com.ar\/portalurbano\/#website","url":"https:\/\/experienciadevida.com.ar\/portalurbano\/","name":"","description":"","publisher":{"@id":"https:\/\/experienciadevida.com.ar\/portalurbano\/#organization"},"potentialAction":[{"@type":"SearchAction","target":{"@type":"EntryPoint","urlTemplate":"https:\/\/experienciadevida.com.ar\/portalurbano\/?s={search_term_string}"},"query-input":"required name=search_term_string"}],"inLanguage":"es"},{"@type":"Organization","@id":"https:\/\/experienciadevida.com.ar\/portalurbano\/#organization","name":"Portal Urbano","url":"https:\/\/experienciadevida.com.ar\/portalurbano\/","logo":{"@type":"ImageObject","inLanguage":"es","@id":"https:\/\/experienciadevida.com.ar\/portalurbano\/#\/schema\/logo\/image\/","url":"https:\/\/experienciadevida.com.ar\/portalurbano\/wp-content\/uploads\/2019\/09\/Logo-Original.png","contentUrl":"https:\/\/experienciadevida.com.ar\/portalurbano\/wp-content\/uploads\/2019\/09\/Logo-Original.png","width":2236,"height":1216,"caption":"Portal Urbano"},"image":{"@id":"https:\/\/experienciadevida.com.ar\/portalurbano\/#\/schema\/logo\/image\/"},"sameAs":["https:\/\/www.facebook.com\/Portal-Urbano-171542830093757\/","https:\/\/twitter.com\/portalurbanook","https:\/\/www.instagram.com\/_portalurbano\/","https:\/\/www.youtube.com\/channel\/UCXhagIfszH8KxFiOok79zbA?view_as=subscriber"]},{"@type":"Person","@id":"https:\/\/experienciadevida.com.ar\/portalurbano\/#\/schema\/person\/02dd326b1c4b056e9cc972486934a3a7","name":"admpu17wp","image":{"@type":"ImageObject","inLanguage":"es","@id":"https:\/\/experienciadevida.com.ar\/portalurbano\/#\/schema\/person\/image\/","url":"https:\/\/secure.gravatar.com\/avatar\/830d4c57adaae6630765e449a6908047?s=96&d=mm&r=g","contentUrl":"https:\/\/secure.gravatar.com\/avatar\/830d4c57adaae6630765e449a6908047?s=96&d=mm&r=g","caption":"admpu17wp"}}]}},"featured_image_urls":{"full":["https:\/\/experienciadevida.com.ar\/portalurbano\/wp-content\/uploads\/2020\/11\/Acampe.jpg",1280,960,false],"thumbnail":["https:\/\/experienciadevida.com.ar\/portalurbano\/wp-content\/uploads\/2020\/11\/Acampe-150x150.jpg",150,150,true],"medium":["https:\/\/experienciadevida.com.ar\/portalurbano\/wp-content\/uploads\/2020\/11\/Acampe-300x225.jpg",300,225,true],"medium_large":["https:\/\/experienciadevida.com.ar\/portalurbano\/wp-content\/uploads\/2020\/11\/Acampe-768x576.jpg",640,480,true],"large":["https:\/\/experienciadevida.com.ar\/portalurbano\/wp-content\/uploads\/2020\/11\/Acampe-1024x768.jpg",640,480,true],"ug_big":["https:\/\/experienciadevida.com.ar\/portalurbano\/wp-content\/uploads\/2020\/11\/Acampe-768x576.jpg",768,576,true],"1536x1536":["https:\/\/experienciadevida.com.ar\/portalurbano\/wp-content\/uploads\/2020\/11\/Acampe.jpg",1280,960,false],"2048x2048":["https:\/\/experienciadevida.com.ar\/portalurbano\/wp-content\/uploads\/2020\/11\/Acampe.jpg",1280,960,false],"newsever-slider-full":["https:\/\/experienciadevida.com.ar\/portalurbano\/wp-content\/uploads\/2020\/11\/Acampe.jpg",1127,845,false],"newsever-featured":["https:\/\/experienciadevida.com.ar\/portalurbano\/wp-content\/uploads\/2020\/11\/Acampe.jpg",1024,768,false],"newsever-medium":["https:\/\/experienciadevida.com.ar\/portalurbano\/wp-content\/uploads\/2020\/11\/Acampe.jpg",633,475,false],"web-stories-poster-portrait":["https:\/\/experienciadevida.com.ar\/portalurbano\/wp-content\/uploads\/2020\/11\/Acampe.jpg",640,480,false],"web-stories-publisher-logo":["https:\/\/experienciadevida.com.ar\/portalurbano\/wp-content\/uploads\/2020\/11\/Acampe.jpg",96,72,false],"web-stories-thumbnail":["https:\/\/experienciadevida.com.ar\/portalurbano\/wp-content\/uploads\/2020\/11\/Acampe.jpg",150,113,false]},"author_info":{"display_name":"admpu17wp","author_link":"https:\/\/experienciadevida.com.ar\/portalurbano\/author\/admpu17wp\/"},"category_info":"<a href=\"https:\/\/experienciadevida.com.ar\/portalurbano\/category\/ciudad\/\" rel=\"category tag\">Ciudad<\/a> <a href=\"https:\/\/experienciadevida.com.ar\/portalurbano\/category\/destacadas\/\" rel=\"category tag\">Destacadas<\/a>","tag_info":"Destacadas","comment_count":"0","amp_enabled":true,"_links":{"self":[{"href":"https:\/\/experienciadevida.com.ar\/portalurbano\/wp-json\/wp\/v2\/posts\/126188"}],"collection":[{"href":"https:\/\/experienciadevida.com.ar\/portalurbano\/wp-json\/wp\/v2\/posts"}],"about":[{"href":"https:\/\/experienciadevida.com.ar\/portalurbano\/wp-json\/wp\/v2\/types\/post"}],"author":[{"embeddable":true,"href":"https:\/\/experienciadevida.com.ar\/portalurbano\/wp-json\/wp\/v2\/users\/1"}],"replies":[{"embeddable":true,"href":"https:\/\/experienciadevida.com.ar\/portalurbano\/wp-json\/wp\/v2\/comments?post=126188"}],"version-history":[{"count":4,"href":"https:\/\/experienciadevida.com.ar\/portalurbano\/wp-json\/wp\/v2\/posts\/126188\/revisions"}],"predecessor-version":[{"id":126192,"href":"https:\/\/experienciadevida.com.ar\/portalurbano\/wp-json\/wp\/v2\/posts\/126188\/revisions\/126192"}],"wp:featuredmedia":[{"embeddable":true,"href":"https:\/\/experienciadevida.com.ar\/portalurbano\/wp-json\/wp\/v2\/media\/126190"}],"wp:attachment":[{"href":"https:\/\/experienciadevida.com.ar\/portalurbano\/wp-json\/wp\/v2\/media?parent=126188"}],"wp:term":[{"taxonomy":"category","embeddable":true,"href":"https:\/\/experienciadevida.com.ar\/portalurbano\/wp-json\/wp\/v2\/categories?post=126188"},{"taxonomy":"post_tag","embeddable":true,"href":"https:\/\/experienciadevida.com.ar\/portalurbano\/wp-json\/wp\/v2\/tags?post=126188"}],"curies":[{"name":"wp","href":"https:\/\/api.w.org\/{rel}","templated":true}]}}