{"id":126106,"date":"2020-11-02T14:15:36","date_gmt":"2020-11-02T17:15:36","guid":{"rendered":"https:\/\/experienciadevida.com.ar\/portalurbano\/?p=126106"},"modified":"2020-11-02T15:40:02","modified_gmt":"2020-11-02T18:40:02","slug":"cronograma-semanal-de-la-campana-de-vacunacion-antirrabica-2020","status":"publish","type":"post","link":"https:\/\/experienciadevida.com.ar\/portalurbano\/cronograma-semanal-de-la-campana-de-vacunacion-antirrabica-2020\/","title":{"rendered":"Cronograma semanal de la Campa\u00f1a de Vacunaci\u00f3n Antirr\u00e1bica 2020"},"content":{"rendered":"<p>Comenz\u00f3 noviembre, y con \u00e9l contin\u00faa la Campa\u00f1a de Vacunaci\u00f3n Antirr\u00e1bica 2020, a cargo de personal de la Direcci\u00f3n de Bromatolog\u00eda de la Municipalidad de Olavarr\u00eda. Como en cada a\u00f1o, el <strong>cronograma semanal de la campa\u00f1a<\/strong>\u00a0 incluye una recorrida por los diferentes puntos de la ciudad, en las plazas y espacios de los barrios, durante los meses de octubre, noviembre y diciembre.<\/p>\n<p>La corriente semana comprende el siguiente calendario:<\/p>\n<p>Lunes 2: Pueblo Nuevo \u2013 Plaza L\u00f3pez Camelo (San Mart\u00edn y Maip\u00fa). De 9 a 12:30 horas.<br \/>\nMartes 3: CECO II \u2013 Plaza (Av. Trabajadores y Saavedra). De 9 a 12:30 horas.<br \/>\nMi\u00e9rcoles 4: Barrio Belgrano \u2013 Plaza Juana Azurduy (Av. Pueyrred\u00f3n y C. Mu\u00f1oz). De 9 a 12:30 horas.<br \/>\nViernes 6: Villa Magdalena \u2013 NIDO\/Caps N\u00b016 (C\u00f3rdoba y Necochea). De 9 a 12:30 horas.<br \/>\nS\u00e1bado 7: Barrio CECO I (Avenida Per\u00f3n y Santa Cruz). De 9:30 a 13:00 horas.<br \/>\nCabe recordar que la fecha de todos los puestos de vacunaci\u00f3n est\u00e1 condicionada por las condiciones clim\u00e1ticas y modificaciones de feriados o asuetos, pudiendo ser suspendidas el mismo d\u00eda en caso de no poder hacerlo con anticipaci\u00f3n. En estos casos se comunicar\u00e1 lo antes posible la nueva fecha establecida.<\/p>\n<p>La vacuna antirr\u00e1bica es anual y obligatoria. En esta campa\u00f1aCr municipal la inmunizaci\u00f3n es gratuita y no requiere turno, s\u00f3lo se solicita que las mascotas sean trasladadas por un adulto, con collar, correa y bozal de ser necesario. Asimismo en este a\u00f1o, debido a la situaci\u00f3n epidemiol\u00f3gica actual, se solicita adem\u00e1s que las personas que concurran a los puestos de vacunaci\u00f3n lo hagan con barbijo o tapabocas, alcohol en gel o pulverizador para las manos y que se respete la distancia social.<\/p>\n<p>La rabia es una enfermedad viral que afecta el sistema nervioso central de los seres humanos y otros mam\u00edferos. Las personas pueden contraerla a trav\u00e9s de la mordedura de un animal rabioso, ya que el virus se encuentra en la saliva y en las secreciones. La enfermedad tambi\u00e9n se puede contraer por el contacto de la piel lastimada con la saliva de un animal infectado. Es importante tener presente que cualquier mam\u00edfero puede tener rabia y transmitirla a los seres humanos.<\/p>\n<p>Por ello, la vacunaci\u00f3n de los animales y la tenencia responsable de mascotas es un punto clave para la prevenci\u00f3n de la enfermedad, y la gesti\u00f3n municipal asume el compromiso de garantizar la salud p\u00fablica mediante acciones concretas.<\/p>\n","protected":false},"excerpt":{"rendered":"<p>Comenz\u00f3 noviembre, y con \u00e9l contin\u00faa la Campa\u00f1a de Vacunaci\u00f3n Antirr\u00e1bica 2020, a cargo de&#8230;<\/p>\n","protected":false},"author":1,"featured_media":126107,"comment_status":"closed","ping_status":"closed","sticky":false,"template":"","format":"standard","meta":{"content-type":""},"categories":[27,51],"tags":[],"nelio_content":{"isAutoShareEnabled":false,"autoShareEndMode":"default","automationSources":{"useContentSentences":true,"useSocialTemplates":true,"useCustomSentences":false,"customSentences":[]},"followers":[1],"suggestedReferences":[],"includedReferences":[],"efiUrl":"","efiAlt":"","highlights":[]},"yoast_head":"<!-- This site is optimized with the Yoast SEO plugin v20.7 - https:\/\/yoast.com\/wordpress\/plugins\/seo\/ -->\n<title>Cronograma semanal de la campa\u00f1a de vacunaci\u00f3n antirr\u00e1bica 2020<\/title>\n<meta name=\"description\" content=\"Como en cada a\u00f1o el cronograma semanal de la campa\u00f1a de vacunaci\u00f3n antirr\u00e1bica 2020, que incluye una recorrida por diferentes barrios.\" \/>\n<meta name=\"robots\" content=\"index, follow, max-snippet:-1, max-image-preview:large, max-video-preview:-1\" \/>\n<link rel=\"canonical\" href=\"https:\/\/experienciadevida.com.ar\/portalurbano\/cronograma-semanal-de-la-campana-de-vacunacion-antirrabica-2020\/\" \/>\n<meta property=\"og:locale\" content=\"es_ES\" \/>\n<meta property=\"og:type\" content=\"article\" \/>\n<meta property=\"og:title\" content=\"Cronograma semanal de la campa\u00f1a de vacunaci\u00f3n antirr\u00e1bica 2020\" \/>\n<meta property=\"og:description\" content=\"Como en cada a\u00f1o el cronograma semanal de la campa\u00f1a de vacunaci\u00f3n antirr\u00e1bica 2020, que incluye una recorrida por diferentes barrios.\" \/>\n<meta property=\"og:url\" content=\"https:\/\/experienciadevida.com.ar\/portalurbano\/cronograma-semanal-de-la-campana-de-vacunacion-antirrabica-2020\/\" \/>\n<meta property=\"article:publisher\" content=\"https:\/\/www.facebook.com\/Portal-Urbano-171542830093757\/\" \/>\n<meta property=\"article:published_time\" content=\"2020-11-02T17:15:36+00:00\" \/>\n<meta property=\"article:modified_time\" content=\"2020-11-02T18:40:02+00:00\" \/>\n<meta property=\"og:image\" content=\"https:\/\/experienciadevida.com.ar\/portalurbano\/wp-content\/uploads\/2020\/11\/Cronograma-semanal-de-la-campana.jpg\" \/>\n\t<meta property=\"og:image:width\" content=\"1024\" \/>\n\t<meta property=\"og:image:height\" content=\"682\" \/>\n\t<meta property=\"og:image:type\" content=\"image\/jpeg\" \/>\n<meta name=\"author\" content=\"admpu17wp\" \/>\n<meta name=\"twitter:card\" content=\"summary_large_image\" \/>\n<meta name=\"twitter:creator\" content=\"@portalurbanook\" \/>\n<meta name=\"twitter:site\" content=\"@portalurbanook\" \/>\n<meta name=\"twitter:label1\" content=\"Escrito por\" \/>\n\t<meta name=\"twitter:data1\" content=\"admpu17wp\" \/>\n\t<meta name=\"twitter:label2\" content=\"Tiempo de lectura\" \/>\n\t<meta name=\"twitter:data2\" content=\"2 minutos\" \/>\n<script type=\"application\/ld+json\" class=\"yoast-schema-graph\">{\"@context\":\"https:\/\/schema.org\",\"@graph\":[{\"@type\":\"Article\",\"@id\":\"https:\/\/experienciadevida.com.ar\/portalurbano\/cronograma-semanal-de-la-campana-de-vacunacion-antirrabica-2020\/#article\",\"isPartOf\":{\"@id\":\"https:\/\/experienciadevida.com.ar\/portalurbano\/cronograma-semanal-de-la-campana-de-vacunacion-antirrabica-2020\/\"},\"author\":{\"name\":\"admpu17wp\",\"@id\":\"https:\/\/experienciadevida.com.ar\/portalurbano\/#\/schema\/person\/02dd326b1c4b056e9cc972486934a3a7\"},\"headline\":\"Cronograma semanal de la Campa\u00f1a de Vacunaci\u00f3n Antirr\u00e1bica 2020\",\"datePublished\":\"2020-11-02T17:15:36+00:00\",\"dateModified\":\"2020-11-02T18:40:02+00:00\",\"mainEntityOfPage\":{\"@id\":\"https:\/\/experienciadevida.com.ar\/portalurbano\/cronograma-semanal-de-la-campana-de-vacunacion-antirrabica-2020\/\"},\"wordCount\":429,\"publisher\":{\"@id\":\"https:\/\/experienciadevida.com.ar\/portalurbano\/#organization\"},\"articleSection\":[\"Ciudad\",\"Destacadas\"],\"inLanguage\":\"es\"},{\"@type\":\"WebPage\",\"@id\":\"https:\/\/experienciadevida.com.ar\/portalurbano\/cronograma-semanal-de-la-campana-de-vacunacion-antirrabica-2020\/\",\"url\":\"https:\/\/experienciadevida.com.ar\/portalurbano\/cronograma-semanal-de-la-campana-de-vacunacion-antirrabica-2020\/\",\"name\":\"Cronograma semanal de la campa\u00f1a de vacunaci\u00f3n antirr\u00e1bica 2020\",\"isPartOf\":{\"@id\":\"https:\/\/experienciadevida.com.ar\/portalurbano\/#website\"},\"datePublished\":\"2020-11-02T17:15:36+00:00\",\"dateModified\":\"2020-11-02T18:40:02+00:00\",\"description\":\"Como en cada a\u00f1o el cronograma semanal de la campa\u00f1a de vacunaci\u00f3n antirr\u00e1bica 2020, que incluye una recorrida por diferentes barrios.\",\"breadcrumb\":{\"@id\":\"https:\/\/experienciadevida.com.ar\/portalurbano\/cronograma-semanal-de-la-campana-de-vacunacion-antirrabica-2020\/#breadcrumb\"},\"inLanguage\":\"es\",\"potentialAction\":[{\"@type\":\"ReadAction\",\"target\":[\"https:\/\/experienciadevida.com.ar\/portalurbano\/cronograma-semanal-de-la-campana-de-vacunacion-antirrabica-2020\/\"]}]},{\"@type\":\"BreadcrumbList\",\"@id\":\"https:\/\/experienciadevida.com.ar\/portalurbano\/cronograma-semanal-de-la-campana-de-vacunacion-antirrabica-2020\/#breadcrumb\",\"itemListElement\":[{\"@type\":\"ListItem\",\"position\":1,\"name\":\"Portada\",\"item\":\"https:\/\/experienciadevida.com.ar\/portalurbano\/\"},{\"@type\":\"ListItem\",\"position\":2,\"name\":\"Cronograma semanal de la Campa\u00f1a de Vacunaci\u00f3n Antirr\u00e1bica 2020\"}]},{\"@type\":\"WebSite\",\"@id\":\"https:\/\/experienciadevida.com.ar\/portalurbano\/#website\",\"url\":\"https:\/\/experienciadevida.com.ar\/portalurbano\/\",\"name\":\"\",\"description\":\"\",\"publisher\":{\"@id\":\"https:\/\/experienciadevida.com.ar\/portalurbano\/#organization\"},\"potentialAction\":[{\"@type\":\"SearchAction\",\"target\":{\"@type\":\"EntryPoint\",\"urlTemplate\":\"https:\/\/experienciadevida.com.ar\/portalurbano\/?s={search_term_string}\"},\"query-input\":\"required name=search_term_string\"}],\"inLanguage\":\"es\"},{\"@type\":\"Organization\",\"@id\":\"https:\/\/experienciadevida.com.ar\/portalurbano\/#organization\",\"name\":\"Portal Urbano\",\"url\":\"https:\/\/experienciadevida.com.ar\/portalurbano\/\",\"logo\":{\"@type\":\"ImageObject\",\"inLanguage\":\"es\",\"@id\":\"https:\/\/experienciadevida.com.ar\/portalurbano\/#\/schema\/logo\/image\/\",\"url\":\"https:\/\/experienciadevida.com.ar\/portalurbano\/wp-content\/uploads\/2019\/09\/Logo-Original.png\",\"contentUrl\":\"https:\/\/experienciadevida.com.ar\/portalurbano\/wp-content\/uploads\/2019\/09\/Logo-Original.png\",\"width\":2236,\"height\":1216,\"caption\":\"Portal Urbano\"},\"image\":{\"@id\":\"https:\/\/experienciadevida.com.ar\/portalurbano\/#\/schema\/logo\/image\/\"},\"sameAs\":[\"https:\/\/www.facebook.com\/Portal-Urbano-171542830093757\/\",\"https:\/\/twitter.com\/portalurbanook\",\"https:\/\/www.instagram.com\/_portalurbano\/\",\"https:\/\/www.youtube.com\/channel\/UCXhagIfszH8KxFiOok79zbA?view_as=subscriber\"]},{\"@type\":\"Person\",\"@id\":\"https:\/\/experienciadevida.com.ar\/portalurbano\/#\/schema\/person\/02dd326b1c4b056e9cc972486934a3a7\",\"name\":\"admpu17wp\",\"image\":{\"@type\":\"ImageObject\",\"inLanguage\":\"es\",\"@id\":\"https:\/\/experienciadevida.com.ar\/portalurbano\/#\/schema\/person\/image\/\",\"url\":\"https:\/\/secure.gravatar.com\/avatar\/830d4c57adaae6630765e449a6908047?s=96&d=mm&r=g\",\"contentUrl\":\"https:\/\/secure.gravatar.com\/avatar\/830d4c57adaae6630765e449a6908047?s=96&d=mm&r=g\",\"caption\":\"admpu17wp\"}}]}<\/script>\n<!-- \/ Yoast SEO plugin. -->","yoast_head_json":{"title":"Cronograma semanal de la campa\u00f1a de vacunaci\u00f3n antirr\u00e1bica 2020","description":"Como en cada a\u00f1o el cronograma semanal de la campa\u00f1a de vacunaci\u00f3n antirr\u00e1bica 2020, que incluye una recorrida por diferentes barrios.","robots":{"index":"index","follow":"follow","max-snippet":"max-snippet:-1","max-image-preview":"max-image-preview:large","max-video-preview":"max-video-preview:-1"},"canonical":"https:\/\/experienciadevida.com.ar\/portalurbano\/cronograma-semanal-de-la-campana-de-vacunacion-antirrabica-2020\/","og_locale":"es_ES","og_type":"article","og_title":"Cronograma semanal de la campa\u00f1a de vacunaci\u00f3n antirr\u00e1bica 2020","og_description":"Como en cada a\u00f1o el cronograma semanal de la campa\u00f1a de vacunaci\u00f3n antirr\u00e1bica 2020, que incluye una recorrida por diferentes barrios.","og_url":"https:\/\/experienciadevida.com.ar\/portalurbano\/cronograma-semanal-de-la-campana-de-vacunacion-antirrabica-2020\/","article_publisher":"https:\/\/www.facebook.com\/Portal-Urbano-171542830093757\/","article_published_time":"2020-11-02T17:15:36+00:00","article_modified_time":"2020-11-02T18:40:02+00:00","og_image":[{"width":1024,"height":682,"url":"https:\/\/experienciadevida.com.ar\/portalurbano\/wp-content\/uploads\/2020\/11\/Cronograma-semanal-de-la-campana.jpg","type":"image\/jpeg"}],"author":"admpu17wp","twitter_card":"summary_large_image","twitter_creator":"@portalurbanook","twitter_site":"@portalurbanook","twitter_misc":{"Escrito por":"admpu17wp","Tiempo de lectura":"2 minutos"},"schema":{"@context":"https:\/\/schema.org","@graph":[{"@type":"Article","@id":"https:\/\/experienciadevida.com.ar\/portalurbano\/cronograma-semanal-de-la-campana-de-vacunacion-antirrabica-2020\/#article","isPartOf":{"@id":"https:\/\/experienciadevida.com.ar\/portalurbano\/cronograma-semanal-de-la-campana-de-vacunacion-antirrabica-2020\/"},"author":{"name":"admpu17wp","@id":"https:\/\/experienciadevida.com.ar\/portalurbano\/#\/schema\/person\/02dd326b1c4b056e9cc972486934a3a7"},"headline":"Cronograma semanal de la Campa\u00f1a de Vacunaci\u00f3n Antirr\u00e1bica 2020","datePublished":"2020-11-02T17:15:36+00:00","dateModified":"2020-11-02T18:40:02+00:00","mainEntityOfPage":{"@id":"https:\/\/experienciadevida.com.ar\/portalurbano\/cronograma-semanal-de-la-campana-de-vacunacion-antirrabica-2020\/"},"wordCount":429,"publisher":{"@id":"https:\/\/experienciadevida.com.ar\/portalurbano\/#organization"},"articleSection":["Ciudad","Destacadas"],"inLanguage":"es"},{"@type":"WebPage","@id":"https:\/\/experienciadevida.com.ar\/portalurbano\/cronograma-semanal-de-la-campana-de-vacunacion-antirrabica-2020\/","url":"https:\/\/experienciadevida.com.ar\/portalurbano\/cronograma-semanal-de-la-campana-de-vacunacion-antirrabica-2020\/","name":"Cronograma semanal de la campa\u00f1a de vacunaci\u00f3n antirr\u00e1bica 2020","isPartOf":{"@id":"https:\/\/experienciadevida.com.ar\/portalurbano\/#website"},"datePublished":"2020-11-02T17:15:36+00:00","dateModified":"2020-11-02T18:40:02+00:00","description":"Como en cada a\u00f1o el cronograma semanal de la campa\u00f1a de vacunaci\u00f3n antirr\u00e1bica 2020, que incluye una recorrida por diferentes barrios.","breadcrumb":{"@id":"https:\/\/experienciadevida.com.ar\/portalurbano\/cronograma-semanal-de-la-campana-de-vacunacion-antirrabica-2020\/#breadcrumb"},"inLanguage":"es","potentialAction":[{"@type":"ReadAction","target":["https:\/\/experienciadevida.com.ar\/portalurbano\/cronograma-semanal-de-la-campana-de-vacunacion-antirrabica-2020\/"]}]},{"@type":"BreadcrumbList","@id":"https:\/\/experienciadevida.com.ar\/portalurbano\/cronograma-semanal-de-la-campana-de-vacunacion-antirrabica-2020\/#breadcrumb","itemListElement":[{"@type":"ListItem","position":1,"name":"Portada","item":"https:\/\/experienciadevida.com.ar\/portalurbano\/"},{"@type":"ListItem","position":2,"name":"Cronograma semanal de la Campa\u00f1a de Vacunaci\u00f3n Antirr\u00e1bica 2020"}]},{"@type":"WebSite","@id":"https:\/\/experienciadevida.com.ar\/portalurbano\/#website","url":"https:\/\/experienciadevida.com.ar\/portalurbano\/","name":"","description":"","publisher":{"@id":"https:\/\/experienciadevida.com.ar\/portalurbano\/#organization"},"potentialAction":[{"@type":"SearchAction","target":{"@type":"EntryPoint","urlTemplate":"https:\/\/experienciadevida.com.ar\/portalurbano\/?s={search_term_string}"},"query-input":"required name=search_term_string"}],"inLanguage":"es"},{"@type":"Organization","@id":"https:\/\/experienciadevida.com.ar\/portalurbano\/#organization","name":"Portal Urbano","url":"https:\/\/experienciadevida.com.ar\/portalurbano\/","logo":{"@type":"ImageObject","inLanguage":"es","@id":"https:\/\/experienciadevida.com.ar\/portalurbano\/#\/schema\/logo\/image\/","url":"https:\/\/experienciadevida.com.ar\/portalurbano\/wp-content\/uploads\/2019\/09\/Logo-Original.png","contentUrl":"https:\/\/experienciadevida.com.ar\/portalurbano\/wp-content\/uploads\/2019\/09\/Logo-Original.png","width":2236,"height":1216,"caption":"Portal Urbano"},"image":{"@id":"https:\/\/experienciadevida.com.ar\/portalurbano\/#\/schema\/logo\/image\/"},"sameAs":["https:\/\/www.facebook.com\/Portal-Urbano-171542830093757\/","https:\/\/twitter.com\/portalurbanook","https:\/\/www.instagram.com\/_portalurbano\/","https:\/\/www.youtube.com\/channel\/UCXhagIfszH8KxFiOok79zbA?view_as=subscriber"]},{"@type":"Person","@id":"https:\/\/experienciadevida.com.ar\/portalurbano\/#\/schema\/person\/02dd326b1c4b056e9cc972486934a3a7","name":"admpu17wp","image":{"@type":"ImageObject","inLanguage":"es","@id":"https:\/\/experienciadevida.com.ar\/portalurbano\/#\/schema\/person\/image\/","url":"https:\/\/secure.gravatar.com\/avatar\/830d4c57adaae6630765e449a6908047?s=96&d=mm&r=g","contentUrl":"https:\/\/secure.gravatar.com\/avatar\/830d4c57adaae6630765e449a6908047?s=96&d=mm&r=g","caption":"admpu17wp"}}]}},"featured_image_urls":{"full":["https:\/\/experienciadevida.com.ar\/portalurbano\/wp-content\/uploads\/2020\/11\/Cronograma-semanal-de-la-campana.jpg",1024,682,false],"thumbnail":["https:\/\/experienciadevida.com.ar\/portalurbano\/wp-content\/uploads\/2020\/11\/Cronograma-semanal-de-la-campana-150x150.jpg",150,150,true],"medium":["https:\/\/experienciadevida.com.ar\/portalurbano\/wp-content\/uploads\/2020\/11\/Cronograma-semanal-de-la-campana-300x200.jpg",300,200,true],"medium_large":["https:\/\/experienciadevida.com.ar\/portalurbano\/wp-content\/uploads\/2020\/11\/Cronograma-semanal-de-la-campana-768x512.jpg",640,427,true],"large":["https:\/\/experienciadevida.com.ar\/portalurbano\/wp-content\/uploads\/2020\/11\/Cronograma-semanal-de-la-campana.jpg",640,426,false],"ug_big":["https:\/\/experienciadevida.com.ar\/portalurbano\/wp-content\/uploads\/2020\/11\/Cronograma-semanal-de-la-campana-768x512.jpg",768,512,true],"1536x1536":["https:\/\/experienciadevida.com.ar\/portalurbano\/wp-content\/uploads\/2020\/11\/Cronograma-semanal-de-la-campana.jpg",1024,682,false],"2048x2048":["https:\/\/experienciadevida.com.ar\/portalurbano\/wp-content\/uploads\/2020\/11\/Cronograma-semanal-de-la-campana.jpg",1024,682,false],"newsever-slider-full":["https:\/\/experienciadevida.com.ar\/portalurbano\/wp-content\/uploads\/2020\/11\/Cronograma-semanal-de-la-campana.jpg",1024,682,false],"newsever-featured":["https:\/\/experienciadevida.com.ar\/portalurbano\/wp-content\/uploads\/2020\/11\/Cronograma-semanal-de-la-campana.jpg",1024,682,false],"newsever-medium":["https:\/\/experienciadevida.com.ar\/portalurbano\/wp-content\/uploads\/2020\/11\/Cronograma-semanal-de-la-campana.jpg",713,475,false],"web-stories-poster-portrait":["https:\/\/experienciadevida.com.ar\/portalurbano\/wp-content\/uploads\/2020\/11\/Cronograma-semanal-de-la-campana.jpg",640,426,false],"web-stories-publisher-logo":["https:\/\/experienciadevida.com.ar\/portalurbano\/wp-content\/uploads\/2020\/11\/Cronograma-semanal-de-la-campana.jpg",96,64,false],"web-stories-thumbnail":["https:\/\/experienciadevida.com.ar\/portalurbano\/wp-content\/uploads\/2020\/11\/Cronograma-semanal-de-la-campana.jpg",150,100,false]},"author_info":{"display_name":"admpu17wp","author_link":"https:\/\/experienciadevida.com.ar\/portalurbano\/author\/admpu17wp\/"},"category_info":"<a href=\"https:\/\/experienciadevida.com.ar\/portalurbano\/category\/ciudad\/\" rel=\"category tag\">Ciudad<\/a> <a href=\"https:\/\/experienciadevida.com.ar\/portalurbano\/category\/destacadas\/\" rel=\"category tag\">Destacadas<\/a>","tag_info":"Destacadas","comment_count":"0","amp_enabled":true,"_links":{"self":[{"href":"https:\/\/experienciadevida.com.ar\/portalurbano\/wp-json\/wp\/v2\/posts\/126106"}],"collection":[{"href":"https:\/\/experienciadevida.com.ar\/portalurbano\/wp-json\/wp\/v2\/posts"}],"about":[{"href":"https:\/\/experienciadevida.com.ar\/portalurbano\/wp-json\/wp\/v2\/types\/post"}],"author":[{"embeddable":true,"href":"https:\/\/experienciadevida.com.ar\/portalurbano\/wp-json\/wp\/v2\/users\/1"}],"replies":[{"embeddable":true,"href":"https:\/\/experienciadevida.com.ar\/portalurbano\/wp-json\/wp\/v2\/comments?post=126106"}],"version-history":[{"count":3,"href":"https:\/\/experienciadevida.com.ar\/portalurbano\/wp-json\/wp\/v2\/posts\/126106\/revisions"}],"predecessor-version":[{"id":126114,"href":"https:\/\/experienciadevida.com.ar\/portalurbano\/wp-json\/wp\/v2\/posts\/126106\/revisions\/126114"}],"wp:featuredmedia":[{"embeddable":true,"href":"https:\/\/experienciadevida.com.ar\/portalurbano\/wp-json\/wp\/v2\/media\/126107"}],"wp:attachment":[{"href":"https:\/\/experienciadevida.com.ar\/portalurbano\/wp-json\/wp\/v2\/media?parent=126106"}],"wp:term":[{"taxonomy":"category","embeddable":true,"href":"https:\/\/experienciadevida.com.ar\/portalurbano\/wp-json\/wp\/v2\/categories?post=126106"},{"taxonomy":"post_tag","embeddable":true,"href":"https:\/\/experienciadevida.com.ar\/portalurbano\/wp-json\/wp\/v2\/tags?post=126106"}],"curies":[{"name":"wp","href":"https:\/\/api.w.org\/{rel}","templated":true}]}}