{"id":125950,"date":"2020-10-31T12:48:45","date_gmt":"2020-10-31T15:48:45","guid":{"rendered":"https:\/\/experienciadevida.com.ar\/portalurbano\/?p=125950"},"modified":"2020-10-31T12:52:45","modified_gmt":"2020-10-31T15:52:45","slug":"vacunacion-antirrabica-mas-de-5000-vacunas-aplicadas-en-el-mes-de-octubre","status":"publish","type":"post","link":"https:\/\/experienciadevida.com.ar\/portalurbano\/vacunacion-antirrabica-mas-de-5000-vacunas-aplicadas-en-el-mes-de-octubre\/","title":{"rendered":"Vacunaci\u00f3n antirr\u00e1bica: M\u00e1s de 5000 vacunas aplicadas en el mes de octubre"},"content":{"rendered":"<p>En el mes de octubre comenz\u00f3 la campa\u00f1a anual de Vacunaci\u00f3n Antirr\u00e1bica, para caninos y felinos, llevada adelante por personal de la Direcci\u00f3n de Bromatolog\u00eda del Municipio y llevan m\u00e1s de 5.000\u00a0<strong>vacunas aplicadas\u00a0<\/strong>en el mes de octubre<\/p>\n<p>El titular del \u00e1rea, Andr\u00e9s Castro, en cuanto a las <strong>vacunas aplicadas <\/strong>indic\u00f3 que \u201cen 13 puestos de vacunaci\u00f3n, un 35% del total, se aplicaron 5241 vacunas antirr\u00e1bicas\u201d.<\/p>\n<p>En este sentido manifest\u00f3 que \u201cla campa\u00f1a continuar\u00e1 en el mes de noviembre, con 16 puestos de vacunaci\u00f3n en distintos puntos de la ciudad y localidades del Partido de Olavarr\u00eda, a los cuales los vecinos pueden concurrir con sus mascotas sin turno previo y la vacuna se aplica de manera gratuita\u201d.<\/p>\n<p>Se solicita a quienes concurran a los puestos de vacunaci\u00f3n, que lleven a sus mascotas con collar o pretal y correa y, en caso de ser necesario, con bozal. En el caso de los gatos se solicita los lleven en jaulas o bolsos de traslado para evitar incidentes indeseados y\/o el extrav\u00edo del animal. En ambos casos debe ir acompa\u00f1ado de un adulto responsable.<\/p>\n<p>Adicionalmente se recuerda que las personas deben concurrir si o si con tapabocas o barbijo y mantener el distanciamiento social.<\/p>\n<p>El cronograma de la campa\u00f1a\u00a0 continuar\u00e1 de la siguiente manera:<\/p>\n<p>NOVIEMBRE<\/p>\n<p>Lunes 2: Pueblo Nuevo \u2013 Plaza L\u00f3pez Camelo (San Mart\u00edn y Maip\u00fa). De 9 a 12:30 horas.<\/p>\n<p>Martes 3: CECO II \u2013 Plaza (Av. Trabajadores y Saavedra). De 9 a 12:30 horas.<\/p>\n<p>Mi\u00e9rcoles 4: Barrio Belgrano \u2013 Plaza Juana Azurduy (Av. Pueyrred\u00f3n y C. Mu\u00f1oz). De 9 a 12:30 horas.<\/p>\n<p>Viernes 6: Villa Magdalena \u2013 NIDO\/Caps N\u00b016 (C\u00f3rdoba y Necochea). De 9 a 12:30 horas.<\/p>\n<p>S\u00e1bado 7: Barrio CECO I (Avenida Per\u00f3n y Santa Cruz). De 9:30 a 13:00 horas.<\/p>\n<p>Martes 10: Villa Mail\u00edn 1 \u2013 Territorial N\u00b06 (Balcarce y Mendoza). De 9 a 12:30 horas.<\/p>\n<p>Mi\u00e9rcoles 11: Villa Mail\u00edn 2 \u2013 La Rioja y Las Heras. De 9 a 12:30 horas.<\/p>\n<p>Viernes 13: Villa Aurora \u2013 Sociedad de Fomento (Los Gladiolos y Bol\u00edvar). De 9 a 12:30 horas.<\/p>\n<p>Lunes 16: Cors\u00f3dromo \u2013 Estaci\u00f3n Provincial (Belgrano y Jun\u00edn). De 9 a 12:30 horas.<\/p>\n<p>Martes 17: Barrio Los Robles \u2013 Plaza Italia (Vicente L\u00f3pez y Esquivel). De 9 a 12:30 horas.<\/p>\n<p>Mi\u00e9rcoles 18: Barrio Nicol\u00e1s Avellaneda (Saavedra y calle 16). De 9:30 a 12:30 horas.<\/p>\n<p>Viernes 20: Colonia San Miguel \u2013 Plaza San Miguel (25 de Mayo y San Mart\u00edn). De 9:30 a 12:30 horas.<\/p>\n<p>S\u00e1bado 21: Barrio Luj\u00e1n \u2013 Plaza Luj\u00e1n (\u00c1lvaro Barros y Dean Funes). De 9:30 a 13:00 horas.<\/p>\n<p>Martes 24: Sierras Bayas \u2013 Plaza 17 de Octubre (Argentino Roca y Colombo). De 9:30 a 12:30 horas.<\/p>\n<p>Jueves 26: Sierras Bayas \u2013 Plaza de las Am\u00e9ricas (Perito Moreno y Guerrico). De 9:30 a 12:30 horas.<\/p>\n<p>Lunes 30: Barrio Bel\u00e9n \u2013 Jard\u00edn Bel\u00e9n (Av. Emiliozzi y 118). De 9 a 12:30 horas.<\/p>\n<p>DICIEMBRE<\/p>\n<p>Martes 1: Sierra Chica (Av. Legorburu y Av. Catriel). De 9:30 a 12:30 horas.<\/p>\n<p>Mi\u00e9rcoles 2: Hinojo \u2013 Plaza San Mart\u00edn (De Pierris y Basterrica). De 9:30 a 12:30 horas.<\/p>\n<p>Viernes 4: Colonia Hinojo \u2013 Plaza Sarmiento (Av. De los Fundadores y Scharce). De 9:30 a 12:30 horas.<\/p>\n<p>S\u00e1bado 5: Barrio Independencia \u2013 Caps N\u00b07 (Pueyrred\u00f3n y Ayacucho). De 9:30 a 13:00 horas.<\/p>\n<p>Jueves 10: Loma Negra 1 \u2013 Plazoleta Villa Vieja (Av. Luciano Fortabat y Alberdi). De 9:30 a 12:30 horas.<\/p>\n<p>Viernes 11: Loma Negra 2 \u2013 Plaza Libertad (Av. Libertad y Av. 25 de Mayo). De 9:30 a 12:30 horas.<\/p>\n<p>Martes 15: Barrio Tiro Federal (Necochea e Islas Malvinas). De 9 a 12:30 horas.<\/p>\n<p>Viernes 18: Parque Helios Eseverri (Av. Trabajadores y Alsina). De 9 a 12:30 horas.<\/p>\n","protected":false},"excerpt":{"rendered":"<p>En el mes de octubre comenz\u00f3 la campa\u00f1a anual de Vacunaci\u00f3n Antirr\u00e1bica, para caninos y&#8230;<\/p>\n","protected":false},"author":1,"featured_media":125951,"comment_status":"closed","ping_status":"closed","sticky":false,"template":"","format":"standard","meta":{"content-type":""},"categories":[27,51],"tags":[],"nelio_content":{"isAutoShareEnabled":false,"autoShareEndMode":"default","automationSources":{"useContentSentences":true,"useSocialTemplates":true,"useCustomSentences":false,"customSentences":[]},"followers":[1],"suggestedReferences":[],"includedReferences":[],"efiUrl":"","efiAlt":"","highlights":[]},"yoast_head":"<!-- This site is optimized with the Yoast SEO plugin v20.7 - https:\/\/yoast.com\/wordpress\/plugins\/seo\/ -->\n<title>Vacunaci\u00f3n antirr\u00e1bica: M\u00e1s de 5.000 vacunas aplicadas en octubre<\/title>\n<meta name=\"description\" content=\"M\u00e1s de 5.000 vacunas aplicadas en el mes de octubre. As\u00ed lo informaron desde Bromatolog\u00eda del Municipio de nuestra ciudad.\" \/>\n<meta name=\"robots\" content=\"index, follow, max-snippet:-1, max-image-preview:large, max-video-preview:-1\" \/>\n<link rel=\"canonical\" href=\"https:\/\/experienciadevida.com.ar\/portalurbano\/vacunacion-antirrabica-mas-de-5000-vacunas-aplicadas-en-el-mes-de-octubre\/\" \/>\n<meta property=\"og:locale\" content=\"es_ES\" \/>\n<meta property=\"og:type\" content=\"article\" \/>\n<meta property=\"og:title\" content=\"Vacunaci\u00f3n antirr\u00e1bica: M\u00e1s de 5.000 vacunas aplicadas en octubre\" \/>\n<meta property=\"og:description\" content=\"M\u00e1s de 5.000 vacunas aplicadas en el mes de octubre. As\u00ed lo informaron desde Bromatolog\u00eda del Municipio de nuestra ciudad.\" \/>\n<meta property=\"og:url\" content=\"https:\/\/experienciadevida.com.ar\/portalurbano\/vacunacion-antirrabica-mas-de-5000-vacunas-aplicadas-en-el-mes-de-octubre\/\" \/>\n<meta property=\"article:publisher\" content=\"https:\/\/www.facebook.com\/Portal-Urbano-171542830093757\/\" \/>\n<meta property=\"article:published_time\" content=\"2020-10-31T15:48:45+00:00\" \/>\n<meta property=\"article:modified_time\" content=\"2020-10-31T15:52:45+00:00\" \/>\n<meta property=\"og:image\" content=\"https:\/\/experienciadevida.com.ar\/portalurbano\/wp-content\/uploads\/2020\/10\/Vacunas-aplicadas.jpg\" \/>\n\t<meta property=\"og:image:width\" content=\"640\" \/>\n\t<meta property=\"og:image:height\" content=\"427\" \/>\n\t<meta property=\"og:image:type\" content=\"image\/jpeg\" \/>\n<meta name=\"author\" content=\"admpu17wp\" \/>\n<meta name=\"twitter:card\" content=\"summary_large_image\" \/>\n<meta name=\"twitter:creator\" content=\"@portalurbanook\" \/>\n<meta name=\"twitter:site\" content=\"@portalurbanook\" \/>\n<meta name=\"twitter:label1\" content=\"Escrito por\" \/>\n\t<meta name=\"twitter:data1\" content=\"admpu17wp\" \/>\n\t<meta name=\"twitter:label2\" content=\"Tiempo de lectura\" \/>\n\t<meta name=\"twitter:data2\" content=\"3 minutos\" \/>\n<script type=\"application\/ld+json\" class=\"yoast-schema-graph\">{\"@context\":\"https:\/\/schema.org\",\"@graph\":[{\"@type\":\"Article\",\"@id\":\"https:\/\/experienciadevida.com.ar\/portalurbano\/vacunacion-antirrabica-mas-de-5000-vacunas-aplicadas-en-el-mes-de-octubre\/#article\",\"isPartOf\":{\"@id\":\"https:\/\/experienciadevida.com.ar\/portalurbano\/vacunacion-antirrabica-mas-de-5000-vacunas-aplicadas-en-el-mes-de-octubre\/\"},\"author\":{\"name\":\"admpu17wp\",\"@id\":\"https:\/\/experienciadevida.com.ar\/portalurbano\/#\/schema\/person\/02dd326b1c4b056e9cc972486934a3a7\"},\"headline\":\"Vacunaci\u00f3n antirr\u00e1bica: M\u00e1s de 5000 vacunas aplicadas en el mes de octubre\",\"datePublished\":\"2020-10-31T15:48:45+00:00\",\"dateModified\":\"2020-10-31T15:52:45+00:00\",\"mainEntityOfPage\":{\"@id\":\"https:\/\/experienciadevida.com.ar\/portalurbano\/vacunacion-antirrabica-mas-de-5000-vacunas-aplicadas-en-el-mes-de-octubre\/\"},\"wordCount\":564,\"publisher\":{\"@id\":\"https:\/\/experienciadevida.com.ar\/portalurbano\/#organization\"},\"articleSection\":[\"Ciudad\",\"Destacadas\"],\"inLanguage\":\"es\"},{\"@type\":\"WebPage\",\"@id\":\"https:\/\/experienciadevida.com.ar\/portalurbano\/vacunacion-antirrabica-mas-de-5000-vacunas-aplicadas-en-el-mes-de-octubre\/\",\"url\":\"https:\/\/experienciadevida.com.ar\/portalurbano\/vacunacion-antirrabica-mas-de-5000-vacunas-aplicadas-en-el-mes-de-octubre\/\",\"name\":\"Vacunaci\u00f3n antirr\u00e1bica: M\u00e1s de 5.000 vacunas aplicadas en octubre\",\"isPartOf\":{\"@id\":\"https:\/\/experienciadevida.com.ar\/portalurbano\/#website\"},\"datePublished\":\"2020-10-31T15:48:45+00:00\",\"dateModified\":\"2020-10-31T15:52:45+00:00\",\"description\":\"M\u00e1s de 5.000 vacunas aplicadas en el mes de octubre. As\u00ed lo informaron desde Bromatolog\u00eda del Municipio de nuestra ciudad.\",\"breadcrumb\":{\"@id\":\"https:\/\/experienciadevida.com.ar\/portalurbano\/vacunacion-antirrabica-mas-de-5000-vacunas-aplicadas-en-el-mes-de-octubre\/#breadcrumb\"},\"inLanguage\":\"es\",\"potentialAction\":[{\"@type\":\"ReadAction\",\"target\":[\"https:\/\/experienciadevida.com.ar\/portalurbano\/vacunacion-antirrabica-mas-de-5000-vacunas-aplicadas-en-el-mes-de-octubre\/\"]}]},{\"@type\":\"BreadcrumbList\",\"@id\":\"https:\/\/experienciadevida.com.ar\/portalurbano\/vacunacion-antirrabica-mas-de-5000-vacunas-aplicadas-en-el-mes-de-octubre\/#breadcrumb\",\"itemListElement\":[{\"@type\":\"ListItem\",\"position\":1,\"name\":\"Portada\",\"item\":\"https:\/\/experienciadevida.com.ar\/portalurbano\/\"},{\"@type\":\"ListItem\",\"position\":2,\"name\":\"Vacunaci\u00f3n antirr\u00e1bica: M\u00e1s de 5000 vacunas aplicadas en el mes de octubre\"}]},{\"@type\":\"WebSite\",\"@id\":\"https:\/\/experienciadevida.com.ar\/portalurbano\/#website\",\"url\":\"https:\/\/experienciadevida.com.ar\/portalurbano\/\",\"name\":\"\",\"description\":\"\",\"publisher\":{\"@id\":\"https:\/\/experienciadevida.com.ar\/portalurbano\/#organization\"},\"potentialAction\":[{\"@type\":\"SearchAction\",\"target\":{\"@type\":\"EntryPoint\",\"urlTemplate\":\"https:\/\/experienciadevida.com.ar\/portalurbano\/?s={search_term_string}\"},\"query-input\":\"required name=search_term_string\"}],\"inLanguage\":\"es\"},{\"@type\":\"Organization\",\"@id\":\"https:\/\/experienciadevida.com.ar\/portalurbano\/#organization\",\"name\":\"Portal Urbano\",\"url\":\"https:\/\/experienciadevida.com.ar\/portalurbano\/\",\"logo\":{\"@type\":\"ImageObject\",\"inLanguage\":\"es\",\"@id\":\"https:\/\/experienciadevida.com.ar\/portalurbano\/#\/schema\/logo\/image\/\",\"url\":\"https:\/\/experienciadevida.com.ar\/portalurbano\/wp-content\/uploads\/2019\/09\/Logo-Original.png\",\"contentUrl\":\"https:\/\/experienciadevida.com.ar\/portalurbano\/wp-content\/uploads\/2019\/09\/Logo-Original.png\",\"width\":2236,\"height\":1216,\"caption\":\"Portal Urbano\"},\"image\":{\"@id\":\"https:\/\/experienciadevida.com.ar\/portalurbano\/#\/schema\/logo\/image\/\"},\"sameAs\":[\"https:\/\/www.facebook.com\/Portal-Urbano-171542830093757\/\",\"https:\/\/twitter.com\/portalurbanook\",\"https:\/\/www.instagram.com\/_portalurbano\/\",\"https:\/\/www.youtube.com\/channel\/UCXhagIfszH8KxFiOok79zbA?view_as=subscriber\"]},{\"@type\":\"Person\",\"@id\":\"https:\/\/experienciadevida.com.ar\/portalurbano\/#\/schema\/person\/02dd326b1c4b056e9cc972486934a3a7\",\"name\":\"admpu17wp\",\"image\":{\"@type\":\"ImageObject\",\"inLanguage\":\"es\",\"@id\":\"https:\/\/experienciadevida.com.ar\/portalurbano\/#\/schema\/person\/image\/\",\"url\":\"https:\/\/secure.gravatar.com\/avatar\/830d4c57adaae6630765e449a6908047?s=96&d=mm&r=g\",\"contentUrl\":\"https:\/\/secure.gravatar.com\/avatar\/830d4c57adaae6630765e449a6908047?s=96&d=mm&r=g\",\"caption\":\"admpu17wp\"}}]}<\/script>\n<!-- \/ Yoast SEO plugin. -->","yoast_head_json":{"title":"Vacunaci\u00f3n antirr\u00e1bica: M\u00e1s de 5.000 vacunas aplicadas en octubre","description":"M\u00e1s de 5.000 vacunas aplicadas en el mes de octubre. As\u00ed lo informaron desde Bromatolog\u00eda del Municipio de nuestra ciudad.","robots":{"index":"index","follow":"follow","max-snippet":"max-snippet:-1","max-image-preview":"max-image-preview:large","max-video-preview":"max-video-preview:-1"},"canonical":"https:\/\/experienciadevida.com.ar\/portalurbano\/vacunacion-antirrabica-mas-de-5000-vacunas-aplicadas-en-el-mes-de-octubre\/","og_locale":"es_ES","og_type":"article","og_title":"Vacunaci\u00f3n antirr\u00e1bica: M\u00e1s de 5.000 vacunas aplicadas en octubre","og_description":"M\u00e1s de 5.000 vacunas aplicadas en el mes de octubre. As\u00ed lo informaron desde Bromatolog\u00eda del Municipio de nuestra ciudad.","og_url":"https:\/\/experienciadevida.com.ar\/portalurbano\/vacunacion-antirrabica-mas-de-5000-vacunas-aplicadas-en-el-mes-de-octubre\/","article_publisher":"https:\/\/www.facebook.com\/Portal-Urbano-171542830093757\/","article_published_time":"2020-10-31T15:48:45+00:00","article_modified_time":"2020-10-31T15:52:45+00:00","og_image":[{"width":640,"height":427,"url":"https:\/\/experienciadevida.com.ar\/portalurbano\/wp-content\/uploads\/2020\/10\/Vacunas-aplicadas.jpg","type":"image\/jpeg"}],"author":"admpu17wp","twitter_card":"summary_large_image","twitter_creator":"@portalurbanook","twitter_site":"@portalurbanook","twitter_misc":{"Escrito por":"admpu17wp","Tiempo de lectura":"3 minutos"},"schema":{"@context":"https:\/\/schema.org","@graph":[{"@type":"Article","@id":"https:\/\/experienciadevida.com.ar\/portalurbano\/vacunacion-antirrabica-mas-de-5000-vacunas-aplicadas-en-el-mes-de-octubre\/#article","isPartOf":{"@id":"https:\/\/experienciadevida.com.ar\/portalurbano\/vacunacion-antirrabica-mas-de-5000-vacunas-aplicadas-en-el-mes-de-octubre\/"},"author":{"name":"admpu17wp","@id":"https:\/\/experienciadevida.com.ar\/portalurbano\/#\/schema\/person\/02dd326b1c4b056e9cc972486934a3a7"},"headline":"Vacunaci\u00f3n antirr\u00e1bica: M\u00e1s de 5000 vacunas aplicadas en el mes de octubre","datePublished":"2020-10-31T15:48:45+00:00","dateModified":"2020-10-31T15:52:45+00:00","mainEntityOfPage":{"@id":"https:\/\/experienciadevida.com.ar\/portalurbano\/vacunacion-antirrabica-mas-de-5000-vacunas-aplicadas-en-el-mes-de-octubre\/"},"wordCount":564,"publisher":{"@id":"https:\/\/experienciadevida.com.ar\/portalurbano\/#organization"},"articleSection":["Ciudad","Destacadas"],"inLanguage":"es"},{"@type":"WebPage","@id":"https:\/\/experienciadevida.com.ar\/portalurbano\/vacunacion-antirrabica-mas-de-5000-vacunas-aplicadas-en-el-mes-de-octubre\/","url":"https:\/\/experienciadevida.com.ar\/portalurbano\/vacunacion-antirrabica-mas-de-5000-vacunas-aplicadas-en-el-mes-de-octubre\/","name":"Vacunaci\u00f3n antirr\u00e1bica: M\u00e1s de 5.000 vacunas aplicadas en octubre","isPartOf":{"@id":"https:\/\/experienciadevida.com.ar\/portalurbano\/#website"},"datePublished":"2020-10-31T15:48:45+00:00","dateModified":"2020-10-31T15:52:45+00:00","description":"M\u00e1s de 5.000 vacunas aplicadas en el mes de octubre. As\u00ed lo informaron desde Bromatolog\u00eda del Municipio de nuestra ciudad.","breadcrumb":{"@id":"https:\/\/experienciadevida.com.ar\/portalurbano\/vacunacion-antirrabica-mas-de-5000-vacunas-aplicadas-en-el-mes-de-octubre\/#breadcrumb"},"inLanguage":"es","potentialAction":[{"@type":"ReadAction","target":["https:\/\/experienciadevida.com.ar\/portalurbano\/vacunacion-antirrabica-mas-de-5000-vacunas-aplicadas-en-el-mes-de-octubre\/"]}]},{"@type":"BreadcrumbList","@id":"https:\/\/experienciadevida.com.ar\/portalurbano\/vacunacion-antirrabica-mas-de-5000-vacunas-aplicadas-en-el-mes-de-octubre\/#breadcrumb","itemListElement":[{"@type":"ListItem","position":1,"name":"Portada","item":"https:\/\/experienciadevida.com.ar\/portalurbano\/"},{"@type":"ListItem","position":2,"name":"Vacunaci\u00f3n antirr\u00e1bica: M\u00e1s de 5000 vacunas aplicadas en el mes de octubre"}]},{"@type":"WebSite","@id":"https:\/\/experienciadevida.com.ar\/portalurbano\/#website","url":"https:\/\/experienciadevida.com.ar\/portalurbano\/","name":"","description":"","publisher":{"@id":"https:\/\/experienciadevida.com.ar\/portalurbano\/#organization"},"potentialAction":[{"@type":"SearchAction","target":{"@type":"EntryPoint","urlTemplate":"https:\/\/experienciadevida.com.ar\/portalurbano\/?s={search_term_string}"},"query-input":"required name=search_term_string"}],"inLanguage":"es"},{"@type":"Organization","@id":"https:\/\/experienciadevida.com.ar\/portalurbano\/#organization","name":"Portal Urbano","url":"https:\/\/experienciadevida.com.ar\/portalurbano\/","logo":{"@type":"ImageObject","inLanguage":"es","@id":"https:\/\/experienciadevida.com.ar\/portalurbano\/#\/schema\/logo\/image\/","url":"https:\/\/experienciadevida.com.ar\/portalurbano\/wp-content\/uploads\/2019\/09\/Logo-Original.png","contentUrl":"https:\/\/experienciadevida.com.ar\/portalurbano\/wp-content\/uploads\/2019\/09\/Logo-Original.png","width":2236,"height":1216,"caption":"Portal Urbano"},"image":{"@id":"https:\/\/experienciadevida.com.ar\/portalurbano\/#\/schema\/logo\/image\/"},"sameAs":["https:\/\/www.facebook.com\/Portal-Urbano-171542830093757\/","https:\/\/twitter.com\/portalurbanook","https:\/\/www.instagram.com\/_portalurbano\/","https:\/\/www.youtube.com\/channel\/UCXhagIfszH8KxFiOok79zbA?view_as=subscriber"]},{"@type":"Person","@id":"https:\/\/experienciadevida.com.ar\/portalurbano\/#\/schema\/person\/02dd326b1c4b056e9cc972486934a3a7","name":"admpu17wp","image":{"@type":"ImageObject","inLanguage":"es","@id":"https:\/\/experienciadevida.com.ar\/portalurbano\/#\/schema\/person\/image\/","url":"https:\/\/secure.gravatar.com\/avatar\/830d4c57adaae6630765e449a6908047?s=96&d=mm&r=g","contentUrl":"https:\/\/secure.gravatar.com\/avatar\/830d4c57adaae6630765e449a6908047?s=96&d=mm&r=g","caption":"admpu17wp"}}]}},"featured_image_urls":{"full":["https:\/\/experienciadevida.com.ar\/portalurbano\/wp-content\/uploads\/2020\/10\/Vacunas-aplicadas.jpg",640,427,false],"thumbnail":["https:\/\/experienciadevida.com.ar\/portalurbano\/wp-content\/uploads\/2020\/10\/Vacunas-aplicadas-150x150.jpg",150,150,true],"medium":["https:\/\/experienciadevida.com.ar\/portalurbano\/wp-content\/uploads\/2020\/10\/Vacunas-aplicadas-300x200.jpg",300,200,true],"medium_large":["https:\/\/experienciadevida.com.ar\/portalurbano\/wp-content\/uploads\/2020\/10\/Vacunas-aplicadas.jpg",640,427,false],"large":["https:\/\/experienciadevida.com.ar\/portalurbano\/wp-content\/uploads\/2020\/10\/Vacunas-aplicadas.jpg",640,427,false],"ug_big":["https:\/\/experienciadevida.com.ar\/portalurbano\/wp-content\/uploads\/2020\/10\/Vacunas-aplicadas.jpg",640,427,false],"1536x1536":["https:\/\/experienciadevida.com.ar\/portalurbano\/wp-content\/uploads\/2020\/10\/Vacunas-aplicadas.jpg",640,427,false],"2048x2048":["https:\/\/experienciadevida.com.ar\/portalurbano\/wp-content\/uploads\/2020\/10\/Vacunas-aplicadas.jpg",640,427,false],"newsever-slider-full":["https:\/\/experienciadevida.com.ar\/portalurbano\/wp-content\/uploads\/2020\/10\/Vacunas-aplicadas.jpg",640,427,false],"newsever-featured":["https:\/\/experienciadevida.com.ar\/portalurbano\/wp-content\/uploads\/2020\/10\/Vacunas-aplicadas.jpg",640,427,false],"newsever-medium":["https:\/\/experienciadevida.com.ar\/portalurbano\/wp-content\/uploads\/2020\/10\/Vacunas-aplicadas.jpg",640,427,false],"web-stories-poster-portrait":["https:\/\/experienciadevida.com.ar\/portalurbano\/wp-content\/uploads\/2020\/10\/Vacunas-aplicadas.jpg",640,427,false],"web-stories-publisher-logo":["https:\/\/experienciadevida.com.ar\/portalurbano\/wp-content\/uploads\/2020\/10\/Vacunas-aplicadas.jpg",96,64,false],"web-stories-thumbnail":["https:\/\/experienciadevida.com.ar\/portalurbano\/wp-content\/uploads\/2020\/10\/Vacunas-aplicadas.jpg",150,100,false]},"author_info":{"display_name":"admpu17wp","author_link":"https:\/\/experienciadevida.com.ar\/portalurbano\/author\/admpu17wp\/"},"category_info":"<a href=\"https:\/\/experienciadevida.com.ar\/portalurbano\/category\/ciudad\/\" rel=\"category tag\">Ciudad<\/a> <a href=\"https:\/\/experienciadevida.com.ar\/portalurbano\/category\/destacadas\/\" rel=\"category tag\">Destacadas<\/a>","tag_info":"Destacadas","comment_count":"0","amp_enabled":true,"_links":{"self":[{"href":"https:\/\/experienciadevida.com.ar\/portalurbano\/wp-json\/wp\/v2\/posts\/125950"}],"collection":[{"href":"https:\/\/experienciadevida.com.ar\/portalurbano\/wp-json\/wp\/v2\/posts"}],"about":[{"href":"https:\/\/experienciadevida.com.ar\/portalurbano\/wp-json\/wp\/v2\/types\/post"}],"author":[{"embeddable":true,"href":"https:\/\/experienciadevida.com.ar\/portalurbano\/wp-json\/wp\/v2\/users\/1"}],"replies":[{"embeddable":true,"href":"https:\/\/experienciadevida.com.ar\/portalurbano\/wp-json\/wp\/v2\/comments?post=125950"}],"version-history":[{"count":3,"href":"https:\/\/experienciadevida.com.ar\/portalurbano\/wp-json\/wp\/v2\/posts\/125950\/revisions"}],"predecessor-version":[{"id":125954,"href":"https:\/\/experienciadevida.com.ar\/portalurbano\/wp-json\/wp\/v2\/posts\/125950\/revisions\/125954"}],"wp:featuredmedia":[{"embeddable":true,"href":"https:\/\/experienciadevida.com.ar\/portalurbano\/wp-json\/wp\/v2\/media\/125951"}],"wp:attachment":[{"href":"https:\/\/experienciadevida.com.ar\/portalurbano\/wp-json\/wp\/v2\/media?parent=125950"}],"wp:term":[{"taxonomy":"category","embeddable":true,"href":"https:\/\/experienciadevida.com.ar\/portalurbano\/wp-json\/wp\/v2\/categories?post=125950"},{"taxonomy":"post_tag","embeddable":true,"href":"https:\/\/experienciadevida.com.ar\/portalurbano\/wp-json\/wp\/v2\/tags?post=125950"}],"curies":[{"name":"wp","href":"https:\/\/api.w.org\/{rel}","templated":true}]}}