{"id":125948,"date":"2020-10-31T11:42:30","date_gmt":"2020-10-31T14:42:30","guid":{"rendered":"https:\/\/experienciadevida.com.ar\/portalurbano\/?p=125948"},"modified":"2020-10-31T11:43:02","modified_gmt":"2020-10-31T14:43:02","slug":"coronavirus-informan-13-379-casos-y-350-muertes-y-termina-una-semana-sin-picos","status":"publish","type":"post","link":"https:\/\/experienciadevida.com.ar\/portalurbano\/coronavirus-informan-13-379-casos-y-350-muertes-y-termina-una-semana-sin-picos\/","title":{"rendered":"Coronavirus: informan 13.379 casos y 350 muertes y termina una semana sin picos"},"content":{"rendered":"<p>Lejos del r\u00e9cord del 21 de octubre (18.326), el promedio de casos diarios cay\u00f3 en m\u00e1s de 2 mil en la \u00faltima semana.<\/p>\n<p>El Gobierno nacional inform\u00f3 que este viernes se registraron 13.379 nuevos casos de coronavirus y 350 v\u00edctimas fatales, lo que eleva los registros generales a 1.157.179 contagios y 30.792 muertes.<\/p>\n<p>Seg\u00fan el informe publicado por el ministerio de Salud de la Naci\u00f3n, la provincia de Buenos Aires registr\u00f3 hoy 3.830 casos y 117 v\u00edctimas fatales. De esta manera, llega a los 547.011 contagios (146.760 totales) y 17.398 fallecidos. En tanto, la Ciudad de Buenos Aires registr\u00f3 504 casos y 36 decesos.<\/p>\n<p>Esta semana, en tanto, no se registr\u00f3 ning\u00fan pico de contagios diarios como el alcanzado el 21 de octubre \u00faltimo (18.326). De este modo, el promedio de casos diarios baj\u00f3 de 14.822 la semana pasada a 12.500 en esta semana.<\/p>\n<p>En tanto, el interior del pa\u00eds se consolida como el nuevo epicentro del coronavirus. Cinco provincias del interior ya superaron a la Ciudad en casos diarios: se trata de Santa Fe (2.140), C\u00f3rdoba (1.601), Tucum\u00e1n (1.011), Mendoza (704) y Neuqu\u00e9n (696). Tambi\u00e9n se registraron nuevos casos en San Juan (379), Entre R\u00edos (343), Chubut (309), R\u00edo Negro (288), San Luis (258), Santa Cruz (214), Santiago del Estero (209), Chaco (203), Salta (191), Tierra del Fuego (159), La Pampa (129), Catamarca (83), La Rioja (73), Jujuy (37), Misiones (10) y Corrientes (9).<\/p>\n<p>De los 1.157.179 positivos en el pa\u00eds, 961.101 son pacientes recuperados y 165.286 son casos confirmados activos. Adem\u00e1s, en las \u00faltimas 24 horas fueron realizados 32.761 testeos y desde el inicio del brote se realizaron 2.980.105 pruebas diagn\u00f3sticas para esta enfermedad, lo que equivale a 65.674 muestras por mill\u00f3n de habitantes.<\/p>\n<p>En tanto, en las \u00faltimas 24 horas, se notificaron 350 nuevas muertes, lo que eleva la cifra de fallecidos a 30.792. De ese total, 118 ocurrieron en la provincia de Buenos Aires, 49 en Santa Fe, 36 en Capital Federal, 27 en C\u00f3rdoba, 18 en Tucum\u00e1n, 17 en Mendoza y en Juan, 15 en Neuqu\u00e9n, 14 en Salta, 8 en Santiago del Estero, 5 en Entre R\u00edos, La Rioja y R\u00edo Negro, 4 en Jujuy, 2 en Chubut, Tierra del Fuego y Santa Cruz y 1 en Chaco.<\/p>\n<p>Al momento hay 4.981 pacientes de coronavirus internados en camas de terapia intensiva, lo que representa el 64,4% de la capacidad del sistema. En el AMBA, ese porcentaje baja al 61,7%.<\/p>\n<p>Fuente: DIB<\/p>\n","protected":false},"excerpt":{"rendered":"<p>Lejos del r\u00e9cord del 21 de octubre (18.326), el promedio de casos diarios cay\u00f3 en&#8230;<\/p>\n","protected":false},"author":1,"featured_media":123322,"comment_status":"closed","ping_status":"closed","sticky":false,"template":"","format":"standard","meta":{"content-type":""},"categories":[71,39],"tags":[],"nelio_content":{"isAutoShareEnabled":false,"autoShareEndMode":"default","automationSources":{"useContentSentences":true,"useSocialTemplates":true,"useCustomSentences":false,"customSentences":[]},"followers":[1],"suggestedReferences":[],"includedReferences":[],"efiUrl":"","efiAlt":"","highlights":[]},"yoast_head":"<!-- This site is optimized with the Yoast SEO plugin v20.7 - https:\/\/yoast.com\/wordpress\/plugins\/seo\/ -->\n<title>Coronavirus: informan 13.379 casos y 350 muertes y termina una semana sin picos -<\/title>\n<meta name=\"robots\" content=\"index, follow, max-snippet:-1, max-image-preview:large, max-video-preview:-1\" \/>\n<link rel=\"canonical\" href=\"https:\/\/experienciadevida.com.ar\/portalurbano\/coronavirus-informan-13-379-casos-y-350-muertes-y-termina-una-semana-sin-picos\/\" \/>\n<meta property=\"og:locale\" content=\"es_ES\" \/>\n<meta property=\"og:type\" content=\"article\" \/>\n<meta property=\"og:title\" content=\"Coronavirus: informan 13.379 casos y 350 muertes y termina una semana sin picos -\" \/>\n<meta property=\"og:description\" content=\"Lejos del r\u00e9cord del 21 de octubre (18.326), el promedio de casos diarios cay\u00f3 en...\" \/>\n<meta property=\"og:url\" content=\"https:\/\/experienciadevida.com.ar\/portalurbano\/coronavirus-informan-13-379-casos-y-350-muertes-y-termina-una-semana-sin-picos\/\" \/>\n<meta property=\"article:publisher\" content=\"https:\/\/www.facebook.com\/Portal-Urbano-171542830093757\/\" \/>\n<meta property=\"article:published_time\" content=\"2020-10-31T14:42:30+00:00\" \/>\n<meta property=\"article:modified_time\" content=\"2020-10-31T14:43:02+00:00\" \/>\n<meta property=\"og:image\" content=\"https:\/\/experienciadevida.com.ar\/portalurbano\/wp-content\/uploads\/2020\/10\/nuevo-record-de-casos-de-coronavirus.jpg\" \/>\n\t<meta property=\"og:image:width\" content=\"1068\" \/>\n\t<meta property=\"og:image:height\" content=\"712\" \/>\n\t<meta property=\"og:image:type\" content=\"image\/jpeg\" \/>\n<meta name=\"author\" content=\"admpu17wp\" \/>\n<meta name=\"twitter:card\" content=\"summary_large_image\" \/>\n<meta name=\"twitter:creator\" content=\"@portalurbanook\" \/>\n<meta name=\"twitter:site\" content=\"@portalurbanook\" \/>\n<meta name=\"twitter:label1\" content=\"Escrito por\" \/>\n\t<meta name=\"twitter:data1\" content=\"admpu17wp\" \/>\n\t<meta name=\"twitter:label2\" content=\"Tiempo de lectura\" \/>\n\t<meta name=\"twitter:data2\" content=\"2 minutos\" \/>\n<script type=\"application\/ld+json\" class=\"yoast-schema-graph\">{\"@context\":\"https:\/\/schema.org\",\"@graph\":[{\"@type\":\"Article\",\"@id\":\"https:\/\/experienciadevida.com.ar\/portalurbano\/coronavirus-informan-13-379-casos-y-350-muertes-y-termina-una-semana-sin-picos\/#article\",\"isPartOf\":{\"@id\":\"https:\/\/experienciadevida.com.ar\/portalurbano\/coronavirus-informan-13-379-casos-y-350-muertes-y-termina-una-semana-sin-picos\/\"},\"author\":{\"name\":\"admpu17wp\",\"@id\":\"https:\/\/experienciadevida.com.ar\/portalurbano\/#\/schema\/person\/02dd326b1c4b056e9cc972486934a3a7\"},\"headline\":\"Coronavirus: informan 13.379 casos y 350 muertes y termina una semana sin picos\",\"datePublished\":\"2020-10-31T14:42:30+00:00\",\"dateModified\":\"2020-10-31T14:43:02+00:00\",\"mainEntityOfPage\":{\"@id\":\"https:\/\/experienciadevida.com.ar\/portalurbano\/coronavirus-informan-13-379-casos-y-350-muertes-y-termina-una-semana-sin-picos\/\"},\"wordCount\":376,\"publisher\":{\"@id\":\"https:\/\/experienciadevida.com.ar\/portalurbano\/#organization\"},\"articleSection\":[\"Coronavirus\",\"Naci\u00f3n\"],\"inLanguage\":\"es\"},{\"@type\":\"WebPage\",\"@id\":\"https:\/\/experienciadevida.com.ar\/portalurbano\/coronavirus-informan-13-379-casos-y-350-muertes-y-termina-una-semana-sin-picos\/\",\"url\":\"https:\/\/experienciadevida.com.ar\/portalurbano\/coronavirus-informan-13-379-casos-y-350-muertes-y-termina-una-semana-sin-picos\/\",\"name\":\"Coronavirus: informan 13.379 casos y 350 muertes y termina una semana sin picos -\",\"isPartOf\":{\"@id\":\"https:\/\/experienciadevida.com.ar\/portalurbano\/#website\"},\"datePublished\":\"2020-10-31T14:42:30+00:00\",\"dateModified\":\"2020-10-31T14:43:02+00:00\",\"breadcrumb\":{\"@id\":\"https:\/\/experienciadevida.com.ar\/portalurbano\/coronavirus-informan-13-379-casos-y-350-muertes-y-termina-una-semana-sin-picos\/#breadcrumb\"},\"inLanguage\":\"es\",\"potentialAction\":[{\"@type\":\"ReadAction\",\"target\":[\"https:\/\/experienciadevida.com.ar\/portalurbano\/coronavirus-informan-13-379-casos-y-350-muertes-y-termina-una-semana-sin-picos\/\"]}]},{\"@type\":\"BreadcrumbList\",\"@id\":\"https:\/\/experienciadevida.com.ar\/portalurbano\/coronavirus-informan-13-379-casos-y-350-muertes-y-termina-una-semana-sin-picos\/#breadcrumb\",\"itemListElement\":[{\"@type\":\"ListItem\",\"position\":1,\"name\":\"Portada\",\"item\":\"https:\/\/experienciadevida.com.ar\/portalurbano\/\"},{\"@type\":\"ListItem\",\"position\":2,\"name\":\"Coronavirus: informan 13.379 casos y 350 muertes y termina una semana sin picos\"}]},{\"@type\":\"WebSite\",\"@id\":\"https:\/\/experienciadevida.com.ar\/portalurbano\/#website\",\"url\":\"https:\/\/experienciadevida.com.ar\/portalurbano\/\",\"name\":\"\",\"description\":\"\",\"publisher\":{\"@id\":\"https:\/\/experienciadevida.com.ar\/portalurbano\/#organization\"},\"potentialAction\":[{\"@type\":\"SearchAction\",\"target\":{\"@type\":\"EntryPoint\",\"urlTemplate\":\"https:\/\/experienciadevida.com.ar\/portalurbano\/?s={search_term_string}\"},\"query-input\":\"required name=search_term_string\"}],\"inLanguage\":\"es\"},{\"@type\":\"Organization\",\"@id\":\"https:\/\/experienciadevida.com.ar\/portalurbano\/#organization\",\"name\":\"Portal Urbano\",\"url\":\"https:\/\/experienciadevida.com.ar\/portalurbano\/\",\"logo\":{\"@type\":\"ImageObject\",\"inLanguage\":\"es\",\"@id\":\"https:\/\/experienciadevida.com.ar\/portalurbano\/#\/schema\/logo\/image\/\",\"url\":\"https:\/\/experienciadevida.com.ar\/portalurbano\/wp-content\/uploads\/2019\/09\/Logo-Original.png\",\"contentUrl\":\"https:\/\/experienciadevida.com.ar\/portalurbano\/wp-content\/uploads\/2019\/09\/Logo-Original.png\",\"width\":2236,\"height\":1216,\"caption\":\"Portal Urbano\"},\"image\":{\"@id\":\"https:\/\/experienciadevida.com.ar\/portalurbano\/#\/schema\/logo\/image\/\"},\"sameAs\":[\"https:\/\/www.facebook.com\/Portal-Urbano-171542830093757\/\",\"https:\/\/twitter.com\/portalurbanook\",\"https:\/\/www.instagram.com\/_portalurbano\/\",\"https:\/\/www.youtube.com\/channel\/UCXhagIfszH8KxFiOok79zbA?view_as=subscriber\"]},{\"@type\":\"Person\",\"@id\":\"https:\/\/experienciadevida.com.ar\/portalurbano\/#\/schema\/person\/02dd326b1c4b056e9cc972486934a3a7\",\"name\":\"admpu17wp\",\"image\":{\"@type\":\"ImageObject\",\"inLanguage\":\"es\",\"@id\":\"https:\/\/experienciadevida.com.ar\/portalurbano\/#\/schema\/person\/image\/\",\"url\":\"https:\/\/secure.gravatar.com\/avatar\/830d4c57adaae6630765e449a6908047?s=96&d=mm&r=g\",\"contentUrl\":\"https:\/\/secure.gravatar.com\/avatar\/830d4c57adaae6630765e449a6908047?s=96&d=mm&r=g\",\"caption\":\"admpu17wp\"}}]}<\/script>\n<!-- \/ Yoast SEO plugin. -->","yoast_head_json":{"title":"Coronavirus: informan 13.379 casos y 350 muertes y termina una semana sin picos -","robots":{"index":"index","follow":"follow","max-snippet":"max-snippet:-1","max-image-preview":"max-image-preview:large","max-video-preview":"max-video-preview:-1"},"canonical":"https:\/\/experienciadevida.com.ar\/portalurbano\/coronavirus-informan-13-379-casos-y-350-muertes-y-termina-una-semana-sin-picos\/","og_locale":"es_ES","og_type":"article","og_title":"Coronavirus: informan 13.379 casos y 350 muertes y termina una semana sin picos -","og_description":"Lejos del r\u00e9cord del 21 de octubre (18.326), el promedio de casos diarios cay\u00f3 en...","og_url":"https:\/\/experienciadevida.com.ar\/portalurbano\/coronavirus-informan-13-379-casos-y-350-muertes-y-termina-una-semana-sin-picos\/","article_publisher":"https:\/\/www.facebook.com\/Portal-Urbano-171542830093757\/","article_published_time":"2020-10-31T14:42:30+00:00","article_modified_time":"2020-10-31T14:43:02+00:00","og_image":[{"width":1068,"height":712,"url":"https:\/\/experienciadevida.com.ar\/portalurbano\/wp-content\/uploads\/2020\/10\/nuevo-record-de-casos-de-coronavirus.jpg","type":"image\/jpeg"}],"author":"admpu17wp","twitter_card":"summary_large_image","twitter_creator":"@portalurbanook","twitter_site":"@portalurbanook","twitter_misc":{"Escrito por":"admpu17wp","Tiempo de lectura":"2 minutos"},"schema":{"@context":"https:\/\/schema.org","@graph":[{"@type":"Article","@id":"https:\/\/experienciadevida.com.ar\/portalurbano\/coronavirus-informan-13-379-casos-y-350-muertes-y-termina-una-semana-sin-picos\/#article","isPartOf":{"@id":"https:\/\/experienciadevida.com.ar\/portalurbano\/coronavirus-informan-13-379-casos-y-350-muertes-y-termina-una-semana-sin-picos\/"},"author":{"name":"admpu17wp","@id":"https:\/\/experienciadevida.com.ar\/portalurbano\/#\/schema\/person\/02dd326b1c4b056e9cc972486934a3a7"},"headline":"Coronavirus: informan 13.379 casos y 350 muertes y termina una semana sin picos","datePublished":"2020-10-31T14:42:30+00:00","dateModified":"2020-10-31T14:43:02+00:00","mainEntityOfPage":{"@id":"https:\/\/experienciadevida.com.ar\/portalurbano\/coronavirus-informan-13-379-casos-y-350-muertes-y-termina-una-semana-sin-picos\/"},"wordCount":376,"publisher":{"@id":"https:\/\/experienciadevida.com.ar\/portalurbano\/#organization"},"articleSection":["Coronavirus","Naci\u00f3n"],"inLanguage":"es"},{"@type":"WebPage","@id":"https:\/\/experienciadevida.com.ar\/portalurbano\/coronavirus-informan-13-379-casos-y-350-muertes-y-termina-una-semana-sin-picos\/","url":"https:\/\/experienciadevida.com.ar\/portalurbano\/coronavirus-informan-13-379-casos-y-350-muertes-y-termina-una-semana-sin-picos\/","name":"Coronavirus: informan 13.379 casos y 350 muertes y termina una semana sin picos -","isPartOf":{"@id":"https:\/\/experienciadevida.com.ar\/portalurbano\/#website"},"datePublished":"2020-10-31T14:42:30+00:00","dateModified":"2020-10-31T14:43:02+00:00","breadcrumb":{"@id":"https:\/\/experienciadevida.com.ar\/portalurbano\/coronavirus-informan-13-379-casos-y-350-muertes-y-termina-una-semana-sin-picos\/#breadcrumb"},"inLanguage":"es","potentialAction":[{"@type":"ReadAction","target":["https:\/\/experienciadevida.com.ar\/portalurbano\/coronavirus-informan-13-379-casos-y-350-muertes-y-termina-una-semana-sin-picos\/"]}]},{"@type":"BreadcrumbList","@id":"https:\/\/experienciadevida.com.ar\/portalurbano\/coronavirus-informan-13-379-casos-y-350-muertes-y-termina-una-semana-sin-picos\/#breadcrumb","itemListElement":[{"@type":"ListItem","position":1,"name":"Portada","item":"https:\/\/experienciadevida.com.ar\/portalurbano\/"},{"@type":"ListItem","position":2,"name":"Coronavirus: informan 13.379 casos y 350 muertes y termina una semana sin picos"}]},{"@type":"WebSite","@id":"https:\/\/experienciadevida.com.ar\/portalurbano\/#website","url":"https:\/\/experienciadevida.com.ar\/portalurbano\/","name":"","description":"","publisher":{"@id":"https:\/\/experienciadevida.com.ar\/portalurbano\/#organization"},"potentialAction":[{"@type":"SearchAction","target":{"@type":"EntryPoint","urlTemplate":"https:\/\/experienciadevida.com.ar\/portalurbano\/?s={search_term_string}"},"query-input":"required name=search_term_string"}],"inLanguage":"es"},{"@type":"Organization","@id":"https:\/\/experienciadevida.com.ar\/portalurbano\/#organization","name":"Portal Urbano","url":"https:\/\/experienciadevida.com.ar\/portalurbano\/","logo":{"@type":"ImageObject","inLanguage":"es","@id":"https:\/\/experienciadevida.com.ar\/portalurbano\/#\/schema\/logo\/image\/","url":"https:\/\/experienciadevida.com.ar\/portalurbano\/wp-content\/uploads\/2019\/09\/Logo-Original.png","contentUrl":"https:\/\/experienciadevida.com.ar\/portalurbano\/wp-content\/uploads\/2019\/09\/Logo-Original.png","width":2236,"height":1216,"caption":"Portal Urbano"},"image":{"@id":"https:\/\/experienciadevida.com.ar\/portalurbano\/#\/schema\/logo\/image\/"},"sameAs":["https:\/\/www.facebook.com\/Portal-Urbano-171542830093757\/","https:\/\/twitter.com\/portalurbanook","https:\/\/www.instagram.com\/_portalurbano\/","https:\/\/www.youtube.com\/channel\/UCXhagIfszH8KxFiOok79zbA?view_as=subscriber"]},{"@type":"Person","@id":"https:\/\/experienciadevida.com.ar\/portalurbano\/#\/schema\/person\/02dd326b1c4b056e9cc972486934a3a7","name":"admpu17wp","image":{"@type":"ImageObject","inLanguage":"es","@id":"https:\/\/experienciadevida.com.ar\/portalurbano\/#\/schema\/person\/image\/","url":"https:\/\/secure.gravatar.com\/avatar\/830d4c57adaae6630765e449a6908047?s=96&d=mm&r=g","contentUrl":"https:\/\/secure.gravatar.com\/avatar\/830d4c57adaae6630765e449a6908047?s=96&d=mm&r=g","caption":"admpu17wp"}}]}},"featured_image_urls":{"full":["https:\/\/experienciadevida.com.ar\/portalurbano\/wp-content\/uploads\/2020\/10\/nuevo-record-de-casos-de-coronavirus.jpg",1068,712,false],"thumbnail":["https:\/\/experienciadevida.com.ar\/portalurbano\/wp-content\/uploads\/2020\/10\/nuevo-record-de-casos-de-coronavirus-150x150.jpg",150,150,true],"medium":["https:\/\/experienciadevida.com.ar\/portalurbano\/wp-content\/uploads\/2020\/10\/nuevo-record-de-casos-de-coronavirus-300x200.jpg",300,200,true],"medium_large":["https:\/\/experienciadevida.com.ar\/portalurbano\/wp-content\/uploads\/2020\/10\/nuevo-record-de-casos-de-coronavirus-768x512.jpg",640,427,true],"large":["https:\/\/experienciadevida.com.ar\/portalurbano\/wp-content\/uploads\/2020\/10\/nuevo-record-de-casos-de-coronavirus-1024x683.jpg",640,427,true],"ug_big":["https:\/\/experienciadevida.com.ar\/portalurbano\/wp-content\/uploads\/2020\/10\/nuevo-record-de-casos-de-coronavirus-768x512.jpg",768,512,true],"1536x1536":["https:\/\/experienciadevida.com.ar\/portalurbano\/wp-content\/uploads\/2020\/10\/nuevo-record-de-casos-de-coronavirus.jpg",1068,712,false],"2048x2048":["https:\/\/experienciadevida.com.ar\/portalurbano\/wp-content\/uploads\/2020\/10\/nuevo-record-de-casos-de-coronavirus.jpg",1068,712,false],"newsever-slider-full":["https:\/\/experienciadevida.com.ar\/portalurbano\/wp-content\/uploads\/2020\/10\/nuevo-record-de-casos-de-coronavirus.jpg",1068,712,false],"newsever-featured":["https:\/\/experienciadevida.com.ar\/portalurbano\/wp-content\/uploads\/2020\/10\/nuevo-record-de-casos-de-coronavirus.jpg",1024,683,false],"newsever-medium":["https:\/\/experienciadevida.com.ar\/portalurbano\/wp-content\/uploads\/2020\/10\/nuevo-record-de-casos-de-coronavirus.jpg",713,475,false],"web-stories-poster-portrait":["https:\/\/experienciadevida.com.ar\/portalurbano\/wp-content\/uploads\/2020\/10\/nuevo-record-de-casos-de-coronavirus.jpg",640,427,false],"web-stories-publisher-logo":["https:\/\/experienciadevida.com.ar\/portalurbano\/wp-content\/uploads\/2020\/10\/nuevo-record-de-casos-de-coronavirus.jpg",96,64,false],"web-stories-thumbnail":["https:\/\/experienciadevida.com.ar\/portalurbano\/wp-content\/uploads\/2020\/10\/nuevo-record-de-casos-de-coronavirus.jpg",150,100,false]},"author_info":{"display_name":"admpu17wp","author_link":"https:\/\/experienciadevida.com.ar\/portalurbano\/author\/admpu17wp\/"},"category_info":"<a href=\"https:\/\/experienciadevida.com.ar\/portalurbano\/category\/nacion\/coronavirus\/\" rel=\"category tag\">Coronavirus<\/a> <a href=\"https:\/\/experienciadevida.com.ar\/portalurbano\/category\/nacion\/\" rel=\"category tag\">Naci\u00f3n<\/a>","tag_info":"Naci\u00f3n","comment_count":"0","amp_enabled":true,"_links":{"self":[{"href":"https:\/\/experienciadevida.com.ar\/portalurbano\/wp-json\/wp\/v2\/posts\/125948"}],"collection":[{"href":"https:\/\/experienciadevida.com.ar\/portalurbano\/wp-json\/wp\/v2\/posts"}],"about":[{"href":"https:\/\/experienciadevida.com.ar\/portalurbano\/wp-json\/wp\/v2\/types\/post"}],"author":[{"embeddable":true,"href":"https:\/\/experienciadevida.com.ar\/portalurbano\/wp-json\/wp\/v2\/users\/1"}],"replies":[{"embeddable":true,"href":"https:\/\/experienciadevida.com.ar\/portalurbano\/wp-json\/wp\/v2\/comments?post=125948"}],"version-history":[{"count":1,"href":"https:\/\/experienciadevida.com.ar\/portalurbano\/wp-json\/wp\/v2\/posts\/125948\/revisions"}],"predecessor-version":[{"id":125949,"href":"https:\/\/experienciadevida.com.ar\/portalurbano\/wp-json\/wp\/v2\/posts\/125948\/revisions\/125949"}],"wp:featuredmedia":[{"embeddable":true,"href":"https:\/\/experienciadevida.com.ar\/portalurbano\/wp-json\/wp\/v2\/media\/123322"}],"wp:attachment":[{"href":"https:\/\/experienciadevida.com.ar\/portalurbano\/wp-json\/wp\/v2\/media?parent=125948"}],"wp:term":[{"taxonomy":"category","embeddable":true,"href":"https:\/\/experienciadevida.com.ar\/portalurbano\/wp-json\/wp\/v2\/categories?post=125948"},{"taxonomy":"post_tag","embeddable":true,"href":"https:\/\/experienciadevida.com.ar\/portalurbano\/wp-json\/wp\/v2\/tags?post=125948"}],"curies":[{"name":"wp","href":"https:\/\/api.w.org\/{rel}","templated":true}]}}