{"id":125866,"date":"2020-10-30T13:24:51","date_gmt":"2020-10-30T16:24:51","guid":{"rendered":"https:\/\/experienciadevida.com.ar\/portalurbano\/?p=125866"},"modified":"2020-10-30T13:32:06","modified_gmt":"2020-10-30T16:32:06","slug":"galli-presento-el-proyecto-del-presupuesto-2021-calculado-en-mas-de-4-900-millones-de-pesos","status":"publish","type":"post","link":"https:\/\/experienciadevida.com.ar\/portalurbano\/galli-presento-el-proyecto-del-presupuesto-2021-calculado-en-mas-de-4-900-millones-de-pesos\/","title":{"rendered":"Galli present\u00f3 el proyecto del  presupuesto 2021 calculado en m\u00e1s de 4.900 millones de pesos"},"content":{"rendered":"<p>Este viernes el intendente municipal <a href=\"https:\/\/www.facebook.com\/galliezequiel\">Ezequiel Galli<\/a> present\u00f3 el<strong> proyecto del Presupuesto 2021<\/strong>, que fue calculado en m\u00e1s 4.900 millones de pesos.<\/p>\n<p>La presentaci\u00f3n del\u00a0<strong>proyecto del presupuesto 2021<\/strong>\u00a0se realiz\u00f3 al mediod\u00eda en Mesa de Entradas del HCD y en la oportunidad el Intendente, que fue acompa\u00f1ado por la Secretar\u00eda de Hacienda Eugenia Bezzoni, fue recibido por el presidente del cuerpo legislativo Bruno Cenizo.<\/p>\n<p><a href=\"https:\/\/experienciadevida.com.ar\/portalurbano\/galli-presento-el-presupuesto-2021-calculado-en-mas-de-4-900-millones-de-pesos\/presupuesto-2021\/\" rel=\"attachment wp-att-125869\"><img decoding=\"async\" class=\"alignnone size-full wp-image-125869\" src=\"https:\/\/experienciadevida.com.ar\/portalurbano\/wp-content\/uploads\/2020\/10\/Presupuesto-2021.jpg\" alt=\"Presupuesto 2021 \" width=\"1968\" height=\"1312\" srcset=\"https:\/\/experienciadevida.com.ar\/portalurbano\/wp-content\/uploads\/2020\/10\/Presupuesto-2021.jpg 1968w, https:\/\/experienciadevida.com.ar\/portalurbano\/wp-content\/uploads\/2020\/10\/Presupuesto-2021-300x200.jpg 300w, https:\/\/experienciadevida.com.ar\/portalurbano\/wp-content\/uploads\/2020\/10\/Presupuesto-2021-1024x683.jpg 1024w, https:\/\/experienciadevida.com.ar\/portalurbano\/wp-content\/uploads\/2020\/10\/Presupuesto-2021-768x512.jpg 768w, https:\/\/experienciadevida.com.ar\/portalurbano\/wp-content\/uploads\/2020\/10\/Presupuesto-2021-1536x1024.jpg 1536w\" sizes=\"(max-width: 1968px) 100vw, 1968px\" \/><\/a><\/p>\n<p>Desde la Secretar\u00eda de Hacienda informaron que el Presupuesto fue elaborado bajo el supuesto de un primer semestre de pandemia con las limitaciones que ello ha implicado e implica en materia de gestiones culturales, deportivas, entre otras, y el correspondiente gasto en salud relacionado con dicho contexto sanitario.<\/p>\n<p>Asimismo, se indic\u00f3 que las Secretarias de Desarrollo Humano y Calidad de vida, de Mantenimiento y Obras P\u00fablicas y de Salud son las que mayor participaci\u00f3n tienen en el presupuesto con un 77% respecto del total del mismo.<\/p>\n<p>Por otra parte, aseguraron que en la Secretar\u00eda de Salud, sin considerar los gastos de personal, la variaci\u00f3n interanual del gasto proyectado asciende a un 83% de incremento, motivado por el aumento del valor y mayores consumos de elementos de protecci\u00f3n personal, drogas de consumo para cuidados anest\u00e9sicos, insumos del laboratorio de biolog\u00eda molecular, por citar algunos ejemplos.<\/p>\n<p>En cuanto al \u00e1rea de Desarrollo Humano, se destaca el incremento de las ayudas sociales a personas, principalmente con necesidades b\u00e1sicas insatisfechas, las cuales se incrementan en un 85% respecto del presupuesto 2020.<\/p>\n<p>El presupuesto 2021, en materia de inversiones se ubica en el orden de los $ 388.001.000 y refleja el cumplimiento de las obras e inversiones iniciadas o a iniciar y que se corresponden a los rubros tales como la reanudaci\u00f3n de la obra de ampliaci\u00f3n del sector de internaci\u00f3n en Hospital Municipal Dr. Cura, construcci\u00f3n de 40 viviendas TUVI, segunda etapa del relleno sanitario en Celda N\u00b0 5, continuaci\u00f3n de las obras de cloacas en Barrio Hip\u00f3lito Yrigoyen y Villa Floresta, obras en escuelas, obras en caminos rurales, entre otras.<\/p>\n","protected":false},"excerpt":{"rendered":"<p>Este viernes el intendente municipal Ezequiel Galli present\u00f3 el proyecto del Presupuesto 2021, que fue&#8230;<\/p>\n","protected":false},"author":1,"featured_media":125867,"comment_status":"closed","ping_status":"closed","sticky":false,"template":"","format":"standard","meta":{"content-type":""},"categories":[27,51],"tags":[],"nelio_content":{"isAutoShareEnabled":false,"autoShareEndMode":"default","automationSources":{"useContentSentences":true,"useSocialTemplates":true,"useCustomSentences":false,"customSentences":[]},"followers":[1],"suggestedReferences":[],"includedReferences":[],"efiUrl":"","efiAlt":"","highlights":[]},"yoast_head":"<!-- This site is optimized with the Yoast SEO plugin v20.7 - https:\/\/yoast.com\/wordpress\/plugins\/seo\/ -->\n<title>Galli present\u00f3 el proyecto del presupuesto 2021 calculado en 4 millones<\/title>\n<meta name=\"description\" content=\"El intendente municipal Ezequiel Galli present\u00f3 el proyecto del Presupuesto 2021, que fue calculado en m\u00e1s 4.900 millones de pesos.\" \/>\n<meta name=\"robots\" content=\"index, follow, max-snippet:-1, max-image-preview:large, max-video-preview:-1\" \/>\n<link rel=\"canonical\" href=\"https:\/\/experienciadevida.com.ar\/portalurbano\/galli-presento-el-proyecto-del-presupuesto-2021-calculado-en-mas-de-4-900-millones-de-pesos\/\" \/>\n<meta property=\"og:locale\" content=\"es_ES\" \/>\n<meta property=\"og:type\" content=\"article\" \/>\n<meta property=\"og:title\" content=\"Galli present\u00f3 el proyecto del presupuesto 2021 calculado en 4 millones\" \/>\n<meta property=\"og:description\" content=\"El intendente municipal Ezequiel Galli present\u00f3 el proyecto del Presupuesto 2021, que fue calculado en m\u00e1s 4.900 millones de pesos.\" \/>\n<meta property=\"og:url\" content=\"https:\/\/experienciadevida.com.ar\/portalurbano\/galli-presento-el-proyecto-del-presupuesto-2021-calculado-en-mas-de-4-900-millones-de-pesos\/\" \/>\n<meta property=\"article:publisher\" content=\"https:\/\/www.facebook.com\/Portal-Urbano-171542830093757\/\" \/>\n<meta property=\"article:published_time\" content=\"2020-10-30T16:24:51+00:00\" \/>\n<meta property=\"article:modified_time\" content=\"2020-10-30T16:32:06+00:00\" \/>\n<meta property=\"og:image\" content=\"https:\/\/experienciadevida.com.ar\/portalurbano\/wp-content\/uploads\/2020\/10\/Galli-presento-el-presupuesto-2021.jpg\" \/>\n\t<meta property=\"og:image:width\" content=\"1968\" \/>\n\t<meta property=\"og:image:height\" content=\"1312\" \/>\n\t<meta property=\"og:image:type\" content=\"image\/jpeg\" \/>\n<meta name=\"author\" content=\"admpu17wp\" \/>\n<meta name=\"twitter:card\" content=\"summary_large_image\" \/>\n<meta name=\"twitter:creator\" content=\"@portalurbanook\" \/>\n<meta name=\"twitter:site\" content=\"@portalurbanook\" \/>\n<meta name=\"twitter:label1\" content=\"Escrito por\" \/>\n\t<meta name=\"twitter:data1\" content=\"admpu17wp\" \/>\n\t<meta name=\"twitter:label2\" content=\"Tiempo de lectura\" \/>\n\t<meta name=\"twitter:data2\" content=\"2 minutos\" \/>\n<script type=\"application\/ld+json\" class=\"yoast-schema-graph\">{\"@context\":\"https:\/\/schema.org\",\"@graph\":[{\"@type\":\"Article\",\"@id\":\"https:\/\/experienciadevida.com.ar\/portalurbano\/galli-presento-el-proyecto-del-presupuesto-2021-calculado-en-mas-de-4-900-millones-de-pesos\/#article\",\"isPartOf\":{\"@id\":\"https:\/\/experienciadevida.com.ar\/portalurbano\/galli-presento-el-proyecto-del-presupuesto-2021-calculado-en-mas-de-4-900-millones-de-pesos\/\"},\"author\":{\"name\":\"admpu17wp\",\"@id\":\"https:\/\/experienciadevida.com.ar\/portalurbano\/#\/schema\/person\/02dd326b1c4b056e9cc972486934a3a7\"},\"headline\":\"Galli present\u00f3 el proyecto del presupuesto 2021 calculado en m\u00e1s de 4.900 millones de pesos\",\"datePublished\":\"2020-10-30T16:24:51+00:00\",\"dateModified\":\"2020-10-30T16:32:06+00:00\",\"mainEntityOfPage\":{\"@id\":\"https:\/\/experienciadevida.com.ar\/portalurbano\/galli-presento-el-proyecto-del-presupuesto-2021-calculado-en-mas-de-4-900-millones-de-pesos\/\"},\"wordCount\":354,\"publisher\":{\"@id\":\"https:\/\/experienciadevida.com.ar\/portalurbano\/#organization\"},\"articleSection\":[\"Ciudad\",\"Destacadas\"],\"inLanguage\":\"es\"},{\"@type\":\"WebPage\",\"@id\":\"https:\/\/experienciadevida.com.ar\/portalurbano\/galli-presento-el-proyecto-del-presupuesto-2021-calculado-en-mas-de-4-900-millones-de-pesos\/\",\"url\":\"https:\/\/experienciadevida.com.ar\/portalurbano\/galli-presento-el-proyecto-del-presupuesto-2021-calculado-en-mas-de-4-900-millones-de-pesos\/\",\"name\":\"Galli present\u00f3 el proyecto del presupuesto 2021 calculado en 4 millones\",\"isPartOf\":{\"@id\":\"https:\/\/experienciadevida.com.ar\/portalurbano\/#website\"},\"datePublished\":\"2020-10-30T16:24:51+00:00\",\"dateModified\":\"2020-10-30T16:32:06+00:00\",\"description\":\"El intendente municipal Ezequiel Galli present\u00f3 el proyecto del Presupuesto 2021, que fue calculado en m\u00e1s 4.900 millones de pesos.\",\"breadcrumb\":{\"@id\":\"https:\/\/experienciadevida.com.ar\/portalurbano\/galli-presento-el-proyecto-del-presupuesto-2021-calculado-en-mas-de-4-900-millones-de-pesos\/#breadcrumb\"},\"inLanguage\":\"es\",\"potentialAction\":[{\"@type\":\"ReadAction\",\"target\":[\"https:\/\/experienciadevida.com.ar\/portalurbano\/galli-presento-el-proyecto-del-presupuesto-2021-calculado-en-mas-de-4-900-millones-de-pesos\/\"]}]},{\"@type\":\"BreadcrumbList\",\"@id\":\"https:\/\/experienciadevida.com.ar\/portalurbano\/galli-presento-el-proyecto-del-presupuesto-2021-calculado-en-mas-de-4-900-millones-de-pesos\/#breadcrumb\",\"itemListElement\":[{\"@type\":\"ListItem\",\"position\":1,\"name\":\"Portada\",\"item\":\"https:\/\/experienciadevida.com.ar\/portalurbano\/\"},{\"@type\":\"ListItem\",\"position\":2,\"name\":\"Galli present\u00f3 el proyecto del presupuesto 2021 calculado en m\u00e1s de 4.900 millones de pesos\"}]},{\"@type\":\"WebSite\",\"@id\":\"https:\/\/experienciadevida.com.ar\/portalurbano\/#website\",\"url\":\"https:\/\/experienciadevida.com.ar\/portalurbano\/\",\"name\":\"\",\"description\":\"\",\"publisher\":{\"@id\":\"https:\/\/experienciadevida.com.ar\/portalurbano\/#organization\"},\"potentialAction\":[{\"@type\":\"SearchAction\",\"target\":{\"@type\":\"EntryPoint\",\"urlTemplate\":\"https:\/\/experienciadevida.com.ar\/portalurbano\/?s={search_term_string}\"},\"query-input\":\"required name=search_term_string\"}],\"inLanguage\":\"es\"},{\"@type\":\"Organization\",\"@id\":\"https:\/\/experienciadevida.com.ar\/portalurbano\/#organization\",\"name\":\"Portal Urbano\",\"url\":\"https:\/\/experienciadevida.com.ar\/portalurbano\/\",\"logo\":{\"@type\":\"ImageObject\",\"inLanguage\":\"es\",\"@id\":\"https:\/\/experienciadevida.com.ar\/portalurbano\/#\/schema\/logo\/image\/\",\"url\":\"https:\/\/experienciadevida.com.ar\/portalurbano\/wp-content\/uploads\/2019\/09\/Logo-Original.png\",\"contentUrl\":\"https:\/\/experienciadevida.com.ar\/portalurbano\/wp-content\/uploads\/2019\/09\/Logo-Original.png\",\"width\":2236,\"height\":1216,\"caption\":\"Portal Urbano\"},\"image\":{\"@id\":\"https:\/\/experienciadevida.com.ar\/portalurbano\/#\/schema\/logo\/image\/\"},\"sameAs\":[\"https:\/\/www.facebook.com\/Portal-Urbano-171542830093757\/\",\"https:\/\/twitter.com\/portalurbanook\",\"https:\/\/www.instagram.com\/_portalurbano\/\",\"https:\/\/www.youtube.com\/channel\/UCXhagIfszH8KxFiOok79zbA?view_as=subscriber\"]},{\"@type\":\"Person\",\"@id\":\"https:\/\/experienciadevida.com.ar\/portalurbano\/#\/schema\/person\/02dd326b1c4b056e9cc972486934a3a7\",\"name\":\"admpu17wp\",\"image\":{\"@type\":\"ImageObject\",\"inLanguage\":\"es\",\"@id\":\"https:\/\/experienciadevida.com.ar\/portalurbano\/#\/schema\/person\/image\/\",\"url\":\"https:\/\/secure.gravatar.com\/avatar\/830d4c57adaae6630765e449a6908047?s=96&d=mm&r=g\",\"contentUrl\":\"https:\/\/secure.gravatar.com\/avatar\/830d4c57adaae6630765e449a6908047?s=96&d=mm&r=g\",\"caption\":\"admpu17wp\"}}]}<\/script>\n<!-- \/ Yoast SEO plugin. -->","yoast_head_json":{"title":"Galli present\u00f3 el proyecto del presupuesto 2021 calculado en 4 millones","description":"El intendente municipal Ezequiel Galli present\u00f3 el proyecto del Presupuesto 2021, que fue calculado en m\u00e1s 4.900 millones de pesos.","robots":{"index":"index","follow":"follow","max-snippet":"max-snippet:-1","max-image-preview":"max-image-preview:large","max-video-preview":"max-video-preview:-1"},"canonical":"https:\/\/experienciadevida.com.ar\/portalurbano\/galli-presento-el-proyecto-del-presupuesto-2021-calculado-en-mas-de-4-900-millones-de-pesos\/","og_locale":"es_ES","og_type":"article","og_title":"Galli present\u00f3 el proyecto del presupuesto 2021 calculado en 4 millones","og_description":"El intendente municipal Ezequiel Galli present\u00f3 el proyecto del Presupuesto 2021, que fue calculado en m\u00e1s 4.900 millones de pesos.","og_url":"https:\/\/experienciadevida.com.ar\/portalurbano\/galli-presento-el-proyecto-del-presupuesto-2021-calculado-en-mas-de-4-900-millones-de-pesos\/","article_publisher":"https:\/\/www.facebook.com\/Portal-Urbano-171542830093757\/","article_published_time":"2020-10-30T16:24:51+00:00","article_modified_time":"2020-10-30T16:32:06+00:00","og_image":[{"width":1968,"height":1312,"url":"https:\/\/experienciadevida.com.ar\/portalurbano\/wp-content\/uploads\/2020\/10\/Galli-presento-el-presupuesto-2021.jpg","type":"image\/jpeg"}],"author":"admpu17wp","twitter_card":"summary_large_image","twitter_creator":"@portalurbanook","twitter_site":"@portalurbanook","twitter_misc":{"Escrito por":"admpu17wp","Tiempo de lectura":"2 minutos"},"schema":{"@context":"https:\/\/schema.org","@graph":[{"@type":"Article","@id":"https:\/\/experienciadevida.com.ar\/portalurbano\/galli-presento-el-proyecto-del-presupuesto-2021-calculado-en-mas-de-4-900-millones-de-pesos\/#article","isPartOf":{"@id":"https:\/\/experienciadevida.com.ar\/portalurbano\/galli-presento-el-proyecto-del-presupuesto-2021-calculado-en-mas-de-4-900-millones-de-pesos\/"},"author":{"name":"admpu17wp","@id":"https:\/\/experienciadevida.com.ar\/portalurbano\/#\/schema\/person\/02dd326b1c4b056e9cc972486934a3a7"},"headline":"Galli present\u00f3 el proyecto del presupuesto 2021 calculado en m\u00e1s de 4.900 millones de pesos","datePublished":"2020-10-30T16:24:51+00:00","dateModified":"2020-10-30T16:32:06+00:00","mainEntityOfPage":{"@id":"https:\/\/experienciadevida.com.ar\/portalurbano\/galli-presento-el-proyecto-del-presupuesto-2021-calculado-en-mas-de-4-900-millones-de-pesos\/"},"wordCount":354,"publisher":{"@id":"https:\/\/experienciadevida.com.ar\/portalurbano\/#organization"},"articleSection":["Ciudad","Destacadas"],"inLanguage":"es"},{"@type":"WebPage","@id":"https:\/\/experienciadevida.com.ar\/portalurbano\/galli-presento-el-proyecto-del-presupuesto-2021-calculado-en-mas-de-4-900-millones-de-pesos\/","url":"https:\/\/experienciadevida.com.ar\/portalurbano\/galli-presento-el-proyecto-del-presupuesto-2021-calculado-en-mas-de-4-900-millones-de-pesos\/","name":"Galli present\u00f3 el proyecto del presupuesto 2021 calculado en 4 millones","isPartOf":{"@id":"https:\/\/experienciadevida.com.ar\/portalurbano\/#website"},"datePublished":"2020-10-30T16:24:51+00:00","dateModified":"2020-10-30T16:32:06+00:00","description":"El intendente municipal Ezequiel Galli present\u00f3 el proyecto del Presupuesto 2021, que fue calculado en m\u00e1s 4.900 millones de pesos.","breadcrumb":{"@id":"https:\/\/experienciadevida.com.ar\/portalurbano\/galli-presento-el-proyecto-del-presupuesto-2021-calculado-en-mas-de-4-900-millones-de-pesos\/#breadcrumb"},"inLanguage":"es","potentialAction":[{"@type":"ReadAction","target":["https:\/\/experienciadevida.com.ar\/portalurbano\/galli-presento-el-proyecto-del-presupuesto-2021-calculado-en-mas-de-4-900-millones-de-pesos\/"]}]},{"@type":"BreadcrumbList","@id":"https:\/\/experienciadevida.com.ar\/portalurbano\/galli-presento-el-proyecto-del-presupuesto-2021-calculado-en-mas-de-4-900-millones-de-pesos\/#breadcrumb","itemListElement":[{"@type":"ListItem","position":1,"name":"Portada","item":"https:\/\/experienciadevida.com.ar\/portalurbano\/"},{"@type":"ListItem","position":2,"name":"Galli present\u00f3 el proyecto del presupuesto 2021 calculado en m\u00e1s de 4.900 millones de pesos"}]},{"@type":"WebSite","@id":"https:\/\/experienciadevida.com.ar\/portalurbano\/#website","url":"https:\/\/experienciadevida.com.ar\/portalurbano\/","name":"","description":"","publisher":{"@id":"https:\/\/experienciadevida.com.ar\/portalurbano\/#organization"},"potentialAction":[{"@type":"SearchAction","target":{"@type":"EntryPoint","urlTemplate":"https:\/\/experienciadevida.com.ar\/portalurbano\/?s={search_term_string}"},"query-input":"required name=search_term_string"}],"inLanguage":"es"},{"@type":"Organization","@id":"https:\/\/experienciadevida.com.ar\/portalurbano\/#organization","name":"Portal Urbano","url":"https:\/\/experienciadevida.com.ar\/portalurbano\/","logo":{"@type":"ImageObject","inLanguage":"es","@id":"https:\/\/experienciadevida.com.ar\/portalurbano\/#\/schema\/logo\/image\/","url":"https:\/\/experienciadevida.com.ar\/portalurbano\/wp-content\/uploads\/2019\/09\/Logo-Original.png","contentUrl":"https:\/\/experienciadevida.com.ar\/portalurbano\/wp-content\/uploads\/2019\/09\/Logo-Original.png","width":2236,"height":1216,"caption":"Portal Urbano"},"image":{"@id":"https:\/\/experienciadevida.com.ar\/portalurbano\/#\/schema\/logo\/image\/"},"sameAs":["https:\/\/www.facebook.com\/Portal-Urbano-171542830093757\/","https:\/\/twitter.com\/portalurbanook","https:\/\/www.instagram.com\/_portalurbano\/","https:\/\/www.youtube.com\/channel\/UCXhagIfszH8KxFiOok79zbA?view_as=subscriber"]},{"@type":"Person","@id":"https:\/\/experienciadevida.com.ar\/portalurbano\/#\/schema\/person\/02dd326b1c4b056e9cc972486934a3a7","name":"admpu17wp","image":{"@type":"ImageObject","inLanguage":"es","@id":"https:\/\/experienciadevida.com.ar\/portalurbano\/#\/schema\/person\/image\/","url":"https:\/\/secure.gravatar.com\/avatar\/830d4c57adaae6630765e449a6908047?s=96&d=mm&r=g","contentUrl":"https:\/\/secure.gravatar.com\/avatar\/830d4c57adaae6630765e449a6908047?s=96&d=mm&r=g","caption":"admpu17wp"}}]}},"featured_image_urls":{"full":["https:\/\/experienciadevida.com.ar\/portalurbano\/wp-content\/uploads\/2020\/10\/Galli-presento-el-presupuesto-2021.jpg",1968,1312,false],"thumbnail":["https:\/\/experienciadevida.com.ar\/portalurbano\/wp-content\/uploads\/2020\/10\/Galli-presento-el-presupuesto-2021-150x150.jpg",150,150,true],"medium":["https:\/\/experienciadevida.com.ar\/portalurbano\/wp-content\/uploads\/2020\/10\/Galli-presento-el-presupuesto-2021-300x200.jpg",300,200,true],"medium_large":["https:\/\/experienciadevida.com.ar\/portalurbano\/wp-content\/uploads\/2020\/10\/Galli-presento-el-presupuesto-2021-768x512.jpg",640,427,true],"large":["https:\/\/experienciadevida.com.ar\/portalurbano\/wp-content\/uploads\/2020\/10\/Galli-presento-el-presupuesto-2021-1024x683.jpg",640,427,true],"ug_big":["https:\/\/experienciadevida.com.ar\/portalurbano\/wp-content\/uploads\/2020\/10\/Galli-presento-el-presupuesto-2021-768x512.jpg",768,512,true],"1536x1536":["https:\/\/experienciadevida.com.ar\/portalurbano\/wp-content\/uploads\/2020\/10\/Galli-presento-el-presupuesto-2021-1536x1024.jpg",1536,1024,true],"2048x2048":["https:\/\/experienciadevida.com.ar\/portalurbano\/wp-content\/uploads\/2020\/10\/Galli-presento-el-presupuesto-2021.jpg",1968,1312,false],"newsever-slider-full":["https:\/\/experienciadevida.com.ar\/portalurbano\/wp-content\/uploads\/2020\/10\/Galli-presento-el-presupuesto-2021.jpg",1268,845,false],"newsever-featured":["https:\/\/experienciadevida.com.ar\/portalurbano\/wp-content\/uploads\/2020\/10\/Galli-presento-el-presupuesto-2021.jpg",1024,683,false],"newsever-medium":["https:\/\/experienciadevida.com.ar\/portalurbano\/wp-content\/uploads\/2020\/10\/Galli-presento-el-presupuesto-2021.jpg",713,475,false],"web-stories-poster-portrait":["https:\/\/experienciadevida.com.ar\/portalurbano\/wp-content\/uploads\/2020\/10\/Galli-presento-el-presupuesto-2021.jpg",640,427,false],"web-stories-publisher-logo":["https:\/\/experienciadevida.com.ar\/portalurbano\/wp-content\/uploads\/2020\/10\/Galli-presento-el-presupuesto-2021.jpg",96,64,false],"web-stories-thumbnail":["https:\/\/experienciadevida.com.ar\/portalurbano\/wp-content\/uploads\/2020\/10\/Galli-presento-el-presupuesto-2021.jpg",150,100,false]},"author_info":{"display_name":"admpu17wp","author_link":"https:\/\/experienciadevida.com.ar\/portalurbano\/author\/admpu17wp\/"},"category_info":"<a href=\"https:\/\/experienciadevida.com.ar\/portalurbano\/category\/ciudad\/\" rel=\"category tag\">Ciudad<\/a> <a href=\"https:\/\/experienciadevida.com.ar\/portalurbano\/category\/destacadas\/\" rel=\"category tag\">Destacadas<\/a>","tag_info":"Destacadas","comment_count":"0","amp_enabled":true,"_links":{"self":[{"href":"https:\/\/experienciadevida.com.ar\/portalurbano\/wp-json\/wp\/v2\/posts\/125866"}],"collection":[{"href":"https:\/\/experienciadevida.com.ar\/portalurbano\/wp-json\/wp\/v2\/posts"}],"about":[{"href":"https:\/\/experienciadevida.com.ar\/portalurbano\/wp-json\/wp\/v2\/types\/post"}],"author":[{"embeddable":true,"href":"https:\/\/experienciadevida.com.ar\/portalurbano\/wp-json\/wp\/v2\/users\/1"}],"replies":[{"embeddable":true,"href":"https:\/\/experienciadevida.com.ar\/portalurbano\/wp-json\/wp\/v2\/comments?post=125866"}],"version-history":[{"count":5,"href":"https:\/\/experienciadevida.com.ar\/portalurbano\/wp-json\/wp\/v2\/posts\/125866\/revisions"}],"predecessor-version":[{"id":125873,"href":"https:\/\/experienciadevida.com.ar\/portalurbano\/wp-json\/wp\/v2\/posts\/125866\/revisions\/125873"}],"wp:featuredmedia":[{"embeddable":true,"href":"https:\/\/experienciadevida.com.ar\/portalurbano\/wp-json\/wp\/v2\/media\/125867"}],"wp:attachment":[{"href":"https:\/\/experienciadevida.com.ar\/portalurbano\/wp-json\/wp\/v2\/media?parent=125866"}],"wp:term":[{"taxonomy":"category","embeddable":true,"href":"https:\/\/experienciadevida.com.ar\/portalurbano\/wp-json\/wp\/v2\/categories?post=125866"},{"taxonomy":"post_tag","embeddable":true,"href":"https:\/\/experienciadevida.com.ar\/portalurbano\/wp-json\/wp\/v2\/tags?post=125866"}],"curies":[{"name":"wp","href":"https:\/\/api.w.org\/{rel}","templated":true}]}}