{"id":125599,"date":"2020-10-28T12:47:50","date_gmt":"2020-10-28T15:47:50","guid":{"rendered":"https:\/\/experienciadevida.com.ar\/portalurbano\/?p=125599"},"modified":"2020-10-28T12:57:19","modified_gmt":"2020-10-28T15:57:19","slug":"convocaron-a-una-sentada-nacional-por-la-legalizacion-del-aborto","status":"publish","type":"post","link":"https:\/\/experienciadevida.com.ar\/portalurbano\/convocaron-a-una-sentada-nacional-por-la-legalizacion-del-aborto\/","title":{"rendered":"Convocaron a una \u201csentada nacional\u201d por la legalizaci\u00f3n del aborto"},"content":{"rendered":"<p><strong>La sentada nacional es por iniciativa es organizada por Mumal\u00e1. Desde la agrupaci\u00f3n piden que el Congreso trate el proyecto de ley sobre la Interrupci\u00f3n Legal del Embarazo (ILE).<\/strong><\/p>\n<hr \/>\n<p>La agrupaci\u00f3n\u00a0<strong>Mujeres de la Matria Latinoamericana<\/strong>\u00a0(Mumal\u00e1) convoc\u00f3 para este mi\u00e9rcoles 28 de octubre a una\u00a0<strong>\u201csentada nacional\u201d<\/strong>\u00a0para pedir el\u00a0<b>tratamiento urgente del proyecto sobre la legalizaci\u00f3n del aborto<\/b>.<\/p>\n<p>\u201c<strong>Es responsabilidad del Estado crear pol\u00edticas que eviten las muertes<\/strong>, las injusticias sociales fruto de la clandestinidad del aborto y la posibilidad de decidir sin miedo\u201d, sostiene la agrupaci\u00f3n en un comunicado.<\/p>\n<p>\u201cLos organismos internacionales de derechos humanos, la sociedad argentina, la evidencia cient\u00edfica, han alertado sobre la urgencia de\u00a0<strong>garantizar educaci\u00f3n sexual, anticonceptivos y aborto legal<\/strong>, llegando a presentar proyectos que lograron media sanci\u00f3n en el Congreso en 2018\u201d, a\u00f1adieron.<\/p>\n<p>Adem\u00e1s, se\u00f1alaron que\u00a0<strong>\u201cla pandemia es la causa de la urgencia\u201d<\/strong>\u00a0y advirti\u00f3 que \u201cla clandestinidad es la que recarga el sistema de salud\u201d.Para la agrupaci\u00f3n, \u201cya contamos con proyecto fruto de la articulaci\u00f3n de cientos de organizaciones en el marco de la\u00a0<strong>Campa\u00f1a por el aborto legal, seguro y gratuito<\/strong>\u201d.<\/p>\n<p>\u201cSeguimos reclamando el derecho a\u00a0<strong>Educaci\u00f3n Sexual Integral, Anticonceptivos para decidir sobre nuestros derechos sexuales (no) reproductivos y Aborto Lega<\/strong>l\u201d, concluyeron.<\/p>\n<blockquote class=\"twitter-tweet\">\n<p dir=\"ltr\" lang=\"es\"><a href=\"https:\/\/twitter.com\/hashtag\/SentadaNacional?src=hash&amp;ref_src=twsrc%5Etfw\">#SentadaNacional<\/a><br \/>\n\ud83d\udc9aMi\u00e9rcoles 28 de Octubre en todo el pa\u00eds\ud83c\udde6\ud83c\uddf7 <a href=\"https:\/\/twitter.com\/hashtag\/AbortoAlCongreso?src=hash&amp;ref_src=twsrc%5Etfw\">#AbortoAlCongreso<\/a> <a href=\"https:\/\/twitter.com\/hashtag\/EsUrgente?src=hash&amp;ref_src=twsrc%5Etfw\">#EsUrgente<\/a> <a href=\"https:\/\/twitter.com\/hashtag\/EsEsencial?src=hash&amp;ref_src=twsrc%5Etfw\">#EsEsencial<\/a> <a href=\"https:\/\/t.co\/xOyRgyfMkW\">pic.twitter.com\/xOyRgyfMkW<\/a><\/p>\n<p>\u2014 MuMaL\u00e1 Nacional (@MuMaLaNacional) <a href=\"https:\/\/twitter.com\/MuMaLaNacional\/status\/1320763332081704962?ref_src=twsrc%5Etfw\">October 26, 2020<\/a><\/p><\/blockquote>\n<p><script async src=\"https:\/\/platform.twitter.com\/widgets.js\" charset=\"utf-8\"><\/script><\/p>\n<p>&nbsp;<\/p>\n","protected":false},"excerpt":{"rendered":"<p>La sentada nacional es por iniciativa es organizada por Mumal\u00e1. Desde la agrupaci\u00f3n piden que&#8230;<\/p>\n","protected":false},"author":1,"featured_media":125602,"comment_status":"closed","ping_status":"closed","sticky":false,"template":"","format":"standard","meta":{"content-type":""},"categories":[39],"tags":[494],"nelio_content":{"isAutoShareEnabled":false,"autoShareEndMode":"default","automationSources":{"useContentSentences":true,"useSocialTemplates":true,"useCustomSentences":false,"customSentences":[]},"followers":[1],"suggestedReferences":[],"includedReferences":["https:\/\/t.co\/xOyRgyfMkW"],"efiUrl":"","efiAlt":"","highlights":[]},"yoast_head":"<!-- This site is optimized with the Yoast SEO plugin v20.7 - https:\/\/yoast.com\/wordpress\/plugins\/seo\/ -->\n<title>Convocaron a una \u201csentada nacional\u201d por la legalizaci\u00f3n del aborto<\/title>\n<meta name=\"description\" content=\"Sentada nacional La iniciativa organizada por Mumal\u00e1. Desde la agrupaci\u00f3n piden que Congreso trate el proyecto sobre interrupcion legal ILE\" \/>\n<meta name=\"robots\" content=\"index, follow, max-snippet:-1, max-image-preview:large, max-video-preview:-1\" \/>\n<link rel=\"canonical\" href=\"https:\/\/experienciadevida.com.ar\/portalurbano\/convocaron-a-una-sentada-nacional-por-la-legalizacion-del-aborto\/\" \/>\n<meta property=\"og:locale\" content=\"es_ES\" \/>\n<meta property=\"og:type\" content=\"article\" \/>\n<meta property=\"og:title\" content=\"Convocaron a una \u201csentada nacional\u201d por la legalizaci\u00f3n del aborto\" \/>\n<meta property=\"og:description\" content=\"Sentada nacional La iniciativa organizada por Mumal\u00e1. Desde la agrupaci\u00f3n piden que Congreso trate el proyecto sobre interrupcion legal ILE\" \/>\n<meta property=\"og:url\" content=\"https:\/\/experienciadevida.com.ar\/portalurbano\/convocaron-a-una-sentada-nacional-por-la-legalizacion-del-aborto\/\" \/>\n<meta property=\"article:publisher\" content=\"https:\/\/www.facebook.com\/Portal-Urbano-171542830093757\/\" \/>\n<meta property=\"article:published_time\" content=\"2020-10-28T15:47:50+00:00\" \/>\n<meta property=\"article:modified_time\" content=\"2020-10-28T15:57:19+00:00\" \/>\n<meta property=\"og:image\" content=\"https:\/\/experienciadevida.com.ar\/portalurbano\/wp-content\/uploads\/2020\/10\/ElRGuzZXUAceq9g.jpg\" \/>\n\t<meta property=\"og:image:width\" content=\"680\" \/>\n\t<meta property=\"og:image:height\" content=\"383\" \/>\n\t<meta property=\"og:image:type\" content=\"image\/jpeg\" \/>\n<meta name=\"author\" content=\"admpu17wp\" \/>\n<meta name=\"twitter:card\" content=\"summary_large_image\" \/>\n<meta name=\"twitter:creator\" content=\"@portalurbanook\" \/>\n<meta name=\"twitter:site\" content=\"@portalurbanook\" \/>\n<meta name=\"twitter:label1\" content=\"Escrito por\" \/>\n\t<meta name=\"twitter:data1\" content=\"admpu17wp\" \/>\n\t<meta name=\"twitter:label2\" content=\"Tiempo de lectura\" \/>\n\t<meta name=\"twitter:data2\" content=\"1 minuto\" \/>\n<script type=\"application\/ld+json\" class=\"yoast-schema-graph\">{\"@context\":\"https:\/\/schema.org\",\"@graph\":[{\"@type\":\"Article\",\"@id\":\"https:\/\/experienciadevida.com.ar\/portalurbano\/convocaron-a-una-sentada-nacional-por-la-legalizacion-del-aborto\/#article\",\"isPartOf\":{\"@id\":\"https:\/\/experienciadevida.com.ar\/portalurbano\/convocaron-a-una-sentada-nacional-por-la-legalizacion-del-aborto\/\"},\"author\":{\"name\":\"admpu17wp\",\"@id\":\"https:\/\/experienciadevida.com.ar\/portalurbano\/#\/schema\/person\/02dd326b1c4b056e9cc972486934a3a7\"},\"headline\":\"Convocaron a una \u201csentada nacional\u201d por la legalizaci\u00f3n del aborto\",\"datePublished\":\"2020-10-28T15:47:50+00:00\",\"dateModified\":\"2020-10-28T15:57:19+00:00\",\"mainEntityOfPage\":{\"@id\":\"https:\/\/experienciadevida.com.ar\/portalurbano\/convocaron-a-una-sentada-nacional-por-la-legalizacion-del-aborto\/\"},\"wordCount\":252,\"publisher\":{\"@id\":\"https:\/\/experienciadevida.com.ar\/portalurbano\/#organization\"},\"keywords\":[\"aborto\"],\"articleSection\":[\"Naci\u00f3n\"],\"inLanguage\":\"es\"},{\"@type\":\"WebPage\",\"@id\":\"https:\/\/experienciadevida.com.ar\/portalurbano\/convocaron-a-una-sentada-nacional-por-la-legalizacion-del-aborto\/\",\"url\":\"https:\/\/experienciadevida.com.ar\/portalurbano\/convocaron-a-una-sentada-nacional-por-la-legalizacion-del-aborto\/\",\"name\":\"Convocaron a una \u201csentada nacional\u201d por la legalizaci\u00f3n del aborto\",\"isPartOf\":{\"@id\":\"https:\/\/experienciadevida.com.ar\/portalurbano\/#website\"},\"datePublished\":\"2020-10-28T15:47:50+00:00\",\"dateModified\":\"2020-10-28T15:57:19+00:00\",\"description\":\"Sentada nacional La iniciativa organizada por Mumal\u00e1. Desde la agrupaci\u00f3n piden que Congreso trate el proyecto sobre interrupcion legal ILE\",\"breadcrumb\":{\"@id\":\"https:\/\/experienciadevida.com.ar\/portalurbano\/convocaron-a-una-sentada-nacional-por-la-legalizacion-del-aborto\/#breadcrumb\"},\"inLanguage\":\"es\",\"potentialAction\":[{\"@type\":\"ReadAction\",\"target\":[\"https:\/\/experienciadevida.com.ar\/portalurbano\/convocaron-a-una-sentada-nacional-por-la-legalizacion-del-aborto\/\"]}]},{\"@type\":\"BreadcrumbList\",\"@id\":\"https:\/\/experienciadevida.com.ar\/portalurbano\/convocaron-a-una-sentada-nacional-por-la-legalizacion-del-aborto\/#breadcrumb\",\"itemListElement\":[{\"@type\":\"ListItem\",\"position\":1,\"name\":\"Portada\",\"item\":\"https:\/\/experienciadevida.com.ar\/portalurbano\/\"},{\"@type\":\"ListItem\",\"position\":2,\"name\":\"Convocaron a una \u201csentada nacional\u201d por la legalizaci\u00f3n del aborto\"}]},{\"@type\":\"WebSite\",\"@id\":\"https:\/\/experienciadevida.com.ar\/portalurbano\/#website\",\"url\":\"https:\/\/experienciadevida.com.ar\/portalurbano\/\",\"name\":\"\",\"description\":\"\",\"publisher\":{\"@id\":\"https:\/\/experienciadevida.com.ar\/portalurbano\/#organization\"},\"potentialAction\":[{\"@type\":\"SearchAction\",\"target\":{\"@type\":\"EntryPoint\",\"urlTemplate\":\"https:\/\/experienciadevida.com.ar\/portalurbano\/?s={search_term_string}\"},\"query-input\":\"required name=search_term_string\"}],\"inLanguage\":\"es\"},{\"@type\":\"Organization\",\"@id\":\"https:\/\/experienciadevida.com.ar\/portalurbano\/#organization\",\"name\":\"Portal Urbano\",\"url\":\"https:\/\/experienciadevida.com.ar\/portalurbano\/\",\"logo\":{\"@type\":\"ImageObject\",\"inLanguage\":\"es\",\"@id\":\"https:\/\/experienciadevida.com.ar\/portalurbano\/#\/schema\/logo\/image\/\",\"url\":\"https:\/\/experienciadevida.com.ar\/portalurbano\/wp-content\/uploads\/2019\/09\/Logo-Original.png\",\"contentUrl\":\"https:\/\/experienciadevida.com.ar\/portalurbano\/wp-content\/uploads\/2019\/09\/Logo-Original.png\",\"width\":2236,\"height\":1216,\"caption\":\"Portal Urbano\"},\"image\":{\"@id\":\"https:\/\/experienciadevida.com.ar\/portalurbano\/#\/schema\/logo\/image\/\"},\"sameAs\":[\"https:\/\/www.facebook.com\/Portal-Urbano-171542830093757\/\",\"https:\/\/twitter.com\/portalurbanook\",\"https:\/\/www.instagram.com\/_portalurbano\/\",\"https:\/\/www.youtube.com\/channel\/UCXhagIfszH8KxFiOok79zbA?view_as=subscriber\"]},{\"@type\":\"Person\",\"@id\":\"https:\/\/experienciadevida.com.ar\/portalurbano\/#\/schema\/person\/02dd326b1c4b056e9cc972486934a3a7\",\"name\":\"admpu17wp\",\"image\":{\"@type\":\"ImageObject\",\"inLanguage\":\"es\",\"@id\":\"https:\/\/experienciadevida.com.ar\/portalurbano\/#\/schema\/person\/image\/\",\"url\":\"https:\/\/secure.gravatar.com\/avatar\/830d4c57adaae6630765e449a6908047?s=96&d=mm&r=g\",\"contentUrl\":\"https:\/\/secure.gravatar.com\/avatar\/830d4c57adaae6630765e449a6908047?s=96&d=mm&r=g\",\"caption\":\"admpu17wp\"}}]}<\/script>\n<!-- \/ Yoast SEO plugin. -->","yoast_head_json":{"title":"Convocaron a una \u201csentada nacional\u201d por la legalizaci\u00f3n del aborto","description":"Sentada nacional La iniciativa organizada por Mumal\u00e1. Desde la agrupaci\u00f3n piden que Congreso trate el proyecto sobre interrupcion legal ILE","robots":{"index":"index","follow":"follow","max-snippet":"max-snippet:-1","max-image-preview":"max-image-preview:large","max-video-preview":"max-video-preview:-1"},"canonical":"https:\/\/experienciadevida.com.ar\/portalurbano\/convocaron-a-una-sentada-nacional-por-la-legalizacion-del-aborto\/","og_locale":"es_ES","og_type":"article","og_title":"Convocaron a una \u201csentada nacional\u201d por la legalizaci\u00f3n del aborto","og_description":"Sentada nacional La iniciativa organizada por Mumal\u00e1. Desde la agrupaci\u00f3n piden que Congreso trate el proyecto sobre interrupcion legal ILE","og_url":"https:\/\/experienciadevida.com.ar\/portalurbano\/convocaron-a-una-sentada-nacional-por-la-legalizacion-del-aborto\/","article_publisher":"https:\/\/www.facebook.com\/Portal-Urbano-171542830093757\/","article_published_time":"2020-10-28T15:47:50+00:00","article_modified_time":"2020-10-28T15:57:19+00:00","og_image":[{"width":680,"height":383,"url":"https:\/\/experienciadevida.com.ar\/portalurbano\/wp-content\/uploads\/2020\/10\/ElRGuzZXUAceq9g.jpg","type":"image\/jpeg"}],"author":"admpu17wp","twitter_card":"summary_large_image","twitter_creator":"@portalurbanook","twitter_site":"@portalurbanook","twitter_misc":{"Escrito por":"admpu17wp","Tiempo de lectura":"1 minuto"},"schema":{"@context":"https:\/\/schema.org","@graph":[{"@type":"Article","@id":"https:\/\/experienciadevida.com.ar\/portalurbano\/convocaron-a-una-sentada-nacional-por-la-legalizacion-del-aborto\/#article","isPartOf":{"@id":"https:\/\/experienciadevida.com.ar\/portalurbano\/convocaron-a-una-sentada-nacional-por-la-legalizacion-del-aborto\/"},"author":{"name":"admpu17wp","@id":"https:\/\/experienciadevida.com.ar\/portalurbano\/#\/schema\/person\/02dd326b1c4b056e9cc972486934a3a7"},"headline":"Convocaron a una \u201csentada nacional\u201d por la legalizaci\u00f3n del aborto","datePublished":"2020-10-28T15:47:50+00:00","dateModified":"2020-10-28T15:57:19+00:00","mainEntityOfPage":{"@id":"https:\/\/experienciadevida.com.ar\/portalurbano\/convocaron-a-una-sentada-nacional-por-la-legalizacion-del-aborto\/"},"wordCount":252,"publisher":{"@id":"https:\/\/experienciadevida.com.ar\/portalurbano\/#organization"},"keywords":["aborto"],"articleSection":["Naci\u00f3n"],"inLanguage":"es"},{"@type":"WebPage","@id":"https:\/\/experienciadevida.com.ar\/portalurbano\/convocaron-a-una-sentada-nacional-por-la-legalizacion-del-aborto\/","url":"https:\/\/experienciadevida.com.ar\/portalurbano\/convocaron-a-una-sentada-nacional-por-la-legalizacion-del-aborto\/","name":"Convocaron a una \u201csentada nacional\u201d por la legalizaci\u00f3n del aborto","isPartOf":{"@id":"https:\/\/experienciadevida.com.ar\/portalurbano\/#website"},"datePublished":"2020-10-28T15:47:50+00:00","dateModified":"2020-10-28T15:57:19+00:00","description":"Sentada nacional La iniciativa organizada por Mumal\u00e1. Desde la agrupaci\u00f3n piden que Congreso trate el proyecto sobre interrupcion legal ILE","breadcrumb":{"@id":"https:\/\/experienciadevida.com.ar\/portalurbano\/convocaron-a-una-sentada-nacional-por-la-legalizacion-del-aborto\/#breadcrumb"},"inLanguage":"es","potentialAction":[{"@type":"ReadAction","target":["https:\/\/experienciadevida.com.ar\/portalurbano\/convocaron-a-una-sentada-nacional-por-la-legalizacion-del-aborto\/"]}]},{"@type":"BreadcrumbList","@id":"https:\/\/experienciadevida.com.ar\/portalurbano\/convocaron-a-una-sentada-nacional-por-la-legalizacion-del-aborto\/#breadcrumb","itemListElement":[{"@type":"ListItem","position":1,"name":"Portada","item":"https:\/\/experienciadevida.com.ar\/portalurbano\/"},{"@type":"ListItem","position":2,"name":"Convocaron a una \u201csentada nacional\u201d por la legalizaci\u00f3n del aborto"}]},{"@type":"WebSite","@id":"https:\/\/experienciadevida.com.ar\/portalurbano\/#website","url":"https:\/\/experienciadevida.com.ar\/portalurbano\/","name":"","description":"","publisher":{"@id":"https:\/\/experienciadevida.com.ar\/portalurbano\/#organization"},"potentialAction":[{"@type":"SearchAction","target":{"@type":"EntryPoint","urlTemplate":"https:\/\/experienciadevida.com.ar\/portalurbano\/?s={search_term_string}"},"query-input":"required name=search_term_string"}],"inLanguage":"es"},{"@type":"Organization","@id":"https:\/\/experienciadevida.com.ar\/portalurbano\/#organization","name":"Portal Urbano","url":"https:\/\/experienciadevida.com.ar\/portalurbano\/","logo":{"@type":"ImageObject","inLanguage":"es","@id":"https:\/\/experienciadevida.com.ar\/portalurbano\/#\/schema\/logo\/image\/","url":"https:\/\/experienciadevida.com.ar\/portalurbano\/wp-content\/uploads\/2019\/09\/Logo-Original.png","contentUrl":"https:\/\/experienciadevida.com.ar\/portalurbano\/wp-content\/uploads\/2019\/09\/Logo-Original.png","width":2236,"height":1216,"caption":"Portal Urbano"},"image":{"@id":"https:\/\/experienciadevida.com.ar\/portalurbano\/#\/schema\/logo\/image\/"},"sameAs":["https:\/\/www.facebook.com\/Portal-Urbano-171542830093757\/","https:\/\/twitter.com\/portalurbanook","https:\/\/www.instagram.com\/_portalurbano\/","https:\/\/www.youtube.com\/channel\/UCXhagIfszH8KxFiOok79zbA?view_as=subscriber"]},{"@type":"Person","@id":"https:\/\/experienciadevida.com.ar\/portalurbano\/#\/schema\/person\/02dd326b1c4b056e9cc972486934a3a7","name":"admpu17wp","image":{"@type":"ImageObject","inLanguage":"es","@id":"https:\/\/experienciadevida.com.ar\/portalurbano\/#\/schema\/person\/image\/","url":"https:\/\/secure.gravatar.com\/avatar\/830d4c57adaae6630765e449a6908047?s=96&d=mm&r=g","contentUrl":"https:\/\/secure.gravatar.com\/avatar\/830d4c57adaae6630765e449a6908047?s=96&d=mm&r=g","caption":"admpu17wp"}}]}},"featured_image_urls":{"full":["https:\/\/experienciadevida.com.ar\/portalurbano\/wp-content\/uploads\/2020\/10\/ElRGuzZXUAceq9g.jpg",680,383,false],"thumbnail":["https:\/\/experienciadevida.com.ar\/portalurbano\/wp-content\/uploads\/2020\/10\/ElRGuzZXUAceq9g-150x150.jpg",150,150,true],"medium":["https:\/\/experienciadevida.com.ar\/portalurbano\/wp-content\/uploads\/2020\/10\/ElRGuzZXUAceq9g-300x169.jpg",300,169,true],"medium_large":["https:\/\/experienciadevida.com.ar\/portalurbano\/wp-content\/uploads\/2020\/10\/ElRGuzZXUAceq9g.jpg",640,360,false],"large":["https:\/\/experienciadevida.com.ar\/portalurbano\/wp-content\/uploads\/2020\/10\/ElRGuzZXUAceq9g.jpg",640,360,false],"ug_big":["https:\/\/experienciadevida.com.ar\/portalurbano\/wp-content\/uploads\/2020\/10\/ElRGuzZXUAceq9g.jpg",680,383,false],"1536x1536":["https:\/\/experienciadevida.com.ar\/portalurbano\/wp-content\/uploads\/2020\/10\/ElRGuzZXUAceq9g.jpg",680,383,false],"2048x2048":["https:\/\/experienciadevida.com.ar\/portalurbano\/wp-content\/uploads\/2020\/10\/ElRGuzZXUAceq9g.jpg",680,383,false],"newsever-slider-full":["https:\/\/experienciadevida.com.ar\/portalurbano\/wp-content\/uploads\/2020\/10\/ElRGuzZXUAceq9g.jpg",680,383,false],"newsever-featured":["https:\/\/experienciadevida.com.ar\/portalurbano\/wp-content\/uploads\/2020\/10\/ElRGuzZXUAceq9g.jpg",680,383,false],"newsever-medium":["https:\/\/experienciadevida.com.ar\/portalurbano\/wp-content\/uploads\/2020\/10\/ElRGuzZXUAceq9g.jpg",680,383,false],"web-stories-poster-portrait":["https:\/\/experienciadevida.com.ar\/portalurbano\/wp-content\/uploads\/2020\/10\/ElRGuzZXUAceq9g.jpg",640,360,false],"web-stories-publisher-logo":["https:\/\/experienciadevida.com.ar\/portalurbano\/wp-content\/uploads\/2020\/10\/ElRGuzZXUAceq9g.jpg",96,54,false],"web-stories-thumbnail":["https:\/\/experienciadevida.com.ar\/portalurbano\/wp-content\/uploads\/2020\/10\/ElRGuzZXUAceq9g.jpg",150,84,false]},"author_info":{"display_name":"admpu17wp","author_link":"https:\/\/experienciadevida.com.ar\/portalurbano\/author\/admpu17wp\/"},"category_info":"<a href=\"https:\/\/experienciadevida.com.ar\/portalurbano\/category\/nacion\/\" rel=\"category tag\">Naci\u00f3n<\/a>","tag_info":"Naci\u00f3n","comment_count":"0","amp_enabled":true,"_links":{"self":[{"href":"https:\/\/experienciadevida.com.ar\/portalurbano\/wp-json\/wp\/v2\/posts\/125599"}],"collection":[{"href":"https:\/\/experienciadevida.com.ar\/portalurbano\/wp-json\/wp\/v2\/posts"}],"about":[{"href":"https:\/\/experienciadevida.com.ar\/portalurbano\/wp-json\/wp\/v2\/types\/post"}],"author":[{"embeddable":true,"href":"https:\/\/experienciadevida.com.ar\/portalurbano\/wp-json\/wp\/v2\/users\/1"}],"replies":[{"embeddable":true,"href":"https:\/\/experienciadevida.com.ar\/portalurbano\/wp-json\/wp\/v2\/comments?post=125599"}],"version-history":[{"count":4,"href":"https:\/\/experienciadevida.com.ar\/portalurbano\/wp-json\/wp\/v2\/posts\/125599\/revisions"}],"predecessor-version":[{"id":125610,"href":"https:\/\/experienciadevida.com.ar\/portalurbano\/wp-json\/wp\/v2\/posts\/125599\/revisions\/125610"}],"wp:featuredmedia":[{"embeddable":true,"href":"https:\/\/experienciadevida.com.ar\/portalurbano\/wp-json\/wp\/v2\/media\/125602"}],"wp:attachment":[{"href":"https:\/\/experienciadevida.com.ar\/portalurbano\/wp-json\/wp\/v2\/media?parent=125599"}],"wp:term":[{"taxonomy":"category","embeddable":true,"href":"https:\/\/experienciadevida.com.ar\/portalurbano\/wp-json\/wp\/v2\/categories?post=125599"},{"taxonomy":"post_tag","embeddable":true,"href":"https:\/\/experienciadevida.com.ar\/portalurbano\/wp-json\/wp\/v2\/tags?post=125599"}],"curies":[{"name":"wp","href":"https:\/\/api.w.org\/{rel}","templated":true}]}}