{"id":125546,"date":"2020-10-28T10:20:24","date_gmt":"2020-10-28T13:20:24","guid":{"rendered":"https:\/\/experienciadevida.com.ar\/portalurbano\/?p=125546"},"modified":"2020-10-28T10:25:04","modified_gmt":"2020-10-28T13:25:04","slug":"tras-un-allanamiento-detuvieron-al-agresor-de-un-joven-atacado-con-un-arma-blanca","status":"publish","type":"post","link":"https:\/\/experienciadevida.com.ar\/portalurbano\/tras-un-allanamiento-detuvieron-al-agresor-de-un-joven-atacado-con-un-arma-blanca\/","title":{"rendered":"Tras un allanamiento, detuvieron al agresor de un joven atacado con un arma blanca"},"content":{"rendered":"<p>El personal policial de la comisaria primera junto con comisaria segunda, polic\u00eda local, comando de prevenci\u00f3n rural, grupo GAD y DDI realizaron un <strong>allanamiento<\/strong> otorgado por el Juzgado n\u00b02 en un domicilio ubicado en la calle Cerrito al 4700.<\/p>\n<p>All\u00ed procedieron al secuestro de una hoja de cuchilla y elementos de inter\u00e9s. As\u00edmismo se hizo efectiva a Detenci\u00f3n de Enzo Adri\u00e1n Del Pino, de 25 a\u00f1os, siendo trasladado hacia la comisar\u00eda primera.<\/p>\n<p><a href=\"https:\/\/experienciadevida.com.ar\/portalurbano\/un-joven-fue-apunalado-y-sufrio-heridas\/\">Se deja constancia que el hecho por el que se realizo el allanamiento y la detenci\u00f3n fue cometido el fin de semana en calle Juan XXIII Y Chacabuco<\/a> donde luego de una confrontaci\u00f3n entre 2 masculinos, uno de 24 a\u00f1os present\u00f3 una herido punzo cortante en la regi\u00f3n tor\u00e1cica y pelvis, motivo por el cual tuvo que ser intervenido quir\u00fargicamente en el Nosocomio Local.<\/p>\n<p>A ra\u00edz de esto, el personal policial\u00a0 y la UFI n\u00b010 a cargo de la Dra. Viviana Beyt\u00eda inician actuaciones de oficio, realizando rastrillajes en la zona del hecho, averiguaciones, testimoniales por video llamada, logrando reunir elementos y pruebas suficientes para dar con el autor material del hecho.<\/p>\n","protected":false},"excerpt":{"rendered":"<p>El personal policial de la comisaria primera junto con comisaria segunda, polic\u00eda local, comando de&#8230;<\/p>\n","protected":false},"author":1,"featured_media":125548,"comment_status":"closed","ping_status":"closed","sticky":false,"template":"","format":"standard","meta":{"content-type":""},"categories":[51,40],"tags":[],"nelio_content":{"isAutoShareEnabled":false,"autoShareEndMode":"default","automationSources":{"useContentSentences":true,"useSocialTemplates":true,"useCustomSentences":false,"customSentences":[]},"followers":[1],"suggestedReferences":[],"includedReferences":[],"efiUrl":"","efiAlt":"","highlights":[]},"yoast_head":"<!-- This site is optimized with the Yoast SEO plugin v20.7 - https:\/\/yoast.com\/wordpress\/plugins\/seo\/ -->\n<title>Tras un allanamiento detuvieron al agresor de un joven atacado<\/title>\n<meta name=\"description\" content=\"La polic\u00eda realiz\u00f3 un allanamiento donde detuvieron al agresor de un joven atacado con un arma blanca hecho ocurrido d\u00edas atr\u00e1s.\" \/>\n<meta name=\"robots\" content=\"index, follow, max-snippet:-1, max-image-preview:large, max-video-preview:-1\" \/>\n<link rel=\"canonical\" href=\"https:\/\/experienciadevida.com.ar\/portalurbano\/tras-un-allanamiento-detuvieron-al-agresor-de-un-joven-atacado-con-un-arma-blanca\/\" \/>\n<meta property=\"og:locale\" content=\"es_ES\" \/>\n<meta property=\"og:type\" content=\"article\" \/>\n<meta property=\"og:title\" content=\"Tras un allanamiento detuvieron al agresor de un joven atacado\" \/>\n<meta property=\"og:description\" content=\"La polic\u00eda realiz\u00f3 un allanamiento donde detuvieron al agresor de un joven atacado con un arma blanca hecho ocurrido d\u00edas atr\u00e1s.\" \/>\n<meta property=\"og:url\" content=\"https:\/\/experienciadevida.com.ar\/portalurbano\/tras-un-allanamiento-detuvieron-al-agresor-de-un-joven-atacado-con-un-arma-blanca\/\" \/>\n<meta property=\"article:publisher\" content=\"https:\/\/www.facebook.com\/Portal-Urbano-171542830093757\/\" \/>\n<meta property=\"article:published_time\" content=\"2020-10-28T13:20:24+00:00\" \/>\n<meta property=\"article:modified_time\" content=\"2020-10-28T13:25:04+00:00\" \/>\n<meta property=\"og:image\" content=\"https:\/\/experienciadevida.com.ar\/portalurbano\/wp-content\/uploads\/2020\/10\/c2682cbc-276b-43dc-a5de-99cc2011157c-1.jpg\" \/>\n\t<meta property=\"og:image:width\" content=\"765\" \/>\n\t<meta property=\"og:image:height\" content=\"509\" \/>\n\t<meta property=\"og:image:type\" content=\"image\/jpeg\" \/>\n<meta name=\"author\" content=\"admpu17wp\" \/>\n<meta name=\"twitter:card\" content=\"summary_large_image\" \/>\n<meta name=\"twitter:creator\" content=\"@portalurbanook\" \/>\n<meta name=\"twitter:site\" content=\"@portalurbanook\" \/>\n<meta name=\"twitter:label1\" content=\"Escrito por\" \/>\n\t<meta name=\"twitter:data1\" content=\"admpu17wp\" \/>\n\t<meta name=\"twitter:label2\" content=\"Tiempo de lectura\" \/>\n\t<meta name=\"twitter:data2\" content=\"1 minuto\" \/>\n<script type=\"application\/ld+json\" class=\"yoast-schema-graph\">{\"@context\":\"https:\/\/schema.org\",\"@graph\":[{\"@type\":\"Article\",\"@id\":\"https:\/\/experienciadevida.com.ar\/portalurbano\/tras-un-allanamiento-detuvieron-al-agresor-de-un-joven-atacado-con-un-arma-blanca\/#article\",\"isPartOf\":{\"@id\":\"https:\/\/experienciadevida.com.ar\/portalurbano\/tras-un-allanamiento-detuvieron-al-agresor-de-un-joven-atacado-con-un-arma-blanca\/\"},\"author\":{\"name\":\"admpu17wp\",\"@id\":\"https:\/\/experienciadevida.com.ar\/portalurbano\/#\/schema\/person\/02dd326b1c4b056e9cc972486934a3a7\"},\"headline\":\"Tras un allanamiento, detuvieron al agresor de un joven atacado con un arma blanca\",\"datePublished\":\"2020-10-28T13:20:24+00:00\",\"dateModified\":\"2020-10-28T13:25:04+00:00\",\"mainEntityOfPage\":{\"@id\":\"https:\/\/experienciadevida.com.ar\/portalurbano\/tras-un-allanamiento-detuvieron-al-agresor-de-un-joven-atacado-con-un-arma-blanca\/\"},\"wordCount\":210,\"publisher\":{\"@id\":\"https:\/\/experienciadevida.com.ar\/portalurbano\/#organization\"},\"articleSection\":[\"Destacadas\",\"Policiales\"],\"inLanguage\":\"es\"},{\"@type\":\"WebPage\",\"@id\":\"https:\/\/experienciadevida.com.ar\/portalurbano\/tras-un-allanamiento-detuvieron-al-agresor-de-un-joven-atacado-con-un-arma-blanca\/\",\"url\":\"https:\/\/experienciadevida.com.ar\/portalurbano\/tras-un-allanamiento-detuvieron-al-agresor-de-un-joven-atacado-con-un-arma-blanca\/\",\"name\":\"Tras un allanamiento detuvieron al agresor de un joven atacado\",\"isPartOf\":{\"@id\":\"https:\/\/experienciadevida.com.ar\/portalurbano\/#website\"},\"datePublished\":\"2020-10-28T13:20:24+00:00\",\"dateModified\":\"2020-10-28T13:25:04+00:00\",\"description\":\"La polic\u00eda realiz\u00f3 un allanamiento donde detuvieron al agresor de un joven atacado con un arma blanca hecho ocurrido d\u00edas atr\u00e1s.\",\"breadcrumb\":{\"@id\":\"https:\/\/experienciadevida.com.ar\/portalurbano\/tras-un-allanamiento-detuvieron-al-agresor-de-un-joven-atacado-con-un-arma-blanca\/#breadcrumb\"},\"inLanguage\":\"es\",\"potentialAction\":[{\"@type\":\"ReadAction\",\"target\":[\"https:\/\/experienciadevida.com.ar\/portalurbano\/tras-un-allanamiento-detuvieron-al-agresor-de-un-joven-atacado-con-un-arma-blanca\/\"]}]},{\"@type\":\"BreadcrumbList\",\"@id\":\"https:\/\/experienciadevida.com.ar\/portalurbano\/tras-un-allanamiento-detuvieron-al-agresor-de-un-joven-atacado-con-un-arma-blanca\/#breadcrumb\",\"itemListElement\":[{\"@type\":\"ListItem\",\"position\":1,\"name\":\"Portada\",\"item\":\"https:\/\/experienciadevida.com.ar\/portalurbano\/\"},{\"@type\":\"ListItem\",\"position\":2,\"name\":\"Tras un allanamiento, detuvieron al agresor de un joven atacado con un arma blanca\"}]},{\"@type\":\"WebSite\",\"@id\":\"https:\/\/experienciadevida.com.ar\/portalurbano\/#website\",\"url\":\"https:\/\/experienciadevida.com.ar\/portalurbano\/\",\"name\":\"\",\"description\":\"\",\"publisher\":{\"@id\":\"https:\/\/experienciadevida.com.ar\/portalurbano\/#organization\"},\"potentialAction\":[{\"@type\":\"SearchAction\",\"target\":{\"@type\":\"EntryPoint\",\"urlTemplate\":\"https:\/\/experienciadevida.com.ar\/portalurbano\/?s={search_term_string}\"},\"query-input\":\"required name=search_term_string\"}],\"inLanguage\":\"es\"},{\"@type\":\"Organization\",\"@id\":\"https:\/\/experienciadevida.com.ar\/portalurbano\/#organization\",\"name\":\"Portal Urbano\",\"url\":\"https:\/\/experienciadevida.com.ar\/portalurbano\/\",\"logo\":{\"@type\":\"ImageObject\",\"inLanguage\":\"es\",\"@id\":\"https:\/\/experienciadevida.com.ar\/portalurbano\/#\/schema\/logo\/image\/\",\"url\":\"https:\/\/experienciadevida.com.ar\/portalurbano\/wp-content\/uploads\/2019\/09\/Logo-Original.png\",\"contentUrl\":\"https:\/\/experienciadevida.com.ar\/portalurbano\/wp-content\/uploads\/2019\/09\/Logo-Original.png\",\"width\":2236,\"height\":1216,\"caption\":\"Portal Urbano\"},\"image\":{\"@id\":\"https:\/\/experienciadevida.com.ar\/portalurbano\/#\/schema\/logo\/image\/\"},\"sameAs\":[\"https:\/\/www.facebook.com\/Portal-Urbano-171542830093757\/\",\"https:\/\/twitter.com\/portalurbanook\",\"https:\/\/www.instagram.com\/_portalurbano\/\",\"https:\/\/www.youtube.com\/channel\/UCXhagIfszH8KxFiOok79zbA?view_as=subscriber\"]},{\"@type\":\"Person\",\"@id\":\"https:\/\/experienciadevida.com.ar\/portalurbano\/#\/schema\/person\/02dd326b1c4b056e9cc972486934a3a7\",\"name\":\"admpu17wp\",\"image\":{\"@type\":\"ImageObject\",\"inLanguage\":\"es\",\"@id\":\"https:\/\/experienciadevida.com.ar\/portalurbano\/#\/schema\/person\/image\/\",\"url\":\"https:\/\/secure.gravatar.com\/avatar\/830d4c57adaae6630765e449a6908047?s=96&d=mm&r=g\",\"contentUrl\":\"https:\/\/secure.gravatar.com\/avatar\/830d4c57adaae6630765e449a6908047?s=96&d=mm&r=g\",\"caption\":\"admpu17wp\"}}]}<\/script>\n<!-- \/ Yoast SEO plugin. -->","yoast_head_json":{"title":"Tras un allanamiento detuvieron al agresor de un joven atacado","description":"La polic\u00eda realiz\u00f3 un allanamiento donde detuvieron al agresor de un joven atacado con un arma blanca hecho ocurrido d\u00edas atr\u00e1s.","robots":{"index":"index","follow":"follow","max-snippet":"max-snippet:-1","max-image-preview":"max-image-preview:large","max-video-preview":"max-video-preview:-1"},"canonical":"https:\/\/experienciadevida.com.ar\/portalurbano\/tras-un-allanamiento-detuvieron-al-agresor-de-un-joven-atacado-con-un-arma-blanca\/","og_locale":"es_ES","og_type":"article","og_title":"Tras un allanamiento detuvieron al agresor de un joven atacado","og_description":"La polic\u00eda realiz\u00f3 un allanamiento donde detuvieron al agresor de un joven atacado con un arma blanca hecho ocurrido d\u00edas atr\u00e1s.","og_url":"https:\/\/experienciadevida.com.ar\/portalurbano\/tras-un-allanamiento-detuvieron-al-agresor-de-un-joven-atacado-con-un-arma-blanca\/","article_publisher":"https:\/\/www.facebook.com\/Portal-Urbano-171542830093757\/","article_published_time":"2020-10-28T13:20:24+00:00","article_modified_time":"2020-10-28T13:25:04+00:00","og_image":[{"width":765,"height":509,"url":"https:\/\/experienciadevida.com.ar\/portalurbano\/wp-content\/uploads\/2020\/10\/c2682cbc-276b-43dc-a5de-99cc2011157c-1.jpg","type":"image\/jpeg"}],"author":"admpu17wp","twitter_card":"summary_large_image","twitter_creator":"@portalurbanook","twitter_site":"@portalurbanook","twitter_misc":{"Escrito por":"admpu17wp","Tiempo de lectura":"1 minuto"},"schema":{"@context":"https:\/\/schema.org","@graph":[{"@type":"Article","@id":"https:\/\/experienciadevida.com.ar\/portalurbano\/tras-un-allanamiento-detuvieron-al-agresor-de-un-joven-atacado-con-un-arma-blanca\/#article","isPartOf":{"@id":"https:\/\/experienciadevida.com.ar\/portalurbano\/tras-un-allanamiento-detuvieron-al-agresor-de-un-joven-atacado-con-un-arma-blanca\/"},"author":{"name":"admpu17wp","@id":"https:\/\/experienciadevida.com.ar\/portalurbano\/#\/schema\/person\/02dd326b1c4b056e9cc972486934a3a7"},"headline":"Tras un allanamiento, detuvieron al agresor de un joven atacado con un arma blanca","datePublished":"2020-10-28T13:20:24+00:00","dateModified":"2020-10-28T13:25:04+00:00","mainEntityOfPage":{"@id":"https:\/\/experienciadevida.com.ar\/portalurbano\/tras-un-allanamiento-detuvieron-al-agresor-de-un-joven-atacado-con-un-arma-blanca\/"},"wordCount":210,"publisher":{"@id":"https:\/\/experienciadevida.com.ar\/portalurbano\/#organization"},"articleSection":["Destacadas","Policiales"],"inLanguage":"es"},{"@type":"WebPage","@id":"https:\/\/experienciadevida.com.ar\/portalurbano\/tras-un-allanamiento-detuvieron-al-agresor-de-un-joven-atacado-con-un-arma-blanca\/","url":"https:\/\/experienciadevida.com.ar\/portalurbano\/tras-un-allanamiento-detuvieron-al-agresor-de-un-joven-atacado-con-un-arma-blanca\/","name":"Tras un allanamiento detuvieron al agresor de un joven atacado","isPartOf":{"@id":"https:\/\/experienciadevida.com.ar\/portalurbano\/#website"},"datePublished":"2020-10-28T13:20:24+00:00","dateModified":"2020-10-28T13:25:04+00:00","description":"La polic\u00eda realiz\u00f3 un allanamiento donde detuvieron al agresor de un joven atacado con un arma blanca hecho ocurrido d\u00edas atr\u00e1s.","breadcrumb":{"@id":"https:\/\/experienciadevida.com.ar\/portalurbano\/tras-un-allanamiento-detuvieron-al-agresor-de-un-joven-atacado-con-un-arma-blanca\/#breadcrumb"},"inLanguage":"es","potentialAction":[{"@type":"ReadAction","target":["https:\/\/experienciadevida.com.ar\/portalurbano\/tras-un-allanamiento-detuvieron-al-agresor-de-un-joven-atacado-con-un-arma-blanca\/"]}]},{"@type":"BreadcrumbList","@id":"https:\/\/experienciadevida.com.ar\/portalurbano\/tras-un-allanamiento-detuvieron-al-agresor-de-un-joven-atacado-con-un-arma-blanca\/#breadcrumb","itemListElement":[{"@type":"ListItem","position":1,"name":"Portada","item":"https:\/\/experienciadevida.com.ar\/portalurbano\/"},{"@type":"ListItem","position":2,"name":"Tras un allanamiento, detuvieron al agresor de un joven atacado con un arma blanca"}]},{"@type":"WebSite","@id":"https:\/\/experienciadevida.com.ar\/portalurbano\/#website","url":"https:\/\/experienciadevida.com.ar\/portalurbano\/","name":"","description":"","publisher":{"@id":"https:\/\/experienciadevida.com.ar\/portalurbano\/#organization"},"potentialAction":[{"@type":"SearchAction","target":{"@type":"EntryPoint","urlTemplate":"https:\/\/experienciadevida.com.ar\/portalurbano\/?s={search_term_string}"},"query-input":"required name=search_term_string"}],"inLanguage":"es"},{"@type":"Organization","@id":"https:\/\/experienciadevida.com.ar\/portalurbano\/#organization","name":"Portal Urbano","url":"https:\/\/experienciadevida.com.ar\/portalurbano\/","logo":{"@type":"ImageObject","inLanguage":"es","@id":"https:\/\/experienciadevida.com.ar\/portalurbano\/#\/schema\/logo\/image\/","url":"https:\/\/experienciadevida.com.ar\/portalurbano\/wp-content\/uploads\/2019\/09\/Logo-Original.png","contentUrl":"https:\/\/experienciadevida.com.ar\/portalurbano\/wp-content\/uploads\/2019\/09\/Logo-Original.png","width":2236,"height":1216,"caption":"Portal Urbano"},"image":{"@id":"https:\/\/experienciadevida.com.ar\/portalurbano\/#\/schema\/logo\/image\/"},"sameAs":["https:\/\/www.facebook.com\/Portal-Urbano-171542830093757\/","https:\/\/twitter.com\/portalurbanook","https:\/\/www.instagram.com\/_portalurbano\/","https:\/\/www.youtube.com\/channel\/UCXhagIfszH8KxFiOok79zbA?view_as=subscriber"]},{"@type":"Person","@id":"https:\/\/experienciadevida.com.ar\/portalurbano\/#\/schema\/person\/02dd326b1c4b056e9cc972486934a3a7","name":"admpu17wp","image":{"@type":"ImageObject","inLanguage":"es","@id":"https:\/\/experienciadevida.com.ar\/portalurbano\/#\/schema\/person\/image\/","url":"https:\/\/secure.gravatar.com\/avatar\/830d4c57adaae6630765e449a6908047?s=96&d=mm&r=g","contentUrl":"https:\/\/secure.gravatar.com\/avatar\/830d4c57adaae6630765e449a6908047?s=96&d=mm&r=g","caption":"admpu17wp"}}]}},"featured_image_urls":{"full":["https:\/\/experienciadevida.com.ar\/portalurbano\/wp-content\/uploads\/2020\/10\/c2682cbc-276b-43dc-a5de-99cc2011157c-1.jpg",765,509,false],"thumbnail":["https:\/\/experienciadevida.com.ar\/portalurbano\/wp-content\/uploads\/2020\/10\/c2682cbc-276b-43dc-a5de-99cc2011157c-1-150x150.jpg",150,150,true],"medium":["https:\/\/experienciadevida.com.ar\/portalurbano\/wp-content\/uploads\/2020\/10\/c2682cbc-276b-43dc-a5de-99cc2011157c-1-300x200.jpg",300,200,true],"medium_large":["https:\/\/experienciadevida.com.ar\/portalurbano\/wp-content\/uploads\/2020\/10\/c2682cbc-276b-43dc-a5de-99cc2011157c-1.jpg",640,426,false],"large":["https:\/\/experienciadevida.com.ar\/portalurbano\/wp-content\/uploads\/2020\/10\/c2682cbc-276b-43dc-a5de-99cc2011157c-1.jpg",640,426,false],"ug_big":["https:\/\/experienciadevida.com.ar\/portalurbano\/wp-content\/uploads\/2020\/10\/c2682cbc-276b-43dc-a5de-99cc2011157c-1.jpg",765,509,false],"1536x1536":["https:\/\/experienciadevida.com.ar\/portalurbano\/wp-content\/uploads\/2020\/10\/c2682cbc-276b-43dc-a5de-99cc2011157c-1.jpg",765,509,false],"2048x2048":["https:\/\/experienciadevida.com.ar\/portalurbano\/wp-content\/uploads\/2020\/10\/c2682cbc-276b-43dc-a5de-99cc2011157c-1.jpg",765,509,false],"newsever-slider-full":["https:\/\/experienciadevida.com.ar\/portalurbano\/wp-content\/uploads\/2020\/10\/c2682cbc-276b-43dc-a5de-99cc2011157c-1.jpg",765,509,false],"newsever-featured":["https:\/\/experienciadevida.com.ar\/portalurbano\/wp-content\/uploads\/2020\/10\/c2682cbc-276b-43dc-a5de-99cc2011157c-1.jpg",765,509,false],"newsever-medium":["https:\/\/experienciadevida.com.ar\/portalurbano\/wp-content\/uploads\/2020\/10\/c2682cbc-276b-43dc-a5de-99cc2011157c-1.jpg",714,475,false],"web-stories-poster-portrait":["https:\/\/experienciadevida.com.ar\/portalurbano\/wp-content\/uploads\/2020\/10\/c2682cbc-276b-43dc-a5de-99cc2011157c-1.jpg",640,426,false],"web-stories-publisher-logo":["https:\/\/experienciadevida.com.ar\/portalurbano\/wp-content\/uploads\/2020\/10\/c2682cbc-276b-43dc-a5de-99cc2011157c-1.jpg",96,64,false],"web-stories-thumbnail":["https:\/\/experienciadevida.com.ar\/portalurbano\/wp-content\/uploads\/2020\/10\/c2682cbc-276b-43dc-a5de-99cc2011157c-1.jpg",150,100,false]},"author_info":{"display_name":"admpu17wp","author_link":"https:\/\/experienciadevida.com.ar\/portalurbano\/author\/admpu17wp\/"},"category_info":"<a href=\"https:\/\/experienciadevida.com.ar\/portalurbano\/category\/destacadas\/\" rel=\"category tag\">Destacadas<\/a> <a href=\"https:\/\/experienciadevida.com.ar\/portalurbano\/category\/policiales\/\" rel=\"category tag\">Policiales<\/a>","tag_info":"Policiales","comment_count":"0","amp_enabled":true,"_links":{"self":[{"href":"https:\/\/experienciadevida.com.ar\/portalurbano\/wp-json\/wp\/v2\/posts\/125546"}],"collection":[{"href":"https:\/\/experienciadevida.com.ar\/portalurbano\/wp-json\/wp\/v2\/posts"}],"about":[{"href":"https:\/\/experienciadevida.com.ar\/portalurbano\/wp-json\/wp\/v2\/types\/post"}],"author":[{"embeddable":true,"href":"https:\/\/experienciadevida.com.ar\/portalurbano\/wp-json\/wp\/v2\/users\/1"}],"replies":[{"embeddable":true,"href":"https:\/\/experienciadevida.com.ar\/portalurbano\/wp-json\/wp\/v2\/comments?post=125546"}],"version-history":[{"count":5,"href":"https:\/\/experienciadevida.com.ar\/portalurbano\/wp-json\/wp\/v2\/posts\/125546\/revisions"}],"predecessor-version":[{"id":125562,"href":"https:\/\/experienciadevida.com.ar\/portalurbano\/wp-json\/wp\/v2\/posts\/125546\/revisions\/125562"}],"wp:featuredmedia":[{"embeddable":true,"href":"https:\/\/experienciadevida.com.ar\/portalurbano\/wp-json\/wp\/v2\/media\/125548"}],"wp:attachment":[{"href":"https:\/\/experienciadevida.com.ar\/portalurbano\/wp-json\/wp\/v2\/media?parent=125546"}],"wp:term":[{"taxonomy":"category","embeddable":true,"href":"https:\/\/experienciadevida.com.ar\/portalurbano\/wp-json\/wp\/v2\/categories?post=125546"},{"taxonomy":"post_tag","embeddable":true,"href":"https:\/\/experienciadevida.com.ar\/portalurbano\/wp-json\/wp\/v2\/tags?post=125546"}],"curies":[{"name":"wp","href":"https:\/\/api.w.org\/{rel}","templated":true}]}}