{"id":125511,"date":"2020-10-27T16:59:05","date_gmt":"2020-10-27T19:59:05","guid":{"rendered":"https:\/\/experienciadevida.com.ar\/portalurbano\/?p=125511"},"modified":"2020-10-27T17:02:14","modified_gmt":"2020-10-27T20:02:14","slug":"la-sociedad-de-fomento-mariano-moreno-trabaja-en-su-nuevo-predio","status":"publish","type":"post","link":"https:\/\/experienciadevida.com.ar\/portalurbano\/la-sociedad-de-fomento-mariano-moreno-trabaja-en-su-nuevo-predio\/","title":{"rendered":"La Sociedad de Fomento Mariano Moreno trabaja en su nuevo predio"},"content":{"rendered":"<p>Para la gesti\u00f3n municipal que encabeza el intendente <a href=\"https:\/\/www.facebook.com\/galliezequiel\">Ezequiel Galli<\/a> es prioritario el acceso igualitario de la comunidad a la cultura, el deporte y a lugares de esparcimiento al aire libre, pilares que configuran una mejor calidad de vida, y la Sociedad de fomento\u00a0<strong>Mariano Moreno\u00a0<\/strong>trabaja en su nuevo predio.<\/p>\n<p>En este contexto, en la ma\u00f1ana de este martes el intendente Ezequiel Galli, junto al secretario de Desarrollo Humano y Calidad de Vida Diego Robbiani, visitaron el predio donde funcionar\u00e1 un centro recreativo que estar\u00e1 a cargo de la Sociedad de Fomento Mariano Moreno. El presidente de la Comisi\u00f3n Directiva de dicha entidad, Jos\u00e9 Luis\u00a0Veyrand, tambi\u00e9n particip\u00f3 de la recorrida, acompa\u00f1ado por dem\u00e1s integrantes de la misma.<\/p>\n<p>La gesti\u00f3n municipal entreg\u00f3 en comodato el terreno a la Sociedad de Fomento\u00a0<strong>Mariano Moreno<\/strong>\u00a0para la futura construcci\u00f3n de dicho Centro Recreativo: un predio de siete hect\u00e1reas ubicado al fondo de la Av. Ituzaing\u00f3, al lado de Talleres Protegidos.<\/p>\n<p>El proyecto \u2013 tal como se establece en los planos dise\u00f1ados por la Facultad de Ingenier\u00eda de la UNICEN\u2013 incluye: canchas de f\u00fatbol, de tenis, de padel, beach v\u00f3ley y tejo; una plaza tem\u00e1tica rodeada por ceibos -flor nacional-, gimnasio, sal\u00f3n de eventos, dormis, sanitarios, zona de parrillas, todo ello cercado con arbolado perimetral. Incluso se prev\u00e9 la construcci\u00f3n de un muelle, dado que el predio cuenta con 200 metros de arroyo. El objetivo es que el predio pueda ser utilizado como lugar de esparcimiento y ampliar los servicios que actualmente presta la sociedad de Fomento en su sede de Espa\u00f1a y Av. Sarmiento.<\/p>\n<p>La construcci\u00f3n de este espacio est\u00e1 prevista en diferentes etapas, en el marco del 70\u00b0 aniversario de la Sociedad de Fomento, que coronar\u00e1 su trabajo sostenido en pos de la comunidad olavarriense con este sue\u00f1o hecho realidad.<\/p>\n<p>Veyrand se mostr\u00f3 agradecido con las autoridades del Municipio, pilar importante para la concreci\u00f3n de este proyecto.<\/p>\n<div class=\"at-below-post addthis_tool\" data-url=\"https:\/\/www.olavarria.gov.ar\/la-sociedad-de-fomento-mariano-moreno-trabaja-en-su-nuevo-predio\/\" data-title=\"La Sociedad de Fomento Mariano Moreno trabaja en su nuevo predio | | Municipalidad del Partido de Olavarr\u00eda\">\n<div id=\"atstbx\" class=\"at-share-tbx-element addthis-smartlayers addthis-animated at4-show\" role=\"region\" aria-labelledby=\"at-cfefef3e-30c5-4400-bafe-2ecc8bbef70a\">\n<p>&nbsp;<\/p>\n<div class=\"at-share-btn-elements\"><\/div>\n<\/div>\n<\/div>\n","protected":false},"excerpt":{"rendered":"<p>Para la gesti\u00f3n municipal que encabeza el intendente Ezequiel Galli es prioritario el acceso igualitario&#8230;<\/p>\n","protected":false},"author":1,"featured_media":125512,"comment_status":"closed","ping_status":"closed","sticky":false,"template":"","format":"standard","meta":{"content-type":""},"categories":[27,51],"tags":[],"nelio_content":{"isAutoShareEnabled":false,"autoShareEndMode":"default","automationSources":{"useContentSentences":true,"useSocialTemplates":true,"useCustomSentences":false,"customSentences":[]},"followers":[1],"suggestedReferences":[],"includedReferences":[],"efiUrl":"","efiAlt":"","highlights":[]},"yoast_head":"<!-- This site is optimized with the Yoast SEO plugin v20.7 - https:\/\/yoast.com\/wordpress\/plugins\/seo\/ -->\n<title>La Sociedad de fomento Mariano Moreno trabaja en su nuevo predio<\/title>\n<meta name=\"description\" content=\"La Sociedad de fomento\u00a0Mariano Moreno\u00a0trabaja en su nuevo predio y Galli visit\u00f3 el predio donde har\u00e1n un centro deportivo y recreativo.\" \/>\n<meta name=\"robots\" content=\"index, follow, max-snippet:-1, max-image-preview:large, max-video-preview:-1\" \/>\n<link rel=\"canonical\" href=\"https:\/\/experienciadevida.com.ar\/portalurbano\/la-sociedad-de-fomento-mariano-moreno-trabaja-en-su-nuevo-predio\/\" \/>\n<meta property=\"og:locale\" content=\"es_ES\" \/>\n<meta property=\"og:type\" content=\"article\" \/>\n<meta property=\"og:title\" content=\"La Sociedad de fomento Mariano Moreno trabaja en su nuevo predio\" \/>\n<meta property=\"og:description\" content=\"La Sociedad de fomento\u00a0Mariano Moreno\u00a0trabaja en su nuevo predio y Galli visit\u00f3 el predio donde har\u00e1n un centro deportivo y recreativo.\" \/>\n<meta property=\"og:url\" content=\"https:\/\/experienciadevida.com.ar\/portalurbano\/la-sociedad-de-fomento-mariano-moreno-trabaja-en-su-nuevo-predio\/\" \/>\n<meta property=\"article:publisher\" content=\"https:\/\/www.facebook.com\/Portal-Urbano-171542830093757\/\" \/>\n<meta property=\"article:published_time\" content=\"2020-10-27T19:59:05+00:00\" \/>\n<meta property=\"article:modified_time\" content=\"2020-10-27T20:02:14+00:00\" \/>\n<meta property=\"og:image\" content=\"https:\/\/experienciadevida.com.ar\/portalurbano\/wp-content\/uploads\/2020\/10\/Mariano-Moreno.jpg\" \/>\n\t<meta property=\"og:image:width\" content=\"1024\" \/>\n\t<meta property=\"og:image:height\" content=\"683\" \/>\n\t<meta property=\"og:image:type\" content=\"image\/jpeg\" \/>\n<meta name=\"author\" content=\"admpu17wp\" \/>\n<meta name=\"twitter:card\" content=\"summary_large_image\" \/>\n<meta name=\"twitter:creator\" content=\"@portalurbanook\" \/>\n<meta name=\"twitter:site\" content=\"@portalurbanook\" \/>\n<meta name=\"twitter:label1\" content=\"Escrito por\" \/>\n\t<meta name=\"twitter:data1\" content=\"admpu17wp\" \/>\n\t<meta name=\"twitter:label2\" content=\"Tiempo de lectura\" \/>\n\t<meta name=\"twitter:data2\" content=\"2 minutos\" \/>\n<script type=\"application\/ld+json\" class=\"yoast-schema-graph\">{\"@context\":\"https:\/\/schema.org\",\"@graph\":[{\"@type\":\"Article\",\"@id\":\"https:\/\/experienciadevida.com.ar\/portalurbano\/la-sociedad-de-fomento-mariano-moreno-trabaja-en-su-nuevo-predio\/#article\",\"isPartOf\":{\"@id\":\"https:\/\/experienciadevida.com.ar\/portalurbano\/la-sociedad-de-fomento-mariano-moreno-trabaja-en-su-nuevo-predio\/\"},\"author\":{\"name\":\"admpu17wp\",\"@id\":\"https:\/\/experienciadevida.com.ar\/portalurbano\/#\/schema\/person\/02dd326b1c4b056e9cc972486934a3a7\"},\"headline\":\"La Sociedad de Fomento Mariano Moreno trabaja en su nuevo predio\",\"datePublished\":\"2020-10-27T19:59:05+00:00\",\"dateModified\":\"2020-10-27T20:02:14+00:00\",\"mainEntityOfPage\":{\"@id\":\"https:\/\/experienciadevida.com.ar\/portalurbano\/la-sociedad-de-fomento-mariano-moreno-trabaja-en-su-nuevo-predio\/\"},\"wordCount\":346,\"publisher\":{\"@id\":\"https:\/\/experienciadevida.com.ar\/portalurbano\/#organization\"},\"articleSection\":[\"Ciudad\",\"Destacadas\"],\"inLanguage\":\"es\"},{\"@type\":\"WebPage\",\"@id\":\"https:\/\/experienciadevida.com.ar\/portalurbano\/la-sociedad-de-fomento-mariano-moreno-trabaja-en-su-nuevo-predio\/\",\"url\":\"https:\/\/experienciadevida.com.ar\/portalurbano\/la-sociedad-de-fomento-mariano-moreno-trabaja-en-su-nuevo-predio\/\",\"name\":\"La Sociedad de fomento Mariano Moreno trabaja en su nuevo predio\",\"isPartOf\":{\"@id\":\"https:\/\/experienciadevida.com.ar\/portalurbano\/#website\"},\"datePublished\":\"2020-10-27T19:59:05+00:00\",\"dateModified\":\"2020-10-27T20:02:14+00:00\",\"description\":\"La Sociedad de fomento\u00a0Mariano Moreno\u00a0trabaja en su nuevo predio y Galli visit\u00f3 el predio donde har\u00e1n un centro deportivo y recreativo.\",\"breadcrumb\":{\"@id\":\"https:\/\/experienciadevida.com.ar\/portalurbano\/la-sociedad-de-fomento-mariano-moreno-trabaja-en-su-nuevo-predio\/#breadcrumb\"},\"inLanguage\":\"es\",\"potentialAction\":[{\"@type\":\"ReadAction\",\"target\":[\"https:\/\/experienciadevida.com.ar\/portalurbano\/la-sociedad-de-fomento-mariano-moreno-trabaja-en-su-nuevo-predio\/\"]}]},{\"@type\":\"BreadcrumbList\",\"@id\":\"https:\/\/experienciadevida.com.ar\/portalurbano\/la-sociedad-de-fomento-mariano-moreno-trabaja-en-su-nuevo-predio\/#breadcrumb\",\"itemListElement\":[{\"@type\":\"ListItem\",\"position\":1,\"name\":\"Portada\",\"item\":\"https:\/\/experienciadevida.com.ar\/portalurbano\/\"},{\"@type\":\"ListItem\",\"position\":2,\"name\":\"La Sociedad de Fomento Mariano Moreno trabaja en su nuevo predio\"}]},{\"@type\":\"WebSite\",\"@id\":\"https:\/\/experienciadevida.com.ar\/portalurbano\/#website\",\"url\":\"https:\/\/experienciadevida.com.ar\/portalurbano\/\",\"name\":\"\",\"description\":\"\",\"publisher\":{\"@id\":\"https:\/\/experienciadevida.com.ar\/portalurbano\/#organization\"},\"potentialAction\":[{\"@type\":\"SearchAction\",\"target\":{\"@type\":\"EntryPoint\",\"urlTemplate\":\"https:\/\/experienciadevida.com.ar\/portalurbano\/?s={search_term_string}\"},\"query-input\":\"required name=search_term_string\"}],\"inLanguage\":\"es\"},{\"@type\":\"Organization\",\"@id\":\"https:\/\/experienciadevida.com.ar\/portalurbano\/#organization\",\"name\":\"Portal Urbano\",\"url\":\"https:\/\/experienciadevida.com.ar\/portalurbano\/\",\"logo\":{\"@type\":\"ImageObject\",\"inLanguage\":\"es\",\"@id\":\"https:\/\/experienciadevida.com.ar\/portalurbano\/#\/schema\/logo\/image\/\",\"url\":\"https:\/\/experienciadevida.com.ar\/portalurbano\/wp-content\/uploads\/2019\/09\/Logo-Original.png\",\"contentUrl\":\"https:\/\/experienciadevida.com.ar\/portalurbano\/wp-content\/uploads\/2019\/09\/Logo-Original.png\",\"width\":2236,\"height\":1216,\"caption\":\"Portal Urbano\"},\"image\":{\"@id\":\"https:\/\/experienciadevida.com.ar\/portalurbano\/#\/schema\/logo\/image\/\"},\"sameAs\":[\"https:\/\/www.facebook.com\/Portal-Urbano-171542830093757\/\",\"https:\/\/twitter.com\/portalurbanook\",\"https:\/\/www.instagram.com\/_portalurbano\/\",\"https:\/\/www.youtube.com\/channel\/UCXhagIfszH8KxFiOok79zbA?view_as=subscriber\"]},{\"@type\":\"Person\",\"@id\":\"https:\/\/experienciadevida.com.ar\/portalurbano\/#\/schema\/person\/02dd326b1c4b056e9cc972486934a3a7\",\"name\":\"admpu17wp\",\"image\":{\"@type\":\"ImageObject\",\"inLanguage\":\"es\",\"@id\":\"https:\/\/experienciadevida.com.ar\/portalurbano\/#\/schema\/person\/image\/\",\"url\":\"https:\/\/secure.gravatar.com\/avatar\/830d4c57adaae6630765e449a6908047?s=96&d=mm&r=g\",\"contentUrl\":\"https:\/\/secure.gravatar.com\/avatar\/830d4c57adaae6630765e449a6908047?s=96&d=mm&r=g\",\"caption\":\"admpu17wp\"}}]}<\/script>\n<!-- \/ Yoast SEO plugin. -->","yoast_head_json":{"title":"La Sociedad de fomento Mariano Moreno trabaja en su nuevo predio","description":"La Sociedad de fomento\u00a0Mariano Moreno\u00a0trabaja en su nuevo predio y Galli visit\u00f3 el predio donde har\u00e1n un centro deportivo y recreativo.","robots":{"index":"index","follow":"follow","max-snippet":"max-snippet:-1","max-image-preview":"max-image-preview:large","max-video-preview":"max-video-preview:-1"},"canonical":"https:\/\/experienciadevida.com.ar\/portalurbano\/la-sociedad-de-fomento-mariano-moreno-trabaja-en-su-nuevo-predio\/","og_locale":"es_ES","og_type":"article","og_title":"La Sociedad de fomento Mariano Moreno trabaja en su nuevo predio","og_description":"La Sociedad de fomento\u00a0Mariano Moreno\u00a0trabaja en su nuevo predio y Galli visit\u00f3 el predio donde har\u00e1n un centro deportivo y recreativo.","og_url":"https:\/\/experienciadevida.com.ar\/portalurbano\/la-sociedad-de-fomento-mariano-moreno-trabaja-en-su-nuevo-predio\/","article_publisher":"https:\/\/www.facebook.com\/Portal-Urbano-171542830093757\/","article_published_time":"2020-10-27T19:59:05+00:00","article_modified_time":"2020-10-27T20:02:14+00:00","og_image":[{"width":1024,"height":683,"url":"https:\/\/experienciadevida.com.ar\/portalurbano\/wp-content\/uploads\/2020\/10\/Mariano-Moreno.jpg","type":"image\/jpeg"}],"author":"admpu17wp","twitter_card":"summary_large_image","twitter_creator":"@portalurbanook","twitter_site":"@portalurbanook","twitter_misc":{"Escrito por":"admpu17wp","Tiempo de lectura":"2 minutos"},"schema":{"@context":"https:\/\/schema.org","@graph":[{"@type":"Article","@id":"https:\/\/experienciadevida.com.ar\/portalurbano\/la-sociedad-de-fomento-mariano-moreno-trabaja-en-su-nuevo-predio\/#article","isPartOf":{"@id":"https:\/\/experienciadevida.com.ar\/portalurbano\/la-sociedad-de-fomento-mariano-moreno-trabaja-en-su-nuevo-predio\/"},"author":{"name":"admpu17wp","@id":"https:\/\/experienciadevida.com.ar\/portalurbano\/#\/schema\/person\/02dd326b1c4b056e9cc972486934a3a7"},"headline":"La Sociedad de Fomento Mariano Moreno trabaja en su nuevo predio","datePublished":"2020-10-27T19:59:05+00:00","dateModified":"2020-10-27T20:02:14+00:00","mainEntityOfPage":{"@id":"https:\/\/experienciadevida.com.ar\/portalurbano\/la-sociedad-de-fomento-mariano-moreno-trabaja-en-su-nuevo-predio\/"},"wordCount":346,"publisher":{"@id":"https:\/\/experienciadevida.com.ar\/portalurbano\/#organization"},"articleSection":["Ciudad","Destacadas"],"inLanguage":"es"},{"@type":"WebPage","@id":"https:\/\/experienciadevida.com.ar\/portalurbano\/la-sociedad-de-fomento-mariano-moreno-trabaja-en-su-nuevo-predio\/","url":"https:\/\/experienciadevida.com.ar\/portalurbano\/la-sociedad-de-fomento-mariano-moreno-trabaja-en-su-nuevo-predio\/","name":"La Sociedad de fomento Mariano Moreno trabaja en su nuevo predio","isPartOf":{"@id":"https:\/\/experienciadevida.com.ar\/portalurbano\/#website"},"datePublished":"2020-10-27T19:59:05+00:00","dateModified":"2020-10-27T20:02:14+00:00","description":"La Sociedad de fomento\u00a0Mariano Moreno\u00a0trabaja en su nuevo predio y Galli visit\u00f3 el predio donde har\u00e1n un centro deportivo y recreativo.","breadcrumb":{"@id":"https:\/\/experienciadevida.com.ar\/portalurbano\/la-sociedad-de-fomento-mariano-moreno-trabaja-en-su-nuevo-predio\/#breadcrumb"},"inLanguage":"es","potentialAction":[{"@type":"ReadAction","target":["https:\/\/experienciadevida.com.ar\/portalurbano\/la-sociedad-de-fomento-mariano-moreno-trabaja-en-su-nuevo-predio\/"]}]},{"@type":"BreadcrumbList","@id":"https:\/\/experienciadevida.com.ar\/portalurbano\/la-sociedad-de-fomento-mariano-moreno-trabaja-en-su-nuevo-predio\/#breadcrumb","itemListElement":[{"@type":"ListItem","position":1,"name":"Portada","item":"https:\/\/experienciadevida.com.ar\/portalurbano\/"},{"@type":"ListItem","position":2,"name":"La Sociedad de Fomento Mariano Moreno trabaja en su nuevo predio"}]},{"@type":"WebSite","@id":"https:\/\/experienciadevida.com.ar\/portalurbano\/#website","url":"https:\/\/experienciadevida.com.ar\/portalurbano\/","name":"","description":"","publisher":{"@id":"https:\/\/experienciadevida.com.ar\/portalurbano\/#organization"},"potentialAction":[{"@type":"SearchAction","target":{"@type":"EntryPoint","urlTemplate":"https:\/\/experienciadevida.com.ar\/portalurbano\/?s={search_term_string}"},"query-input":"required name=search_term_string"}],"inLanguage":"es"},{"@type":"Organization","@id":"https:\/\/experienciadevida.com.ar\/portalurbano\/#organization","name":"Portal Urbano","url":"https:\/\/experienciadevida.com.ar\/portalurbano\/","logo":{"@type":"ImageObject","inLanguage":"es","@id":"https:\/\/experienciadevida.com.ar\/portalurbano\/#\/schema\/logo\/image\/","url":"https:\/\/experienciadevida.com.ar\/portalurbano\/wp-content\/uploads\/2019\/09\/Logo-Original.png","contentUrl":"https:\/\/experienciadevida.com.ar\/portalurbano\/wp-content\/uploads\/2019\/09\/Logo-Original.png","width":2236,"height":1216,"caption":"Portal Urbano"},"image":{"@id":"https:\/\/experienciadevida.com.ar\/portalurbano\/#\/schema\/logo\/image\/"},"sameAs":["https:\/\/www.facebook.com\/Portal-Urbano-171542830093757\/","https:\/\/twitter.com\/portalurbanook","https:\/\/www.instagram.com\/_portalurbano\/","https:\/\/www.youtube.com\/channel\/UCXhagIfszH8KxFiOok79zbA?view_as=subscriber"]},{"@type":"Person","@id":"https:\/\/experienciadevida.com.ar\/portalurbano\/#\/schema\/person\/02dd326b1c4b056e9cc972486934a3a7","name":"admpu17wp","image":{"@type":"ImageObject","inLanguage":"es","@id":"https:\/\/experienciadevida.com.ar\/portalurbano\/#\/schema\/person\/image\/","url":"https:\/\/secure.gravatar.com\/avatar\/830d4c57adaae6630765e449a6908047?s=96&d=mm&r=g","contentUrl":"https:\/\/secure.gravatar.com\/avatar\/830d4c57adaae6630765e449a6908047?s=96&d=mm&r=g","caption":"admpu17wp"}}]}},"featured_image_urls":{"full":["https:\/\/experienciadevida.com.ar\/portalurbano\/wp-content\/uploads\/2020\/10\/Mariano-Moreno.jpg",1024,683,false],"thumbnail":["https:\/\/experienciadevida.com.ar\/portalurbano\/wp-content\/uploads\/2020\/10\/Mariano-Moreno-150x150.jpg",150,150,true],"medium":["https:\/\/experienciadevida.com.ar\/portalurbano\/wp-content\/uploads\/2020\/10\/Mariano-Moreno-300x200.jpg",300,200,true],"medium_large":["https:\/\/experienciadevida.com.ar\/portalurbano\/wp-content\/uploads\/2020\/10\/Mariano-Moreno-768x512.jpg",640,427,true],"large":["https:\/\/experienciadevida.com.ar\/portalurbano\/wp-content\/uploads\/2020\/10\/Mariano-Moreno.jpg",640,427,false],"ug_big":["https:\/\/experienciadevida.com.ar\/portalurbano\/wp-content\/uploads\/2020\/10\/Mariano-Moreno-768x512.jpg",768,512,true],"1536x1536":["https:\/\/experienciadevida.com.ar\/portalurbano\/wp-content\/uploads\/2020\/10\/Mariano-Moreno.jpg",1024,683,false],"2048x2048":["https:\/\/experienciadevida.com.ar\/portalurbano\/wp-content\/uploads\/2020\/10\/Mariano-Moreno.jpg",1024,683,false],"newsever-slider-full":["https:\/\/experienciadevida.com.ar\/portalurbano\/wp-content\/uploads\/2020\/10\/Mariano-Moreno.jpg",1024,683,false],"newsever-featured":["https:\/\/experienciadevida.com.ar\/portalurbano\/wp-content\/uploads\/2020\/10\/Mariano-Moreno.jpg",1024,683,false],"newsever-medium":["https:\/\/experienciadevida.com.ar\/portalurbano\/wp-content\/uploads\/2020\/10\/Mariano-Moreno.jpg",712,475,false],"web-stories-poster-portrait":["https:\/\/experienciadevida.com.ar\/portalurbano\/wp-content\/uploads\/2020\/10\/Mariano-Moreno.jpg",640,427,false],"web-stories-publisher-logo":["https:\/\/experienciadevida.com.ar\/portalurbano\/wp-content\/uploads\/2020\/10\/Mariano-Moreno.jpg",96,64,false],"web-stories-thumbnail":["https:\/\/experienciadevida.com.ar\/portalurbano\/wp-content\/uploads\/2020\/10\/Mariano-Moreno.jpg",150,100,false]},"author_info":{"display_name":"admpu17wp","author_link":"https:\/\/experienciadevida.com.ar\/portalurbano\/author\/admpu17wp\/"},"category_info":"<a href=\"https:\/\/experienciadevida.com.ar\/portalurbano\/category\/ciudad\/\" rel=\"category tag\">Ciudad<\/a> <a href=\"https:\/\/experienciadevida.com.ar\/portalurbano\/category\/destacadas\/\" rel=\"category tag\">Destacadas<\/a>","tag_info":"Destacadas","comment_count":"0","amp_enabled":true,"_links":{"self":[{"href":"https:\/\/experienciadevida.com.ar\/portalurbano\/wp-json\/wp\/v2\/posts\/125511"}],"collection":[{"href":"https:\/\/experienciadevida.com.ar\/portalurbano\/wp-json\/wp\/v2\/posts"}],"about":[{"href":"https:\/\/experienciadevida.com.ar\/portalurbano\/wp-json\/wp\/v2\/types\/post"}],"author":[{"embeddable":true,"href":"https:\/\/experienciadevida.com.ar\/portalurbano\/wp-json\/wp\/v2\/users\/1"}],"replies":[{"embeddable":true,"href":"https:\/\/experienciadevida.com.ar\/portalurbano\/wp-json\/wp\/v2\/comments?post=125511"}],"version-history":[{"count":4,"href":"https:\/\/experienciadevida.com.ar\/portalurbano\/wp-json\/wp\/v2\/posts\/125511\/revisions"}],"predecessor-version":[{"id":125516,"href":"https:\/\/experienciadevida.com.ar\/portalurbano\/wp-json\/wp\/v2\/posts\/125511\/revisions\/125516"}],"wp:featuredmedia":[{"embeddable":true,"href":"https:\/\/experienciadevida.com.ar\/portalurbano\/wp-json\/wp\/v2\/media\/125512"}],"wp:attachment":[{"href":"https:\/\/experienciadevida.com.ar\/portalurbano\/wp-json\/wp\/v2\/media?parent=125511"}],"wp:term":[{"taxonomy":"category","embeddable":true,"href":"https:\/\/experienciadevida.com.ar\/portalurbano\/wp-json\/wp\/v2\/categories?post=125511"},{"taxonomy":"post_tag","embeddable":true,"href":"https:\/\/experienciadevida.com.ar\/portalurbano\/wp-json\/wp\/v2\/tags?post=125511"}],"curies":[{"name":"wp","href":"https:\/\/api.w.org\/{rel}","templated":true}]}}