{"id":125488,"date":"2020-10-27T14:18:35","date_gmt":"2020-10-27T17:18:35","guid":{"rendered":"https:\/\/experienciadevida.com.ar\/portalurbano\/?p=125488"},"modified":"2020-10-27T14:22:05","modified_gmt":"2020-10-27T17:22:05","slug":"mas-de-120-testeos-se-hicieron-en-la-tercera-jornada-del-programa-rta","status":"publish","type":"post","link":"https:\/\/experienciadevida.com.ar\/portalurbano\/mas-de-120-testeos-se-hicieron-en-la-tercera-jornada-del-programa-rta\/","title":{"rendered":"M\u00e1s de 120 testeos se hicieron en la tercera jornada del programa RTA"},"content":{"rendered":"<p>El equipo de Salud del Municipio, al igual que en la primera etapa, realiz\u00f3 este martes la <strong>tercera jornada del Programa RTA<\/strong>.<\/p>\n<p><a href=\"https:\/\/experienciadevida.com.ar\/portalurbano\/mas-de-120-testeos-se-hicieron-en-la-tercera-jornada-del-programa-rta\/salud-testeos-intensivos-b-belen-villa-magdalena-2\/\" rel=\"attachment wp-att-125491\"><img decoding=\"async\" class=\"alignnone size-full wp-image-125491\" src=\"https:\/\/experienciadevida.com.ar\/portalurbano\/wp-content\/uploads\/2020\/10\/Salud-Testeos-Intensivos-B\u00b0-Belen-Villa-Magdalena-2-e1603819064148.jpg\" alt=\"\" width=\"765\" height=\"510\" \/><\/a><\/p>\n<p>Esta vez, fue para las \u00e1reas program\u00e1ticas de los Barrios Bel\u00e9n y Villa Magdalena, con sedes de testeos en el Jard\u00edn Bel\u00e9n y el NIDO.<\/p>\n<p>En esta oportunidad, se realizaron m\u00e1s de 120 testeos en la\u00a0<strong>tercera jornada del programa RTA<\/strong> a los vecinos que se acercaron con al menos la presencia de alguno de estos s\u00edntomas: tos, falta de olfato, falta de gusto, m\u00e1s de 37.5\u00ba de fiebre, dolor de garganta, falta de aire o m\u00e1s de 48 horas con diarrea.<\/p>\n<p>El Programa RTA (Rastrear \u2013 Testear \u2013 Aislar) continuar\u00e1 este mi\u00e9rcoles en la cancha de b\u00e1squet del Club Hinojo en el horario de 10 a 11 horas y en el CAPS de Colonia San Miguel (San Mart\u00edn 1295) de 12 a 13 horas.<\/p>\n","protected":false},"excerpt":{"rendered":"<p>El equipo de Salud del Municipio, al igual que en la primera etapa, realiz\u00f3 este&#8230;<\/p>\n","protected":false},"author":1,"featured_media":125490,"comment_status":"closed","ping_status":"closed","sticky":false,"template":"","format":"standard","meta":{"content-type":""},"categories":[27,51],"tags":[],"nelio_content":{"isAutoShareEnabled":false,"autoShareEndMode":"default","automationSources":{"useContentSentences":true,"useSocialTemplates":true,"useCustomSentences":false,"customSentences":[]},"followers":[1],"suggestedReferences":[],"includedReferences":[],"efiUrl":"","efiAlt":"","highlights":[]},"yoast_head":"<!-- This site is optimized with the Yoast SEO plugin v20.7 - https:\/\/yoast.com\/wordpress\/plugins\/seo\/ -->\n<title>M\u00e1s de 120 testeos se hicieron en la tercera jornada del programa RTA<\/title>\n<meta name=\"description\" content=\"El equipo de Salud del Municipio, al igual que en la primera etapa, realiz\u00f3 este martes la tercera jornada del Programa RTA.\" \/>\n<meta name=\"robots\" content=\"index, follow, max-snippet:-1, max-image-preview:large, max-video-preview:-1\" \/>\n<link rel=\"canonical\" href=\"https:\/\/experienciadevida.com.ar\/portalurbano\/mas-de-120-testeos-se-hicieron-en-la-tercera-jornada-del-programa-rta\/\" \/>\n<meta property=\"og:locale\" content=\"es_ES\" \/>\n<meta property=\"og:type\" content=\"article\" \/>\n<meta property=\"og:title\" content=\"M\u00e1s de 120 testeos se hicieron en la tercera jornada del programa RTA\" \/>\n<meta property=\"og:description\" content=\"El equipo de Salud del Municipio, al igual que en la primera etapa, realiz\u00f3 este martes la tercera jornada del Programa RTA.\" \/>\n<meta property=\"og:url\" content=\"https:\/\/experienciadevida.com.ar\/portalurbano\/mas-de-120-testeos-se-hicieron-en-la-tercera-jornada-del-programa-rta\/\" \/>\n<meta property=\"article:publisher\" content=\"https:\/\/www.facebook.com\/Portal-Urbano-171542830093757\/\" \/>\n<meta property=\"article:published_time\" content=\"2020-10-27T17:18:35+00:00\" \/>\n<meta property=\"article:modified_time\" content=\"2020-10-27T17:22:05+00:00\" \/>\n<meta property=\"og:image\" content=\"https:\/\/experienciadevida.com.ar\/portalurbano\/wp-content\/uploads\/2020\/10\/Salud-Testeos-Intensivos-B\u00b0-Belen-Villa-Magdalena-e1603819000475.jpg\" \/>\n\t<meta property=\"og:image:width\" content=\"765\" \/>\n\t<meta property=\"og:image:height\" content=\"510\" \/>\n\t<meta property=\"og:image:type\" content=\"image\/jpeg\" \/>\n<meta name=\"author\" content=\"admpu17wp\" \/>\n<meta name=\"twitter:card\" content=\"summary_large_image\" \/>\n<meta name=\"twitter:creator\" content=\"@portalurbanook\" \/>\n<meta name=\"twitter:site\" content=\"@portalurbanook\" \/>\n<meta name=\"twitter:label1\" content=\"Escrito por\" \/>\n\t<meta name=\"twitter:data1\" content=\"admpu17wp\" \/>\n\t<meta name=\"twitter:label2\" content=\"Tiempo de lectura\" \/>\n\t<meta name=\"twitter:data2\" content=\"1 minuto\" \/>\n<script type=\"application\/ld+json\" class=\"yoast-schema-graph\">{\"@context\":\"https:\/\/schema.org\",\"@graph\":[{\"@type\":\"Article\",\"@id\":\"https:\/\/experienciadevida.com.ar\/portalurbano\/mas-de-120-testeos-se-hicieron-en-la-tercera-jornada-del-programa-rta\/#article\",\"isPartOf\":{\"@id\":\"https:\/\/experienciadevida.com.ar\/portalurbano\/mas-de-120-testeos-se-hicieron-en-la-tercera-jornada-del-programa-rta\/\"},\"author\":{\"name\":\"admpu17wp\",\"@id\":\"https:\/\/experienciadevida.com.ar\/portalurbano\/#\/schema\/person\/02dd326b1c4b056e9cc972486934a3a7\"},\"headline\":\"M\u00e1s de 120 testeos se hicieron en la tercera jornada del programa RTA\",\"datePublished\":\"2020-10-27T17:18:35+00:00\",\"dateModified\":\"2020-10-27T17:22:05+00:00\",\"mainEntityOfPage\":{\"@id\":\"https:\/\/experienciadevida.com.ar\/portalurbano\/mas-de-120-testeos-se-hicieron-en-la-tercera-jornada-del-programa-rta\/\"},\"wordCount\":161,\"publisher\":{\"@id\":\"https:\/\/experienciadevida.com.ar\/portalurbano\/#organization\"},\"articleSection\":[\"Ciudad\",\"Destacadas\"],\"inLanguage\":\"es\"},{\"@type\":\"WebPage\",\"@id\":\"https:\/\/experienciadevida.com.ar\/portalurbano\/mas-de-120-testeos-se-hicieron-en-la-tercera-jornada-del-programa-rta\/\",\"url\":\"https:\/\/experienciadevida.com.ar\/portalurbano\/mas-de-120-testeos-se-hicieron-en-la-tercera-jornada-del-programa-rta\/\",\"name\":\"M\u00e1s de 120 testeos se hicieron en la tercera jornada del programa RTA\",\"isPartOf\":{\"@id\":\"https:\/\/experienciadevida.com.ar\/portalurbano\/#website\"},\"datePublished\":\"2020-10-27T17:18:35+00:00\",\"dateModified\":\"2020-10-27T17:22:05+00:00\",\"description\":\"El equipo de Salud del Municipio, al igual que en la primera etapa, realiz\u00f3 este martes la tercera jornada del Programa RTA.\",\"breadcrumb\":{\"@id\":\"https:\/\/experienciadevida.com.ar\/portalurbano\/mas-de-120-testeos-se-hicieron-en-la-tercera-jornada-del-programa-rta\/#breadcrumb\"},\"inLanguage\":\"es\",\"potentialAction\":[{\"@type\":\"ReadAction\",\"target\":[\"https:\/\/experienciadevida.com.ar\/portalurbano\/mas-de-120-testeos-se-hicieron-en-la-tercera-jornada-del-programa-rta\/\"]}]},{\"@type\":\"BreadcrumbList\",\"@id\":\"https:\/\/experienciadevida.com.ar\/portalurbano\/mas-de-120-testeos-se-hicieron-en-la-tercera-jornada-del-programa-rta\/#breadcrumb\",\"itemListElement\":[{\"@type\":\"ListItem\",\"position\":1,\"name\":\"Portada\",\"item\":\"https:\/\/experienciadevida.com.ar\/portalurbano\/\"},{\"@type\":\"ListItem\",\"position\":2,\"name\":\"M\u00e1s de 120 testeos se hicieron en la tercera jornada del programa RTA\"}]},{\"@type\":\"WebSite\",\"@id\":\"https:\/\/experienciadevida.com.ar\/portalurbano\/#website\",\"url\":\"https:\/\/experienciadevida.com.ar\/portalurbano\/\",\"name\":\"\",\"description\":\"\",\"publisher\":{\"@id\":\"https:\/\/experienciadevida.com.ar\/portalurbano\/#organization\"},\"potentialAction\":[{\"@type\":\"SearchAction\",\"target\":{\"@type\":\"EntryPoint\",\"urlTemplate\":\"https:\/\/experienciadevida.com.ar\/portalurbano\/?s={search_term_string}\"},\"query-input\":\"required name=search_term_string\"}],\"inLanguage\":\"es\"},{\"@type\":\"Organization\",\"@id\":\"https:\/\/experienciadevida.com.ar\/portalurbano\/#organization\",\"name\":\"Portal Urbano\",\"url\":\"https:\/\/experienciadevida.com.ar\/portalurbano\/\",\"logo\":{\"@type\":\"ImageObject\",\"inLanguage\":\"es\",\"@id\":\"https:\/\/experienciadevida.com.ar\/portalurbano\/#\/schema\/logo\/image\/\",\"url\":\"https:\/\/experienciadevida.com.ar\/portalurbano\/wp-content\/uploads\/2019\/09\/Logo-Original.png\",\"contentUrl\":\"https:\/\/experienciadevida.com.ar\/portalurbano\/wp-content\/uploads\/2019\/09\/Logo-Original.png\",\"width\":2236,\"height\":1216,\"caption\":\"Portal Urbano\"},\"image\":{\"@id\":\"https:\/\/experienciadevida.com.ar\/portalurbano\/#\/schema\/logo\/image\/\"},\"sameAs\":[\"https:\/\/www.facebook.com\/Portal-Urbano-171542830093757\/\",\"https:\/\/twitter.com\/portalurbanook\",\"https:\/\/www.instagram.com\/_portalurbano\/\",\"https:\/\/www.youtube.com\/channel\/UCXhagIfszH8KxFiOok79zbA?view_as=subscriber\"]},{\"@type\":\"Person\",\"@id\":\"https:\/\/experienciadevida.com.ar\/portalurbano\/#\/schema\/person\/02dd326b1c4b056e9cc972486934a3a7\",\"name\":\"admpu17wp\",\"image\":{\"@type\":\"ImageObject\",\"inLanguage\":\"es\",\"@id\":\"https:\/\/experienciadevida.com.ar\/portalurbano\/#\/schema\/person\/image\/\",\"url\":\"https:\/\/secure.gravatar.com\/avatar\/830d4c57adaae6630765e449a6908047?s=96&d=mm&r=g\",\"contentUrl\":\"https:\/\/secure.gravatar.com\/avatar\/830d4c57adaae6630765e449a6908047?s=96&d=mm&r=g\",\"caption\":\"admpu17wp\"}}]}<\/script>\n<!-- \/ Yoast SEO plugin. -->","yoast_head_json":{"title":"M\u00e1s de 120 testeos se hicieron en la tercera jornada del programa RTA","description":"El equipo de Salud del Municipio, al igual que en la primera etapa, realiz\u00f3 este martes la tercera jornada del Programa RTA.","robots":{"index":"index","follow":"follow","max-snippet":"max-snippet:-1","max-image-preview":"max-image-preview:large","max-video-preview":"max-video-preview:-1"},"canonical":"https:\/\/experienciadevida.com.ar\/portalurbano\/mas-de-120-testeos-se-hicieron-en-la-tercera-jornada-del-programa-rta\/","og_locale":"es_ES","og_type":"article","og_title":"M\u00e1s de 120 testeos se hicieron en la tercera jornada del programa RTA","og_description":"El equipo de Salud del Municipio, al igual que en la primera etapa, realiz\u00f3 este martes la tercera jornada del Programa RTA.","og_url":"https:\/\/experienciadevida.com.ar\/portalurbano\/mas-de-120-testeos-se-hicieron-en-la-tercera-jornada-del-programa-rta\/","article_publisher":"https:\/\/www.facebook.com\/Portal-Urbano-171542830093757\/","article_published_time":"2020-10-27T17:18:35+00:00","article_modified_time":"2020-10-27T17:22:05+00:00","og_image":[{"width":765,"height":510,"url":"https:\/\/experienciadevida.com.ar\/portalurbano\/wp-content\/uploads\/2020\/10\/Salud-Testeos-Intensivos-B\u00b0-Belen-Villa-Magdalena-e1603819000475.jpg","type":"image\/jpeg"}],"author":"admpu17wp","twitter_card":"summary_large_image","twitter_creator":"@portalurbanook","twitter_site":"@portalurbanook","twitter_misc":{"Escrito por":"admpu17wp","Tiempo de lectura":"1 minuto"},"schema":{"@context":"https:\/\/schema.org","@graph":[{"@type":"Article","@id":"https:\/\/experienciadevida.com.ar\/portalurbano\/mas-de-120-testeos-se-hicieron-en-la-tercera-jornada-del-programa-rta\/#article","isPartOf":{"@id":"https:\/\/experienciadevida.com.ar\/portalurbano\/mas-de-120-testeos-se-hicieron-en-la-tercera-jornada-del-programa-rta\/"},"author":{"name":"admpu17wp","@id":"https:\/\/experienciadevida.com.ar\/portalurbano\/#\/schema\/person\/02dd326b1c4b056e9cc972486934a3a7"},"headline":"M\u00e1s de 120 testeos se hicieron en la tercera jornada del programa RTA","datePublished":"2020-10-27T17:18:35+00:00","dateModified":"2020-10-27T17:22:05+00:00","mainEntityOfPage":{"@id":"https:\/\/experienciadevida.com.ar\/portalurbano\/mas-de-120-testeos-se-hicieron-en-la-tercera-jornada-del-programa-rta\/"},"wordCount":161,"publisher":{"@id":"https:\/\/experienciadevida.com.ar\/portalurbano\/#organization"},"articleSection":["Ciudad","Destacadas"],"inLanguage":"es"},{"@type":"WebPage","@id":"https:\/\/experienciadevida.com.ar\/portalurbano\/mas-de-120-testeos-se-hicieron-en-la-tercera-jornada-del-programa-rta\/","url":"https:\/\/experienciadevida.com.ar\/portalurbano\/mas-de-120-testeos-se-hicieron-en-la-tercera-jornada-del-programa-rta\/","name":"M\u00e1s de 120 testeos se hicieron en la tercera jornada del programa RTA","isPartOf":{"@id":"https:\/\/experienciadevida.com.ar\/portalurbano\/#website"},"datePublished":"2020-10-27T17:18:35+00:00","dateModified":"2020-10-27T17:22:05+00:00","description":"El equipo de Salud del Municipio, al igual que en la primera etapa, realiz\u00f3 este martes la tercera jornada del Programa RTA.","breadcrumb":{"@id":"https:\/\/experienciadevida.com.ar\/portalurbano\/mas-de-120-testeos-se-hicieron-en-la-tercera-jornada-del-programa-rta\/#breadcrumb"},"inLanguage":"es","potentialAction":[{"@type":"ReadAction","target":["https:\/\/experienciadevida.com.ar\/portalurbano\/mas-de-120-testeos-se-hicieron-en-la-tercera-jornada-del-programa-rta\/"]}]},{"@type":"BreadcrumbList","@id":"https:\/\/experienciadevida.com.ar\/portalurbano\/mas-de-120-testeos-se-hicieron-en-la-tercera-jornada-del-programa-rta\/#breadcrumb","itemListElement":[{"@type":"ListItem","position":1,"name":"Portada","item":"https:\/\/experienciadevida.com.ar\/portalurbano\/"},{"@type":"ListItem","position":2,"name":"M\u00e1s de 120 testeos se hicieron en la tercera jornada del programa RTA"}]},{"@type":"WebSite","@id":"https:\/\/experienciadevida.com.ar\/portalurbano\/#website","url":"https:\/\/experienciadevida.com.ar\/portalurbano\/","name":"","description":"","publisher":{"@id":"https:\/\/experienciadevida.com.ar\/portalurbano\/#organization"},"potentialAction":[{"@type":"SearchAction","target":{"@type":"EntryPoint","urlTemplate":"https:\/\/experienciadevida.com.ar\/portalurbano\/?s={search_term_string}"},"query-input":"required name=search_term_string"}],"inLanguage":"es"},{"@type":"Organization","@id":"https:\/\/experienciadevida.com.ar\/portalurbano\/#organization","name":"Portal Urbano","url":"https:\/\/experienciadevida.com.ar\/portalurbano\/","logo":{"@type":"ImageObject","inLanguage":"es","@id":"https:\/\/experienciadevida.com.ar\/portalurbano\/#\/schema\/logo\/image\/","url":"https:\/\/experienciadevida.com.ar\/portalurbano\/wp-content\/uploads\/2019\/09\/Logo-Original.png","contentUrl":"https:\/\/experienciadevida.com.ar\/portalurbano\/wp-content\/uploads\/2019\/09\/Logo-Original.png","width":2236,"height":1216,"caption":"Portal Urbano"},"image":{"@id":"https:\/\/experienciadevida.com.ar\/portalurbano\/#\/schema\/logo\/image\/"},"sameAs":["https:\/\/www.facebook.com\/Portal-Urbano-171542830093757\/","https:\/\/twitter.com\/portalurbanook","https:\/\/www.instagram.com\/_portalurbano\/","https:\/\/www.youtube.com\/channel\/UCXhagIfszH8KxFiOok79zbA?view_as=subscriber"]},{"@type":"Person","@id":"https:\/\/experienciadevida.com.ar\/portalurbano\/#\/schema\/person\/02dd326b1c4b056e9cc972486934a3a7","name":"admpu17wp","image":{"@type":"ImageObject","inLanguage":"es","@id":"https:\/\/experienciadevida.com.ar\/portalurbano\/#\/schema\/person\/image\/","url":"https:\/\/secure.gravatar.com\/avatar\/830d4c57adaae6630765e449a6908047?s=96&d=mm&r=g","contentUrl":"https:\/\/secure.gravatar.com\/avatar\/830d4c57adaae6630765e449a6908047?s=96&d=mm&r=g","caption":"admpu17wp"}}]}},"featured_image_urls":{"full":["https:\/\/experienciadevida.com.ar\/portalurbano\/wp-content\/uploads\/2020\/10\/Salud-Testeos-Intensivos-B\u00b0-Belen-Villa-Magdalena-e1603819000475.jpg",765,510,false],"thumbnail":["https:\/\/experienciadevida.com.ar\/portalurbano\/wp-content\/uploads\/2020\/10\/Salud-Testeos-Intensivos-B\u00b0-Belen-Villa-Magdalena-150x150.jpg",150,150,true],"medium":["https:\/\/experienciadevida.com.ar\/portalurbano\/wp-content\/uploads\/2020\/10\/Salud-Testeos-Intensivos-B\u00b0-Belen-Villa-Magdalena-300x200.jpg",300,200,true],"medium_large":["https:\/\/experienciadevida.com.ar\/portalurbano\/wp-content\/uploads\/2020\/10\/Salud-Testeos-Intensivos-B\u00b0-Belen-Villa-Magdalena-768x512.jpg",640,427,true],"large":["https:\/\/experienciadevida.com.ar\/portalurbano\/wp-content\/uploads\/2020\/10\/Salud-Testeos-Intensivos-B\u00b0-Belen-Villa-Magdalena-1024x683.jpg",640,427,true],"ug_big":["https:\/\/experienciadevida.com.ar\/portalurbano\/wp-content\/uploads\/2020\/10\/Salud-Testeos-Intensivos-B\u00b0-Belen-Villa-Magdalena-768x512.jpg",768,512,true],"1536x1536":["https:\/\/experienciadevida.com.ar\/portalurbano\/wp-content\/uploads\/2020\/10\/Salud-Testeos-Intensivos-B\u00b0-Belen-Villa-Magdalena-1536x1024.jpg",1536,1024,true],"2048x2048":["https:\/\/experienciadevida.com.ar\/portalurbano\/wp-content\/uploads\/2020\/10\/Salud-Testeos-Intensivos-B\u00b0-Belen-Villa-Magdalena-e1603819000475.jpg",765,510,false],"newsever-slider-full":["https:\/\/experienciadevida.com.ar\/portalurbano\/wp-content\/uploads\/2020\/10\/Salud-Testeos-Intensivos-B\u00b0-Belen-Villa-Magdalena-e1603819000475.jpg",765,510,false],"newsever-featured":["https:\/\/experienciadevida.com.ar\/portalurbano\/wp-content\/uploads\/2020\/10\/Salud-Testeos-Intensivos-B\u00b0-Belen-Villa-Magdalena-e1603819000475.jpg",765,510,false],"newsever-medium":["https:\/\/experienciadevida.com.ar\/portalurbano\/wp-content\/uploads\/2020\/10\/Salud-Testeos-Intensivos-B\u00b0-Belen-Villa-Magdalena-e1603819000475.jpg",713,475,false],"web-stories-poster-portrait":["https:\/\/experienciadevida.com.ar\/portalurbano\/wp-content\/uploads\/2020\/10\/Salud-Testeos-Intensivos-B\u00b0-Belen-Villa-Magdalena-e1603819000475.jpg",640,427,false],"web-stories-publisher-logo":["https:\/\/experienciadevida.com.ar\/portalurbano\/wp-content\/uploads\/2020\/10\/Salud-Testeos-Intensivos-B\u00b0-Belen-Villa-Magdalena-e1603819000475.jpg",96,64,false],"web-stories-thumbnail":["https:\/\/experienciadevida.com.ar\/portalurbano\/wp-content\/uploads\/2020\/10\/Salud-Testeos-Intensivos-B\u00b0-Belen-Villa-Magdalena-e1603819000475.jpg",150,100,false]},"author_info":{"display_name":"admpu17wp","author_link":"https:\/\/experienciadevida.com.ar\/portalurbano\/author\/admpu17wp\/"},"category_info":"<a href=\"https:\/\/experienciadevida.com.ar\/portalurbano\/category\/ciudad\/\" rel=\"category tag\">Ciudad<\/a> <a href=\"https:\/\/experienciadevida.com.ar\/portalurbano\/category\/destacadas\/\" rel=\"category tag\">Destacadas<\/a>","tag_info":"Destacadas","comment_count":"0","amp_enabled":true,"_links":{"self":[{"href":"https:\/\/experienciadevida.com.ar\/portalurbano\/wp-json\/wp\/v2\/posts\/125488"}],"collection":[{"href":"https:\/\/experienciadevida.com.ar\/portalurbano\/wp-json\/wp\/v2\/posts"}],"about":[{"href":"https:\/\/experienciadevida.com.ar\/portalurbano\/wp-json\/wp\/v2\/types\/post"}],"author":[{"embeddable":true,"href":"https:\/\/experienciadevida.com.ar\/portalurbano\/wp-json\/wp\/v2\/users\/1"}],"replies":[{"embeddable":true,"href":"https:\/\/experienciadevida.com.ar\/portalurbano\/wp-json\/wp\/v2\/comments?post=125488"}],"version-history":[{"count":3,"href":"https:\/\/experienciadevida.com.ar\/portalurbano\/wp-json\/wp\/v2\/posts\/125488\/revisions"}],"predecessor-version":[{"id":125496,"href":"https:\/\/experienciadevida.com.ar\/portalurbano\/wp-json\/wp\/v2\/posts\/125488\/revisions\/125496"}],"wp:featuredmedia":[{"embeddable":true,"href":"https:\/\/experienciadevida.com.ar\/portalurbano\/wp-json\/wp\/v2\/media\/125490"}],"wp:attachment":[{"href":"https:\/\/experienciadevida.com.ar\/portalurbano\/wp-json\/wp\/v2\/media?parent=125488"}],"wp:term":[{"taxonomy":"category","embeddable":true,"href":"https:\/\/experienciadevida.com.ar\/portalurbano\/wp-json\/wp\/v2\/categories?post=125488"},{"taxonomy":"post_tag","embeddable":true,"href":"https:\/\/experienciadevida.com.ar\/portalurbano\/wp-json\/wp\/v2\/tags?post=125488"}],"curies":[{"name":"wp","href":"https:\/\/api.w.org\/{rel}","templated":true}]}}