{"id":125460,"date":"2020-10-27T11:01:20","date_gmt":"2020-10-27T14:01:20","guid":{"rendered":"https:\/\/experienciadevida.com.ar\/portalurbano\/?p=125460"},"modified":"2020-10-27T11:01:56","modified_gmt":"2020-10-27T14:01:56","slug":"el-gobierno-seguira-con-los-atp-para-el-pago-de-salarios-hasta-fin-de-ano","status":"publish","type":"post","link":"https:\/\/experienciadevida.com.ar\/portalurbano\/el-gobierno-seguira-con-los-atp-para-el-pago-de-salarios-hasta-fin-de-ano\/","title":{"rendered":"El Gobierno seguir\u00e1 con los ATP para el pago de salarios hasta fin de a\u00f1o"},"content":{"rendered":"<div class=\"td_block_wrap tdb_single_subtitle tdi_72_f9e td-pb-border-top td_block_template_1\" data-td-block-uid=\"tdi_72_f9e\">\n<div class=\"tdb-block-inner td-fix-index\">\n<p>Se public\u00f3 en el Bolet\u00edn Oficial el decreto que extiende el programa hasta el 31 de diciembre. C\u00f3mo es el plan de los A<strong>TP para el pago\u00a0<\/strong>de salarios.<\/p>\n<\/div>\n<\/div>\n<div class=\"td_block_wrap tdb_single_date tdi_73_b8b td-pb-border-top td_block_template_1 tdb-post-meta\" data-td-block-uid=\"tdi_73_b8b\">\n<p>El Gobierno nacional extendi\u00f3 la vigencia del Programa de Asistencia de Emergencia al Trabajo y la Producci\u00f3n (ATP) establecido por el Decreto 332\/20 y sus modificatorios, hasta el 31 de diciembre de 2020.<\/p>\n<p>Lo hizo a trav\u00e9s del decreto 823\/2020 publicado este martes en el Bolet\u00edn Oficial, que indic\u00f3 que \u201csi bien se observa una recuperaci\u00f3n de la actividad econ\u00f3mica, la misma evidencia heterogeneidad sectorial y territorial\u201d.<\/p>\n<p>En consecuencia sostuvo que \u201cresulta pertinente extender la temporalidad de la asistencia comprendida en el <strong>ATP para el pago<\/strong> de salarios, para empleadores y empleadoras, y trabajadores y trabajadoras en relaci\u00f3n de dependencia e independientes, adecu\u00e1ndolo a las necesidades imperantes en la actualidad y a los cambios que se han producido y se van produciendo en la realidad econ\u00f3mica\u201d.<\/p>\n<p>El <strong>ATP para el pago<\/strong> de salarios, se puso en marcha en marzo tras la declaraci\u00f3n de Aislamiento Social Preventivo y Obligatorio (ASPO) por la pandemia del coronavirus, y durante estos meses fue incorporando beneficios tanto para empleadores como a trabajadores. Comprende la asignaci\u00f3n compensatoria del salario; cr\u00e9ditos a tasa cero para monotributistas y aut\u00f3nomos; pr\u00e9stamos a tasa subsidiada convertible y reintegro de los mismos; y un sistema integral de prestaciones por desempleo.<\/p>\n<p>El programa de asistencia prev\u00e9 que aquellos empleadores con una variaci\u00f3n nominal negativa en su facturaci\u00f3n interanual accedan al salario complementario, equivalente al 50% del salario neto.<\/p>\n<p>Por su parte, las firmas que presenten una variaci\u00f3n nominal positiva en su facturaci\u00f3n de entre 0% y 40% podr\u00e1n solicitar un cr\u00e9dito a tasa subsidiada, cuya tasa de inter\u00e9s ser\u00e1 en todos los casos del 15%.<\/p>\n<p>Ese cr\u00e9dito del\u00a0<strong>ATP para el pago <\/strong>\u00a0en cuotas a 12 meses tiene, adem\u00e1s, un incentivo para las empresas ya que podr\u00e1n transformar parte o todo el pr\u00e9stamos en subsidios del Estado en funci\u00f3n de la creaci\u00f3n de puestos de trabajo, a partir de par\u00e1metros de empleo interanuales.<\/p>\n<p>El tr\u00e1mite para acceder a un cr\u00e9dito a tasa subsidiada, que se acredita directamente en la cuenta bancaria del trabajador, se inicia a trav\u00e9s del sitio web de la Administraci\u00f3n Federal de Ingresos P\u00fablicos (AFIP) y los pr\u00e9stamos se terminan de gestionar ante la entidad bancaria seleccionada por cada empresa.<\/p>\n<p>Los cambios<\/p>\n<p>Cabe recordar que la \u00faltima etapa del <strong>ATP para el pago<\/strong> de salarios, tuvo cambios, y a partir de la sexta ronda se estableci\u00f3 que el salario neto resulte equivalente al 83% de la remuneraci\u00f3n bruta devengada hasta agosto de 2020.<\/p>\n<p>Adem\u00e1s, se ratific\u00f3 que el Salario Complementario a asignar como beneficio debe resultar equivalente al 50% del salario neto, con lo cual el resultado as\u00ed obtenido no podr\u00e1 ser inferior a la suma equivalente a 1,25 salario m\u00ednimo vital y m\u00f3vil ($ 21.093,75) ni superior a la suma equivalente a dos Salarios M\u00ednimos ($ 33.750).<\/p>\n<p>Hace tres semanas, el Gobierno tambi\u00e9n declar\u00f3 15 nuevos sectores como cr\u00edticos, y los incluy\u00f3 en el ATP6, de acuerdo con las recomendaciones del Acta 21 del Comit\u00e9 de Evaluaci\u00f3n y Monitoreo, que destac\u00f3 la necesidad de \u201campliar la n\u00f3mina de las actividades que se consideran afectadas en forma cr\u00edtica\u201d.<\/p>\n<p>Entre las quince actividades incorporadas se cuentan los servicios para la aeronavegaci\u00f3n; de hangares y estacionamiento de aeronaves; y complementarios para el transporte a\u00e9reo, alquileres de autom\u00f3viles y de equipo de transporte, la elaboraci\u00f3n de vinos; la fabricaci\u00f3n de accesorios y prendas de vestir de cuero; art\u00edculos regionales; marroquiner\u00eda y paraguas.<\/p>\n<p>Fuente: DIB<\/p>\n<\/div>\n","protected":false},"excerpt":{"rendered":"<p>Se public\u00f3 en el Bolet\u00edn Oficial el decreto que extiende el programa hasta el 31&#8230;<\/p>\n","protected":false},"author":1,"featured_media":125461,"comment_status":"closed","ping_status":"closed","sticky":false,"template":"","format":"standard","meta":{"content-type":""},"categories":[39],"tags":[],"nelio_content":{"isAutoShareEnabled":false,"autoShareEndMode":"default","automationSources":{"useContentSentences":true,"useSocialTemplates":true,"useCustomSentences":false,"customSentences":[]},"followers":[1],"suggestedReferences":[],"includedReferences":[],"efiUrl":"","efiAlt":"","highlights":[]},"yoast_head":"<!-- This site is optimized with the Yoast SEO plugin v20.7 - https:\/\/yoast.com\/wordpress\/plugins\/seo\/ -->\n<title>El Gobierno seguir\u00e1 con los ATP para el pago de salarios hasta fin de a\u00f1o<\/title>\n<meta name=\"description\" content=\"C\u00f3mo es el plan de los ATP para el pago\u00a0de salarios, y se public\u00f3 en el bolet\u00edn oficial y se extiende hasta el 31 de diciembre.\" \/>\n<meta name=\"robots\" content=\"index, follow, max-snippet:-1, max-image-preview:large, max-video-preview:-1\" \/>\n<link rel=\"canonical\" href=\"https:\/\/experienciadevida.com.ar\/portalurbano\/el-gobierno-seguira-con-los-atp-para-el-pago-de-salarios-hasta-fin-de-ano\/\" \/>\n<meta property=\"og:locale\" content=\"es_ES\" \/>\n<meta property=\"og:type\" content=\"article\" \/>\n<meta property=\"og:title\" content=\"El Gobierno seguir\u00e1 con los ATP para el pago de salarios hasta fin de a\u00f1o\" \/>\n<meta property=\"og:description\" content=\"C\u00f3mo es el plan de los ATP para el pago\u00a0de salarios, y se public\u00f3 en el bolet\u00edn oficial y se extiende hasta el 31 de diciembre.\" \/>\n<meta property=\"og:url\" content=\"https:\/\/experienciadevida.com.ar\/portalurbano\/el-gobierno-seguira-con-los-atp-para-el-pago-de-salarios-hasta-fin-de-ano\/\" \/>\n<meta property=\"article:publisher\" content=\"https:\/\/www.facebook.com\/Portal-Urbano-171542830093757\/\" \/>\n<meta property=\"article:published_time\" content=\"2020-10-27T14:01:20+00:00\" \/>\n<meta property=\"article:modified_time\" content=\"2020-10-27T14:01:56+00:00\" \/>\n<meta property=\"og:image\" content=\"https:\/\/experienciadevida.com.ar\/portalurbano\/wp-content\/uploads\/2020\/10\/ATP-para-el-pago.jpg\" \/>\n\t<meta property=\"og:image:width\" content=\"696\" \/>\n\t<meta property=\"og:image:height\" content=\"464\" \/>\n\t<meta property=\"og:image:type\" content=\"image\/jpeg\" \/>\n<meta name=\"author\" content=\"admpu17wp\" \/>\n<meta name=\"twitter:card\" content=\"summary_large_image\" \/>\n<meta name=\"twitter:creator\" content=\"@portalurbanook\" \/>\n<meta name=\"twitter:site\" content=\"@portalurbanook\" \/>\n<meta name=\"twitter:label1\" content=\"Escrito por\" \/>\n\t<meta name=\"twitter:data1\" content=\"admpu17wp\" \/>\n\t<meta name=\"twitter:label2\" content=\"Tiempo de lectura\" \/>\n\t<meta name=\"twitter:data2\" content=\"3 minutos\" \/>\n<script type=\"application\/ld+json\" class=\"yoast-schema-graph\">{\"@context\":\"https:\/\/schema.org\",\"@graph\":[{\"@type\":\"Article\",\"@id\":\"https:\/\/experienciadevida.com.ar\/portalurbano\/el-gobierno-seguira-con-los-atp-para-el-pago-de-salarios-hasta-fin-de-ano\/#article\",\"isPartOf\":{\"@id\":\"https:\/\/experienciadevida.com.ar\/portalurbano\/el-gobierno-seguira-con-los-atp-para-el-pago-de-salarios-hasta-fin-de-ano\/\"},\"author\":{\"name\":\"admpu17wp\",\"@id\":\"https:\/\/experienciadevida.com.ar\/portalurbano\/#\/schema\/person\/02dd326b1c4b056e9cc972486934a3a7\"},\"headline\":\"El Gobierno seguir\u00e1 con los ATP para el pago de salarios hasta fin de a\u00f1o\",\"datePublished\":\"2020-10-27T14:01:20+00:00\",\"dateModified\":\"2020-10-27T14:01:56+00:00\",\"mainEntityOfPage\":{\"@id\":\"https:\/\/experienciadevida.com.ar\/portalurbano\/el-gobierno-seguira-con-los-atp-para-el-pago-de-salarios-hasta-fin-de-ano\/\"},\"wordCount\":639,\"publisher\":{\"@id\":\"https:\/\/experienciadevida.com.ar\/portalurbano\/#organization\"},\"articleSection\":[\"Naci\u00f3n\"],\"inLanguage\":\"es\"},{\"@type\":\"WebPage\",\"@id\":\"https:\/\/experienciadevida.com.ar\/portalurbano\/el-gobierno-seguira-con-los-atp-para-el-pago-de-salarios-hasta-fin-de-ano\/\",\"url\":\"https:\/\/experienciadevida.com.ar\/portalurbano\/el-gobierno-seguira-con-los-atp-para-el-pago-de-salarios-hasta-fin-de-ano\/\",\"name\":\"El Gobierno seguir\u00e1 con los ATP para el pago de salarios hasta fin de a\u00f1o\",\"isPartOf\":{\"@id\":\"https:\/\/experienciadevida.com.ar\/portalurbano\/#website\"},\"datePublished\":\"2020-10-27T14:01:20+00:00\",\"dateModified\":\"2020-10-27T14:01:56+00:00\",\"description\":\"C\u00f3mo es el plan de los ATP para el pago\u00a0de salarios, y se public\u00f3 en el bolet\u00edn oficial y se extiende hasta el 31 de diciembre.\",\"breadcrumb\":{\"@id\":\"https:\/\/experienciadevida.com.ar\/portalurbano\/el-gobierno-seguira-con-los-atp-para-el-pago-de-salarios-hasta-fin-de-ano\/#breadcrumb\"},\"inLanguage\":\"es\",\"potentialAction\":[{\"@type\":\"ReadAction\",\"target\":[\"https:\/\/experienciadevida.com.ar\/portalurbano\/el-gobierno-seguira-con-los-atp-para-el-pago-de-salarios-hasta-fin-de-ano\/\"]}]},{\"@type\":\"BreadcrumbList\",\"@id\":\"https:\/\/experienciadevida.com.ar\/portalurbano\/el-gobierno-seguira-con-los-atp-para-el-pago-de-salarios-hasta-fin-de-ano\/#breadcrumb\",\"itemListElement\":[{\"@type\":\"ListItem\",\"position\":1,\"name\":\"Portada\",\"item\":\"https:\/\/experienciadevida.com.ar\/portalurbano\/\"},{\"@type\":\"ListItem\",\"position\":2,\"name\":\"El Gobierno seguir\u00e1 con los ATP para el pago de salarios hasta fin de a\u00f1o\"}]},{\"@type\":\"WebSite\",\"@id\":\"https:\/\/experienciadevida.com.ar\/portalurbano\/#website\",\"url\":\"https:\/\/experienciadevida.com.ar\/portalurbano\/\",\"name\":\"\",\"description\":\"\",\"publisher\":{\"@id\":\"https:\/\/experienciadevida.com.ar\/portalurbano\/#organization\"},\"potentialAction\":[{\"@type\":\"SearchAction\",\"target\":{\"@type\":\"EntryPoint\",\"urlTemplate\":\"https:\/\/experienciadevida.com.ar\/portalurbano\/?s={search_term_string}\"},\"query-input\":\"required name=search_term_string\"}],\"inLanguage\":\"es\"},{\"@type\":\"Organization\",\"@id\":\"https:\/\/experienciadevida.com.ar\/portalurbano\/#organization\",\"name\":\"Portal Urbano\",\"url\":\"https:\/\/experienciadevida.com.ar\/portalurbano\/\",\"logo\":{\"@type\":\"ImageObject\",\"inLanguage\":\"es\",\"@id\":\"https:\/\/experienciadevida.com.ar\/portalurbano\/#\/schema\/logo\/image\/\",\"url\":\"https:\/\/experienciadevida.com.ar\/portalurbano\/wp-content\/uploads\/2019\/09\/Logo-Original.png\",\"contentUrl\":\"https:\/\/experienciadevida.com.ar\/portalurbano\/wp-content\/uploads\/2019\/09\/Logo-Original.png\",\"width\":2236,\"height\":1216,\"caption\":\"Portal Urbano\"},\"image\":{\"@id\":\"https:\/\/experienciadevida.com.ar\/portalurbano\/#\/schema\/logo\/image\/\"},\"sameAs\":[\"https:\/\/www.facebook.com\/Portal-Urbano-171542830093757\/\",\"https:\/\/twitter.com\/portalurbanook\",\"https:\/\/www.instagram.com\/_portalurbano\/\",\"https:\/\/www.youtube.com\/channel\/UCXhagIfszH8KxFiOok79zbA?view_as=subscriber\"]},{\"@type\":\"Person\",\"@id\":\"https:\/\/experienciadevida.com.ar\/portalurbano\/#\/schema\/person\/02dd326b1c4b056e9cc972486934a3a7\",\"name\":\"admpu17wp\",\"image\":{\"@type\":\"ImageObject\",\"inLanguage\":\"es\",\"@id\":\"https:\/\/experienciadevida.com.ar\/portalurbano\/#\/schema\/person\/image\/\",\"url\":\"https:\/\/secure.gravatar.com\/avatar\/830d4c57adaae6630765e449a6908047?s=96&d=mm&r=g\",\"contentUrl\":\"https:\/\/secure.gravatar.com\/avatar\/830d4c57adaae6630765e449a6908047?s=96&d=mm&r=g\",\"caption\":\"admpu17wp\"}}]}<\/script>\n<!-- \/ Yoast SEO plugin. -->","yoast_head_json":{"title":"El Gobierno seguir\u00e1 con los ATP para el pago de salarios hasta fin de a\u00f1o","description":"C\u00f3mo es el plan de los ATP para el pago\u00a0de salarios, y se public\u00f3 en el bolet\u00edn oficial y se extiende hasta el 31 de diciembre.","robots":{"index":"index","follow":"follow","max-snippet":"max-snippet:-1","max-image-preview":"max-image-preview:large","max-video-preview":"max-video-preview:-1"},"canonical":"https:\/\/experienciadevida.com.ar\/portalurbano\/el-gobierno-seguira-con-los-atp-para-el-pago-de-salarios-hasta-fin-de-ano\/","og_locale":"es_ES","og_type":"article","og_title":"El Gobierno seguir\u00e1 con los ATP para el pago de salarios hasta fin de a\u00f1o","og_description":"C\u00f3mo es el plan de los ATP para el pago\u00a0de salarios, y se public\u00f3 en el bolet\u00edn oficial y se extiende hasta el 31 de diciembre.","og_url":"https:\/\/experienciadevida.com.ar\/portalurbano\/el-gobierno-seguira-con-los-atp-para-el-pago-de-salarios-hasta-fin-de-ano\/","article_publisher":"https:\/\/www.facebook.com\/Portal-Urbano-171542830093757\/","article_published_time":"2020-10-27T14:01:20+00:00","article_modified_time":"2020-10-27T14:01:56+00:00","og_image":[{"width":696,"height":464,"url":"https:\/\/experienciadevida.com.ar\/portalurbano\/wp-content\/uploads\/2020\/10\/ATP-para-el-pago.jpg","type":"image\/jpeg"}],"author":"admpu17wp","twitter_card":"summary_large_image","twitter_creator":"@portalurbanook","twitter_site":"@portalurbanook","twitter_misc":{"Escrito por":"admpu17wp","Tiempo de lectura":"3 minutos"},"schema":{"@context":"https:\/\/schema.org","@graph":[{"@type":"Article","@id":"https:\/\/experienciadevida.com.ar\/portalurbano\/el-gobierno-seguira-con-los-atp-para-el-pago-de-salarios-hasta-fin-de-ano\/#article","isPartOf":{"@id":"https:\/\/experienciadevida.com.ar\/portalurbano\/el-gobierno-seguira-con-los-atp-para-el-pago-de-salarios-hasta-fin-de-ano\/"},"author":{"name":"admpu17wp","@id":"https:\/\/experienciadevida.com.ar\/portalurbano\/#\/schema\/person\/02dd326b1c4b056e9cc972486934a3a7"},"headline":"El Gobierno seguir\u00e1 con los ATP para el pago de salarios hasta fin de a\u00f1o","datePublished":"2020-10-27T14:01:20+00:00","dateModified":"2020-10-27T14:01:56+00:00","mainEntityOfPage":{"@id":"https:\/\/experienciadevida.com.ar\/portalurbano\/el-gobierno-seguira-con-los-atp-para-el-pago-de-salarios-hasta-fin-de-ano\/"},"wordCount":639,"publisher":{"@id":"https:\/\/experienciadevida.com.ar\/portalurbano\/#organization"},"articleSection":["Naci\u00f3n"],"inLanguage":"es"},{"@type":"WebPage","@id":"https:\/\/experienciadevida.com.ar\/portalurbano\/el-gobierno-seguira-con-los-atp-para-el-pago-de-salarios-hasta-fin-de-ano\/","url":"https:\/\/experienciadevida.com.ar\/portalurbano\/el-gobierno-seguira-con-los-atp-para-el-pago-de-salarios-hasta-fin-de-ano\/","name":"El Gobierno seguir\u00e1 con los ATP para el pago de salarios hasta fin de a\u00f1o","isPartOf":{"@id":"https:\/\/experienciadevida.com.ar\/portalurbano\/#website"},"datePublished":"2020-10-27T14:01:20+00:00","dateModified":"2020-10-27T14:01:56+00:00","description":"C\u00f3mo es el plan de los ATP para el pago\u00a0de salarios, y se public\u00f3 en el bolet\u00edn oficial y se extiende hasta el 31 de diciembre.","breadcrumb":{"@id":"https:\/\/experienciadevida.com.ar\/portalurbano\/el-gobierno-seguira-con-los-atp-para-el-pago-de-salarios-hasta-fin-de-ano\/#breadcrumb"},"inLanguage":"es","potentialAction":[{"@type":"ReadAction","target":["https:\/\/experienciadevida.com.ar\/portalurbano\/el-gobierno-seguira-con-los-atp-para-el-pago-de-salarios-hasta-fin-de-ano\/"]}]},{"@type":"BreadcrumbList","@id":"https:\/\/experienciadevida.com.ar\/portalurbano\/el-gobierno-seguira-con-los-atp-para-el-pago-de-salarios-hasta-fin-de-ano\/#breadcrumb","itemListElement":[{"@type":"ListItem","position":1,"name":"Portada","item":"https:\/\/experienciadevida.com.ar\/portalurbano\/"},{"@type":"ListItem","position":2,"name":"El Gobierno seguir\u00e1 con los ATP para el pago de salarios hasta fin de a\u00f1o"}]},{"@type":"WebSite","@id":"https:\/\/experienciadevida.com.ar\/portalurbano\/#website","url":"https:\/\/experienciadevida.com.ar\/portalurbano\/","name":"","description":"","publisher":{"@id":"https:\/\/experienciadevida.com.ar\/portalurbano\/#organization"},"potentialAction":[{"@type":"SearchAction","target":{"@type":"EntryPoint","urlTemplate":"https:\/\/experienciadevida.com.ar\/portalurbano\/?s={search_term_string}"},"query-input":"required name=search_term_string"}],"inLanguage":"es"},{"@type":"Organization","@id":"https:\/\/experienciadevida.com.ar\/portalurbano\/#organization","name":"Portal Urbano","url":"https:\/\/experienciadevida.com.ar\/portalurbano\/","logo":{"@type":"ImageObject","inLanguage":"es","@id":"https:\/\/experienciadevida.com.ar\/portalurbano\/#\/schema\/logo\/image\/","url":"https:\/\/experienciadevida.com.ar\/portalurbano\/wp-content\/uploads\/2019\/09\/Logo-Original.png","contentUrl":"https:\/\/experienciadevida.com.ar\/portalurbano\/wp-content\/uploads\/2019\/09\/Logo-Original.png","width":2236,"height":1216,"caption":"Portal Urbano"},"image":{"@id":"https:\/\/experienciadevida.com.ar\/portalurbano\/#\/schema\/logo\/image\/"},"sameAs":["https:\/\/www.facebook.com\/Portal-Urbano-171542830093757\/","https:\/\/twitter.com\/portalurbanook","https:\/\/www.instagram.com\/_portalurbano\/","https:\/\/www.youtube.com\/channel\/UCXhagIfszH8KxFiOok79zbA?view_as=subscriber"]},{"@type":"Person","@id":"https:\/\/experienciadevida.com.ar\/portalurbano\/#\/schema\/person\/02dd326b1c4b056e9cc972486934a3a7","name":"admpu17wp","image":{"@type":"ImageObject","inLanguage":"es","@id":"https:\/\/experienciadevida.com.ar\/portalurbano\/#\/schema\/person\/image\/","url":"https:\/\/secure.gravatar.com\/avatar\/830d4c57adaae6630765e449a6908047?s=96&d=mm&r=g","contentUrl":"https:\/\/secure.gravatar.com\/avatar\/830d4c57adaae6630765e449a6908047?s=96&d=mm&r=g","caption":"admpu17wp"}}]}},"featured_image_urls":{"full":["https:\/\/experienciadevida.com.ar\/portalurbano\/wp-content\/uploads\/2020\/10\/ATP-para-el-pago.jpg",696,464,false],"thumbnail":["https:\/\/experienciadevida.com.ar\/portalurbano\/wp-content\/uploads\/2020\/10\/ATP-para-el-pago-150x150.jpg",150,150,true],"medium":["https:\/\/experienciadevida.com.ar\/portalurbano\/wp-content\/uploads\/2020\/10\/ATP-para-el-pago-300x200.jpg",300,200,true],"medium_large":["https:\/\/experienciadevida.com.ar\/portalurbano\/wp-content\/uploads\/2020\/10\/ATP-para-el-pago.jpg",640,427,false],"large":["https:\/\/experienciadevida.com.ar\/portalurbano\/wp-content\/uploads\/2020\/10\/ATP-para-el-pago.jpg",640,427,false],"ug_big":["https:\/\/experienciadevida.com.ar\/portalurbano\/wp-content\/uploads\/2020\/10\/ATP-para-el-pago.jpg",696,464,false],"1536x1536":["https:\/\/experienciadevida.com.ar\/portalurbano\/wp-content\/uploads\/2020\/10\/ATP-para-el-pago.jpg",696,464,false],"2048x2048":["https:\/\/experienciadevida.com.ar\/portalurbano\/wp-content\/uploads\/2020\/10\/ATP-para-el-pago.jpg",696,464,false],"newsever-slider-full":["https:\/\/experienciadevida.com.ar\/portalurbano\/wp-content\/uploads\/2020\/10\/ATP-para-el-pago.jpg",696,464,false],"newsever-featured":["https:\/\/experienciadevida.com.ar\/portalurbano\/wp-content\/uploads\/2020\/10\/ATP-para-el-pago.jpg",696,464,false],"newsever-medium":["https:\/\/experienciadevida.com.ar\/portalurbano\/wp-content\/uploads\/2020\/10\/ATP-para-el-pago.jpg",696,464,false],"web-stories-poster-portrait":["https:\/\/experienciadevida.com.ar\/portalurbano\/wp-content\/uploads\/2020\/10\/ATP-para-el-pago.jpg",640,427,false],"web-stories-publisher-logo":["https:\/\/experienciadevida.com.ar\/portalurbano\/wp-content\/uploads\/2020\/10\/ATP-para-el-pago.jpg",96,64,false],"web-stories-thumbnail":["https:\/\/experienciadevida.com.ar\/portalurbano\/wp-content\/uploads\/2020\/10\/ATP-para-el-pago.jpg",150,100,false]},"author_info":{"display_name":"admpu17wp","author_link":"https:\/\/experienciadevida.com.ar\/portalurbano\/author\/admpu17wp\/"},"category_info":"<a href=\"https:\/\/experienciadevida.com.ar\/portalurbano\/category\/nacion\/\" rel=\"category tag\">Naci\u00f3n<\/a>","tag_info":"Naci\u00f3n","comment_count":"0","amp_enabled":true,"_links":{"self":[{"href":"https:\/\/experienciadevida.com.ar\/portalurbano\/wp-json\/wp\/v2\/posts\/125460"}],"collection":[{"href":"https:\/\/experienciadevida.com.ar\/portalurbano\/wp-json\/wp\/v2\/posts"}],"about":[{"href":"https:\/\/experienciadevida.com.ar\/portalurbano\/wp-json\/wp\/v2\/types\/post"}],"author":[{"embeddable":true,"href":"https:\/\/experienciadevida.com.ar\/portalurbano\/wp-json\/wp\/v2\/users\/1"}],"replies":[{"embeddable":true,"href":"https:\/\/experienciadevida.com.ar\/portalurbano\/wp-json\/wp\/v2\/comments?post=125460"}],"version-history":[{"count":2,"href":"https:\/\/experienciadevida.com.ar\/portalurbano\/wp-json\/wp\/v2\/posts\/125460\/revisions"}],"predecessor-version":[{"id":125463,"href":"https:\/\/experienciadevida.com.ar\/portalurbano\/wp-json\/wp\/v2\/posts\/125460\/revisions\/125463"}],"wp:featuredmedia":[{"embeddable":true,"href":"https:\/\/experienciadevida.com.ar\/portalurbano\/wp-json\/wp\/v2\/media\/125461"}],"wp:attachment":[{"href":"https:\/\/experienciadevida.com.ar\/portalurbano\/wp-json\/wp\/v2\/media?parent=125460"}],"wp:term":[{"taxonomy":"category","embeddable":true,"href":"https:\/\/experienciadevida.com.ar\/portalurbano\/wp-json\/wp\/v2\/categories?post=125460"},{"taxonomy":"post_tag","embeddable":true,"href":"https:\/\/experienciadevida.com.ar\/portalurbano\/wp-json\/wp\/v2\/tags?post=125460"}],"curies":[{"name":"wp","href":"https:\/\/api.w.org\/{rel}","templated":true}]}}