{"id":125306,"date":"2020-10-25T12:50:43","date_gmt":"2020-10-25T15:50:43","guid":{"rendered":"https:\/\/experienciadevida.com.ar\/portalurbano\/?p=125306"},"modified":"2020-10-25T12:51:18","modified_gmt":"2020-10-25T15:51:18","slug":"vacunacion-antirrabica-semana-del-26-al-30-de-octubre","status":"publish","type":"post","link":"https:\/\/experienciadevida.com.ar\/portalurbano\/vacunacion-antirrabica-semana-del-26-al-30-de-octubre\/","title":{"rendered":"Vacunaci\u00f3n Antirr\u00e1bica: semana del 26 al 30 de octubre"},"content":{"rendered":"<p>Este lunes 26 de octubre contin\u00faa la Campa\u00f1a de <strong>Vacunaci\u00f3n<\/strong> Antirr\u00e1bica 2020, de acuerdo al cronograma.<\/p>\n<p>Cronograma:<\/p>\n<p>Lunes 26: Barrio PYM \u2013 Territorial N\u00b04 (Berutti y R. Fal). De 9 a 12:30 horas.<br \/>\nMartes 27: Barrio Sarmiento 1 (Av. Col\u00f3n y Jun\u00edn). De 9 a 12:30 horas.<br \/>\nMi\u00e9rcoles 28: Barrio Sarmiento 2 (Riobamba e\/Rufino Fal y Estrada). De 9 a 12:30 horas.<br \/>\nViernes 30: Barrio Facundo Quiroga II \u2013 C.I.C. (Santa Fe y Calle 14bis). De 9:30 a 12:30 horas.<\/p>\n<p>Cabe aclarar que la fecha de todos los puestos de <strong>vacunaci\u00f3n<\/strong> est\u00e1 condicionada por las condiciones clim\u00e1ticas y modificaciones de feriados o asuetos, pudiendo ser suspendidas el mismo d\u00eda en caso de no poder hacerlo con anticipaci\u00f3n. En estos casos se comunicar\u00e1 lo antes posible la nueva fecha establecida.<\/p>\n<p>Se recuerda que la Campa\u00f1a se lleva a cabo por personal de la Direcci\u00f3n de Bromatolog\u00eda de la Municipalidad de Olavarr\u00eda.<\/p>\n<p>Como en cada a\u00f1o, el cronograma de <strong>vacunaci\u00f3n <\/strong>prev\u00e9 una recorrida por los diferentes puntos de la ciudad, en las plazas y espacios de los barrios durante los meses octubre, noviembre y diciembre.<\/p>\n<p>La vacuna antirr\u00e1bica es anual y obligatoria. En esta campa\u00f1a municipal la inmunizaci\u00f3n es gratuita y no requiere turno, s\u00f3lo se solicita que las mascotas sean trasladadas por un adulto, con collar, correa y bozal de ser necesario. Asimismo en este a\u00f1o, debido a la situaci\u00f3n epidemiol\u00f3gica actual, se solicita adem\u00e1s que las personas que concurran a los puestos de vacunaci\u00f3n lo hagan con barbijo o tapabocas, alcohol en gel o pulverizador para las manos y que se respete la distancia social.<\/p>\n<p>La rabia es una enfermedad viral que afecta el sistema nervioso central de los seres humanos y otros mam\u00edferos. Las personas pueden contraerla a trav\u00e9s de la mordedura de un animal rabioso, ya que el virus se encuentra en la saliva y en las secreciones. La enfermedad tambi\u00e9n se puede contraer por el contacto de la piel lastimada con la saliva de un animal infectado. Es importante tener presente que cualquier mam\u00edfero puede tener rabia y transmitirla a los seres humanos.<\/p>\n<p>Por ello, la <strong>vacunaci\u00f3n<\/strong> de los animales y la tenencia responsable de mascotas es un punto clave para la prevenci\u00f3n de la enfermedad, y la gesti\u00f3n municipal asume el compromiso de garantizar la salud p\u00fablica mediante acciones concretas.<\/p>\n","protected":false},"excerpt":{"rendered":"<p>Este lunes 26 de octubre contin\u00faa la Campa\u00f1a de Vacunaci\u00f3n Antirr\u00e1bica 2020, de acuerdo al&#8230;<\/p>\n","protected":false},"author":1,"featured_media":125307,"comment_status":"closed","ping_status":"closed","sticky":false,"template":"","format":"standard","meta":{"content-type":""},"categories":[27,51],"tags":[],"nelio_content":{"isAutoShareEnabled":false,"autoShareEndMode":"default","automationSources":{"useContentSentences":true,"useSocialTemplates":true,"useCustomSentences":false,"customSentences":[]},"followers":[1],"suggestedReferences":[],"includedReferences":[],"efiUrl":"","efiAlt":"","highlights":[]},"yoast_head":"<!-- This site is optimized with the Yoast SEO plugin v20.7 - https:\/\/yoast.com\/wordpress\/plugins\/seo\/ -->\n<title>Vacunaci\u00f3n Antirr\u00e1bica: Semana del 26 al 30 de octubre<\/title>\n<meta name=\"description\" content=\"Este lunes 26 de octubre contin\u00faa la Campa\u00f1a de Vacunaci\u00f3n Antirr\u00e1bica 2020, de acuerdo al cronograma, para la semana pr\u00f3xima.\" \/>\n<meta name=\"robots\" content=\"index, follow, max-snippet:-1, max-image-preview:large, max-video-preview:-1\" \/>\n<link rel=\"canonical\" href=\"https:\/\/experienciadevida.com.ar\/portalurbano\/vacunacion-antirrabica-semana-del-26-al-30-de-octubre\/\" \/>\n<meta property=\"og:locale\" content=\"es_ES\" \/>\n<meta property=\"og:type\" content=\"article\" \/>\n<meta property=\"og:title\" content=\"Vacunaci\u00f3n Antirr\u00e1bica: Semana del 26 al 30 de octubre\" \/>\n<meta property=\"og:description\" content=\"Este lunes 26 de octubre contin\u00faa la Campa\u00f1a de Vacunaci\u00f3n Antirr\u00e1bica 2020, de acuerdo al cronograma, para la semana pr\u00f3xima.\" \/>\n<meta property=\"og:url\" content=\"https:\/\/experienciadevida.com.ar\/portalurbano\/vacunacion-antirrabica-semana-del-26-al-30-de-octubre\/\" \/>\n<meta property=\"article:publisher\" content=\"https:\/\/www.facebook.com\/Portal-Urbano-171542830093757\/\" \/>\n<meta property=\"article:published_time\" content=\"2020-10-25T15:50:43+00:00\" \/>\n<meta property=\"article:modified_time\" content=\"2020-10-25T15:51:18+00:00\" \/>\n<meta property=\"og:image\" content=\"https:\/\/experienciadevida.com.ar\/portalurbano\/wp-content\/uploads\/2020\/10\/Vacunacion-1.jpg\" \/>\n\t<meta property=\"og:image:width\" content=\"1024\" \/>\n\t<meta property=\"og:image:height\" content=\"682\" \/>\n\t<meta property=\"og:image:type\" content=\"image\/jpeg\" \/>\n<meta name=\"author\" content=\"admpu17wp\" \/>\n<meta name=\"twitter:card\" content=\"summary_large_image\" \/>\n<meta name=\"twitter:creator\" content=\"@portalurbanook\" \/>\n<meta name=\"twitter:site\" content=\"@portalurbanook\" \/>\n<meta name=\"twitter:label1\" content=\"Escrito por\" \/>\n\t<meta name=\"twitter:data1\" content=\"admpu17wp\" \/>\n\t<meta name=\"twitter:label2\" content=\"Tiempo de lectura\" \/>\n\t<meta name=\"twitter:data2\" content=\"2 minutos\" \/>\n<script type=\"application\/ld+json\" class=\"yoast-schema-graph\">{\"@context\":\"https:\/\/schema.org\",\"@graph\":[{\"@type\":\"Article\",\"@id\":\"https:\/\/experienciadevida.com.ar\/portalurbano\/vacunacion-antirrabica-semana-del-26-al-30-de-octubre\/#article\",\"isPartOf\":{\"@id\":\"https:\/\/experienciadevida.com.ar\/portalurbano\/vacunacion-antirrabica-semana-del-26-al-30-de-octubre\/\"},\"author\":{\"name\":\"admpu17wp\",\"@id\":\"https:\/\/experienciadevida.com.ar\/portalurbano\/#\/schema\/person\/02dd326b1c4b056e9cc972486934a3a7\"},\"headline\":\"Vacunaci\u00f3n Antirr\u00e1bica: semana del 26 al 30 de octubre\",\"datePublished\":\"2020-10-25T15:50:43+00:00\",\"dateModified\":\"2020-10-25T15:51:18+00:00\",\"mainEntityOfPage\":{\"@id\":\"https:\/\/experienciadevida.com.ar\/portalurbano\/vacunacion-antirrabica-semana-del-26-al-30-de-octubre\/\"},\"wordCount\":412,\"publisher\":{\"@id\":\"https:\/\/experienciadevida.com.ar\/portalurbano\/#organization\"},\"articleSection\":[\"Ciudad\",\"Destacadas\"],\"inLanguage\":\"es\"},{\"@type\":\"WebPage\",\"@id\":\"https:\/\/experienciadevida.com.ar\/portalurbano\/vacunacion-antirrabica-semana-del-26-al-30-de-octubre\/\",\"url\":\"https:\/\/experienciadevida.com.ar\/portalurbano\/vacunacion-antirrabica-semana-del-26-al-30-de-octubre\/\",\"name\":\"Vacunaci\u00f3n Antirr\u00e1bica: Semana del 26 al 30 de octubre\",\"isPartOf\":{\"@id\":\"https:\/\/experienciadevida.com.ar\/portalurbano\/#website\"},\"datePublished\":\"2020-10-25T15:50:43+00:00\",\"dateModified\":\"2020-10-25T15:51:18+00:00\",\"description\":\"Este lunes 26 de octubre contin\u00faa la Campa\u00f1a de Vacunaci\u00f3n Antirr\u00e1bica 2020, de acuerdo al cronograma, para la semana pr\u00f3xima.\",\"breadcrumb\":{\"@id\":\"https:\/\/experienciadevida.com.ar\/portalurbano\/vacunacion-antirrabica-semana-del-26-al-30-de-octubre\/#breadcrumb\"},\"inLanguage\":\"es\",\"potentialAction\":[{\"@type\":\"ReadAction\",\"target\":[\"https:\/\/experienciadevida.com.ar\/portalurbano\/vacunacion-antirrabica-semana-del-26-al-30-de-octubre\/\"]}]},{\"@type\":\"BreadcrumbList\",\"@id\":\"https:\/\/experienciadevida.com.ar\/portalurbano\/vacunacion-antirrabica-semana-del-26-al-30-de-octubre\/#breadcrumb\",\"itemListElement\":[{\"@type\":\"ListItem\",\"position\":1,\"name\":\"Portada\",\"item\":\"https:\/\/experienciadevida.com.ar\/portalurbano\/\"},{\"@type\":\"ListItem\",\"position\":2,\"name\":\"Vacunaci\u00f3n Antirr\u00e1bica: semana del 26 al 30 de octubre\"}]},{\"@type\":\"WebSite\",\"@id\":\"https:\/\/experienciadevida.com.ar\/portalurbano\/#website\",\"url\":\"https:\/\/experienciadevida.com.ar\/portalurbano\/\",\"name\":\"\",\"description\":\"\",\"publisher\":{\"@id\":\"https:\/\/experienciadevida.com.ar\/portalurbano\/#organization\"},\"potentialAction\":[{\"@type\":\"SearchAction\",\"target\":{\"@type\":\"EntryPoint\",\"urlTemplate\":\"https:\/\/experienciadevida.com.ar\/portalurbano\/?s={search_term_string}\"},\"query-input\":\"required name=search_term_string\"}],\"inLanguage\":\"es\"},{\"@type\":\"Organization\",\"@id\":\"https:\/\/experienciadevida.com.ar\/portalurbano\/#organization\",\"name\":\"Portal Urbano\",\"url\":\"https:\/\/experienciadevida.com.ar\/portalurbano\/\",\"logo\":{\"@type\":\"ImageObject\",\"inLanguage\":\"es\",\"@id\":\"https:\/\/experienciadevida.com.ar\/portalurbano\/#\/schema\/logo\/image\/\",\"url\":\"https:\/\/experienciadevida.com.ar\/portalurbano\/wp-content\/uploads\/2019\/09\/Logo-Original.png\",\"contentUrl\":\"https:\/\/experienciadevida.com.ar\/portalurbano\/wp-content\/uploads\/2019\/09\/Logo-Original.png\",\"width\":2236,\"height\":1216,\"caption\":\"Portal Urbano\"},\"image\":{\"@id\":\"https:\/\/experienciadevida.com.ar\/portalurbano\/#\/schema\/logo\/image\/\"},\"sameAs\":[\"https:\/\/www.facebook.com\/Portal-Urbano-171542830093757\/\",\"https:\/\/twitter.com\/portalurbanook\",\"https:\/\/www.instagram.com\/_portalurbano\/\",\"https:\/\/www.youtube.com\/channel\/UCXhagIfszH8KxFiOok79zbA?view_as=subscriber\"]},{\"@type\":\"Person\",\"@id\":\"https:\/\/experienciadevida.com.ar\/portalurbano\/#\/schema\/person\/02dd326b1c4b056e9cc972486934a3a7\",\"name\":\"admpu17wp\",\"image\":{\"@type\":\"ImageObject\",\"inLanguage\":\"es\",\"@id\":\"https:\/\/experienciadevida.com.ar\/portalurbano\/#\/schema\/person\/image\/\",\"url\":\"https:\/\/secure.gravatar.com\/avatar\/830d4c57adaae6630765e449a6908047?s=96&d=mm&r=g\",\"contentUrl\":\"https:\/\/secure.gravatar.com\/avatar\/830d4c57adaae6630765e449a6908047?s=96&d=mm&r=g\",\"caption\":\"admpu17wp\"}}]}<\/script>\n<!-- \/ Yoast SEO plugin. -->","yoast_head_json":{"title":"Vacunaci\u00f3n Antirr\u00e1bica: Semana del 26 al 30 de octubre","description":"Este lunes 26 de octubre contin\u00faa la Campa\u00f1a de Vacunaci\u00f3n Antirr\u00e1bica 2020, de acuerdo al cronograma, para la semana pr\u00f3xima.","robots":{"index":"index","follow":"follow","max-snippet":"max-snippet:-1","max-image-preview":"max-image-preview:large","max-video-preview":"max-video-preview:-1"},"canonical":"https:\/\/experienciadevida.com.ar\/portalurbano\/vacunacion-antirrabica-semana-del-26-al-30-de-octubre\/","og_locale":"es_ES","og_type":"article","og_title":"Vacunaci\u00f3n Antirr\u00e1bica: Semana del 26 al 30 de octubre","og_description":"Este lunes 26 de octubre contin\u00faa la Campa\u00f1a de Vacunaci\u00f3n Antirr\u00e1bica 2020, de acuerdo al cronograma, para la semana pr\u00f3xima.","og_url":"https:\/\/experienciadevida.com.ar\/portalurbano\/vacunacion-antirrabica-semana-del-26-al-30-de-octubre\/","article_publisher":"https:\/\/www.facebook.com\/Portal-Urbano-171542830093757\/","article_published_time":"2020-10-25T15:50:43+00:00","article_modified_time":"2020-10-25T15:51:18+00:00","og_image":[{"width":1024,"height":682,"url":"https:\/\/experienciadevida.com.ar\/portalurbano\/wp-content\/uploads\/2020\/10\/Vacunacion-1.jpg","type":"image\/jpeg"}],"author":"admpu17wp","twitter_card":"summary_large_image","twitter_creator":"@portalurbanook","twitter_site":"@portalurbanook","twitter_misc":{"Escrito por":"admpu17wp","Tiempo de lectura":"2 minutos"},"schema":{"@context":"https:\/\/schema.org","@graph":[{"@type":"Article","@id":"https:\/\/experienciadevida.com.ar\/portalurbano\/vacunacion-antirrabica-semana-del-26-al-30-de-octubre\/#article","isPartOf":{"@id":"https:\/\/experienciadevida.com.ar\/portalurbano\/vacunacion-antirrabica-semana-del-26-al-30-de-octubre\/"},"author":{"name":"admpu17wp","@id":"https:\/\/experienciadevida.com.ar\/portalurbano\/#\/schema\/person\/02dd326b1c4b056e9cc972486934a3a7"},"headline":"Vacunaci\u00f3n Antirr\u00e1bica: semana del 26 al 30 de octubre","datePublished":"2020-10-25T15:50:43+00:00","dateModified":"2020-10-25T15:51:18+00:00","mainEntityOfPage":{"@id":"https:\/\/experienciadevida.com.ar\/portalurbano\/vacunacion-antirrabica-semana-del-26-al-30-de-octubre\/"},"wordCount":412,"publisher":{"@id":"https:\/\/experienciadevida.com.ar\/portalurbano\/#organization"},"articleSection":["Ciudad","Destacadas"],"inLanguage":"es"},{"@type":"WebPage","@id":"https:\/\/experienciadevida.com.ar\/portalurbano\/vacunacion-antirrabica-semana-del-26-al-30-de-octubre\/","url":"https:\/\/experienciadevida.com.ar\/portalurbano\/vacunacion-antirrabica-semana-del-26-al-30-de-octubre\/","name":"Vacunaci\u00f3n Antirr\u00e1bica: Semana del 26 al 30 de octubre","isPartOf":{"@id":"https:\/\/experienciadevida.com.ar\/portalurbano\/#website"},"datePublished":"2020-10-25T15:50:43+00:00","dateModified":"2020-10-25T15:51:18+00:00","description":"Este lunes 26 de octubre contin\u00faa la Campa\u00f1a de Vacunaci\u00f3n Antirr\u00e1bica 2020, de acuerdo al cronograma, para la semana pr\u00f3xima.","breadcrumb":{"@id":"https:\/\/experienciadevida.com.ar\/portalurbano\/vacunacion-antirrabica-semana-del-26-al-30-de-octubre\/#breadcrumb"},"inLanguage":"es","potentialAction":[{"@type":"ReadAction","target":["https:\/\/experienciadevida.com.ar\/portalurbano\/vacunacion-antirrabica-semana-del-26-al-30-de-octubre\/"]}]},{"@type":"BreadcrumbList","@id":"https:\/\/experienciadevida.com.ar\/portalurbano\/vacunacion-antirrabica-semana-del-26-al-30-de-octubre\/#breadcrumb","itemListElement":[{"@type":"ListItem","position":1,"name":"Portada","item":"https:\/\/experienciadevida.com.ar\/portalurbano\/"},{"@type":"ListItem","position":2,"name":"Vacunaci\u00f3n Antirr\u00e1bica: semana del 26 al 30 de octubre"}]},{"@type":"WebSite","@id":"https:\/\/experienciadevida.com.ar\/portalurbano\/#website","url":"https:\/\/experienciadevida.com.ar\/portalurbano\/","name":"","description":"","publisher":{"@id":"https:\/\/experienciadevida.com.ar\/portalurbano\/#organization"},"potentialAction":[{"@type":"SearchAction","target":{"@type":"EntryPoint","urlTemplate":"https:\/\/experienciadevida.com.ar\/portalurbano\/?s={search_term_string}"},"query-input":"required name=search_term_string"}],"inLanguage":"es"},{"@type":"Organization","@id":"https:\/\/experienciadevida.com.ar\/portalurbano\/#organization","name":"Portal Urbano","url":"https:\/\/experienciadevida.com.ar\/portalurbano\/","logo":{"@type":"ImageObject","inLanguage":"es","@id":"https:\/\/experienciadevida.com.ar\/portalurbano\/#\/schema\/logo\/image\/","url":"https:\/\/experienciadevida.com.ar\/portalurbano\/wp-content\/uploads\/2019\/09\/Logo-Original.png","contentUrl":"https:\/\/experienciadevida.com.ar\/portalurbano\/wp-content\/uploads\/2019\/09\/Logo-Original.png","width":2236,"height":1216,"caption":"Portal Urbano"},"image":{"@id":"https:\/\/experienciadevida.com.ar\/portalurbano\/#\/schema\/logo\/image\/"},"sameAs":["https:\/\/www.facebook.com\/Portal-Urbano-171542830093757\/","https:\/\/twitter.com\/portalurbanook","https:\/\/www.instagram.com\/_portalurbano\/","https:\/\/www.youtube.com\/channel\/UCXhagIfszH8KxFiOok79zbA?view_as=subscriber"]},{"@type":"Person","@id":"https:\/\/experienciadevida.com.ar\/portalurbano\/#\/schema\/person\/02dd326b1c4b056e9cc972486934a3a7","name":"admpu17wp","image":{"@type":"ImageObject","inLanguage":"es","@id":"https:\/\/experienciadevida.com.ar\/portalurbano\/#\/schema\/person\/image\/","url":"https:\/\/secure.gravatar.com\/avatar\/830d4c57adaae6630765e449a6908047?s=96&d=mm&r=g","contentUrl":"https:\/\/secure.gravatar.com\/avatar\/830d4c57adaae6630765e449a6908047?s=96&d=mm&r=g","caption":"admpu17wp"}}]}},"featured_image_urls":{"full":["https:\/\/experienciadevida.com.ar\/portalurbano\/wp-content\/uploads\/2020\/10\/Vacunacion-1.jpg",1024,682,false],"thumbnail":["https:\/\/experienciadevida.com.ar\/portalurbano\/wp-content\/uploads\/2020\/10\/Vacunacion-1-150x150.jpg",150,150,true],"medium":["https:\/\/experienciadevida.com.ar\/portalurbano\/wp-content\/uploads\/2020\/10\/Vacunacion-1-300x200.jpg",300,200,true],"medium_large":["https:\/\/experienciadevida.com.ar\/portalurbano\/wp-content\/uploads\/2020\/10\/Vacunacion-1-768x512.jpg",640,427,true],"large":["https:\/\/experienciadevida.com.ar\/portalurbano\/wp-content\/uploads\/2020\/10\/Vacunacion-1.jpg",640,426,false],"ug_big":["https:\/\/experienciadevida.com.ar\/portalurbano\/wp-content\/uploads\/2020\/10\/Vacunacion-1-768x512.jpg",768,512,true],"1536x1536":["https:\/\/experienciadevida.com.ar\/portalurbano\/wp-content\/uploads\/2020\/10\/Vacunacion-1.jpg",1024,682,false],"2048x2048":["https:\/\/experienciadevida.com.ar\/portalurbano\/wp-content\/uploads\/2020\/10\/Vacunacion-1.jpg",1024,682,false],"newsever-slider-full":["https:\/\/experienciadevida.com.ar\/portalurbano\/wp-content\/uploads\/2020\/10\/Vacunacion-1.jpg",1024,682,false],"newsever-featured":["https:\/\/experienciadevida.com.ar\/portalurbano\/wp-content\/uploads\/2020\/10\/Vacunacion-1.jpg",1024,682,false],"newsever-medium":["https:\/\/experienciadevida.com.ar\/portalurbano\/wp-content\/uploads\/2020\/10\/Vacunacion-1.jpg",713,475,false],"web-stories-poster-portrait":["https:\/\/experienciadevida.com.ar\/portalurbano\/wp-content\/uploads\/2020\/10\/Vacunacion-1.jpg",640,426,false],"web-stories-publisher-logo":["https:\/\/experienciadevida.com.ar\/portalurbano\/wp-content\/uploads\/2020\/10\/Vacunacion-1.jpg",96,64,false],"web-stories-thumbnail":["https:\/\/experienciadevida.com.ar\/portalurbano\/wp-content\/uploads\/2020\/10\/Vacunacion-1.jpg",150,100,false]},"author_info":{"display_name":"admpu17wp","author_link":"https:\/\/experienciadevida.com.ar\/portalurbano\/author\/admpu17wp\/"},"category_info":"<a href=\"https:\/\/experienciadevida.com.ar\/portalurbano\/category\/ciudad\/\" rel=\"category tag\">Ciudad<\/a> <a href=\"https:\/\/experienciadevida.com.ar\/portalurbano\/category\/destacadas\/\" rel=\"category tag\">Destacadas<\/a>","tag_info":"Destacadas","comment_count":"0","amp_enabled":true,"_links":{"self":[{"href":"https:\/\/experienciadevida.com.ar\/portalurbano\/wp-json\/wp\/v2\/posts\/125306"}],"collection":[{"href":"https:\/\/experienciadevida.com.ar\/portalurbano\/wp-json\/wp\/v2\/posts"}],"about":[{"href":"https:\/\/experienciadevida.com.ar\/portalurbano\/wp-json\/wp\/v2\/types\/post"}],"author":[{"embeddable":true,"href":"https:\/\/experienciadevida.com.ar\/portalurbano\/wp-json\/wp\/v2\/users\/1"}],"replies":[{"embeddable":true,"href":"https:\/\/experienciadevida.com.ar\/portalurbano\/wp-json\/wp\/v2\/comments?post=125306"}],"version-history":[{"count":2,"href":"https:\/\/experienciadevida.com.ar\/portalurbano\/wp-json\/wp\/v2\/posts\/125306\/revisions"}],"predecessor-version":[{"id":125309,"href":"https:\/\/experienciadevida.com.ar\/portalurbano\/wp-json\/wp\/v2\/posts\/125306\/revisions\/125309"}],"wp:featuredmedia":[{"embeddable":true,"href":"https:\/\/experienciadevida.com.ar\/portalurbano\/wp-json\/wp\/v2\/media\/125307"}],"wp:attachment":[{"href":"https:\/\/experienciadevida.com.ar\/portalurbano\/wp-json\/wp\/v2\/media?parent=125306"}],"wp:term":[{"taxonomy":"category","embeddable":true,"href":"https:\/\/experienciadevida.com.ar\/portalurbano\/wp-json\/wp\/v2\/categories?post=125306"},{"taxonomy":"post_tag","embeddable":true,"href":"https:\/\/experienciadevida.com.ar\/portalurbano\/wp-json\/wp\/v2\/tags?post=125306"}],"curies":[{"name":"wp","href":"https:\/\/api.w.org\/{rel}","templated":true}]}}