{"id":125154,"date":"2020-10-23T09:56:33","date_gmt":"2020-10-23T12:56:33","guid":{"rendered":"https:\/\/experienciadevida.com.ar\/portalurbano\/?p=125154"},"modified":"2020-10-23T09:59:35","modified_gmt":"2020-10-23T12:59:35","slug":"el-gobierno-definio-el-cronograma-completo-de-renovacion-de-la-vtv","status":"publish","type":"post","link":"https:\/\/experienciadevida.com.ar\/portalurbano\/el-gobierno-definio-el-cronograma-completo-de-renovacion-de-la-vtv\/","title":{"rendered":"El Gobierno defini\u00f3 el cronograma completo de renovaci\u00f3n de la VTV"},"content":{"rendered":"<div class=\"td_block_wrap tdb_single_subtitle tdi_72_9c9 td-pb-border-top td_block_template_1\" data-td-block-uid=\"tdi_72_9c9\">\n<div class=\"tdb-block-inner td-fix-index\">\n<p>La Subsecretar\u00eda de Transporte public\u00f3 c\u00f3mo ser\u00e1 la regularizaci\u00f3n de los permisos vencidos durante la cuarentena de la\u00a0<strong>vtv<\/strong>.<\/p>\n<\/div>\n<\/div>\n<div class=\"td_block_wrap tdb_single_date tdi_73_40c td-pb-border-top td_block_template_1 tdb-post-meta\" data-td-block-uid=\"tdi_73_40c\">\n<p>El Gobierno bonaerense inform\u00f3 hoy el cronograma de renovaci\u00f3n de la Verificaci\u00f3n T\u00e9cnica Vehicular (VTV) y estableci\u00f3 fechas l\u00edmite para los automovilistas cuyos permisos vencieron durante la cuarentena y debieron ser prorrogados.<\/p>\n<p>La Subsecretar\u00eda de Transporte de la provincia de Buenos Aires inform\u00f3 que a partir de noviembre, con los permisos vencidos en marzo y abril, comenzar\u00e1 el proceso de \u201cnormalizaci\u00f3n\u201d de la verificaci\u00f3n de los veh\u00edculos, y precis\u00f3 las fechas l\u00edmite que tendr\u00e1 el resto de los conductores. Adem\u00e1s, estableci\u00f3 que todas las revisiones se realizar\u00e1n con turno previo, que deber\u00e1 sacarse en un sitio centralizado aportado por el Gobierno.<\/p>\n<p>La renovaci\u00f3n de la <strong>VTV<\/strong> se hab\u00eda interrumpido a fines de marzo, con la cuarentena, y desde entonces el Gobierno hab\u00eda prorrogado los permisos, aunque hab\u00eda habilitado el servicio en algunos distritos y para actividades puntuales.<\/p>\n<p>De acuerdo a la nueva disposici\u00f3n provincial, deber\u00e1n realizar la <strong>VTV<\/strong>:<\/p>\n<p>Noviembre: aquellas que vencieron en marzo y abril<\/p>\n<p>Diciembre: las que vencieron en mayo y junio<\/p>\n<p>Enero: las que vencieron en julio y agosto<\/p>\n<p>Febrero: las que vencieron en septiembre y octubre.<\/p>\n<\/div>\n<p>En tanto, para los veh\u00edculos cuyo vencimiento se produce entre noviembre de 2020 y marzo de 2021 deber\u00e1n acudir a partir de marzo de acuerdo al siguiente cronograma:<\/p>\n<p>Marzo: vencimientos en noviembre y diciembre<\/p>\n<p>Abril: vencimiento en enero de 2021.<\/p>\n<p>Mayo: vencimiento en febrero de 2021.<\/p>\n<p>Junio: vencimiento en marzo de 2021.<\/p>\n<p>Fuente: DIB<\/p>\n","protected":false},"excerpt":{"rendered":"<p>La Subsecretar\u00eda de Transporte public\u00f3 c\u00f3mo ser\u00e1 la regularizaci\u00f3n de los permisos vencidos durante la&#8230;<\/p>\n","protected":false},"author":1,"featured_media":125156,"comment_status":"closed","ping_status":"closed","sticky":false,"template":"","format":"standard","meta":{"content-type":""},"categories":[51,44],"tags":[],"nelio_content":{"isAutoShareEnabled":false,"autoShareEndMode":"default","automationSources":{"useContentSentences":true,"useSocialTemplates":true,"useCustomSentences":false,"customSentences":[]},"followers":[1],"suggestedReferences":[],"includedReferences":[],"efiUrl":"","efiAlt":"","highlights":[]},"yoast_head":"<!-- This site is optimized with the Yoast SEO plugin v20.7 - https:\/\/yoast.com\/wordpress\/plugins\/seo\/ -->\n<title>El Gobierno defini\u00f3 el cronograma completo de renovaci\u00f3n de la VTV<\/title>\n<meta name=\"description\" content=\"El Gobierno defini\u00f3 el cronograma completo de renovaci\u00f3n de la vtv, y public\u00f3 como ser\u00e1 la regularizaci\u00f3n de los permisos vencidos.\" \/>\n<meta name=\"robots\" content=\"index, follow, max-snippet:-1, max-image-preview:large, max-video-preview:-1\" \/>\n<link rel=\"canonical\" href=\"https:\/\/experienciadevida.com.ar\/portalurbano\/el-gobierno-definio-el-cronograma-completo-de-renovacion-de-la-vtv\/\" \/>\n<meta property=\"og:locale\" content=\"es_ES\" \/>\n<meta property=\"og:type\" content=\"article\" \/>\n<meta property=\"og:title\" content=\"El Gobierno defini\u00f3 el cronograma completo de renovaci\u00f3n de la VTV\" \/>\n<meta property=\"og:description\" content=\"El Gobierno defini\u00f3 el cronograma completo de renovaci\u00f3n de la vtv, y public\u00f3 como ser\u00e1 la regularizaci\u00f3n de los permisos vencidos.\" \/>\n<meta property=\"og:url\" content=\"https:\/\/experienciadevida.com.ar\/portalurbano\/el-gobierno-definio-el-cronograma-completo-de-renovacion-de-la-vtv\/\" \/>\n<meta property=\"article:publisher\" content=\"https:\/\/www.facebook.com\/Portal-Urbano-171542830093757\/\" \/>\n<meta property=\"article:published_time\" content=\"2020-10-23T12:56:33+00:00\" \/>\n<meta property=\"article:modified_time\" content=\"2020-10-23T12:59:35+00:00\" \/>\n<meta property=\"og:image\" content=\"https:\/\/experienciadevida.com.ar\/portalurbano\/wp-content\/uploads\/2020\/10\/5dd7f0360d3291574432822-696x517-1.jpg\" \/>\n\t<meta property=\"og:image:width\" content=\"696\" \/>\n\t<meta property=\"og:image:height\" content=\"517\" \/>\n\t<meta property=\"og:image:type\" content=\"image\/jpeg\" \/>\n<meta name=\"author\" content=\"admpu17wp\" \/>\n<meta name=\"twitter:card\" content=\"summary_large_image\" \/>\n<meta name=\"twitter:creator\" content=\"@portalurbanook\" \/>\n<meta name=\"twitter:site\" content=\"@portalurbanook\" \/>\n<meta name=\"twitter:label1\" content=\"Escrito por\" \/>\n\t<meta name=\"twitter:data1\" content=\"admpu17wp\" \/>\n\t<meta name=\"twitter:label2\" content=\"Tiempo de lectura\" \/>\n\t<meta name=\"twitter:data2\" content=\"1 minuto\" \/>\n<script type=\"application\/ld+json\" class=\"yoast-schema-graph\">{\"@context\":\"https:\/\/schema.org\",\"@graph\":[{\"@type\":\"Article\",\"@id\":\"https:\/\/experienciadevida.com.ar\/portalurbano\/el-gobierno-definio-el-cronograma-completo-de-renovacion-de-la-vtv\/#article\",\"isPartOf\":{\"@id\":\"https:\/\/experienciadevida.com.ar\/portalurbano\/el-gobierno-definio-el-cronograma-completo-de-renovacion-de-la-vtv\/\"},\"author\":{\"name\":\"admpu17wp\",\"@id\":\"https:\/\/experienciadevida.com.ar\/portalurbano\/#\/schema\/person\/02dd326b1c4b056e9cc972486934a3a7\"},\"headline\":\"El Gobierno defini\u00f3 el cronograma completo de renovaci\u00f3n de la VTV\",\"datePublished\":\"2020-10-23T12:56:33+00:00\",\"dateModified\":\"2020-10-23T12:59:35+00:00\",\"mainEntityOfPage\":{\"@id\":\"https:\/\/experienciadevida.com.ar\/portalurbano\/el-gobierno-definio-el-cronograma-completo-de-renovacion-de-la-vtv\/\"},\"wordCount\":282,\"publisher\":{\"@id\":\"https:\/\/experienciadevida.com.ar\/portalurbano\/#organization\"},\"articleSection\":[\"Destacadas\",\"Provincia\"],\"inLanguage\":\"es\"},{\"@type\":\"WebPage\",\"@id\":\"https:\/\/experienciadevida.com.ar\/portalurbano\/el-gobierno-definio-el-cronograma-completo-de-renovacion-de-la-vtv\/\",\"url\":\"https:\/\/experienciadevida.com.ar\/portalurbano\/el-gobierno-definio-el-cronograma-completo-de-renovacion-de-la-vtv\/\",\"name\":\"El Gobierno defini\u00f3 el cronograma completo de renovaci\u00f3n de la VTV\",\"isPartOf\":{\"@id\":\"https:\/\/experienciadevida.com.ar\/portalurbano\/#website\"},\"datePublished\":\"2020-10-23T12:56:33+00:00\",\"dateModified\":\"2020-10-23T12:59:35+00:00\",\"description\":\"El Gobierno defini\u00f3 el cronograma completo de renovaci\u00f3n de la vtv, y public\u00f3 como ser\u00e1 la regularizaci\u00f3n de los permisos vencidos.\",\"breadcrumb\":{\"@id\":\"https:\/\/experienciadevida.com.ar\/portalurbano\/el-gobierno-definio-el-cronograma-completo-de-renovacion-de-la-vtv\/#breadcrumb\"},\"inLanguage\":\"es\",\"potentialAction\":[{\"@type\":\"ReadAction\",\"target\":[\"https:\/\/experienciadevida.com.ar\/portalurbano\/el-gobierno-definio-el-cronograma-completo-de-renovacion-de-la-vtv\/\"]}]},{\"@type\":\"BreadcrumbList\",\"@id\":\"https:\/\/experienciadevida.com.ar\/portalurbano\/el-gobierno-definio-el-cronograma-completo-de-renovacion-de-la-vtv\/#breadcrumb\",\"itemListElement\":[{\"@type\":\"ListItem\",\"position\":1,\"name\":\"Portada\",\"item\":\"https:\/\/experienciadevida.com.ar\/portalurbano\/\"},{\"@type\":\"ListItem\",\"position\":2,\"name\":\"El Gobierno defini\u00f3 el cronograma completo de renovaci\u00f3n de la VTV\"}]},{\"@type\":\"WebSite\",\"@id\":\"https:\/\/experienciadevida.com.ar\/portalurbano\/#website\",\"url\":\"https:\/\/experienciadevida.com.ar\/portalurbano\/\",\"name\":\"\",\"description\":\"\",\"publisher\":{\"@id\":\"https:\/\/experienciadevida.com.ar\/portalurbano\/#organization\"},\"potentialAction\":[{\"@type\":\"SearchAction\",\"target\":{\"@type\":\"EntryPoint\",\"urlTemplate\":\"https:\/\/experienciadevida.com.ar\/portalurbano\/?s={search_term_string}\"},\"query-input\":\"required name=search_term_string\"}],\"inLanguage\":\"es\"},{\"@type\":\"Organization\",\"@id\":\"https:\/\/experienciadevida.com.ar\/portalurbano\/#organization\",\"name\":\"Portal Urbano\",\"url\":\"https:\/\/experienciadevida.com.ar\/portalurbano\/\",\"logo\":{\"@type\":\"ImageObject\",\"inLanguage\":\"es\",\"@id\":\"https:\/\/experienciadevida.com.ar\/portalurbano\/#\/schema\/logo\/image\/\",\"url\":\"https:\/\/experienciadevida.com.ar\/portalurbano\/wp-content\/uploads\/2019\/09\/Logo-Original.png\",\"contentUrl\":\"https:\/\/experienciadevida.com.ar\/portalurbano\/wp-content\/uploads\/2019\/09\/Logo-Original.png\",\"width\":2236,\"height\":1216,\"caption\":\"Portal Urbano\"},\"image\":{\"@id\":\"https:\/\/experienciadevida.com.ar\/portalurbano\/#\/schema\/logo\/image\/\"},\"sameAs\":[\"https:\/\/www.facebook.com\/Portal-Urbano-171542830093757\/\",\"https:\/\/twitter.com\/portalurbanook\",\"https:\/\/www.instagram.com\/_portalurbano\/\",\"https:\/\/www.youtube.com\/channel\/UCXhagIfszH8KxFiOok79zbA?view_as=subscriber\"]},{\"@type\":\"Person\",\"@id\":\"https:\/\/experienciadevida.com.ar\/portalurbano\/#\/schema\/person\/02dd326b1c4b056e9cc972486934a3a7\",\"name\":\"admpu17wp\",\"image\":{\"@type\":\"ImageObject\",\"inLanguage\":\"es\",\"@id\":\"https:\/\/experienciadevida.com.ar\/portalurbano\/#\/schema\/person\/image\/\",\"url\":\"https:\/\/secure.gravatar.com\/avatar\/830d4c57adaae6630765e449a6908047?s=96&d=mm&r=g\",\"contentUrl\":\"https:\/\/secure.gravatar.com\/avatar\/830d4c57adaae6630765e449a6908047?s=96&d=mm&r=g\",\"caption\":\"admpu17wp\"}}]}<\/script>\n<!-- \/ Yoast SEO plugin. -->","yoast_head_json":{"title":"El Gobierno defini\u00f3 el cronograma completo de renovaci\u00f3n de la VTV","description":"El Gobierno defini\u00f3 el cronograma completo de renovaci\u00f3n de la vtv, y public\u00f3 como ser\u00e1 la regularizaci\u00f3n de los permisos vencidos.","robots":{"index":"index","follow":"follow","max-snippet":"max-snippet:-1","max-image-preview":"max-image-preview:large","max-video-preview":"max-video-preview:-1"},"canonical":"https:\/\/experienciadevida.com.ar\/portalurbano\/el-gobierno-definio-el-cronograma-completo-de-renovacion-de-la-vtv\/","og_locale":"es_ES","og_type":"article","og_title":"El Gobierno defini\u00f3 el cronograma completo de renovaci\u00f3n de la VTV","og_description":"El Gobierno defini\u00f3 el cronograma completo de renovaci\u00f3n de la vtv, y public\u00f3 como ser\u00e1 la regularizaci\u00f3n de los permisos vencidos.","og_url":"https:\/\/experienciadevida.com.ar\/portalurbano\/el-gobierno-definio-el-cronograma-completo-de-renovacion-de-la-vtv\/","article_publisher":"https:\/\/www.facebook.com\/Portal-Urbano-171542830093757\/","article_published_time":"2020-10-23T12:56:33+00:00","article_modified_time":"2020-10-23T12:59:35+00:00","og_image":[{"width":696,"height":517,"url":"https:\/\/experienciadevida.com.ar\/portalurbano\/wp-content\/uploads\/2020\/10\/5dd7f0360d3291574432822-696x517-1.jpg","type":"image\/jpeg"}],"author":"admpu17wp","twitter_card":"summary_large_image","twitter_creator":"@portalurbanook","twitter_site":"@portalurbanook","twitter_misc":{"Escrito por":"admpu17wp","Tiempo de lectura":"1 minuto"},"schema":{"@context":"https:\/\/schema.org","@graph":[{"@type":"Article","@id":"https:\/\/experienciadevida.com.ar\/portalurbano\/el-gobierno-definio-el-cronograma-completo-de-renovacion-de-la-vtv\/#article","isPartOf":{"@id":"https:\/\/experienciadevida.com.ar\/portalurbano\/el-gobierno-definio-el-cronograma-completo-de-renovacion-de-la-vtv\/"},"author":{"name":"admpu17wp","@id":"https:\/\/experienciadevida.com.ar\/portalurbano\/#\/schema\/person\/02dd326b1c4b056e9cc972486934a3a7"},"headline":"El Gobierno defini\u00f3 el cronograma completo de renovaci\u00f3n de la VTV","datePublished":"2020-10-23T12:56:33+00:00","dateModified":"2020-10-23T12:59:35+00:00","mainEntityOfPage":{"@id":"https:\/\/experienciadevida.com.ar\/portalurbano\/el-gobierno-definio-el-cronograma-completo-de-renovacion-de-la-vtv\/"},"wordCount":282,"publisher":{"@id":"https:\/\/experienciadevida.com.ar\/portalurbano\/#organization"},"articleSection":["Destacadas","Provincia"],"inLanguage":"es"},{"@type":"WebPage","@id":"https:\/\/experienciadevida.com.ar\/portalurbano\/el-gobierno-definio-el-cronograma-completo-de-renovacion-de-la-vtv\/","url":"https:\/\/experienciadevida.com.ar\/portalurbano\/el-gobierno-definio-el-cronograma-completo-de-renovacion-de-la-vtv\/","name":"El Gobierno defini\u00f3 el cronograma completo de renovaci\u00f3n de la VTV","isPartOf":{"@id":"https:\/\/experienciadevida.com.ar\/portalurbano\/#website"},"datePublished":"2020-10-23T12:56:33+00:00","dateModified":"2020-10-23T12:59:35+00:00","description":"El Gobierno defini\u00f3 el cronograma completo de renovaci\u00f3n de la vtv, y public\u00f3 como ser\u00e1 la regularizaci\u00f3n de los permisos vencidos.","breadcrumb":{"@id":"https:\/\/experienciadevida.com.ar\/portalurbano\/el-gobierno-definio-el-cronograma-completo-de-renovacion-de-la-vtv\/#breadcrumb"},"inLanguage":"es","potentialAction":[{"@type":"ReadAction","target":["https:\/\/experienciadevida.com.ar\/portalurbano\/el-gobierno-definio-el-cronograma-completo-de-renovacion-de-la-vtv\/"]}]},{"@type":"BreadcrumbList","@id":"https:\/\/experienciadevida.com.ar\/portalurbano\/el-gobierno-definio-el-cronograma-completo-de-renovacion-de-la-vtv\/#breadcrumb","itemListElement":[{"@type":"ListItem","position":1,"name":"Portada","item":"https:\/\/experienciadevida.com.ar\/portalurbano\/"},{"@type":"ListItem","position":2,"name":"El Gobierno defini\u00f3 el cronograma completo de renovaci\u00f3n de la VTV"}]},{"@type":"WebSite","@id":"https:\/\/experienciadevida.com.ar\/portalurbano\/#website","url":"https:\/\/experienciadevida.com.ar\/portalurbano\/","name":"","description":"","publisher":{"@id":"https:\/\/experienciadevida.com.ar\/portalurbano\/#organization"},"potentialAction":[{"@type":"SearchAction","target":{"@type":"EntryPoint","urlTemplate":"https:\/\/experienciadevida.com.ar\/portalurbano\/?s={search_term_string}"},"query-input":"required name=search_term_string"}],"inLanguage":"es"},{"@type":"Organization","@id":"https:\/\/experienciadevida.com.ar\/portalurbano\/#organization","name":"Portal Urbano","url":"https:\/\/experienciadevida.com.ar\/portalurbano\/","logo":{"@type":"ImageObject","inLanguage":"es","@id":"https:\/\/experienciadevida.com.ar\/portalurbano\/#\/schema\/logo\/image\/","url":"https:\/\/experienciadevida.com.ar\/portalurbano\/wp-content\/uploads\/2019\/09\/Logo-Original.png","contentUrl":"https:\/\/experienciadevida.com.ar\/portalurbano\/wp-content\/uploads\/2019\/09\/Logo-Original.png","width":2236,"height":1216,"caption":"Portal Urbano"},"image":{"@id":"https:\/\/experienciadevida.com.ar\/portalurbano\/#\/schema\/logo\/image\/"},"sameAs":["https:\/\/www.facebook.com\/Portal-Urbano-171542830093757\/","https:\/\/twitter.com\/portalurbanook","https:\/\/www.instagram.com\/_portalurbano\/","https:\/\/www.youtube.com\/channel\/UCXhagIfszH8KxFiOok79zbA?view_as=subscriber"]},{"@type":"Person","@id":"https:\/\/experienciadevida.com.ar\/portalurbano\/#\/schema\/person\/02dd326b1c4b056e9cc972486934a3a7","name":"admpu17wp","image":{"@type":"ImageObject","inLanguage":"es","@id":"https:\/\/experienciadevida.com.ar\/portalurbano\/#\/schema\/person\/image\/","url":"https:\/\/secure.gravatar.com\/avatar\/830d4c57adaae6630765e449a6908047?s=96&d=mm&r=g","contentUrl":"https:\/\/secure.gravatar.com\/avatar\/830d4c57adaae6630765e449a6908047?s=96&d=mm&r=g","caption":"admpu17wp"}}]}},"featured_image_urls":{"full":["https:\/\/experienciadevida.com.ar\/portalurbano\/wp-content\/uploads\/2020\/10\/5dd7f0360d3291574432822-696x517-1.jpg",696,517,false],"thumbnail":["https:\/\/experienciadevida.com.ar\/portalurbano\/wp-content\/uploads\/2020\/10\/5dd7f0360d3291574432822-696x517-1-150x150.jpg",150,150,true],"medium":["https:\/\/experienciadevida.com.ar\/portalurbano\/wp-content\/uploads\/2020\/10\/5dd7f0360d3291574432822-696x517-1-300x223.jpg",300,223,true],"medium_large":["https:\/\/experienciadevida.com.ar\/portalurbano\/wp-content\/uploads\/2020\/10\/5dd7f0360d3291574432822-696x517-1.jpg",640,475,false],"large":["https:\/\/experienciadevida.com.ar\/portalurbano\/wp-content\/uploads\/2020\/10\/5dd7f0360d3291574432822-696x517-1.jpg",640,475,false],"ug_big":["https:\/\/experienciadevida.com.ar\/portalurbano\/wp-content\/uploads\/2020\/10\/5dd7f0360d3291574432822-696x517-1.jpg",696,517,false],"1536x1536":["https:\/\/experienciadevida.com.ar\/portalurbano\/wp-content\/uploads\/2020\/10\/5dd7f0360d3291574432822-696x517-1.jpg",696,517,false],"2048x2048":["https:\/\/experienciadevida.com.ar\/portalurbano\/wp-content\/uploads\/2020\/10\/5dd7f0360d3291574432822-696x517-1.jpg",696,517,false],"newsever-slider-full":["https:\/\/experienciadevida.com.ar\/portalurbano\/wp-content\/uploads\/2020\/10\/5dd7f0360d3291574432822-696x517-1.jpg",696,517,false],"newsever-featured":["https:\/\/experienciadevida.com.ar\/portalurbano\/wp-content\/uploads\/2020\/10\/5dd7f0360d3291574432822-696x517-1.jpg",696,517,false],"newsever-medium":["https:\/\/experienciadevida.com.ar\/portalurbano\/wp-content\/uploads\/2020\/10\/5dd7f0360d3291574432822-696x517-1.jpg",639,475,false],"web-stories-poster-portrait":["https:\/\/experienciadevida.com.ar\/portalurbano\/wp-content\/uploads\/2020\/10\/5dd7f0360d3291574432822-696x517-1.jpg",640,475,false],"web-stories-publisher-logo":["https:\/\/experienciadevida.com.ar\/portalurbano\/wp-content\/uploads\/2020\/10\/5dd7f0360d3291574432822-696x517-1.jpg",96,71,false],"web-stories-thumbnail":["https:\/\/experienciadevida.com.ar\/portalurbano\/wp-content\/uploads\/2020\/10\/5dd7f0360d3291574432822-696x517-1.jpg",150,111,false]},"author_info":{"display_name":"admpu17wp","author_link":"https:\/\/experienciadevida.com.ar\/portalurbano\/author\/admpu17wp\/"},"category_info":"<a href=\"https:\/\/experienciadevida.com.ar\/portalurbano\/category\/destacadas\/\" rel=\"category tag\">Destacadas<\/a> <a href=\"https:\/\/experienciadevida.com.ar\/portalurbano\/category\/provincia\/\" rel=\"category tag\">Provincia<\/a>","tag_info":"Provincia","comment_count":"0","amp_enabled":true,"_links":{"self":[{"href":"https:\/\/experienciadevida.com.ar\/portalurbano\/wp-json\/wp\/v2\/posts\/125154"}],"collection":[{"href":"https:\/\/experienciadevida.com.ar\/portalurbano\/wp-json\/wp\/v2\/posts"}],"about":[{"href":"https:\/\/experienciadevida.com.ar\/portalurbano\/wp-json\/wp\/v2\/types\/post"}],"author":[{"embeddable":true,"href":"https:\/\/experienciadevida.com.ar\/portalurbano\/wp-json\/wp\/v2\/users\/1"}],"replies":[{"embeddable":true,"href":"https:\/\/experienciadevida.com.ar\/portalurbano\/wp-json\/wp\/v2\/comments?post=125154"}],"version-history":[{"count":4,"href":"https:\/\/experienciadevida.com.ar\/portalurbano\/wp-json\/wp\/v2\/posts\/125154\/revisions"}],"predecessor-version":[{"id":125159,"href":"https:\/\/experienciadevida.com.ar\/portalurbano\/wp-json\/wp\/v2\/posts\/125154\/revisions\/125159"}],"wp:featuredmedia":[{"embeddable":true,"href":"https:\/\/experienciadevida.com.ar\/portalurbano\/wp-json\/wp\/v2\/media\/125156"}],"wp:attachment":[{"href":"https:\/\/experienciadevida.com.ar\/portalurbano\/wp-json\/wp\/v2\/media?parent=125154"}],"wp:term":[{"taxonomy":"category","embeddable":true,"href":"https:\/\/experienciadevida.com.ar\/portalurbano\/wp-json\/wp\/v2\/categories?post=125154"},{"taxonomy":"post_tag","embeddable":true,"href":"https:\/\/experienciadevida.com.ar\/portalurbano\/wp-json\/wp\/v2\/tags?post=125154"}],"curies":[{"name":"wp","href":"https:\/\/api.w.org\/{rel}","templated":true}]}}