{"id":125113,"date":"2020-10-22T14:14:33","date_gmt":"2020-10-22T17:14:33","guid":{"rendered":"https:\/\/experienciadevida.com.ar\/portalurbano\/?p=125113"},"modified":"2020-10-22T14:17:21","modified_gmt":"2020-10-22T17:17:21","slug":"aprobaron-el-pedido-de-ampliacion-del-comodato-a-la-biblioteca-del-otro-lado-del-arbol","status":"publish","type":"post","link":"https:\/\/experienciadevida.com.ar\/portalurbano\/aprobaron-el-pedido-de-ampliacion-del-comodato-a-la-biblioteca-del-otro-lado-del-arbol\/","title":{"rendered":"Aprobaron el pedido de ampliaci\u00f3n del comodato a la biblioteca del otro lado del \u00e1rbol"},"content":{"rendered":"<p>En una nueva sesi\u00f3n del HCD, que se realiza este jueves en el recinto de la Sociedad Espa\u00f1ola, se aprob\u00f3 un pedido de ampliaci\u00f3n de comodato a la\u00a0<strong>biblioteca del otro lado<\/strong> del \u00e1rbol.<\/p>\n<p>El primero en tomar la palabra fue Mart\u00edn Endere <em>&#8220;fuimos al lugar y por lo menos yo no hab\u00eda estado en la <strong>biblioteca del otro lado<\/strong> del \u00e1rbol, pero me encontr\u00e9 con una Instituci\u00f3n modelo, a uno lo gratifica encontrarse gente con tanta pasi\u00f3n en lo que hacen. Nos llega al HCD un pedido que ellos impulsan, a partir de la cuarentena y la imposibilidad de mantener a los chicos dentro de un lugar cerrado que es el espacio f\u00edsico que por el cual tienen un comodato municipal y nos cuentan su proyecto que tiene que ver con el uso del espacio publico aleda\u00f1o a la edificaci\u00f3n f\u00edsica&#8221;.<\/em><\/p>\n<p><em>&#8220;Estamos pidiendo para que puedan hacer uso de todo el espacio que rodea a lo que es la casa donde funciona la biblioteca. Les explicamos que no se pod\u00edan hacer construcciones f\u00edsicas pero s\u00ed usar el play\u00f3n que existe del bosque que lo rodea, de esa manera lo que buscamos es que tengan la posibilidad de que sigan trabajando como lo hacen, que llegan a un mont\u00f3n de lugares donde quiz\u00e1s no todos llegan y le aportan a la sociedad y en este caso al parque helios eseverri una actividad distinta para todos los chicos de la ciudad&#8221;.<\/em><\/p>\n<p>Luego tom\u00f3 la palabra Juan S\u00e1nchez, sobre el proyecto de la\u00a0<strong>biblioteca del otro lado<\/strong> del \u00e1rbol y mencion\u00f3 &#8220;quiero felicitar a la Instituci\u00f3n por la iniciativa, por su apego a las normas legales para solicitar esto en tiempo y forma para su uso&#8221;.<\/p>\n<p>A su vez Amespil coment\u00f3 &#8220;un detalle importante que es importante mencionar es que encaran un proyecto llamado Pilar (polo infantil literario art\u00edstico y recreativo), como sabemos Pilar es la nena que dio origen a la historia de la biblio en la Plata y es muy representativo para ellos. El detalle que surge en este nuevo proyecto es el contacto que han tenido con los ni\u00f1os que asist\u00edan a la biblio en la cuarentena&#8221;.<\/p>\n<p>Por \u00faltimo sobre la\u00a0<strong>biblioteca del otro lado\u00a0<\/strong>del \u00e1rbol, habl\u00f3 In\u00e9s Creimer <em>&#8220;solamente quiero agregar el compromiso del grupo que las chicas conforman la biblio tiene con el trabajo con los ni\u00f1os y con la comunidad y que durante este aislamiento han buscado diferentes estrategias para mantener el contacto los chicos que asist\u00edan a la biblio de manera regular&#8221;.\u00a0<\/em><\/p>\n","protected":false},"excerpt":{"rendered":"<p>En una nueva sesi\u00f3n del HCD, que se realiza este jueves en el recinto de&#8230;<\/p>\n","protected":false},"author":1,"featured_media":125114,"comment_status":"closed","ping_status":"closed","sticky":false,"template":"","format":"standard","meta":{"content-type":""},"categories":[27,51],"tags":[],"nelio_content":{"isAutoShareEnabled":false,"autoShareEndMode":"default","automationSources":{"useContentSentences":true,"useSocialTemplates":true,"useCustomSentences":false,"customSentences":[]},"followers":[1],"suggestedReferences":[],"includedReferences":[],"efiUrl":"","efiAlt":"","highlights":[]},"yoast_head":"<!-- This site is optimized with the Yoast SEO plugin v20.7 - https:\/\/yoast.com\/wordpress\/plugins\/seo\/ -->\n<title>Aprobaron la ampliaci\u00f3n del comodato a la biblioteca del otro lado<\/title>\n<meta name=\"description\" content=\"Se aprob\u00f3 el pedido de ampliaci\u00f3n del comodato a la biblioteca del otro lado del \u00e1rbol, este jueves en sesi\u00f3n del Concejo Deliberante.\" \/>\n<meta name=\"robots\" content=\"index, follow, max-snippet:-1, max-image-preview:large, max-video-preview:-1\" \/>\n<link rel=\"canonical\" href=\"https:\/\/experienciadevida.com.ar\/portalurbano\/aprobaron-el-pedido-de-ampliacion-del-comodato-a-la-biblioteca-del-otro-lado-del-arbol\/\" \/>\n<meta property=\"og:locale\" content=\"es_ES\" \/>\n<meta property=\"og:type\" content=\"article\" \/>\n<meta property=\"og:title\" content=\"Aprobaron la ampliaci\u00f3n del comodato a la biblioteca del otro lado\" \/>\n<meta property=\"og:description\" content=\"Se aprob\u00f3 el pedido de ampliaci\u00f3n del comodato a la biblioteca del otro lado del \u00e1rbol, este jueves en sesi\u00f3n del Concejo Deliberante.\" \/>\n<meta property=\"og:url\" content=\"https:\/\/experienciadevida.com.ar\/portalurbano\/aprobaron-el-pedido-de-ampliacion-del-comodato-a-la-biblioteca-del-otro-lado-del-arbol\/\" \/>\n<meta property=\"article:publisher\" content=\"https:\/\/www.facebook.com\/Portal-Urbano-171542830093757\/\" \/>\n<meta property=\"article:published_time\" content=\"2020-10-22T17:14:33+00:00\" \/>\n<meta property=\"article:modified_time\" content=\"2020-10-22T17:17:21+00:00\" \/>\n<meta property=\"og:image\" content=\"https:\/\/experienciadevida.com.ar\/portalurbano\/wp-content\/uploads\/2020\/10\/Biblioteca-del-otro-lado.jpg\" \/>\n\t<meta property=\"og:image:width\" content=\"765\" \/>\n\t<meta property=\"og:image:height\" content=\"572\" \/>\n\t<meta property=\"og:image:type\" content=\"image\/jpeg\" \/>\n<meta name=\"author\" content=\"admpu17wp\" \/>\n<meta name=\"twitter:card\" content=\"summary_large_image\" \/>\n<meta name=\"twitter:creator\" content=\"@portalurbanook\" \/>\n<meta name=\"twitter:site\" content=\"@portalurbanook\" \/>\n<meta name=\"twitter:label1\" content=\"Escrito por\" \/>\n\t<meta name=\"twitter:data1\" content=\"admpu17wp\" \/>\n\t<meta name=\"twitter:label2\" content=\"Tiempo de lectura\" \/>\n\t<meta name=\"twitter:data2\" content=\"2 minutos\" \/>\n<script type=\"application\/ld+json\" class=\"yoast-schema-graph\">{\"@context\":\"https:\/\/schema.org\",\"@graph\":[{\"@type\":\"Article\",\"@id\":\"https:\/\/experienciadevida.com.ar\/portalurbano\/aprobaron-el-pedido-de-ampliacion-del-comodato-a-la-biblioteca-del-otro-lado-del-arbol\/#article\",\"isPartOf\":{\"@id\":\"https:\/\/experienciadevida.com.ar\/portalurbano\/aprobaron-el-pedido-de-ampliacion-del-comodato-a-la-biblioteca-del-otro-lado-del-arbol\/\"},\"author\":{\"name\":\"admpu17wp\",\"@id\":\"https:\/\/experienciadevida.com.ar\/portalurbano\/#\/schema\/person\/02dd326b1c4b056e9cc972486934a3a7\"},\"headline\":\"Aprobaron el pedido de ampliaci\u00f3n del comodato a la biblioteca del otro lado del \u00e1rbol\",\"datePublished\":\"2020-10-22T17:14:33+00:00\",\"dateModified\":\"2020-10-22T17:17:21+00:00\",\"mainEntityOfPage\":{\"@id\":\"https:\/\/experienciadevida.com.ar\/portalurbano\/aprobaron-el-pedido-de-ampliacion-del-comodato-a-la-biblioteca-del-otro-lado-del-arbol\/\"},\"wordCount\":458,\"publisher\":{\"@id\":\"https:\/\/experienciadevida.com.ar\/portalurbano\/#organization\"},\"articleSection\":[\"Ciudad\",\"Destacadas\"],\"inLanguage\":\"es\"},{\"@type\":\"WebPage\",\"@id\":\"https:\/\/experienciadevida.com.ar\/portalurbano\/aprobaron-el-pedido-de-ampliacion-del-comodato-a-la-biblioteca-del-otro-lado-del-arbol\/\",\"url\":\"https:\/\/experienciadevida.com.ar\/portalurbano\/aprobaron-el-pedido-de-ampliacion-del-comodato-a-la-biblioteca-del-otro-lado-del-arbol\/\",\"name\":\"Aprobaron la ampliaci\u00f3n del comodato a la biblioteca del otro lado\",\"isPartOf\":{\"@id\":\"https:\/\/experienciadevida.com.ar\/portalurbano\/#website\"},\"datePublished\":\"2020-10-22T17:14:33+00:00\",\"dateModified\":\"2020-10-22T17:17:21+00:00\",\"description\":\"Se aprob\u00f3 el pedido de ampliaci\u00f3n del comodato a la biblioteca del otro lado del \u00e1rbol, este jueves en sesi\u00f3n del Concejo Deliberante.\",\"breadcrumb\":{\"@id\":\"https:\/\/experienciadevida.com.ar\/portalurbano\/aprobaron-el-pedido-de-ampliacion-del-comodato-a-la-biblioteca-del-otro-lado-del-arbol\/#breadcrumb\"},\"inLanguage\":\"es\",\"potentialAction\":[{\"@type\":\"ReadAction\",\"target\":[\"https:\/\/experienciadevida.com.ar\/portalurbano\/aprobaron-el-pedido-de-ampliacion-del-comodato-a-la-biblioteca-del-otro-lado-del-arbol\/\"]}]},{\"@type\":\"BreadcrumbList\",\"@id\":\"https:\/\/experienciadevida.com.ar\/portalurbano\/aprobaron-el-pedido-de-ampliacion-del-comodato-a-la-biblioteca-del-otro-lado-del-arbol\/#breadcrumb\",\"itemListElement\":[{\"@type\":\"ListItem\",\"position\":1,\"name\":\"Portada\",\"item\":\"https:\/\/experienciadevida.com.ar\/portalurbano\/\"},{\"@type\":\"ListItem\",\"position\":2,\"name\":\"Aprobaron el pedido de ampliaci\u00f3n del comodato a la biblioteca del otro lado del \u00e1rbol\"}]},{\"@type\":\"WebSite\",\"@id\":\"https:\/\/experienciadevida.com.ar\/portalurbano\/#website\",\"url\":\"https:\/\/experienciadevida.com.ar\/portalurbano\/\",\"name\":\"\",\"description\":\"\",\"publisher\":{\"@id\":\"https:\/\/experienciadevida.com.ar\/portalurbano\/#organization\"},\"potentialAction\":[{\"@type\":\"SearchAction\",\"target\":{\"@type\":\"EntryPoint\",\"urlTemplate\":\"https:\/\/experienciadevida.com.ar\/portalurbano\/?s={search_term_string}\"},\"query-input\":\"required name=search_term_string\"}],\"inLanguage\":\"es\"},{\"@type\":\"Organization\",\"@id\":\"https:\/\/experienciadevida.com.ar\/portalurbano\/#organization\",\"name\":\"Portal Urbano\",\"url\":\"https:\/\/experienciadevida.com.ar\/portalurbano\/\",\"logo\":{\"@type\":\"ImageObject\",\"inLanguage\":\"es\",\"@id\":\"https:\/\/experienciadevida.com.ar\/portalurbano\/#\/schema\/logo\/image\/\",\"url\":\"https:\/\/experienciadevida.com.ar\/portalurbano\/wp-content\/uploads\/2019\/09\/Logo-Original.png\",\"contentUrl\":\"https:\/\/experienciadevida.com.ar\/portalurbano\/wp-content\/uploads\/2019\/09\/Logo-Original.png\",\"width\":2236,\"height\":1216,\"caption\":\"Portal Urbano\"},\"image\":{\"@id\":\"https:\/\/experienciadevida.com.ar\/portalurbano\/#\/schema\/logo\/image\/\"},\"sameAs\":[\"https:\/\/www.facebook.com\/Portal-Urbano-171542830093757\/\",\"https:\/\/twitter.com\/portalurbanook\",\"https:\/\/www.instagram.com\/_portalurbano\/\",\"https:\/\/www.youtube.com\/channel\/UCXhagIfszH8KxFiOok79zbA?view_as=subscriber\"]},{\"@type\":\"Person\",\"@id\":\"https:\/\/experienciadevida.com.ar\/portalurbano\/#\/schema\/person\/02dd326b1c4b056e9cc972486934a3a7\",\"name\":\"admpu17wp\",\"image\":{\"@type\":\"ImageObject\",\"inLanguage\":\"es\",\"@id\":\"https:\/\/experienciadevida.com.ar\/portalurbano\/#\/schema\/person\/image\/\",\"url\":\"https:\/\/secure.gravatar.com\/avatar\/830d4c57adaae6630765e449a6908047?s=96&d=mm&r=g\",\"contentUrl\":\"https:\/\/secure.gravatar.com\/avatar\/830d4c57adaae6630765e449a6908047?s=96&d=mm&r=g\",\"caption\":\"admpu17wp\"}}]}<\/script>\n<!-- \/ Yoast SEO plugin. -->","yoast_head_json":{"title":"Aprobaron la ampliaci\u00f3n del comodato a la biblioteca del otro lado","description":"Se aprob\u00f3 el pedido de ampliaci\u00f3n del comodato a la biblioteca del otro lado del \u00e1rbol, este jueves en sesi\u00f3n del Concejo Deliberante.","robots":{"index":"index","follow":"follow","max-snippet":"max-snippet:-1","max-image-preview":"max-image-preview:large","max-video-preview":"max-video-preview:-1"},"canonical":"https:\/\/experienciadevida.com.ar\/portalurbano\/aprobaron-el-pedido-de-ampliacion-del-comodato-a-la-biblioteca-del-otro-lado-del-arbol\/","og_locale":"es_ES","og_type":"article","og_title":"Aprobaron la ampliaci\u00f3n del comodato a la biblioteca del otro lado","og_description":"Se aprob\u00f3 el pedido de ampliaci\u00f3n del comodato a la biblioteca del otro lado del \u00e1rbol, este jueves en sesi\u00f3n del Concejo Deliberante.","og_url":"https:\/\/experienciadevida.com.ar\/portalurbano\/aprobaron-el-pedido-de-ampliacion-del-comodato-a-la-biblioteca-del-otro-lado-del-arbol\/","article_publisher":"https:\/\/www.facebook.com\/Portal-Urbano-171542830093757\/","article_published_time":"2020-10-22T17:14:33+00:00","article_modified_time":"2020-10-22T17:17:21+00:00","og_image":[{"width":765,"height":572,"url":"https:\/\/experienciadevida.com.ar\/portalurbano\/wp-content\/uploads\/2020\/10\/Biblioteca-del-otro-lado.jpg","type":"image\/jpeg"}],"author":"admpu17wp","twitter_card":"summary_large_image","twitter_creator":"@portalurbanook","twitter_site":"@portalurbanook","twitter_misc":{"Escrito por":"admpu17wp","Tiempo de lectura":"2 minutos"},"schema":{"@context":"https:\/\/schema.org","@graph":[{"@type":"Article","@id":"https:\/\/experienciadevida.com.ar\/portalurbano\/aprobaron-el-pedido-de-ampliacion-del-comodato-a-la-biblioteca-del-otro-lado-del-arbol\/#article","isPartOf":{"@id":"https:\/\/experienciadevida.com.ar\/portalurbano\/aprobaron-el-pedido-de-ampliacion-del-comodato-a-la-biblioteca-del-otro-lado-del-arbol\/"},"author":{"name":"admpu17wp","@id":"https:\/\/experienciadevida.com.ar\/portalurbano\/#\/schema\/person\/02dd326b1c4b056e9cc972486934a3a7"},"headline":"Aprobaron el pedido de ampliaci\u00f3n del comodato a la biblioteca del otro lado del \u00e1rbol","datePublished":"2020-10-22T17:14:33+00:00","dateModified":"2020-10-22T17:17:21+00:00","mainEntityOfPage":{"@id":"https:\/\/experienciadevida.com.ar\/portalurbano\/aprobaron-el-pedido-de-ampliacion-del-comodato-a-la-biblioteca-del-otro-lado-del-arbol\/"},"wordCount":458,"publisher":{"@id":"https:\/\/experienciadevida.com.ar\/portalurbano\/#organization"},"articleSection":["Ciudad","Destacadas"],"inLanguage":"es"},{"@type":"WebPage","@id":"https:\/\/experienciadevida.com.ar\/portalurbano\/aprobaron-el-pedido-de-ampliacion-del-comodato-a-la-biblioteca-del-otro-lado-del-arbol\/","url":"https:\/\/experienciadevida.com.ar\/portalurbano\/aprobaron-el-pedido-de-ampliacion-del-comodato-a-la-biblioteca-del-otro-lado-del-arbol\/","name":"Aprobaron la ampliaci\u00f3n del comodato a la biblioteca del otro lado","isPartOf":{"@id":"https:\/\/experienciadevida.com.ar\/portalurbano\/#website"},"datePublished":"2020-10-22T17:14:33+00:00","dateModified":"2020-10-22T17:17:21+00:00","description":"Se aprob\u00f3 el pedido de ampliaci\u00f3n del comodato a la biblioteca del otro lado del \u00e1rbol, este jueves en sesi\u00f3n del Concejo Deliberante.","breadcrumb":{"@id":"https:\/\/experienciadevida.com.ar\/portalurbano\/aprobaron-el-pedido-de-ampliacion-del-comodato-a-la-biblioteca-del-otro-lado-del-arbol\/#breadcrumb"},"inLanguage":"es","potentialAction":[{"@type":"ReadAction","target":["https:\/\/experienciadevida.com.ar\/portalurbano\/aprobaron-el-pedido-de-ampliacion-del-comodato-a-la-biblioteca-del-otro-lado-del-arbol\/"]}]},{"@type":"BreadcrumbList","@id":"https:\/\/experienciadevida.com.ar\/portalurbano\/aprobaron-el-pedido-de-ampliacion-del-comodato-a-la-biblioteca-del-otro-lado-del-arbol\/#breadcrumb","itemListElement":[{"@type":"ListItem","position":1,"name":"Portada","item":"https:\/\/experienciadevida.com.ar\/portalurbano\/"},{"@type":"ListItem","position":2,"name":"Aprobaron el pedido de ampliaci\u00f3n del comodato a la biblioteca del otro lado del \u00e1rbol"}]},{"@type":"WebSite","@id":"https:\/\/experienciadevida.com.ar\/portalurbano\/#website","url":"https:\/\/experienciadevida.com.ar\/portalurbano\/","name":"","description":"","publisher":{"@id":"https:\/\/experienciadevida.com.ar\/portalurbano\/#organization"},"potentialAction":[{"@type":"SearchAction","target":{"@type":"EntryPoint","urlTemplate":"https:\/\/experienciadevida.com.ar\/portalurbano\/?s={search_term_string}"},"query-input":"required name=search_term_string"}],"inLanguage":"es"},{"@type":"Organization","@id":"https:\/\/experienciadevida.com.ar\/portalurbano\/#organization","name":"Portal Urbano","url":"https:\/\/experienciadevida.com.ar\/portalurbano\/","logo":{"@type":"ImageObject","inLanguage":"es","@id":"https:\/\/experienciadevida.com.ar\/portalurbano\/#\/schema\/logo\/image\/","url":"https:\/\/experienciadevida.com.ar\/portalurbano\/wp-content\/uploads\/2019\/09\/Logo-Original.png","contentUrl":"https:\/\/experienciadevida.com.ar\/portalurbano\/wp-content\/uploads\/2019\/09\/Logo-Original.png","width":2236,"height":1216,"caption":"Portal Urbano"},"image":{"@id":"https:\/\/experienciadevida.com.ar\/portalurbano\/#\/schema\/logo\/image\/"},"sameAs":["https:\/\/www.facebook.com\/Portal-Urbano-171542830093757\/","https:\/\/twitter.com\/portalurbanook","https:\/\/www.instagram.com\/_portalurbano\/","https:\/\/www.youtube.com\/channel\/UCXhagIfszH8KxFiOok79zbA?view_as=subscriber"]},{"@type":"Person","@id":"https:\/\/experienciadevida.com.ar\/portalurbano\/#\/schema\/person\/02dd326b1c4b056e9cc972486934a3a7","name":"admpu17wp","image":{"@type":"ImageObject","inLanguage":"es","@id":"https:\/\/experienciadevida.com.ar\/portalurbano\/#\/schema\/person\/image\/","url":"https:\/\/secure.gravatar.com\/avatar\/830d4c57adaae6630765e449a6908047?s=96&d=mm&r=g","contentUrl":"https:\/\/secure.gravatar.com\/avatar\/830d4c57adaae6630765e449a6908047?s=96&d=mm&r=g","caption":"admpu17wp"}}]}},"featured_image_urls":{"full":["https:\/\/experienciadevida.com.ar\/portalurbano\/wp-content\/uploads\/2020\/10\/Biblioteca-del-otro-lado.jpg",765,572,false],"thumbnail":["https:\/\/experienciadevida.com.ar\/portalurbano\/wp-content\/uploads\/2020\/10\/Biblioteca-del-otro-lado-150x150.jpg",150,150,true],"medium":["https:\/\/experienciadevida.com.ar\/portalurbano\/wp-content\/uploads\/2020\/10\/Biblioteca-del-otro-lado-300x224.jpg",300,224,true],"medium_large":["https:\/\/experienciadevida.com.ar\/portalurbano\/wp-content\/uploads\/2020\/10\/Biblioteca-del-otro-lado.jpg",640,479,false],"large":["https:\/\/experienciadevida.com.ar\/portalurbano\/wp-content\/uploads\/2020\/10\/Biblioteca-del-otro-lado.jpg",640,479,false],"ug_big":["https:\/\/experienciadevida.com.ar\/portalurbano\/wp-content\/uploads\/2020\/10\/Biblioteca-del-otro-lado.jpg",765,572,false],"1536x1536":["https:\/\/experienciadevida.com.ar\/portalurbano\/wp-content\/uploads\/2020\/10\/Biblioteca-del-otro-lado.jpg",765,572,false],"2048x2048":["https:\/\/experienciadevida.com.ar\/portalurbano\/wp-content\/uploads\/2020\/10\/Biblioteca-del-otro-lado.jpg",765,572,false],"newsever-slider-full":["https:\/\/experienciadevida.com.ar\/portalurbano\/wp-content\/uploads\/2020\/10\/Biblioteca-del-otro-lado.jpg",765,572,false],"newsever-featured":["https:\/\/experienciadevida.com.ar\/portalurbano\/wp-content\/uploads\/2020\/10\/Biblioteca-del-otro-lado.jpg",765,572,false],"newsever-medium":["https:\/\/experienciadevida.com.ar\/portalurbano\/wp-content\/uploads\/2020\/10\/Biblioteca-del-otro-lado.jpg",635,475,false],"web-stories-poster-portrait":["https:\/\/experienciadevida.com.ar\/portalurbano\/wp-content\/uploads\/2020\/10\/Biblioteca-del-otro-lado.jpg",640,479,false],"web-stories-publisher-logo":["https:\/\/experienciadevida.com.ar\/portalurbano\/wp-content\/uploads\/2020\/10\/Biblioteca-del-otro-lado.jpg",96,72,false],"web-stories-thumbnail":["https:\/\/experienciadevida.com.ar\/portalurbano\/wp-content\/uploads\/2020\/10\/Biblioteca-del-otro-lado.jpg",150,112,false]},"author_info":{"display_name":"admpu17wp","author_link":"https:\/\/experienciadevida.com.ar\/portalurbano\/author\/admpu17wp\/"},"category_info":"<a href=\"https:\/\/experienciadevida.com.ar\/portalurbano\/category\/ciudad\/\" rel=\"category tag\">Ciudad<\/a> <a href=\"https:\/\/experienciadevida.com.ar\/portalurbano\/category\/destacadas\/\" rel=\"category tag\">Destacadas<\/a>","tag_info":"Destacadas","comment_count":"0","amp_enabled":true,"_links":{"self":[{"href":"https:\/\/experienciadevida.com.ar\/portalurbano\/wp-json\/wp\/v2\/posts\/125113"}],"collection":[{"href":"https:\/\/experienciadevida.com.ar\/portalurbano\/wp-json\/wp\/v2\/posts"}],"about":[{"href":"https:\/\/experienciadevida.com.ar\/portalurbano\/wp-json\/wp\/v2\/types\/post"}],"author":[{"embeddable":true,"href":"https:\/\/experienciadevida.com.ar\/portalurbano\/wp-json\/wp\/v2\/users\/1"}],"replies":[{"embeddable":true,"href":"https:\/\/experienciadevida.com.ar\/portalurbano\/wp-json\/wp\/v2\/comments?post=125113"}],"version-history":[{"count":1,"href":"https:\/\/experienciadevida.com.ar\/portalurbano\/wp-json\/wp\/v2\/posts\/125113\/revisions"}],"predecessor-version":[{"id":125115,"href":"https:\/\/experienciadevida.com.ar\/portalurbano\/wp-json\/wp\/v2\/posts\/125113\/revisions\/125115"}],"wp:featuredmedia":[{"embeddable":true,"href":"https:\/\/experienciadevida.com.ar\/portalurbano\/wp-json\/wp\/v2\/media\/125114"}],"wp:attachment":[{"href":"https:\/\/experienciadevida.com.ar\/portalurbano\/wp-json\/wp\/v2\/media?parent=125113"}],"wp:term":[{"taxonomy":"category","embeddable":true,"href":"https:\/\/experienciadevida.com.ar\/portalurbano\/wp-json\/wp\/v2\/categories?post=125113"},{"taxonomy":"post_tag","embeddable":true,"href":"https:\/\/experienciadevida.com.ar\/portalurbano\/wp-json\/wp\/v2\/tags?post=125113"}],"curies":[{"name":"wp","href":"https:\/\/api.w.org\/{rel}","templated":true}]}}