{"id":125014,"date":"2020-10-21T12:29:49","date_gmt":"2020-10-21T15:29:49","guid":{"rendered":"https:\/\/experienciadevida.com.ar\/portalurbano\/?p=125014"},"modified":"2020-10-21T12:36:27","modified_gmt":"2020-10-21T15:36:27","slug":"galli-tras-la-jornada-de-ayer-hubo-danos-al-patrimonio-municipal-y-la-justicia-esta-revisando-las-camaras","status":"publish","type":"post","link":"https:\/\/experienciadevida.com.ar\/portalurbano\/galli-tras-la-jornada-de-ayer-hubo-danos-al-patrimonio-municipal-y-la-justicia-esta-revisando-las-camaras\/","title":{"rendered":"Galli tras la jornada de ayer: &#8220;Hubo da\u00f1os al patrimonio Municipal y la justicia est\u00e1 revisando las c\u00e1maras&#8221;"},"content":{"rendered":"<p>En la jornada de este mi\u00e9rcoles, el <a href=\"https:\/\/www.facebook.com\/galliezequiel\">Intendente <\/a>brind\u00f3 una entrevista al programa de Jorge La Nata por Radio Mitre, donde habl\u00f3 sobre los <a href=\"https:\/\/experienciadevida.com.ar\/portalurbano\/continua-el-reclamo-por-la-vivienda-cortan-la-calle-a-la-espera-de-respuestas\/\">hechos ocurridos en el d\u00eda de ayer<\/a> y remarc\u00f3 que &#8220;hubo da\u00f1os al <strong>Patrimonio Municipal<\/strong>&#8220;.<\/p>\n<p><em>&#8220;Tenemos hace 21 d\u00edas unas carpas en la puerta de la Municipalidad con reclamos habitacionales de siete familias y en el d\u00eda de ayer ingresaron al Municipio\u00a0 y dijeron que iban a hacer una sentada y a quedar los d\u00edas que sean necesarios dentro de la Municipalidad hasta que se solucione esta problem\u00e1tica o hasta que los atienda. L\u00f3gicamente ante la presi\u00f3n o extorsi\u00f3n no los iba a atender\u00a0 y tuvimos momentos muy tensos&#8221;.<\/em><\/p>\n<p>Por otro lado dijo &#8220;<em>la polic\u00eda los invit\u00f3 a retirarse pac\u00edficamente, vino el fiscal de turno pero no hab\u00eda forma de que esto suceda. Despu\u00e9s termin\u00f3 mezcl\u00e1ndose con otra marcha por un tema policial que termin\u00f3 con desalojo por parte de la polic\u00eda, porque rompieron vidrios de la Municipalidad, arrojaron piedras, se vivi\u00f3 un momento espantoso, hubo da\u00f1os al\u00a0<strong>patrimonio Municipal&#8221;<\/strong><\/em><\/p>\n<p><em>&#8220;Nosotros hemos evitado algunas usurpaciones de tierras privadas y p\u00fablicas, y no vamos a ceder ante este tipo de acciones. Evitamos la usurpaci\u00f3n de 12 terrenos que estaban intentando abrir cimientos, pero lo pudimos evitar&#8221;.<\/em><\/p>\n<p>A su vez dijo &#8220;<em>es importante tambi\u00e9n saber que en este momento est\u00e1 sucediendo lo mismo en la Municipalidad de Ju\u00edn, que tambi\u00e9n es un Intendente que pertenece al pro con la misma metodolog\u00eda que hicieron ayer en Olavarr\u00eda. Es la misma agrupaci\u00f3n, la mesa de emergencia, una pr\u00e1ctica que est\u00e1 replic\u00e1ndose en distintos Municipios casualmente de la oposici\u00f3n&#8221;.<\/em><\/p>\n<p><em>&#8220;Funcionarios pudieron dialogar con los integrantes de la organizaci\u00f3n, y de esa manera fue que se retiraron de la Municipalidad y la justicia est\u00e1 revisando las c\u00e1maras de seguridad del Municipio, hemos brindado toda la informaci\u00f3n y hemos hecho la denuncia porque hubo da\u00f1os al <strong>patrimonio Municipal<\/strong>, considero que hay que respetar la propiedad del Estado y la propiedad privada. Tenemos que estar muy firmes&#8221;.<\/em><\/p>\n<p>Por \u00faltimo dijo <em>&#8220;durante los primeros a\u00f1os de gesti\u00f3n terminamos los barrios que estaban pendientes de finalizacion que hab\u00edan quedado en estado de abandono\u00a0 durante la gesti\u00f3n anterior, y ten\u00edamos un plan para este a\u00f1o de 40 viviendas realizadas por el Municipio que qued\u00f3 postergado por la pandemia. La demanda habitacional es enorme pero viene de hace a\u00f1os y no se puede solucionar de un d\u00eda para otro&#8221;.\u00a0<\/em><\/p>\n","protected":false},"excerpt":{"rendered":"<p>En la jornada de este mi\u00e9rcoles, el Intendente brind\u00f3 una entrevista al programa de Jorge&#8230;<\/p>\n","protected":false},"author":1,"featured_media":125020,"comment_status":"closed","ping_status":"closed","sticky":false,"template":"","format":"standard","meta":{"content-type":""},"categories":[27,51],"tags":[],"nelio_content":{"isAutoShareEnabled":false,"autoShareEndMode":"default","automationSources":{"useContentSentences":true,"useSocialTemplates":true,"useCustomSentences":false,"customSentences":[]},"followers":[1],"suggestedReferences":[],"includedReferences":[],"efiUrl":"","efiAlt":"","highlights":[]},"yoast_head":"<!-- This site is optimized with the Yoast SEO plugin v20.7 - https:\/\/yoast.com\/wordpress\/plugins\/seo\/ -->\n<title>Galli: &quot;Hubo da\u00f1os al patrimonio Municipal y la justicia revisa c\u00e1maras&quot;<\/title>\n<meta name=\"description\" content=\"En una entrevista con el periodista Jorge La Nata, Galli remarc\u00f3 que hubo da\u00f1os en el Patrimonio Municipal, y la justicia revisa c\u00e1maras.\" \/>\n<meta name=\"robots\" content=\"index, follow, max-snippet:-1, max-image-preview:large, max-video-preview:-1\" \/>\n<link rel=\"canonical\" href=\"https:\/\/experienciadevida.com.ar\/portalurbano\/galli-tras-la-jornada-de-ayer-hubo-danos-al-patrimonio-municipal-y-la-justicia-esta-revisando-las-camaras\/\" \/>\n<meta property=\"og:locale\" content=\"es_ES\" \/>\n<meta property=\"og:type\" content=\"article\" \/>\n<meta property=\"og:title\" content=\"Galli: &quot;Hubo da\u00f1os al patrimonio Municipal y la justicia revisa c\u00e1maras&quot;\" \/>\n<meta property=\"og:description\" content=\"En una entrevista con el periodista Jorge La Nata, Galli remarc\u00f3 que hubo da\u00f1os en el Patrimonio Municipal, y la justicia revisa c\u00e1maras.\" \/>\n<meta property=\"og:url\" content=\"https:\/\/experienciadevida.com.ar\/portalurbano\/galli-tras-la-jornada-de-ayer-hubo-danos-al-patrimonio-municipal-y-la-justicia-esta-revisando-las-camaras\/\" \/>\n<meta property=\"article:publisher\" content=\"https:\/\/www.facebook.com\/Portal-Urbano-171542830093757\/\" \/>\n<meta property=\"article:published_time\" content=\"2020-10-21T15:29:49+00:00\" \/>\n<meta property=\"article:modified_time\" content=\"2020-10-21T15:36:27+00:00\" \/>\n<meta property=\"og:image\" content=\"https:\/\/experienciadevida.com.ar\/portalurbano\/wp-content\/uploads\/2020\/10\/Concentracion25.jpg\" \/>\n\t<meta property=\"og:image:width\" content=\"765\" \/>\n\t<meta property=\"og:image:height\" content=\"510\" \/>\n\t<meta property=\"og:image:type\" content=\"image\/jpeg\" \/>\n<meta name=\"author\" content=\"admpu17wp\" \/>\n<meta name=\"twitter:card\" content=\"summary_large_image\" \/>\n<meta name=\"twitter:creator\" content=\"@portalurbanook\" \/>\n<meta name=\"twitter:site\" content=\"@portalurbanook\" \/>\n<meta name=\"twitter:label1\" content=\"Escrito por\" \/>\n\t<meta name=\"twitter:data1\" content=\"admpu17wp\" \/>\n\t<meta name=\"twitter:label2\" content=\"Tiempo de lectura\" \/>\n\t<meta name=\"twitter:data2\" content=\"2 minutos\" \/>\n<script type=\"application\/ld+json\" class=\"yoast-schema-graph\">{\"@context\":\"https:\/\/schema.org\",\"@graph\":[{\"@type\":\"Article\",\"@id\":\"https:\/\/experienciadevida.com.ar\/portalurbano\/galli-tras-la-jornada-de-ayer-hubo-danos-al-patrimonio-municipal-y-la-justicia-esta-revisando-las-camaras\/#article\",\"isPartOf\":{\"@id\":\"https:\/\/experienciadevida.com.ar\/portalurbano\/galli-tras-la-jornada-de-ayer-hubo-danos-al-patrimonio-municipal-y-la-justicia-esta-revisando-las-camaras\/\"},\"author\":{\"name\":\"admpu17wp\",\"@id\":\"https:\/\/experienciadevida.com.ar\/portalurbano\/#\/schema\/person\/02dd326b1c4b056e9cc972486934a3a7\"},\"headline\":\"Galli tras la jornada de ayer: &#8220;Hubo da\u00f1os al patrimonio Municipal y la justicia est\u00e1 revisando las c\u00e1maras&#8221;\",\"datePublished\":\"2020-10-21T15:29:49+00:00\",\"dateModified\":\"2020-10-21T15:36:27+00:00\",\"mainEntityOfPage\":{\"@id\":\"https:\/\/experienciadevida.com.ar\/portalurbano\/galli-tras-la-jornada-de-ayer-hubo-danos-al-patrimonio-municipal-y-la-justicia-esta-revisando-las-camaras\/\"},\"wordCount\":458,\"publisher\":{\"@id\":\"https:\/\/experienciadevida.com.ar\/portalurbano\/#organization\"},\"articleSection\":[\"Ciudad\",\"Destacadas\"],\"inLanguage\":\"es\"},{\"@type\":\"WebPage\",\"@id\":\"https:\/\/experienciadevida.com.ar\/portalurbano\/galli-tras-la-jornada-de-ayer-hubo-danos-al-patrimonio-municipal-y-la-justicia-esta-revisando-las-camaras\/\",\"url\":\"https:\/\/experienciadevida.com.ar\/portalurbano\/galli-tras-la-jornada-de-ayer-hubo-danos-al-patrimonio-municipal-y-la-justicia-esta-revisando-las-camaras\/\",\"name\":\"Galli: \\\"Hubo da\u00f1os al patrimonio Municipal y la justicia revisa c\u00e1maras\\\"\",\"isPartOf\":{\"@id\":\"https:\/\/experienciadevida.com.ar\/portalurbano\/#website\"},\"datePublished\":\"2020-10-21T15:29:49+00:00\",\"dateModified\":\"2020-10-21T15:36:27+00:00\",\"description\":\"En una entrevista con el periodista Jorge La Nata, Galli remarc\u00f3 que hubo da\u00f1os en el Patrimonio Municipal, y la justicia revisa c\u00e1maras.\",\"breadcrumb\":{\"@id\":\"https:\/\/experienciadevida.com.ar\/portalurbano\/galli-tras-la-jornada-de-ayer-hubo-danos-al-patrimonio-municipal-y-la-justicia-esta-revisando-las-camaras\/#breadcrumb\"},\"inLanguage\":\"es\",\"potentialAction\":[{\"@type\":\"ReadAction\",\"target\":[\"https:\/\/experienciadevida.com.ar\/portalurbano\/galli-tras-la-jornada-de-ayer-hubo-danos-al-patrimonio-municipal-y-la-justicia-esta-revisando-las-camaras\/\"]}]},{\"@type\":\"BreadcrumbList\",\"@id\":\"https:\/\/experienciadevida.com.ar\/portalurbano\/galli-tras-la-jornada-de-ayer-hubo-danos-al-patrimonio-municipal-y-la-justicia-esta-revisando-las-camaras\/#breadcrumb\",\"itemListElement\":[{\"@type\":\"ListItem\",\"position\":1,\"name\":\"Portada\",\"item\":\"https:\/\/experienciadevida.com.ar\/portalurbano\/\"},{\"@type\":\"ListItem\",\"position\":2,\"name\":\"Galli tras la jornada de ayer: \u00abHubo da\u00f1os al patrimonio Municipal y la justicia est\u00e1 revisando las c\u00e1maras\u00bb\"}]},{\"@type\":\"WebSite\",\"@id\":\"https:\/\/experienciadevida.com.ar\/portalurbano\/#website\",\"url\":\"https:\/\/experienciadevida.com.ar\/portalurbano\/\",\"name\":\"\",\"description\":\"\",\"publisher\":{\"@id\":\"https:\/\/experienciadevida.com.ar\/portalurbano\/#organization\"},\"potentialAction\":[{\"@type\":\"SearchAction\",\"target\":{\"@type\":\"EntryPoint\",\"urlTemplate\":\"https:\/\/experienciadevida.com.ar\/portalurbano\/?s={search_term_string}\"},\"query-input\":\"required name=search_term_string\"}],\"inLanguage\":\"es\"},{\"@type\":\"Organization\",\"@id\":\"https:\/\/experienciadevida.com.ar\/portalurbano\/#organization\",\"name\":\"Portal Urbano\",\"url\":\"https:\/\/experienciadevida.com.ar\/portalurbano\/\",\"logo\":{\"@type\":\"ImageObject\",\"inLanguage\":\"es\",\"@id\":\"https:\/\/experienciadevida.com.ar\/portalurbano\/#\/schema\/logo\/image\/\",\"url\":\"https:\/\/experienciadevida.com.ar\/portalurbano\/wp-content\/uploads\/2019\/09\/Logo-Original.png\",\"contentUrl\":\"https:\/\/experienciadevida.com.ar\/portalurbano\/wp-content\/uploads\/2019\/09\/Logo-Original.png\",\"width\":2236,\"height\":1216,\"caption\":\"Portal Urbano\"},\"image\":{\"@id\":\"https:\/\/experienciadevida.com.ar\/portalurbano\/#\/schema\/logo\/image\/\"},\"sameAs\":[\"https:\/\/www.facebook.com\/Portal-Urbano-171542830093757\/\",\"https:\/\/twitter.com\/portalurbanook\",\"https:\/\/www.instagram.com\/_portalurbano\/\",\"https:\/\/www.youtube.com\/channel\/UCXhagIfszH8KxFiOok79zbA?view_as=subscriber\"]},{\"@type\":\"Person\",\"@id\":\"https:\/\/experienciadevida.com.ar\/portalurbano\/#\/schema\/person\/02dd326b1c4b056e9cc972486934a3a7\",\"name\":\"admpu17wp\",\"image\":{\"@type\":\"ImageObject\",\"inLanguage\":\"es\",\"@id\":\"https:\/\/experienciadevida.com.ar\/portalurbano\/#\/schema\/person\/image\/\",\"url\":\"https:\/\/secure.gravatar.com\/avatar\/830d4c57adaae6630765e449a6908047?s=96&d=mm&r=g\",\"contentUrl\":\"https:\/\/secure.gravatar.com\/avatar\/830d4c57adaae6630765e449a6908047?s=96&d=mm&r=g\",\"caption\":\"admpu17wp\"}}]}<\/script>\n<!-- \/ Yoast SEO plugin. -->","yoast_head_json":{"title":"Galli: \"Hubo da\u00f1os al patrimonio Municipal y la justicia revisa c\u00e1maras\"","description":"En una entrevista con el periodista Jorge La Nata, Galli remarc\u00f3 que hubo da\u00f1os en el Patrimonio Municipal, y la justicia revisa c\u00e1maras.","robots":{"index":"index","follow":"follow","max-snippet":"max-snippet:-1","max-image-preview":"max-image-preview:large","max-video-preview":"max-video-preview:-1"},"canonical":"https:\/\/experienciadevida.com.ar\/portalurbano\/galli-tras-la-jornada-de-ayer-hubo-danos-al-patrimonio-municipal-y-la-justicia-esta-revisando-las-camaras\/","og_locale":"es_ES","og_type":"article","og_title":"Galli: \"Hubo da\u00f1os al patrimonio Municipal y la justicia revisa c\u00e1maras\"","og_description":"En una entrevista con el periodista Jorge La Nata, Galli remarc\u00f3 que hubo da\u00f1os en el Patrimonio Municipal, y la justicia revisa c\u00e1maras.","og_url":"https:\/\/experienciadevida.com.ar\/portalurbano\/galli-tras-la-jornada-de-ayer-hubo-danos-al-patrimonio-municipal-y-la-justicia-esta-revisando-las-camaras\/","article_publisher":"https:\/\/www.facebook.com\/Portal-Urbano-171542830093757\/","article_published_time":"2020-10-21T15:29:49+00:00","article_modified_time":"2020-10-21T15:36:27+00:00","og_image":[{"width":765,"height":510,"url":"https:\/\/experienciadevida.com.ar\/portalurbano\/wp-content\/uploads\/2020\/10\/Concentracion25.jpg","type":"image\/jpeg"}],"author":"admpu17wp","twitter_card":"summary_large_image","twitter_creator":"@portalurbanook","twitter_site":"@portalurbanook","twitter_misc":{"Escrito por":"admpu17wp","Tiempo de lectura":"2 minutos"},"schema":{"@context":"https:\/\/schema.org","@graph":[{"@type":"Article","@id":"https:\/\/experienciadevida.com.ar\/portalurbano\/galli-tras-la-jornada-de-ayer-hubo-danos-al-patrimonio-municipal-y-la-justicia-esta-revisando-las-camaras\/#article","isPartOf":{"@id":"https:\/\/experienciadevida.com.ar\/portalurbano\/galli-tras-la-jornada-de-ayer-hubo-danos-al-patrimonio-municipal-y-la-justicia-esta-revisando-las-camaras\/"},"author":{"name":"admpu17wp","@id":"https:\/\/experienciadevida.com.ar\/portalurbano\/#\/schema\/person\/02dd326b1c4b056e9cc972486934a3a7"},"headline":"Galli tras la jornada de ayer: &#8220;Hubo da\u00f1os al patrimonio Municipal y la justicia est\u00e1 revisando las c\u00e1maras&#8221;","datePublished":"2020-10-21T15:29:49+00:00","dateModified":"2020-10-21T15:36:27+00:00","mainEntityOfPage":{"@id":"https:\/\/experienciadevida.com.ar\/portalurbano\/galli-tras-la-jornada-de-ayer-hubo-danos-al-patrimonio-municipal-y-la-justicia-esta-revisando-las-camaras\/"},"wordCount":458,"publisher":{"@id":"https:\/\/experienciadevida.com.ar\/portalurbano\/#organization"},"articleSection":["Ciudad","Destacadas"],"inLanguage":"es"},{"@type":"WebPage","@id":"https:\/\/experienciadevida.com.ar\/portalurbano\/galli-tras-la-jornada-de-ayer-hubo-danos-al-patrimonio-municipal-y-la-justicia-esta-revisando-las-camaras\/","url":"https:\/\/experienciadevida.com.ar\/portalurbano\/galli-tras-la-jornada-de-ayer-hubo-danos-al-patrimonio-municipal-y-la-justicia-esta-revisando-las-camaras\/","name":"Galli: \"Hubo da\u00f1os al patrimonio Municipal y la justicia revisa c\u00e1maras\"","isPartOf":{"@id":"https:\/\/experienciadevida.com.ar\/portalurbano\/#website"},"datePublished":"2020-10-21T15:29:49+00:00","dateModified":"2020-10-21T15:36:27+00:00","description":"En una entrevista con el periodista Jorge La Nata, Galli remarc\u00f3 que hubo da\u00f1os en el Patrimonio Municipal, y la justicia revisa c\u00e1maras.","breadcrumb":{"@id":"https:\/\/experienciadevida.com.ar\/portalurbano\/galli-tras-la-jornada-de-ayer-hubo-danos-al-patrimonio-municipal-y-la-justicia-esta-revisando-las-camaras\/#breadcrumb"},"inLanguage":"es","potentialAction":[{"@type":"ReadAction","target":["https:\/\/experienciadevida.com.ar\/portalurbano\/galli-tras-la-jornada-de-ayer-hubo-danos-al-patrimonio-municipal-y-la-justicia-esta-revisando-las-camaras\/"]}]},{"@type":"BreadcrumbList","@id":"https:\/\/experienciadevida.com.ar\/portalurbano\/galli-tras-la-jornada-de-ayer-hubo-danos-al-patrimonio-municipal-y-la-justicia-esta-revisando-las-camaras\/#breadcrumb","itemListElement":[{"@type":"ListItem","position":1,"name":"Portada","item":"https:\/\/experienciadevida.com.ar\/portalurbano\/"},{"@type":"ListItem","position":2,"name":"Galli tras la jornada de ayer: \u00abHubo da\u00f1os al patrimonio Municipal y la justicia est\u00e1 revisando las c\u00e1maras\u00bb"}]},{"@type":"WebSite","@id":"https:\/\/experienciadevida.com.ar\/portalurbano\/#website","url":"https:\/\/experienciadevida.com.ar\/portalurbano\/","name":"","description":"","publisher":{"@id":"https:\/\/experienciadevida.com.ar\/portalurbano\/#organization"},"potentialAction":[{"@type":"SearchAction","target":{"@type":"EntryPoint","urlTemplate":"https:\/\/experienciadevida.com.ar\/portalurbano\/?s={search_term_string}"},"query-input":"required name=search_term_string"}],"inLanguage":"es"},{"@type":"Organization","@id":"https:\/\/experienciadevida.com.ar\/portalurbano\/#organization","name":"Portal Urbano","url":"https:\/\/experienciadevida.com.ar\/portalurbano\/","logo":{"@type":"ImageObject","inLanguage":"es","@id":"https:\/\/experienciadevida.com.ar\/portalurbano\/#\/schema\/logo\/image\/","url":"https:\/\/experienciadevida.com.ar\/portalurbano\/wp-content\/uploads\/2019\/09\/Logo-Original.png","contentUrl":"https:\/\/experienciadevida.com.ar\/portalurbano\/wp-content\/uploads\/2019\/09\/Logo-Original.png","width":2236,"height":1216,"caption":"Portal Urbano"},"image":{"@id":"https:\/\/experienciadevida.com.ar\/portalurbano\/#\/schema\/logo\/image\/"},"sameAs":["https:\/\/www.facebook.com\/Portal-Urbano-171542830093757\/","https:\/\/twitter.com\/portalurbanook","https:\/\/www.instagram.com\/_portalurbano\/","https:\/\/www.youtube.com\/channel\/UCXhagIfszH8KxFiOok79zbA?view_as=subscriber"]},{"@type":"Person","@id":"https:\/\/experienciadevida.com.ar\/portalurbano\/#\/schema\/person\/02dd326b1c4b056e9cc972486934a3a7","name":"admpu17wp","image":{"@type":"ImageObject","inLanguage":"es","@id":"https:\/\/experienciadevida.com.ar\/portalurbano\/#\/schema\/person\/image\/","url":"https:\/\/secure.gravatar.com\/avatar\/830d4c57adaae6630765e449a6908047?s=96&d=mm&r=g","contentUrl":"https:\/\/secure.gravatar.com\/avatar\/830d4c57adaae6630765e449a6908047?s=96&d=mm&r=g","caption":"admpu17wp"}}]}},"featured_image_urls":{"full":["https:\/\/experienciadevida.com.ar\/portalurbano\/wp-content\/uploads\/2020\/10\/Concentracion25.jpg",765,510,false],"thumbnail":["https:\/\/experienciadevida.com.ar\/portalurbano\/wp-content\/uploads\/2020\/10\/Concentracion25-150x150.jpg",150,150,true],"medium":["https:\/\/experienciadevida.com.ar\/portalurbano\/wp-content\/uploads\/2020\/10\/Concentracion25-300x200.jpg",300,200,true],"medium_large":["https:\/\/experienciadevida.com.ar\/portalurbano\/wp-content\/uploads\/2020\/10\/Concentracion25.jpg",640,427,false],"large":["https:\/\/experienciadevida.com.ar\/portalurbano\/wp-content\/uploads\/2020\/10\/Concentracion25.jpg",640,427,false],"ug_big":["https:\/\/experienciadevida.com.ar\/portalurbano\/wp-content\/uploads\/2020\/10\/Concentracion25.jpg",765,510,false],"1536x1536":["https:\/\/experienciadevida.com.ar\/portalurbano\/wp-content\/uploads\/2020\/10\/Concentracion25.jpg",765,510,false],"2048x2048":["https:\/\/experienciadevida.com.ar\/portalurbano\/wp-content\/uploads\/2020\/10\/Concentracion25.jpg",765,510,false],"newsever-slider-full":["https:\/\/experienciadevida.com.ar\/portalurbano\/wp-content\/uploads\/2020\/10\/Concentracion25.jpg",765,510,false],"newsever-featured":["https:\/\/experienciadevida.com.ar\/portalurbano\/wp-content\/uploads\/2020\/10\/Concentracion25.jpg",765,510,false],"newsever-medium":["https:\/\/experienciadevida.com.ar\/portalurbano\/wp-content\/uploads\/2020\/10\/Concentracion25.jpg",713,475,false],"web-stories-poster-portrait":["https:\/\/experienciadevida.com.ar\/portalurbano\/wp-content\/uploads\/2020\/10\/Concentracion25.jpg",640,427,false],"web-stories-publisher-logo":["https:\/\/experienciadevida.com.ar\/portalurbano\/wp-content\/uploads\/2020\/10\/Concentracion25.jpg",96,64,false],"web-stories-thumbnail":["https:\/\/experienciadevida.com.ar\/portalurbano\/wp-content\/uploads\/2020\/10\/Concentracion25.jpg",150,100,false]},"author_info":{"display_name":"admpu17wp","author_link":"https:\/\/experienciadevida.com.ar\/portalurbano\/author\/admpu17wp\/"},"category_info":"<a href=\"https:\/\/experienciadevida.com.ar\/portalurbano\/category\/ciudad\/\" rel=\"category tag\">Ciudad<\/a> <a href=\"https:\/\/experienciadevida.com.ar\/portalurbano\/category\/destacadas\/\" rel=\"category tag\">Destacadas<\/a>","tag_info":"Destacadas","comment_count":"0","amp_enabled":true,"_links":{"self":[{"href":"https:\/\/experienciadevida.com.ar\/portalurbano\/wp-json\/wp\/v2\/posts\/125014"}],"collection":[{"href":"https:\/\/experienciadevida.com.ar\/portalurbano\/wp-json\/wp\/v2\/posts"}],"about":[{"href":"https:\/\/experienciadevida.com.ar\/portalurbano\/wp-json\/wp\/v2\/types\/post"}],"author":[{"embeddable":true,"href":"https:\/\/experienciadevida.com.ar\/portalurbano\/wp-json\/wp\/v2\/users\/1"}],"replies":[{"embeddable":true,"href":"https:\/\/experienciadevida.com.ar\/portalurbano\/wp-json\/wp\/v2\/comments?post=125014"}],"version-history":[{"count":7,"href":"https:\/\/experienciadevida.com.ar\/portalurbano\/wp-json\/wp\/v2\/posts\/125014\/revisions"}],"predecessor-version":[{"id":125023,"href":"https:\/\/experienciadevida.com.ar\/portalurbano\/wp-json\/wp\/v2\/posts\/125014\/revisions\/125023"}],"wp:featuredmedia":[{"embeddable":true,"href":"https:\/\/experienciadevida.com.ar\/portalurbano\/wp-json\/wp\/v2\/media\/125020"}],"wp:attachment":[{"href":"https:\/\/experienciadevida.com.ar\/portalurbano\/wp-json\/wp\/v2\/media?parent=125014"}],"wp:term":[{"taxonomy":"category","embeddable":true,"href":"https:\/\/experienciadevida.com.ar\/portalurbano\/wp-json\/wp\/v2\/categories?post=125014"},{"taxonomy":"post_tag","embeddable":true,"href":"https:\/\/experienciadevida.com.ar\/portalurbano\/wp-json\/wp\/v2\/tags?post=125014"}],"curies":[{"name":"wp","href":"https:\/\/api.w.org\/{rel}","templated":true}]}}