{"id":124797,"date":"2020-10-19T14:24:34","date_gmt":"2020-10-19T17:24:34","guid":{"rendered":"https:\/\/experienciadevida.com.ar\/portalurbano\/?p=124797"},"modified":"2020-10-19T17:15:51","modified_gmt":"2020-10-19T20:15:51","slug":"carolina-saloina-el-diagnostico-precoz-en-el-cancer-de-mama-es-la-clave","status":"publish","type":"post","link":"https:\/\/experienciadevida.com.ar\/portalurbano\/carolina-saloina-el-diagnostico-precoz-en-el-cancer-de-mama-es-la-clave\/","title":{"rendered":"Carolina Saloi\u00f1a: &#8220;El diagn\u00f3stico precoz en el c\u00e1ncer de mama es la clave&#8221;"},"content":{"rendered":"<p>Este 19 de octubre es el D\u00eda Mundial de la lucha contra el <strong>c\u00e1ncer de mama<\/strong> y promueven retomar la visita al ginec\u00f3logo y a los controles.<\/p>\n<p>Este medio, dialog\u00f3 con la Doctora Carolina Saloi\u00f1a, m\u00e9dica especialista Jerarquizada en Diagn\u00f3stico por Im\u00e1genes, graduada en la Universidad Nacional de La Plata, MP 115776 quien remarc\u00f3 sobre la importancia del diagn\u00f3stico precoz.<\/p>\n<p>La Doctora Saloi\u00f1a, trabaja en el Centro de diagn\u00f3stico m\u00e9dico de nuestra ciudad, ubicado en General Paz 3149, caracterizado por estar formado por profesionales subespecializados en diferentes \u00e1reas y por la utilizaci\u00f3n de tecnolog\u00eda de \u00faltima generaci\u00f3n para brindar un servicio de calidad a la sociedad.<\/p>\n<p>El equipo est\u00e1 integrado por el Doctor Juan Rieu y la Doctora Marcia Tranol, junto los doctores Mauricio Dilascio y Clarisa Laprida especialistas en cardiolog\u00eda y pediatr\u00eda.<\/p>\n<p>La Doctora Saloi\u00f1a menciona &#8220;<em>presentamos un servicio de Mamograf\u00eda Digital Directa que consta de tres incorporaciones: un mam\u00f3grafo de alta resoluci\u00f3n, un panel digital directo que consiste en detectores DR para uso de mamograf\u00eda que brinda una excelente calidad de imagen y confiabilidad diagn\u00f3stica, que adem\u00e1s incluye un software de adquisici\u00f3n de im\u00e1genes que es el que utiliza y maneja la t\u00e9cnica en radiolog\u00eda que es la que opera en el Mam\u00f3grafo, y una estaci\u00f3n de revisi\u00f3n diagn\u00f3stica o estaci\u00f3n de trabajo que incluye dos monitores que brindan una correcta resoluci\u00f3n con un software mamogr\u00e1fico que permite un diagn\u00f3stico adecuado y una mejor interpretaci\u00f3n de im\u00e1genes permitiendo reconocer por ejemplo, peque\u00f1as microcalcificaciones que a veces son dificultosas de ver&#8221;.<\/em><\/p>\n<p>&#8220;<em>Estas incorporaciones permiten realizar todos los estudios necesarios en un mismo lugar, con la ventaja de integrar todos los m\u00e9todos, tales como Mamograf\u00eda Digital Directa, ecograf\u00eda e intervencionismo mamario que son las punciones de mamas&#8221;.<\/em><\/p>\n<p>Por otro lado la Doctora remarca &#8220;<em>buscamos informar y concientizar a la poblaci\u00f3n sobre la enfermedad. El <strong>c\u00e1ncer de mama<\/strong> no se puede prevenir, por lo cual el diagn\u00f3stico precoz es la clave, detectarlo antes de tener s\u00edntomas, o de que sea palpable, por eso contamos con los diferentes m\u00e9todos de diagn\u00f3stico. Es importante respetar los controles peri\u00f3dicos con el ginec\u00f3logo, quien es el que indica que m\u00e9todo debe realizar cada paciente seg\u00fan su edad o antecedentes personales&#8221;.<\/em><\/p>\n<p><em>&#8220;La Sociedad Argentina de Mastolog\u00eda, recomienda realizarse una mamograf\u00eda de base a los 35 a\u00f1os para conocer el tipo de tejido mamario de la paciente, y a partir de los 40 a\u00f1os una mamograf\u00eda por a\u00f1o, en las pacientes con mama densa es adecuado complementar con ecograf\u00eda mamaria idealmente de manera conjunta y en el mismo momento que la mamograf\u00eda&#8221;.<\/em><\/p>\n<p>A su vez la Doctora Saloi\u00f1a, expresa <em>&#8220;el <strong>c\u00e1ncer de mama<\/strong> cuando se diagnostica precozmente puede curarse y en este mes lo que se busca es informar, desmitificar, concientizar sobre la enfermedad, para que las pacientes hagan las consultas y se hagan los estudios, correspondientes a su edad y que todas las pacientes puedan compartir toda esta informaci\u00f3n con sus contactos para llegar a m\u00e1s mujeres&#8221;.<\/em><\/p>\n<p>&#8220;<em>La Sociedad Argentina de Mastolog\u00eda public\u00f3 que por la pandemia se diagnosticaron un 60% menos de casos que en 2019, y que en los \u00faltimos meses disminuy\u00f3 notablemente la realizaci\u00f3n de estudios que si bien en un primer momento se recomend\u00f3 postergar los controles en mujeres sanas y sin antecedentes, ahora se recomienda retomar la visita al ginec\u00f3logo y no dejar pasar m\u00e1s tiempo, ya que la detecci\u00f3n temprana mejora el pron\u00f3stico y aumenta las posibilidades de curaci\u00f3n&#8221;.<\/em><\/p>\n<p>&#8220;<em>En cuanto al miedo al contagio, generalmente en los consultorios m\u00e9dicos, se cumplen todos los protocolos desde el uso de tapaboca obligatorio, mantenimiento de la distancia social, toma de temperatura, se evita que los pacientes vayan acompa\u00f1ados salvo excepciones, limpieza e higiene continua, uso de barreras f\u00edsicas como vidrios, m\u00e1scaras, usamos equipos de protecci\u00f3n personal por lo cual las probabilidades de contagio dentro del consultorio o durante el chequeo son muy bajas y creo que las posibilidades est\u00e1n m\u00e1s en otros lugares, no ser\u00eda un motivo por el cual suspender los controles&#8221;,\u00a0<\/em>finaliz\u00f3.<\/p>\n","protected":false},"excerpt":{"rendered":"<p>Este 19 de octubre es el D\u00eda Mundial de la lucha contra el c\u00e1ncer de&#8230;<\/p>\n","protected":false},"author":1,"featured_media":124798,"comment_status":"closed","ping_status":"closed","sticky":false,"template":"","format":"standard","meta":{"content-type":""},"categories":[51,45],"tags":[474],"nelio_content":{"isAutoShareEnabled":false,"autoShareEndMode":"default","automationSources":{"useContentSentences":true,"useSocialTemplates":true,"useCustomSentences":false,"customSentences":[]},"followers":[1],"suggestedReferences":[],"includedReferences":[],"efiUrl":"","efiAlt":"","highlights":[]},"yoast_head":"<!-- This site is optimized with the Yoast SEO plugin v20.7 - https:\/\/yoast.com\/wordpress\/plugins\/seo\/ -->\n<title>Carolina Saloi\u00f1a: &quot;El diagn\u00f3stico precoz en el c\u00e1ncer de mama es la clave&quot;<\/title>\n<meta name=\"description\" content=\"Este 19 de octubre es el D\u00eda Mundial de la lucha contra el c\u00e1ncer de mama y promueven retomar la visita al ginec\u00f3logo y a los controles.\" \/>\n<meta name=\"robots\" content=\"index, follow, max-snippet:-1, max-image-preview:large, max-video-preview:-1\" \/>\n<link rel=\"canonical\" href=\"https:\/\/experienciadevida.com.ar\/portalurbano\/carolina-saloina-el-diagnostico-precoz-en-el-cancer-de-mama-es-la-clave\/\" \/>\n<meta property=\"og:locale\" content=\"es_ES\" \/>\n<meta property=\"og:type\" content=\"article\" \/>\n<meta property=\"og:title\" content=\"Carolina Saloi\u00f1a: &quot;El diagn\u00f3stico precoz en el c\u00e1ncer de mama es la clave&quot;\" \/>\n<meta property=\"og:description\" content=\"Este 19 de octubre es el D\u00eda Mundial de la lucha contra el c\u00e1ncer de mama y promueven retomar la visita al ginec\u00f3logo y a los controles.\" \/>\n<meta property=\"og:url\" content=\"https:\/\/experienciadevida.com.ar\/portalurbano\/carolina-saloina-el-diagnostico-precoz-en-el-cancer-de-mama-es-la-clave\/\" \/>\n<meta property=\"article:publisher\" content=\"https:\/\/www.facebook.com\/Portal-Urbano-171542830093757\/\" \/>\n<meta property=\"article:published_time\" content=\"2020-10-19T17:24:34+00:00\" \/>\n<meta property=\"article:modified_time\" content=\"2020-10-19T20:15:51+00:00\" \/>\n<meta property=\"og:image\" content=\"https:\/\/experienciadevida.com.ar\/portalurbano\/wp-content\/uploads\/2020\/10\/Cancer-de-mama.jpg\" \/>\n\t<meta property=\"og:image:width\" content=\"1280\" \/>\n\t<meta property=\"og:image:height\" content=\"853\" \/>\n\t<meta property=\"og:image:type\" content=\"image\/jpeg\" \/>\n<meta name=\"author\" content=\"admpu17wp\" \/>\n<meta name=\"twitter:card\" content=\"summary_large_image\" \/>\n<meta name=\"twitter:creator\" content=\"@portalurbanook\" \/>\n<meta name=\"twitter:site\" content=\"@portalurbanook\" \/>\n<meta name=\"twitter:label1\" content=\"Escrito por\" \/>\n\t<meta name=\"twitter:data1\" content=\"admpu17wp\" \/>\n\t<meta name=\"twitter:label2\" content=\"Tiempo de lectura\" \/>\n\t<meta name=\"twitter:data2\" content=\"4 minutos\" \/>\n<script type=\"application\/ld+json\" class=\"yoast-schema-graph\">{\"@context\":\"https:\/\/schema.org\",\"@graph\":[{\"@type\":\"Article\",\"@id\":\"https:\/\/experienciadevida.com.ar\/portalurbano\/carolina-saloina-el-diagnostico-precoz-en-el-cancer-de-mama-es-la-clave\/#article\",\"isPartOf\":{\"@id\":\"https:\/\/experienciadevida.com.ar\/portalurbano\/carolina-saloina-el-diagnostico-precoz-en-el-cancer-de-mama-es-la-clave\/\"},\"author\":{\"name\":\"admpu17wp\",\"@id\":\"https:\/\/experienciadevida.com.ar\/portalurbano\/#\/schema\/person\/02dd326b1c4b056e9cc972486934a3a7\"},\"headline\":\"Carolina Saloi\u00f1a: &#8220;El diagn\u00f3stico precoz en el c\u00e1ncer de mama es la clave&#8221;\",\"datePublished\":\"2020-10-19T17:24:34+00:00\",\"dateModified\":\"2020-10-19T20:15:51+00:00\",\"mainEntityOfPage\":{\"@id\":\"https:\/\/experienciadevida.com.ar\/portalurbano\/carolina-saloina-el-diagnostico-precoz-en-el-cancer-de-mama-es-la-clave\/\"},\"wordCount\":749,\"publisher\":{\"@id\":\"https:\/\/experienciadevida.com.ar\/portalurbano\/#organization\"},\"keywords\":[\"c\u00e1ncer de mama\"],\"articleSection\":[\"Destacadas\",\"Salud\"],\"inLanguage\":\"es\"},{\"@type\":\"WebPage\",\"@id\":\"https:\/\/experienciadevida.com.ar\/portalurbano\/carolina-saloina-el-diagnostico-precoz-en-el-cancer-de-mama-es-la-clave\/\",\"url\":\"https:\/\/experienciadevida.com.ar\/portalurbano\/carolina-saloina-el-diagnostico-precoz-en-el-cancer-de-mama-es-la-clave\/\",\"name\":\"Carolina Saloi\u00f1a: \\\"El diagn\u00f3stico precoz en el c\u00e1ncer de mama es la clave\\\"\",\"isPartOf\":{\"@id\":\"https:\/\/experienciadevida.com.ar\/portalurbano\/#website\"},\"datePublished\":\"2020-10-19T17:24:34+00:00\",\"dateModified\":\"2020-10-19T20:15:51+00:00\",\"description\":\"Este 19 de octubre es el D\u00eda Mundial de la lucha contra el c\u00e1ncer de mama y promueven retomar la visita al ginec\u00f3logo y a los controles.\",\"breadcrumb\":{\"@id\":\"https:\/\/experienciadevida.com.ar\/portalurbano\/carolina-saloina-el-diagnostico-precoz-en-el-cancer-de-mama-es-la-clave\/#breadcrumb\"},\"inLanguage\":\"es\",\"potentialAction\":[{\"@type\":\"ReadAction\",\"target\":[\"https:\/\/experienciadevida.com.ar\/portalurbano\/carolina-saloina-el-diagnostico-precoz-en-el-cancer-de-mama-es-la-clave\/\"]}]},{\"@type\":\"BreadcrumbList\",\"@id\":\"https:\/\/experienciadevida.com.ar\/portalurbano\/carolina-saloina-el-diagnostico-precoz-en-el-cancer-de-mama-es-la-clave\/#breadcrumb\",\"itemListElement\":[{\"@type\":\"ListItem\",\"position\":1,\"name\":\"Portada\",\"item\":\"https:\/\/experienciadevida.com.ar\/portalurbano\/\"},{\"@type\":\"ListItem\",\"position\":2,\"name\":\"Carolina Saloi\u00f1a: \u00abEl diagn\u00f3stico precoz en el c\u00e1ncer de mama es la clave\u00bb\"}]},{\"@type\":\"WebSite\",\"@id\":\"https:\/\/experienciadevida.com.ar\/portalurbano\/#website\",\"url\":\"https:\/\/experienciadevida.com.ar\/portalurbano\/\",\"name\":\"\",\"description\":\"\",\"publisher\":{\"@id\":\"https:\/\/experienciadevida.com.ar\/portalurbano\/#organization\"},\"potentialAction\":[{\"@type\":\"SearchAction\",\"target\":{\"@type\":\"EntryPoint\",\"urlTemplate\":\"https:\/\/experienciadevida.com.ar\/portalurbano\/?s={search_term_string}\"},\"query-input\":\"required name=search_term_string\"}],\"inLanguage\":\"es\"},{\"@type\":\"Organization\",\"@id\":\"https:\/\/experienciadevida.com.ar\/portalurbano\/#organization\",\"name\":\"Portal Urbano\",\"url\":\"https:\/\/experienciadevida.com.ar\/portalurbano\/\",\"logo\":{\"@type\":\"ImageObject\",\"inLanguage\":\"es\",\"@id\":\"https:\/\/experienciadevida.com.ar\/portalurbano\/#\/schema\/logo\/image\/\",\"url\":\"https:\/\/experienciadevida.com.ar\/portalurbano\/wp-content\/uploads\/2019\/09\/Logo-Original.png\",\"contentUrl\":\"https:\/\/experienciadevida.com.ar\/portalurbano\/wp-content\/uploads\/2019\/09\/Logo-Original.png\",\"width\":2236,\"height\":1216,\"caption\":\"Portal Urbano\"},\"image\":{\"@id\":\"https:\/\/experienciadevida.com.ar\/portalurbano\/#\/schema\/logo\/image\/\"},\"sameAs\":[\"https:\/\/www.facebook.com\/Portal-Urbano-171542830093757\/\",\"https:\/\/twitter.com\/portalurbanook\",\"https:\/\/www.instagram.com\/_portalurbano\/\",\"https:\/\/www.youtube.com\/channel\/UCXhagIfszH8KxFiOok79zbA?view_as=subscriber\"]},{\"@type\":\"Person\",\"@id\":\"https:\/\/experienciadevida.com.ar\/portalurbano\/#\/schema\/person\/02dd326b1c4b056e9cc972486934a3a7\",\"name\":\"admpu17wp\",\"image\":{\"@type\":\"ImageObject\",\"inLanguage\":\"es\",\"@id\":\"https:\/\/experienciadevida.com.ar\/portalurbano\/#\/schema\/person\/image\/\",\"url\":\"https:\/\/secure.gravatar.com\/avatar\/830d4c57adaae6630765e449a6908047?s=96&d=mm&r=g\",\"contentUrl\":\"https:\/\/secure.gravatar.com\/avatar\/830d4c57adaae6630765e449a6908047?s=96&d=mm&r=g\",\"caption\":\"admpu17wp\"}}]}<\/script>\n<!-- \/ Yoast SEO plugin. -->","yoast_head_json":{"title":"Carolina Saloi\u00f1a: \"El diagn\u00f3stico precoz en el c\u00e1ncer de mama es la clave\"","description":"Este 19 de octubre es el D\u00eda Mundial de la lucha contra el c\u00e1ncer de mama y promueven retomar la visita al ginec\u00f3logo y a los controles.","robots":{"index":"index","follow":"follow","max-snippet":"max-snippet:-1","max-image-preview":"max-image-preview:large","max-video-preview":"max-video-preview:-1"},"canonical":"https:\/\/experienciadevida.com.ar\/portalurbano\/carolina-saloina-el-diagnostico-precoz-en-el-cancer-de-mama-es-la-clave\/","og_locale":"es_ES","og_type":"article","og_title":"Carolina Saloi\u00f1a: \"El diagn\u00f3stico precoz en el c\u00e1ncer de mama es la clave\"","og_description":"Este 19 de octubre es el D\u00eda Mundial de la lucha contra el c\u00e1ncer de mama y promueven retomar la visita al ginec\u00f3logo y a los controles.","og_url":"https:\/\/experienciadevida.com.ar\/portalurbano\/carolina-saloina-el-diagnostico-precoz-en-el-cancer-de-mama-es-la-clave\/","article_publisher":"https:\/\/www.facebook.com\/Portal-Urbano-171542830093757\/","article_published_time":"2020-10-19T17:24:34+00:00","article_modified_time":"2020-10-19T20:15:51+00:00","og_image":[{"width":1280,"height":853,"url":"https:\/\/experienciadevida.com.ar\/portalurbano\/wp-content\/uploads\/2020\/10\/Cancer-de-mama.jpg","type":"image\/jpeg"}],"author":"admpu17wp","twitter_card":"summary_large_image","twitter_creator":"@portalurbanook","twitter_site":"@portalurbanook","twitter_misc":{"Escrito por":"admpu17wp","Tiempo de lectura":"4 minutos"},"schema":{"@context":"https:\/\/schema.org","@graph":[{"@type":"Article","@id":"https:\/\/experienciadevida.com.ar\/portalurbano\/carolina-saloina-el-diagnostico-precoz-en-el-cancer-de-mama-es-la-clave\/#article","isPartOf":{"@id":"https:\/\/experienciadevida.com.ar\/portalurbano\/carolina-saloina-el-diagnostico-precoz-en-el-cancer-de-mama-es-la-clave\/"},"author":{"name":"admpu17wp","@id":"https:\/\/experienciadevida.com.ar\/portalurbano\/#\/schema\/person\/02dd326b1c4b056e9cc972486934a3a7"},"headline":"Carolina Saloi\u00f1a: &#8220;El diagn\u00f3stico precoz en el c\u00e1ncer de mama es la clave&#8221;","datePublished":"2020-10-19T17:24:34+00:00","dateModified":"2020-10-19T20:15:51+00:00","mainEntityOfPage":{"@id":"https:\/\/experienciadevida.com.ar\/portalurbano\/carolina-saloina-el-diagnostico-precoz-en-el-cancer-de-mama-es-la-clave\/"},"wordCount":749,"publisher":{"@id":"https:\/\/experienciadevida.com.ar\/portalurbano\/#organization"},"keywords":["c\u00e1ncer de mama"],"articleSection":["Destacadas","Salud"],"inLanguage":"es"},{"@type":"WebPage","@id":"https:\/\/experienciadevida.com.ar\/portalurbano\/carolina-saloina-el-diagnostico-precoz-en-el-cancer-de-mama-es-la-clave\/","url":"https:\/\/experienciadevida.com.ar\/portalurbano\/carolina-saloina-el-diagnostico-precoz-en-el-cancer-de-mama-es-la-clave\/","name":"Carolina Saloi\u00f1a: \"El diagn\u00f3stico precoz en el c\u00e1ncer de mama es la clave\"","isPartOf":{"@id":"https:\/\/experienciadevida.com.ar\/portalurbano\/#website"},"datePublished":"2020-10-19T17:24:34+00:00","dateModified":"2020-10-19T20:15:51+00:00","description":"Este 19 de octubre es el D\u00eda Mundial de la lucha contra el c\u00e1ncer de mama y promueven retomar la visita al ginec\u00f3logo y a los controles.","breadcrumb":{"@id":"https:\/\/experienciadevida.com.ar\/portalurbano\/carolina-saloina-el-diagnostico-precoz-en-el-cancer-de-mama-es-la-clave\/#breadcrumb"},"inLanguage":"es","potentialAction":[{"@type":"ReadAction","target":["https:\/\/experienciadevida.com.ar\/portalurbano\/carolina-saloina-el-diagnostico-precoz-en-el-cancer-de-mama-es-la-clave\/"]}]},{"@type":"BreadcrumbList","@id":"https:\/\/experienciadevida.com.ar\/portalurbano\/carolina-saloina-el-diagnostico-precoz-en-el-cancer-de-mama-es-la-clave\/#breadcrumb","itemListElement":[{"@type":"ListItem","position":1,"name":"Portada","item":"https:\/\/experienciadevida.com.ar\/portalurbano\/"},{"@type":"ListItem","position":2,"name":"Carolina Saloi\u00f1a: \u00abEl diagn\u00f3stico precoz en el c\u00e1ncer de mama es la clave\u00bb"}]},{"@type":"WebSite","@id":"https:\/\/experienciadevida.com.ar\/portalurbano\/#website","url":"https:\/\/experienciadevida.com.ar\/portalurbano\/","name":"","description":"","publisher":{"@id":"https:\/\/experienciadevida.com.ar\/portalurbano\/#organization"},"potentialAction":[{"@type":"SearchAction","target":{"@type":"EntryPoint","urlTemplate":"https:\/\/experienciadevida.com.ar\/portalurbano\/?s={search_term_string}"},"query-input":"required name=search_term_string"}],"inLanguage":"es"},{"@type":"Organization","@id":"https:\/\/experienciadevida.com.ar\/portalurbano\/#organization","name":"Portal Urbano","url":"https:\/\/experienciadevida.com.ar\/portalurbano\/","logo":{"@type":"ImageObject","inLanguage":"es","@id":"https:\/\/experienciadevida.com.ar\/portalurbano\/#\/schema\/logo\/image\/","url":"https:\/\/experienciadevida.com.ar\/portalurbano\/wp-content\/uploads\/2019\/09\/Logo-Original.png","contentUrl":"https:\/\/experienciadevida.com.ar\/portalurbano\/wp-content\/uploads\/2019\/09\/Logo-Original.png","width":2236,"height":1216,"caption":"Portal Urbano"},"image":{"@id":"https:\/\/experienciadevida.com.ar\/portalurbano\/#\/schema\/logo\/image\/"},"sameAs":["https:\/\/www.facebook.com\/Portal-Urbano-171542830093757\/","https:\/\/twitter.com\/portalurbanook","https:\/\/www.instagram.com\/_portalurbano\/","https:\/\/www.youtube.com\/channel\/UCXhagIfszH8KxFiOok79zbA?view_as=subscriber"]},{"@type":"Person","@id":"https:\/\/experienciadevida.com.ar\/portalurbano\/#\/schema\/person\/02dd326b1c4b056e9cc972486934a3a7","name":"admpu17wp","image":{"@type":"ImageObject","inLanguage":"es","@id":"https:\/\/experienciadevida.com.ar\/portalurbano\/#\/schema\/person\/image\/","url":"https:\/\/secure.gravatar.com\/avatar\/830d4c57adaae6630765e449a6908047?s=96&d=mm&r=g","contentUrl":"https:\/\/secure.gravatar.com\/avatar\/830d4c57adaae6630765e449a6908047?s=96&d=mm&r=g","caption":"admpu17wp"}}]}},"featured_image_urls":{"full":["https:\/\/experienciadevida.com.ar\/portalurbano\/wp-content\/uploads\/2020\/10\/Cancer-de-mama.jpg",1280,853,false],"thumbnail":["https:\/\/experienciadevida.com.ar\/portalurbano\/wp-content\/uploads\/2020\/10\/Cancer-de-mama-150x150.jpg",150,150,true],"medium":["https:\/\/experienciadevida.com.ar\/portalurbano\/wp-content\/uploads\/2020\/10\/Cancer-de-mama-300x200.jpg",300,200,true],"medium_large":["https:\/\/experienciadevida.com.ar\/portalurbano\/wp-content\/uploads\/2020\/10\/Cancer-de-mama-768x512.jpg",640,427,true],"large":["https:\/\/experienciadevida.com.ar\/portalurbano\/wp-content\/uploads\/2020\/10\/Cancer-de-mama-1024x682.jpg",640,426,true],"ug_big":["https:\/\/experienciadevida.com.ar\/portalurbano\/wp-content\/uploads\/2020\/10\/Cancer-de-mama-768x512.jpg",768,512,true],"1536x1536":["https:\/\/experienciadevida.com.ar\/portalurbano\/wp-content\/uploads\/2020\/10\/Cancer-de-mama.jpg",1280,853,false],"2048x2048":["https:\/\/experienciadevida.com.ar\/portalurbano\/wp-content\/uploads\/2020\/10\/Cancer-de-mama.jpg",1280,853,false],"newsever-slider-full":["https:\/\/experienciadevida.com.ar\/portalurbano\/wp-content\/uploads\/2020\/10\/Cancer-de-mama.jpg",1268,845,false],"newsever-featured":["https:\/\/experienciadevida.com.ar\/portalurbano\/wp-content\/uploads\/2020\/10\/Cancer-de-mama.jpg",1024,682,false],"newsever-medium":["https:\/\/experienciadevida.com.ar\/portalurbano\/wp-content\/uploads\/2020\/10\/Cancer-de-mama.jpg",713,475,false],"web-stories-poster-portrait":["https:\/\/experienciadevida.com.ar\/portalurbano\/wp-content\/uploads\/2020\/10\/Cancer-de-mama.jpg",640,427,false],"web-stories-publisher-logo":["https:\/\/experienciadevida.com.ar\/portalurbano\/wp-content\/uploads\/2020\/10\/Cancer-de-mama.jpg",96,64,false],"web-stories-thumbnail":["https:\/\/experienciadevida.com.ar\/portalurbano\/wp-content\/uploads\/2020\/10\/Cancer-de-mama.jpg",150,100,false]},"author_info":{"display_name":"admpu17wp","author_link":"https:\/\/experienciadevida.com.ar\/portalurbano\/author\/admpu17wp\/"},"category_info":"<a href=\"https:\/\/experienciadevida.com.ar\/portalurbano\/category\/destacadas\/\" rel=\"category tag\">Destacadas<\/a> <a href=\"https:\/\/experienciadevida.com.ar\/portalurbano\/category\/ciudad\/salud\/\" rel=\"category tag\">Salud<\/a>","tag_info":"Salud","comment_count":"0","amp_enabled":true,"_links":{"self":[{"href":"https:\/\/experienciadevida.com.ar\/portalurbano\/wp-json\/wp\/v2\/posts\/124797"}],"collection":[{"href":"https:\/\/experienciadevida.com.ar\/portalurbano\/wp-json\/wp\/v2\/posts"}],"about":[{"href":"https:\/\/experienciadevida.com.ar\/portalurbano\/wp-json\/wp\/v2\/types\/post"}],"author":[{"embeddable":true,"href":"https:\/\/experienciadevida.com.ar\/portalurbano\/wp-json\/wp\/v2\/users\/1"}],"replies":[{"embeddable":true,"href":"https:\/\/experienciadevida.com.ar\/portalurbano\/wp-json\/wp\/v2\/comments?post=124797"}],"version-history":[{"count":2,"href":"https:\/\/experienciadevida.com.ar\/portalurbano\/wp-json\/wp\/v2\/posts\/124797\/revisions"}],"predecessor-version":[{"id":124800,"href":"https:\/\/experienciadevida.com.ar\/portalurbano\/wp-json\/wp\/v2\/posts\/124797\/revisions\/124800"}],"wp:featuredmedia":[{"embeddable":true,"href":"https:\/\/experienciadevida.com.ar\/portalurbano\/wp-json\/wp\/v2\/media\/124798"}],"wp:attachment":[{"href":"https:\/\/experienciadevida.com.ar\/portalurbano\/wp-json\/wp\/v2\/media?parent=124797"}],"wp:term":[{"taxonomy":"category","embeddable":true,"href":"https:\/\/experienciadevida.com.ar\/portalurbano\/wp-json\/wp\/v2\/categories?post=124797"},{"taxonomy":"post_tag","embeddable":true,"href":"https:\/\/experienciadevida.com.ar\/portalurbano\/wp-json\/wp\/v2\/tags?post=124797"}],"curies":[{"name":"wp","href":"https:\/\/api.w.org\/{rel}","templated":true}]}}