{"id":124789,"date":"2020-10-19T12:38:53","date_gmt":"2020-10-19T15:38:53","guid":{"rendered":"https:\/\/experienciadevida.com.ar\/portalurbano\/?p=124789"},"modified":"2020-10-19T12:39:28","modified_gmt":"2020-10-19T15:39:28","slug":"mesa-de-emergencia-despues-del-temporal-el-problema-de-la-vivienda-se-va-a-sentir-aun-mas","status":"publish","type":"post","link":"https:\/\/experienciadevida.com.ar\/portalurbano\/mesa-de-emergencia-despues-del-temporal-el-problema-de-la-vivienda-se-va-a-sentir-aun-mas\/","title":{"rendered":"Mesa de emergencia: &#8220;Despu\u00e9s del temporal el problema de la vivienda se va a sentir a\u00fan m\u00e1s&#8221;"},"content":{"rendered":"<p>Desde la mesa de emergencia, emitieron un comunicado en su perfil de <a href=\"https:\/\/www.facebook.com\/mesaemergenciasolavarria\">facebook<\/a>,\u00a0<strong>despu\u00e9s del temporal<\/strong> que vivi\u00f3 anoche la ciudad. &#8220;<em>El problema de la vivienda se va a sentir a\u00fan m\u00e1s&#8221;,<\/em> remarcaron.<\/p>\n<p><em>&#8220;Queremos hacer llegar tranquilidad de que en el acampe ya estamos a salvo, no se la pas\u00f3 para nada bien ya que dos de las carpas se desarmaron y rompieron \u00edntegras llegando una de ellas hasta el medio de la calle, quienes nos encontr\u00e1bamos en el lugar sostuvimos manualmente una de las carpas durante el viento y lluvia m\u00e1s intenso. Perdimos gran parte de los insumos con los que cont\u00e1bamos en mercader\u00eda, colchones y abrigo&#8221;.<\/em><\/p>\n<p>Por otro lado mencionaron que\u00a0<strong>despu\u00e9s del temporal<\/strong>\u00a0&#8220;<em>una vez que el gran viento calm\u00f3 y apenas logramos levantar la cabeza para ver la destrucci\u00f3n, la solidaridad de la gente comenz\u00f3 a llegar, apersonandose en el lugar y comunicandose con los tel\u00e9fonos a distintos referente y medios, de esta manera logramos reconstruir algo de todo lo que se destruyo&#8221;.<\/em><\/p>\n<p><em>&#8220;A esta altura solo nos queda creer que los funcionarios municipales estar\u00e1n contentos porque ya no estaremos en el paseo Jesus Mendia reclamando, lejos de eso queremos decir que estas son las cosas que nos hacen m\u00e1s fuerte, los llamados de apoyo y solidaridad con la causa emprendida se multiplican y nos reafirman en que la lucha que llevamos adelante es correcta, leg\u00edtima y genuina&#8221;.<\/em><\/p>\n<p>A su vez mencionaron que &#8220;<em>nadie del Municpio vino a ver c\u00f3mo estaban las familias que aqu\u00ed acampan desde hace 20 d\u00edas pero llego la gente y ma\u00f1ana vamos a amanecer rearmando el campamento y volviendo a empezar, \u00bfporque saben que? Despu\u00e9s de este temporal, el problema de la vivienda se va a hacer sentir a\u00fan m\u00e1s&#8221;.\u00a0\u00a0<\/em><\/p>\n","protected":false},"excerpt":{"rendered":"<p>Desde la mesa de emergencia, emitieron un comunicado en su perfil de facebook,\u00a0despu\u00e9s del temporal&#8230;<\/p>\n","protected":false},"author":1,"featured_media":124790,"comment_status":"closed","ping_status":"closed","sticky":false,"template":"","format":"standard","meta":{"content-type":""},"categories":[27,51],"tags":[],"nelio_content":{"isAutoShareEnabled":false,"autoShareEndMode":"default","automationSources":{"useContentSentences":true,"useSocialTemplates":true,"useCustomSentences":false,"customSentences":[]},"followers":[1],"suggestedReferences":[],"includedReferences":[],"efiUrl":"","efiAlt":"","highlights":[]},"yoast_head":"<!-- This site is optimized with the Yoast SEO plugin v20.7 - https:\/\/yoast.com\/wordpress\/plugins\/seo\/ -->\n<title>Mesa de emergencia:&quot;Despu\u00e9s del temporal el problema se va a sentir&quot;<\/title>\n<meta name=\"description\" content=\"Desde la mesa de emergencia, emitieron un comunicado en su perfil de facebook,\u00a0despu\u00e9s del temporal que vivi\u00f3 anoche la ciudad.\" \/>\n<meta name=\"robots\" content=\"index, follow, max-snippet:-1, max-image-preview:large, max-video-preview:-1\" \/>\n<link rel=\"canonical\" href=\"https:\/\/experienciadevida.com.ar\/portalurbano\/mesa-de-emergencia-despues-del-temporal-el-problema-de-la-vivienda-se-va-a-sentir-aun-mas\/\" \/>\n<meta property=\"og:locale\" content=\"es_ES\" \/>\n<meta property=\"og:type\" content=\"article\" \/>\n<meta property=\"og:title\" content=\"Mesa de emergencia:&quot;Despu\u00e9s del temporal el problema se va a sentir&quot;\" \/>\n<meta property=\"og:description\" content=\"Desde la mesa de emergencia, emitieron un comunicado en su perfil de facebook,\u00a0despu\u00e9s del temporal que vivi\u00f3 anoche la ciudad.\" \/>\n<meta property=\"og:url\" content=\"https:\/\/experienciadevida.com.ar\/portalurbano\/mesa-de-emergencia-despues-del-temporal-el-problema-de-la-vivienda-se-va-a-sentir-aun-mas\/\" \/>\n<meta property=\"article:publisher\" content=\"https:\/\/www.facebook.com\/Portal-Urbano-171542830093757\/\" \/>\n<meta property=\"article:published_time\" content=\"2020-10-19T15:38:53+00:00\" \/>\n<meta property=\"article:modified_time\" content=\"2020-10-19T15:39:28+00:00\" \/>\n<meta property=\"og:image\" content=\"https:\/\/experienciadevida.com.ar\/portalurbano\/wp-content\/uploads\/2020\/10\/Despues-del-temporal.jpg\" \/>\n\t<meta property=\"og:image:width\" content=\"765\" \/>\n\t<meta property=\"og:image:height\" content=\"430\" \/>\n\t<meta property=\"og:image:type\" content=\"image\/jpeg\" \/>\n<meta name=\"author\" content=\"admpu17wp\" \/>\n<meta name=\"twitter:card\" content=\"summary_large_image\" \/>\n<meta name=\"twitter:creator\" content=\"@portalurbanook\" \/>\n<meta name=\"twitter:site\" content=\"@portalurbanook\" \/>\n<meta name=\"twitter:label1\" content=\"Escrito por\" \/>\n\t<meta name=\"twitter:data1\" content=\"admpu17wp\" \/>\n\t<meta name=\"twitter:label2\" content=\"Tiempo de lectura\" \/>\n\t<meta name=\"twitter:data2\" content=\"2 minutos\" \/>\n<script type=\"application\/ld+json\" class=\"yoast-schema-graph\">{\"@context\":\"https:\/\/schema.org\",\"@graph\":[{\"@type\":\"Article\",\"@id\":\"https:\/\/experienciadevida.com.ar\/portalurbano\/mesa-de-emergencia-despues-del-temporal-el-problema-de-la-vivienda-se-va-a-sentir-aun-mas\/#article\",\"isPartOf\":{\"@id\":\"https:\/\/experienciadevida.com.ar\/portalurbano\/mesa-de-emergencia-despues-del-temporal-el-problema-de-la-vivienda-se-va-a-sentir-aun-mas\/\"},\"author\":{\"name\":\"admpu17wp\",\"@id\":\"https:\/\/experienciadevida.com.ar\/portalurbano\/#\/schema\/person\/02dd326b1c4b056e9cc972486934a3a7\"},\"headline\":\"Mesa de emergencia: &#8220;Despu\u00e9s del temporal el problema de la vivienda se va a sentir a\u00fan m\u00e1s&#8221;\",\"datePublished\":\"2020-10-19T15:38:53+00:00\",\"dateModified\":\"2020-10-19T15:39:28+00:00\",\"mainEntityOfPage\":{\"@id\":\"https:\/\/experienciadevida.com.ar\/portalurbano\/mesa-de-emergencia-despues-del-temporal-el-problema-de-la-vivienda-se-va-a-sentir-aun-mas\/\"},\"wordCount\":327,\"publisher\":{\"@id\":\"https:\/\/experienciadevida.com.ar\/portalurbano\/#organization\"},\"articleSection\":[\"Ciudad\",\"Destacadas\"],\"inLanguage\":\"es\"},{\"@type\":\"WebPage\",\"@id\":\"https:\/\/experienciadevida.com.ar\/portalurbano\/mesa-de-emergencia-despues-del-temporal-el-problema-de-la-vivienda-se-va-a-sentir-aun-mas\/\",\"url\":\"https:\/\/experienciadevida.com.ar\/portalurbano\/mesa-de-emergencia-despues-del-temporal-el-problema-de-la-vivienda-se-va-a-sentir-aun-mas\/\",\"name\":\"Mesa de emergencia:\\\"Despu\u00e9s del temporal el problema se va a sentir\\\"\",\"isPartOf\":{\"@id\":\"https:\/\/experienciadevida.com.ar\/portalurbano\/#website\"},\"datePublished\":\"2020-10-19T15:38:53+00:00\",\"dateModified\":\"2020-10-19T15:39:28+00:00\",\"description\":\"Desde la mesa de emergencia, emitieron un comunicado en su perfil de facebook,\u00a0despu\u00e9s del temporal que vivi\u00f3 anoche la ciudad.\",\"breadcrumb\":{\"@id\":\"https:\/\/experienciadevida.com.ar\/portalurbano\/mesa-de-emergencia-despues-del-temporal-el-problema-de-la-vivienda-se-va-a-sentir-aun-mas\/#breadcrumb\"},\"inLanguage\":\"es\",\"potentialAction\":[{\"@type\":\"ReadAction\",\"target\":[\"https:\/\/experienciadevida.com.ar\/portalurbano\/mesa-de-emergencia-despues-del-temporal-el-problema-de-la-vivienda-se-va-a-sentir-aun-mas\/\"]}]},{\"@type\":\"BreadcrumbList\",\"@id\":\"https:\/\/experienciadevida.com.ar\/portalurbano\/mesa-de-emergencia-despues-del-temporal-el-problema-de-la-vivienda-se-va-a-sentir-aun-mas\/#breadcrumb\",\"itemListElement\":[{\"@type\":\"ListItem\",\"position\":1,\"name\":\"Portada\",\"item\":\"https:\/\/experienciadevida.com.ar\/portalurbano\/\"},{\"@type\":\"ListItem\",\"position\":2,\"name\":\"Mesa de emergencia: \u00abDespu\u00e9s del temporal el problema de la vivienda se va a sentir a\u00fan m\u00e1s\u00bb\"}]},{\"@type\":\"WebSite\",\"@id\":\"https:\/\/experienciadevida.com.ar\/portalurbano\/#website\",\"url\":\"https:\/\/experienciadevida.com.ar\/portalurbano\/\",\"name\":\"\",\"description\":\"\",\"publisher\":{\"@id\":\"https:\/\/experienciadevida.com.ar\/portalurbano\/#organization\"},\"potentialAction\":[{\"@type\":\"SearchAction\",\"target\":{\"@type\":\"EntryPoint\",\"urlTemplate\":\"https:\/\/experienciadevida.com.ar\/portalurbano\/?s={search_term_string}\"},\"query-input\":\"required name=search_term_string\"}],\"inLanguage\":\"es\"},{\"@type\":\"Organization\",\"@id\":\"https:\/\/experienciadevida.com.ar\/portalurbano\/#organization\",\"name\":\"Portal Urbano\",\"url\":\"https:\/\/experienciadevida.com.ar\/portalurbano\/\",\"logo\":{\"@type\":\"ImageObject\",\"inLanguage\":\"es\",\"@id\":\"https:\/\/experienciadevida.com.ar\/portalurbano\/#\/schema\/logo\/image\/\",\"url\":\"https:\/\/experienciadevida.com.ar\/portalurbano\/wp-content\/uploads\/2019\/09\/Logo-Original.png\",\"contentUrl\":\"https:\/\/experienciadevida.com.ar\/portalurbano\/wp-content\/uploads\/2019\/09\/Logo-Original.png\",\"width\":2236,\"height\":1216,\"caption\":\"Portal Urbano\"},\"image\":{\"@id\":\"https:\/\/experienciadevida.com.ar\/portalurbano\/#\/schema\/logo\/image\/\"},\"sameAs\":[\"https:\/\/www.facebook.com\/Portal-Urbano-171542830093757\/\",\"https:\/\/twitter.com\/portalurbanook\",\"https:\/\/www.instagram.com\/_portalurbano\/\",\"https:\/\/www.youtube.com\/channel\/UCXhagIfszH8KxFiOok79zbA?view_as=subscriber\"]},{\"@type\":\"Person\",\"@id\":\"https:\/\/experienciadevida.com.ar\/portalurbano\/#\/schema\/person\/02dd326b1c4b056e9cc972486934a3a7\",\"name\":\"admpu17wp\",\"image\":{\"@type\":\"ImageObject\",\"inLanguage\":\"es\",\"@id\":\"https:\/\/experienciadevida.com.ar\/portalurbano\/#\/schema\/person\/image\/\",\"url\":\"https:\/\/secure.gravatar.com\/avatar\/830d4c57adaae6630765e449a6908047?s=96&d=mm&r=g\",\"contentUrl\":\"https:\/\/secure.gravatar.com\/avatar\/830d4c57adaae6630765e449a6908047?s=96&d=mm&r=g\",\"caption\":\"admpu17wp\"}}]}<\/script>\n<!-- \/ Yoast SEO plugin. -->","yoast_head_json":{"title":"Mesa de emergencia:\"Despu\u00e9s del temporal el problema se va a sentir\"","description":"Desde la mesa de emergencia, emitieron un comunicado en su perfil de facebook,\u00a0despu\u00e9s del temporal que vivi\u00f3 anoche la ciudad.","robots":{"index":"index","follow":"follow","max-snippet":"max-snippet:-1","max-image-preview":"max-image-preview:large","max-video-preview":"max-video-preview:-1"},"canonical":"https:\/\/experienciadevida.com.ar\/portalurbano\/mesa-de-emergencia-despues-del-temporal-el-problema-de-la-vivienda-se-va-a-sentir-aun-mas\/","og_locale":"es_ES","og_type":"article","og_title":"Mesa de emergencia:\"Despu\u00e9s del temporal el problema se va a sentir\"","og_description":"Desde la mesa de emergencia, emitieron un comunicado en su perfil de facebook,\u00a0despu\u00e9s del temporal que vivi\u00f3 anoche la ciudad.","og_url":"https:\/\/experienciadevida.com.ar\/portalurbano\/mesa-de-emergencia-despues-del-temporal-el-problema-de-la-vivienda-se-va-a-sentir-aun-mas\/","article_publisher":"https:\/\/www.facebook.com\/Portal-Urbano-171542830093757\/","article_published_time":"2020-10-19T15:38:53+00:00","article_modified_time":"2020-10-19T15:39:28+00:00","og_image":[{"width":765,"height":430,"url":"https:\/\/experienciadevida.com.ar\/portalurbano\/wp-content\/uploads\/2020\/10\/Despues-del-temporal.jpg","type":"image\/jpeg"}],"author":"admpu17wp","twitter_card":"summary_large_image","twitter_creator":"@portalurbanook","twitter_site":"@portalurbanook","twitter_misc":{"Escrito por":"admpu17wp","Tiempo de lectura":"2 minutos"},"schema":{"@context":"https:\/\/schema.org","@graph":[{"@type":"Article","@id":"https:\/\/experienciadevida.com.ar\/portalurbano\/mesa-de-emergencia-despues-del-temporal-el-problema-de-la-vivienda-se-va-a-sentir-aun-mas\/#article","isPartOf":{"@id":"https:\/\/experienciadevida.com.ar\/portalurbano\/mesa-de-emergencia-despues-del-temporal-el-problema-de-la-vivienda-se-va-a-sentir-aun-mas\/"},"author":{"name":"admpu17wp","@id":"https:\/\/experienciadevida.com.ar\/portalurbano\/#\/schema\/person\/02dd326b1c4b056e9cc972486934a3a7"},"headline":"Mesa de emergencia: &#8220;Despu\u00e9s del temporal el problema de la vivienda se va a sentir a\u00fan m\u00e1s&#8221;","datePublished":"2020-10-19T15:38:53+00:00","dateModified":"2020-10-19T15:39:28+00:00","mainEntityOfPage":{"@id":"https:\/\/experienciadevida.com.ar\/portalurbano\/mesa-de-emergencia-despues-del-temporal-el-problema-de-la-vivienda-se-va-a-sentir-aun-mas\/"},"wordCount":327,"publisher":{"@id":"https:\/\/experienciadevida.com.ar\/portalurbano\/#organization"},"articleSection":["Ciudad","Destacadas"],"inLanguage":"es"},{"@type":"WebPage","@id":"https:\/\/experienciadevida.com.ar\/portalurbano\/mesa-de-emergencia-despues-del-temporal-el-problema-de-la-vivienda-se-va-a-sentir-aun-mas\/","url":"https:\/\/experienciadevida.com.ar\/portalurbano\/mesa-de-emergencia-despues-del-temporal-el-problema-de-la-vivienda-se-va-a-sentir-aun-mas\/","name":"Mesa de emergencia:\"Despu\u00e9s del temporal el problema se va a sentir\"","isPartOf":{"@id":"https:\/\/experienciadevida.com.ar\/portalurbano\/#website"},"datePublished":"2020-10-19T15:38:53+00:00","dateModified":"2020-10-19T15:39:28+00:00","description":"Desde la mesa de emergencia, emitieron un comunicado en su perfil de facebook,\u00a0despu\u00e9s del temporal que vivi\u00f3 anoche la ciudad.","breadcrumb":{"@id":"https:\/\/experienciadevida.com.ar\/portalurbano\/mesa-de-emergencia-despues-del-temporal-el-problema-de-la-vivienda-se-va-a-sentir-aun-mas\/#breadcrumb"},"inLanguage":"es","potentialAction":[{"@type":"ReadAction","target":["https:\/\/experienciadevida.com.ar\/portalurbano\/mesa-de-emergencia-despues-del-temporal-el-problema-de-la-vivienda-se-va-a-sentir-aun-mas\/"]}]},{"@type":"BreadcrumbList","@id":"https:\/\/experienciadevida.com.ar\/portalurbano\/mesa-de-emergencia-despues-del-temporal-el-problema-de-la-vivienda-se-va-a-sentir-aun-mas\/#breadcrumb","itemListElement":[{"@type":"ListItem","position":1,"name":"Portada","item":"https:\/\/experienciadevida.com.ar\/portalurbano\/"},{"@type":"ListItem","position":2,"name":"Mesa de emergencia: \u00abDespu\u00e9s del temporal el problema de la vivienda se va a sentir a\u00fan m\u00e1s\u00bb"}]},{"@type":"WebSite","@id":"https:\/\/experienciadevida.com.ar\/portalurbano\/#website","url":"https:\/\/experienciadevida.com.ar\/portalurbano\/","name":"","description":"","publisher":{"@id":"https:\/\/experienciadevida.com.ar\/portalurbano\/#organization"},"potentialAction":[{"@type":"SearchAction","target":{"@type":"EntryPoint","urlTemplate":"https:\/\/experienciadevida.com.ar\/portalurbano\/?s={search_term_string}"},"query-input":"required name=search_term_string"}],"inLanguage":"es"},{"@type":"Organization","@id":"https:\/\/experienciadevida.com.ar\/portalurbano\/#organization","name":"Portal Urbano","url":"https:\/\/experienciadevida.com.ar\/portalurbano\/","logo":{"@type":"ImageObject","inLanguage":"es","@id":"https:\/\/experienciadevida.com.ar\/portalurbano\/#\/schema\/logo\/image\/","url":"https:\/\/experienciadevida.com.ar\/portalurbano\/wp-content\/uploads\/2019\/09\/Logo-Original.png","contentUrl":"https:\/\/experienciadevida.com.ar\/portalurbano\/wp-content\/uploads\/2019\/09\/Logo-Original.png","width":2236,"height":1216,"caption":"Portal Urbano"},"image":{"@id":"https:\/\/experienciadevida.com.ar\/portalurbano\/#\/schema\/logo\/image\/"},"sameAs":["https:\/\/www.facebook.com\/Portal-Urbano-171542830093757\/","https:\/\/twitter.com\/portalurbanook","https:\/\/www.instagram.com\/_portalurbano\/","https:\/\/www.youtube.com\/channel\/UCXhagIfszH8KxFiOok79zbA?view_as=subscriber"]},{"@type":"Person","@id":"https:\/\/experienciadevida.com.ar\/portalurbano\/#\/schema\/person\/02dd326b1c4b056e9cc972486934a3a7","name":"admpu17wp","image":{"@type":"ImageObject","inLanguage":"es","@id":"https:\/\/experienciadevida.com.ar\/portalurbano\/#\/schema\/person\/image\/","url":"https:\/\/secure.gravatar.com\/avatar\/830d4c57adaae6630765e449a6908047?s=96&d=mm&r=g","contentUrl":"https:\/\/secure.gravatar.com\/avatar\/830d4c57adaae6630765e449a6908047?s=96&d=mm&r=g","caption":"admpu17wp"}}]}},"featured_image_urls":{"full":["https:\/\/experienciadevida.com.ar\/portalurbano\/wp-content\/uploads\/2020\/10\/Despues-del-temporal.jpg",765,430,false],"thumbnail":["https:\/\/experienciadevida.com.ar\/portalurbano\/wp-content\/uploads\/2020\/10\/Despues-del-temporal-150x150.jpg",150,150,true],"medium":["https:\/\/experienciadevida.com.ar\/portalurbano\/wp-content\/uploads\/2020\/10\/Despues-del-temporal-300x169.jpg",300,169,true],"medium_large":["https:\/\/experienciadevida.com.ar\/portalurbano\/wp-content\/uploads\/2020\/10\/Despues-del-temporal.jpg",640,360,false],"large":["https:\/\/experienciadevida.com.ar\/portalurbano\/wp-content\/uploads\/2020\/10\/Despues-del-temporal.jpg",640,360,false],"ug_big":["https:\/\/experienciadevida.com.ar\/portalurbano\/wp-content\/uploads\/2020\/10\/Despues-del-temporal.jpg",765,430,false],"1536x1536":["https:\/\/experienciadevida.com.ar\/portalurbano\/wp-content\/uploads\/2020\/10\/Despues-del-temporal.jpg",765,430,false],"2048x2048":["https:\/\/experienciadevida.com.ar\/portalurbano\/wp-content\/uploads\/2020\/10\/Despues-del-temporal.jpg",765,430,false],"newsever-slider-full":["https:\/\/experienciadevida.com.ar\/portalurbano\/wp-content\/uploads\/2020\/10\/Despues-del-temporal.jpg",765,430,false],"newsever-featured":["https:\/\/experienciadevida.com.ar\/portalurbano\/wp-content\/uploads\/2020\/10\/Despues-del-temporal.jpg",765,430,false],"newsever-medium":["https:\/\/experienciadevida.com.ar\/portalurbano\/wp-content\/uploads\/2020\/10\/Despues-del-temporal.jpg",720,405,false],"web-stories-poster-portrait":["https:\/\/experienciadevida.com.ar\/portalurbano\/wp-content\/uploads\/2020\/10\/Despues-del-temporal.jpg",640,360,false],"web-stories-publisher-logo":["https:\/\/experienciadevida.com.ar\/portalurbano\/wp-content\/uploads\/2020\/10\/Despues-del-temporal.jpg",96,54,false],"web-stories-thumbnail":["https:\/\/experienciadevida.com.ar\/portalurbano\/wp-content\/uploads\/2020\/10\/Despues-del-temporal.jpg",150,84,false]},"author_info":{"display_name":"admpu17wp","author_link":"https:\/\/experienciadevida.com.ar\/portalurbano\/author\/admpu17wp\/"},"category_info":"<a href=\"https:\/\/experienciadevida.com.ar\/portalurbano\/category\/ciudad\/\" rel=\"category tag\">Ciudad<\/a> <a href=\"https:\/\/experienciadevida.com.ar\/portalurbano\/category\/destacadas\/\" rel=\"category tag\">Destacadas<\/a>","tag_info":"Destacadas","comment_count":"0","amp_enabled":true,"_links":{"self":[{"href":"https:\/\/experienciadevida.com.ar\/portalurbano\/wp-json\/wp\/v2\/posts\/124789"}],"collection":[{"href":"https:\/\/experienciadevida.com.ar\/portalurbano\/wp-json\/wp\/v2\/posts"}],"about":[{"href":"https:\/\/experienciadevida.com.ar\/portalurbano\/wp-json\/wp\/v2\/types\/post"}],"author":[{"embeddable":true,"href":"https:\/\/experienciadevida.com.ar\/portalurbano\/wp-json\/wp\/v2\/users\/1"}],"replies":[{"embeddable":true,"href":"https:\/\/experienciadevida.com.ar\/portalurbano\/wp-json\/wp\/v2\/comments?post=124789"}],"version-history":[{"count":2,"href":"https:\/\/experienciadevida.com.ar\/portalurbano\/wp-json\/wp\/v2\/posts\/124789\/revisions"}],"predecessor-version":[{"id":124792,"href":"https:\/\/experienciadevida.com.ar\/portalurbano\/wp-json\/wp\/v2\/posts\/124789\/revisions\/124792"}],"wp:featuredmedia":[{"embeddable":true,"href":"https:\/\/experienciadevida.com.ar\/portalurbano\/wp-json\/wp\/v2\/media\/124790"}],"wp:attachment":[{"href":"https:\/\/experienciadevida.com.ar\/portalurbano\/wp-json\/wp\/v2\/media?parent=124789"}],"wp:term":[{"taxonomy":"category","embeddable":true,"href":"https:\/\/experienciadevida.com.ar\/portalurbano\/wp-json\/wp\/v2\/categories?post=124789"},{"taxonomy":"post_tag","embeddable":true,"href":"https:\/\/experienciadevida.com.ar\/portalurbano\/wp-json\/wp\/v2\/tags?post=124789"}],"curies":[{"name":"wp","href":"https:\/\/api.w.org\/{rel}","templated":true}]}}