{"id":124667,"date":"2020-10-18T11:32:01","date_gmt":"2020-10-18T14:32:01","guid":{"rendered":"https:\/\/experienciadevida.com.ar\/portalurbano\/?p=124667"},"modified":"2020-10-18T11:33:47","modified_gmt":"2020-10-18T14:33:47","slug":"galli-y-bertellys-recorrieron-el-parque-eolico-los-teros","status":"publish","type":"post","link":"https:\/\/experienciadevida.com.ar\/portalurbano\/galli-y-bertellys-recorrieron-el-parque-eolico-los-teros\/","title":{"rendered":"Galli y Bertellys recorrieron el Parque E\u00f3lico Los Teros"},"content":{"rendered":"<p>El intendente <a href=\"https:\/\/www.facebook.com\/galliezequiel\">Ezequiel Galli<\/a> junto a su par de Azul Hern\u00e1n Bertellys recorrieron el<strong> Parque E\u00f3lico<\/strong> \u201cLos Teros\u201d, donde ya se encuentran en funcionamiento los 32 aerogeneradores.<\/p>\n<p><a href=\"https:\/\/experienciadevida.com.ar\/portalurbano\/galli-y-bertellys-recorrieron-el-parque-eolico-los-teros\/parque-4\/\" rel=\"attachment wp-att-124670\"><img decoding=\"async\" class=\"alignnone size-full wp-image-124670\" src=\"https:\/\/experienciadevida.com.ar\/portalurbano\/wp-content\/uploads\/2020\/10\/Parque-1.jpg\" alt=\"Parque \" width=\"1968\" height=\"1312\" srcset=\"https:\/\/experienciadevida.com.ar\/portalurbano\/wp-content\/uploads\/2020\/10\/Parque-1.jpg 1968w, https:\/\/experienciadevida.com.ar\/portalurbano\/wp-content\/uploads\/2020\/10\/Parque-1-300x200.jpg 300w, https:\/\/experienciadevida.com.ar\/portalurbano\/wp-content\/uploads\/2020\/10\/Parque-1-1024x683.jpg 1024w, https:\/\/experienciadevida.com.ar\/portalurbano\/wp-content\/uploads\/2020\/10\/Parque-1-768x512.jpg 768w, https:\/\/experienciadevida.com.ar\/portalurbano\/wp-content\/uploads\/2020\/10\/Parque-1-1536x1024.jpg 1536w\" sizes=\"(max-width: 1968px) 100vw, 1968px\" \/><\/a><\/p>\n<p>Durante la recorrida por Los Teros, los intendentes estuvieron acompa\u00f1ados por los Secretarios de Gobierno de Azul y Olavarr\u00eda, Alejandro Vieyra e Hilario Galli respectivamente.<\/p>\n<p>Seg\u00fan informaron los responsables t\u00e9cnicos, la obra contin\u00faa con la operaci\u00f3n aportando energ\u00eda a la red y la conclusi\u00f3n de la segunda parte del parque con trece aerogeneradores adicionales.<\/p>\n<p>\u201cEs un orgullo para la regi\u00f3n que Azul pueda contar con el <strong>parque e\u00f3lico<\/strong> m\u00e1s grande del pa\u00eds y para nosotros como olavarrienses es un hecho muy importante porque hemos aportado mano de obra local para el desarrollo de Los Teros\u201d, indic\u00f3 Galli al finalizar la recorrida.<\/p>\n<p>\u201cDesde el inicio del proyecto del Parque hemos estado trabajando de manera conjunta con Hern\u00e1n y a la hora de contratar trabajadores e insumos nuestra ciudad siempre estuvo considerada para realizar el aporte que sea necesario\u201d, agreg\u00f3.<\/p>\n<p>Por otra parte, Ezequiel Galli se refiri\u00f3 a los beneficios medioambientales de Los Teros y el <strong>parque e\u00f3lico <\/strong>y expres\u00f3: \u201cestamos ante un desarrollo energ\u00e9tico que no necesita de grandes consumos de hidrocarburos ni fuentes de energ\u00eda contaminantes como el carb\u00f3n\u201d.<\/p>\n<p>Al respecto, el intendente de Olavarr\u00eda indic\u00f3 que \u201chay una tendencia en todo el mundo de reducir el impacto ambiental generado por los hidrocarburos y el carb\u00f3n. Y esta inversi\u00f3n millonaria es parte de una excelente pol\u00edtica de energ\u00edas renovables que llevaron adelante los gobiernos de Mauricio Macri en la Naci\u00f3n y Mar\u00eda Eugenia Vidal en la Provincia\u201d.<\/p>\n<p>\u201cPor eso es un privilegio para todos los habitantes de la regi\u00f3n que la vecina ciudad de Azul haya sido elegida hace dos a\u00f1os por YPF para la instalaci\u00f3n del <strong>Parque E\u00f3lico<\/strong> Los Teros\u201d, a\u00f1adi\u00f3 Galli.<\/p>\n<p>Finalmente, el mandatario local asegur\u00f3: \u201cesta puesta en funcionamiento del Parque es un motivo para celebrar y para felicitar al Gobierno Municipal de Azul que generaron las condiciones para que se pueda desarrollar semejante infraestructura\u201d.<\/p>\n","protected":false},"excerpt":{"rendered":"<p>El intendente Ezequiel Galli junto a su par de Azul Hern\u00e1n Bertellys recorrieron el Parque&#8230;<\/p>\n","protected":false},"author":1,"featured_media":124668,"comment_status":"closed","ping_status":"closed","sticky":false,"template":"","format":"standard","meta":{"content-type":""},"categories":[27,51],"tags":[],"nelio_content":{"isAutoShareEnabled":false,"autoShareEndMode":"default","automationSources":{"useContentSentences":true,"useSocialTemplates":true,"useCustomSentences":false,"customSentences":[]},"followers":[1],"suggestedReferences":[],"includedReferences":[],"efiUrl":"","efiAlt":"","highlights":[]},"yoast_head":"<!-- This site is optimized with the Yoast SEO plugin v20.7 - https:\/\/yoast.com\/wordpress\/plugins\/seo\/ -->\n<title>Galli y Bertellys recorrieron el parque e\u00f3lico Los Teros<\/title>\n<meta name=\"description\" content=\"Galli junto a su par de Azul Hern\u00e1n Bertellys recorrieron el Parque E\u00f3lico \u201cLos Teros\u201d, donde ya se encuentran en funcionamiento.\" \/>\n<meta name=\"robots\" content=\"index, follow, max-snippet:-1, max-image-preview:large, max-video-preview:-1\" \/>\n<link rel=\"canonical\" href=\"https:\/\/experienciadevida.com.ar\/portalurbano\/galli-y-bertellys-recorrieron-el-parque-eolico-los-teros\/\" \/>\n<meta property=\"og:locale\" content=\"es_ES\" \/>\n<meta property=\"og:type\" content=\"article\" \/>\n<meta property=\"og:title\" content=\"Galli y Bertellys recorrieron el parque e\u00f3lico Los Teros\" \/>\n<meta property=\"og:description\" content=\"Galli junto a su par de Azul Hern\u00e1n Bertellys recorrieron el Parque E\u00f3lico \u201cLos Teros\u201d, donde ya se encuentran en funcionamiento.\" \/>\n<meta property=\"og:url\" content=\"https:\/\/experienciadevida.com.ar\/portalurbano\/galli-y-bertellys-recorrieron-el-parque-eolico-los-teros\/\" \/>\n<meta property=\"article:publisher\" content=\"https:\/\/www.facebook.com\/Portal-Urbano-171542830093757\/\" \/>\n<meta property=\"article:published_time\" content=\"2020-10-18T14:32:01+00:00\" \/>\n<meta property=\"article:modified_time\" content=\"2020-10-18T14:33:47+00:00\" \/>\n<meta property=\"og:image\" content=\"https:\/\/experienciadevida.com.ar\/portalurbano\/wp-content\/uploads\/2020\/10\/Parque-eolico.jpg\" \/>\n\t<meta property=\"og:image:width\" content=\"1968\" \/>\n\t<meta property=\"og:image:height\" content=\"1312\" \/>\n\t<meta property=\"og:image:type\" content=\"image\/jpeg\" \/>\n<meta name=\"author\" content=\"admpu17wp\" \/>\n<meta name=\"twitter:card\" content=\"summary_large_image\" \/>\n<meta name=\"twitter:creator\" content=\"@portalurbanook\" \/>\n<meta name=\"twitter:site\" content=\"@portalurbanook\" \/>\n<meta name=\"twitter:label1\" content=\"Escrito por\" \/>\n\t<meta name=\"twitter:data1\" content=\"admpu17wp\" \/>\n\t<meta name=\"twitter:label2\" content=\"Tiempo de lectura\" \/>\n\t<meta name=\"twitter:data2\" content=\"2 minutos\" \/>\n<script type=\"application\/ld+json\" class=\"yoast-schema-graph\">{\"@context\":\"https:\/\/schema.org\",\"@graph\":[{\"@type\":\"Article\",\"@id\":\"https:\/\/experienciadevida.com.ar\/portalurbano\/galli-y-bertellys-recorrieron-el-parque-eolico-los-teros\/#article\",\"isPartOf\":{\"@id\":\"https:\/\/experienciadevida.com.ar\/portalurbano\/galli-y-bertellys-recorrieron-el-parque-eolico-los-teros\/\"},\"author\":{\"name\":\"admpu17wp\",\"@id\":\"https:\/\/experienciadevida.com.ar\/portalurbano\/#\/schema\/person\/02dd326b1c4b056e9cc972486934a3a7\"},\"headline\":\"Galli y Bertellys recorrieron el Parque E\u00f3lico Los Teros\",\"datePublished\":\"2020-10-18T14:32:01+00:00\",\"dateModified\":\"2020-10-18T14:33:47+00:00\",\"mainEntityOfPage\":{\"@id\":\"https:\/\/experienciadevida.com.ar\/portalurbano\/galli-y-bertellys-recorrieron-el-parque-eolico-los-teros\/\"},\"wordCount\":375,\"publisher\":{\"@id\":\"https:\/\/experienciadevida.com.ar\/portalurbano\/#organization\"},\"articleSection\":[\"Ciudad\",\"Destacadas\"],\"inLanguage\":\"es\"},{\"@type\":\"WebPage\",\"@id\":\"https:\/\/experienciadevida.com.ar\/portalurbano\/galli-y-bertellys-recorrieron-el-parque-eolico-los-teros\/\",\"url\":\"https:\/\/experienciadevida.com.ar\/portalurbano\/galli-y-bertellys-recorrieron-el-parque-eolico-los-teros\/\",\"name\":\"Galli y Bertellys recorrieron el parque e\u00f3lico Los Teros\",\"isPartOf\":{\"@id\":\"https:\/\/experienciadevida.com.ar\/portalurbano\/#website\"},\"datePublished\":\"2020-10-18T14:32:01+00:00\",\"dateModified\":\"2020-10-18T14:33:47+00:00\",\"description\":\"Galli junto a su par de Azul Hern\u00e1n Bertellys recorrieron el Parque E\u00f3lico \u201cLos Teros\u201d, donde ya se encuentran en funcionamiento.\",\"breadcrumb\":{\"@id\":\"https:\/\/experienciadevida.com.ar\/portalurbano\/galli-y-bertellys-recorrieron-el-parque-eolico-los-teros\/#breadcrumb\"},\"inLanguage\":\"es\",\"potentialAction\":[{\"@type\":\"ReadAction\",\"target\":[\"https:\/\/experienciadevida.com.ar\/portalurbano\/galli-y-bertellys-recorrieron-el-parque-eolico-los-teros\/\"]}]},{\"@type\":\"BreadcrumbList\",\"@id\":\"https:\/\/experienciadevida.com.ar\/portalurbano\/galli-y-bertellys-recorrieron-el-parque-eolico-los-teros\/#breadcrumb\",\"itemListElement\":[{\"@type\":\"ListItem\",\"position\":1,\"name\":\"Portada\",\"item\":\"https:\/\/experienciadevida.com.ar\/portalurbano\/\"},{\"@type\":\"ListItem\",\"position\":2,\"name\":\"Galli y Bertellys recorrieron el Parque E\u00f3lico Los Teros\"}]},{\"@type\":\"WebSite\",\"@id\":\"https:\/\/experienciadevida.com.ar\/portalurbano\/#website\",\"url\":\"https:\/\/experienciadevida.com.ar\/portalurbano\/\",\"name\":\"\",\"description\":\"\",\"publisher\":{\"@id\":\"https:\/\/experienciadevida.com.ar\/portalurbano\/#organization\"},\"potentialAction\":[{\"@type\":\"SearchAction\",\"target\":{\"@type\":\"EntryPoint\",\"urlTemplate\":\"https:\/\/experienciadevida.com.ar\/portalurbano\/?s={search_term_string}\"},\"query-input\":\"required name=search_term_string\"}],\"inLanguage\":\"es\"},{\"@type\":\"Organization\",\"@id\":\"https:\/\/experienciadevida.com.ar\/portalurbano\/#organization\",\"name\":\"Portal Urbano\",\"url\":\"https:\/\/experienciadevida.com.ar\/portalurbano\/\",\"logo\":{\"@type\":\"ImageObject\",\"inLanguage\":\"es\",\"@id\":\"https:\/\/experienciadevida.com.ar\/portalurbano\/#\/schema\/logo\/image\/\",\"url\":\"https:\/\/experienciadevida.com.ar\/portalurbano\/wp-content\/uploads\/2019\/09\/Logo-Original.png\",\"contentUrl\":\"https:\/\/experienciadevida.com.ar\/portalurbano\/wp-content\/uploads\/2019\/09\/Logo-Original.png\",\"width\":2236,\"height\":1216,\"caption\":\"Portal Urbano\"},\"image\":{\"@id\":\"https:\/\/experienciadevida.com.ar\/portalurbano\/#\/schema\/logo\/image\/\"},\"sameAs\":[\"https:\/\/www.facebook.com\/Portal-Urbano-171542830093757\/\",\"https:\/\/twitter.com\/portalurbanook\",\"https:\/\/www.instagram.com\/_portalurbano\/\",\"https:\/\/www.youtube.com\/channel\/UCXhagIfszH8KxFiOok79zbA?view_as=subscriber\"]},{\"@type\":\"Person\",\"@id\":\"https:\/\/experienciadevida.com.ar\/portalurbano\/#\/schema\/person\/02dd326b1c4b056e9cc972486934a3a7\",\"name\":\"admpu17wp\",\"image\":{\"@type\":\"ImageObject\",\"inLanguage\":\"es\",\"@id\":\"https:\/\/experienciadevida.com.ar\/portalurbano\/#\/schema\/person\/image\/\",\"url\":\"https:\/\/secure.gravatar.com\/avatar\/830d4c57adaae6630765e449a6908047?s=96&d=mm&r=g\",\"contentUrl\":\"https:\/\/secure.gravatar.com\/avatar\/830d4c57adaae6630765e449a6908047?s=96&d=mm&r=g\",\"caption\":\"admpu17wp\"}}]}<\/script>\n<!-- \/ Yoast SEO plugin. -->","yoast_head_json":{"title":"Galli y Bertellys recorrieron el parque e\u00f3lico Los Teros","description":"Galli junto a su par de Azul Hern\u00e1n Bertellys recorrieron el Parque E\u00f3lico \u201cLos Teros\u201d, donde ya se encuentran en funcionamiento.","robots":{"index":"index","follow":"follow","max-snippet":"max-snippet:-1","max-image-preview":"max-image-preview:large","max-video-preview":"max-video-preview:-1"},"canonical":"https:\/\/experienciadevida.com.ar\/portalurbano\/galli-y-bertellys-recorrieron-el-parque-eolico-los-teros\/","og_locale":"es_ES","og_type":"article","og_title":"Galli y Bertellys recorrieron el parque e\u00f3lico Los Teros","og_description":"Galli junto a su par de Azul Hern\u00e1n Bertellys recorrieron el Parque E\u00f3lico \u201cLos Teros\u201d, donde ya se encuentran en funcionamiento.","og_url":"https:\/\/experienciadevida.com.ar\/portalurbano\/galli-y-bertellys-recorrieron-el-parque-eolico-los-teros\/","article_publisher":"https:\/\/www.facebook.com\/Portal-Urbano-171542830093757\/","article_published_time":"2020-10-18T14:32:01+00:00","article_modified_time":"2020-10-18T14:33:47+00:00","og_image":[{"width":1968,"height":1312,"url":"https:\/\/experienciadevida.com.ar\/portalurbano\/wp-content\/uploads\/2020\/10\/Parque-eolico.jpg","type":"image\/jpeg"}],"author":"admpu17wp","twitter_card":"summary_large_image","twitter_creator":"@portalurbanook","twitter_site":"@portalurbanook","twitter_misc":{"Escrito por":"admpu17wp","Tiempo de lectura":"2 minutos"},"schema":{"@context":"https:\/\/schema.org","@graph":[{"@type":"Article","@id":"https:\/\/experienciadevida.com.ar\/portalurbano\/galli-y-bertellys-recorrieron-el-parque-eolico-los-teros\/#article","isPartOf":{"@id":"https:\/\/experienciadevida.com.ar\/portalurbano\/galli-y-bertellys-recorrieron-el-parque-eolico-los-teros\/"},"author":{"name":"admpu17wp","@id":"https:\/\/experienciadevida.com.ar\/portalurbano\/#\/schema\/person\/02dd326b1c4b056e9cc972486934a3a7"},"headline":"Galli y Bertellys recorrieron el Parque E\u00f3lico Los Teros","datePublished":"2020-10-18T14:32:01+00:00","dateModified":"2020-10-18T14:33:47+00:00","mainEntityOfPage":{"@id":"https:\/\/experienciadevida.com.ar\/portalurbano\/galli-y-bertellys-recorrieron-el-parque-eolico-los-teros\/"},"wordCount":375,"publisher":{"@id":"https:\/\/experienciadevida.com.ar\/portalurbano\/#organization"},"articleSection":["Ciudad","Destacadas"],"inLanguage":"es"},{"@type":"WebPage","@id":"https:\/\/experienciadevida.com.ar\/portalurbano\/galli-y-bertellys-recorrieron-el-parque-eolico-los-teros\/","url":"https:\/\/experienciadevida.com.ar\/portalurbano\/galli-y-bertellys-recorrieron-el-parque-eolico-los-teros\/","name":"Galli y Bertellys recorrieron el parque e\u00f3lico Los Teros","isPartOf":{"@id":"https:\/\/experienciadevida.com.ar\/portalurbano\/#website"},"datePublished":"2020-10-18T14:32:01+00:00","dateModified":"2020-10-18T14:33:47+00:00","description":"Galli junto a su par de Azul Hern\u00e1n Bertellys recorrieron el Parque E\u00f3lico \u201cLos Teros\u201d, donde ya se encuentran en funcionamiento.","breadcrumb":{"@id":"https:\/\/experienciadevida.com.ar\/portalurbano\/galli-y-bertellys-recorrieron-el-parque-eolico-los-teros\/#breadcrumb"},"inLanguage":"es","potentialAction":[{"@type":"ReadAction","target":["https:\/\/experienciadevida.com.ar\/portalurbano\/galli-y-bertellys-recorrieron-el-parque-eolico-los-teros\/"]}]},{"@type":"BreadcrumbList","@id":"https:\/\/experienciadevida.com.ar\/portalurbano\/galli-y-bertellys-recorrieron-el-parque-eolico-los-teros\/#breadcrumb","itemListElement":[{"@type":"ListItem","position":1,"name":"Portada","item":"https:\/\/experienciadevida.com.ar\/portalurbano\/"},{"@type":"ListItem","position":2,"name":"Galli y Bertellys recorrieron el Parque E\u00f3lico Los Teros"}]},{"@type":"WebSite","@id":"https:\/\/experienciadevida.com.ar\/portalurbano\/#website","url":"https:\/\/experienciadevida.com.ar\/portalurbano\/","name":"","description":"","publisher":{"@id":"https:\/\/experienciadevida.com.ar\/portalurbano\/#organization"},"potentialAction":[{"@type":"SearchAction","target":{"@type":"EntryPoint","urlTemplate":"https:\/\/experienciadevida.com.ar\/portalurbano\/?s={search_term_string}"},"query-input":"required name=search_term_string"}],"inLanguage":"es"},{"@type":"Organization","@id":"https:\/\/experienciadevida.com.ar\/portalurbano\/#organization","name":"Portal Urbano","url":"https:\/\/experienciadevida.com.ar\/portalurbano\/","logo":{"@type":"ImageObject","inLanguage":"es","@id":"https:\/\/experienciadevida.com.ar\/portalurbano\/#\/schema\/logo\/image\/","url":"https:\/\/experienciadevida.com.ar\/portalurbano\/wp-content\/uploads\/2019\/09\/Logo-Original.png","contentUrl":"https:\/\/experienciadevida.com.ar\/portalurbano\/wp-content\/uploads\/2019\/09\/Logo-Original.png","width":2236,"height":1216,"caption":"Portal Urbano"},"image":{"@id":"https:\/\/experienciadevida.com.ar\/portalurbano\/#\/schema\/logo\/image\/"},"sameAs":["https:\/\/www.facebook.com\/Portal-Urbano-171542830093757\/","https:\/\/twitter.com\/portalurbanook","https:\/\/www.instagram.com\/_portalurbano\/","https:\/\/www.youtube.com\/channel\/UCXhagIfszH8KxFiOok79zbA?view_as=subscriber"]},{"@type":"Person","@id":"https:\/\/experienciadevida.com.ar\/portalurbano\/#\/schema\/person\/02dd326b1c4b056e9cc972486934a3a7","name":"admpu17wp","image":{"@type":"ImageObject","inLanguage":"es","@id":"https:\/\/experienciadevida.com.ar\/portalurbano\/#\/schema\/person\/image\/","url":"https:\/\/secure.gravatar.com\/avatar\/830d4c57adaae6630765e449a6908047?s=96&d=mm&r=g","contentUrl":"https:\/\/secure.gravatar.com\/avatar\/830d4c57adaae6630765e449a6908047?s=96&d=mm&r=g","caption":"admpu17wp"}}]}},"featured_image_urls":{"full":["https:\/\/experienciadevida.com.ar\/portalurbano\/wp-content\/uploads\/2020\/10\/Parque-eolico.jpg",1968,1312,false],"thumbnail":["https:\/\/experienciadevida.com.ar\/portalurbano\/wp-content\/uploads\/2020\/10\/Parque-eolico-150x150.jpg",150,150,true],"medium":["https:\/\/experienciadevida.com.ar\/portalurbano\/wp-content\/uploads\/2020\/10\/Parque-eolico-300x200.jpg",300,200,true],"medium_large":["https:\/\/experienciadevida.com.ar\/portalurbano\/wp-content\/uploads\/2020\/10\/Parque-eolico-768x512.jpg",640,427,true],"large":["https:\/\/experienciadevida.com.ar\/portalurbano\/wp-content\/uploads\/2020\/10\/Parque-eolico-1024x683.jpg",640,427,true],"ug_big":["https:\/\/experienciadevida.com.ar\/portalurbano\/wp-content\/uploads\/2020\/10\/Parque-eolico-768x512.jpg",768,512,true],"1536x1536":["https:\/\/experienciadevida.com.ar\/portalurbano\/wp-content\/uploads\/2020\/10\/Parque-eolico-1536x1024.jpg",1536,1024,true],"2048x2048":["https:\/\/experienciadevida.com.ar\/portalurbano\/wp-content\/uploads\/2020\/10\/Parque-eolico.jpg",1968,1312,false],"newsever-slider-full":["https:\/\/experienciadevida.com.ar\/portalurbano\/wp-content\/uploads\/2020\/10\/Parque-eolico.jpg",1268,845,false],"newsever-featured":["https:\/\/experienciadevida.com.ar\/portalurbano\/wp-content\/uploads\/2020\/10\/Parque-eolico.jpg",1024,683,false],"newsever-medium":["https:\/\/experienciadevida.com.ar\/portalurbano\/wp-content\/uploads\/2020\/10\/Parque-eolico.jpg",713,475,false],"web-stories-poster-portrait":["https:\/\/experienciadevida.com.ar\/portalurbano\/wp-content\/uploads\/2020\/10\/Parque-eolico.jpg",640,427,false],"web-stories-publisher-logo":["https:\/\/experienciadevida.com.ar\/portalurbano\/wp-content\/uploads\/2020\/10\/Parque-eolico.jpg",96,64,false],"web-stories-thumbnail":["https:\/\/experienciadevida.com.ar\/portalurbano\/wp-content\/uploads\/2020\/10\/Parque-eolico.jpg",150,100,false]},"author_info":{"display_name":"admpu17wp","author_link":"https:\/\/experienciadevida.com.ar\/portalurbano\/author\/admpu17wp\/"},"category_info":"<a href=\"https:\/\/experienciadevida.com.ar\/portalurbano\/category\/ciudad\/\" rel=\"category tag\">Ciudad<\/a> <a href=\"https:\/\/experienciadevida.com.ar\/portalurbano\/category\/destacadas\/\" rel=\"category tag\">Destacadas<\/a>","tag_info":"Destacadas","comment_count":"0","amp_enabled":true,"_links":{"self":[{"href":"https:\/\/experienciadevida.com.ar\/portalurbano\/wp-json\/wp\/v2\/posts\/124667"}],"collection":[{"href":"https:\/\/experienciadevida.com.ar\/portalurbano\/wp-json\/wp\/v2\/posts"}],"about":[{"href":"https:\/\/experienciadevida.com.ar\/portalurbano\/wp-json\/wp\/v2\/types\/post"}],"author":[{"embeddable":true,"href":"https:\/\/experienciadevida.com.ar\/portalurbano\/wp-json\/wp\/v2\/users\/1"}],"replies":[{"embeddable":true,"href":"https:\/\/experienciadevida.com.ar\/portalurbano\/wp-json\/wp\/v2\/comments?post=124667"}],"version-history":[{"count":3,"href":"https:\/\/experienciadevida.com.ar\/portalurbano\/wp-json\/wp\/v2\/posts\/124667\/revisions"}],"predecessor-version":[{"id":124672,"href":"https:\/\/experienciadevida.com.ar\/portalurbano\/wp-json\/wp\/v2\/posts\/124667\/revisions\/124672"}],"wp:featuredmedia":[{"embeddable":true,"href":"https:\/\/experienciadevida.com.ar\/portalurbano\/wp-json\/wp\/v2\/media\/124668"}],"wp:attachment":[{"href":"https:\/\/experienciadevida.com.ar\/portalurbano\/wp-json\/wp\/v2\/media?parent=124667"}],"wp:term":[{"taxonomy":"category","embeddable":true,"href":"https:\/\/experienciadevida.com.ar\/portalurbano\/wp-json\/wp\/v2\/categories?post=124667"},{"taxonomy":"post_tag","embeddable":true,"href":"https:\/\/experienciadevida.com.ar\/portalurbano\/wp-json\/wp\/v2\/tags?post=124667"}],"curies":[{"name":"wp","href":"https:\/\/api.w.org\/{rel}","templated":true}]}}