{"id":124597,"date":"2020-10-17T10:38:40","date_gmt":"2020-10-17T13:38:40","guid":{"rendered":"https:\/\/experienciadevida.com.ar\/portalurbano\/?p=124597"},"modified":"2020-10-17T10:38:40","modified_gmt":"2020-10-17T13:38:40","slug":"gobierno-bonaerense-ratifico-que-habra-temporada-turistica-y-avanza-en-protocolos-con-intendentes","status":"publish","type":"post","link":"https:\/\/experienciadevida.com.ar\/portalurbano\/gobierno-bonaerense-ratifico-que-habra-temporada-turistica-y-avanza-en-protocolos-con-intendentes\/","title":{"rendered":"Gobierno bonaerense ratific\u00f3 que habr\u00e1 temporada tur\u00edstica y avanza en protocolos con intendentes"},"content":{"rendered":"<p>El ministro de Producci\u00f3n, Ciencia e Innovaci\u00f3n Tecnol\u00f3gica bonaerense, Augusto Costa, ratific\u00f3 hoy que en el verano \u201chabr\u00e1 temporada tur\u00edstica\u201d en la provincia de Buenos Aires y reiter\u00f3 que \u201cse trabaja en que sea la mejor posible\u201d dentro del contexto que impone la pandemia del coronavirus.<\/p>\n<p>\u201cLa temporada nunca estuvo en duda. Ser\u00e1 at\u00edpica, y vamos a trabajar para que sea lo mejor posible dadas las condiciones epidemiol\u00f3gicas. Queremos ir tomando definiciones para dar certezas\u201d, manifest\u00f3 Costa.<\/p>\n<p>El ministro, junto al Jefe de Gabinete Carlos Bianco, la vicegobernadora Ver\u00f3nica Magario; la ministra de Gobierno, Teresa Garc\u00eda; y el viceministro de Salud, Nicol\u00e1s Kreplak, se reunieron este viernes de manera virtual con intendentes de los municipios tur\u00edsticos para definir los protocolos sanitarios a instrumentar durante la temporada veraniega.<\/p>\n<p>Seg\u00fan inform\u00f3 la Gobernaci\u00f3n, en el encuentro comenzaron a definir las posibles fechas para el inicio de la temporada y se delinearon las condiciones en los ingresos a los municipios, as\u00ed como tambi\u00e9n los procedimientos de control para el cumplimiento de los protocolos establecidos.<\/p>\n<p>\u201cEntendemos que es importante dar certezas para poder proyectar y planificar la temporada y para eso tambi\u00e9n necesitamos trabajar de manera conjunta y coordinada\u201d, sostuvo Costa.<\/p>\n<p>Adem\u00e1s se evalu\u00f3 tambi\u00e9n c\u00f3mo funcionar\u00e1n los hoteles, las estaciones de servicio, los establecimientos gastron\u00f3micos, los balnearios y los paradores y mecanismos de regulaci\u00f3n para medios de transporte, como autos particulares y \u00f3mnibus de corta, media y larga distancia.<\/p>\n<p>Tambi\u00e9n se defini\u00f3 la confirmaci\u00f3n de un comit\u00e9 operativo de temporada para el seguimiento permanente de la situaci\u00f3n epidemiol\u00f3gica y se avanz\u00f3 sobre el operativo de salud con sus distintas instancias para atender necesidades de los veraneantes y remarco &#8221; habr\u00e1 temporada tur\u00edstica&#8221;<\/p>\n<p>Del encuentro participaron los intendentes de General Pueyrred\u00f3n, Guillermo Montenegro; Tandil, Miguel \u00c1ngel Lunghi; Necochea, Arturo Rojas; La Costa, Cristian Cardozo; General Alvarado, Sebasti\u00e1n Ianantuony; Villa Gesell, Gustavo Barrera; Pinamar, Mart\u00edn Yeza; Mar Chiquita, Jorge Paredi; Tornquist, Sergio Bordoni; San Cayetano, Miguel Cargaglione; Monte Hermoso, Enrique Dichiara; y Carmen de Patagones, Jos\u00e9 Luis Zara<\/p>\n<div class=\"banner-box wide-banner-box\"><\/div>\n","protected":false},"excerpt":{"rendered":"<p>El ministro de Producci\u00f3n, Ciencia e Innovaci\u00f3n Tecnol\u00f3gica bonaerense, Augusto Costa, ratific\u00f3 hoy que en&#8230;<\/p>\n","protected":false},"author":1,"featured_media":105440,"comment_status":"closed","ping_status":"closed","sticky":false,"template":"","format":"standard","meta":{"content-type":""},"categories":[44],"tags":[468,467,469],"nelio_content":{"isAutoShareEnabled":false,"autoShareEndMode":"default","automationSources":{"useContentSentences":true,"useSocialTemplates":true,"useCustomSentences":false,"customSentences":[]},"followers":[1],"suggestedReferences":[],"includedReferences":[],"efiUrl":"","efiAlt":"","highlights":[]},"yoast_head":"<!-- This site is optimized with the Yoast SEO plugin v20.7 - https:\/\/yoast.com\/wordpress\/plugins\/seo\/ -->\n<title>Gobierno ratific\u00f3 que habr\u00e1 temporada tur\u00edstica y avanza en protocolos<\/title>\n<meta name=\"description\" content=\"El ministro de Producci\u00f3n, Ciencia e Innovaci\u00f3n bonaerense, Augusto Costa, ratific\u00f3 hoy que en el verano \u201chabr\u00e1 temporada tur\u00edstica\u201d\" \/>\n<meta name=\"robots\" content=\"index, follow, max-snippet:-1, max-image-preview:large, max-video-preview:-1\" \/>\n<link rel=\"canonical\" href=\"https:\/\/experienciadevida.com.ar\/portalurbano\/gobierno-bonaerense-ratifico-que-habra-temporada-turistica-y-avanza-en-protocolos-con-intendentes\/\" \/>\n<meta property=\"og:locale\" content=\"es_ES\" \/>\n<meta property=\"og:type\" content=\"article\" \/>\n<meta property=\"og:title\" content=\"Gobierno ratific\u00f3 que habr\u00e1 temporada tur\u00edstica y avanza en protocolos\" \/>\n<meta property=\"og:description\" content=\"El ministro de Producci\u00f3n, Ciencia e Innovaci\u00f3n bonaerense, Augusto Costa, ratific\u00f3 hoy que en el verano \u201chabr\u00e1 temporada tur\u00edstica\u201d\" \/>\n<meta property=\"og:url\" content=\"https:\/\/experienciadevida.com.ar\/portalurbano\/gobierno-bonaerense-ratifico-que-habra-temporada-turistica-y-avanza-en-protocolos-con-intendentes\/\" \/>\n<meta property=\"article:publisher\" content=\"https:\/\/www.facebook.com\/Portal-Urbano-171542830093757\/\" \/>\n<meta property=\"article:published_time\" content=\"2020-10-17T13:38:40+00:00\" \/>\n<meta property=\"og:image\" content=\"https:\/\/experienciadevida.com.ar\/portalurbano\/wp-content\/uploads\/2020\/03\/MARDELPLATA-e1602941713372.jpg\" \/>\n\t<meta property=\"og:image:width\" content=\"750\" \/>\n\t<meta property=\"og:image:height\" content=\"500\" \/>\n\t<meta property=\"og:image:type\" content=\"image\/jpeg\" \/>\n<meta name=\"author\" content=\"admpu17wp\" \/>\n<meta name=\"twitter:card\" content=\"summary_large_image\" \/>\n<meta name=\"twitter:creator\" content=\"@portalurbanook\" \/>\n<meta name=\"twitter:site\" content=\"@portalurbanook\" \/>\n<meta name=\"twitter:label1\" content=\"Escrito por\" \/>\n\t<meta name=\"twitter:data1\" content=\"admpu17wp\" \/>\n\t<meta name=\"twitter:label2\" content=\"Tiempo de lectura\" \/>\n\t<meta name=\"twitter:data2\" content=\"2 minutos\" \/>\n<script type=\"application\/ld+json\" class=\"yoast-schema-graph\">{\"@context\":\"https:\/\/schema.org\",\"@graph\":[{\"@type\":\"Article\",\"@id\":\"https:\/\/experienciadevida.com.ar\/portalurbano\/gobierno-bonaerense-ratifico-que-habra-temporada-turistica-y-avanza-en-protocolos-con-intendentes\/#article\",\"isPartOf\":{\"@id\":\"https:\/\/experienciadevida.com.ar\/portalurbano\/gobierno-bonaerense-ratifico-que-habra-temporada-turistica-y-avanza-en-protocolos-con-intendentes\/\"},\"author\":{\"name\":\"admpu17wp\",\"@id\":\"https:\/\/experienciadevida.com.ar\/portalurbano\/#\/schema\/person\/02dd326b1c4b056e9cc972486934a3a7\"},\"headline\":\"Gobierno bonaerense ratific\u00f3 que habr\u00e1 temporada tur\u00edstica y avanza en protocolos con intendentes\",\"datePublished\":\"2020-10-17T13:38:40+00:00\",\"dateModified\":\"2020-10-17T13:38:40+00:00\",\"mainEntityOfPage\":{\"@id\":\"https:\/\/experienciadevida.com.ar\/portalurbano\/gobierno-bonaerense-ratifico-que-habra-temporada-turistica-y-avanza-en-protocolos-con-intendentes\/\"},\"wordCount\":374,\"publisher\":{\"@id\":\"https:\/\/experienciadevida.com.ar\/portalurbano\/#organization\"},\"keywords\":[\"mar del plata\",\"temporada\",\"turismo\"],\"articleSection\":[\"Provincia\"],\"inLanguage\":\"es\"},{\"@type\":\"WebPage\",\"@id\":\"https:\/\/experienciadevida.com.ar\/portalurbano\/gobierno-bonaerense-ratifico-que-habra-temporada-turistica-y-avanza-en-protocolos-con-intendentes\/\",\"url\":\"https:\/\/experienciadevida.com.ar\/portalurbano\/gobierno-bonaerense-ratifico-que-habra-temporada-turistica-y-avanza-en-protocolos-con-intendentes\/\",\"name\":\"Gobierno ratific\u00f3 que habr\u00e1 temporada tur\u00edstica y avanza en protocolos\",\"isPartOf\":{\"@id\":\"https:\/\/experienciadevida.com.ar\/portalurbano\/#website\"},\"datePublished\":\"2020-10-17T13:38:40+00:00\",\"dateModified\":\"2020-10-17T13:38:40+00:00\",\"description\":\"El ministro de Producci\u00f3n, Ciencia e Innovaci\u00f3n bonaerense, Augusto Costa, ratific\u00f3 hoy que en el verano \u201chabr\u00e1 temporada tur\u00edstica\u201d\",\"breadcrumb\":{\"@id\":\"https:\/\/experienciadevida.com.ar\/portalurbano\/gobierno-bonaerense-ratifico-que-habra-temporada-turistica-y-avanza-en-protocolos-con-intendentes\/#breadcrumb\"},\"inLanguage\":\"es\",\"potentialAction\":[{\"@type\":\"ReadAction\",\"target\":[\"https:\/\/experienciadevida.com.ar\/portalurbano\/gobierno-bonaerense-ratifico-que-habra-temporada-turistica-y-avanza-en-protocolos-con-intendentes\/\"]}]},{\"@type\":\"BreadcrumbList\",\"@id\":\"https:\/\/experienciadevida.com.ar\/portalurbano\/gobierno-bonaerense-ratifico-que-habra-temporada-turistica-y-avanza-en-protocolos-con-intendentes\/#breadcrumb\",\"itemListElement\":[{\"@type\":\"ListItem\",\"position\":1,\"name\":\"Portada\",\"item\":\"https:\/\/experienciadevida.com.ar\/portalurbano\/\"},{\"@type\":\"ListItem\",\"position\":2,\"name\":\"Gobierno bonaerense ratific\u00f3 que habr\u00e1 temporada tur\u00edstica y avanza en protocolos con intendentes\"}]},{\"@type\":\"WebSite\",\"@id\":\"https:\/\/experienciadevida.com.ar\/portalurbano\/#website\",\"url\":\"https:\/\/experienciadevida.com.ar\/portalurbano\/\",\"name\":\"\",\"description\":\"\",\"publisher\":{\"@id\":\"https:\/\/experienciadevida.com.ar\/portalurbano\/#organization\"},\"potentialAction\":[{\"@type\":\"SearchAction\",\"target\":{\"@type\":\"EntryPoint\",\"urlTemplate\":\"https:\/\/experienciadevida.com.ar\/portalurbano\/?s={search_term_string}\"},\"query-input\":\"required name=search_term_string\"}],\"inLanguage\":\"es\"},{\"@type\":\"Organization\",\"@id\":\"https:\/\/experienciadevida.com.ar\/portalurbano\/#organization\",\"name\":\"Portal Urbano\",\"url\":\"https:\/\/experienciadevida.com.ar\/portalurbano\/\",\"logo\":{\"@type\":\"ImageObject\",\"inLanguage\":\"es\",\"@id\":\"https:\/\/experienciadevida.com.ar\/portalurbano\/#\/schema\/logo\/image\/\",\"url\":\"https:\/\/experienciadevida.com.ar\/portalurbano\/wp-content\/uploads\/2019\/09\/Logo-Original.png\",\"contentUrl\":\"https:\/\/experienciadevida.com.ar\/portalurbano\/wp-content\/uploads\/2019\/09\/Logo-Original.png\",\"width\":2236,\"height\":1216,\"caption\":\"Portal Urbano\"},\"image\":{\"@id\":\"https:\/\/experienciadevida.com.ar\/portalurbano\/#\/schema\/logo\/image\/\"},\"sameAs\":[\"https:\/\/www.facebook.com\/Portal-Urbano-171542830093757\/\",\"https:\/\/twitter.com\/portalurbanook\",\"https:\/\/www.instagram.com\/_portalurbano\/\",\"https:\/\/www.youtube.com\/channel\/UCXhagIfszH8KxFiOok79zbA?view_as=subscriber\"]},{\"@type\":\"Person\",\"@id\":\"https:\/\/experienciadevida.com.ar\/portalurbano\/#\/schema\/person\/02dd326b1c4b056e9cc972486934a3a7\",\"name\":\"admpu17wp\",\"image\":{\"@type\":\"ImageObject\",\"inLanguage\":\"es\",\"@id\":\"https:\/\/experienciadevida.com.ar\/portalurbano\/#\/schema\/person\/image\/\",\"url\":\"https:\/\/secure.gravatar.com\/avatar\/830d4c57adaae6630765e449a6908047?s=96&d=mm&r=g\",\"contentUrl\":\"https:\/\/secure.gravatar.com\/avatar\/830d4c57adaae6630765e449a6908047?s=96&d=mm&r=g\",\"caption\":\"admpu17wp\"}}]}<\/script>\n<!-- \/ Yoast SEO plugin. -->","yoast_head_json":{"title":"Gobierno ratific\u00f3 que habr\u00e1 temporada tur\u00edstica y avanza en protocolos","description":"El ministro de Producci\u00f3n, Ciencia e Innovaci\u00f3n bonaerense, Augusto Costa, ratific\u00f3 hoy que en el verano \u201chabr\u00e1 temporada tur\u00edstica\u201d","robots":{"index":"index","follow":"follow","max-snippet":"max-snippet:-1","max-image-preview":"max-image-preview:large","max-video-preview":"max-video-preview:-1"},"canonical":"https:\/\/experienciadevida.com.ar\/portalurbano\/gobierno-bonaerense-ratifico-que-habra-temporada-turistica-y-avanza-en-protocolos-con-intendentes\/","og_locale":"es_ES","og_type":"article","og_title":"Gobierno ratific\u00f3 que habr\u00e1 temporada tur\u00edstica y avanza en protocolos","og_description":"El ministro de Producci\u00f3n, Ciencia e Innovaci\u00f3n bonaerense, Augusto Costa, ratific\u00f3 hoy que en el verano \u201chabr\u00e1 temporada tur\u00edstica\u201d","og_url":"https:\/\/experienciadevida.com.ar\/portalurbano\/gobierno-bonaerense-ratifico-que-habra-temporada-turistica-y-avanza-en-protocolos-con-intendentes\/","article_publisher":"https:\/\/www.facebook.com\/Portal-Urbano-171542830093757\/","article_published_time":"2020-10-17T13:38:40+00:00","og_image":[{"width":750,"height":500,"url":"https:\/\/experienciadevida.com.ar\/portalurbano\/wp-content\/uploads\/2020\/03\/MARDELPLATA-e1602941713372.jpg","type":"image\/jpeg"}],"author":"admpu17wp","twitter_card":"summary_large_image","twitter_creator":"@portalurbanook","twitter_site":"@portalurbanook","twitter_misc":{"Escrito por":"admpu17wp","Tiempo de lectura":"2 minutos"},"schema":{"@context":"https:\/\/schema.org","@graph":[{"@type":"Article","@id":"https:\/\/experienciadevida.com.ar\/portalurbano\/gobierno-bonaerense-ratifico-que-habra-temporada-turistica-y-avanza-en-protocolos-con-intendentes\/#article","isPartOf":{"@id":"https:\/\/experienciadevida.com.ar\/portalurbano\/gobierno-bonaerense-ratifico-que-habra-temporada-turistica-y-avanza-en-protocolos-con-intendentes\/"},"author":{"name":"admpu17wp","@id":"https:\/\/experienciadevida.com.ar\/portalurbano\/#\/schema\/person\/02dd326b1c4b056e9cc972486934a3a7"},"headline":"Gobierno bonaerense ratific\u00f3 que habr\u00e1 temporada tur\u00edstica y avanza en protocolos con intendentes","datePublished":"2020-10-17T13:38:40+00:00","dateModified":"2020-10-17T13:38:40+00:00","mainEntityOfPage":{"@id":"https:\/\/experienciadevida.com.ar\/portalurbano\/gobierno-bonaerense-ratifico-que-habra-temporada-turistica-y-avanza-en-protocolos-con-intendentes\/"},"wordCount":374,"publisher":{"@id":"https:\/\/experienciadevida.com.ar\/portalurbano\/#organization"},"keywords":["mar del plata","temporada","turismo"],"articleSection":["Provincia"],"inLanguage":"es"},{"@type":"WebPage","@id":"https:\/\/experienciadevida.com.ar\/portalurbano\/gobierno-bonaerense-ratifico-que-habra-temporada-turistica-y-avanza-en-protocolos-con-intendentes\/","url":"https:\/\/experienciadevida.com.ar\/portalurbano\/gobierno-bonaerense-ratifico-que-habra-temporada-turistica-y-avanza-en-protocolos-con-intendentes\/","name":"Gobierno ratific\u00f3 que habr\u00e1 temporada tur\u00edstica y avanza en protocolos","isPartOf":{"@id":"https:\/\/experienciadevida.com.ar\/portalurbano\/#website"},"datePublished":"2020-10-17T13:38:40+00:00","dateModified":"2020-10-17T13:38:40+00:00","description":"El ministro de Producci\u00f3n, Ciencia e Innovaci\u00f3n bonaerense, Augusto Costa, ratific\u00f3 hoy que en el verano \u201chabr\u00e1 temporada tur\u00edstica\u201d","breadcrumb":{"@id":"https:\/\/experienciadevida.com.ar\/portalurbano\/gobierno-bonaerense-ratifico-que-habra-temporada-turistica-y-avanza-en-protocolos-con-intendentes\/#breadcrumb"},"inLanguage":"es","potentialAction":[{"@type":"ReadAction","target":["https:\/\/experienciadevida.com.ar\/portalurbano\/gobierno-bonaerense-ratifico-que-habra-temporada-turistica-y-avanza-en-protocolos-con-intendentes\/"]}]},{"@type":"BreadcrumbList","@id":"https:\/\/experienciadevida.com.ar\/portalurbano\/gobierno-bonaerense-ratifico-que-habra-temporada-turistica-y-avanza-en-protocolos-con-intendentes\/#breadcrumb","itemListElement":[{"@type":"ListItem","position":1,"name":"Portada","item":"https:\/\/experienciadevida.com.ar\/portalurbano\/"},{"@type":"ListItem","position":2,"name":"Gobierno bonaerense ratific\u00f3 que habr\u00e1 temporada tur\u00edstica y avanza en protocolos con intendentes"}]},{"@type":"WebSite","@id":"https:\/\/experienciadevida.com.ar\/portalurbano\/#website","url":"https:\/\/experienciadevida.com.ar\/portalurbano\/","name":"","description":"","publisher":{"@id":"https:\/\/experienciadevida.com.ar\/portalurbano\/#organization"},"potentialAction":[{"@type":"SearchAction","target":{"@type":"EntryPoint","urlTemplate":"https:\/\/experienciadevida.com.ar\/portalurbano\/?s={search_term_string}"},"query-input":"required name=search_term_string"}],"inLanguage":"es"},{"@type":"Organization","@id":"https:\/\/experienciadevida.com.ar\/portalurbano\/#organization","name":"Portal Urbano","url":"https:\/\/experienciadevida.com.ar\/portalurbano\/","logo":{"@type":"ImageObject","inLanguage":"es","@id":"https:\/\/experienciadevida.com.ar\/portalurbano\/#\/schema\/logo\/image\/","url":"https:\/\/experienciadevida.com.ar\/portalurbano\/wp-content\/uploads\/2019\/09\/Logo-Original.png","contentUrl":"https:\/\/experienciadevida.com.ar\/portalurbano\/wp-content\/uploads\/2019\/09\/Logo-Original.png","width":2236,"height":1216,"caption":"Portal Urbano"},"image":{"@id":"https:\/\/experienciadevida.com.ar\/portalurbano\/#\/schema\/logo\/image\/"},"sameAs":["https:\/\/www.facebook.com\/Portal-Urbano-171542830093757\/","https:\/\/twitter.com\/portalurbanook","https:\/\/www.instagram.com\/_portalurbano\/","https:\/\/www.youtube.com\/channel\/UCXhagIfszH8KxFiOok79zbA?view_as=subscriber"]},{"@type":"Person","@id":"https:\/\/experienciadevida.com.ar\/portalurbano\/#\/schema\/person\/02dd326b1c4b056e9cc972486934a3a7","name":"admpu17wp","image":{"@type":"ImageObject","inLanguage":"es","@id":"https:\/\/experienciadevida.com.ar\/portalurbano\/#\/schema\/person\/image\/","url":"https:\/\/secure.gravatar.com\/avatar\/830d4c57adaae6630765e449a6908047?s=96&d=mm&r=g","contentUrl":"https:\/\/secure.gravatar.com\/avatar\/830d4c57adaae6630765e449a6908047?s=96&d=mm&r=g","caption":"admpu17wp"}}]}},"featured_image_urls":{"full":["https:\/\/experienciadevida.com.ar\/portalurbano\/wp-content\/uploads\/2020\/03\/MARDELPLATA-e1602941713372.jpg",750,500,false],"thumbnail":["https:\/\/experienciadevida.com.ar\/portalurbano\/wp-content\/uploads\/2020\/03\/MARDELPLATA-150x150.jpg",150,150,true],"medium":["https:\/\/experienciadevida.com.ar\/portalurbano\/wp-content\/uploads\/2020\/03\/MARDELPLATA-300x200.jpg",300,200,true],"medium_large":["https:\/\/experienciadevida.com.ar\/portalurbano\/wp-content\/uploads\/2020\/03\/MARDELPLATA-768x512.jpg",640,427,true],"large":["https:\/\/experienciadevida.com.ar\/portalurbano\/wp-content\/uploads\/2020\/03\/MARDELPLATA-1024x683.jpg",640,427,true],"ug_big":["https:\/\/experienciadevida.com.ar\/portalurbano\/wp-content\/uploads\/2020\/03\/MARDELPLATA-768x512.jpg",768,512,true],"1536x1536":["https:\/\/experienciadevida.com.ar\/portalurbano\/wp-content\/uploads\/2020\/03\/MARDELPLATA-e1602941713372.jpg",750,500,false],"2048x2048":["https:\/\/experienciadevida.com.ar\/portalurbano\/wp-content\/uploads\/2020\/03\/MARDELPLATA-e1602941713372.jpg",750,500,false],"newsever-slider-full":["https:\/\/experienciadevida.com.ar\/portalurbano\/wp-content\/uploads\/2020\/03\/MARDELPLATA-e1602941713372.jpg",750,500,false],"newsever-featured":["https:\/\/experienciadevida.com.ar\/portalurbano\/wp-content\/uploads\/2020\/03\/MARDELPLATA-e1602941713372.jpg",750,500,false],"newsever-medium":["https:\/\/experienciadevida.com.ar\/portalurbano\/wp-content\/uploads\/2020\/03\/MARDELPLATA-e1602941713372.jpg",713,475,false],"web-stories-poster-portrait":["https:\/\/experienciadevida.com.ar\/portalurbano\/wp-content\/uploads\/2020\/03\/MARDELPLATA-e1602941713372.jpg",640,427,false],"web-stories-publisher-logo":["https:\/\/experienciadevida.com.ar\/portalurbano\/wp-content\/uploads\/2020\/03\/MARDELPLATA-e1602941713372.jpg",96,64,false],"web-stories-thumbnail":["https:\/\/experienciadevida.com.ar\/portalurbano\/wp-content\/uploads\/2020\/03\/MARDELPLATA-e1602941713372.jpg",150,100,false]},"author_info":{"display_name":"admpu17wp","author_link":"https:\/\/experienciadevida.com.ar\/portalurbano\/author\/admpu17wp\/"},"category_info":"<a href=\"https:\/\/experienciadevida.com.ar\/portalurbano\/category\/provincia\/\" rel=\"category tag\">Provincia<\/a>","tag_info":"Provincia","comment_count":"0","amp_enabled":true,"_links":{"self":[{"href":"https:\/\/experienciadevida.com.ar\/portalurbano\/wp-json\/wp\/v2\/posts\/124597"}],"collection":[{"href":"https:\/\/experienciadevida.com.ar\/portalurbano\/wp-json\/wp\/v2\/posts"}],"about":[{"href":"https:\/\/experienciadevida.com.ar\/portalurbano\/wp-json\/wp\/v2\/types\/post"}],"author":[{"embeddable":true,"href":"https:\/\/experienciadevida.com.ar\/portalurbano\/wp-json\/wp\/v2\/users\/1"}],"replies":[{"embeddable":true,"href":"https:\/\/experienciadevida.com.ar\/portalurbano\/wp-json\/wp\/v2\/comments?post=124597"}],"version-history":[{"count":2,"href":"https:\/\/experienciadevida.com.ar\/portalurbano\/wp-json\/wp\/v2\/posts\/124597\/revisions"}],"predecessor-version":[{"id":124599,"href":"https:\/\/experienciadevida.com.ar\/portalurbano\/wp-json\/wp\/v2\/posts\/124597\/revisions\/124599"}],"wp:featuredmedia":[{"embeddable":true,"href":"https:\/\/experienciadevida.com.ar\/portalurbano\/wp-json\/wp\/v2\/media\/105440"}],"wp:attachment":[{"href":"https:\/\/experienciadevida.com.ar\/portalurbano\/wp-json\/wp\/v2\/media?parent=124597"}],"wp:term":[{"taxonomy":"category","embeddable":true,"href":"https:\/\/experienciadevida.com.ar\/portalurbano\/wp-json\/wp\/v2\/categories?post=124597"},{"taxonomy":"post_tag","embeddable":true,"href":"https:\/\/experienciadevida.com.ar\/portalurbano\/wp-json\/wp\/v2\/tags?post=124597"}],"curies":[{"name":"wp","href":"https:\/\/api.w.org\/{rel}","templated":true}]}}