{"id":124511,"date":"2020-10-16T10:59:52","date_gmt":"2020-10-16T13:59:52","guid":{"rendered":"https:\/\/experienciadevida.com.ar\/portalurbano\/?p=124511"},"modified":"2020-10-16T11:00:37","modified_gmt":"2020-10-16T14:00:37","slug":"el-gobierno-lanza-un-programa-de-educacion-nutricional-para-una-alimentacion-sana","status":"publish","type":"post","link":"https:\/\/experienciadevida.com.ar\/portalurbano\/el-gobierno-lanza-un-programa-de-educacion-nutricional-para-una-alimentacion-sana\/","title":{"rendered":"El Gobierno lanza un programa de educaci\u00f3n nutricional para una alimentaci\u00f3n sana"},"content":{"rendered":"<p>Ser\u00e1 en el marco del Plan Argentina contra el Hambre. El <strong>programa de educaci\u00f3n nutricional <\/strong>apunta a los sectores m\u00e1s vulnerables.<\/p>\n<p>El Gobierno lanzar\u00e1 este viernes una campa\u00f1a de educaci\u00f3n nutricional, a trav\u00e9s de un programa que se aplicar\u00e1 en todo el pa\u00eds y que sumar\u00e1 una herramienta adicional al plan Argentina contra el Hambre, con el fin de mejorar la calidad alimentaria.<\/p>\n<p>La campa\u00f1a \u201cAlimentar saberes\u201d ser\u00e1 destinada a los sectores m\u00e1s vulnerables y presentada a las 14 a trav\u00e9s de una videoconferencia que encabezar\u00e1 el ministro de Desarrollo Social, Daniel Arroyo, y de la que participar\u00e1n funcionarios nacionales, provinciales y municipales, representantes del mundo acad\u00e9mico y organizaciones comunitarias.<\/p>\n<p>Este\u00a0<strong>programa de educaci\u00f3n nutricional\u00a0<\/strong> cuya presentaci\u00f3n coincidir\u00e1 con el D\u00eda Mundial de la Alimentaci\u00f3n, tiene entre sus objetivos la \u201cpromoci\u00f3n de estilos de vida saludable y el mejoramiento de las condiciones alimentarias y nutricionales mediante acciones de intercambio y capacitaci\u00f3n\u201d en sectores vulnerables.<\/p>\n<p>\u201cEn un contexto de emergencia social y sanitaria, es una herramienta que se suma a las acciones que estamos llevando adelante para avanzar en el camino de la seguridad y la soberan\u00eda alimentaria, en el marco del Plan Argentina contra el hambre\u201d, explic\u00f3 la secretaria de Inclusi\u00f3n Social, Laura Alonso, a trav\u00e9s de un comunicado.<\/p>\n<p>\u201cAntes de la pandemia la gente destinaba un 67% de la ayuda en consumir leche, carnes, frutas y verduras y ahora menos del 50%, hab\u00eda dicho semanas atr\u00e1s el ministro de Desarrollo Social, Daniel Arroyo, y hab\u00eda adelantado que desde el Gobierno nacional se analizan posibles auxilios para revertir la situaci\u00f3n.<\/p>\n<p>El\u00a0<strong>programa de educaci\u00f3n nutricional<\/strong> alimentar saberes \u00a0busca acercar a las personas \u201cinformaci\u00f3n confiable y garantizar su derecho a elegir alimentos sanos, inocuos, nutritivos, variados, diversos, culturalmente aceptados y m\u00ednimamente procesados\u201d.<\/p>\n<p>De esa forma, explic\u00f3 el Ministerio, se apunta a \u201coptimizar el aprovechamiento de los recursos destinados a la alimentaci\u00f3n familiar y comunitaria\u201d.<\/p>\n<p>\u201cFavorecer la articulaci\u00f3n y el v\u00ednculo entre las organizaciones de la sociedad civil y los organismos gubernamentales en cuestiones alimentarias y nutricionales; y fomentar pr\u00e1cticas saludables entre los vecinos, a partir de la planificaci\u00f3n de la compra, adecuadas normas de higiene y de manipulaci\u00f3n y conservaci\u00f3n de alimentos a nivel familiar y comunitario\u201d, son otros de los objetivos del programa.<\/p>\n<p>Adem\u00e1s, el Gobierno aspira a lograr una revalorizaci\u00f3n de la cultura alimentaria de las comunidades, mediante un \u201cintercambio de saberes, la socializaci\u00f3n del conocimiento y el respeto a la diversidad cultural y a los pueblos ind\u00edgenas\u201d.<\/p>\n<p>El\u00a0<strong>programa de educaci\u00f3n nutricional\u00a0<\/strong>tiene tambi\u00e9n entre sus finalidades promover la autoproducci\u00f3n de alimentos, propiciar instancias de sensibilizaci\u00f3n sobre alimentaci\u00f3n saludable, econom\u00eda dom\u00e9stica, seguridad alimentaria y salud integral, con enfoque de derechos y perspectiva de g\u00e9nero.<\/p>\n<p>Fuente: DIB<\/p>\n<p>&nbsp;<\/p>\n","protected":false},"excerpt":{"rendered":"<p>Ser\u00e1 en el marco del Plan Argentina contra el Hambre. El programa de educaci\u00f3n nutricional&#8230;<\/p>\n","protected":false},"author":1,"featured_media":124512,"comment_status":"closed","ping_status":"closed","sticky":false,"template":"","format":"standard","meta":{"content-type":""},"categories":[39],"tags":[],"nelio_content":{"isAutoShareEnabled":false,"autoShareEndMode":"default","automationSources":{"useContentSentences":true,"useSocialTemplates":true,"useCustomSentences":false,"customSentences":[]},"followers":[1],"suggestedReferences":[],"includedReferences":[],"efiUrl":"","efiAlt":"","highlights":[]},"yoast_head":"<!-- This site is optimized with the Yoast SEO plugin v20.7 - https:\/\/yoast.com\/wordpress\/plugins\/seo\/ -->\n<title>El Gobierno lanza un programa de educaci\u00f3n nutricional<\/title>\n<meta name=\"description\" content=\"El programa de educaci\u00f3n nutricional apunta a los sectores m\u00e1s vulnerables, para una alimentaci\u00f3n m\u00e1s sana y nutritiva en todo el pa\u00eds.\" \/>\n<meta name=\"robots\" content=\"index, follow, max-snippet:-1, max-image-preview:large, max-video-preview:-1\" \/>\n<link rel=\"canonical\" href=\"https:\/\/experienciadevida.com.ar\/portalurbano\/el-gobierno-lanza-un-programa-de-educacion-nutricional-para-una-alimentacion-sana\/\" \/>\n<meta property=\"og:locale\" content=\"es_ES\" \/>\n<meta property=\"og:type\" content=\"article\" \/>\n<meta property=\"og:title\" content=\"El Gobierno lanza un programa de educaci\u00f3n nutricional\" \/>\n<meta property=\"og:description\" content=\"El programa de educaci\u00f3n nutricional apunta a los sectores m\u00e1s vulnerables, para una alimentaci\u00f3n m\u00e1s sana y nutritiva en todo el pa\u00eds.\" \/>\n<meta property=\"og:url\" content=\"https:\/\/experienciadevida.com.ar\/portalurbano\/el-gobierno-lanza-un-programa-de-educacion-nutricional-para-una-alimentacion-sana\/\" \/>\n<meta property=\"article:publisher\" content=\"https:\/\/www.facebook.com\/Portal-Urbano-171542830093757\/\" \/>\n<meta property=\"article:published_time\" content=\"2020-10-16T13:59:52+00:00\" \/>\n<meta property=\"article:modified_time\" content=\"2020-10-16T14:00:37+00:00\" \/>\n<meta property=\"og:image\" content=\"https:\/\/experienciadevida.com.ar\/portalurbano\/wp-content\/uploads\/2020\/10\/Programa-de-educacion-nutricional.jpg\" \/>\n\t<meta property=\"og:image:width\" content=\"696\" \/>\n\t<meta property=\"og:image:height\" content=\"507\" \/>\n\t<meta property=\"og:image:type\" content=\"image\/jpeg\" \/>\n<meta name=\"author\" content=\"admpu17wp\" \/>\n<meta name=\"twitter:card\" content=\"summary_large_image\" \/>\n<meta name=\"twitter:creator\" content=\"@portalurbanook\" \/>\n<meta name=\"twitter:site\" content=\"@portalurbanook\" \/>\n<meta name=\"twitter:label1\" content=\"Escrito por\" \/>\n\t<meta name=\"twitter:data1\" content=\"admpu17wp\" \/>\n\t<meta name=\"twitter:label2\" content=\"Tiempo de lectura\" \/>\n\t<meta name=\"twitter:data2\" content=\"2 minutos\" \/>\n<script type=\"application\/ld+json\" class=\"yoast-schema-graph\">{\"@context\":\"https:\/\/schema.org\",\"@graph\":[{\"@type\":\"Article\",\"@id\":\"https:\/\/experienciadevida.com.ar\/portalurbano\/el-gobierno-lanza-un-programa-de-educacion-nutricional-para-una-alimentacion-sana\/#article\",\"isPartOf\":{\"@id\":\"https:\/\/experienciadevida.com.ar\/portalurbano\/el-gobierno-lanza-un-programa-de-educacion-nutricional-para-una-alimentacion-sana\/\"},\"author\":{\"name\":\"admpu17wp\",\"@id\":\"https:\/\/experienciadevida.com.ar\/portalurbano\/#\/schema\/person\/02dd326b1c4b056e9cc972486934a3a7\"},\"headline\":\"El Gobierno lanza un programa de educaci\u00f3n nutricional para una alimentaci\u00f3n sana\",\"datePublished\":\"2020-10-16T13:59:52+00:00\",\"dateModified\":\"2020-10-16T14:00:37+00:00\",\"mainEntityOfPage\":{\"@id\":\"https:\/\/experienciadevida.com.ar\/portalurbano\/el-gobierno-lanza-un-programa-de-educacion-nutricional-para-una-alimentacion-sana\/\"},\"wordCount\":506,\"publisher\":{\"@id\":\"https:\/\/experienciadevida.com.ar\/portalurbano\/#organization\"},\"articleSection\":[\"Naci\u00f3n\"],\"inLanguage\":\"es\"},{\"@type\":\"WebPage\",\"@id\":\"https:\/\/experienciadevida.com.ar\/portalurbano\/el-gobierno-lanza-un-programa-de-educacion-nutricional-para-una-alimentacion-sana\/\",\"url\":\"https:\/\/experienciadevida.com.ar\/portalurbano\/el-gobierno-lanza-un-programa-de-educacion-nutricional-para-una-alimentacion-sana\/\",\"name\":\"El Gobierno lanza un programa de educaci\u00f3n nutricional\",\"isPartOf\":{\"@id\":\"https:\/\/experienciadevida.com.ar\/portalurbano\/#website\"},\"datePublished\":\"2020-10-16T13:59:52+00:00\",\"dateModified\":\"2020-10-16T14:00:37+00:00\",\"description\":\"El programa de educaci\u00f3n nutricional apunta a los sectores m\u00e1s vulnerables, para una alimentaci\u00f3n m\u00e1s sana y nutritiva en todo el pa\u00eds.\",\"breadcrumb\":{\"@id\":\"https:\/\/experienciadevida.com.ar\/portalurbano\/el-gobierno-lanza-un-programa-de-educacion-nutricional-para-una-alimentacion-sana\/#breadcrumb\"},\"inLanguage\":\"es\",\"potentialAction\":[{\"@type\":\"ReadAction\",\"target\":[\"https:\/\/experienciadevida.com.ar\/portalurbano\/el-gobierno-lanza-un-programa-de-educacion-nutricional-para-una-alimentacion-sana\/\"]}]},{\"@type\":\"BreadcrumbList\",\"@id\":\"https:\/\/experienciadevida.com.ar\/portalurbano\/el-gobierno-lanza-un-programa-de-educacion-nutricional-para-una-alimentacion-sana\/#breadcrumb\",\"itemListElement\":[{\"@type\":\"ListItem\",\"position\":1,\"name\":\"Portada\",\"item\":\"https:\/\/experienciadevida.com.ar\/portalurbano\/\"},{\"@type\":\"ListItem\",\"position\":2,\"name\":\"El Gobierno lanza un programa de educaci\u00f3n nutricional para una alimentaci\u00f3n sana\"}]},{\"@type\":\"WebSite\",\"@id\":\"https:\/\/experienciadevida.com.ar\/portalurbano\/#website\",\"url\":\"https:\/\/experienciadevida.com.ar\/portalurbano\/\",\"name\":\"\",\"description\":\"\",\"publisher\":{\"@id\":\"https:\/\/experienciadevida.com.ar\/portalurbano\/#organization\"},\"potentialAction\":[{\"@type\":\"SearchAction\",\"target\":{\"@type\":\"EntryPoint\",\"urlTemplate\":\"https:\/\/experienciadevida.com.ar\/portalurbano\/?s={search_term_string}\"},\"query-input\":\"required name=search_term_string\"}],\"inLanguage\":\"es\"},{\"@type\":\"Organization\",\"@id\":\"https:\/\/experienciadevida.com.ar\/portalurbano\/#organization\",\"name\":\"Portal Urbano\",\"url\":\"https:\/\/experienciadevida.com.ar\/portalurbano\/\",\"logo\":{\"@type\":\"ImageObject\",\"inLanguage\":\"es\",\"@id\":\"https:\/\/experienciadevida.com.ar\/portalurbano\/#\/schema\/logo\/image\/\",\"url\":\"https:\/\/experienciadevida.com.ar\/portalurbano\/wp-content\/uploads\/2019\/09\/Logo-Original.png\",\"contentUrl\":\"https:\/\/experienciadevida.com.ar\/portalurbano\/wp-content\/uploads\/2019\/09\/Logo-Original.png\",\"width\":2236,\"height\":1216,\"caption\":\"Portal Urbano\"},\"image\":{\"@id\":\"https:\/\/experienciadevida.com.ar\/portalurbano\/#\/schema\/logo\/image\/\"},\"sameAs\":[\"https:\/\/www.facebook.com\/Portal-Urbano-171542830093757\/\",\"https:\/\/twitter.com\/portalurbanook\",\"https:\/\/www.instagram.com\/_portalurbano\/\",\"https:\/\/www.youtube.com\/channel\/UCXhagIfszH8KxFiOok79zbA?view_as=subscriber\"]},{\"@type\":\"Person\",\"@id\":\"https:\/\/experienciadevida.com.ar\/portalurbano\/#\/schema\/person\/02dd326b1c4b056e9cc972486934a3a7\",\"name\":\"admpu17wp\",\"image\":{\"@type\":\"ImageObject\",\"inLanguage\":\"es\",\"@id\":\"https:\/\/experienciadevida.com.ar\/portalurbano\/#\/schema\/person\/image\/\",\"url\":\"https:\/\/secure.gravatar.com\/avatar\/830d4c57adaae6630765e449a6908047?s=96&d=mm&r=g\",\"contentUrl\":\"https:\/\/secure.gravatar.com\/avatar\/830d4c57adaae6630765e449a6908047?s=96&d=mm&r=g\",\"caption\":\"admpu17wp\"}}]}<\/script>\n<!-- \/ Yoast SEO plugin. -->","yoast_head_json":{"title":"El Gobierno lanza un programa de educaci\u00f3n nutricional","description":"El programa de educaci\u00f3n nutricional apunta a los sectores m\u00e1s vulnerables, para una alimentaci\u00f3n m\u00e1s sana y nutritiva en todo el pa\u00eds.","robots":{"index":"index","follow":"follow","max-snippet":"max-snippet:-1","max-image-preview":"max-image-preview:large","max-video-preview":"max-video-preview:-1"},"canonical":"https:\/\/experienciadevida.com.ar\/portalurbano\/el-gobierno-lanza-un-programa-de-educacion-nutricional-para-una-alimentacion-sana\/","og_locale":"es_ES","og_type":"article","og_title":"El Gobierno lanza un programa de educaci\u00f3n nutricional","og_description":"El programa de educaci\u00f3n nutricional apunta a los sectores m\u00e1s vulnerables, para una alimentaci\u00f3n m\u00e1s sana y nutritiva en todo el pa\u00eds.","og_url":"https:\/\/experienciadevida.com.ar\/portalurbano\/el-gobierno-lanza-un-programa-de-educacion-nutricional-para-una-alimentacion-sana\/","article_publisher":"https:\/\/www.facebook.com\/Portal-Urbano-171542830093757\/","article_published_time":"2020-10-16T13:59:52+00:00","article_modified_time":"2020-10-16T14:00:37+00:00","og_image":[{"width":696,"height":507,"url":"https:\/\/experienciadevida.com.ar\/portalurbano\/wp-content\/uploads\/2020\/10\/Programa-de-educacion-nutricional.jpg","type":"image\/jpeg"}],"author":"admpu17wp","twitter_card":"summary_large_image","twitter_creator":"@portalurbanook","twitter_site":"@portalurbanook","twitter_misc":{"Escrito por":"admpu17wp","Tiempo de lectura":"2 minutos"},"schema":{"@context":"https:\/\/schema.org","@graph":[{"@type":"Article","@id":"https:\/\/experienciadevida.com.ar\/portalurbano\/el-gobierno-lanza-un-programa-de-educacion-nutricional-para-una-alimentacion-sana\/#article","isPartOf":{"@id":"https:\/\/experienciadevida.com.ar\/portalurbano\/el-gobierno-lanza-un-programa-de-educacion-nutricional-para-una-alimentacion-sana\/"},"author":{"name":"admpu17wp","@id":"https:\/\/experienciadevida.com.ar\/portalurbano\/#\/schema\/person\/02dd326b1c4b056e9cc972486934a3a7"},"headline":"El Gobierno lanza un programa de educaci\u00f3n nutricional para una alimentaci\u00f3n sana","datePublished":"2020-10-16T13:59:52+00:00","dateModified":"2020-10-16T14:00:37+00:00","mainEntityOfPage":{"@id":"https:\/\/experienciadevida.com.ar\/portalurbano\/el-gobierno-lanza-un-programa-de-educacion-nutricional-para-una-alimentacion-sana\/"},"wordCount":506,"publisher":{"@id":"https:\/\/experienciadevida.com.ar\/portalurbano\/#organization"},"articleSection":["Naci\u00f3n"],"inLanguage":"es"},{"@type":"WebPage","@id":"https:\/\/experienciadevida.com.ar\/portalurbano\/el-gobierno-lanza-un-programa-de-educacion-nutricional-para-una-alimentacion-sana\/","url":"https:\/\/experienciadevida.com.ar\/portalurbano\/el-gobierno-lanza-un-programa-de-educacion-nutricional-para-una-alimentacion-sana\/","name":"El Gobierno lanza un programa de educaci\u00f3n nutricional","isPartOf":{"@id":"https:\/\/experienciadevida.com.ar\/portalurbano\/#website"},"datePublished":"2020-10-16T13:59:52+00:00","dateModified":"2020-10-16T14:00:37+00:00","description":"El programa de educaci\u00f3n nutricional apunta a los sectores m\u00e1s vulnerables, para una alimentaci\u00f3n m\u00e1s sana y nutritiva en todo el pa\u00eds.","breadcrumb":{"@id":"https:\/\/experienciadevida.com.ar\/portalurbano\/el-gobierno-lanza-un-programa-de-educacion-nutricional-para-una-alimentacion-sana\/#breadcrumb"},"inLanguage":"es","potentialAction":[{"@type":"ReadAction","target":["https:\/\/experienciadevida.com.ar\/portalurbano\/el-gobierno-lanza-un-programa-de-educacion-nutricional-para-una-alimentacion-sana\/"]}]},{"@type":"BreadcrumbList","@id":"https:\/\/experienciadevida.com.ar\/portalurbano\/el-gobierno-lanza-un-programa-de-educacion-nutricional-para-una-alimentacion-sana\/#breadcrumb","itemListElement":[{"@type":"ListItem","position":1,"name":"Portada","item":"https:\/\/experienciadevida.com.ar\/portalurbano\/"},{"@type":"ListItem","position":2,"name":"El Gobierno lanza un programa de educaci\u00f3n nutricional para una alimentaci\u00f3n sana"}]},{"@type":"WebSite","@id":"https:\/\/experienciadevida.com.ar\/portalurbano\/#website","url":"https:\/\/experienciadevida.com.ar\/portalurbano\/","name":"","description":"","publisher":{"@id":"https:\/\/experienciadevida.com.ar\/portalurbano\/#organization"},"potentialAction":[{"@type":"SearchAction","target":{"@type":"EntryPoint","urlTemplate":"https:\/\/experienciadevida.com.ar\/portalurbano\/?s={search_term_string}"},"query-input":"required name=search_term_string"}],"inLanguage":"es"},{"@type":"Organization","@id":"https:\/\/experienciadevida.com.ar\/portalurbano\/#organization","name":"Portal Urbano","url":"https:\/\/experienciadevida.com.ar\/portalurbano\/","logo":{"@type":"ImageObject","inLanguage":"es","@id":"https:\/\/experienciadevida.com.ar\/portalurbano\/#\/schema\/logo\/image\/","url":"https:\/\/experienciadevida.com.ar\/portalurbano\/wp-content\/uploads\/2019\/09\/Logo-Original.png","contentUrl":"https:\/\/experienciadevida.com.ar\/portalurbano\/wp-content\/uploads\/2019\/09\/Logo-Original.png","width":2236,"height":1216,"caption":"Portal Urbano"},"image":{"@id":"https:\/\/experienciadevida.com.ar\/portalurbano\/#\/schema\/logo\/image\/"},"sameAs":["https:\/\/www.facebook.com\/Portal-Urbano-171542830093757\/","https:\/\/twitter.com\/portalurbanook","https:\/\/www.instagram.com\/_portalurbano\/","https:\/\/www.youtube.com\/channel\/UCXhagIfszH8KxFiOok79zbA?view_as=subscriber"]},{"@type":"Person","@id":"https:\/\/experienciadevida.com.ar\/portalurbano\/#\/schema\/person\/02dd326b1c4b056e9cc972486934a3a7","name":"admpu17wp","image":{"@type":"ImageObject","inLanguage":"es","@id":"https:\/\/experienciadevida.com.ar\/portalurbano\/#\/schema\/person\/image\/","url":"https:\/\/secure.gravatar.com\/avatar\/830d4c57adaae6630765e449a6908047?s=96&d=mm&r=g","contentUrl":"https:\/\/secure.gravatar.com\/avatar\/830d4c57adaae6630765e449a6908047?s=96&d=mm&r=g","caption":"admpu17wp"}}]}},"featured_image_urls":{"full":["https:\/\/experienciadevida.com.ar\/portalurbano\/wp-content\/uploads\/2020\/10\/Programa-de-educacion-nutricional.jpg",696,507,false],"thumbnail":["https:\/\/experienciadevida.com.ar\/portalurbano\/wp-content\/uploads\/2020\/10\/Programa-de-educacion-nutricional-150x150.jpg",150,150,true],"medium":["https:\/\/experienciadevida.com.ar\/portalurbano\/wp-content\/uploads\/2020\/10\/Programa-de-educacion-nutricional-300x219.jpg",300,219,true],"medium_large":["https:\/\/experienciadevida.com.ar\/portalurbano\/wp-content\/uploads\/2020\/10\/Programa-de-educacion-nutricional.jpg",640,466,false],"large":["https:\/\/experienciadevida.com.ar\/portalurbano\/wp-content\/uploads\/2020\/10\/Programa-de-educacion-nutricional.jpg",640,466,false],"ug_big":["https:\/\/experienciadevida.com.ar\/portalurbano\/wp-content\/uploads\/2020\/10\/Programa-de-educacion-nutricional.jpg",696,507,false],"1536x1536":["https:\/\/experienciadevida.com.ar\/portalurbano\/wp-content\/uploads\/2020\/10\/Programa-de-educacion-nutricional.jpg",696,507,false],"2048x2048":["https:\/\/experienciadevida.com.ar\/portalurbano\/wp-content\/uploads\/2020\/10\/Programa-de-educacion-nutricional.jpg",696,507,false],"newsever-slider-full":["https:\/\/experienciadevida.com.ar\/portalurbano\/wp-content\/uploads\/2020\/10\/Programa-de-educacion-nutricional.jpg",696,507,false],"newsever-featured":["https:\/\/experienciadevida.com.ar\/portalurbano\/wp-content\/uploads\/2020\/10\/Programa-de-educacion-nutricional.jpg",696,507,false],"newsever-medium":["https:\/\/experienciadevida.com.ar\/portalurbano\/wp-content\/uploads\/2020\/10\/Programa-de-educacion-nutricional.jpg",652,475,false],"web-stories-poster-portrait":["https:\/\/experienciadevida.com.ar\/portalurbano\/wp-content\/uploads\/2020\/10\/Programa-de-educacion-nutricional.jpg",640,466,false],"web-stories-publisher-logo":["https:\/\/experienciadevida.com.ar\/portalurbano\/wp-content\/uploads\/2020\/10\/Programa-de-educacion-nutricional.jpg",96,70,false],"web-stories-thumbnail":["https:\/\/experienciadevida.com.ar\/portalurbano\/wp-content\/uploads\/2020\/10\/Programa-de-educacion-nutricional.jpg",150,109,false]},"author_info":{"display_name":"admpu17wp","author_link":"https:\/\/experienciadevida.com.ar\/portalurbano\/author\/admpu17wp\/"},"category_info":"<a href=\"https:\/\/experienciadevida.com.ar\/portalurbano\/category\/nacion\/\" rel=\"category tag\">Naci\u00f3n<\/a>","tag_info":"Naci\u00f3n","comment_count":"0","amp_enabled":true,"_links":{"self":[{"href":"https:\/\/experienciadevida.com.ar\/portalurbano\/wp-json\/wp\/v2\/posts\/124511"}],"collection":[{"href":"https:\/\/experienciadevida.com.ar\/portalurbano\/wp-json\/wp\/v2\/posts"}],"about":[{"href":"https:\/\/experienciadevida.com.ar\/portalurbano\/wp-json\/wp\/v2\/types\/post"}],"author":[{"embeddable":true,"href":"https:\/\/experienciadevida.com.ar\/portalurbano\/wp-json\/wp\/v2\/users\/1"}],"replies":[{"embeddable":true,"href":"https:\/\/experienciadevida.com.ar\/portalurbano\/wp-json\/wp\/v2\/comments?post=124511"}],"version-history":[{"count":2,"href":"https:\/\/experienciadevida.com.ar\/portalurbano\/wp-json\/wp\/v2\/posts\/124511\/revisions"}],"predecessor-version":[{"id":124514,"href":"https:\/\/experienciadevida.com.ar\/portalurbano\/wp-json\/wp\/v2\/posts\/124511\/revisions\/124514"}],"wp:featuredmedia":[{"embeddable":true,"href":"https:\/\/experienciadevida.com.ar\/portalurbano\/wp-json\/wp\/v2\/media\/124512"}],"wp:attachment":[{"href":"https:\/\/experienciadevida.com.ar\/portalurbano\/wp-json\/wp\/v2\/media?parent=124511"}],"wp:term":[{"taxonomy":"category","embeddable":true,"href":"https:\/\/experienciadevida.com.ar\/portalurbano\/wp-json\/wp\/v2\/categories?post=124511"},{"taxonomy":"post_tag","embeddable":true,"href":"https:\/\/experienciadevida.com.ar\/portalurbano\/wp-json\/wp\/v2\/tags?post=124511"}],"curies":[{"name":"wp","href":"https:\/\/api.w.org\/{rel}","templated":true}]}}