{"id":124503,"date":"2020-10-16T10:15:42","date_gmt":"2020-10-16T13:15:42","guid":{"rendered":"https:\/\/experienciadevida.com.ar\/portalurbano\/?p=124503"},"modified":"2020-10-16T10:16:35","modified_gmt":"2020-10-16T13:16:35","slug":"esta-es-una-obra-clave-para-lograr-mayor-conectividad-en-olavarria","status":"publish","type":"post","link":"https:\/\/experienciadevida.com.ar\/portalurbano\/esta-es-una-obra-clave-para-lograr-mayor-conectividad-en-olavarria\/","title":{"rendered":"\u201cEsta es una obra clave para lograr mayor conectividad en Olavarr\u00eda\u201d"},"content":{"rendered":"<p>En el d\u00eda de ayer, el intendente <a href=\"https:\/\/www.facebook.com\/galliezequiel\">Ezequiel Galli<\/a> junto a autoridades de Infracom-Olavarr\u00eda y Coopelectric inauguraron el primer tendido de Fibra \u00d3ptica al Hogar (FTTH) de Olavarr\u00eda, una obra clave para lograr <strong>mayor conectividad<\/strong> en nuestra ciudad.<\/p>\n<p>El encuentro tuvo lugar en la oficina t\u00e9cnica de Infracom-Olavarr\u00eda y estuvieron presentes adem\u00e1s de Galli, el presidente de Infracom-Olavarr\u00eda Pablo Bressano, el presidente del Consejo de Administraci\u00f3n de Coopelectric Ignacio Aramburu y el secretario de Desarrollo Econ\u00f3mico Municipal Julio Valetutto.<\/p>\n<p>Este tendido permitir\u00e1 brindar <strong>mayor conectividad<\/strong> y una multiplicidad de servicios tanto para empresas como para usuarios residenciales.<\/p>\n<p>Esta primera etapa abarca el sector comprendido desde calle Riobamba hasta Alberdi y desde Av. Del Valle hasta Av. Sarmiento, con lo cual a partir del mes de noviembre Infracom-Olavarr\u00eda iniciar\u00e1 la comercializaci\u00f3n y las conexiones de este nuevo servicio para los vecinos de Pueblo Nuevo y zonas aleda\u00f1as. Se trata de la primera de las siete etapas planificadas para cubrir toda la ciudad con Fibra \u00d3ptica al Hogar, inversi\u00f3n que alcanzar\u00e1 un total de cinco millones de d\u00f3lares.<\/p>\n<p>Al respecto, Ezequiel Galli dijo: \u201cesta obra es important\u00edsima para la ciudad y nos permite tambi\u00e9n pensar en dise\u00f1ar pol\u00edticas p\u00fablicas que sigan hacia la ciudad inteligente. Tener una <strong>mayor conectividad<\/strong> es fundamental en nuestra gesti\u00f3n para seguir con este proceso de modernizaci\u00f3n que iniciamos en 2015\u201d.<\/p>\n<p>Desde Infracom-Olavarr\u00eda se destac\u00f3 que la Fibra \u00d3ptica al Hogar generar\u00e1 una calidad de servicio sin precedentes en la ciudad y que existe en muy pocas ciudades del pa\u00eds. \u201cPor el tipo de tecnolog\u00eda, el servicio que hoy podemos ofrecer a los ciudadanos es de \u00faltima generaci\u00f3n, de m\u00e1xima calidad y con una capacidad de transmisi\u00f3n de ancho de banda de 100 MB en adelante. Esto no s\u00f3lo permitir\u00e1 brindar un servicio de internet de alta velocidad, sino adem\u00e1s un servicio de televisi\u00f3n de muy bajo costo para todos los abonados de nuestra fibra \u00f3ptica\u201d explic\u00f3 Bressano.<\/p>\n<p>En el marco de la situaci\u00f3n sanitaria y frente a nuevos h\u00e1bitos que llegaron para quedarse como es el caso del teletrabajo, es fundamental poder contar con 100 MB de subida y de bajada porque es una demanda actual de la poblaci\u00f3n.<\/p>\n<p>\u201cNuestra intenci\u00f3n es transformar Olavarr\u00eda en una ciudad inteligente y al mismo tiempo contribuir al impulso modernizador y la visi\u00f3n de ciudad inteligente que tiene este Municipio, ya que este tipo de servicios puede aplicarse tambi\u00e9n al desarrollo de la telemedicina, a mejoras en materia de seguridad, para generar mayor conectividad entre las distintas dependencias del Municipio, entre otras\u201d sostuvo el titular de Infracom-Olavarr\u00eda.<\/p>\n","protected":false},"excerpt":{"rendered":"<p>En el d\u00eda de ayer, el intendente Ezequiel Galli junto a autoridades de Infracom-Olavarr\u00eda y&#8230;<\/p>\n","protected":false},"author":1,"featured_media":124504,"comment_status":"closed","ping_status":"closed","sticky":false,"template":"","format":"standard","meta":{"content-type":""},"categories":[27,51],"tags":[],"nelio_content":{"isAutoShareEnabled":false,"autoShareEndMode":"default","automationSources":{"useContentSentences":true,"useSocialTemplates":true,"useCustomSentences":false,"customSentences":[]},"followers":[1],"suggestedReferences":[],"includedReferences":[],"efiUrl":"","efiAlt":"","highlights":[]},"yoast_head":"<!-- This site is optimized with the Yoast SEO plugin v20.7 - https:\/\/yoast.com\/wordpress\/plugins\/seo\/ -->\n<title>&quot;Esta es una obra clave para lograr mayor conectividad en Olavarr\u00eda&quot;<\/title>\n<meta name=\"description\" content=\"Inauguraron una obra clave para mayor conectividad en nuestra ciudad, el Intendente estuvo con Infracom y Coopelectric, que trabajaron juntos\" \/>\n<meta name=\"robots\" content=\"index, follow, max-snippet:-1, max-image-preview:large, max-video-preview:-1\" \/>\n<link rel=\"canonical\" href=\"https:\/\/experienciadevida.com.ar\/portalurbano\/esta-es-una-obra-clave-para-lograr-mayor-conectividad-en-olavarria\/\" \/>\n<meta property=\"og:locale\" content=\"es_ES\" \/>\n<meta property=\"og:type\" content=\"article\" \/>\n<meta property=\"og:title\" content=\"&quot;Esta es una obra clave para lograr mayor conectividad en Olavarr\u00eda&quot;\" \/>\n<meta property=\"og:description\" content=\"Inauguraron una obra clave para mayor conectividad en nuestra ciudad, el Intendente estuvo con Infracom y Coopelectric, que trabajaron juntos\" \/>\n<meta property=\"og:url\" content=\"https:\/\/experienciadevida.com.ar\/portalurbano\/esta-es-una-obra-clave-para-lograr-mayor-conectividad-en-olavarria\/\" \/>\n<meta property=\"article:publisher\" content=\"https:\/\/www.facebook.com\/Portal-Urbano-171542830093757\/\" \/>\n<meta property=\"article:published_time\" content=\"2020-10-16T13:15:42+00:00\" \/>\n<meta property=\"article:modified_time\" content=\"2020-10-16T13:16:35+00:00\" \/>\n<meta property=\"og:image\" content=\"https:\/\/experienciadevida.com.ar\/portalurbano\/wp-content\/uploads\/2020\/10\/Mayor-conectividad.jpg\" \/>\n\t<meta property=\"og:image:width\" content=\"1968\" \/>\n\t<meta property=\"og:image:height\" content=\"1312\" \/>\n\t<meta property=\"og:image:type\" content=\"image\/jpeg\" \/>\n<meta name=\"author\" content=\"admpu17wp\" \/>\n<meta name=\"twitter:card\" content=\"summary_large_image\" \/>\n<meta name=\"twitter:creator\" content=\"@portalurbanook\" \/>\n<meta name=\"twitter:site\" content=\"@portalurbanook\" \/>\n<meta name=\"twitter:label1\" content=\"Escrito por\" \/>\n\t<meta name=\"twitter:data1\" content=\"admpu17wp\" \/>\n\t<meta name=\"twitter:label2\" content=\"Tiempo de lectura\" \/>\n\t<meta name=\"twitter:data2\" content=\"2 minutos\" \/>\n<script type=\"application\/ld+json\" class=\"yoast-schema-graph\">{\"@context\":\"https:\/\/schema.org\",\"@graph\":[{\"@type\":\"Article\",\"@id\":\"https:\/\/experienciadevida.com.ar\/portalurbano\/esta-es-una-obra-clave-para-lograr-mayor-conectividad-en-olavarria\/#article\",\"isPartOf\":{\"@id\":\"https:\/\/experienciadevida.com.ar\/portalurbano\/esta-es-una-obra-clave-para-lograr-mayor-conectividad-en-olavarria\/\"},\"author\":{\"name\":\"admpu17wp\",\"@id\":\"https:\/\/experienciadevida.com.ar\/portalurbano\/#\/schema\/person\/02dd326b1c4b056e9cc972486934a3a7\"},\"headline\":\"\u201cEsta es una obra clave para lograr mayor conectividad en Olavarr\u00eda\u201d\",\"datePublished\":\"2020-10-16T13:15:42+00:00\",\"dateModified\":\"2020-10-16T13:16:35+00:00\",\"mainEntityOfPage\":{\"@id\":\"https:\/\/experienciadevida.com.ar\/portalurbano\/esta-es-una-obra-clave-para-lograr-mayor-conectividad-en-olavarria\/\"},\"wordCount\":473,\"publisher\":{\"@id\":\"https:\/\/experienciadevida.com.ar\/portalurbano\/#organization\"},\"articleSection\":[\"Ciudad\",\"Destacadas\"],\"inLanguage\":\"es\"},{\"@type\":\"WebPage\",\"@id\":\"https:\/\/experienciadevida.com.ar\/portalurbano\/esta-es-una-obra-clave-para-lograr-mayor-conectividad-en-olavarria\/\",\"url\":\"https:\/\/experienciadevida.com.ar\/portalurbano\/esta-es-una-obra-clave-para-lograr-mayor-conectividad-en-olavarria\/\",\"name\":\"\\\"Esta es una obra clave para lograr mayor conectividad en Olavarr\u00eda\\\"\",\"isPartOf\":{\"@id\":\"https:\/\/experienciadevida.com.ar\/portalurbano\/#website\"},\"datePublished\":\"2020-10-16T13:15:42+00:00\",\"dateModified\":\"2020-10-16T13:16:35+00:00\",\"description\":\"Inauguraron una obra clave para mayor conectividad en nuestra ciudad, el Intendente estuvo con Infracom y Coopelectric, que trabajaron juntos\",\"breadcrumb\":{\"@id\":\"https:\/\/experienciadevida.com.ar\/portalurbano\/esta-es-una-obra-clave-para-lograr-mayor-conectividad-en-olavarria\/#breadcrumb\"},\"inLanguage\":\"es\",\"potentialAction\":[{\"@type\":\"ReadAction\",\"target\":[\"https:\/\/experienciadevida.com.ar\/portalurbano\/esta-es-una-obra-clave-para-lograr-mayor-conectividad-en-olavarria\/\"]}]},{\"@type\":\"BreadcrumbList\",\"@id\":\"https:\/\/experienciadevida.com.ar\/portalurbano\/esta-es-una-obra-clave-para-lograr-mayor-conectividad-en-olavarria\/#breadcrumb\",\"itemListElement\":[{\"@type\":\"ListItem\",\"position\":1,\"name\":\"Portada\",\"item\":\"https:\/\/experienciadevida.com.ar\/portalurbano\/\"},{\"@type\":\"ListItem\",\"position\":2,\"name\":\"\u201cEsta es una obra clave para lograr mayor conectividad en Olavarr\u00eda\u201d\"}]},{\"@type\":\"WebSite\",\"@id\":\"https:\/\/experienciadevida.com.ar\/portalurbano\/#website\",\"url\":\"https:\/\/experienciadevida.com.ar\/portalurbano\/\",\"name\":\"\",\"description\":\"\",\"publisher\":{\"@id\":\"https:\/\/experienciadevida.com.ar\/portalurbano\/#organization\"},\"potentialAction\":[{\"@type\":\"SearchAction\",\"target\":{\"@type\":\"EntryPoint\",\"urlTemplate\":\"https:\/\/experienciadevida.com.ar\/portalurbano\/?s={search_term_string}\"},\"query-input\":\"required name=search_term_string\"}],\"inLanguage\":\"es\"},{\"@type\":\"Organization\",\"@id\":\"https:\/\/experienciadevida.com.ar\/portalurbano\/#organization\",\"name\":\"Portal Urbano\",\"url\":\"https:\/\/experienciadevida.com.ar\/portalurbano\/\",\"logo\":{\"@type\":\"ImageObject\",\"inLanguage\":\"es\",\"@id\":\"https:\/\/experienciadevida.com.ar\/portalurbano\/#\/schema\/logo\/image\/\",\"url\":\"https:\/\/experienciadevida.com.ar\/portalurbano\/wp-content\/uploads\/2019\/09\/Logo-Original.png\",\"contentUrl\":\"https:\/\/experienciadevida.com.ar\/portalurbano\/wp-content\/uploads\/2019\/09\/Logo-Original.png\",\"width\":2236,\"height\":1216,\"caption\":\"Portal Urbano\"},\"image\":{\"@id\":\"https:\/\/experienciadevida.com.ar\/portalurbano\/#\/schema\/logo\/image\/\"},\"sameAs\":[\"https:\/\/www.facebook.com\/Portal-Urbano-171542830093757\/\",\"https:\/\/twitter.com\/portalurbanook\",\"https:\/\/www.instagram.com\/_portalurbano\/\",\"https:\/\/www.youtube.com\/channel\/UCXhagIfszH8KxFiOok79zbA?view_as=subscriber\"]},{\"@type\":\"Person\",\"@id\":\"https:\/\/experienciadevida.com.ar\/portalurbano\/#\/schema\/person\/02dd326b1c4b056e9cc972486934a3a7\",\"name\":\"admpu17wp\",\"image\":{\"@type\":\"ImageObject\",\"inLanguage\":\"es\",\"@id\":\"https:\/\/experienciadevida.com.ar\/portalurbano\/#\/schema\/person\/image\/\",\"url\":\"https:\/\/secure.gravatar.com\/avatar\/830d4c57adaae6630765e449a6908047?s=96&d=mm&r=g\",\"contentUrl\":\"https:\/\/secure.gravatar.com\/avatar\/830d4c57adaae6630765e449a6908047?s=96&d=mm&r=g\",\"caption\":\"admpu17wp\"}}]}<\/script>\n<!-- \/ Yoast SEO plugin. -->","yoast_head_json":{"title":"\"Esta es una obra clave para lograr mayor conectividad en Olavarr\u00eda\"","description":"Inauguraron una obra clave para mayor conectividad en nuestra ciudad, el Intendente estuvo con Infracom y Coopelectric, que trabajaron juntos","robots":{"index":"index","follow":"follow","max-snippet":"max-snippet:-1","max-image-preview":"max-image-preview:large","max-video-preview":"max-video-preview:-1"},"canonical":"https:\/\/experienciadevida.com.ar\/portalurbano\/esta-es-una-obra-clave-para-lograr-mayor-conectividad-en-olavarria\/","og_locale":"es_ES","og_type":"article","og_title":"\"Esta es una obra clave para lograr mayor conectividad en Olavarr\u00eda\"","og_description":"Inauguraron una obra clave para mayor conectividad en nuestra ciudad, el Intendente estuvo con Infracom y Coopelectric, que trabajaron juntos","og_url":"https:\/\/experienciadevida.com.ar\/portalurbano\/esta-es-una-obra-clave-para-lograr-mayor-conectividad-en-olavarria\/","article_publisher":"https:\/\/www.facebook.com\/Portal-Urbano-171542830093757\/","article_published_time":"2020-10-16T13:15:42+00:00","article_modified_time":"2020-10-16T13:16:35+00:00","og_image":[{"width":1968,"height":1312,"url":"https:\/\/experienciadevida.com.ar\/portalurbano\/wp-content\/uploads\/2020\/10\/Mayor-conectividad.jpg","type":"image\/jpeg"}],"author":"admpu17wp","twitter_card":"summary_large_image","twitter_creator":"@portalurbanook","twitter_site":"@portalurbanook","twitter_misc":{"Escrito por":"admpu17wp","Tiempo de lectura":"2 minutos"},"schema":{"@context":"https:\/\/schema.org","@graph":[{"@type":"Article","@id":"https:\/\/experienciadevida.com.ar\/portalurbano\/esta-es-una-obra-clave-para-lograr-mayor-conectividad-en-olavarria\/#article","isPartOf":{"@id":"https:\/\/experienciadevida.com.ar\/portalurbano\/esta-es-una-obra-clave-para-lograr-mayor-conectividad-en-olavarria\/"},"author":{"name":"admpu17wp","@id":"https:\/\/experienciadevida.com.ar\/portalurbano\/#\/schema\/person\/02dd326b1c4b056e9cc972486934a3a7"},"headline":"\u201cEsta es una obra clave para lograr mayor conectividad en Olavarr\u00eda\u201d","datePublished":"2020-10-16T13:15:42+00:00","dateModified":"2020-10-16T13:16:35+00:00","mainEntityOfPage":{"@id":"https:\/\/experienciadevida.com.ar\/portalurbano\/esta-es-una-obra-clave-para-lograr-mayor-conectividad-en-olavarria\/"},"wordCount":473,"publisher":{"@id":"https:\/\/experienciadevida.com.ar\/portalurbano\/#organization"},"articleSection":["Ciudad","Destacadas"],"inLanguage":"es"},{"@type":"WebPage","@id":"https:\/\/experienciadevida.com.ar\/portalurbano\/esta-es-una-obra-clave-para-lograr-mayor-conectividad-en-olavarria\/","url":"https:\/\/experienciadevida.com.ar\/portalurbano\/esta-es-una-obra-clave-para-lograr-mayor-conectividad-en-olavarria\/","name":"\"Esta es una obra clave para lograr mayor conectividad en Olavarr\u00eda\"","isPartOf":{"@id":"https:\/\/experienciadevida.com.ar\/portalurbano\/#website"},"datePublished":"2020-10-16T13:15:42+00:00","dateModified":"2020-10-16T13:16:35+00:00","description":"Inauguraron una obra clave para mayor conectividad en nuestra ciudad, el Intendente estuvo con Infracom y Coopelectric, que trabajaron juntos","breadcrumb":{"@id":"https:\/\/experienciadevida.com.ar\/portalurbano\/esta-es-una-obra-clave-para-lograr-mayor-conectividad-en-olavarria\/#breadcrumb"},"inLanguage":"es","potentialAction":[{"@type":"ReadAction","target":["https:\/\/experienciadevida.com.ar\/portalurbano\/esta-es-una-obra-clave-para-lograr-mayor-conectividad-en-olavarria\/"]}]},{"@type":"BreadcrumbList","@id":"https:\/\/experienciadevida.com.ar\/portalurbano\/esta-es-una-obra-clave-para-lograr-mayor-conectividad-en-olavarria\/#breadcrumb","itemListElement":[{"@type":"ListItem","position":1,"name":"Portada","item":"https:\/\/experienciadevida.com.ar\/portalurbano\/"},{"@type":"ListItem","position":2,"name":"\u201cEsta es una obra clave para lograr mayor conectividad en Olavarr\u00eda\u201d"}]},{"@type":"WebSite","@id":"https:\/\/experienciadevida.com.ar\/portalurbano\/#website","url":"https:\/\/experienciadevida.com.ar\/portalurbano\/","name":"","description":"","publisher":{"@id":"https:\/\/experienciadevida.com.ar\/portalurbano\/#organization"},"potentialAction":[{"@type":"SearchAction","target":{"@type":"EntryPoint","urlTemplate":"https:\/\/experienciadevida.com.ar\/portalurbano\/?s={search_term_string}"},"query-input":"required name=search_term_string"}],"inLanguage":"es"},{"@type":"Organization","@id":"https:\/\/experienciadevida.com.ar\/portalurbano\/#organization","name":"Portal Urbano","url":"https:\/\/experienciadevida.com.ar\/portalurbano\/","logo":{"@type":"ImageObject","inLanguage":"es","@id":"https:\/\/experienciadevida.com.ar\/portalurbano\/#\/schema\/logo\/image\/","url":"https:\/\/experienciadevida.com.ar\/portalurbano\/wp-content\/uploads\/2019\/09\/Logo-Original.png","contentUrl":"https:\/\/experienciadevida.com.ar\/portalurbano\/wp-content\/uploads\/2019\/09\/Logo-Original.png","width":2236,"height":1216,"caption":"Portal Urbano"},"image":{"@id":"https:\/\/experienciadevida.com.ar\/portalurbano\/#\/schema\/logo\/image\/"},"sameAs":["https:\/\/www.facebook.com\/Portal-Urbano-171542830093757\/","https:\/\/twitter.com\/portalurbanook","https:\/\/www.instagram.com\/_portalurbano\/","https:\/\/www.youtube.com\/channel\/UCXhagIfszH8KxFiOok79zbA?view_as=subscriber"]},{"@type":"Person","@id":"https:\/\/experienciadevida.com.ar\/portalurbano\/#\/schema\/person\/02dd326b1c4b056e9cc972486934a3a7","name":"admpu17wp","image":{"@type":"ImageObject","inLanguage":"es","@id":"https:\/\/experienciadevida.com.ar\/portalurbano\/#\/schema\/person\/image\/","url":"https:\/\/secure.gravatar.com\/avatar\/830d4c57adaae6630765e449a6908047?s=96&d=mm&r=g","contentUrl":"https:\/\/secure.gravatar.com\/avatar\/830d4c57adaae6630765e449a6908047?s=96&d=mm&r=g","caption":"admpu17wp"}}]}},"featured_image_urls":{"full":["https:\/\/experienciadevida.com.ar\/portalurbano\/wp-content\/uploads\/2020\/10\/Mayor-conectividad.jpg",1968,1312,false],"thumbnail":["https:\/\/experienciadevida.com.ar\/portalurbano\/wp-content\/uploads\/2020\/10\/Mayor-conectividad-150x150.jpg",150,150,true],"medium":["https:\/\/experienciadevida.com.ar\/portalurbano\/wp-content\/uploads\/2020\/10\/Mayor-conectividad-300x200.jpg",300,200,true],"medium_large":["https:\/\/experienciadevida.com.ar\/portalurbano\/wp-content\/uploads\/2020\/10\/Mayor-conectividad-768x512.jpg",640,427,true],"large":["https:\/\/experienciadevida.com.ar\/portalurbano\/wp-content\/uploads\/2020\/10\/Mayor-conectividad-1024x683.jpg",640,427,true],"ug_big":["https:\/\/experienciadevida.com.ar\/portalurbano\/wp-content\/uploads\/2020\/10\/Mayor-conectividad-768x512.jpg",768,512,true],"1536x1536":["https:\/\/experienciadevida.com.ar\/portalurbano\/wp-content\/uploads\/2020\/10\/Mayor-conectividad-1536x1024.jpg",1536,1024,true],"2048x2048":["https:\/\/experienciadevida.com.ar\/portalurbano\/wp-content\/uploads\/2020\/10\/Mayor-conectividad.jpg",1968,1312,false],"newsever-slider-full":["https:\/\/experienciadevida.com.ar\/portalurbano\/wp-content\/uploads\/2020\/10\/Mayor-conectividad.jpg",1268,845,false],"newsever-featured":["https:\/\/experienciadevida.com.ar\/portalurbano\/wp-content\/uploads\/2020\/10\/Mayor-conectividad.jpg",1024,683,false],"newsever-medium":["https:\/\/experienciadevida.com.ar\/portalurbano\/wp-content\/uploads\/2020\/10\/Mayor-conectividad.jpg",713,475,false],"web-stories-poster-portrait":["https:\/\/experienciadevida.com.ar\/portalurbano\/wp-content\/uploads\/2020\/10\/Mayor-conectividad.jpg",640,427,false],"web-stories-publisher-logo":["https:\/\/experienciadevida.com.ar\/portalurbano\/wp-content\/uploads\/2020\/10\/Mayor-conectividad.jpg",96,64,false],"web-stories-thumbnail":["https:\/\/experienciadevida.com.ar\/portalurbano\/wp-content\/uploads\/2020\/10\/Mayor-conectividad.jpg",150,100,false]},"author_info":{"display_name":"admpu17wp","author_link":"https:\/\/experienciadevida.com.ar\/portalurbano\/author\/admpu17wp\/"},"category_info":"<a href=\"https:\/\/experienciadevida.com.ar\/portalurbano\/category\/ciudad\/\" rel=\"category tag\">Ciudad<\/a> <a href=\"https:\/\/experienciadevida.com.ar\/portalurbano\/category\/destacadas\/\" rel=\"category tag\">Destacadas<\/a>","tag_info":"Destacadas","comment_count":"0","amp_enabled":true,"_links":{"self":[{"href":"https:\/\/experienciadevida.com.ar\/portalurbano\/wp-json\/wp\/v2\/posts\/124503"}],"collection":[{"href":"https:\/\/experienciadevida.com.ar\/portalurbano\/wp-json\/wp\/v2\/posts"}],"about":[{"href":"https:\/\/experienciadevida.com.ar\/portalurbano\/wp-json\/wp\/v2\/types\/post"}],"author":[{"embeddable":true,"href":"https:\/\/experienciadevida.com.ar\/portalurbano\/wp-json\/wp\/v2\/users\/1"}],"replies":[{"embeddable":true,"href":"https:\/\/experienciadevida.com.ar\/portalurbano\/wp-json\/wp\/v2\/comments?post=124503"}],"version-history":[{"count":1,"href":"https:\/\/experienciadevida.com.ar\/portalurbano\/wp-json\/wp\/v2\/posts\/124503\/revisions"}],"predecessor-version":[{"id":124505,"href":"https:\/\/experienciadevida.com.ar\/portalurbano\/wp-json\/wp\/v2\/posts\/124503\/revisions\/124505"}],"wp:featuredmedia":[{"embeddable":true,"href":"https:\/\/experienciadevida.com.ar\/portalurbano\/wp-json\/wp\/v2\/media\/124504"}],"wp:attachment":[{"href":"https:\/\/experienciadevida.com.ar\/portalurbano\/wp-json\/wp\/v2\/media?parent=124503"}],"wp:term":[{"taxonomy":"category","embeddable":true,"href":"https:\/\/experienciadevida.com.ar\/portalurbano\/wp-json\/wp\/v2\/categories?post=124503"},{"taxonomy":"post_tag","embeddable":true,"href":"https:\/\/experienciadevida.com.ar\/portalurbano\/wp-json\/wp\/v2\/tags?post=124503"}],"curies":[{"name":"wp","href":"https:\/\/api.w.org\/{rel}","templated":true}]}}