{"id":124445,"date":"2020-10-15T16:09:18","date_gmt":"2020-10-15T19:09:18","guid":{"rendered":"https:\/\/experienciadevida.com.ar\/portalurbano\/?p=124445"},"modified":"2020-10-15T16:09:59","modified_gmt":"2020-10-15T19:09:59","slug":"mesa-de-emergencia-continuaremos-firmemente-en-nuestras-acciones","status":"publish","type":"post","link":"https:\/\/experienciadevida.com.ar\/portalurbano\/mesa-de-emergencia-continuaremos-firmemente-en-nuestras-acciones\/","title":{"rendered":"Mesa de emergencia: &#8220;Continuaremos firmemente en nuestras acciones&#8221;"},"content":{"rendered":"<p>En la jornada de este jueves, la <strong>mesa<\/strong> <a href=\"https:\/\/www.facebook.com\/mesaemergenciasolavarria\">de emergencia<\/a>, emiti\u00f3 un comunicado sobre la lucha que vienen realizando desde hace varios d\u00edas en las carpas instaladas en el Paseo Jes\u00fas mend\u00eda por\u00a0 el acceso a la vivienda.<\/p>\n<p>El comunicado menciona &#8220;<em>nuestros mensajes expresados desde una oraci\u00f3n o dibujo, para que a trav\u00e9s de ellos el ciudadano de a pie comprenda nuestra presencia en el pasaje Jes\u00fas Mend\u00eda. Compartir con ustedes nuestras emociones, y que se detengan a darnos frases de aliento, nos incentiva a continuar pidiendo por la soluci\u00f3n a los conflictos expuestos por las familias que se encuentran acampando&#8221;.<\/em><\/p>\n<p>Por otro lado, desde la <strong>mesa<\/strong> dicen &#8220;<em>ver a los peques disfrutando del arte, pudiendo dejar a su libre interpretaci\u00f3n lo que perciben que est\u00e1 pasando, expresarse sin miedos ni condicionamientos, son acciones que los vuelven m\u00e1s libes y seguros de s\u00ed mismos, desde las im\u00e1genes, eso nos demuestran&#8221;.<\/em><\/p>\n<p><em>&#8220;Seguro un cartel te identifica, te cuestiona tu pasar o te siembra la duda entre lo que es y lo que crees. Estamos ac\u00e1, pidiendo pac\u00edfica y respetuosamente, como sabemos, como debe ser, aunque cada d\u00eda, el propio Estado se nos tiente de risa en la cara.\u00a0 Continuaremos firmemente en nuestras acciones, porque estuvimos mucho tiempo esperando, con fr\u00edo, sin luz, con paredes de chapa, con un escusado afuera, sin casa, ya no m\u00e1s&#8221;.<\/em><\/p>\n<p>Por \u00faltimo desde la <strong>mesa<\/strong> dicen &#8220;<em>sino comprendes nuestro pedido, antes de cuestionarnos, acercate, conocenos, trae tu mate y lo charlamos&#8221;.\u00a0<\/em><\/p>\n","protected":false},"excerpt":{"rendered":"<p>En la jornada de este jueves, la mesa de emergencia, emiti\u00f3 un comunicado sobre la&#8230;<\/p>\n","protected":false},"author":1,"featured_media":124446,"comment_status":"closed","ping_status":"closed","sticky":false,"template":"","format":"standard","meta":{"content-type":""},"categories":[27,51],"tags":[],"nelio_content":{"isAutoShareEnabled":false,"autoShareEndMode":"default","automationSources":{"useContentSentences":true,"useSocialTemplates":true,"useCustomSentences":false,"customSentences":[]},"followers":[1],"suggestedReferences":[],"includedReferences":[],"efiUrl":"","efiAlt":"","highlights":[]},"yoast_head":"<!-- This site is optimized with the Yoast SEO plugin v20.7 - https:\/\/yoast.com\/wordpress\/plugins\/seo\/ -->\n<title>Mesa de emergencia:&quot;Continuaremos firmemente en nuestras acciones&quot;<\/title>\n<meta name=\"description\" content=\"L mesa de emergencia, emiti\u00f3 un comunicado sobre la lucha que vienen realizando desde hace varios d\u00edas en las carpas instaladas en la plaza\" \/>\n<meta name=\"robots\" content=\"index, follow, max-snippet:-1, max-image-preview:large, max-video-preview:-1\" \/>\n<link rel=\"canonical\" href=\"https:\/\/experienciadevida.com.ar\/portalurbano\/mesa-de-emergencia-continuaremos-firmemente-en-nuestras-acciones\/\" \/>\n<meta property=\"og:locale\" content=\"es_ES\" \/>\n<meta property=\"og:type\" content=\"article\" \/>\n<meta property=\"og:title\" content=\"Mesa de emergencia:&quot;Continuaremos firmemente en nuestras acciones&quot;\" \/>\n<meta property=\"og:description\" content=\"L mesa de emergencia, emiti\u00f3 un comunicado sobre la lucha que vienen realizando desde hace varios d\u00edas en las carpas instaladas en la plaza\" \/>\n<meta property=\"og:url\" content=\"https:\/\/experienciadevida.com.ar\/portalurbano\/mesa-de-emergencia-continuaremos-firmemente-en-nuestras-acciones\/\" \/>\n<meta property=\"article:publisher\" content=\"https:\/\/www.facebook.com\/Portal-Urbano-171542830093757\/\" \/>\n<meta property=\"article:published_time\" content=\"2020-10-15T19:09:18+00:00\" \/>\n<meta property=\"article:modified_time\" content=\"2020-10-15T19:09:59+00:00\" \/>\n<meta property=\"og:image\" content=\"https:\/\/experienciadevida.com.ar\/portalurbano\/wp-content\/uploads\/2020\/10\/Mesa.jpeg\" \/>\n\t<meta property=\"og:image:width\" content=\"765\" \/>\n\t<meta property=\"og:image:height\" content=\"510\" \/>\n\t<meta property=\"og:image:type\" content=\"image\/jpeg\" \/>\n<meta name=\"author\" content=\"admpu17wp\" \/>\n<meta name=\"twitter:card\" content=\"summary_large_image\" \/>\n<meta name=\"twitter:creator\" content=\"@portalurbanook\" \/>\n<meta name=\"twitter:site\" content=\"@portalurbanook\" \/>\n<meta name=\"twitter:label1\" content=\"Escrito por\" \/>\n\t<meta name=\"twitter:data1\" content=\"admpu17wp\" \/>\n\t<meta name=\"twitter:label2\" content=\"Tiempo de lectura\" \/>\n\t<meta name=\"twitter:data2\" content=\"1 minuto\" \/>\n<script type=\"application\/ld+json\" class=\"yoast-schema-graph\">{\"@context\":\"https:\/\/schema.org\",\"@graph\":[{\"@type\":\"Article\",\"@id\":\"https:\/\/experienciadevida.com.ar\/portalurbano\/mesa-de-emergencia-continuaremos-firmemente-en-nuestras-acciones\/#article\",\"isPartOf\":{\"@id\":\"https:\/\/experienciadevida.com.ar\/portalurbano\/mesa-de-emergencia-continuaremos-firmemente-en-nuestras-acciones\/\"},\"author\":{\"name\":\"admpu17wp\",\"@id\":\"https:\/\/experienciadevida.com.ar\/portalurbano\/#\/schema\/person\/02dd326b1c4b056e9cc972486934a3a7\"},\"headline\":\"Mesa de emergencia: &#8220;Continuaremos firmemente en nuestras acciones&#8221;\",\"datePublished\":\"2020-10-15T19:09:18+00:00\",\"dateModified\":\"2020-10-15T19:09:59+00:00\",\"mainEntityOfPage\":{\"@id\":\"https:\/\/experienciadevida.com.ar\/portalurbano\/mesa-de-emergencia-continuaremos-firmemente-en-nuestras-acciones\/\"},\"wordCount\":268,\"publisher\":{\"@id\":\"https:\/\/experienciadevida.com.ar\/portalurbano\/#organization\"},\"articleSection\":[\"Ciudad\",\"Destacadas\"],\"inLanguage\":\"es\"},{\"@type\":\"WebPage\",\"@id\":\"https:\/\/experienciadevida.com.ar\/portalurbano\/mesa-de-emergencia-continuaremos-firmemente-en-nuestras-acciones\/\",\"url\":\"https:\/\/experienciadevida.com.ar\/portalurbano\/mesa-de-emergencia-continuaremos-firmemente-en-nuestras-acciones\/\",\"name\":\"Mesa de emergencia:\\\"Continuaremos firmemente en nuestras acciones\\\"\",\"isPartOf\":{\"@id\":\"https:\/\/experienciadevida.com.ar\/portalurbano\/#website\"},\"datePublished\":\"2020-10-15T19:09:18+00:00\",\"dateModified\":\"2020-10-15T19:09:59+00:00\",\"description\":\"L mesa de emergencia, emiti\u00f3 un comunicado sobre la lucha que vienen realizando desde hace varios d\u00edas en las carpas instaladas en la plaza\",\"breadcrumb\":{\"@id\":\"https:\/\/experienciadevida.com.ar\/portalurbano\/mesa-de-emergencia-continuaremos-firmemente-en-nuestras-acciones\/#breadcrumb\"},\"inLanguage\":\"es\",\"potentialAction\":[{\"@type\":\"ReadAction\",\"target\":[\"https:\/\/experienciadevida.com.ar\/portalurbano\/mesa-de-emergencia-continuaremos-firmemente-en-nuestras-acciones\/\"]}]},{\"@type\":\"BreadcrumbList\",\"@id\":\"https:\/\/experienciadevida.com.ar\/portalurbano\/mesa-de-emergencia-continuaremos-firmemente-en-nuestras-acciones\/#breadcrumb\",\"itemListElement\":[{\"@type\":\"ListItem\",\"position\":1,\"name\":\"Portada\",\"item\":\"https:\/\/experienciadevida.com.ar\/portalurbano\/\"},{\"@type\":\"ListItem\",\"position\":2,\"name\":\"Mesa de emergencia: \u00abContinuaremos firmemente en nuestras acciones\u00bb\"}]},{\"@type\":\"WebSite\",\"@id\":\"https:\/\/experienciadevida.com.ar\/portalurbano\/#website\",\"url\":\"https:\/\/experienciadevida.com.ar\/portalurbano\/\",\"name\":\"\",\"description\":\"\",\"publisher\":{\"@id\":\"https:\/\/experienciadevida.com.ar\/portalurbano\/#organization\"},\"potentialAction\":[{\"@type\":\"SearchAction\",\"target\":{\"@type\":\"EntryPoint\",\"urlTemplate\":\"https:\/\/experienciadevida.com.ar\/portalurbano\/?s={search_term_string}\"},\"query-input\":\"required name=search_term_string\"}],\"inLanguage\":\"es\"},{\"@type\":\"Organization\",\"@id\":\"https:\/\/experienciadevida.com.ar\/portalurbano\/#organization\",\"name\":\"Portal Urbano\",\"url\":\"https:\/\/experienciadevida.com.ar\/portalurbano\/\",\"logo\":{\"@type\":\"ImageObject\",\"inLanguage\":\"es\",\"@id\":\"https:\/\/experienciadevida.com.ar\/portalurbano\/#\/schema\/logo\/image\/\",\"url\":\"https:\/\/experienciadevida.com.ar\/portalurbano\/wp-content\/uploads\/2019\/09\/Logo-Original.png\",\"contentUrl\":\"https:\/\/experienciadevida.com.ar\/portalurbano\/wp-content\/uploads\/2019\/09\/Logo-Original.png\",\"width\":2236,\"height\":1216,\"caption\":\"Portal Urbano\"},\"image\":{\"@id\":\"https:\/\/experienciadevida.com.ar\/portalurbano\/#\/schema\/logo\/image\/\"},\"sameAs\":[\"https:\/\/www.facebook.com\/Portal-Urbano-171542830093757\/\",\"https:\/\/twitter.com\/portalurbanook\",\"https:\/\/www.instagram.com\/_portalurbano\/\",\"https:\/\/www.youtube.com\/channel\/UCXhagIfszH8KxFiOok79zbA?view_as=subscriber\"]},{\"@type\":\"Person\",\"@id\":\"https:\/\/experienciadevida.com.ar\/portalurbano\/#\/schema\/person\/02dd326b1c4b056e9cc972486934a3a7\",\"name\":\"admpu17wp\",\"image\":{\"@type\":\"ImageObject\",\"inLanguage\":\"es\",\"@id\":\"https:\/\/experienciadevida.com.ar\/portalurbano\/#\/schema\/person\/image\/\",\"url\":\"https:\/\/secure.gravatar.com\/avatar\/830d4c57adaae6630765e449a6908047?s=96&d=mm&r=g\",\"contentUrl\":\"https:\/\/secure.gravatar.com\/avatar\/830d4c57adaae6630765e449a6908047?s=96&d=mm&r=g\",\"caption\":\"admpu17wp\"}}]}<\/script>\n<!-- \/ Yoast SEO plugin. -->","yoast_head_json":{"title":"Mesa de emergencia:\"Continuaremos firmemente en nuestras acciones\"","description":"L mesa de emergencia, emiti\u00f3 un comunicado sobre la lucha que vienen realizando desde hace varios d\u00edas en las carpas instaladas en la plaza","robots":{"index":"index","follow":"follow","max-snippet":"max-snippet:-1","max-image-preview":"max-image-preview:large","max-video-preview":"max-video-preview:-1"},"canonical":"https:\/\/experienciadevida.com.ar\/portalurbano\/mesa-de-emergencia-continuaremos-firmemente-en-nuestras-acciones\/","og_locale":"es_ES","og_type":"article","og_title":"Mesa de emergencia:\"Continuaremos firmemente en nuestras acciones\"","og_description":"L mesa de emergencia, emiti\u00f3 un comunicado sobre la lucha que vienen realizando desde hace varios d\u00edas en las carpas instaladas en la plaza","og_url":"https:\/\/experienciadevida.com.ar\/portalurbano\/mesa-de-emergencia-continuaremos-firmemente-en-nuestras-acciones\/","article_publisher":"https:\/\/www.facebook.com\/Portal-Urbano-171542830093757\/","article_published_time":"2020-10-15T19:09:18+00:00","article_modified_time":"2020-10-15T19:09:59+00:00","og_image":[{"width":765,"height":510,"url":"https:\/\/experienciadevida.com.ar\/portalurbano\/wp-content\/uploads\/2020\/10\/Mesa.jpeg","type":"image\/jpeg"}],"author":"admpu17wp","twitter_card":"summary_large_image","twitter_creator":"@portalurbanook","twitter_site":"@portalurbanook","twitter_misc":{"Escrito por":"admpu17wp","Tiempo de lectura":"1 minuto"},"schema":{"@context":"https:\/\/schema.org","@graph":[{"@type":"Article","@id":"https:\/\/experienciadevida.com.ar\/portalurbano\/mesa-de-emergencia-continuaremos-firmemente-en-nuestras-acciones\/#article","isPartOf":{"@id":"https:\/\/experienciadevida.com.ar\/portalurbano\/mesa-de-emergencia-continuaremos-firmemente-en-nuestras-acciones\/"},"author":{"name":"admpu17wp","@id":"https:\/\/experienciadevida.com.ar\/portalurbano\/#\/schema\/person\/02dd326b1c4b056e9cc972486934a3a7"},"headline":"Mesa de emergencia: &#8220;Continuaremos firmemente en nuestras acciones&#8221;","datePublished":"2020-10-15T19:09:18+00:00","dateModified":"2020-10-15T19:09:59+00:00","mainEntityOfPage":{"@id":"https:\/\/experienciadevida.com.ar\/portalurbano\/mesa-de-emergencia-continuaremos-firmemente-en-nuestras-acciones\/"},"wordCount":268,"publisher":{"@id":"https:\/\/experienciadevida.com.ar\/portalurbano\/#organization"},"articleSection":["Ciudad","Destacadas"],"inLanguage":"es"},{"@type":"WebPage","@id":"https:\/\/experienciadevida.com.ar\/portalurbano\/mesa-de-emergencia-continuaremos-firmemente-en-nuestras-acciones\/","url":"https:\/\/experienciadevida.com.ar\/portalurbano\/mesa-de-emergencia-continuaremos-firmemente-en-nuestras-acciones\/","name":"Mesa de emergencia:\"Continuaremos firmemente en nuestras acciones\"","isPartOf":{"@id":"https:\/\/experienciadevida.com.ar\/portalurbano\/#website"},"datePublished":"2020-10-15T19:09:18+00:00","dateModified":"2020-10-15T19:09:59+00:00","description":"L mesa de emergencia, emiti\u00f3 un comunicado sobre la lucha que vienen realizando desde hace varios d\u00edas en las carpas instaladas en la plaza","breadcrumb":{"@id":"https:\/\/experienciadevida.com.ar\/portalurbano\/mesa-de-emergencia-continuaremos-firmemente-en-nuestras-acciones\/#breadcrumb"},"inLanguage":"es","potentialAction":[{"@type":"ReadAction","target":["https:\/\/experienciadevida.com.ar\/portalurbano\/mesa-de-emergencia-continuaremos-firmemente-en-nuestras-acciones\/"]}]},{"@type":"BreadcrumbList","@id":"https:\/\/experienciadevida.com.ar\/portalurbano\/mesa-de-emergencia-continuaremos-firmemente-en-nuestras-acciones\/#breadcrumb","itemListElement":[{"@type":"ListItem","position":1,"name":"Portada","item":"https:\/\/experienciadevida.com.ar\/portalurbano\/"},{"@type":"ListItem","position":2,"name":"Mesa de emergencia: \u00abContinuaremos firmemente en nuestras acciones\u00bb"}]},{"@type":"WebSite","@id":"https:\/\/experienciadevida.com.ar\/portalurbano\/#website","url":"https:\/\/experienciadevida.com.ar\/portalurbano\/","name":"","description":"","publisher":{"@id":"https:\/\/experienciadevida.com.ar\/portalurbano\/#organization"},"potentialAction":[{"@type":"SearchAction","target":{"@type":"EntryPoint","urlTemplate":"https:\/\/experienciadevida.com.ar\/portalurbano\/?s={search_term_string}"},"query-input":"required name=search_term_string"}],"inLanguage":"es"},{"@type":"Organization","@id":"https:\/\/experienciadevida.com.ar\/portalurbano\/#organization","name":"Portal Urbano","url":"https:\/\/experienciadevida.com.ar\/portalurbano\/","logo":{"@type":"ImageObject","inLanguage":"es","@id":"https:\/\/experienciadevida.com.ar\/portalurbano\/#\/schema\/logo\/image\/","url":"https:\/\/experienciadevida.com.ar\/portalurbano\/wp-content\/uploads\/2019\/09\/Logo-Original.png","contentUrl":"https:\/\/experienciadevida.com.ar\/portalurbano\/wp-content\/uploads\/2019\/09\/Logo-Original.png","width":2236,"height":1216,"caption":"Portal Urbano"},"image":{"@id":"https:\/\/experienciadevida.com.ar\/portalurbano\/#\/schema\/logo\/image\/"},"sameAs":["https:\/\/www.facebook.com\/Portal-Urbano-171542830093757\/","https:\/\/twitter.com\/portalurbanook","https:\/\/www.instagram.com\/_portalurbano\/","https:\/\/www.youtube.com\/channel\/UCXhagIfszH8KxFiOok79zbA?view_as=subscriber"]},{"@type":"Person","@id":"https:\/\/experienciadevida.com.ar\/portalurbano\/#\/schema\/person\/02dd326b1c4b056e9cc972486934a3a7","name":"admpu17wp","image":{"@type":"ImageObject","inLanguage":"es","@id":"https:\/\/experienciadevida.com.ar\/portalurbano\/#\/schema\/person\/image\/","url":"https:\/\/secure.gravatar.com\/avatar\/830d4c57adaae6630765e449a6908047?s=96&d=mm&r=g","contentUrl":"https:\/\/secure.gravatar.com\/avatar\/830d4c57adaae6630765e449a6908047?s=96&d=mm&r=g","caption":"admpu17wp"}}]}},"featured_image_urls":{"full":["https:\/\/experienciadevida.com.ar\/portalurbano\/wp-content\/uploads\/2020\/10\/Mesa.jpeg",765,510,false],"thumbnail":["https:\/\/experienciadevida.com.ar\/portalurbano\/wp-content\/uploads\/2020\/10\/Mesa-150x150.jpeg",150,150,true],"medium":["https:\/\/experienciadevida.com.ar\/portalurbano\/wp-content\/uploads\/2020\/10\/Mesa-300x200.jpeg",300,200,true],"medium_large":["https:\/\/experienciadevida.com.ar\/portalurbano\/wp-content\/uploads\/2020\/10\/Mesa.jpeg",640,427,false],"large":["https:\/\/experienciadevida.com.ar\/portalurbano\/wp-content\/uploads\/2020\/10\/Mesa.jpeg",640,427,false],"ug_big":["https:\/\/experienciadevida.com.ar\/portalurbano\/wp-content\/uploads\/2020\/10\/Mesa.jpeg",765,510,false],"1536x1536":["https:\/\/experienciadevida.com.ar\/portalurbano\/wp-content\/uploads\/2020\/10\/Mesa.jpeg",765,510,false],"2048x2048":["https:\/\/experienciadevida.com.ar\/portalurbano\/wp-content\/uploads\/2020\/10\/Mesa.jpeg",765,510,false],"newsever-slider-full":["https:\/\/experienciadevida.com.ar\/portalurbano\/wp-content\/uploads\/2020\/10\/Mesa.jpeg",765,510,false],"newsever-featured":["https:\/\/experienciadevida.com.ar\/portalurbano\/wp-content\/uploads\/2020\/10\/Mesa.jpeg",765,510,false],"newsever-medium":["https:\/\/experienciadevida.com.ar\/portalurbano\/wp-content\/uploads\/2020\/10\/Mesa.jpeg",713,475,false],"web-stories-poster-portrait":["https:\/\/experienciadevida.com.ar\/portalurbano\/wp-content\/uploads\/2020\/10\/Mesa.jpeg",640,427,false],"web-stories-publisher-logo":["https:\/\/experienciadevida.com.ar\/portalurbano\/wp-content\/uploads\/2020\/10\/Mesa.jpeg",96,64,false],"web-stories-thumbnail":["https:\/\/experienciadevida.com.ar\/portalurbano\/wp-content\/uploads\/2020\/10\/Mesa.jpeg",150,100,false]},"author_info":{"display_name":"admpu17wp","author_link":"https:\/\/experienciadevida.com.ar\/portalurbano\/author\/admpu17wp\/"},"category_info":"<a href=\"https:\/\/experienciadevida.com.ar\/portalurbano\/category\/ciudad\/\" rel=\"category tag\">Ciudad<\/a> <a href=\"https:\/\/experienciadevida.com.ar\/portalurbano\/category\/destacadas\/\" rel=\"category tag\">Destacadas<\/a>","tag_info":"Destacadas","comment_count":"0","amp_enabled":true,"_links":{"self":[{"href":"https:\/\/experienciadevida.com.ar\/portalurbano\/wp-json\/wp\/v2\/posts\/124445"}],"collection":[{"href":"https:\/\/experienciadevida.com.ar\/portalurbano\/wp-json\/wp\/v2\/posts"}],"about":[{"href":"https:\/\/experienciadevida.com.ar\/portalurbano\/wp-json\/wp\/v2\/types\/post"}],"author":[{"embeddable":true,"href":"https:\/\/experienciadevida.com.ar\/portalurbano\/wp-json\/wp\/v2\/users\/1"}],"replies":[{"embeddable":true,"href":"https:\/\/experienciadevida.com.ar\/portalurbano\/wp-json\/wp\/v2\/comments?post=124445"}],"version-history":[{"count":2,"href":"https:\/\/experienciadevida.com.ar\/portalurbano\/wp-json\/wp\/v2\/posts\/124445\/revisions"}],"predecessor-version":[{"id":124448,"href":"https:\/\/experienciadevida.com.ar\/portalurbano\/wp-json\/wp\/v2\/posts\/124445\/revisions\/124448"}],"wp:featuredmedia":[{"embeddable":true,"href":"https:\/\/experienciadevida.com.ar\/portalurbano\/wp-json\/wp\/v2\/media\/124446"}],"wp:attachment":[{"href":"https:\/\/experienciadevida.com.ar\/portalurbano\/wp-json\/wp\/v2\/media?parent=124445"}],"wp:term":[{"taxonomy":"category","embeddable":true,"href":"https:\/\/experienciadevida.com.ar\/portalurbano\/wp-json\/wp\/v2\/categories?post=124445"},{"taxonomy":"post_tag","embeddable":true,"href":"https:\/\/experienciadevida.com.ar\/portalurbano\/wp-json\/wp\/v2\/tags?post=124445"}],"curies":[{"name":"wp","href":"https:\/\/api.w.org\/{rel}","templated":true}]}}