{"id":124429,"date":"2020-10-15T13:38:53","date_gmt":"2020-10-15T16:38:53","guid":{"rendered":"https:\/\/experienciadevida.com.ar\/portalurbano\/?p=124429"},"modified":"2020-10-15T13:49:59","modified_gmt":"2020-10-15T16:49:59","slug":"en-loma-negra-y-sierras-bayas-comenzo-el-programa-de-deteccion-intensiva","status":"publish","type":"post","link":"https:\/\/experienciadevida.com.ar\/portalurbano\/en-loma-negra-y-sierras-bayas-comenzo-el-programa-de-deteccion-intensiva\/","title":{"rendered":"En Loma Negra y Sierras Bayas comenz\u00f3 el Programa de Detecci\u00f3n Intensiva"},"content":{"rendered":"<p>En la ma\u00f1ana de este jueves comenz\u00f3, coordinado por la Secretar\u00eda de Salud del Municipio, el <strong>Programa de Detecci\u00f3n Intensiva<\/strong> de Covid-19.<\/p>\n<p><a href=\"https:\/\/experienciadevida.com.ar\/portalurbano\/en-loma-negra-y-sierras-bayas-comenzo-el-programa-de-deteccion-intensiva\/programa-de-deteccion\/\" rel=\"attachment wp-att-124433\"><img decoding=\"async\" class=\"alignnone size-full wp-image-124433\" src=\"https:\/\/experienciadevida.com.ar\/portalurbano\/wp-content\/uploads\/2020\/10\/Programa-de-deteccion.jpg\" alt=\"Programa de detecci\u00f3n\" width=\"1772\" height=\"1181\" srcset=\"https:\/\/experienciadevida.com.ar\/portalurbano\/wp-content\/uploads\/2020\/10\/Programa-de-deteccion.jpg 1772w, https:\/\/experienciadevida.com.ar\/portalurbano\/wp-content\/uploads\/2020\/10\/Programa-de-deteccion-300x200.jpg 300w, https:\/\/experienciadevida.com.ar\/portalurbano\/wp-content\/uploads\/2020\/10\/Programa-de-deteccion-1024x682.jpg 1024w, https:\/\/experienciadevida.com.ar\/portalurbano\/wp-content\/uploads\/2020\/10\/Programa-de-deteccion-768x512.jpg 768w, https:\/\/experienciadevida.com.ar\/portalurbano\/wp-content\/uploads\/2020\/10\/Programa-de-deteccion-1536x1024.jpg 1536w\" sizes=\"(max-width: 1772px) 100vw, 1772px\" \/><\/a><\/p>\n<p>Tal como se mencionara en anteriores oportunidades, el objetivo de este programa -que tendr\u00e1 una duraci\u00f3n de seis d\u00edas en diferentes sectores del Partido\u2013 se basa en la detecci\u00f3n temprana de casos sospechosos de Covid-19 y aislamiento precoz de los mismos y sus contactos estrechos.<\/p>\n<p>El n\u00famero de testeos que se realiz\u00f3 en esta jornada fue de 27 en Loma Negra y 19 en Sierras Bayas. El cronograma continuar\u00e1 este viernes en el CAPS de Colonia Hinojo (para vecinos de Colonia Hinojo e Hinojo) en el horario de 10 a 11 horas y en el CAPS de Sierra Chica en el horario de 12 a 13 horas.<\/p>\n<p><em>\u00a0\u201cEs importante para esta situaci\u00f3n que est\u00e1 atravesando epidemiol\u00f3gicamente el Partido de Olavarr\u00eda, poder duplicar la cantidad de testeos, o casi duplicarlos, depende el n\u00famero que termine siendo. Arrancamos por Loma Negra, Sierras Bayas y tambi\u00e9n se va a desarrollar en distintos barrios de la ciudad. Vamos a ir con este plan de testeos tambi\u00e9n a las localidades de Hinojo, Colonia Hinojo, Recalde y Espigas\u201d,\u00a0<\/em>explic\u00f3 Galli.<\/p>\n<p>Al mismo tiempo sostuvo que\u00a0<em>\u201cel equipo de salud plante\u00f3 esta posibilidad, es importante para tener una foto m\u00e1s precisa de la situaci\u00f3n y poder aislar a la mayor cantidad de gente, que es la \u00fanica forma que tenemos de evitar la propagaci\u00f3n\u201d.<\/em><\/p>\n<p>Por otra parte, aclar\u00f3 que\u00a0<em>\u201ctenemos un tiempo entre que se toma la muestra y se lleva al Laboratorio para analizar, ese tiempo es escaso, as\u00ed que tiene que estar muy coordinado todo, por eso tardamos una semana en preparar este plan de testeos\u201d.<\/em><\/p>\n<p>El Intendente \u2013en declaraciones period\u00edsticas en el <strong>programa de detecci\u00f3n intensiva<\/strong>&#8211; volvi\u00f3 a hacer hincapi\u00e9 nuevamente en las medidas b\u00e1sicas de prevenci\u00f3n frente al coronavirus <em>\u201cdepende de todos nosotros, de c\u00f3mo nos comportemos socialmente, tenemos que evitar las reuniones sociales y hacer nuestro trabajo con responsabilidad, con los cuidados necesarios: usar el tapabocas, distanciamiento social, lavarse las manos. Ante cualquier m\u00ednimo s\u00edntoma comunicarse con Epidemiolog\u00eda, con el equipo de Salud y de esa manera poder ir aislando\u201d.<\/em><\/p>\n<p>Al ser consultado sobre la permanencia de Olavarr\u00eda en Fase 4, <a href=\"https:\/\/www.facebook.com\/galliezequiel\/\">Galli\u00a0<\/a> -al igual que lo expresado en la \u00faltima conferencia de prensa brindada el pasado domingo- declar\u00f3 que\u00a0<em>\u201ccontinuar en esta Fase permite que encontremos un equilibrio entre lo sanitario, econ\u00f3mico y social, que es la premisa, siempre teniendo en cuenta que vamos a poner el mayor \u00e9nfasis en lo sanitario y en qu\u00e9 si tenemos un riesgo de colapso en el sistema sanitario voy a ser el primero en firmar un decreto para volver para atr\u00e1s y suspender actividades\u201d.<\/em><\/p>\n<p><a href=\"https:\/\/experienciadevida.com.ar\/portalurbano\/en-loma-negra-y-sierras-bayas-comenzo-el-programa-de-deteccion-intensiva\/programa-4\/\" rel=\"attachment wp-att-124434\"><img decoding=\"async\" class=\"alignnone size-full wp-image-124434\" src=\"https:\/\/experienciadevida.com.ar\/portalurbano\/wp-content\/uploads\/2020\/10\/Programa.jpg\" alt=\"Programa \" width=\"1772\" height=\"1181\" srcset=\"https:\/\/experienciadevida.com.ar\/portalurbano\/wp-content\/uploads\/2020\/10\/Programa.jpg 1772w, https:\/\/experienciadevida.com.ar\/portalurbano\/wp-content\/uploads\/2020\/10\/Programa-300x200.jpg 300w, https:\/\/experienciadevida.com.ar\/portalurbano\/wp-content\/uploads\/2020\/10\/Programa-1024x682.jpg 1024w, https:\/\/experienciadevida.com.ar\/portalurbano\/wp-content\/uploads\/2020\/10\/Programa-768x512.jpg 768w, https:\/\/experienciadevida.com.ar\/portalurbano\/wp-content\/uploads\/2020\/10\/Programa-1536x1024.jpg 1536w\" sizes=\"(max-width: 1772px) 100vw, 1772px\" \/><\/a><\/p>\n<p>Por su parte el secretario de Salud Germ\u00e1n Caputo, se refiri\u00f3 a la situaci\u00f3n hospitalaria, a ra\u00edz del <strong>programa de detecci\u00f3n intensiva<\/strong>. <em>\u201cEl Hospital est\u00e1 bien, la progresi\u00f3n es lo que no nos gusta, hay un giro cama alto del paciente COVID positivo, que nos retrasa ese ida y vuelta que hay con las altas, que hace que la ocupaci\u00f3n aumente\u201d,\u00a0<\/em>dijo.<\/p>\n<p><em>\u201cLos pacientes que est\u00e1n en Terapia con respirador son pacientes que est\u00e1n complejos, que son dif\u00edciles de manejar, hay un trabajo impresionante para que sigan evolucionando, pero hay dos que est\u00e1n en estado cr\u00edtico, y los que est\u00e1n en Cl\u00ednica COVID se encuentran estables, bien, sin descuidarse, y tratando de que vayan mejorando d\u00eda a d\u00eda\u201d,\u00a0<\/em>a\u00f1adi\u00f3.<\/p>\n","protected":false},"excerpt":{"rendered":"<p>En la ma\u00f1ana de este jueves comenz\u00f3, coordinado por la Secretar\u00eda de Salud del Municipio,&#8230;<\/p>\n","protected":false},"author":1,"featured_media":124430,"comment_status":"closed","ping_status":"closed","sticky":false,"template":"","format":"standard","meta":{"content-type":""},"categories":[51,45],"tags":[],"nelio_content":{"isAutoShareEnabled":false,"autoShareEndMode":"default","automationSources":{"useContentSentences":true,"useSocialTemplates":true,"useCustomSentences":false,"customSentences":[]},"followers":[1],"suggestedReferences":[],"includedReferences":[],"efiUrl":"","efiAlt":"","highlights":[]},"yoast_head":"<!-- This site is optimized with the Yoast SEO plugin v20.7 - https:\/\/yoast.com\/wordpress\/plugins\/seo\/ -->\n<title>En loma negra y S. Bayas comenz\u00f3 el programa de detecci\u00f3n intensiva<\/title>\n<meta name=\"description\" content=\"Comenz\u00f3 el programa de detecci\u00f3n intensiva, en la localdad de Loma Negra y Sierras Bayas este jueves, por la Secretar\u00eda de Salud\" \/>\n<meta name=\"robots\" content=\"index, follow, max-snippet:-1, max-image-preview:large, max-video-preview:-1\" \/>\n<link rel=\"canonical\" href=\"https:\/\/experienciadevida.com.ar\/portalurbano\/en-loma-negra-y-sierras-bayas-comenzo-el-programa-de-deteccion-intensiva\/\" \/>\n<meta property=\"og:locale\" content=\"es_ES\" \/>\n<meta property=\"og:type\" content=\"article\" \/>\n<meta property=\"og:title\" content=\"En loma negra y S. Bayas comenz\u00f3 el programa de detecci\u00f3n intensiva\" \/>\n<meta property=\"og:description\" content=\"Comenz\u00f3 el programa de detecci\u00f3n intensiva, en la localdad de Loma Negra y Sierras Bayas este jueves, por la Secretar\u00eda de Salud\" \/>\n<meta property=\"og:url\" content=\"https:\/\/experienciadevida.com.ar\/portalurbano\/en-loma-negra-y-sierras-bayas-comenzo-el-programa-de-deteccion-intensiva\/\" \/>\n<meta property=\"article:publisher\" content=\"https:\/\/www.facebook.com\/Portal-Urbano-171542830093757\/\" \/>\n<meta property=\"article:published_time\" content=\"2020-10-15T16:38:53+00:00\" \/>\n<meta property=\"article:modified_time\" content=\"2020-10-15T16:49:59+00:00\" \/>\n<meta property=\"og:image\" content=\"https:\/\/experienciadevida.com.ar\/portalurbano\/wp-content\/uploads\/2020\/10\/Programa-de-deteccion-intensiva.jpg\" \/>\n\t<meta property=\"og:image:width\" content=\"1772\" \/>\n\t<meta property=\"og:image:height\" content=\"1181\" \/>\n\t<meta property=\"og:image:type\" content=\"image\/jpeg\" \/>\n<meta name=\"author\" content=\"admpu17wp\" \/>\n<meta name=\"twitter:card\" content=\"summary_large_image\" \/>\n<meta name=\"twitter:creator\" content=\"@portalurbanook\" \/>\n<meta name=\"twitter:site\" content=\"@portalurbanook\" \/>\n<meta name=\"twitter:label1\" content=\"Escrito por\" \/>\n\t<meta name=\"twitter:data1\" content=\"admpu17wp\" \/>\n\t<meta name=\"twitter:label2\" content=\"Tiempo de lectura\" \/>\n\t<meta name=\"twitter:data2\" content=\"3 minutos\" \/>\n<script type=\"application\/ld+json\" class=\"yoast-schema-graph\">{\"@context\":\"https:\/\/schema.org\",\"@graph\":[{\"@type\":\"Article\",\"@id\":\"https:\/\/experienciadevida.com.ar\/portalurbano\/en-loma-negra-y-sierras-bayas-comenzo-el-programa-de-deteccion-intensiva\/#article\",\"isPartOf\":{\"@id\":\"https:\/\/experienciadevida.com.ar\/portalurbano\/en-loma-negra-y-sierras-bayas-comenzo-el-programa-de-deteccion-intensiva\/\"},\"author\":{\"name\":\"admpu17wp\",\"@id\":\"https:\/\/experienciadevida.com.ar\/portalurbano\/#\/schema\/person\/02dd326b1c4b056e9cc972486934a3a7\"},\"headline\":\"En Loma Negra y Sierras Bayas comenz\u00f3 el Programa de Detecci\u00f3n Intensiva\",\"datePublished\":\"2020-10-15T16:38:53+00:00\",\"dateModified\":\"2020-10-15T16:49:59+00:00\",\"mainEntityOfPage\":{\"@id\":\"https:\/\/experienciadevida.com.ar\/portalurbano\/en-loma-negra-y-sierras-bayas-comenzo-el-programa-de-deteccion-intensiva\/\"},\"wordCount\":619,\"publisher\":{\"@id\":\"https:\/\/experienciadevida.com.ar\/portalurbano\/#organization\"},\"articleSection\":[\"Destacadas\",\"Salud\"],\"inLanguage\":\"es\"},{\"@type\":\"WebPage\",\"@id\":\"https:\/\/experienciadevida.com.ar\/portalurbano\/en-loma-negra-y-sierras-bayas-comenzo-el-programa-de-deteccion-intensiva\/\",\"url\":\"https:\/\/experienciadevida.com.ar\/portalurbano\/en-loma-negra-y-sierras-bayas-comenzo-el-programa-de-deteccion-intensiva\/\",\"name\":\"En loma negra y S. Bayas comenz\u00f3 el programa de detecci\u00f3n intensiva\",\"isPartOf\":{\"@id\":\"https:\/\/experienciadevida.com.ar\/portalurbano\/#website\"},\"datePublished\":\"2020-10-15T16:38:53+00:00\",\"dateModified\":\"2020-10-15T16:49:59+00:00\",\"description\":\"Comenz\u00f3 el programa de detecci\u00f3n intensiva, en la localdad de Loma Negra y Sierras Bayas este jueves, por la Secretar\u00eda de Salud\",\"breadcrumb\":{\"@id\":\"https:\/\/experienciadevida.com.ar\/portalurbano\/en-loma-negra-y-sierras-bayas-comenzo-el-programa-de-deteccion-intensiva\/#breadcrumb\"},\"inLanguage\":\"es\",\"potentialAction\":[{\"@type\":\"ReadAction\",\"target\":[\"https:\/\/experienciadevida.com.ar\/portalurbano\/en-loma-negra-y-sierras-bayas-comenzo-el-programa-de-deteccion-intensiva\/\"]}]},{\"@type\":\"BreadcrumbList\",\"@id\":\"https:\/\/experienciadevida.com.ar\/portalurbano\/en-loma-negra-y-sierras-bayas-comenzo-el-programa-de-deteccion-intensiva\/#breadcrumb\",\"itemListElement\":[{\"@type\":\"ListItem\",\"position\":1,\"name\":\"Portada\",\"item\":\"https:\/\/experienciadevida.com.ar\/portalurbano\/\"},{\"@type\":\"ListItem\",\"position\":2,\"name\":\"En Loma Negra y Sierras Bayas comenz\u00f3 el Programa de Detecci\u00f3n Intensiva\"}]},{\"@type\":\"WebSite\",\"@id\":\"https:\/\/experienciadevida.com.ar\/portalurbano\/#website\",\"url\":\"https:\/\/experienciadevida.com.ar\/portalurbano\/\",\"name\":\"\",\"description\":\"\",\"publisher\":{\"@id\":\"https:\/\/experienciadevida.com.ar\/portalurbano\/#organization\"},\"potentialAction\":[{\"@type\":\"SearchAction\",\"target\":{\"@type\":\"EntryPoint\",\"urlTemplate\":\"https:\/\/experienciadevida.com.ar\/portalurbano\/?s={search_term_string}\"},\"query-input\":\"required name=search_term_string\"}],\"inLanguage\":\"es\"},{\"@type\":\"Organization\",\"@id\":\"https:\/\/experienciadevida.com.ar\/portalurbano\/#organization\",\"name\":\"Portal Urbano\",\"url\":\"https:\/\/experienciadevida.com.ar\/portalurbano\/\",\"logo\":{\"@type\":\"ImageObject\",\"inLanguage\":\"es\",\"@id\":\"https:\/\/experienciadevida.com.ar\/portalurbano\/#\/schema\/logo\/image\/\",\"url\":\"https:\/\/experienciadevida.com.ar\/portalurbano\/wp-content\/uploads\/2019\/09\/Logo-Original.png\",\"contentUrl\":\"https:\/\/experienciadevida.com.ar\/portalurbano\/wp-content\/uploads\/2019\/09\/Logo-Original.png\",\"width\":2236,\"height\":1216,\"caption\":\"Portal Urbano\"},\"image\":{\"@id\":\"https:\/\/experienciadevida.com.ar\/portalurbano\/#\/schema\/logo\/image\/\"},\"sameAs\":[\"https:\/\/www.facebook.com\/Portal-Urbano-171542830093757\/\",\"https:\/\/twitter.com\/portalurbanook\",\"https:\/\/www.instagram.com\/_portalurbano\/\",\"https:\/\/www.youtube.com\/channel\/UCXhagIfszH8KxFiOok79zbA?view_as=subscriber\"]},{\"@type\":\"Person\",\"@id\":\"https:\/\/experienciadevida.com.ar\/portalurbano\/#\/schema\/person\/02dd326b1c4b056e9cc972486934a3a7\",\"name\":\"admpu17wp\",\"image\":{\"@type\":\"ImageObject\",\"inLanguage\":\"es\",\"@id\":\"https:\/\/experienciadevida.com.ar\/portalurbano\/#\/schema\/person\/image\/\",\"url\":\"https:\/\/secure.gravatar.com\/avatar\/830d4c57adaae6630765e449a6908047?s=96&d=mm&r=g\",\"contentUrl\":\"https:\/\/secure.gravatar.com\/avatar\/830d4c57adaae6630765e449a6908047?s=96&d=mm&r=g\",\"caption\":\"admpu17wp\"}}]}<\/script>\n<!-- \/ Yoast SEO plugin. -->","yoast_head_json":{"title":"En loma negra y S. Bayas comenz\u00f3 el programa de detecci\u00f3n intensiva","description":"Comenz\u00f3 el programa de detecci\u00f3n intensiva, en la localdad de Loma Negra y Sierras Bayas este jueves, por la Secretar\u00eda de Salud","robots":{"index":"index","follow":"follow","max-snippet":"max-snippet:-1","max-image-preview":"max-image-preview:large","max-video-preview":"max-video-preview:-1"},"canonical":"https:\/\/experienciadevida.com.ar\/portalurbano\/en-loma-negra-y-sierras-bayas-comenzo-el-programa-de-deteccion-intensiva\/","og_locale":"es_ES","og_type":"article","og_title":"En loma negra y S. Bayas comenz\u00f3 el programa de detecci\u00f3n intensiva","og_description":"Comenz\u00f3 el programa de detecci\u00f3n intensiva, en la localdad de Loma Negra y Sierras Bayas este jueves, por la Secretar\u00eda de Salud","og_url":"https:\/\/experienciadevida.com.ar\/portalurbano\/en-loma-negra-y-sierras-bayas-comenzo-el-programa-de-deteccion-intensiva\/","article_publisher":"https:\/\/www.facebook.com\/Portal-Urbano-171542830093757\/","article_published_time":"2020-10-15T16:38:53+00:00","article_modified_time":"2020-10-15T16:49:59+00:00","og_image":[{"width":1772,"height":1181,"url":"https:\/\/experienciadevida.com.ar\/portalurbano\/wp-content\/uploads\/2020\/10\/Programa-de-deteccion-intensiva.jpg","type":"image\/jpeg"}],"author":"admpu17wp","twitter_card":"summary_large_image","twitter_creator":"@portalurbanook","twitter_site":"@portalurbanook","twitter_misc":{"Escrito por":"admpu17wp","Tiempo de lectura":"3 minutos"},"schema":{"@context":"https:\/\/schema.org","@graph":[{"@type":"Article","@id":"https:\/\/experienciadevida.com.ar\/portalurbano\/en-loma-negra-y-sierras-bayas-comenzo-el-programa-de-deteccion-intensiva\/#article","isPartOf":{"@id":"https:\/\/experienciadevida.com.ar\/portalurbano\/en-loma-negra-y-sierras-bayas-comenzo-el-programa-de-deteccion-intensiva\/"},"author":{"name":"admpu17wp","@id":"https:\/\/experienciadevida.com.ar\/portalurbano\/#\/schema\/person\/02dd326b1c4b056e9cc972486934a3a7"},"headline":"En Loma Negra y Sierras Bayas comenz\u00f3 el Programa de Detecci\u00f3n Intensiva","datePublished":"2020-10-15T16:38:53+00:00","dateModified":"2020-10-15T16:49:59+00:00","mainEntityOfPage":{"@id":"https:\/\/experienciadevida.com.ar\/portalurbano\/en-loma-negra-y-sierras-bayas-comenzo-el-programa-de-deteccion-intensiva\/"},"wordCount":619,"publisher":{"@id":"https:\/\/experienciadevida.com.ar\/portalurbano\/#organization"},"articleSection":["Destacadas","Salud"],"inLanguage":"es"},{"@type":"WebPage","@id":"https:\/\/experienciadevida.com.ar\/portalurbano\/en-loma-negra-y-sierras-bayas-comenzo-el-programa-de-deteccion-intensiva\/","url":"https:\/\/experienciadevida.com.ar\/portalurbano\/en-loma-negra-y-sierras-bayas-comenzo-el-programa-de-deteccion-intensiva\/","name":"En loma negra y S. Bayas comenz\u00f3 el programa de detecci\u00f3n intensiva","isPartOf":{"@id":"https:\/\/experienciadevida.com.ar\/portalurbano\/#website"},"datePublished":"2020-10-15T16:38:53+00:00","dateModified":"2020-10-15T16:49:59+00:00","description":"Comenz\u00f3 el programa de detecci\u00f3n intensiva, en la localdad de Loma Negra y Sierras Bayas este jueves, por la Secretar\u00eda de Salud","breadcrumb":{"@id":"https:\/\/experienciadevida.com.ar\/portalurbano\/en-loma-negra-y-sierras-bayas-comenzo-el-programa-de-deteccion-intensiva\/#breadcrumb"},"inLanguage":"es","potentialAction":[{"@type":"ReadAction","target":["https:\/\/experienciadevida.com.ar\/portalurbano\/en-loma-negra-y-sierras-bayas-comenzo-el-programa-de-deteccion-intensiva\/"]}]},{"@type":"BreadcrumbList","@id":"https:\/\/experienciadevida.com.ar\/portalurbano\/en-loma-negra-y-sierras-bayas-comenzo-el-programa-de-deteccion-intensiva\/#breadcrumb","itemListElement":[{"@type":"ListItem","position":1,"name":"Portada","item":"https:\/\/experienciadevida.com.ar\/portalurbano\/"},{"@type":"ListItem","position":2,"name":"En Loma Negra y Sierras Bayas comenz\u00f3 el Programa de Detecci\u00f3n Intensiva"}]},{"@type":"WebSite","@id":"https:\/\/experienciadevida.com.ar\/portalurbano\/#website","url":"https:\/\/experienciadevida.com.ar\/portalurbano\/","name":"","description":"","publisher":{"@id":"https:\/\/experienciadevida.com.ar\/portalurbano\/#organization"},"potentialAction":[{"@type":"SearchAction","target":{"@type":"EntryPoint","urlTemplate":"https:\/\/experienciadevida.com.ar\/portalurbano\/?s={search_term_string}"},"query-input":"required name=search_term_string"}],"inLanguage":"es"},{"@type":"Organization","@id":"https:\/\/experienciadevida.com.ar\/portalurbano\/#organization","name":"Portal Urbano","url":"https:\/\/experienciadevida.com.ar\/portalurbano\/","logo":{"@type":"ImageObject","inLanguage":"es","@id":"https:\/\/experienciadevida.com.ar\/portalurbano\/#\/schema\/logo\/image\/","url":"https:\/\/experienciadevida.com.ar\/portalurbano\/wp-content\/uploads\/2019\/09\/Logo-Original.png","contentUrl":"https:\/\/experienciadevida.com.ar\/portalurbano\/wp-content\/uploads\/2019\/09\/Logo-Original.png","width":2236,"height":1216,"caption":"Portal Urbano"},"image":{"@id":"https:\/\/experienciadevida.com.ar\/portalurbano\/#\/schema\/logo\/image\/"},"sameAs":["https:\/\/www.facebook.com\/Portal-Urbano-171542830093757\/","https:\/\/twitter.com\/portalurbanook","https:\/\/www.instagram.com\/_portalurbano\/","https:\/\/www.youtube.com\/channel\/UCXhagIfszH8KxFiOok79zbA?view_as=subscriber"]},{"@type":"Person","@id":"https:\/\/experienciadevida.com.ar\/portalurbano\/#\/schema\/person\/02dd326b1c4b056e9cc972486934a3a7","name":"admpu17wp","image":{"@type":"ImageObject","inLanguage":"es","@id":"https:\/\/experienciadevida.com.ar\/portalurbano\/#\/schema\/person\/image\/","url":"https:\/\/secure.gravatar.com\/avatar\/830d4c57adaae6630765e449a6908047?s=96&d=mm&r=g","contentUrl":"https:\/\/secure.gravatar.com\/avatar\/830d4c57adaae6630765e449a6908047?s=96&d=mm&r=g","caption":"admpu17wp"}}]}},"featured_image_urls":{"full":["https:\/\/experienciadevida.com.ar\/portalurbano\/wp-content\/uploads\/2020\/10\/Programa-de-deteccion-intensiva.jpg",1772,1181,false],"thumbnail":["https:\/\/experienciadevida.com.ar\/portalurbano\/wp-content\/uploads\/2020\/10\/Programa-de-deteccion-intensiva-150x150.jpg",150,150,true],"medium":["https:\/\/experienciadevida.com.ar\/portalurbano\/wp-content\/uploads\/2020\/10\/Programa-de-deteccion-intensiva-300x200.jpg",300,200,true],"medium_large":["https:\/\/experienciadevida.com.ar\/portalurbano\/wp-content\/uploads\/2020\/10\/Programa-de-deteccion-intensiva-768x512.jpg",640,427,true],"large":["https:\/\/experienciadevida.com.ar\/portalurbano\/wp-content\/uploads\/2020\/10\/Programa-de-deteccion-intensiva-1024x682.jpg",640,426,true],"ug_big":["https:\/\/experienciadevida.com.ar\/portalurbano\/wp-content\/uploads\/2020\/10\/Programa-de-deteccion-intensiva-768x512.jpg",768,512,true],"1536x1536":["https:\/\/experienciadevida.com.ar\/portalurbano\/wp-content\/uploads\/2020\/10\/Programa-de-deteccion-intensiva-1536x1024.jpg",1536,1024,true],"2048x2048":["https:\/\/experienciadevida.com.ar\/portalurbano\/wp-content\/uploads\/2020\/10\/Programa-de-deteccion-intensiva.jpg",1772,1181,false],"newsever-slider-full":["https:\/\/experienciadevida.com.ar\/portalurbano\/wp-content\/uploads\/2020\/10\/Programa-de-deteccion-intensiva.jpg",1268,845,false],"newsever-featured":["https:\/\/experienciadevida.com.ar\/portalurbano\/wp-content\/uploads\/2020\/10\/Programa-de-deteccion-intensiva.jpg",1024,682,false],"newsever-medium":["https:\/\/experienciadevida.com.ar\/portalurbano\/wp-content\/uploads\/2020\/10\/Programa-de-deteccion-intensiva.jpg",713,475,false],"web-stories-poster-portrait":["https:\/\/experienciadevida.com.ar\/portalurbano\/wp-content\/uploads\/2020\/10\/Programa-de-deteccion-intensiva.jpg",640,427,false],"web-stories-publisher-logo":["https:\/\/experienciadevida.com.ar\/portalurbano\/wp-content\/uploads\/2020\/10\/Programa-de-deteccion-intensiva.jpg",96,64,false],"web-stories-thumbnail":["https:\/\/experienciadevida.com.ar\/portalurbano\/wp-content\/uploads\/2020\/10\/Programa-de-deteccion-intensiva.jpg",150,100,false]},"author_info":{"display_name":"admpu17wp","author_link":"https:\/\/experienciadevida.com.ar\/portalurbano\/author\/admpu17wp\/"},"category_info":"<a href=\"https:\/\/experienciadevida.com.ar\/portalurbano\/category\/destacadas\/\" rel=\"category tag\">Destacadas<\/a> <a href=\"https:\/\/experienciadevida.com.ar\/portalurbano\/category\/ciudad\/salud\/\" rel=\"category tag\">Salud<\/a>","tag_info":"Salud","comment_count":"0","amp_enabled":true,"_links":{"self":[{"href":"https:\/\/experienciadevida.com.ar\/portalurbano\/wp-json\/wp\/v2\/posts\/124429"}],"collection":[{"href":"https:\/\/experienciadevida.com.ar\/portalurbano\/wp-json\/wp\/v2\/posts"}],"about":[{"href":"https:\/\/experienciadevida.com.ar\/portalurbano\/wp-json\/wp\/v2\/types\/post"}],"author":[{"embeddable":true,"href":"https:\/\/experienciadevida.com.ar\/portalurbano\/wp-json\/wp\/v2\/users\/1"}],"replies":[{"embeddable":true,"href":"https:\/\/experienciadevida.com.ar\/portalurbano\/wp-json\/wp\/v2\/comments?post=124429"}],"version-history":[{"count":3,"href":"https:\/\/experienciadevida.com.ar\/portalurbano\/wp-json\/wp\/v2\/posts\/124429\/revisions"}],"predecessor-version":[{"id":124435,"href":"https:\/\/experienciadevida.com.ar\/portalurbano\/wp-json\/wp\/v2\/posts\/124429\/revisions\/124435"}],"wp:featuredmedia":[{"embeddable":true,"href":"https:\/\/experienciadevida.com.ar\/portalurbano\/wp-json\/wp\/v2\/media\/124430"}],"wp:attachment":[{"href":"https:\/\/experienciadevida.com.ar\/portalurbano\/wp-json\/wp\/v2\/media?parent=124429"}],"wp:term":[{"taxonomy":"category","embeddable":true,"href":"https:\/\/experienciadevida.com.ar\/portalurbano\/wp-json\/wp\/v2\/categories?post=124429"},{"taxonomy":"post_tag","embeddable":true,"href":"https:\/\/experienciadevida.com.ar\/portalurbano\/wp-json\/wp\/v2\/tags?post=124429"}],"curies":[{"name":"wp","href":"https:\/\/api.w.org\/{rel}","templated":true}]}}